{"id":26293,"date":"2025-03-05T10:06:34","date_gmt":"2025-03-05T09:06:34","guid":{"rendered":"https:\/\/comune.santacroce.pi.it\/oldsite\/?p=26293"},"modified":"2025-03-05T11:49:05","modified_gmt":"2025-03-05T10:49:05","slug":"avviso-interruzione-energia-elettrica-nei-giorni-mercoledi-5-marzo-e-giovedi-6-marzo","status":"publish","type":"post","link":"https:\/\/comune.santacroce.pi.it\/oldsite\/avviso-interruzione-energia-elettrica-nei-giorni-mercoledi-5-marzo-e-giovedi-6-marzo\/","title":{"rendered":"Avviso interruzione energia elettrica nei giorni mercoled\u00ec 5 marzo e gioved\u00ec 6 marzo"},"content":{"rendered":"<div dir=\"auto\"><img decoding=\"async\" class=\"an1\" src=\"https:\/\/fonts.gstatic.com\/s\/e\/notoemoji\/16.0\/26a0_fe0f\/32.png\" alt=\"\u26a0\ufe0f\" data-emoji=\"\u26a0\ufe0f\" aria-label=\"\u26a0\ufe0f\" \/><img decoding=\"async\" class=\"an1\" src=\"https:\/\/fonts.gstatic.com\/s\/e\/notoemoji\/16.0\/1f4a1\/32.png\" alt=\"\ud83d\udca1\" data-emoji=\"\ud83d\udca1\" aria-label=\"\ud83d\udca1\" \/>\u00a0\ud835\uddd4\ud835\ude03\ud835\ude03\ud835\uddf6\ud835\ude00\ud835\uddfc \ud835\uddf6\ud835\uddfb\ud835\ude01\ud835\uddf2\ud835\uddff\ud835\uddff\ud835\ude02\ud835\ude07\ud835\uddf6\ud835\uddfc\ud835\uddfb\ud835\uddf2 \ud835\uddf2\ud835\uddfb\ud835\uddf2\ud835\uddff\ud835\uddf4\ud835\uddf6\ud835\uddee \ud835\uddf2\ud835\uddf9\ud835\uddf2\ud835\ude01\ud835\ude01\ud835\uddff\ud835\uddf6\ud835\uddf0\ud835\uddee<\/div>\n<div dir=\"auto\"><\/div>\n<div dir=\"auto\">E-distribuzione spa comunica che <strong>mercoled\u00ec 5 marzo e<\/strong> <strong>gioved\u00ec 6 marzo <\/strong><strong>2025 si verificheranno interruzioni di energia elettrica e nello specifico:<\/strong><\/div>\n<div dir=\"auto\"><\/div>\n<div dir=\"auto\"><\/div>\n<div dir=\"auto\"><\/div>\n<div dir=\"auto\"><strong> mercoled\u00ec 5 marzo dalle ore 9:00 alle ore 16:30<\/strong>\u00a0(gli intervalli dei civici sono raggruppati per numeri dispari e numeri pari):<\/div>\n<div dir=\"auto\"><\/div>\n<div dir=\"auto\"><img decoding=\"async\" class=\"an1\" src=\"https:\/\/fonts.gstatic.com\/s\/e\/notoemoji\/16.0\/1f449\/32.png\" alt=\"\ud83d\udc49\" data-emoji=\"\ud83d\udc49\" aria-label=\"\ud83d\udc49\" \/>\u00a0Via del Bosco &#8211; da 3 a 5, da 11 a 13, 17, da 31 a 33, 37, 1a, 9b, 31a, 31b, 31c, 35a, da 4 a 6, da 10 a 12, 18 , 24, da 28 a 30, 34, 38, 42, 20\/22, sn<\/div>\n<div dir=\"auto\"><\/div>\n<div dir=\"auto\"><img decoding=\"async\" class=\"an1\" src=\"https:\/\/fonts.gstatic.com\/s\/e\/notoemoji\/16.0\/1f449\/32.png\" alt=\"\ud83d\udc49\" data-emoji=\"\ud83d\udc49\" aria-label=\"\ud83d\udc49\" \/>\u00a0Via F.lli Pallesi &#8211; 5b, da 4 a 8, da 20 a 24, 4a, 4b, 4c, 6a, 6b, 6c, 6d, fibra<\/div>\n<div dir=\"auto\"><\/div>\n<div dir=\"auto\"><img decoding=\"async\" class=\"an1\" src=\"https:\/\/fonts.gstatic.com\/s\/e\/notoemoji\/16.0\/1f449\/32.png\" alt=\"\ud83d\udc49\" data-emoji=\"\ud83d\udc49\" aria-label=\"\ud83d\udc49\" \/>\u00a0Via XXV Aprile &#8211; da 6 a 8, 2a, 2, 2c, 4a, 4\/c, 10a<\/div>\n<div dir=\"auto\"><\/div>\n<div dir=\"auto\"><img decoding=\"async\" class=\"an1\" src=\"https:\/\/fonts.gstatic.com\/s\/e\/notoemoji\/16.0\/1f449\/32.png\" alt=\"\ud83d\udc49\" data-emoji=\"\ud83d\udc49\" aria-label=\"\ud83d\udc49\" \/>\u00a0P.zza dei Partigiani &#8211; 3, 11, da 4 a 6, 12, cant, sn<\/div>\n<div dir=\"auto\"><\/div>\n<div dir=\"auto\"><img decoding=\"async\" class=\"an1\" src=\"https:\/\/fonts.gstatic.com\/s\/e\/notoemoji\/16.0\/1f449\/32.png\" alt=\"\ud83d\udc49\" data-emoji=\"\ud83d\udc49\" aria-label=\"\ud83d\udc49\" \/>\u00a0Corte Casinaie &#8211; da 5 a 9, da 4 a 10, 6a, sn<\/div>\n<div dir=\"auto\"><\/div>\n<div dir=\"auto\"><img decoding=\"async\" class=\"an1\" src=\"https:\/\/fonts.gstatic.com\/s\/e\/notoemoji\/16.0\/1f449\/32.png\" alt=\"\ud83d\udc49\" data-emoji=\"\ud83d\udc49\" aria-label=\"\ud83d\udc49\" \/>\u00a0Via Modigliani &#8211; da 1 a 5, da 9 a 15, 15p<\/div>\n<div dir=\"auto\"><\/div>\n<div dir=\"auto\"><img decoding=\"async\" class=\"an1\" src=\"https:\/\/fonts.gstatic.com\/s\/e\/notoemoji\/16.0\/1f449\/32.png\" alt=\"\ud83d\udc49\" data-emoji=\"\ud83d\udc49\" aria-label=\"\ud83d\udc49\" \/>\u00a0Via Garcia Lorca &#8211; da 1 a 5, 9, 13, 19, 23<\/div>\n<div dir=\"auto\"><\/div>\n<div dir=\"auto\"><img decoding=\"async\" class=\"an1\" src=\"https:\/\/fonts.gstatic.com\/s\/e\/notoemoji\/16.0\/1f449\/32.png\" alt=\"\ud83d\udc49\" data-emoji=\"\ud83d\udc49\" aria-label=\"\ud83d\udc49\" \/>\u00a0P.zza F.lli Cervi &#8211; da 1 a 11, da 8 a 10<\/div>\n<div dir=\"auto\"><\/div>\n<div dir=\"auto\"><img decoding=\"async\" class=\"an1\" src=\"https:\/\/fonts.gstatic.com\/s\/e\/notoemoji\/16.0\/1f449\/32.png\" alt=\"\ud83d\udc49\" data-emoji=\"\ud83d\udc49\" aria-label=\"\ud83d\udc49\" \/>\u00a0Via Allende &#8211; 3, da 9 a 11, 15<\/div>\n<div dir=\"auto\"><\/div>\n<div dir=\"auto\"><img decoding=\"async\" class=\"an1\" src=\"https:\/\/fonts.gstatic.com\/s\/e\/notoemoji\/16.0\/1f449\/32.png\" alt=\"\ud83d\udc49\" data-emoji=\"\ud83d\udc49\" aria-label=\"\ud83d\udc49\" \/>\u00a0Via Cansanis &#8211; 8, 14, 1012<\/div>\n<div dir=\"auto\"><\/div>\n<div dir=\"auto\"><img decoding=\"async\" class=\"an1\" src=\"https:\/\/fonts.gstatic.com\/s\/e\/notoemoji\/16.0\/1f449\/32.png\" alt=\"\ud83d\udc49\" data-emoji=\"\ud83d\udc49\" aria-label=\"\ud83d\udc49\" \/>\u00a0Via Gori &#8211; 11, 9p<\/div>\n<div dir=\"auto\"><\/div>\n<div dir=\"auto\"><\/div>\n<div dir=\"auto\"><\/div>\n<div dir=\"auto\"><\/div>\n<div dir=\"auto\"><strong>gioved\u00ec 6 marzo 2025 dalle ore 9:00 alle ore 14:00<\/strong>\u00a0(gli intervalli dei civici sono raggruppati per numeri dispari e numeri pari):<\/div>\n<div dir=\"auto\"><\/div>\n<div dir=\"auto\"><img decoding=\"async\" class=\"an1\" src=\"https:\/\/fonts.gstatic.com\/s\/e\/notoemoji\/16.0\/1f449\/32.png\" alt=\"\ud83d\udc49\" data-emoji=\"\ud83d\udc49\" aria-label=\"\ud83d\udc49\" \/>\u00a0Corso Mazzini &#8211; da 1 a 9, 13, da 19 a 21, da 25 a 27, da 33 a 35, 39, 43, da 49 a 59, 63, da 67 a 69, da 73 a 75, 23b, 39a, da 6 a 22, da 26 a 30, da 34 a 38, da 42 a 52, 56, 62, 20bis, 32a, sn<\/div>\n<div dir=\"auto\"><\/div>\n<div dir=\"auto\"><img decoding=\"async\" class=\"an1\" src=\"https:\/\/fonts.gstatic.com\/s\/e\/notoemoji\/16.0\/1f449\/32.png\" alt=\"\ud83d\udc49\" data-emoji=\"\ud83d\udc49\" aria-label=\"\ud83d\udc49\" \/>\u00a0via Carducci &#8211; da 5 a 17, da 23 a 25, 29, da 33 a 35, 39, da 47 a 49, 53, da 61 a 65, da 2 a 6, da 10 a 14, da 22 a 36, 14a, sn, cant<\/div>\n<div dir=\"auto\"><\/div>\n<div dir=\"auto\"><img decoding=\"async\" class=\"an1\" src=\"https:\/\/fonts.gstatic.com\/s\/e\/notoemoji\/16.0\/1f449\/32.png\" alt=\"\ud83d\udc49\" data-emoji=\"\ud83d\udc49\" aria-label=\"\ud83d\udc49\" \/>\u00a0via Santa Cristiana &#8211; 3, 9, da 13 a 17, 21, 25, da 29 a 35, da 39 a 41, 45, da 49 a 51, da 6 a 22, da 30 a 32, da 36 a 38, da 42 a 46<\/div>\n<div dir=\"auto\"><\/div>\n<div dir=\"auto\"><img decoding=\"async\" class=\"an1\" src=\"https:\/\/fonts.gstatic.com\/s\/e\/notoemoji\/16.0\/1f449\/32.png\" alt=\"\ud83d\udc49\" data-emoji=\"\ud83d\udc49\" aria-label=\"\ud83d\udc49\" \/>\u00a0via Genovesi &#8211; da 1 a 3, 7, da 23 a 29, 29a, da 2 a 8, da 32 a 34, 38<\/div>\n<div dir=\"auto\"><\/div>\n<div dir=\"auto\"><img decoding=\"async\" class=\"an1\" src=\"https:\/\/fonts.gstatic.com\/s\/e\/notoemoji\/16.0\/1f449\/32.png\" alt=\"\ud83d\udc49\" data-emoji=\"\ud83d\udc49\" aria-label=\"\ud83d\udc49\" \/>\u00a0via F.lli Rosselli &#8211; 1, 5, da 13 a 15, 7a, 9a, 2, 12, 22, 2a, 14p, 16p<\/div>\n<div dir=\"auto\"><\/div>\n<div dir=\"auto\"><img decoding=\"async\" class=\"an1\" src=\"https:\/\/fonts.gstatic.com\/s\/e\/notoemoji\/16.0\/1f449\/32.png\" alt=\"\ud83d\udc49\" data-emoji=\"\ud83d\udc49\" aria-label=\"\ud83d\udc49\" \/>\u00a0via Leoni &#8211; da 3 a 7, 11, 15, 21, 25, 5p, 2, da 6 a 10, 2a<\/div>\n<div dir=\"auto\"><\/div>\n<div dir=\"auto\"><img decoding=\"async\" class=\"an1\" src=\"https:\/\/fonts.gstatic.com\/s\/e\/notoemoji\/16.0\/1f449\/32.png\" alt=\"\ud83d\udc49\" data-emoji=\"\ud83d\udc49\" aria-label=\"\ud83d\udc49\" \/>\u00a0via Verdi &#8211; 1, da 5 a 13, 4, da 8 a 10, 14a, cant<\/div>\n<div dir=\"auto\"><\/div>\n<div dir=\"auto\"><img decoding=\"async\" class=\"an1\" src=\"https:\/\/fonts.gstatic.com\/s\/e\/notoemoji\/16.0\/1f449\/32.png\" alt=\"\ud83d\udc49\" data-emoji=\"\ud83d\udc49\" aria-label=\"\ud83d\udc49\" \/>\u00a0via Antonio Gramsci &#8211; da 2 a 12, 10a<\/div>\n<div dir=\"auto\"><\/div>\n<div dir=\"auto\"><img decoding=\"async\" class=\"an1\" src=\"https:\/\/fonts.gstatic.com\/s\/e\/notoemoji\/16.0\/1f449\/32.png\" alt=\"\ud83d\udc49\" data-emoji=\"\ud83d\udc49\" aria-label=\"\ud83d\udc49\" \/>\u00a0Lungarno Tripoli &#8211; da 1 a 3, da 2 a 4<\/div>\n<div dir=\"auto\"><\/div>\n<div dir=\"auto\"><img decoding=\"async\" class=\"an1\" src=\"https:\/\/fonts.gstatic.com\/s\/e\/notoemoji\/16.0\/1f449\/32.png\" alt=\"\ud83d\udc49\" data-emoji=\"\ud83d\udc49\" aria-label=\"\ud83d\udc49\" \/>\u00a0Piazzetta Curiel &#8211; 3, 2, sn, fibra<\/div>\n<div dir=\"auto\"><\/div>\n<div dir=\"auto\"><img decoding=\"async\" class=\"an1\" src=\"https:\/\/fonts.gstatic.com\/s\/e\/notoemoji\/16.0\/1f449\/32.png\" alt=\"\ud83d\udc49\" data-emoji=\"\ud83d\udc49\" aria-label=\"\ud83d\udc49\" \/>\u00a0via Frosini &#8211; 1, 5, 2, 6, 10, 18<\/div>\n<div dir=\"auto\"><\/div>\n<div dir=\"auto\"><img decoding=\"async\" class=\"an1\" src=\"https:\/\/fonts.gstatic.com\/s\/e\/notoemoji\/16.0\/1f449\/32.png\" alt=\"\ud83d\udc49\" data-emoji=\"\ud83d\udc49\" aria-label=\"\ud83d\udc49\" \/>\u00a0Viucciola &#8211; da 1 a 3, 2<\/div>\n<div dir=\"auto\"><\/div>\n<div dir=\"auto\"><img decoding=\"async\" class=\"an1\" src=\"https:\/\/fonts.gstatic.com\/s\/e\/notoemoji\/16.0\/1f449\/32.png\" alt=\"\ud83d\udc49\" data-emoji=\"\ud83d\udc49\" aria-label=\"\ud83d\udc49\" \/>\u00a0via Pietro Parenti &#8211; 1, 4<\/div>\n<div dir=\"auto\"><\/div>\n<div dir=\"auto\"><img decoding=\"async\" class=\"an1\" src=\"https:\/\/fonts.gstatic.com\/s\/e\/notoemoji\/16.0\/1f449\/32.png\" alt=\"\ud83d\udc49\" data-emoji=\"\ud83d\udc49\" aria-label=\"\ud83d\udc49\" \/>\u00a0Largo Frosini &#8211; 4, fibra<\/div>\n<div dir=\"auto\"><\/div>\n<div dir=\"auto\"><img decoding=\"async\" class=\"an1\" src=\"https:\/\/fonts.gstatic.com\/s\/e\/notoemoji\/16.0\/1f449\/32.png\" alt=\"\ud83d\udc49\" data-emoji=\"\ud83d\udc49\" aria-label=\"\ud83d\udc49\" \/>\u00a0via Roma &#8211; 17.<\/div>\n<div dir=\"auto\"><\/div>\n<div dir=\"auto\"><\/div>\n<div dir=\"auto\"><\/div>\n<div dir=\"auto\">Durante i lavori l&#8217;erogazione dell&#8217;energia elettrica potrebbe essere momentaneamente riattivata, pertanto la cittadinanza \u00e8 invitata a non utilizzare gli ascensori.<\/div>\n<div dir=\"auto\"><\/div>\n<div dir=\"auto\">Per informazioni sui lavori programmati o pi\u00f9 in generale sulle interruzioni del servizio \u00e8 possibile consultare il sito\u00a0<a href=\"http:\/\/e-distribuzione.it\/\" target=\"_blank\" rel=\"noopener\" data-saferedirecturl=\"https:\/\/www.google.com\/url?q=http:\/\/e-distribuzione.it&amp;source=gmail&amp;ust=1741251656695000&amp;usg=AOvVaw1B5FWZsAcgN6veqPmhnudC\">e-distribuzione.it<\/a>\u00a0oppure inviare un SMS al numero 320.2041500 riportando il codice POD(ITOO1E&#8230;) presente in bolletta, oppure scaricare e consultare la App gratuita per Smartphone di e-distribuzione.<\/div>\n<div dir=\"auto\"><\/div>\n<div dir=\"auto\">Per segnalare un guasto ci si pu\u00f2 invece rivolgere al Numero Verde 803.500<\/div>\n","protected":false},"excerpt":{"rendered":"<p>\u00a0\ud835\uddd4\ud835\ude03\ud835\ude03\ud835\uddf6\ud835\ude00\ud835\uddfc \ud835\uddf6\ud835\uddfb\ud835\ude01\ud835\uddf2\ud835\uddff\ud835\uddff\ud835\ude02\ud835\ude07\ud835\uddf6\ud835\uddfc\ud835\uddfb\ud835\uddf2 \ud835\uddf2\ud835\uddfb\ud835\uddf2\ud835\uddff\ud835\uddf4\ud835\uddf6\ud835\uddee \ud835\uddf2\ud835\uddf9\ud835\uddf2\ud835\ude01\ud835\ude01\ud835\uddff\ud835\uddf6\ud835\uddf0\ud835\uddee E-distribuzione spa comunica che mercoled\u00ec 5 marzo e gioved\u00ec 6 marzo 2025 si verificheranno interruzioni di energia elettrica e nello specifico: mercoled\u00ec 5 marzo dalle ore [&hellip;]<\/p>\n","protected":false},"author":45,"featured_media":23650,"comment_status":"closed","ping_status":"closed","sticky":false,"template":"","format":"standard","meta":{"footnotes":""},"categories":[157,1],"tags":[],"class_list":["post-26293","post","type-post","status-publish","format-standard","has-post-thumbnail","hentry","category-interruzione-di-servizio","category-notizie-e-informazioni"],"yoast_head":"<!-- This site is optimized with the Yoast SEO plugin v24.7 - https:\/\/yoast.com\/wordpress\/plugins\/seo\/ -->\n<title>Avviso interruzione energia elettrica nei giorni mercoled\u00ec 5 marzo e gioved\u00ec 6 marzo - Comune di Santa Croce sull&#039;Arno<\/title>\n<meta name=\"robots\" content=\"index, follow, max-snippet:-1, max-image-preview:large, max-video-preview:-1\" \/>\n<link rel=\"canonical\" href=\"https:\/\/comune.santacroce.pi.it\/oldsite\/avviso-interruzione-energia-elettrica-nei-giorni-mercoledi-5-marzo-e-giovedi-6-marzo\/\" \/>\n<meta property=\"og:locale\" content=\"it_IT\" \/>\n<meta property=\"og:type\" content=\"article\" \/>\n<meta property=\"og:title\" content=\"Avviso interruzione energia elettrica nei giorni mercoled\u00ec 5 marzo e gioved\u00ec 6 marzo - Comune di Santa Croce sull&#039;Arno\" \/>\n<meta property=\"og:description\" content=\"\u00a0\ud835\uddd4\ud835\ude03\ud835\ude03\ud835\uddf6\ud835\ude00\ud835\uddfc \ud835\uddf6\ud835\uddfb\ud835\ude01\ud835\uddf2\ud835\uddff\ud835\uddff\ud835\ude02\ud835\ude07\ud835\uddf6\ud835\uddfc\ud835\uddfb\ud835\uddf2 \ud835\uddf2\ud835\uddfb\ud835\uddf2\ud835\uddff\ud835\uddf4\ud835\uddf6\ud835\uddee \ud835\uddf2\ud835\uddf9\ud835\uddf2\ud835\ude01\ud835\ude01\ud835\uddff\ud835\uddf6\ud835\uddf0\ud835\uddee E-distribuzione spa comunica che mercoled\u00ec 5 marzo e gioved\u00ec 6 marzo 2025 si verificheranno interruzioni di energia elettrica e nello specifico: mercoled\u00ec 5 marzo dalle ore [&hellip;]\" \/>\n<meta property=\"og:url\" content=\"https:\/\/comune.santacroce.pi.it\/oldsite\/avviso-interruzione-energia-elettrica-nei-giorni-mercoledi-5-marzo-e-giovedi-6-marzo\/\" \/>\n<meta property=\"og:site_name\" content=\"Comune di Santa Croce sull&#039;Arno\" \/>\n<meta property=\"article:published_time\" content=\"2025-03-05T09:06:34+00:00\" \/>\n<meta property=\"article:modified_time\" content=\"2025-03-05T10:49:05+00:00\" \/>\n<meta property=\"og:image\" content=\"https:\/\/comune.santacroce.pi.it\/oldsite\/wp-content\/uploads\/2024\/02\/INTERRUZIONE-LUCE.png\" \/>\n\t<meta property=\"og:image:width\" content=\"1200\" \/>\n\t<meta property=\"og:image:height\" content=\"1000\" \/>\n\t<meta property=\"og:image:type\" content=\"image\/png\" \/>\n<meta name=\"author\" content=\"Simone Silvestro\" \/>\n<meta name=\"twitter:card\" content=\"summary_large_image\" \/>\n<meta name=\"twitter:label1\" content=\"Scritto da\" \/>\n\t<meta name=\"twitter:data1\" content=\"Simone Silvestro\" \/>\n\t<meta name=\"twitter:label2\" content=\"Tempo di lettura stimato\" \/>\n\t<meta name=\"twitter:data2\" content=\"9 minuti\" \/>\n<script type=\"application\/ld+json\" class=\"yoast-schema-graph\">{\"@context\":\"https:\/\/schema.org\",\"@graph\":[{\"@type\":\"Article\",\"@id\":\"https:\/\/comune.santacroce.pi.it\/oldsite\/avviso-interruzione-energia-elettrica-nei-giorni-mercoledi-5-marzo-e-giovedi-6-marzo\/#article\",\"isPartOf\":{\"@id\":\"https:\/\/comune.santacroce.pi.it\/oldsite\/avviso-interruzione-energia-elettrica-nei-giorni-mercoledi-5-marzo-e-giovedi-6-marzo\/\"},\"author\":{\"name\":\"Simone Silvestro\",\"@id\":\"https:\/\/comune.santacroce.pi.it\/oldsite\/#\/schema\/person\/4090ba9e7ea9cc912af3f647460c80ef\"},\"headline\":\"Avviso interruzione energia elettrica nei giorni mercoled\u00ec 5 marzo e gioved\u00ec 6 marzo\",\"datePublished\":\"2025-03-05T09:06:34+00:00\",\"dateModified\":\"2025-03-05T10:49:05+00:00\",\"mainEntityOfPage\":{\"@id\":\"https:\/\/comune.santacroce.pi.it\/oldsite\/avviso-interruzione-energia-elettrica-nei-giorni-mercoledi-5-marzo-e-giovedi-6-marzo\/\"},\"wordCount\":400,\"publisher\":{\"@id\":\"https:\/\/comune.santacroce.pi.it\/oldsite\/#organization\"},\"image\":{\"@id\":\"https:\/\/comune.santacroce.pi.it\/oldsite\/avviso-interruzione-energia-elettrica-nei-giorni-mercoledi-5-marzo-e-giovedi-6-marzo\/#primaryimage\"},\"thumbnailUrl\":\"https:\/\/comune.santacroce.pi.it\/oldsite\/wp-content\/uploads\/2024\/02\/INTERRUZIONE-LUCE.png\",\"articleSection\":[\"Interruzione di servizio\",\"Notizie e informazioni\"],\"inLanguage\":\"it-IT\"},{\"@type\":\"WebPage\",\"@id\":\"https:\/\/comune.santacroce.pi.it\/oldsite\/avviso-interruzione-energia-elettrica-nei-giorni-mercoledi-5-marzo-e-giovedi-6-marzo\/\",\"url\":\"https:\/\/comune.santacroce.pi.it\/oldsite\/avviso-interruzione-energia-elettrica-nei-giorni-mercoledi-5-marzo-e-giovedi-6-marzo\/\",\"name\":\"Avviso interruzione energia elettrica nei giorni mercoled\u00ec 5 marzo e gioved\u00ec 6 marzo - Comune di Santa Croce sull&#039;Arno\",\"isPartOf\":{\"@id\":\"https:\/\/comune.santacroce.pi.it\/oldsite\/#website\"},\"primaryImageOfPage\":{\"@id\":\"https:\/\/comune.santacroce.pi.it\/oldsite\/avviso-interruzione-energia-elettrica-nei-giorni-mercoledi-5-marzo-e-giovedi-6-marzo\/#primaryimage\"},\"image\":{\"@id\":\"https:\/\/comune.santacroce.pi.it\/oldsite\/avviso-interruzione-energia-elettrica-nei-giorni-mercoledi-5-marzo-e-giovedi-6-marzo\/#primaryimage\"},\"thumbnailUrl\":\"https:\/\/comune.santacroce.pi.it\/oldsite\/wp-content\/uploads\/2024\/02\/INTERRUZIONE-LUCE.png\",\"datePublished\":\"2025-03-05T09:06:34+00:00\",\"dateModified\":\"2025-03-05T10:49:05+00:00\",\"breadcrumb\":{\"@id\":\"https:\/\/comune.santacroce.pi.it\/oldsite\/avviso-interruzione-energia-elettrica-nei-giorni-mercoledi-5-marzo-e-giovedi-6-marzo\/#breadcrumb\"},\"inLanguage\":\"it-IT\",\"potentialAction\":[{\"@type\":\"ReadAction\",\"target\":[\"https:\/\/comune.santacroce.pi.it\/oldsite\/avviso-interruzione-energia-elettrica-nei-giorni-mercoledi-5-marzo-e-giovedi-6-marzo\/\"]}]},{\"@type\":\"ImageObject\",\"inLanguage\":\"it-IT\",\"@id\":\"https:\/\/comune.santacroce.pi.it\/oldsite\/avviso-interruzione-energia-elettrica-nei-giorni-mercoledi-5-marzo-e-giovedi-6-marzo\/#primaryimage\",\"url\":\"https:\/\/comune.santacroce.pi.it\/oldsite\/wp-content\/uploads\/2024\/02\/INTERRUZIONE-LUCE.png\",\"contentUrl\":\"https:\/\/comune.santacroce.pi.it\/oldsite\/wp-content\/uploads\/2024\/02\/INTERRUZIONE-LUCE.png\",\"width\":1200,\"height\":1000},{\"@type\":\"BreadcrumbList\",\"@id\":\"https:\/\/comune.santacroce.pi.it\/oldsite\/avviso-interruzione-energia-elettrica-nei-giorni-mercoledi-5-marzo-e-giovedi-6-marzo\/#breadcrumb\",\"itemListElement\":[{\"@type\":\"ListItem\",\"position\":1,\"name\":\"Home\",\"item\":\"https:\/\/comune.santacroce.pi.it\/oldsite\/\"},{\"@type\":\"ListItem\",\"position\":2,\"name\":\"Avviso interruzione energia elettrica nei giorni mercoled\u00ec 5 marzo e gioved\u00ec 6 marzo\"}]},{\"@type\":\"WebSite\",\"@id\":\"https:\/\/comune.santacroce.pi.it\/oldsite\/#website\",\"url\":\"https:\/\/comune.santacroce.pi.it\/oldsite\/\",\"name\":\"Comune di Santa Croce sull&#039;Arno\",\"description\":\"Provincia di Pisa\",\"publisher\":{\"@id\":\"https:\/\/comune.santacroce.pi.it\/oldsite\/#organization\"},\"potentialAction\":[{\"@type\":\"SearchAction\",\"target\":{\"@type\":\"EntryPoint\",\"urlTemplate\":\"https:\/\/comune.santacroce.pi.it\/oldsite\/?s={search_term_string}\"},\"query-input\":{\"@type\":\"PropertyValueSpecification\",\"valueRequired\":true,\"valueName\":\"search_term_string\"}}],\"inLanguage\":\"it-IT\"},{\"@type\":\"Organization\",\"@id\":\"https:\/\/comune.santacroce.pi.it\/oldsite\/#organization\",\"name\":\"Comune di Santa Croce sull'Arno\",\"url\":\"https:\/\/comune.santacroce.pi.it\/oldsite\/\",\"logo\":{\"@type\":\"ImageObject\",\"inLanguage\":\"it-IT\",\"@id\":\"https:\/\/comune.santacroce.pi.it\/oldsite\/#\/schema\/logo\/image\/\",\"url\":\"https:\/\/comune.santacroce.pi.it\/oldsite\/wp-content\/uploads\/2021\/02\/cropped-Stemma-Santa-Croce-dellArno_500-1.png\",\"contentUrl\":\"https:\/\/comune.santacroce.pi.it\/oldsite\/wp-content\/uploads\/2021\/02\/cropped-Stemma-Santa-Croce-dellArno_500-1.png\",\"width\":500,\"height\":500,\"caption\":\"Comune di Santa Croce sull'Arno\"},\"image\":{\"@id\":\"https:\/\/comune.santacroce.pi.it\/oldsite\/#\/schema\/logo\/image\/\"}},{\"@type\":\"Person\",\"@id\":\"https:\/\/comune.santacroce.pi.it\/oldsite\/#\/schema\/person\/4090ba9e7ea9cc912af3f647460c80ef\",\"name\":\"Simone Silvestro\",\"image\":{\"@type\":\"ImageObject\",\"inLanguage\":\"it-IT\",\"@id\":\"https:\/\/comune.santacroce.pi.it\/oldsite\/#\/schema\/person\/image\/\",\"url\":\"https:\/\/secure.gravatar.com\/avatar\/d226c2bbe5d2cb6627eaf0ce8cce9bec?s=96&d=mm&r=g\",\"contentUrl\":\"https:\/\/secure.gravatar.com\/avatar\/d226c2bbe5d2cb6627eaf0ce8cce9bec?s=96&d=mm&r=g\",\"caption\":\"Simone Silvestro\"},\"sameAs\":[\"https:\/\/comune.santacroce.pi.it\/oldsite\"],\"url\":\"https:\/\/comune.santacroce.pi.it\/oldsite\/author\/ssilvestro\/\"}]}<\/script>\n<!-- \/ Yoast SEO plugin. -->","yoast_head_json":{"title":"Avviso interruzione energia elettrica nei giorni mercoled\u00ec 5 marzo e gioved\u00ec 6 marzo - Comune di Santa Croce sull&#039;Arno","robots":{"index":"index","follow":"follow","max-snippet":"max-snippet:-1","max-image-preview":"max-image-preview:large","max-video-preview":"max-video-preview:-1"},"canonical":"https:\/\/comune.santacroce.pi.it\/oldsite\/avviso-interruzione-energia-elettrica-nei-giorni-mercoledi-5-marzo-e-giovedi-6-marzo\/","og_locale":"it_IT","og_type":"article","og_title":"Avviso interruzione energia elettrica nei giorni mercoled\u00ec 5 marzo e gioved\u00ec 6 marzo - Comune di Santa Croce sull&#039;Arno","og_description":"\u00a0\ud835\uddd4\ud835\ude03\ud835\ude03\ud835\uddf6\ud835\ude00\ud835\uddfc \ud835\uddf6\ud835\uddfb\ud835\ude01\ud835\uddf2\ud835\uddff\ud835\uddff\ud835\ude02\ud835\ude07\ud835\uddf6\ud835\uddfc\ud835\uddfb\ud835\uddf2 \ud835\uddf2\ud835\uddfb\ud835\uddf2\ud835\uddff\ud835\uddf4\ud835\uddf6\ud835\uddee \ud835\uddf2\ud835\uddf9\ud835\uddf2\ud835\ude01\ud835\ude01\ud835\uddff\ud835\uddf6\ud835\uddf0\ud835\uddee E-distribuzione spa comunica che mercoled\u00ec 5 marzo e gioved\u00ec 6 marzo 2025 si verificheranno interruzioni di energia elettrica e nello specifico: mercoled\u00ec 5 marzo dalle ore [&hellip;]","og_url":"https:\/\/comune.santacroce.pi.it\/oldsite\/avviso-interruzione-energia-elettrica-nei-giorni-mercoledi-5-marzo-e-giovedi-6-marzo\/","og_site_name":"Comune di Santa Croce sull&#039;Arno","article_published_time":"2025-03-05T09:06:34+00:00","article_modified_time":"2025-03-05T10:49:05+00:00","og_image":[{"width":1200,"height":1000,"url":"https:\/\/comune.santacroce.pi.it\/oldsite\/wp-content\/uploads\/2024\/02\/INTERRUZIONE-LUCE.png","type":"image\/png"}],"author":"Simone Silvestro","twitter_card":"summary_large_image","twitter_misc":{"Scritto da":"Simone Silvestro","Tempo di lettura stimato":"9 minuti"},"schema":{"@context":"https:\/\/schema.org","@graph":[{"@type":"Article","@id":"https:\/\/comune.santacroce.pi.it\/oldsite\/avviso-interruzione-energia-elettrica-nei-giorni-mercoledi-5-marzo-e-giovedi-6-marzo\/#article","isPartOf":{"@id":"https:\/\/comune.santacroce.pi.it\/oldsite\/avviso-interruzione-energia-elettrica-nei-giorni-mercoledi-5-marzo-e-giovedi-6-marzo\/"},"author":{"name":"Simone Silvestro","@id":"https:\/\/comune.santacroce.pi.it\/oldsite\/#\/schema\/person\/4090ba9e7ea9cc912af3f647460c80ef"},"headline":"Avviso interruzione energia elettrica nei giorni mercoled\u00ec 5 marzo e gioved\u00ec 6 marzo","datePublished":"2025-03-05T09:06:34+00:00","dateModified":"2025-03-05T10:49:05+00:00","mainEntityOfPage":{"@id":"https:\/\/comune.santacroce.pi.it\/oldsite\/avviso-interruzione-energia-elettrica-nei-giorni-mercoledi-5-marzo-e-giovedi-6-marzo\/"},"wordCount":400,"publisher":{"@id":"https:\/\/comune.santacroce.pi.it\/oldsite\/#organization"},"image":{"@id":"https:\/\/comune.santacroce.pi.it\/oldsite\/avviso-interruzione-energia-elettrica-nei-giorni-mercoledi-5-marzo-e-giovedi-6-marzo\/#primaryimage"},"thumbnailUrl":"https:\/\/comune.santacroce.pi.it\/oldsite\/wp-content\/uploads\/2024\/02\/INTERRUZIONE-LUCE.png","articleSection":["Interruzione di servizio","Notizie e informazioni"],"inLanguage":"it-IT"},{"@type":"WebPage","@id":"https:\/\/comune.santacroce.pi.it\/oldsite\/avviso-interruzione-energia-elettrica-nei-giorni-mercoledi-5-marzo-e-giovedi-6-marzo\/","url":"https:\/\/comune.santacroce.pi.it\/oldsite\/avviso-interruzione-energia-elettrica-nei-giorni-mercoledi-5-marzo-e-giovedi-6-marzo\/","name":"Avviso interruzione energia elettrica nei giorni mercoled\u00ec 5 marzo e gioved\u00ec 6 marzo - Comune di Santa Croce sull&#039;Arno","isPartOf":{"@id":"https:\/\/comune.santacroce.pi.it\/oldsite\/#website"},"primaryImageOfPage":{"@id":"https:\/\/comune.santacroce.pi.it\/oldsite\/avviso-interruzione-energia-elettrica-nei-giorni-mercoledi-5-marzo-e-giovedi-6-marzo\/#primaryimage"},"image":{"@id":"https:\/\/comune.santacroce.pi.it\/oldsite\/avviso-interruzione-energia-elettrica-nei-giorni-mercoledi-5-marzo-e-giovedi-6-marzo\/#primaryimage"},"thumbnailUrl":"https:\/\/comune.santacroce.pi.it\/oldsite\/wp-content\/uploads\/2024\/02\/INTERRUZIONE-LUCE.png","datePublished":"2025-03-05T09:06:34+00:00","dateModified":"2025-03-05T10:49:05+00:00","breadcrumb":{"@id":"https:\/\/comune.santacroce.pi.it\/oldsite\/avviso-interruzione-energia-elettrica-nei-giorni-mercoledi-5-marzo-e-giovedi-6-marzo\/#breadcrumb"},"inLanguage":"it-IT","potentialAction":[{"@type":"ReadAction","target":["https:\/\/comune.santacroce.pi.it\/oldsite\/avviso-interruzione-energia-elettrica-nei-giorni-mercoledi-5-marzo-e-giovedi-6-marzo\/"]}]},{"@type":"ImageObject","inLanguage":"it-IT","@id":"https:\/\/comune.santacroce.pi.it\/oldsite\/avviso-interruzione-energia-elettrica-nei-giorni-mercoledi-5-marzo-e-giovedi-6-marzo\/#primaryimage","url":"https:\/\/comune.santacroce.pi.it\/oldsite\/wp-content\/uploads\/2024\/02\/INTERRUZIONE-LUCE.png","contentUrl":"https:\/\/comune.santacroce.pi.it\/oldsite\/wp-content\/uploads\/2024\/02\/INTERRUZIONE-LUCE.png","width":1200,"height":1000},{"@type":"BreadcrumbList","@id":"https:\/\/comune.santacroce.pi.it\/oldsite\/avviso-interruzione-energia-elettrica-nei-giorni-mercoledi-5-marzo-e-giovedi-6-marzo\/#breadcrumb","itemListElement":[{"@type":"ListItem","position":1,"name":"Home","item":"https:\/\/comune.santacroce.pi.it\/oldsite\/"},{"@type":"ListItem","position":2,"name":"Avviso interruzione energia elettrica nei giorni mercoled\u00ec 5 marzo e gioved\u00ec 6 marzo"}]},{"@type":"WebSite","@id":"https:\/\/comune.santacroce.pi.it\/oldsite\/#website","url":"https:\/\/comune.santacroce.pi.it\/oldsite\/","name":"Comune di Santa Croce sull&#039;Arno","description":"Provincia di Pisa","publisher":{"@id":"https:\/\/comune.santacroce.pi.it\/oldsite\/#organization"},"potentialAction":[{"@type":"SearchAction","target":{"@type":"EntryPoint","urlTemplate":"https:\/\/comune.santacroce.pi.it\/oldsite\/?s={search_term_string}"},"query-input":{"@type":"PropertyValueSpecification","valueRequired":true,"valueName":"search_term_string"}}],"inLanguage":"it-IT"},{"@type":"Organization","@id":"https:\/\/comune.santacroce.pi.it\/oldsite\/#organization","name":"Comune di Santa Croce sull'Arno","url":"https:\/\/comune.santacroce.pi.it\/oldsite\/","logo":{"@type":"ImageObject","inLanguage":"it-IT","@id":"https:\/\/comune.santacroce.pi.it\/oldsite\/#\/schema\/logo\/image\/","url":"https:\/\/comune.santacroce.pi.it\/oldsite\/wp-content\/uploads\/2021\/02\/cropped-Stemma-Santa-Croce-dellArno_500-1.png","contentUrl":"https:\/\/comune.santacroce.pi.it\/oldsite\/wp-content\/uploads\/2021\/02\/cropped-Stemma-Santa-Croce-dellArno_500-1.png","width":500,"height":500,"caption":"Comune di Santa Croce sull'Arno"},"image":{"@id":"https:\/\/comune.santacroce.pi.it\/oldsite\/#\/schema\/logo\/image\/"}},{"@type":"Person","@id":"https:\/\/comune.santacroce.pi.it\/oldsite\/#\/schema\/person\/4090ba9e7ea9cc912af3f647460c80ef","name":"Simone Silvestro","image":{"@type":"ImageObject","inLanguage":"it-IT","@id":"https:\/\/comune.santacroce.pi.it\/oldsite\/#\/schema\/person\/image\/","url":"https:\/\/secure.gravatar.com\/avatar\/d226c2bbe5d2cb6627eaf0ce8cce9bec?s=96&d=mm&r=g","contentUrl":"https:\/\/secure.gravatar.com\/avatar\/d226c2bbe5d2cb6627eaf0ce8cce9bec?s=96&d=mm&r=g","caption":"Simone Silvestro"},"sameAs":["https:\/\/comune.santacroce.pi.it\/oldsite"],"url":"https:\/\/comune.santacroce.pi.it\/oldsite\/author\/ssilvestro\/"}]}},"jetpack_featured_media_url":"https:\/\/comune.santacroce.pi.it\/oldsite\/wp-content\/uploads\/2024\/02\/INTERRUZIONE-LUCE.png","meta_box":{"comunicacity_sync":"1","cc4_urg_colore":"rosso","cc4_urg_data_inizio":"","cc4_urg_data_fine":"","cc4_cor_positivi_oggi":"","cc4_cor_negativizzati_oggi":"","cc4_cor_deceduti_oggi":"","cc4_cor_positivi_totali":"","cc4_cor_negativizzati_totali":"","cc4_cor_deceduti_totali":"","cc4_cor_attualmente_positivi":"","cc4_eve_data_inizio":"","cc4_eve_data_fine":"","cc4_eve_indirizzo":"","cc4_eve_posizione":{"latitude":"0","longitude":"0","zoom":"0"},"cc4_eve_telefono":"","cc4_eve_email":"","cc4_eve_web":"","cc4_eve_fb":""},"_links":{"self":[{"href":"https:\/\/comune.santacroce.pi.it\/oldsite\/wp-json\/wp\/v2\/posts\/26293","targetHints":{"allow":["GET"]}}],"collection":[{"href":"https:\/\/comune.santacroce.pi.it\/oldsite\/wp-json\/wp\/v2\/posts"}],"about":[{"href":"https:\/\/comune.santacroce.pi.it\/oldsite\/wp-json\/wp\/v2\/types\/post"}],"author":[{"embeddable":true,"href":"https:\/\/comune.santacroce.pi.it\/oldsite\/wp-json\/wp\/v2\/users\/45"}],"replies":[{"embeddable":true,"href":"https:\/\/comune.santacroce.pi.it\/oldsite\/wp-json\/wp\/v2\/comments?post=26293"}],"version-history":[{"count":0,"href":"https:\/\/comune.santacroce.pi.it\/oldsite\/wp-json\/wp\/v2\/posts\/26293\/revisions"}],"wp:featuredmedia":[{"embeddable":true,"href":"https:\/\/comune.santacroce.pi.it\/oldsite\/wp-json\/wp\/v2\/media\/23650"}],"wp:attachment":[{"href":"https:\/\/comune.santacroce.pi.it\/oldsite\/wp-json\/wp\/v2\/media?parent=26293"}],"wp:term":[{"taxonomy":"category","embeddable":true,"href":"https:\/\/comune.santacroce.pi.it\/oldsite\/wp-json\/wp\/v2\/categories?post=26293"},{"taxonomy":"post_tag","embeddable":true,"href":"https:\/\/comune.santacroce.pi.it\/oldsite\/wp-json\/wp\/v2\/tags?post=26293"}],"curies":[{"name":"wp","href":"https:\/\/api.w.org\/{rel}","templated":true}]}}