{"id":26197,"date":"2025-02-27T16:40:58","date_gmt":"2025-02-27T15:40:58","guid":{"rendered":"https:\/\/comune.santacroce.pi.it\/oldsite\/?p=26197"},"modified":"2025-02-27T17:09:05","modified_gmt":"2025-02-27T16:09:05","slug":"i-ragazzi-di-santa-croce-e-staffoli-vincono-il-premio-della-giuria-a-amici-per-la-pelle-segnali-di-ottimismo-dalla-fiera","status":"publish","type":"post","link":"https:\/\/comune.santacroce.pi.it\/oldsite\/i-ragazzi-di-santa-croce-e-staffoli-vincono-il-premio-della-giuria-a-amici-per-la-pelle-segnali-di-ottimismo-dalla-fiera\/","title":{"rendered":"I ragazzi di Santa Croce e Staffoli vincono il premio della giuria a amici per la pelle. Segnali di ottimismo dalla fiera"},"content":{"rendered":"<p>La 15esima edizione del concorso \u201c<em>Amici per la pelle<\/em>\u201d( 14 esima a livello nazionale ) si chiude con un riconoscimento importante per i ragazzi delle seconde dell&#8217;Istituto comprensivo C. Banti di Santa Croce sull&#8217;Arno\/Staffoli , i giovani studenti hanno vinto il premio della Giuria &#8211; Menzione Speciale, assegnato dagli addetti del settore. Un riconoscimento prestigioso dal punto di vista tecnico e dell&#8217;idea.<\/p>\n<p>I ragazzi infatti hanno sviluppato un progetto sul personaggio di Pinocchio, quest&#8217;anno il tema assegnato dagli organizzatori di Amici per la pelle era \u201c<em>Circense<\/em>\u201d, ovvero il circo nelle sue varie declinazioni dalla romanit\u00e0 fino ai giorni nostri. Un riconoscimento che conferma il radicamento culturale della pelle nella societ\u00e0 di Santa Croce, ma anche la capacit\u00e0 degli insegnati di guidare i ragazzi nello sviluppo del progetto, per giunta conciliato con il tema di Pinocchio, in Toscana un elemento identitario dal punto di vista culturale.<\/p>\n<p><em>\u201cMi ha fatto veramente piacere<\/em> \u2013 dice il sindaco di Santa Croce Roberto Giannoni &#8211; <em>il premio dei nostri ragazzi, che ancora un volta si confermano espressione di un territori che \u00e8 sempre riuscito a trasmettere la cultura della concia. Amici per la Pelle \u00e8 nata 15 anni fa, proprio nel nostro distretto, quando ero nei giovani imprenditore di Assoconciatori e fu proprio questa delegazione a inventare la manifestazione, oggi \u00e8 diventata, grazie a Unic una manifestazione nazionale\u201d<\/em>.\u00a0 Ringrazio tutti gli insegnanti per la collaborazione al progetto.<\/p>\n<p><em>\u201cPer quanto riguarda la fiera<\/em> \u2013 continua il primo cittadino Giannoni &#8211; <em>Linea Pelle credo che si possa tornare in Toscana abbastanza rinfrancati e fiduciosi e lo dico oggi (27 febbraio), che siamo alle ultime ore. La fiera \u00e8 andata bene, il primo dato importante \u00e8 che i Brand sono tornati a farsi vedere, indizio che le case di moda stanno per ripartire con la produzione o comunque sono pronte a farlo. Inoltre quella che sembra essere l&#8217;imminente fine del confitto russo ucraino da forte speranza per poter riaprire dei mercati storici dell&#8217;est Europa. Sembra quindi che si stia delineando un&#8217;inversione di tendenza che ci fa sperare bene. Insomma la ripresa sembra avvicinarsi, si spera rapidamente per poter rimettere in moto l&#8217;economia del territorio e il lavoro\u201d.<\/em><\/p>\n<p><img loading=\"lazy\" decoding=\"async\" class=\"size-medium wp-image-26213 alignleft\" src=\"https:\/\/comune.santacroce.pi.it\/oldsite\/wp-content\/uploads\/2025\/02\/1000180823-8-300x135.jpg\" alt=\"\" width=\"300\" height=\"135\" srcset=\"https:\/\/comune.santacroce.pi.it\/oldsite\/wp-content\/uploads\/2025\/02\/1000180823-8-300x135.jpg 300w, https:\/\/comune.santacroce.pi.it\/oldsite\/wp-content\/uploads\/2025\/02\/1000180823-8-1024x461.jpg 1024w, https:\/\/comune.santacroce.pi.it\/oldsite\/wp-content\/uploads\/2025\/02\/1000180823-8-768x346.jpg 768w, https:\/\/comune.santacroce.pi.it\/oldsite\/wp-content\/uploads\/2025\/02\/1000180823-8-1536x691.jpg 1536w, https:\/\/comune.santacroce.pi.it\/oldsite\/wp-content\/uploads\/2025\/02\/1000180823-8.jpg 1600w\" sizes=\"auto, (max-width: 300px) 100vw, 300px\" \/><\/p>\n","protected":false},"excerpt":{"rendered":"<p>La 15esima edizione del concorso \u201cAmici per la pelle\u201d( 14 esima a livello nazionale ) si chiude con un riconoscimento importante per i ragazzi delle seconde dell&#8217;Istituto comprensivo C. Banti [&hellip;]<\/p>\n","protected":false},"author":45,"featured_media":26206,"comment_status":"closed","ping_status":"closed","sticky":false,"template":"","format":"standard","meta":{"footnotes":""},"categories":[502,503,1,162],"tags":[878,879,877],"class_list":["post-26197","post","type-post","status-publish","format-standard","has-post-thumbnail","hentry","category-giovani","category-giovani-scuola","category-notizie-e-informazioni","category-scuola","tag-amiciperlapelle","tag-assoconciatori","tag-lineapelle"],"yoast_head":"<!-- This site is optimized with the Yoast SEO plugin v24.7 - https:\/\/yoast.com\/wordpress\/plugins\/seo\/ -->\n<title>I ragazzi di Santa Croce e Staffoli vincono il premio della giuria a amici per la pelle. Segnali di ottimismo dalla fiera - Comune di Santa Croce sull&#039;Arno<\/title>\n<meta name=\"description\" content=\"Le seconde medie di Santa Croce sull&#039;Arno\/Staffoli vincono il premio della Giuria - Menzione Speciale per la 15esima edizione di \u201cAmici per la pelle&quot;\" \/>\n<meta name=\"robots\" content=\"index, follow, max-snippet:-1, max-image-preview:large, max-video-preview:-1\" \/>\n<link rel=\"canonical\" href=\"https:\/\/comune.santacroce.pi.it\/oldsite\/i-ragazzi-di-santa-croce-e-staffoli-vincono-il-premio-della-giuria-a-amici-per-la-pelle-segnali-di-ottimismo-dalla-fiera\/\" \/>\n<meta property=\"og:locale\" content=\"it_IT\" \/>\n<meta property=\"og:type\" content=\"article\" \/>\n<meta property=\"og:title\" content=\"I ragazzi di Santa Croce e Staffoli vincono il premio della giuria a amici per la pelle. Segnali di ottimismo dalla fiera - Comune di Santa Croce sull&#039;Arno\" \/>\n<meta property=\"og:description\" content=\"Le seconde medie di Santa Croce sull&#039;Arno\/Staffoli vincono il premio della Giuria - Menzione Speciale per la 15esima edizione di \u201cAmici per la pelle&quot;\" \/>\n<meta property=\"og:url\" content=\"https:\/\/comune.santacroce.pi.it\/oldsite\/i-ragazzi-di-santa-croce-e-staffoli-vincono-il-premio-della-giuria-a-amici-per-la-pelle-segnali-di-ottimismo-dalla-fiera\/\" \/>\n<meta property=\"og:site_name\" content=\"Comune di Santa Croce sull&#039;Arno\" \/>\n<meta property=\"article:published_time\" content=\"2025-02-27T15:40:58+00:00\" \/>\n<meta property=\"article:modified_time\" content=\"2025-02-27T16:09:05+00:00\" \/>\n<meta property=\"og:image\" content=\"https:\/\/comune.santacroce.pi.it\/oldsite\/wp-content\/uploads\/2025\/02\/1000180823-4.jpg\" \/>\n\t<meta property=\"og:image:width\" content=\"1600\" \/>\n\t<meta property=\"og:image:height\" content=\"720\" \/>\n\t<meta property=\"og:image:type\" content=\"image\/jpeg\" \/>\n<meta name=\"author\" content=\"Simone Silvestro\" \/>\n<meta name=\"twitter:card\" content=\"summary_large_image\" \/>\n<meta name=\"twitter:label1\" content=\"Scritto da\" \/>\n\t<meta name=\"twitter:data1\" content=\"Simone Silvestro\" \/>\n\t<meta name=\"twitter:label2\" content=\"Tempo di lettura stimato\" \/>\n\t<meta name=\"twitter:data2\" content=\"3 minuti\" \/>\n<script type=\"application\/ld+json\" class=\"yoast-schema-graph\">{\"@context\":\"https:\/\/schema.org\",\"@graph\":[{\"@type\":\"Article\",\"@id\":\"https:\/\/comune.santacroce.pi.it\/oldsite\/i-ragazzi-di-santa-croce-e-staffoli-vincono-il-premio-della-giuria-a-amici-per-la-pelle-segnali-di-ottimismo-dalla-fiera\/#article\",\"isPartOf\":{\"@id\":\"https:\/\/comune.santacroce.pi.it\/oldsite\/i-ragazzi-di-santa-croce-e-staffoli-vincono-il-premio-della-giuria-a-amici-per-la-pelle-segnali-di-ottimismo-dalla-fiera\/\"},\"author\":{\"name\":\"Simone Silvestro\",\"@id\":\"https:\/\/comune.santacroce.pi.it\/oldsite\/#\/schema\/person\/4090ba9e7ea9cc912af3f647460c80ef\"},\"headline\":\"I ragazzi di Santa Croce e Staffoli vincono il premio della giuria a amici per la pelle. Segnali di ottimismo dalla fiera\",\"datePublished\":\"2025-02-27T15:40:58+00:00\",\"dateModified\":\"2025-02-27T16:09:05+00:00\",\"mainEntityOfPage\":{\"@id\":\"https:\/\/comune.santacroce.pi.it\/oldsite\/i-ragazzi-di-santa-croce-e-staffoli-vincono-il-premio-della-giuria-a-amici-per-la-pelle-segnali-di-ottimismo-dalla-fiera\/\"},\"wordCount\":378,\"publisher\":{\"@id\":\"https:\/\/comune.santacroce.pi.it\/oldsite\/#organization\"},\"image\":{\"@id\":\"https:\/\/comune.santacroce.pi.it\/oldsite\/i-ragazzi-di-santa-croce-e-staffoli-vincono-il-premio-della-giuria-a-amici-per-la-pelle-segnali-di-ottimismo-dalla-fiera\/#primaryimage\"},\"thumbnailUrl\":\"https:\/\/comune.santacroce.pi.it\/oldsite\/wp-content\/uploads\/2025\/02\/1000180823-4.jpg\",\"keywords\":[\"amiciperlapelle\",\"assoconciatori\",\"lineapelle\"],\"articleSection\":[\"Giovani\",\"Giovani\",\"Notizie e informazioni\",\"Scuola\"],\"inLanguage\":\"it-IT\"},{\"@type\":\"WebPage\",\"@id\":\"https:\/\/comune.santacroce.pi.it\/oldsite\/i-ragazzi-di-santa-croce-e-staffoli-vincono-il-premio-della-giuria-a-amici-per-la-pelle-segnali-di-ottimismo-dalla-fiera\/\",\"url\":\"https:\/\/comune.santacroce.pi.it\/oldsite\/i-ragazzi-di-santa-croce-e-staffoli-vincono-il-premio-della-giuria-a-amici-per-la-pelle-segnali-di-ottimismo-dalla-fiera\/\",\"name\":\"I ragazzi di Santa Croce e Staffoli vincono il premio della giuria a amici per la pelle. Segnali di ottimismo dalla fiera - Comune di Santa Croce sull&#039;Arno\",\"isPartOf\":{\"@id\":\"https:\/\/comune.santacroce.pi.it\/oldsite\/#website\"},\"primaryImageOfPage\":{\"@id\":\"https:\/\/comune.santacroce.pi.it\/oldsite\/i-ragazzi-di-santa-croce-e-staffoli-vincono-il-premio-della-giuria-a-amici-per-la-pelle-segnali-di-ottimismo-dalla-fiera\/#primaryimage\"},\"image\":{\"@id\":\"https:\/\/comune.santacroce.pi.it\/oldsite\/i-ragazzi-di-santa-croce-e-staffoli-vincono-il-premio-della-giuria-a-amici-per-la-pelle-segnali-di-ottimismo-dalla-fiera\/#primaryimage\"},\"thumbnailUrl\":\"https:\/\/comune.santacroce.pi.it\/oldsite\/wp-content\/uploads\/2025\/02\/1000180823-4.jpg\",\"datePublished\":\"2025-02-27T15:40:58+00:00\",\"dateModified\":\"2025-02-27T16:09:05+00:00\",\"description\":\"Le seconde medie di Santa Croce sull'Arno\/Staffoli vincono il premio della Giuria - Menzione Speciale per la 15esima edizione di \u201cAmici per la pelle\\\"\",\"breadcrumb\":{\"@id\":\"https:\/\/comune.santacroce.pi.it\/oldsite\/i-ragazzi-di-santa-croce-e-staffoli-vincono-il-premio-della-giuria-a-amici-per-la-pelle-segnali-di-ottimismo-dalla-fiera\/#breadcrumb\"},\"inLanguage\":\"it-IT\",\"potentialAction\":[{\"@type\":\"ReadAction\",\"target\":[\"https:\/\/comune.santacroce.pi.it\/oldsite\/i-ragazzi-di-santa-croce-e-staffoli-vincono-il-premio-della-giuria-a-amici-per-la-pelle-segnali-di-ottimismo-dalla-fiera\/\"]}]},{\"@type\":\"ImageObject\",\"inLanguage\":\"it-IT\",\"@id\":\"https:\/\/comune.santacroce.pi.it\/oldsite\/i-ragazzi-di-santa-croce-e-staffoli-vincono-il-premio-della-giuria-a-amici-per-la-pelle-segnali-di-ottimismo-dalla-fiera\/#primaryimage\",\"url\":\"https:\/\/comune.santacroce.pi.it\/oldsite\/wp-content\/uploads\/2025\/02\/1000180823-4.jpg\",\"contentUrl\":\"https:\/\/comune.santacroce.pi.it\/oldsite\/wp-content\/uploads\/2025\/02\/1000180823-4.jpg\",\"width\":1600,\"height\":720},{\"@type\":\"BreadcrumbList\",\"@id\":\"https:\/\/comune.santacroce.pi.it\/oldsite\/i-ragazzi-di-santa-croce-e-staffoli-vincono-il-premio-della-giuria-a-amici-per-la-pelle-segnali-di-ottimismo-dalla-fiera\/#breadcrumb\",\"itemListElement\":[{\"@type\":\"ListItem\",\"position\":1,\"name\":\"Home\",\"item\":\"https:\/\/comune.santacroce.pi.it\/oldsite\/\"},{\"@type\":\"ListItem\",\"position\":2,\"name\":\"I ragazzi di Santa Croce e Staffoli vincono il premio della giuria a amici per la pelle. Segnali di ottimismo dalla fiera\"}]},{\"@type\":\"WebSite\",\"@id\":\"https:\/\/comune.santacroce.pi.it\/oldsite\/#website\",\"url\":\"https:\/\/comune.santacroce.pi.it\/oldsite\/\",\"name\":\"Comune di Santa Croce sull&#039;Arno\",\"description\":\"Provincia di Pisa\",\"publisher\":{\"@id\":\"https:\/\/comune.santacroce.pi.it\/oldsite\/#organization\"},\"potentialAction\":[{\"@type\":\"SearchAction\",\"target\":{\"@type\":\"EntryPoint\",\"urlTemplate\":\"https:\/\/comune.santacroce.pi.it\/oldsite\/?s={search_term_string}\"},\"query-input\":{\"@type\":\"PropertyValueSpecification\",\"valueRequired\":true,\"valueName\":\"search_term_string\"}}],\"inLanguage\":\"it-IT\"},{\"@type\":\"Organization\",\"@id\":\"https:\/\/comune.santacroce.pi.it\/oldsite\/#organization\",\"name\":\"Comune di Santa Croce sull'Arno\",\"url\":\"https:\/\/comune.santacroce.pi.it\/oldsite\/\",\"logo\":{\"@type\":\"ImageObject\",\"inLanguage\":\"it-IT\",\"@id\":\"https:\/\/comune.santacroce.pi.it\/oldsite\/#\/schema\/logo\/image\/\",\"url\":\"https:\/\/comune.santacroce.pi.it\/oldsite\/wp-content\/uploads\/2021\/02\/cropped-Stemma-Santa-Croce-dellArno_500-1.png\",\"contentUrl\":\"https:\/\/comune.santacroce.pi.it\/oldsite\/wp-content\/uploads\/2021\/02\/cropped-Stemma-Santa-Croce-dellArno_500-1.png\",\"width\":500,\"height\":500,\"caption\":\"Comune di Santa Croce sull'Arno\"},\"image\":{\"@id\":\"https:\/\/comune.santacroce.pi.it\/oldsite\/#\/schema\/logo\/image\/\"}},{\"@type\":\"Person\",\"@id\":\"https:\/\/comune.santacroce.pi.it\/oldsite\/#\/schema\/person\/4090ba9e7ea9cc912af3f647460c80ef\",\"name\":\"Simone Silvestro\",\"image\":{\"@type\":\"ImageObject\",\"inLanguage\":\"it-IT\",\"@id\":\"https:\/\/comune.santacroce.pi.it\/oldsite\/#\/schema\/person\/image\/\",\"url\":\"https:\/\/secure.gravatar.com\/avatar\/d226c2bbe5d2cb6627eaf0ce8cce9bec?s=96&d=mm&r=g\",\"contentUrl\":\"https:\/\/secure.gravatar.com\/avatar\/d226c2bbe5d2cb6627eaf0ce8cce9bec?s=96&d=mm&r=g\",\"caption\":\"Simone Silvestro\"},\"sameAs\":[\"https:\/\/comune.santacroce.pi.it\/oldsite\"],\"url\":\"https:\/\/comune.santacroce.pi.it\/oldsite\/author\/ssilvestro\/\"}]}<\/script>\n<!-- \/ Yoast SEO plugin. -->","yoast_head_json":{"title":"I ragazzi di Santa Croce e Staffoli vincono il premio della giuria a amici per la pelle. Segnali di ottimismo dalla fiera - Comune di Santa Croce sull&#039;Arno","description":"Le seconde medie di Santa Croce sull'Arno\/Staffoli vincono il premio della Giuria - Menzione Speciale per la 15esima edizione di \u201cAmici per la pelle\"","robots":{"index":"index","follow":"follow","max-snippet":"max-snippet:-1","max-image-preview":"max-image-preview:large","max-video-preview":"max-video-preview:-1"},"canonical":"https:\/\/comune.santacroce.pi.it\/oldsite\/i-ragazzi-di-santa-croce-e-staffoli-vincono-il-premio-della-giuria-a-amici-per-la-pelle-segnali-di-ottimismo-dalla-fiera\/","og_locale":"it_IT","og_type":"article","og_title":"I ragazzi di Santa Croce e Staffoli vincono il premio della giuria a amici per la pelle. Segnali di ottimismo dalla fiera - Comune di Santa Croce sull&#039;Arno","og_description":"Le seconde medie di Santa Croce sull'Arno\/Staffoli vincono il premio della Giuria - Menzione Speciale per la 15esima edizione di \u201cAmici per la pelle\"","og_url":"https:\/\/comune.santacroce.pi.it\/oldsite\/i-ragazzi-di-santa-croce-e-staffoli-vincono-il-premio-della-giuria-a-amici-per-la-pelle-segnali-di-ottimismo-dalla-fiera\/","og_site_name":"Comune di Santa Croce sull&#039;Arno","article_published_time":"2025-02-27T15:40:58+00:00","article_modified_time":"2025-02-27T16:09:05+00:00","og_image":[{"width":1600,"height":720,"url":"https:\/\/comune.santacroce.pi.it\/oldsite\/wp-content\/uploads\/2025\/02\/1000180823-4.jpg","type":"image\/jpeg"}],"author":"Simone Silvestro","twitter_card":"summary_large_image","twitter_misc":{"Scritto da":"Simone Silvestro","Tempo di lettura stimato":"3 minuti"},"schema":{"@context":"https:\/\/schema.org","@graph":[{"@type":"Article","@id":"https:\/\/comune.santacroce.pi.it\/oldsite\/i-ragazzi-di-santa-croce-e-staffoli-vincono-il-premio-della-giuria-a-amici-per-la-pelle-segnali-di-ottimismo-dalla-fiera\/#article","isPartOf":{"@id":"https:\/\/comune.santacroce.pi.it\/oldsite\/i-ragazzi-di-santa-croce-e-staffoli-vincono-il-premio-della-giuria-a-amici-per-la-pelle-segnali-di-ottimismo-dalla-fiera\/"},"author":{"name":"Simone Silvestro","@id":"https:\/\/comune.santacroce.pi.it\/oldsite\/#\/schema\/person\/4090ba9e7ea9cc912af3f647460c80ef"},"headline":"I ragazzi di Santa Croce e Staffoli vincono il premio della giuria a amici per la pelle. Segnali di ottimismo dalla fiera","datePublished":"2025-02-27T15:40:58+00:00","dateModified":"2025-02-27T16:09:05+00:00","mainEntityOfPage":{"@id":"https:\/\/comune.santacroce.pi.it\/oldsite\/i-ragazzi-di-santa-croce-e-staffoli-vincono-il-premio-della-giuria-a-amici-per-la-pelle-segnali-di-ottimismo-dalla-fiera\/"},"wordCount":378,"publisher":{"@id":"https:\/\/comune.santacroce.pi.it\/oldsite\/#organization"},"image":{"@id":"https:\/\/comune.santacroce.pi.it\/oldsite\/i-ragazzi-di-santa-croce-e-staffoli-vincono-il-premio-della-giuria-a-amici-per-la-pelle-segnali-di-ottimismo-dalla-fiera\/#primaryimage"},"thumbnailUrl":"https:\/\/comune.santacroce.pi.it\/oldsite\/wp-content\/uploads\/2025\/02\/1000180823-4.jpg","keywords":["amiciperlapelle","assoconciatori","lineapelle"],"articleSection":["Giovani","Giovani","Notizie e informazioni","Scuola"],"inLanguage":"it-IT"},{"@type":"WebPage","@id":"https:\/\/comune.santacroce.pi.it\/oldsite\/i-ragazzi-di-santa-croce-e-staffoli-vincono-il-premio-della-giuria-a-amici-per-la-pelle-segnali-di-ottimismo-dalla-fiera\/","url":"https:\/\/comune.santacroce.pi.it\/oldsite\/i-ragazzi-di-santa-croce-e-staffoli-vincono-il-premio-della-giuria-a-amici-per-la-pelle-segnali-di-ottimismo-dalla-fiera\/","name":"I ragazzi di Santa Croce e Staffoli vincono il premio della giuria a amici per la pelle. Segnali di ottimismo dalla fiera - Comune di Santa Croce sull&#039;Arno","isPartOf":{"@id":"https:\/\/comune.santacroce.pi.it\/oldsite\/#website"},"primaryImageOfPage":{"@id":"https:\/\/comune.santacroce.pi.it\/oldsite\/i-ragazzi-di-santa-croce-e-staffoli-vincono-il-premio-della-giuria-a-amici-per-la-pelle-segnali-di-ottimismo-dalla-fiera\/#primaryimage"},"image":{"@id":"https:\/\/comune.santacroce.pi.it\/oldsite\/i-ragazzi-di-santa-croce-e-staffoli-vincono-il-premio-della-giuria-a-amici-per-la-pelle-segnali-di-ottimismo-dalla-fiera\/#primaryimage"},"thumbnailUrl":"https:\/\/comune.santacroce.pi.it\/oldsite\/wp-content\/uploads\/2025\/02\/1000180823-4.jpg","datePublished":"2025-02-27T15:40:58+00:00","dateModified":"2025-02-27T16:09:05+00:00","description":"Le seconde medie di Santa Croce sull'Arno\/Staffoli vincono il premio della Giuria - Menzione Speciale per la 15esima edizione di \u201cAmici per la pelle\"","breadcrumb":{"@id":"https:\/\/comune.santacroce.pi.it\/oldsite\/i-ragazzi-di-santa-croce-e-staffoli-vincono-il-premio-della-giuria-a-amici-per-la-pelle-segnali-di-ottimismo-dalla-fiera\/#breadcrumb"},"inLanguage":"it-IT","potentialAction":[{"@type":"ReadAction","target":["https:\/\/comune.santacroce.pi.it\/oldsite\/i-ragazzi-di-santa-croce-e-staffoli-vincono-il-premio-della-giuria-a-amici-per-la-pelle-segnali-di-ottimismo-dalla-fiera\/"]}]},{"@type":"ImageObject","inLanguage":"it-IT","@id":"https:\/\/comune.santacroce.pi.it\/oldsite\/i-ragazzi-di-santa-croce-e-staffoli-vincono-il-premio-della-giuria-a-amici-per-la-pelle-segnali-di-ottimismo-dalla-fiera\/#primaryimage","url":"https:\/\/comune.santacroce.pi.it\/oldsite\/wp-content\/uploads\/2025\/02\/1000180823-4.jpg","contentUrl":"https:\/\/comune.santacroce.pi.it\/oldsite\/wp-content\/uploads\/2025\/02\/1000180823-4.jpg","width":1600,"height":720},{"@type":"BreadcrumbList","@id":"https:\/\/comune.santacroce.pi.it\/oldsite\/i-ragazzi-di-santa-croce-e-staffoli-vincono-il-premio-della-giuria-a-amici-per-la-pelle-segnali-di-ottimismo-dalla-fiera\/#breadcrumb","itemListElement":[{"@type":"ListItem","position":1,"name":"Home","item":"https:\/\/comune.santacroce.pi.it\/oldsite\/"},{"@type":"ListItem","position":2,"name":"I ragazzi di Santa Croce e Staffoli vincono il premio della giuria a amici per la pelle. Segnali di ottimismo dalla fiera"}]},{"@type":"WebSite","@id":"https:\/\/comune.santacroce.pi.it\/oldsite\/#website","url":"https:\/\/comune.santacroce.pi.it\/oldsite\/","name":"Comune di Santa Croce sull&#039;Arno","description":"Provincia di Pisa","publisher":{"@id":"https:\/\/comune.santacroce.pi.it\/oldsite\/#organization"},"potentialAction":[{"@type":"SearchAction","target":{"@type":"EntryPoint","urlTemplate":"https:\/\/comune.santacroce.pi.it\/oldsite\/?s={search_term_string}"},"query-input":{"@type":"PropertyValueSpecification","valueRequired":true,"valueName":"search_term_string"}}],"inLanguage":"it-IT"},{"@type":"Organization","@id":"https:\/\/comune.santacroce.pi.it\/oldsite\/#organization","name":"Comune di Santa Croce sull'Arno","url":"https:\/\/comune.santacroce.pi.it\/oldsite\/","logo":{"@type":"ImageObject","inLanguage":"it-IT","@id":"https:\/\/comune.santacroce.pi.it\/oldsite\/#\/schema\/logo\/image\/","url":"https:\/\/comune.santacroce.pi.it\/oldsite\/wp-content\/uploads\/2021\/02\/cropped-Stemma-Santa-Croce-dellArno_500-1.png","contentUrl":"https:\/\/comune.santacroce.pi.it\/oldsite\/wp-content\/uploads\/2021\/02\/cropped-Stemma-Santa-Croce-dellArno_500-1.png","width":500,"height":500,"caption":"Comune di Santa Croce sull'Arno"},"image":{"@id":"https:\/\/comune.santacroce.pi.it\/oldsite\/#\/schema\/logo\/image\/"}},{"@type":"Person","@id":"https:\/\/comune.santacroce.pi.it\/oldsite\/#\/schema\/person\/4090ba9e7ea9cc912af3f647460c80ef","name":"Simone Silvestro","image":{"@type":"ImageObject","inLanguage":"it-IT","@id":"https:\/\/comune.santacroce.pi.it\/oldsite\/#\/schema\/person\/image\/","url":"https:\/\/secure.gravatar.com\/avatar\/d226c2bbe5d2cb6627eaf0ce8cce9bec?s=96&d=mm&r=g","contentUrl":"https:\/\/secure.gravatar.com\/avatar\/d226c2bbe5d2cb6627eaf0ce8cce9bec?s=96&d=mm&r=g","caption":"Simone Silvestro"},"sameAs":["https:\/\/comune.santacroce.pi.it\/oldsite"],"url":"https:\/\/comune.santacroce.pi.it\/oldsite\/author\/ssilvestro\/"}]}},"jetpack_featured_media_url":"https:\/\/comune.santacroce.pi.it\/oldsite\/wp-content\/uploads\/2025\/02\/1000180823-4.jpg","meta_box":{"comunicacity_sync":"1","cc4_urg_colore":"rosso","cc4_urg_data_inizio":"","cc4_urg_data_fine":"","cc4_cor_positivi_oggi":"","cc4_cor_negativizzati_oggi":"","cc4_cor_deceduti_oggi":"","cc4_cor_positivi_totali":"","cc4_cor_negativizzati_totali":"","cc4_cor_deceduti_totali":"","cc4_cor_attualmente_positivi":"","cc4_eve_data_inizio":"","cc4_eve_data_fine":"","cc4_eve_indirizzo":"","cc4_eve_posizione":{"latitude":"0","longitude":"0","zoom":"0"},"cc4_eve_telefono":"","cc4_eve_email":"","cc4_eve_web":"","cc4_eve_fb":""},"_links":{"self":[{"href":"https:\/\/comune.santacroce.pi.it\/oldsite\/wp-json\/wp\/v2\/posts\/26197","targetHints":{"allow":["GET"]}}],"collection":[{"href":"https:\/\/comune.santacroce.pi.it\/oldsite\/wp-json\/wp\/v2\/posts"}],"about":[{"href":"https:\/\/comune.santacroce.pi.it\/oldsite\/wp-json\/wp\/v2\/types\/post"}],"author":[{"embeddable":true,"href":"https:\/\/comune.santacroce.pi.it\/oldsite\/wp-json\/wp\/v2\/users\/45"}],"replies":[{"embeddable":true,"href":"https:\/\/comune.santacroce.pi.it\/oldsite\/wp-json\/wp\/v2\/comments?post=26197"}],"version-history":[{"count":0,"href":"https:\/\/comune.santacroce.pi.it\/oldsite\/wp-json\/wp\/v2\/posts\/26197\/revisions"}],"wp:featuredmedia":[{"embeddable":true,"href":"https:\/\/comune.santacroce.pi.it\/oldsite\/wp-json\/wp\/v2\/media\/26206"}],"wp:attachment":[{"href":"https:\/\/comune.santacroce.pi.it\/oldsite\/wp-json\/wp\/v2\/media?parent=26197"}],"wp:term":[{"taxonomy":"category","embeddable":true,"href":"https:\/\/comune.santacroce.pi.it\/oldsite\/wp-json\/wp\/v2\/categories?post=26197"},{"taxonomy":"post_tag","embeddable":true,"href":"https:\/\/comune.santacroce.pi.it\/oldsite\/wp-json\/wp\/v2\/tags?post=26197"}],"curies":[{"name":"wp","href":"https:\/\/api.w.org\/{rel}","templated":true}]}}