{"id":26045,"date":"2025-02-05T13:29:01","date_gmt":"2025-02-05T12:29:01","guid":{"rendered":"https:\/\/comune.santacroce.pi.it\/oldsite\/?p=26045"},"modified":"2025-02-05T13:43:15","modified_gmt":"2025-02-05T12:43:15","slug":"giannoni-santa-croce-senza-acqua-ho-chiesto-cosa-e-accaduto-e-come-evitare-che-succeda-di-nuovo","status":"publish","type":"post","link":"https:\/\/comune.santacroce.pi.it\/oldsite\/giannoni-santa-croce-senza-acqua-ho-chiesto-cosa-e-accaduto-e-come-evitare-che-succeda-di-nuovo\/","title":{"rendered":"Giannoni: &#8220;Santa Croce senza acqua, ho chiesto cosa \u00e8 accaduto e come evitare che succeda di nuovo&#8221;"},"content":{"rendered":"<p><img loading=\"lazy\" decoding=\"async\" class=\"size-medium wp-image-24907 alignleft\" src=\"https:\/\/comune.santacroce.pi.it\/oldsite\/wp-content\/uploads\/2021\/02\/1IMG_2579-300x288.png\" alt=\"\" width=\"300\" height=\"288\" srcset=\"https:\/\/comune.santacroce.pi.it\/oldsite\/wp-content\/uploads\/2021\/02\/1IMG_2579-300x288.png 300w, https:\/\/comune.santacroce.pi.it\/oldsite\/wp-content\/uploads\/2021\/02\/1IMG_2579.png 750w\" sizes=\"auto, (max-width: 300px) 100vw, 300px\" \/><em>Il <strong>sindaco Roberto Giannoni<\/strong> spiega ai santacrocesi\u00a0 cosa \u00e8 accaduto nella serata di ieri e perch\u00e9 sono rimasti senza acqua.<br \/>\n<\/em><\/p>\n<p>&#8220;Cari cittadini,<br \/>\nnelle ultime 24 ore la nostra comunit\u00e0 si \u00e8 trovato a dover fronteggiare un disservizio sul servizio idrico non previsto e assolutamente spiacevole, che ha lasciato <strong>a secco i nostri rubinetti<\/strong>. A complicare la cosa il fatto che questo si sia verificato dopo un&#8217;interruzione programmata per i lavori di miglioramento che <strong>Acque spa<\/strong> stava svolgendo, allungando di fatto il periodo in cui siamo rimasti senza <strong>acqua potabile.<\/strong><br \/>\nAbbiamo chiesto alla societ\u00e0 che gestisce il servizio<strong> le cause di questo problema<\/strong>. Hanno detto che il guasto inatteso ha interessato la <strong>condotta principale<\/strong> che porta acqua a tutta Santa Croce sull&#8217;Arno e che l&#8217;evento non \u00e8 collegato all&#8217;intervento programmato.<br \/>\n<strong>Ringrazio Acque per la chiarezza con cui ha spiegato il problema<\/strong>, ma allo stesso tempo cercher\u00f2 di <strong>capire meglio se sia possibile evitare che situazioni del genere si verifichino nuovamente<\/strong> anche chiedendo alla societ\u00e0 partecipata come si possa intervenire, scongiurando un ripetersi di quanto accaduto e <strong>cercando di capire con loro se vi sono soluzioni percorribili&#8221;<\/strong>.<\/p>\n","protected":false},"excerpt":{"rendered":"<p>Il sindaco Roberto Giannoni spiega ai santacrocesi\u00a0 cosa \u00e8 accaduto nella serata di ieri e perch\u00e9 sono rimasti senza acqua. &#8220;Cari cittadini, nelle ultime 24 ore la nostra comunit\u00e0 si [&hellip;]<\/p>\n","protected":false},"author":46,"featured_media":24907,"comment_status":"closed","ping_status":"closed","sticky":false,"template":"","format":"standard","meta":{"footnotes":""},"categories":[2,157,158,1,160],"tags":[821,824,823,822,525],"class_list":["post-26045","post","type-post","status-publish","format-standard","has-post-thumbnail","hentry","category-ambiente","category-interruzione-di-servizio","category-manutenzione-e-lavori","category-notizie-e-informazioni","category-pubblica-sicurezza","tag-acque-spa","tag-condotta-principale","tag-disservizio","tag-interruzione-idrica","tag-roberto-giannoni"],"yoast_head":"<!-- This site is optimized with the Yoast SEO plugin v24.7 - https:\/\/yoast.com\/wordpress\/plugins\/seo\/ -->\n<title>Giannoni: &quot;Santa Croce senza acqua, ho chiesto cosa \u00e8 accaduto e come evitare che succeda di nuovo&quot; - Comune di Santa Croce sull&#039;Arno<\/title>\n<meta name=\"description\" content=\"Abbiamo chiesto alla societ\u00e0 che gestisce il servizio le cause di questo problema. Hanno detto che il guasto inatteso ha interessato la condotta principale che porta acqua a tutta Santa Croce sull&#039;Arno e che l&#039;evento non \u00e8 collegato all&#039;intervento programmato.\" \/>\n<meta name=\"robots\" content=\"index, follow, max-snippet:-1, max-image-preview:large, max-video-preview:-1\" \/>\n<link rel=\"canonical\" href=\"https:\/\/comune.santacroce.pi.it\/oldsite\/giannoni-santa-croce-senza-acqua-ho-chiesto-cosa-e-accaduto-e-come-evitare-che-succeda-di-nuovo\/\" \/>\n<meta property=\"og:locale\" content=\"it_IT\" \/>\n<meta property=\"og:type\" content=\"article\" \/>\n<meta property=\"og:title\" content=\"Giannoni: &quot;Santa Croce senza acqua, ho chiesto cosa \u00e8 accaduto e come evitare che succeda di nuovo&quot; - Comune di Santa Croce sull&#039;Arno\" \/>\n<meta property=\"og:description\" content=\"Abbiamo chiesto alla societ\u00e0 che gestisce il servizio le cause di questo problema. Hanno detto che il guasto inatteso ha interessato la condotta principale che porta acqua a tutta Santa Croce sull&#039;Arno e che l&#039;evento non \u00e8 collegato all&#039;intervento programmato.\" \/>\n<meta property=\"og:url\" content=\"https:\/\/comune.santacroce.pi.it\/oldsite\/giannoni-santa-croce-senza-acqua-ho-chiesto-cosa-e-accaduto-e-come-evitare-che-succeda-di-nuovo\/\" \/>\n<meta property=\"og:site_name\" content=\"Comune di Santa Croce sull&#039;Arno\" \/>\n<meta property=\"article:published_time\" content=\"2025-02-05T12:29:01+00:00\" \/>\n<meta property=\"article:modified_time\" content=\"2025-02-05T12:43:15+00:00\" \/>\n<meta property=\"og:image\" content=\"https:\/\/comune.santacroce.pi.it\/oldsite\/wp-content\/uploads\/2021\/02\/1IMG_2579.png\" \/>\n\t<meta property=\"og:image:width\" content=\"750\" \/>\n\t<meta property=\"og:image:height\" content=\"720\" \/>\n\t<meta property=\"og:image:type\" content=\"image\/png\" \/>\n<meta name=\"author\" content=\"Gabriele Mori\" \/>\n<meta name=\"twitter:card\" content=\"summary_large_image\" \/>\n<meta name=\"twitter:label1\" content=\"Scritto da\" \/>\n\t<meta name=\"twitter:data1\" content=\"Gabriele Mori\" \/>\n\t<meta name=\"twitter:label2\" content=\"Tempo di lettura stimato\" \/>\n\t<meta name=\"twitter:data2\" content=\"2 minuti\" \/>\n<script type=\"application\/ld+json\" class=\"yoast-schema-graph\">{\"@context\":\"https:\/\/schema.org\",\"@graph\":[{\"@type\":\"Article\",\"@id\":\"https:\/\/comune.santacroce.pi.it\/oldsite\/giannoni-santa-croce-senza-acqua-ho-chiesto-cosa-e-accaduto-e-come-evitare-che-succeda-di-nuovo\/#article\",\"isPartOf\":{\"@id\":\"https:\/\/comune.santacroce.pi.it\/oldsite\/giannoni-santa-croce-senza-acqua-ho-chiesto-cosa-e-accaduto-e-come-evitare-che-succeda-di-nuovo\/\"},\"author\":{\"name\":\"Gabriele Mori\",\"@id\":\"https:\/\/comune.santacroce.pi.it\/oldsite\/#\/schema\/person\/0d96f3193d14ec1176b2e8b1d7568f9b\"},\"headline\":\"Giannoni: &#8220;Santa Croce senza acqua, ho chiesto cosa \u00e8 accaduto e come evitare che succeda di nuovo&#8221;\",\"datePublished\":\"2025-02-05T12:29:01+00:00\",\"dateModified\":\"2025-02-05T12:43:15+00:00\",\"mainEntityOfPage\":{\"@id\":\"https:\/\/comune.santacroce.pi.it\/oldsite\/giannoni-santa-croce-senza-acqua-ho-chiesto-cosa-e-accaduto-e-come-evitare-che-succeda-di-nuovo\/\"},\"wordCount\":201,\"publisher\":{\"@id\":\"https:\/\/comune.santacroce.pi.it\/oldsite\/#organization\"},\"image\":{\"@id\":\"https:\/\/comune.santacroce.pi.it\/oldsite\/giannoni-santa-croce-senza-acqua-ho-chiesto-cosa-e-accaduto-e-come-evitare-che-succeda-di-nuovo\/#primaryimage\"},\"thumbnailUrl\":\"https:\/\/comune.santacroce.pi.it\/oldsite\/wp-content\/uploads\/2021\/02\/1IMG_2579.png\",\"keywords\":[\"acque spa\",\"condotta principale\",\"disservizio\",\"interruzione idrica\",\"roberto giannoni\"],\"articleSection\":[\"Ambiente\",\"Interruzione di servizio\",\"Manutenzione e lavori\",\"Notizie e informazioni\",\"Pubblica sicurezza\"],\"inLanguage\":\"it-IT\"},{\"@type\":\"WebPage\",\"@id\":\"https:\/\/comune.santacroce.pi.it\/oldsite\/giannoni-santa-croce-senza-acqua-ho-chiesto-cosa-e-accaduto-e-come-evitare-che-succeda-di-nuovo\/\",\"url\":\"https:\/\/comune.santacroce.pi.it\/oldsite\/giannoni-santa-croce-senza-acqua-ho-chiesto-cosa-e-accaduto-e-come-evitare-che-succeda-di-nuovo\/\",\"name\":\"Giannoni: \\\"Santa Croce senza acqua, ho chiesto cosa \u00e8 accaduto e come evitare che succeda di nuovo\\\" - Comune di Santa Croce sull&#039;Arno\",\"isPartOf\":{\"@id\":\"https:\/\/comune.santacroce.pi.it\/oldsite\/#website\"},\"primaryImageOfPage\":{\"@id\":\"https:\/\/comune.santacroce.pi.it\/oldsite\/giannoni-santa-croce-senza-acqua-ho-chiesto-cosa-e-accaduto-e-come-evitare-che-succeda-di-nuovo\/#primaryimage\"},\"image\":{\"@id\":\"https:\/\/comune.santacroce.pi.it\/oldsite\/giannoni-santa-croce-senza-acqua-ho-chiesto-cosa-e-accaduto-e-come-evitare-che-succeda-di-nuovo\/#primaryimage\"},\"thumbnailUrl\":\"https:\/\/comune.santacroce.pi.it\/oldsite\/wp-content\/uploads\/2021\/02\/1IMG_2579.png\",\"datePublished\":\"2025-02-05T12:29:01+00:00\",\"dateModified\":\"2025-02-05T12:43:15+00:00\",\"description\":\"Abbiamo chiesto alla societ\u00e0 che gestisce il servizio le cause di questo problema. Hanno detto che il guasto inatteso ha interessato la condotta principale che porta acqua a tutta Santa Croce sull'Arno e che l'evento non \u00e8 collegato all'intervento programmato.\",\"breadcrumb\":{\"@id\":\"https:\/\/comune.santacroce.pi.it\/oldsite\/giannoni-santa-croce-senza-acqua-ho-chiesto-cosa-e-accaduto-e-come-evitare-che-succeda-di-nuovo\/#breadcrumb\"},\"inLanguage\":\"it-IT\",\"potentialAction\":[{\"@type\":\"ReadAction\",\"target\":[\"https:\/\/comune.santacroce.pi.it\/oldsite\/giannoni-santa-croce-senza-acqua-ho-chiesto-cosa-e-accaduto-e-come-evitare-che-succeda-di-nuovo\/\"]}]},{\"@type\":\"ImageObject\",\"inLanguage\":\"it-IT\",\"@id\":\"https:\/\/comune.santacroce.pi.it\/oldsite\/giannoni-santa-croce-senza-acqua-ho-chiesto-cosa-e-accaduto-e-come-evitare-che-succeda-di-nuovo\/#primaryimage\",\"url\":\"https:\/\/comune.santacroce.pi.it\/oldsite\/wp-content\/uploads\/2021\/02\/1IMG_2579.png\",\"contentUrl\":\"https:\/\/comune.santacroce.pi.it\/oldsite\/wp-content\/uploads\/2021\/02\/1IMG_2579.png\",\"width\":750,\"height\":720},{\"@type\":\"BreadcrumbList\",\"@id\":\"https:\/\/comune.santacroce.pi.it\/oldsite\/giannoni-santa-croce-senza-acqua-ho-chiesto-cosa-e-accaduto-e-come-evitare-che-succeda-di-nuovo\/#breadcrumb\",\"itemListElement\":[{\"@type\":\"ListItem\",\"position\":1,\"name\":\"Home\",\"item\":\"https:\/\/comune.santacroce.pi.it\/oldsite\/\"},{\"@type\":\"ListItem\",\"position\":2,\"name\":\"Giannoni: &#8220;Santa Croce senza acqua, ho chiesto cosa \u00e8 accaduto e come evitare che succeda di nuovo&#8221;\"}]},{\"@type\":\"WebSite\",\"@id\":\"https:\/\/comune.santacroce.pi.it\/oldsite\/#website\",\"url\":\"https:\/\/comune.santacroce.pi.it\/oldsite\/\",\"name\":\"Comune di Santa Croce sull&#039;Arno\",\"description\":\"Provincia di Pisa\",\"publisher\":{\"@id\":\"https:\/\/comune.santacroce.pi.it\/oldsite\/#organization\"},\"potentialAction\":[{\"@type\":\"SearchAction\",\"target\":{\"@type\":\"EntryPoint\",\"urlTemplate\":\"https:\/\/comune.santacroce.pi.it\/oldsite\/?s={search_term_string}\"},\"query-input\":{\"@type\":\"PropertyValueSpecification\",\"valueRequired\":true,\"valueName\":\"search_term_string\"}}],\"inLanguage\":\"it-IT\"},{\"@type\":\"Organization\",\"@id\":\"https:\/\/comune.santacroce.pi.it\/oldsite\/#organization\",\"name\":\"Comune di Santa Croce sull'Arno\",\"url\":\"https:\/\/comune.santacroce.pi.it\/oldsite\/\",\"logo\":{\"@type\":\"ImageObject\",\"inLanguage\":\"it-IT\",\"@id\":\"https:\/\/comune.santacroce.pi.it\/oldsite\/#\/schema\/logo\/image\/\",\"url\":\"https:\/\/comune.santacroce.pi.it\/oldsite\/wp-content\/uploads\/2021\/02\/cropped-Stemma-Santa-Croce-dellArno_500-1.png\",\"contentUrl\":\"https:\/\/comune.santacroce.pi.it\/oldsite\/wp-content\/uploads\/2021\/02\/cropped-Stemma-Santa-Croce-dellArno_500-1.png\",\"width\":500,\"height\":500,\"caption\":\"Comune di Santa Croce sull'Arno\"},\"image\":{\"@id\":\"https:\/\/comune.santacroce.pi.it\/oldsite\/#\/schema\/logo\/image\/\"}},{\"@type\":\"Person\",\"@id\":\"https:\/\/comune.santacroce.pi.it\/oldsite\/#\/schema\/person\/0d96f3193d14ec1176b2e8b1d7568f9b\",\"name\":\"Gabriele Mori\",\"image\":{\"@type\":\"ImageObject\",\"inLanguage\":\"it-IT\",\"@id\":\"https:\/\/comune.santacroce.pi.it\/oldsite\/#\/schema\/person\/image\/\",\"url\":\"https:\/\/secure.gravatar.com\/avatar\/4822dca0f755ab87ef748979c3d1a6a1?s=96&d=mm&r=g\",\"contentUrl\":\"https:\/\/secure.gravatar.com\/avatar\/4822dca0f755ab87ef748979c3d1a6a1?s=96&d=mm&r=g\",\"caption\":\"Gabriele Mori\"},\"url\":\"https:\/\/comune.santacroce.pi.it\/oldsite\/author\/gmori\/\"}]}<\/script>\n<!-- \/ Yoast SEO plugin. -->","yoast_head_json":{"title":"Giannoni: \"Santa Croce senza acqua, ho chiesto cosa \u00e8 accaduto e come evitare che succeda di nuovo\" - Comune di Santa Croce sull&#039;Arno","description":"Abbiamo chiesto alla societ\u00e0 che gestisce il servizio le cause di questo problema. Hanno detto che il guasto inatteso ha interessato la condotta principale che porta acqua a tutta Santa Croce sull'Arno e che l'evento non \u00e8 collegato all'intervento programmato.","robots":{"index":"index","follow":"follow","max-snippet":"max-snippet:-1","max-image-preview":"max-image-preview:large","max-video-preview":"max-video-preview:-1"},"canonical":"https:\/\/comune.santacroce.pi.it\/oldsite\/giannoni-santa-croce-senza-acqua-ho-chiesto-cosa-e-accaduto-e-come-evitare-che-succeda-di-nuovo\/","og_locale":"it_IT","og_type":"article","og_title":"Giannoni: \"Santa Croce senza acqua, ho chiesto cosa \u00e8 accaduto e come evitare che succeda di nuovo\" - Comune di Santa Croce sull&#039;Arno","og_description":"Abbiamo chiesto alla societ\u00e0 che gestisce il servizio le cause di questo problema. Hanno detto che il guasto inatteso ha interessato la condotta principale che porta acqua a tutta Santa Croce sull'Arno e che l'evento non \u00e8 collegato all'intervento programmato.","og_url":"https:\/\/comune.santacroce.pi.it\/oldsite\/giannoni-santa-croce-senza-acqua-ho-chiesto-cosa-e-accaduto-e-come-evitare-che-succeda-di-nuovo\/","og_site_name":"Comune di Santa Croce sull&#039;Arno","article_published_time":"2025-02-05T12:29:01+00:00","article_modified_time":"2025-02-05T12:43:15+00:00","og_image":[{"width":750,"height":720,"url":"https:\/\/comune.santacroce.pi.it\/oldsite\/wp-content\/uploads\/2021\/02\/1IMG_2579.png","type":"image\/png"}],"author":"Gabriele Mori","twitter_card":"summary_large_image","twitter_misc":{"Scritto da":"Gabriele Mori","Tempo di lettura stimato":"2 minuti"},"schema":{"@context":"https:\/\/schema.org","@graph":[{"@type":"Article","@id":"https:\/\/comune.santacroce.pi.it\/oldsite\/giannoni-santa-croce-senza-acqua-ho-chiesto-cosa-e-accaduto-e-come-evitare-che-succeda-di-nuovo\/#article","isPartOf":{"@id":"https:\/\/comune.santacroce.pi.it\/oldsite\/giannoni-santa-croce-senza-acqua-ho-chiesto-cosa-e-accaduto-e-come-evitare-che-succeda-di-nuovo\/"},"author":{"name":"Gabriele Mori","@id":"https:\/\/comune.santacroce.pi.it\/oldsite\/#\/schema\/person\/0d96f3193d14ec1176b2e8b1d7568f9b"},"headline":"Giannoni: &#8220;Santa Croce senza acqua, ho chiesto cosa \u00e8 accaduto e come evitare che succeda di nuovo&#8221;","datePublished":"2025-02-05T12:29:01+00:00","dateModified":"2025-02-05T12:43:15+00:00","mainEntityOfPage":{"@id":"https:\/\/comune.santacroce.pi.it\/oldsite\/giannoni-santa-croce-senza-acqua-ho-chiesto-cosa-e-accaduto-e-come-evitare-che-succeda-di-nuovo\/"},"wordCount":201,"publisher":{"@id":"https:\/\/comune.santacroce.pi.it\/oldsite\/#organization"},"image":{"@id":"https:\/\/comune.santacroce.pi.it\/oldsite\/giannoni-santa-croce-senza-acqua-ho-chiesto-cosa-e-accaduto-e-come-evitare-che-succeda-di-nuovo\/#primaryimage"},"thumbnailUrl":"https:\/\/comune.santacroce.pi.it\/oldsite\/wp-content\/uploads\/2021\/02\/1IMG_2579.png","keywords":["acque spa","condotta principale","disservizio","interruzione idrica","roberto giannoni"],"articleSection":["Ambiente","Interruzione di servizio","Manutenzione e lavori","Notizie e informazioni","Pubblica sicurezza"],"inLanguage":"it-IT"},{"@type":"WebPage","@id":"https:\/\/comune.santacroce.pi.it\/oldsite\/giannoni-santa-croce-senza-acqua-ho-chiesto-cosa-e-accaduto-e-come-evitare-che-succeda-di-nuovo\/","url":"https:\/\/comune.santacroce.pi.it\/oldsite\/giannoni-santa-croce-senza-acqua-ho-chiesto-cosa-e-accaduto-e-come-evitare-che-succeda-di-nuovo\/","name":"Giannoni: \"Santa Croce senza acqua, ho chiesto cosa \u00e8 accaduto e come evitare che succeda di nuovo\" - Comune di Santa Croce sull&#039;Arno","isPartOf":{"@id":"https:\/\/comune.santacroce.pi.it\/oldsite\/#website"},"primaryImageOfPage":{"@id":"https:\/\/comune.santacroce.pi.it\/oldsite\/giannoni-santa-croce-senza-acqua-ho-chiesto-cosa-e-accaduto-e-come-evitare-che-succeda-di-nuovo\/#primaryimage"},"image":{"@id":"https:\/\/comune.santacroce.pi.it\/oldsite\/giannoni-santa-croce-senza-acqua-ho-chiesto-cosa-e-accaduto-e-come-evitare-che-succeda-di-nuovo\/#primaryimage"},"thumbnailUrl":"https:\/\/comune.santacroce.pi.it\/oldsite\/wp-content\/uploads\/2021\/02\/1IMG_2579.png","datePublished":"2025-02-05T12:29:01+00:00","dateModified":"2025-02-05T12:43:15+00:00","description":"Abbiamo chiesto alla societ\u00e0 che gestisce il servizio le cause di questo problema. Hanno detto che il guasto inatteso ha interessato la condotta principale che porta acqua a tutta Santa Croce sull'Arno e che l'evento non \u00e8 collegato all'intervento programmato.","breadcrumb":{"@id":"https:\/\/comune.santacroce.pi.it\/oldsite\/giannoni-santa-croce-senza-acqua-ho-chiesto-cosa-e-accaduto-e-come-evitare-che-succeda-di-nuovo\/#breadcrumb"},"inLanguage":"it-IT","potentialAction":[{"@type":"ReadAction","target":["https:\/\/comune.santacroce.pi.it\/oldsite\/giannoni-santa-croce-senza-acqua-ho-chiesto-cosa-e-accaduto-e-come-evitare-che-succeda-di-nuovo\/"]}]},{"@type":"ImageObject","inLanguage":"it-IT","@id":"https:\/\/comune.santacroce.pi.it\/oldsite\/giannoni-santa-croce-senza-acqua-ho-chiesto-cosa-e-accaduto-e-come-evitare-che-succeda-di-nuovo\/#primaryimage","url":"https:\/\/comune.santacroce.pi.it\/oldsite\/wp-content\/uploads\/2021\/02\/1IMG_2579.png","contentUrl":"https:\/\/comune.santacroce.pi.it\/oldsite\/wp-content\/uploads\/2021\/02\/1IMG_2579.png","width":750,"height":720},{"@type":"BreadcrumbList","@id":"https:\/\/comune.santacroce.pi.it\/oldsite\/giannoni-santa-croce-senza-acqua-ho-chiesto-cosa-e-accaduto-e-come-evitare-che-succeda-di-nuovo\/#breadcrumb","itemListElement":[{"@type":"ListItem","position":1,"name":"Home","item":"https:\/\/comune.santacroce.pi.it\/oldsite\/"},{"@type":"ListItem","position":2,"name":"Giannoni: &#8220;Santa Croce senza acqua, ho chiesto cosa \u00e8 accaduto e come evitare che succeda di nuovo&#8221;"}]},{"@type":"WebSite","@id":"https:\/\/comune.santacroce.pi.it\/oldsite\/#website","url":"https:\/\/comune.santacroce.pi.it\/oldsite\/","name":"Comune di Santa Croce sull&#039;Arno","description":"Provincia di Pisa","publisher":{"@id":"https:\/\/comune.santacroce.pi.it\/oldsite\/#organization"},"potentialAction":[{"@type":"SearchAction","target":{"@type":"EntryPoint","urlTemplate":"https:\/\/comune.santacroce.pi.it\/oldsite\/?s={search_term_string}"},"query-input":{"@type":"PropertyValueSpecification","valueRequired":true,"valueName":"search_term_string"}}],"inLanguage":"it-IT"},{"@type":"Organization","@id":"https:\/\/comune.santacroce.pi.it\/oldsite\/#organization","name":"Comune di Santa Croce sull'Arno","url":"https:\/\/comune.santacroce.pi.it\/oldsite\/","logo":{"@type":"ImageObject","inLanguage":"it-IT","@id":"https:\/\/comune.santacroce.pi.it\/oldsite\/#\/schema\/logo\/image\/","url":"https:\/\/comune.santacroce.pi.it\/oldsite\/wp-content\/uploads\/2021\/02\/cropped-Stemma-Santa-Croce-dellArno_500-1.png","contentUrl":"https:\/\/comune.santacroce.pi.it\/oldsite\/wp-content\/uploads\/2021\/02\/cropped-Stemma-Santa-Croce-dellArno_500-1.png","width":500,"height":500,"caption":"Comune di Santa Croce sull'Arno"},"image":{"@id":"https:\/\/comune.santacroce.pi.it\/oldsite\/#\/schema\/logo\/image\/"}},{"@type":"Person","@id":"https:\/\/comune.santacroce.pi.it\/oldsite\/#\/schema\/person\/0d96f3193d14ec1176b2e8b1d7568f9b","name":"Gabriele Mori","image":{"@type":"ImageObject","inLanguage":"it-IT","@id":"https:\/\/comune.santacroce.pi.it\/oldsite\/#\/schema\/person\/image\/","url":"https:\/\/secure.gravatar.com\/avatar\/4822dca0f755ab87ef748979c3d1a6a1?s=96&d=mm&r=g","contentUrl":"https:\/\/secure.gravatar.com\/avatar\/4822dca0f755ab87ef748979c3d1a6a1?s=96&d=mm&r=g","caption":"Gabriele Mori"},"url":"https:\/\/comune.santacroce.pi.it\/oldsite\/author\/gmori\/"}]}},"jetpack_featured_media_url":"https:\/\/comune.santacroce.pi.it\/oldsite\/wp-content\/uploads\/2021\/02\/1IMG_2579.png","meta_box":{"comunicacity_sync":"1","cc4_urg_colore":"rosso","cc4_urg_data_inizio":"","cc4_urg_data_fine":"","cc4_cor_positivi_oggi":"","cc4_cor_negativizzati_oggi":"","cc4_cor_deceduti_oggi":"","cc4_cor_positivi_totali":"","cc4_cor_negativizzati_totali":"","cc4_cor_deceduti_totali":"","cc4_cor_attualmente_positivi":"","cc4_eve_data_inizio":"","cc4_eve_data_fine":"","cc4_eve_indirizzo":"","cc4_eve_posizione":{"latitude":"0","longitude":"0","zoom":"0"},"cc4_eve_telefono":"","cc4_eve_email":"","cc4_eve_web":"","cc4_eve_fb":""},"_links":{"self":[{"href":"https:\/\/comune.santacroce.pi.it\/oldsite\/wp-json\/wp\/v2\/posts\/26045","targetHints":{"allow":["GET"]}}],"collection":[{"href":"https:\/\/comune.santacroce.pi.it\/oldsite\/wp-json\/wp\/v2\/posts"}],"about":[{"href":"https:\/\/comune.santacroce.pi.it\/oldsite\/wp-json\/wp\/v2\/types\/post"}],"author":[{"embeddable":true,"href":"https:\/\/comune.santacroce.pi.it\/oldsite\/wp-json\/wp\/v2\/users\/46"}],"replies":[{"embeddable":true,"href":"https:\/\/comune.santacroce.pi.it\/oldsite\/wp-json\/wp\/v2\/comments?post=26045"}],"version-history":[{"count":0,"href":"https:\/\/comune.santacroce.pi.it\/oldsite\/wp-json\/wp\/v2\/posts\/26045\/revisions"}],"wp:featuredmedia":[{"embeddable":true,"href":"https:\/\/comune.santacroce.pi.it\/oldsite\/wp-json\/wp\/v2\/media\/24907"}],"wp:attachment":[{"href":"https:\/\/comune.santacroce.pi.it\/oldsite\/wp-json\/wp\/v2\/media?parent=26045"}],"wp:term":[{"taxonomy":"category","embeddable":true,"href":"https:\/\/comune.santacroce.pi.it\/oldsite\/wp-json\/wp\/v2\/categories?post=26045"},{"taxonomy":"post_tag","embeddable":true,"href":"https:\/\/comune.santacroce.pi.it\/oldsite\/wp-json\/wp\/v2\/tags?post=26045"}],"curies":[{"name":"wp","href":"https:\/\/api.w.org\/{rel}","templated":true}]}}