{"id":25965,"date":"2025-01-28T18:09:17","date_gmt":"2025-01-28T17:09:17","guid":{"rendered":"https:\/\/comune.santacroce.pi.it\/oldsite\/?p=25965"},"modified":"2025-01-29T14:15:03","modified_gmt":"2025-01-29T13:15:03","slug":"santa-croce-sullarno-ricorda-arrigo-coen-e-olga-galletti-giannoni-giusto-commemorare-le-vittime-della-shoa-ma-ricordiamo-anche-le-discriminazioni-di-oggi","status":"publish","type":"post","link":"https:\/\/comune.santacroce.pi.it\/oldsite\/santa-croce-sullarno-ricorda-arrigo-coen-e-olga-galletti-giannoni-giusto-commemorare-le-vittime-della-shoa-ma-ricordiamo-anche-le-discriminazioni-di-oggi\/","title":{"rendered":"Santa Croce sull&#8217;Arno ricorda Arrigo Coen e Olga Galletti, Giannoni : &#8220;Giusto commemorare le vittime della Shoah, ma ricordiamo anche le discriminazioni di oggi&#8221;"},"content":{"rendered":"<p><img loading=\"lazy\" decoding=\"async\" class=\"size-medium wp-image-25968 alignleft\" src=\"https:\/\/comune.santacroce.pi.it\/oldsite\/wp-content\/uploads\/2025\/01\/Immagine-WhatsApp-2025-01-27-ore-09.18.57_08b79277-300x252.jpg\" alt=\"\" width=\"300\" height=\"252\" srcset=\"https:\/\/comune.santacroce.pi.it\/oldsite\/wp-content\/uploads\/2025\/01\/Immagine-WhatsApp-2025-01-27-ore-09.18.57_08b79277-300x252.jpg 300w, https:\/\/comune.santacroce.pi.it\/oldsite\/wp-content\/uploads\/2025\/01\/Immagine-WhatsApp-2025-01-27-ore-09.18.57_08b79277.jpg 720w\" sizes=\"auto, (max-width: 300px) 100vw, 300px\" \/>Questa mattina 27 gennaio, giorno in cui si commemorano le vittime della <strong>Shoah<\/strong>, in occasione della liberazione del campo di concentramento di<strong> Auschwitz<\/strong> da parte dell&#8217;Armata Rossa, l&#8217;amministrazione comunale di <strong>Santa Croce sull&#8217;Arno<\/strong>, tra la vari iniziative organizzate, ha deposto un mazzo di fiori al cippo che si trova davanti il municipio per ricordare due vittime dell&#8217;olocausto che furono catturate a Santa Croce sull&#8217;Arno: <strong>Arrigo Coen e Olga Galletti<\/strong>. Una cerimonia semplice ma toccante, soprattutto per quanto detto dal primo cittadino <strong>Roberto Giannoni<\/strong>, che oltre a commemorare le vittime, ha provato ad attualizzare il messaggio storico che nasce dal Giorno della Memoria.<br \/>\nAlla celebrazione erano presenti anche l&#8217;assessore alla cultura <strong>Simone Balsanti<\/strong>, l&#8217;assessore alla cittadinanza <strong>Renato Rusconi<\/strong> e i rappresentati delle varie associazioni che aderiscono al tavolo della memoria tra cui la <strong>Pubblica assistenza, la Misericordia, la Proloco e l&#8217;Anpi<\/strong>.<br \/>\n\u201cLa <strong>Giornata della Memoria<\/strong> \u2013 ha detto Giannoni &#8211; non serve solo a commemorare quei milioni di persone uccise crudelmente e senza nessuna piet\u00e0 80 anni fa. Serve a ricordare che ogni giorno esistono tante piccole discriminazioni verso chi ci sembra diverso da noi. Spesso noi stessi ne siamo gli autori, senza rendercene conto.<br \/>\nLa Giornata della Memoria ci ricorda che verso queste discriminazioni non alziamo abbastanza la voce e che spesso, per comodit\u00e0 e opportunismo, ci nascondiamo in quella che gli storici chiamano la zona grigia. Si tratta di una zona della mente e del nostro comportamento, a met\u00e0 tra il bianco e il nero, tra l\u2019innocenza e la colpevolezza. In questa zona ad avere la meglio, alla fine, \u00e8 l\u2019indifferenza per chi viene isolato e non accettato.<br \/>\nPer evitare che una tragedia come quella dell\u2019Olocausto si ripeta occorre ricordare e soprattutto capire.<br \/>\nServono momenti di riflessione anche con nuovi linguaggi per coinvolgere bambine, bambini, ragazze e ragazzi attorno ai temi dell\u2019Olocausto, delle deportazioni, delle discriminazioni e della diversit\u00e0 che hanno segnato quel periodo e che ancora oggi devono essere ricordati, elaborati e discussi per affrontare con maggiore consapevolezza le insidie del presente.<br \/>\nScrive<b>\u00a0Lia Levi\u00a0<\/b>nel bel libro<b>\u00a0\u201cIl Giorno della Memoria spiegato ai miei nipoti\u201d<\/b><i>: \u201cRicordare non basta, il ricordo non resta l\u00ec per sempre. A volte ci si emoziona per un attimo e poi tutto vola via. Perch\u00e9 resti, questo \u00e8 il punto, il ricordo si deve trasformare in memoria. Memoria \u00e8 quando i ricordi sono diventati mattoncini del nostro oggi. Noi siamo qui e rappresentiamo il presente, lo sappiamo, ma senza il passato non avremmo senso, saremmo una scatola vuota\u201d.<\/i><\/p>\n","protected":false},"excerpt":{"rendered":"<p>Questa mattina 27 gennaio, giorno in cui si commemorano le vittime della Shoah, in occasione della liberazione del campo di concentramento di Auschwitz da parte dell&#8217;Armata Rossa, l&#8217;amministrazione comunale di [&hellip;]<\/p>\n","protected":false},"author":46,"featured_media":25967,"comment_status":"closed","ping_status":"closed","sticky":false,"template":"","format":"standard","meta":{"footnotes":""},"categories":[154,162],"tags":[778,755,776,777,775,774,525,544,567],"class_list":["post-25965","post","type-post","status-publish","format-standard","has-post-thumbnail","hentry","category-cultura","category-scuola","tag-anpi","tag-giornata-della-memoria","tag-misericordia","tag-proloco","tag-pubblica-assistenza","tag-rento-rusconi","tag-roberto-giannoni","tag-santa-croce-sullarno","tag-simone-balsanti"],"yoast_head":"<!-- This site is optimized with the Yoast SEO plugin v24.7 - https:\/\/yoast.com\/wordpress\/plugins\/seo\/ -->\n<title>Santa Croce sull&#039;Arno ricorda Arrigo Coen e Olga Galletti, Giannoni : &quot;Giusto commemorare le vittime della Shoah, ma ricordiamo anche le discriminazioni di oggi&quot; - Comune di Santa Croce sull&#039;Arno<\/title>\n<meta name=\"description\" content=\"La Giornata della Memoria \u2013 ha detto Giannoni - non serve solo a commemorare quei milioni di persone uccise crudelmente e senza nessuna piet\u00e0 80 anni fa. Serve a ricordare che ogni giorno esistono tante piccole discriminazioni verso chi ci sembra diverso da noi. Spesso noi stessi ne siamo gli autori, senza rendercene conto\" \/>\n<meta name=\"robots\" content=\"index, follow, max-snippet:-1, max-image-preview:large, max-video-preview:-1\" \/>\n<link rel=\"canonical\" href=\"https:\/\/comune.santacroce.pi.it\/oldsite\/santa-croce-sullarno-ricorda-arrigo-coen-e-olga-galletti-giannoni-giusto-commemorare-le-vittime-della-shoa-ma-ricordiamo-anche-le-discriminazioni-di-oggi\/\" \/>\n<meta property=\"og:locale\" content=\"it_IT\" \/>\n<meta property=\"og:type\" content=\"article\" \/>\n<meta property=\"og:title\" content=\"Santa Croce sull&#039;Arno ricorda Arrigo Coen e Olga Galletti, Giannoni : &quot;Giusto commemorare le vittime della Shoah, ma ricordiamo anche le discriminazioni di oggi&quot; - Comune di Santa Croce sull&#039;Arno\" \/>\n<meta property=\"og:description\" content=\"La Giornata della Memoria \u2013 ha detto Giannoni - non serve solo a commemorare quei milioni di persone uccise crudelmente e senza nessuna piet\u00e0 80 anni fa. Serve a ricordare che ogni giorno esistono tante piccole discriminazioni verso chi ci sembra diverso da noi. Spesso noi stessi ne siamo gli autori, senza rendercene conto\" \/>\n<meta property=\"og:url\" content=\"https:\/\/comune.santacroce.pi.it\/oldsite\/santa-croce-sullarno-ricorda-arrigo-coen-e-olga-galletti-giannoni-giusto-commemorare-le-vittime-della-shoa-ma-ricordiamo-anche-le-discriminazioni-di-oggi\/\" \/>\n<meta property=\"og:site_name\" content=\"Comune di Santa Croce sull&#039;Arno\" \/>\n<meta property=\"article:published_time\" content=\"2025-01-28T17:09:17+00:00\" \/>\n<meta property=\"article:modified_time\" content=\"2025-01-29T13:15:03+00:00\" \/>\n<meta property=\"og:image\" content=\"https:\/\/comune.santacroce.pi.it\/oldsite\/wp-content\/uploads\/2025\/01\/Immagine-WhatsApp-2025-01-27-ore-09.18.56_bdc84bfd.jpg\" \/>\n\t<meta property=\"og:image:width\" content=\"1600\" \/>\n\t<meta property=\"og:image:height\" content=\"720\" \/>\n\t<meta property=\"og:image:type\" content=\"image\/jpeg\" \/>\n<meta name=\"author\" content=\"Gabriele Mori\" \/>\n<meta name=\"twitter:card\" content=\"summary_large_image\" \/>\n<meta name=\"twitter:label1\" content=\"Scritto da\" \/>\n\t<meta name=\"twitter:data1\" content=\"Gabriele Mori\" \/>\n\t<meta name=\"twitter:label2\" content=\"Tempo di lettura stimato\" \/>\n\t<meta name=\"twitter:data2\" content=\"3 minuti\" \/>\n<script type=\"application\/ld+json\" class=\"yoast-schema-graph\">{\"@context\":\"https:\/\/schema.org\",\"@graph\":[{\"@type\":\"Article\",\"@id\":\"https:\/\/comune.santacroce.pi.it\/oldsite\/santa-croce-sullarno-ricorda-arrigo-coen-e-olga-galletti-giannoni-giusto-commemorare-le-vittime-della-shoa-ma-ricordiamo-anche-le-discriminazioni-di-oggi\/#article\",\"isPartOf\":{\"@id\":\"https:\/\/comune.santacroce.pi.it\/oldsite\/santa-croce-sullarno-ricorda-arrigo-coen-e-olga-galletti-giannoni-giusto-commemorare-le-vittime-della-shoa-ma-ricordiamo-anche-le-discriminazioni-di-oggi\/\"},\"author\":{\"name\":\"Gabriele Mori\",\"@id\":\"https:\/\/comune.santacroce.pi.it\/oldsite\/#\/schema\/person\/0d96f3193d14ec1176b2e8b1d7568f9b\"},\"headline\":\"Santa Croce sull&#8217;Arno ricorda Arrigo Coen e Olga Galletti, Giannoni : &#8220;Giusto commemorare le vittime della Shoah, ma ricordiamo anche le discriminazioni di oggi&#8221;\",\"datePublished\":\"2025-01-28T17:09:17+00:00\",\"dateModified\":\"2025-01-29T13:15:03+00:00\",\"mainEntityOfPage\":{\"@id\":\"https:\/\/comune.santacroce.pi.it\/oldsite\/santa-croce-sullarno-ricorda-arrigo-coen-e-olga-galletti-giannoni-giusto-commemorare-le-vittime-della-shoa-ma-ricordiamo-anche-le-discriminazioni-di-oggi\/\"},\"wordCount\":445,\"publisher\":{\"@id\":\"https:\/\/comune.santacroce.pi.it\/oldsite\/#organization\"},\"image\":{\"@id\":\"https:\/\/comune.santacroce.pi.it\/oldsite\/santa-croce-sullarno-ricorda-arrigo-coen-e-olga-galletti-giannoni-giusto-commemorare-le-vittime-della-shoa-ma-ricordiamo-anche-le-discriminazioni-di-oggi\/#primaryimage\"},\"thumbnailUrl\":\"https:\/\/comune.santacroce.pi.it\/oldsite\/wp-content\/uploads\/2025\/01\/Immagine-WhatsApp-2025-01-27-ore-09.18.56_bdc84bfd.jpg\",\"keywords\":[\"Anpi\",\"Giornata della Memoria\",\"Misericordia\",\"Proloco\",\"Pubblica assistenza\",\"RENTO RUSCONI\",\"roberto giannoni\",\"santa croce sull'arno\",\"Simone Balsanti\"],\"articleSection\":[\"Cultura\",\"Scuola\"],\"inLanguage\":\"it-IT\"},{\"@type\":\"WebPage\",\"@id\":\"https:\/\/comune.santacroce.pi.it\/oldsite\/santa-croce-sullarno-ricorda-arrigo-coen-e-olga-galletti-giannoni-giusto-commemorare-le-vittime-della-shoa-ma-ricordiamo-anche-le-discriminazioni-di-oggi\/\",\"url\":\"https:\/\/comune.santacroce.pi.it\/oldsite\/santa-croce-sullarno-ricorda-arrigo-coen-e-olga-galletti-giannoni-giusto-commemorare-le-vittime-della-shoa-ma-ricordiamo-anche-le-discriminazioni-di-oggi\/\",\"name\":\"Santa Croce sull'Arno ricorda Arrigo Coen e Olga Galletti, Giannoni : \\\"Giusto commemorare le vittime della Shoah, ma ricordiamo anche le discriminazioni di oggi\\\" - Comune di Santa Croce sull&#039;Arno\",\"isPartOf\":{\"@id\":\"https:\/\/comune.santacroce.pi.it\/oldsite\/#website\"},\"primaryImageOfPage\":{\"@id\":\"https:\/\/comune.santacroce.pi.it\/oldsite\/santa-croce-sullarno-ricorda-arrigo-coen-e-olga-galletti-giannoni-giusto-commemorare-le-vittime-della-shoa-ma-ricordiamo-anche-le-discriminazioni-di-oggi\/#primaryimage\"},\"image\":{\"@id\":\"https:\/\/comune.santacroce.pi.it\/oldsite\/santa-croce-sullarno-ricorda-arrigo-coen-e-olga-galletti-giannoni-giusto-commemorare-le-vittime-della-shoa-ma-ricordiamo-anche-le-discriminazioni-di-oggi\/#primaryimage\"},\"thumbnailUrl\":\"https:\/\/comune.santacroce.pi.it\/oldsite\/wp-content\/uploads\/2025\/01\/Immagine-WhatsApp-2025-01-27-ore-09.18.56_bdc84bfd.jpg\",\"datePublished\":\"2025-01-28T17:09:17+00:00\",\"dateModified\":\"2025-01-29T13:15:03+00:00\",\"description\":\"La Giornata della Memoria \u2013 ha detto Giannoni - non serve solo a commemorare quei milioni di persone uccise crudelmente e senza nessuna piet\u00e0 80 anni fa. Serve a ricordare che ogni giorno esistono tante piccole discriminazioni verso chi ci sembra diverso da noi. Spesso noi stessi ne siamo gli autori, senza rendercene conto\",\"breadcrumb\":{\"@id\":\"https:\/\/comune.santacroce.pi.it\/oldsite\/santa-croce-sullarno-ricorda-arrigo-coen-e-olga-galletti-giannoni-giusto-commemorare-le-vittime-della-shoa-ma-ricordiamo-anche-le-discriminazioni-di-oggi\/#breadcrumb\"},\"inLanguage\":\"it-IT\",\"potentialAction\":[{\"@type\":\"ReadAction\",\"target\":[\"https:\/\/comune.santacroce.pi.it\/oldsite\/santa-croce-sullarno-ricorda-arrigo-coen-e-olga-galletti-giannoni-giusto-commemorare-le-vittime-della-shoa-ma-ricordiamo-anche-le-discriminazioni-di-oggi\/\"]}]},{\"@type\":\"ImageObject\",\"inLanguage\":\"it-IT\",\"@id\":\"https:\/\/comune.santacroce.pi.it\/oldsite\/santa-croce-sullarno-ricorda-arrigo-coen-e-olga-galletti-giannoni-giusto-commemorare-le-vittime-della-shoa-ma-ricordiamo-anche-le-discriminazioni-di-oggi\/#primaryimage\",\"url\":\"https:\/\/comune.santacroce.pi.it\/oldsite\/wp-content\/uploads\/2025\/01\/Immagine-WhatsApp-2025-01-27-ore-09.18.56_bdc84bfd.jpg\",\"contentUrl\":\"https:\/\/comune.santacroce.pi.it\/oldsite\/wp-content\/uploads\/2025\/01\/Immagine-WhatsApp-2025-01-27-ore-09.18.56_bdc84bfd.jpg\",\"width\":1600,\"height\":720},{\"@type\":\"BreadcrumbList\",\"@id\":\"https:\/\/comune.santacroce.pi.it\/oldsite\/santa-croce-sullarno-ricorda-arrigo-coen-e-olga-galletti-giannoni-giusto-commemorare-le-vittime-della-shoa-ma-ricordiamo-anche-le-discriminazioni-di-oggi\/#breadcrumb\",\"itemListElement\":[{\"@type\":\"ListItem\",\"position\":1,\"name\":\"Home\",\"item\":\"https:\/\/comune.santacroce.pi.it\/oldsite\/\"},{\"@type\":\"ListItem\",\"position\":2,\"name\":\"Santa Croce sull&#8217;Arno ricorda Arrigo Coen e Olga Galletti, Giannoni : &#8220;Giusto commemorare le vittime della Shoah, ma ricordiamo anche le discriminazioni di oggi&#8221;\"}]},{\"@type\":\"WebSite\",\"@id\":\"https:\/\/comune.santacroce.pi.it\/oldsite\/#website\",\"url\":\"https:\/\/comune.santacroce.pi.it\/oldsite\/\",\"name\":\"Comune di Santa Croce sull&#039;Arno\",\"description\":\"Provincia di Pisa\",\"publisher\":{\"@id\":\"https:\/\/comune.santacroce.pi.it\/oldsite\/#organization\"},\"potentialAction\":[{\"@type\":\"SearchAction\",\"target\":{\"@type\":\"EntryPoint\",\"urlTemplate\":\"https:\/\/comune.santacroce.pi.it\/oldsite\/?s={search_term_string}\"},\"query-input\":{\"@type\":\"PropertyValueSpecification\",\"valueRequired\":true,\"valueName\":\"search_term_string\"}}],\"inLanguage\":\"it-IT\"},{\"@type\":\"Organization\",\"@id\":\"https:\/\/comune.santacroce.pi.it\/oldsite\/#organization\",\"name\":\"Comune di Santa Croce sull'Arno\",\"url\":\"https:\/\/comune.santacroce.pi.it\/oldsite\/\",\"logo\":{\"@type\":\"ImageObject\",\"inLanguage\":\"it-IT\",\"@id\":\"https:\/\/comune.santacroce.pi.it\/oldsite\/#\/schema\/logo\/image\/\",\"url\":\"https:\/\/comune.santacroce.pi.it\/oldsite\/wp-content\/uploads\/2021\/02\/cropped-Stemma-Santa-Croce-dellArno_500-1.png\",\"contentUrl\":\"https:\/\/comune.santacroce.pi.it\/oldsite\/wp-content\/uploads\/2021\/02\/cropped-Stemma-Santa-Croce-dellArno_500-1.png\",\"width\":500,\"height\":500,\"caption\":\"Comune di Santa Croce sull'Arno\"},\"image\":{\"@id\":\"https:\/\/comune.santacroce.pi.it\/oldsite\/#\/schema\/logo\/image\/\"}},{\"@type\":\"Person\",\"@id\":\"https:\/\/comune.santacroce.pi.it\/oldsite\/#\/schema\/person\/0d96f3193d14ec1176b2e8b1d7568f9b\",\"name\":\"Gabriele Mori\",\"image\":{\"@type\":\"ImageObject\",\"inLanguage\":\"it-IT\",\"@id\":\"https:\/\/comune.santacroce.pi.it\/oldsite\/#\/schema\/person\/image\/\",\"url\":\"https:\/\/secure.gravatar.com\/avatar\/4822dca0f755ab87ef748979c3d1a6a1?s=96&d=mm&r=g\",\"contentUrl\":\"https:\/\/secure.gravatar.com\/avatar\/4822dca0f755ab87ef748979c3d1a6a1?s=96&d=mm&r=g\",\"caption\":\"Gabriele Mori\"},\"url\":\"https:\/\/comune.santacroce.pi.it\/oldsite\/author\/gmori\/\"}]}<\/script>\n<!-- \/ Yoast SEO plugin. -->","yoast_head_json":{"title":"Santa Croce sull'Arno ricorda Arrigo Coen e Olga Galletti, Giannoni : \"Giusto commemorare le vittime della Shoah, ma ricordiamo anche le discriminazioni di oggi\" - Comune di Santa Croce sull&#039;Arno","description":"La Giornata della Memoria \u2013 ha detto Giannoni - non serve solo a commemorare quei milioni di persone uccise crudelmente e senza nessuna piet\u00e0 80 anni fa. Serve a ricordare che ogni giorno esistono tante piccole discriminazioni verso chi ci sembra diverso da noi. Spesso noi stessi ne siamo gli autori, senza rendercene conto","robots":{"index":"index","follow":"follow","max-snippet":"max-snippet:-1","max-image-preview":"max-image-preview:large","max-video-preview":"max-video-preview:-1"},"canonical":"https:\/\/comune.santacroce.pi.it\/oldsite\/santa-croce-sullarno-ricorda-arrigo-coen-e-olga-galletti-giannoni-giusto-commemorare-le-vittime-della-shoa-ma-ricordiamo-anche-le-discriminazioni-di-oggi\/","og_locale":"it_IT","og_type":"article","og_title":"Santa Croce sull'Arno ricorda Arrigo Coen e Olga Galletti, Giannoni : \"Giusto commemorare le vittime della Shoah, ma ricordiamo anche le discriminazioni di oggi\" - Comune di Santa Croce sull&#039;Arno","og_description":"La Giornata della Memoria \u2013 ha detto Giannoni - non serve solo a commemorare quei milioni di persone uccise crudelmente e senza nessuna piet\u00e0 80 anni fa. Serve a ricordare che ogni giorno esistono tante piccole discriminazioni verso chi ci sembra diverso da noi. Spesso noi stessi ne siamo gli autori, senza rendercene conto","og_url":"https:\/\/comune.santacroce.pi.it\/oldsite\/santa-croce-sullarno-ricorda-arrigo-coen-e-olga-galletti-giannoni-giusto-commemorare-le-vittime-della-shoa-ma-ricordiamo-anche-le-discriminazioni-di-oggi\/","og_site_name":"Comune di Santa Croce sull&#039;Arno","article_published_time":"2025-01-28T17:09:17+00:00","article_modified_time":"2025-01-29T13:15:03+00:00","og_image":[{"width":1600,"height":720,"url":"https:\/\/comune.santacroce.pi.it\/oldsite\/wp-content\/uploads\/2025\/01\/Immagine-WhatsApp-2025-01-27-ore-09.18.56_bdc84bfd.jpg","type":"image\/jpeg"}],"author":"Gabriele Mori","twitter_card":"summary_large_image","twitter_misc":{"Scritto da":"Gabriele Mori","Tempo di lettura stimato":"3 minuti"},"schema":{"@context":"https:\/\/schema.org","@graph":[{"@type":"Article","@id":"https:\/\/comune.santacroce.pi.it\/oldsite\/santa-croce-sullarno-ricorda-arrigo-coen-e-olga-galletti-giannoni-giusto-commemorare-le-vittime-della-shoa-ma-ricordiamo-anche-le-discriminazioni-di-oggi\/#article","isPartOf":{"@id":"https:\/\/comune.santacroce.pi.it\/oldsite\/santa-croce-sullarno-ricorda-arrigo-coen-e-olga-galletti-giannoni-giusto-commemorare-le-vittime-della-shoa-ma-ricordiamo-anche-le-discriminazioni-di-oggi\/"},"author":{"name":"Gabriele Mori","@id":"https:\/\/comune.santacroce.pi.it\/oldsite\/#\/schema\/person\/0d96f3193d14ec1176b2e8b1d7568f9b"},"headline":"Santa Croce sull&#8217;Arno ricorda Arrigo Coen e Olga Galletti, Giannoni : &#8220;Giusto commemorare le vittime della Shoah, ma ricordiamo anche le discriminazioni di oggi&#8221;","datePublished":"2025-01-28T17:09:17+00:00","dateModified":"2025-01-29T13:15:03+00:00","mainEntityOfPage":{"@id":"https:\/\/comune.santacroce.pi.it\/oldsite\/santa-croce-sullarno-ricorda-arrigo-coen-e-olga-galletti-giannoni-giusto-commemorare-le-vittime-della-shoa-ma-ricordiamo-anche-le-discriminazioni-di-oggi\/"},"wordCount":445,"publisher":{"@id":"https:\/\/comune.santacroce.pi.it\/oldsite\/#organization"},"image":{"@id":"https:\/\/comune.santacroce.pi.it\/oldsite\/santa-croce-sullarno-ricorda-arrigo-coen-e-olga-galletti-giannoni-giusto-commemorare-le-vittime-della-shoa-ma-ricordiamo-anche-le-discriminazioni-di-oggi\/#primaryimage"},"thumbnailUrl":"https:\/\/comune.santacroce.pi.it\/oldsite\/wp-content\/uploads\/2025\/01\/Immagine-WhatsApp-2025-01-27-ore-09.18.56_bdc84bfd.jpg","keywords":["Anpi","Giornata della Memoria","Misericordia","Proloco","Pubblica assistenza","RENTO RUSCONI","roberto giannoni","santa croce sull'arno","Simone Balsanti"],"articleSection":["Cultura","Scuola"],"inLanguage":"it-IT"},{"@type":"WebPage","@id":"https:\/\/comune.santacroce.pi.it\/oldsite\/santa-croce-sullarno-ricorda-arrigo-coen-e-olga-galletti-giannoni-giusto-commemorare-le-vittime-della-shoa-ma-ricordiamo-anche-le-discriminazioni-di-oggi\/","url":"https:\/\/comune.santacroce.pi.it\/oldsite\/santa-croce-sullarno-ricorda-arrigo-coen-e-olga-galletti-giannoni-giusto-commemorare-le-vittime-della-shoa-ma-ricordiamo-anche-le-discriminazioni-di-oggi\/","name":"Santa Croce sull'Arno ricorda Arrigo Coen e Olga Galletti, Giannoni : \"Giusto commemorare le vittime della Shoah, ma ricordiamo anche le discriminazioni di oggi\" - Comune di Santa Croce sull&#039;Arno","isPartOf":{"@id":"https:\/\/comune.santacroce.pi.it\/oldsite\/#website"},"primaryImageOfPage":{"@id":"https:\/\/comune.santacroce.pi.it\/oldsite\/santa-croce-sullarno-ricorda-arrigo-coen-e-olga-galletti-giannoni-giusto-commemorare-le-vittime-della-shoa-ma-ricordiamo-anche-le-discriminazioni-di-oggi\/#primaryimage"},"image":{"@id":"https:\/\/comune.santacroce.pi.it\/oldsite\/santa-croce-sullarno-ricorda-arrigo-coen-e-olga-galletti-giannoni-giusto-commemorare-le-vittime-della-shoa-ma-ricordiamo-anche-le-discriminazioni-di-oggi\/#primaryimage"},"thumbnailUrl":"https:\/\/comune.santacroce.pi.it\/oldsite\/wp-content\/uploads\/2025\/01\/Immagine-WhatsApp-2025-01-27-ore-09.18.56_bdc84bfd.jpg","datePublished":"2025-01-28T17:09:17+00:00","dateModified":"2025-01-29T13:15:03+00:00","description":"La Giornata della Memoria \u2013 ha detto Giannoni - non serve solo a commemorare quei milioni di persone uccise crudelmente e senza nessuna piet\u00e0 80 anni fa. Serve a ricordare che ogni giorno esistono tante piccole discriminazioni verso chi ci sembra diverso da noi. Spesso noi stessi ne siamo gli autori, senza rendercene conto","breadcrumb":{"@id":"https:\/\/comune.santacroce.pi.it\/oldsite\/santa-croce-sullarno-ricorda-arrigo-coen-e-olga-galletti-giannoni-giusto-commemorare-le-vittime-della-shoa-ma-ricordiamo-anche-le-discriminazioni-di-oggi\/#breadcrumb"},"inLanguage":"it-IT","potentialAction":[{"@type":"ReadAction","target":["https:\/\/comune.santacroce.pi.it\/oldsite\/santa-croce-sullarno-ricorda-arrigo-coen-e-olga-galletti-giannoni-giusto-commemorare-le-vittime-della-shoa-ma-ricordiamo-anche-le-discriminazioni-di-oggi\/"]}]},{"@type":"ImageObject","inLanguage":"it-IT","@id":"https:\/\/comune.santacroce.pi.it\/oldsite\/santa-croce-sullarno-ricorda-arrigo-coen-e-olga-galletti-giannoni-giusto-commemorare-le-vittime-della-shoa-ma-ricordiamo-anche-le-discriminazioni-di-oggi\/#primaryimage","url":"https:\/\/comune.santacroce.pi.it\/oldsite\/wp-content\/uploads\/2025\/01\/Immagine-WhatsApp-2025-01-27-ore-09.18.56_bdc84bfd.jpg","contentUrl":"https:\/\/comune.santacroce.pi.it\/oldsite\/wp-content\/uploads\/2025\/01\/Immagine-WhatsApp-2025-01-27-ore-09.18.56_bdc84bfd.jpg","width":1600,"height":720},{"@type":"BreadcrumbList","@id":"https:\/\/comune.santacroce.pi.it\/oldsite\/santa-croce-sullarno-ricorda-arrigo-coen-e-olga-galletti-giannoni-giusto-commemorare-le-vittime-della-shoa-ma-ricordiamo-anche-le-discriminazioni-di-oggi\/#breadcrumb","itemListElement":[{"@type":"ListItem","position":1,"name":"Home","item":"https:\/\/comune.santacroce.pi.it\/oldsite\/"},{"@type":"ListItem","position":2,"name":"Santa Croce sull&#8217;Arno ricorda Arrigo Coen e Olga Galletti, Giannoni : &#8220;Giusto commemorare le vittime della Shoah, ma ricordiamo anche le discriminazioni di oggi&#8221;"}]},{"@type":"WebSite","@id":"https:\/\/comune.santacroce.pi.it\/oldsite\/#website","url":"https:\/\/comune.santacroce.pi.it\/oldsite\/","name":"Comune di Santa Croce sull&#039;Arno","description":"Provincia di Pisa","publisher":{"@id":"https:\/\/comune.santacroce.pi.it\/oldsite\/#organization"},"potentialAction":[{"@type":"SearchAction","target":{"@type":"EntryPoint","urlTemplate":"https:\/\/comune.santacroce.pi.it\/oldsite\/?s={search_term_string}"},"query-input":{"@type":"PropertyValueSpecification","valueRequired":true,"valueName":"search_term_string"}}],"inLanguage":"it-IT"},{"@type":"Organization","@id":"https:\/\/comune.santacroce.pi.it\/oldsite\/#organization","name":"Comune di Santa Croce sull'Arno","url":"https:\/\/comune.santacroce.pi.it\/oldsite\/","logo":{"@type":"ImageObject","inLanguage":"it-IT","@id":"https:\/\/comune.santacroce.pi.it\/oldsite\/#\/schema\/logo\/image\/","url":"https:\/\/comune.santacroce.pi.it\/oldsite\/wp-content\/uploads\/2021\/02\/cropped-Stemma-Santa-Croce-dellArno_500-1.png","contentUrl":"https:\/\/comune.santacroce.pi.it\/oldsite\/wp-content\/uploads\/2021\/02\/cropped-Stemma-Santa-Croce-dellArno_500-1.png","width":500,"height":500,"caption":"Comune di Santa Croce sull'Arno"},"image":{"@id":"https:\/\/comune.santacroce.pi.it\/oldsite\/#\/schema\/logo\/image\/"}},{"@type":"Person","@id":"https:\/\/comune.santacroce.pi.it\/oldsite\/#\/schema\/person\/0d96f3193d14ec1176b2e8b1d7568f9b","name":"Gabriele Mori","image":{"@type":"ImageObject","inLanguage":"it-IT","@id":"https:\/\/comune.santacroce.pi.it\/oldsite\/#\/schema\/person\/image\/","url":"https:\/\/secure.gravatar.com\/avatar\/4822dca0f755ab87ef748979c3d1a6a1?s=96&d=mm&r=g","contentUrl":"https:\/\/secure.gravatar.com\/avatar\/4822dca0f755ab87ef748979c3d1a6a1?s=96&d=mm&r=g","caption":"Gabriele Mori"},"url":"https:\/\/comune.santacroce.pi.it\/oldsite\/author\/gmori\/"}]}},"jetpack_featured_media_url":"https:\/\/comune.santacroce.pi.it\/oldsite\/wp-content\/uploads\/2025\/01\/Immagine-WhatsApp-2025-01-27-ore-09.18.56_bdc84bfd.jpg","meta_box":{"comunicacity_sync":"1","cc4_urg_colore":"rosso","cc4_urg_data_inizio":"","cc4_urg_data_fine":"","cc4_cor_positivi_oggi":"","cc4_cor_negativizzati_oggi":"","cc4_cor_deceduti_oggi":"","cc4_cor_positivi_totali":"","cc4_cor_negativizzati_totali":"","cc4_cor_deceduti_totali":"","cc4_cor_attualmente_positivi":"","cc4_eve_data_inizio":"","cc4_eve_data_fine":"","cc4_eve_indirizzo":"","cc4_eve_posizione":{"latitude":"53.346881","longitude":"-6.25886","zoom":"9"},"cc4_eve_telefono":"","cc4_eve_email":"","cc4_eve_web":"","cc4_eve_fb":""},"_links":{"self":[{"href":"https:\/\/comune.santacroce.pi.it\/oldsite\/wp-json\/wp\/v2\/posts\/25965","targetHints":{"allow":["GET"]}}],"collection":[{"href":"https:\/\/comune.santacroce.pi.it\/oldsite\/wp-json\/wp\/v2\/posts"}],"about":[{"href":"https:\/\/comune.santacroce.pi.it\/oldsite\/wp-json\/wp\/v2\/types\/post"}],"author":[{"embeddable":true,"href":"https:\/\/comune.santacroce.pi.it\/oldsite\/wp-json\/wp\/v2\/users\/46"}],"replies":[{"embeddable":true,"href":"https:\/\/comune.santacroce.pi.it\/oldsite\/wp-json\/wp\/v2\/comments?post=25965"}],"version-history":[{"count":0,"href":"https:\/\/comune.santacroce.pi.it\/oldsite\/wp-json\/wp\/v2\/posts\/25965\/revisions"}],"wp:featuredmedia":[{"embeddable":true,"href":"https:\/\/comune.santacroce.pi.it\/oldsite\/wp-json\/wp\/v2\/media\/25967"}],"wp:attachment":[{"href":"https:\/\/comune.santacroce.pi.it\/oldsite\/wp-json\/wp\/v2\/media?parent=25965"}],"wp:term":[{"taxonomy":"category","embeddable":true,"href":"https:\/\/comune.santacroce.pi.it\/oldsite\/wp-json\/wp\/v2\/categories?post=25965"},{"taxonomy":"post_tag","embeddable":true,"href":"https:\/\/comune.santacroce.pi.it\/oldsite\/wp-json\/wp\/v2\/tags?post=25965"}],"curies":[{"name":"wp","href":"https:\/\/api.w.org\/{rel}","templated":true}]}}