{"id":25908,"date":"2025-01-23T09:05:21","date_gmt":"2025-01-23T08:05:21","guid":{"rendered":"https:\/\/comune.santacroce.pi.it\/oldsite\/?p=25908"},"modified":"2025-01-23T09:05:21","modified_gmt":"2025-01-23T08:05:21","slug":"il-gatto-con-stivali-al-teatro-verdi-domenica-26-gennaio","status":"publish","type":"post","link":"https:\/\/comune.santacroce.pi.it\/oldsite\/il-gatto-con-stivali-al-teatro-verdi-domenica-26-gennaio\/","title":{"rendered":"\u201cIl Gatto con stivali\u201d al Teatro Verdi domenica 26 Gennaio"},"content":{"rendered":"<figure id=\"attachment_25912\" aria-describedby=\"caption-attachment-25912\" style=\"width: 300px\" class=\"wp-caption alignnone\"><img loading=\"lazy\" decoding=\"async\" class=\"size-medium wp-image-25912\" src=\"https:\/\/comune.santacroce.pi.it\/oldsite\/wp-content\/uploads\/2025\/01\/472791592_1149869513806715_4637651498169669134_n-300x300.jpg\" alt=\"\" width=\"300\" height=\"300\" srcset=\"https:\/\/comune.santacroce.pi.it\/oldsite\/wp-content\/uploads\/2025\/01\/472791592_1149869513806715_4637651498169669134_n-300x300.jpg 300w, https:\/\/comune.santacroce.pi.it\/oldsite\/wp-content\/uploads\/2025\/01\/472791592_1149869513806715_4637651498169669134_n-1024x1024.jpg 1024w, https:\/\/comune.santacroce.pi.it\/oldsite\/wp-content\/uploads\/2025\/01\/472791592_1149869513806715_4637651498169669134_n-150x150.jpg 150w, https:\/\/comune.santacroce.pi.it\/oldsite\/wp-content\/uploads\/2025\/01\/472791592_1149869513806715_4637651498169669134_n-768x768.jpg 768w, https:\/\/comune.santacroce.pi.it\/oldsite\/wp-content\/uploads\/2025\/01\/472791592_1149869513806715_4637651498169669134_n-400x400.jpg 400w, https:\/\/comune.santacroce.pi.it\/oldsite\/wp-content\/uploads\/2025\/01\/472791592_1149869513806715_4637651498169669134_n-600x600.jpg 600w, https:\/\/comune.santacroce.pi.it\/oldsite\/wp-content\/uploads\/2025\/01\/472791592_1149869513806715_4637651498169669134_n.jpg 1080w\" sizes=\"auto, (max-width: 300px) 100vw, 300px\" \/><figcaption id=\"caption-attachment-25912\" class=\"wp-caption-text\">4\u00b0 spettacolo del Baule dei Sogni<\/figcaption><\/figure>\n<p><strong>Domenica 26 Gennaio<\/strong><br \/>\nore 17.00<br \/>\n<em>Nata Teatro<\/em><br \/>\n<strong>IL GATTO CON GLI STIVALI<\/strong><br \/>\ncon Alessandra Bracciali, Iacopo Dicembrini.<br \/>\nEt\u00e0 consigliata: dai 4 anni ai 10 anni<br \/>\nTecnica utilizzata: teatro d\u2019attore e di figura<\/p>\n<p><strong>Trama<\/strong><br \/>\nDalla fiaba di Charles Perrault nasce un nuovo racconto divertente ed entusiasmante con una fantastica e inaspettata storia d\u2019amore. Il Gatto con gli stivali \u00e8 il campione dell\u2019inganno, per questo la storia \u00e8 un po\u2019\u2026 strana: un eroe ingannatore? Qualcuno dice che lo fa a fin di bene, si per\u00f2 quando c\u2019\u00e8 un inganno c\u2019\u00e8 qualcuno che ne paga le conseguenze. \u00c8, in effetti, una storia un po\u2019 strana. Per\u00f2 i personaggi della fiaba ci sono tutti: il figlio del mugnaio che diventer\u00e0 il Marchese di Carabas, il gatto, la principessa, il re, l\u2019orco e tutti gli abitanti del reame. Come potremo uscire da questo imbarazzante inghippo? Ne vedrete di cotte e di crude.<br \/>\nRaccontare le fiabe classiche \u00e8 sempre una bella impresa, un incontro con i nostri sentimenti pi\u00f9 ancestrali. Cosa vuol dire ancestrali? Chiss\u00e0 chi lo sa!<\/p>\n<hr \/>\n<p><strong>ECCEZIONALE PROMOZIONE<\/strong><br \/>\nSe i bambini si presentano con un disegno entrano \ud835\udc06\ud835\udc11\ud835\udc00\ud835\udc13\ud835\udc08\ud835\udc12!!!<br \/>\nMa attenzione, il disegno deve essere BELLO BELLO perch\u00e9 servir\u00e0 per addobbare il teatro!<\/p>\n<p><em>La biglietteria del teatro \u00e8 aperta nei giorni di spettacolo mezz\u2019ora prima dell\u2019inizio.<\/em><\/p>\n<p><strong>Biglietti<\/strong><br \/>\n<strong>Bambini \u20ac 3,00<\/strong><br \/>\n<strong>Adulti \u20ac 4,50<\/strong><\/p>\n<p><strong>info<\/strong><br \/>\n<a href=\"https:\/\/www.facebook.com\/giallo.teatro\">Giallo Mare Minimal Teatro<\/a><br \/>\ntel. 0571 81629 \u2013 0571 83758<br \/>\n<a href=\"mailto:info@giallomare.it\">info@giallomare.it<\/a>\u00a0oppure\u00a0<a href=\"mailto:biglietteria@giallomare.it\">biglietteria@giallomare.it<\/a><\/p>\n","protected":false},"excerpt":{"rendered":"<p>Domenica 26 Gennaio ore 17.00 Nata Teatro IL GATTO CON GLI STIVALI con Alessandra Bracciali, Iacopo Dicembrini. Et\u00e0 consigliata: dai 4 anni ai 10 anni Tecnica utilizzata: teatro d\u2019attore e [&hellip;]<\/p>\n","protected":false},"author":18,"featured_media":25912,"comment_status":"closed","ping_status":"closed","sticky":false,"template":"","format":"standard","meta":{"footnotes":""},"categories":[154,155],"tags":[],"class_list":["post-25908","post","type-post","status-publish","format-standard","has-post-thumbnail","hentry","category-cultura","category-eventi"],"yoast_head":"<!-- This site is optimized with the Yoast SEO plugin v24.7 - https:\/\/yoast.com\/wordpress\/plugins\/seo\/ -->\n<title>\u201cIl Gatto con stivali\u201d al Teatro Verdi domenica 26 Gennaio - Comune di Santa Croce sull&#039;Arno<\/title>\n<meta name=\"description\" content=\"Quarto e ultimo appuntamento de Il Baule dei sogni, che quest\u2019anno ha celebrato la quarantesima edizione.\" \/>\n<meta name=\"robots\" content=\"index, follow, max-snippet:-1, max-image-preview:large, max-video-preview:-1\" \/>\n<link rel=\"canonical\" href=\"https:\/\/comune.santacroce.pi.it\/oldsite\/il-gatto-con-stivali-al-teatro-verdi-domenica-26-gennaio\/\" \/>\n<meta property=\"og:locale\" content=\"it_IT\" \/>\n<meta property=\"og:type\" content=\"article\" \/>\n<meta property=\"og:title\" content=\"\u201cIl Gatto con stivali\u201d al Teatro Verdi domenica 26 Gennaio - Comune di Santa Croce sull&#039;Arno\" \/>\n<meta property=\"og:description\" content=\"Quarto e ultimo appuntamento de Il Baule dei sogni, che quest\u2019anno ha celebrato la quarantesima edizione.\" \/>\n<meta property=\"og:url\" content=\"https:\/\/comune.santacroce.pi.it\/oldsite\/il-gatto-con-stivali-al-teatro-verdi-domenica-26-gennaio\/\" \/>\n<meta property=\"og:site_name\" content=\"Comune di Santa Croce sull&#039;Arno\" \/>\n<meta property=\"article:published_time\" content=\"2025-01-23T08:05:21+00:00\" \/>\n<meta property=\"og:image\" content=\"https:\/\/comune.santacroce.pi.it\/oldsite\/wp-content\/uploads\/2025\/01\/472791592_1149869513806715_4637651498169669134_n.jpg\" \/>\n\t<meta property=\"og:image:width\" content=\"1080\" \/>\n\t<meta property=\"og:image:height\" content=\"1080\" \/>\n\t<meta property=\"og:image:type\" content=\"image\/jpeg\" \/>\n<meta name=\"author\" content=\"Biblioteca e cultura\" \/>\n<meta name=\"twitter:card\" content=\"summary_large_image\" \/>\n<meta name=\"twitter:label1\" content=\"Scritto da\" \/>\n\t<meta name=\"twitter:data1\" content=\"Biblioteca e cultura\" \/>\n\t<meta name=\"twitter:label2\" content=\"Tempo di lettura stimato\" \/>\n\t<meta name=\"twitter:data2\" content=\"2 minuti\" \/>\n<script type=\"application\/ld+json\" class=\"yoast-schema-graph\">{\"@context\":\"https:\/\/schema.org\",\"@graph\":[{\"@type\":\"Article\",\"@id\":\"https:\/\/comune.santacroce.pi.it\/oldsite\/il-gatto-con-stivali-al-teatro-verdi-domenica-26-gennaio\/#article\",\"isPartOf\":{\"@id\":\"https:\/\/comune.santacroce.pi.it\/oldsite\/il-gatto-con-stivali-al-teatro-verdi-domenica-26-gennaio\/\"},\"author\":{\"name\":\"Biblioteca e cultura\",\"@id\":\"https:\/\/comune.santacroce.pi.it\/oldsite\/#\/schema\/person\/77e3693e7d02c5835b2dd82778f7fb45\"},\"headline\":\"\u201cIl Gatto con stivali\u201d al Teatro Verdi domenica 26 Gennaio\",\"datePublished\":\"2025-01-23T08:05:21+00:00\",\"mainEntityOfPage\":{\"@id\":\"https:\/\/comune.santacroce.pi.it\/oldsite\/il-gatto-con-stivali-al-teatro-verdi-domenica-26-gennaio\/\"},\"wordCount\":244,\"publisher\":{\"@id\":\"https:\/\/comune.santacroce.pi.it\/oldsite\/#organization\"},\"image\":{\"@id\":\"https:\/\/comune.santacroce.pi.it\/oldsite\/il-gatto-con-stivali-al-teatro-verdi-domenica-26-gennaio\/#primaryimage\"},\"thumbnailUrl\":\"https:\/\/comune.santacroce.pi.it\/oldsite\/wp-content\/uploads\/2025\/01\/472791592_1149869513806715_4637651498169669134_n.jpg\",\"articleSection\":[\"Cultura\",\"Eventi\"],\"inLanguage\":\"it-IT\"},{\"@type\":\"WebPage\",\"@id\":\"https:\/\/comune.santacroce.pi.it\/oldsite\/il-gatto-con-stivali-al-teatro-verdi-domenica-26-gennaio\/\",\"url\":\"https:\/\/comune.santacroce.pi.it\/oldsite\/il-gatto-con-stivali-al-teatro-verdi-domenica-26-gennaio\/\",\"name\":\"\u201cIl Gatto con stivali\u201d al Teatro Verdi domenica 26 Gennaio - Comune di Santa Croce sull&#039;Arno\",\"isPartOf\":{\"@id\":\"https:\/\/comune.santacroce.pi.it\/oldsite\/#website\"},\"primaryImageOfPage\":{\"@id\":\"https:\/\/comune.santacroce.pi.it\/oldsite\/il-gatto-con-stivali-al-teatro-verdi-domenica-26-gennaio\/#primaryimage\"},\"image\":{\"@id\":\"https:\/\/comune.santacroce.pi.it\/oldsite\/il-gatto-con-stivali-al-teatro-verdi-domenica-26-gennaio\/#primaryimage\"},\"thumbnailUrl\":\"https:\/\/comune.santacroce.pi.it\/oldsite\/wp-content\/uploads\/2025\/01\/472791592_1149869513806715_4637651498169669134_n.jpg\",\"datePublished\":\"2025-01-23T08:05:21+00:00\",\"description\":\"Quarto e ultimo appuntamento de Il Baule dei sogni, che quest\u2019anno ha celebrato la quarantesima edizione.\",\"breadcrumb\":{\"@id\":\"https:\/\/comune.santacroce.pi.it\/oldsite\/il-gatto-con-stivali-al-teatro-verdi-domenica-26-gennaio\/#breadcrumb\"},\"inLanguage\":\"it-IT\",\"potentialAction\":[{\"@type\":\"ReadAction\",\"target\":[\"https:\/\/comune.santacroce.pi.it\/oldsite\/il-gatto-con-stivali-al-teatro-verdi-domenica-26-gennaio\/\"]}]},{\"@type\":\"ImageObject\",\"inLanguage\":\"it-IT\",\"@id\":\"https:\/\/comune.santacroce.pi.it\/oldsite\/il-gatto-con-stivali-al-teatro-verdi-domenica-26-gennaio\/#primaryimage\",\"url\":\"https:\/\/comune.santacroce.pi.it\/oldsite\/wp-content\/uploads\/2025\/01\/472791592_1149869513806715_4637651498169669134_n.jpg\",\"contentUrl\":\"https:\/\/comune.santacroce.pi.it\/oldsite\/wp-content\/uploads\/2025\/01\/472791592_1149869513806715_4637651498169669134_n.jpg\",\"width\":1080,\"height\":1080,\"caption\":\"4\u00b0 spettacolo del Baule dei Sogni\"},{\"@type\":\"BreadcrumbList\",\"@id\":\"https:\/\/comune.santacroce.pi.it\/oldsite\/il-gatto-con-stivali-al-teatro-verdi-domenica-26-gennaio\/#breadcrumb\",\"itemListElement\":[{\"@type\":\"ListItem\",\"position\":1,\"name\":\"Home\",\"item\":\"https:\/\/comune.santacroce.pi.it\/oldsite\/\"},{\"@type\":\"ListItem\",\"position\":2,\"name\":\"\u201cIl Gatto con stivali\u201d al Teatro Verdi domenica 26 Gennaio\"}]},{\"@type\":\"WebSite\",\"@id\":\"https:\/\/comune.santacroce.pi.it\/oldsite\/#website\",\"url\":\"https:\/\/comune.santacroce.pi.it\/oldsite\/\",\"name\":\"Comune di Santa Croce sull&#039;Arno\",\"description\":\"Provincia di Pisa\",\"publisher\":{\"@id\":\"https:\/\/comune.santacroce.pi.it\/oldsite\/#organization\"},\"potentialAction\":[{\"@type\":\"SearchAction\",\"target\":{\"@type\":\"EntryPoint\",\"urlTemplate\":\"https:\/\/comune.santacroce.pi.it\/oldsite\/?s={search_term_string}\"},\"query-input\":{\"@type\":\"PropertyValueSpecification\",\"valueRequired\":true,\"valueName\":\"search_term_string\"}}],\"inLanguage\":\"it-IT\"},{\"@type\":\"Organization\",\"@id\":\"https:\/\/comune.santacroce.pi.it\/oldsite\/#organization\",\"name\":\"Comune di Santa Croce sull'Arno\",\"url\":\"https:\/\/comune.santacroce.pi.it\/oldsite\/\",\"logo\":{\"@type\":\"ImageObject\",\"inLanguage\":\"it-IT\",\"@id\":\"https:\/\/comune.santacroce.pi.it\/oldsite\/#\/schema\/logo\/image\/\",\"url\":\"https:\/\/comune.santacroce.pi.it\/oldsite\/wp-content\/uploads\/2021\/02\/cropped-Stemma-Santa-Croce-dellArno_500-1.png\",\"contentUrl\":\"https:\/\/comune.santacroce.pi.it\/oldsite\/wp-content\/uploads\/2021\/02\/cropped-Stemma-Santa-Croce-dellArno_500-1.png\",\"width\":500,\"height\":500,\"caption\":\"Comune di Santa Croce sull'Arno\"},\"image\":{\"@id\":\"https:\/\/comune.santacroce.pi.it\/oldsite\/#\/schema\/logo\/image\/\"}},{\"@type\":\"Person\",\"@id\":\"https:\/\/comune.santacroce.pi.it\/oldsite\/#\/schema\/person\/77e3693e7d02c5835b2dd82778f7fb45\",\"name\":\"Biblioteca e cultura\",\"image\":{\"@type\":\"ImageObject\",\"inLanguage\":\"it-IT\",\"@id\":\"https:\/\/comune.santacroce.pi.it\/oldsite\/#\/schema\/person\/image\/\",\"url\":\"https:\/\/secure.gravatar.com\/avatar\/c9a5002ec801d0b780e779e0d328fe2a?s=96&d=mm&r=g\",\"contentUrl\":\"https:\/\/secure.gravatar.com\/avatar\/c9a5002ec801d0b780e779e0d328fe2a?s=96&d=mm&r=g\",\"caption\":\"Biblioteca e cultura\"},\"url\":\"https:\/\/comune.santacroce.pi.it\/oldsite\/author\/bibliotecasc\/\"}]}<\/script>\n<!-- \/ Yoast SEO plugin. -->","yoast_head_json":{"title":"\u201cIl Gatto con stivali\u201d al Teatro Verdi domenica 26 Gennaio - Comune di Santa Croce sull&#039;Arno","description":"Quarto e ultimo appuntamento de Il Baule dei sogni, che quest\u2019anno ha celebrato la quarantesima edizione.","robots":{"index":"index","follow":"follow","max-snippet":"max-snippet:-1","max-image-preview":"max-image-preview:large","max-video-preview":"max-video-preview:-1"},"canonical":"https:\/\/comune.santacroce.pi.it\/oldsite\/il-gatto-con-stivali-al-teatro-verdi-domenica-26-gennaio\/","og_locale":"it_IT","og_type":"article","og_title":"\u201cIl Gatto con stivali\u201d al Teatro Verdi domenica 26 Gennaio - Comune di Santa Croce sull&#039;Arno","og_description":"Quarto e ultimo appuntamento de Il Baule dei sogni, che quest\u2019anno ha celebrato la quarantesima edizione.","og_url":"https:\/\/comune.santacroce.pi.it\/oldsite\/il-gatto-con-stivali-al-teatro-verdi-domenica-26-gennaio\/","og_site_name":"Comune di Santa Croce sull&#039;Arno","article_published_time":"2025-01-23T08:05:21+00:00","og_image":[{"width":1080,"height":1080,"url":"https:\/\/comune.santacroce.pi.it\/oldsite\/wp-content\/uploads\/2025\/01\/472791592_1149869513806715_4637651498169669134_n.jpg","type":"image\/jpeg"}],"author":"Biblioteca e cultura","twitter_card":"summary_large_image","twitter_misc":{"Scritto da":"Biblioteca e cultura","Tempo di lettura stimato":"2 minuti"},"schema":{"@context":"https:\/\/schema.org","@graph":[{"@type":"Article","@id":"https:\/\/comune.santacroce.pi.it\/oldsite\/il-gatto-con-stivali-al-teatro-verdi-domenica-26-gennaio\/#article","isPartOf":{"@id":"https:\/\/comune.santacroce.pi.it\/oldsite\/il-gatto-con-stivali-al-teatro-verdi-domenica-26-gennaio\/"},"author":{"name":"Biblioteca e cultura","@id":"https:\/\/comune.santacroce.pi.it\/oldsite\/#\/schema\/person\/77e3693e7d02c5835b2dd82778f7fb45"},"headline":"\u201cIl Gatto con stivali\u201d al Teatro Verdi domenica 26 Gennaio","datePublished":"2025-01-23T08:05:21+00:00","mainEntityOfPage":{"@id":"https:\/\/comune.santacroce.pi.it\/oldsite\/il-gatto-con-stivali-al-teatro-verdi-domenica-26-gennaio\/"},"wordCount":244,"publisher":{"@id":"https:\/\/comune.santacroce.pi.it\/oldsite\/#organization"},"image":{"@id":"https:\/\/comune.santacroce.pi.it\/oldsite\/il-gatto-con-stivali-al-teatro-verdi-domenica-26-gennaio\/#primaryimage"},"thumbnailUrl":"https:\/\/comune.santacroce.pi.it\/oldsite\/wp-content\/uploads\/2025\/01\/472791592_1149869513806715_4637651498169669134_n.jpg","articleSection":["Cultura","Eventi"],"inLanguage":"it-IT"},{"@type":"WebPage","@id":"https:\/\/comune.santacroce.pi.it\/oldsite\/il-gatto-con-stivali-al-teatro-verdi-domenica-26-gennaio\/","url":"https:\/\/comune.santacroce.pi.it\/oldsite\/il-gatto-con-stivali-al-teatro-verdi-domenica-26-gennaio\/","name":"\u201cIl Gatto con stivali\u201d al Teatro Verdi domenica 26 Gennaio - Comune di Santa Croce sull&#039;Arno","isPartOf":{"@id":"https:\/\/comune.santacroce.pi.it\/oldsite\/#website"},"primaryImageOfPage":{"@id":"https:\/\/comune.santacroce.pi.it\/oldsite\/il-gatto-con-stivali-al-teatro-verdi-domenica-26-gennaio\/#primaryimage"},"image":{"@id":"https:\/\/comune.santacroce.pi.it\/oldsite\/il-gatto-con-stivali-al-teatro-verdi-domenica-26-gennaio\/#primaryimage"},"thumbnailUrl":"https:\/\/comune.santacroce.pi.it\/oldsite\/wp-content\/uploads\/2025\/01\/472791592_1149869513806715_4637651498169669134_n.jpg","datePublished":"2025-01-23T08:05:21+00:00","description":"Quarto e ultimo appuntamento de Il Baule dei sogni, che quest\u2019anno ha celebrato la quarantesima edizione.","breadcrumb":{"@id":"https:\/\/comune.santacroce.pi.it\/oldsite\/il-gatto-con-stivali-al-teatro-verdi-domenica-26-gennaio\/#breadcrumb"},"inLanguage":"it-IT","potentialAction":[{"@type":"ReadAction","target":["https:\/\/comune.santacroce.pi.it\/oldsite\/il-gatto-con-stivali-al-teatro-verdi-domenica-26-gennaio\/"]}]},{"@type":"ImageObject","inLanguage":"it-IT","@id":"https:\/\/comune.santacroce.pi.it\/oldsite\/il-gatto-con-stivali-al-teatro-verdi-domenica-26-gennaio\/#primaryimage","url":"https:\/\/comune.santacroce.pi.it\/oldsite\/wp-content\/uploads\/2025\/01\/472791592_1149869513806715_4637651498169669134_n.jpg","contentUrl":"https:\/\/comune.santacroce.pi.it\/oldsite\/wp-content\/uploads\/2025\/01\/472791592_1149869513806715_4637651498169669134_n.jpg","width":1080,"height":1080,"caption":"4\u00b0 spettacolo del Baule dei Sogni"},{"@type":"BreadcrumbList","@id":"https:\/\/comune.santacroce.pi.it\/oldsite\/il-gatto-con-stivali-al-teatro-verdi-domenica-26-gennaio\/#breadcrumb","itemListElement":[{"@type":"ListItem","position":1,"name":"Home","item":"https:\/\/comune.santacroce.pi.it\/oldsite\/"},{"@type":"ListItem","position":2,"name":"\u201cIl Gatto con stivali\u201d al Teatro Verdi domenica 26 Gennaio"}]},{"@type":"WebSite","@id":"https:\/\/comune.santacroce.pi.it\/oldsite\/#website","url":"https:\/\/comune.santacroce.pi.it\/oldsite\/","name":"Comune di Santa Croce sull&#039;Arno","description":"Provincia di Pisa","publisher":{"@id":"https:\/\/comune.santacroce.pi.it\/oldsite\/#organization"},"potentialAction":[{"@type":"SearchAction","target":{"@type":"EntryPoint","urlTemplate":"https:\/\/comune.santacroce.pi.it\/oldsite\/?s={search_term_string}"},"query-input":{"@type":"PropertyValueSpecification","valueRequired":true,"valueName":"search_term_string"}}],"inLanguage":"it-IT"},{"@type":"Organization","@id":"https:\/\/comune.santacroce.pi.it\/oldsite\/#organization","name":"Comune di Santa Croce sull'Arno","url":"https:\/\/comune.santacroce.pi.it\/oldsite\/","logo":{"@type":"ImageObject","inLanguage":"it-IT","@id":"https:\/\/comune.santacroce.pi.it\/oldsite\/#\/schema\/logo\/image\/","url":"https:\/\/comune.santacroce.pi.it\/oldsite\/wp-content\/uploads\/2021\/02\/cropped-Stemma-Santa-Croce-dellArno_500-1.png","contentUrl":"https:\/\/comune.santacroce.pi.it\/oldsite\/wp-content\/uploads\/2021\/02\/cropped-Stemma-Santa-Croce-dellArno_500-1.png","width":500,"height":500,"caption":"Comune di Santa Croce sull'Arno"},"image":{"@id":"https:\/\/comune.santacroce.pi.it\/oldsite\/#\/schema\/logo\/image\/"}},{"@type":"Person","@id":"https:\/\/comune.santacroce.pi.it\/oldsite\/#\/schema\/person\/77e3693e7d02c5835b2dd82778f7fb45","name":"Biblioteca e cultura","image":{"@type":"ImageObject","inLanguage":"it-IT","@id":"https:\/\/comune.santacroce.pi.it\/oldsite\/#\/schema\/person\/image\/","url":"https:\/\/secure.gravatar.com\/avatar\/c9a5002ec801d0b780e779e0d328fe2a?s=96&d=mm&r=g","contentUrl":"https:\/\/secure.gravatar.com\/avatar\/c9a5002ec801d0b780e779e0d328fe2a?s=96&d=mm&r=g","caption":"Biblioteca e cultura"},"url":"https:\/\/comune.santacroce.pi.it\/oldsite\/author\/bibliotecasc\/"}]}},"jetpack_featured_media_url":"https:\/\/comune.santacroce.pi.it\/oldsite\/wp-content\/uploads\/2025\/01\/472791592_1149869513806715_4637651498169669134_n.jpg","meta_box":{"comunicacity_sync":"1","cc4_urg_colore":"rosso","cc4_urg_data_inizio":"","cc4_urg_data_fine":"","cc4_cor_positivi_oggi":"","cc4_cor_negativizzati_oggi":"","cc4_cor_deceduti_oggi":"","cc4_cor_positivi_totali":"","cc4_cor_negativizzati_totali":"","cc4_cor_deceduti_totali":"","cc4_cor_attualmente_positivi":"","cc4_eve_data_inizio":"","cc4_eve_data_fine":"","cc4_eve_indirizzo":"","cc4_eve_posizione":{"latitude":"0","longitude":"0","zoom":"0"},"cc4_eve_telefono":"","cc4_eve_email":"","cc4_eve_web":"","cc4_eve_fb":""},"_links":{"self":[{"href":"https:\/\/comune.santacroce.pi.it\/oldsite\/wp-json\/wp\/v2\/posts\/25908","targetHints":{"allow":["GET"]}}],"collection":[{"href":"https:\/\/comune.santacroce.pi.it\/oldsite\/wp-json\/wp\/v2\/posts"}],"about":[{"href":"https:\/\/comune.santacroce.pi.it\/oldsite\/wp-json\/wp\/v2\/types\/post"}],"author":[{"embeddable":true,"href":"https:\/\/comune.santacroce.pi.it\/oldsite\/wp-json\/wp\/v2\/users\/18"}],"replies":[{"embeddable":true,"href":"https:\/\/comune.santacroce.pi.it\/oldsite\/wp-json\/wp\/v2\/comments?post=25908"}],"version-history":[{"count":0,"href":"https:\/\/comune.santacroce.pi.it\/oldsite\/wp-json\/wp\/v2\/posts\/25908\/revisions"}],"wp:featuredmedia":[{"embeddable":true,"href":"https:\/\/comune.santacroce.pi.it\/oldsite\/wp-json\/wp\/v2\/media\/25912"}],"wp:attachment":[{"href":"https:\/\/comune.santacroce.pi.it\/oldsite\/wp-json\/wp\/v2\/media?parent=25908"}],"wp:term":[{"taxonomy":"category","embeddable":true,"href":"https:\/\/comune.santacroce.pi.it\/oldsite\/wp-json\/wp\/v2\/categories?post=25908"},{"taxonomy":"post_tag","embeddable":true,"href":"https:\/\/comune.santacroce.pi.it\/oldsite\/wp-json\/wp\/v2\/tags?post=25908"}],"curies":[{"name":"wp","href":"https:\/\/api.w.org\/{rel}","templated":true}]}}