{"id":25904,"date":"2025-01-22T16:35:55","date_gmt":"2025-01-22T15:35:55","guid":{"rendered":"https:\/\/comune.santacroce.pi.it\/oldsite\/?p=25904"},"modified":"2025-01-22T16:35:55","modified_gmt":"2025-01-22T15:35:55","slug":"dino-va-in-citta-cittadino-si-diventa-il-progetto-per-i-percorsi-di-cittadinanza-dallassessore-rusconi","status":"publish","type":"post","link":"https:\/\/comune.santacroce.pi.it\/oldsite\/dino-va-in-citta-cittadino-si-diventa-il-progetto-per-i-percorsi-di-cittadinanza-dallassessore-rusconi\/","title":{"rendered":"&#8220;Dino va in Citt\u00e0&#8230;CittaDino si diventa&#8221;, il progetto per i percorsi di cittadinanza dall&#8217;assessore Rusconi"},"content":{"rendered":"<p align=\"LEFT\"><span style=\"color: #000000\"><span style=\"font-family: Book Antiqua, Book Antiqua, sans-serif\"><span style=\"font-size: medium\"><span style=\"font-family: Liberation Serif, Liberation Serif, serif\"><img loading=\"lazy\" decoding=\"async\" class=\"size-medium wp-image-25905 alignleft\" src=\"https:\/\/comune.santacroce.pi.it\/oldsite\/wp-content\/uploads\/2025\/01\/dino-va-in-citta-300x157.jpg\" alt=\"\" width=\"300\" height=\"157\" srcset=\"https:\/\/comune.santacroce.pi.it\/oldsite\/wp-content\/uploads\/2025\/01\/dino-va-in-citta-300x157.jpg 300w, https:\/\/comune.santacroce.pi.it\/oldsite\/wp-content\/uploads\/2025\/01\/dino-va-in-citta.jpg 598w\" sizes=\"auto, (max-width: 300px) 100vw, 300px\" \/>Approfondire la Costituzione con un progetto che \u00e8 un&#8217;attivit\u00e0 educativa e didattica, ma \u00e8 anche un gioco. Il progetto <strong>\u201cDino va in citt\u00e0&#8230; cittadino si diventa\u201d<\/strong>, ha come obiettivo quello di promuovere la conoscenza dei principi costituzionali e quindi dei diritti e dei doveri di un cittadino tra i giovani studenti di alcune classi dell&#8217;Istituto comprensivo &#8220;Santa Croce sull&#8217;Arno&#8221;.<br \/>\nL&#8217;attivit\u00e0 \u00e8 semplice: ogni anno si sceglie un tema di carattere costituzionale, i ragazzi approfondiscono questo tema e poi producono un elaborato che parteciper\u00e0 a un concorso bandito dal comune e dalla scuola.<br \/>\nA promuovere questa iniziativa \u00e8 l&#8217;assessore della giunta Giannoni di Santa Croce sull&#8217;Arno, <strong>Renato Rusconi<\/strong>, che ha tra le altre anche la delega alla cittadinanza. \u201cAbbiamo pensato &#8211; spiega l&#8217;assessore Rusconi &#8211; che la prima condizione necessaria per far crescere i ragazzi anche come cittadini, fosse quella di andare con un sistema abbastanza ludico, a potenziare quello che gi\u00e0 studiano a scuola, ovvero la Costituzione con i sui principi fondamentali\u201d .<\/span><\/span><\/span><\/span><\/p>\n<p align=\"LEFT\"><span style=\"color: #000000\"><span style=\"font-family: Book Antiqua, Book Antiqua, sans-serif\"><span style=\"font-size: medium\"><span style=\"font-family: Liberation Serif, Liberation Serif, serif\">Il progetto ripetuto negli anni, prevede un viaggio immaginario di <strong>Dino<\/strong>, il nostro personaggio, verso la citt\u00e0 che rappresenta la Costituzione, via via che Dino di inurba aumenta la consapevolezza della Costituzione nei ragazzi e alla fine Dino diventa un <\/span><span style=\"font-family: Liberation Serif, Liberation Serif, serif\"><b>CittaDino<\/b><\/span><span style=\"font-family: Liberation Serif, Liberation Serif, serif\"> che ha piena consapevolezza del suo ruolo proprio a partire dai principi costituzionali.<br \/>\n<\/span><span style=\"font-family: Liberation Serif, Liberation Serif, serif\"><b>Il tema proposto per l\u2019Anno Scolastico 2024-2025 \u00e8 il principio di uguaglianza e non discriminazione contenuto nell\u2019articolo 3 della Costituzione. <\/b><\/span><\/span><\/span><\/span><span style=\"font-family: 'Liberation Serif', 'Liberation Serif', serif;font-size: medium;color: #000000\">Il progetto coinvolge gli studenti della scuola primaria, individuando ogni anno un tema, ispirato ai principi fondamentali della Costituzione, a cui dedicare una parte del programma didattico rivolto alle classi quarte. <\/span><span style=\"color: #000000\"><span style=\"font-family: Book Antiqua, Book Antiqua, sans-serif\"><span style=\"font-size: medium\"><span style=\"font-family: Liberation Serif, Liberation Serif, serif\">Gli studenti, dopo un approfondimento su materiali condivisi, saranno invitati a presentare un elaborato (artistico &#8211; letterario &#8211; grafico) da sottoporre alla valutazione di una commissione interdisciplinare, costituita da rappresentanti dell\u2019Ente locale e dell\u2019Istituto comprensivo e nominata in forma congiunta entro il mese di marzo.<br \/>\n<\/span><\/span><\/span><\/span><span style=\"font-family: 'Liberation Serif', 'Liberation Serif', serif;font-size: medium;color: #000000\">La Commissione selezioner\u00e0 i due elaborati migliori prodotti da uno studente e da una studentessa. Entro il 25 aprile di ogni anno saranno decretati i due vincitori, che si aggiudicheranno come premio un buono libri.<\/span><\/p>\n<p align=\"LEFT\"><span style=\"color: #000000\">\u201c<span style=\"font-family: Book Antiqua, Book Antiqua, sans-serif\"><span style=\"font-size: medium\"><span style=\"font-family: Liberation Serif, Liberation Serif, serif\">Il progetto \u2013 spiega Rusconi &#8211; \u00e8 pensato per le nuove generazioni spiega Rusconi &#8211; e vuole sostenere e valorizzare l\u2019impegno della scuola nel promuovere l\u2019idea di una comunit\u00e0 che continui nel tempo a riconoscersi intorno ad una base di principi condivisi, a partire dai principi fondamentali della \u201cCarta\u201d italiana. Per riconoscere l\u2019importanza di questo impegno educativo, proponiamo \u2013 continua Rusconi &#8211; l\u2019istituzione di un premio finalizzato a stimolare negli studenti una riflessione e rielaborazione personale dei contenuti veicolati dai percorsi didattici di educazione civica. Alla fine se tutto andr\u00e0 bene avremo un domani cittadini che conoscono la Costituzione italiana e saranno pi\u00f9 consapevoli dei diritti individuali e collettivi, del rispetto della legalit\u00e0 e delle regole di convivenza.<br \/>\nInoltre probabilmente c&#8217;\u00e8 anche da tenere conto che in una societ\u00e0 sempre pi\u00f9 multi culturale, come quella che ci attende in futuro e che a Santa Croce di fatto ha gi\u00e0, attraverso la condivisione dei valori costituzionali andremo a creare una base di elementi su cui poi poter rafforzare una convivenza serena a proficua per tutti, oltre che pacifica nel rispetto delle peculiarit\u00e0 di ciascuno proprio come prevede la Costituzione\u201d.<\/span><\/span><\/span><\/span><\/p>\n<p>&nbsp;<\/p>\n","protected":false},"excerpt":{"rendered":"<p>Approfondire la Costituzione con un progetto che \u00e8 un&#8217;attivit\u00e0 educativa e didattica, ma \u00e8 anche un gioco. Il progetto \u201cDino va in citt\u00e0&#8230; cittadino si diventa\u201d, ha come obiettivo quello [&hellip;]<\/p>\n","protected":false},"author":46,"featured_media":25905,"comment_status":"closed","ping_status":"closed","sticky":false,"template":"","format":"standard","meta":{"footnotes":""},"categories":[153,154,1,162],"tags":[753,754,751,681,748,749,750,752,574],"class_list":["post-25904","post","type-post","status-publish","format-standard","has-post-thumbnail","hentry","category-bandi-e-concorsi","category-cultura","category-notizie-e-informazioni","category-scuola","tag-articolo-3-della-costituzione","tag-carta-costituzionale","tag-cittadino","tag-comune-di-santa-croce","tag-costituzione","tag-dino","tag-dino-ca-in-citta","tag-istituto-comprensivo-santa-croce-sularno","tag-renato-rusconi"],"yoast_head":"<!-- This site is optimized with the Yoast SEO plugin v24.7 - https:\/\/yoast.com\/wordpress\/plugins\/seo\/ -->\n<title>&quot;Dino va in Citt\u00e0...CittaDino si diventa&quot;, il progetto per i percorsi di cittadinanza dall&#039;assessore Rusconi - Comune di Santa Croce sull&#039;Arno<\/title>\n<meta name=\"description\" content=\"Il tema proposto per l\u2019Anno Scolastico 2024-2025 \u00e8 il principio di uguaglianza e non discriminazione contenuto nell\u2019articolo 3 della Costituzione\" \/>\n<meta name=\"robots\" content=\"index, follow, max-snippet:-1, max-image-preview:large, max-video-preview:-1\" \/>\n<link rel=\"canonical\" href=\"https:\/\/comune.santacroce.pi.it\/oldsite\/dino-va-in-citta-cittadino-si-diventa-il-progetto-per-i-percorsi-di-cittadinanza-dallassessore-rusconi\/\" \/>\n<meta property=\"og:locale\" content=\"it_IT\" \/>\n<meta property=\"og:type\" content=\"article\" \/>\n<meta property=\"og:title\" content=\"&quot;Dino va in Citt\u00e0...CittaDino si diventa&quot;, il progetto per i percorsi di cittadinanza dall&#039;assessore Rusconi - Comune di Santa Croce sull&#039;Arno\" \/>\n<meta property=\"og:description\" content=\"Il tema proposto per l\u2019Anno Scolastico 2024-2025 \u00e8 il principio di uguaglianza e non discriminazione contenuto nell\u2019articolo 3 della Costituzione\" \/>\n<meta property=\"og:url\" content=\"https:\/\/comune.santacroce.pi.it\/oldsite\/dino-va-in-citta-cittadino-si-diventa-il-progetto-per-i-percorsi-di-cittadinanza-dallassessore-rusconi\/\" \/>\n<meta property=\"og:site_name\" content=\"Comune di Santa Croce sull&#039;Arno\" \/>\n<meta property=\"article:published_time\" content=\"2025-01-22T15:35:55+00:00\" \/>\n<meta property=\"og:image\" content=\"https:\/\/comune.santacroce.pi.it\/oldsite\/wp-content\/uploads\/2025\/01\/dino-va-in-citta.jpg\" \/>\n\t<meta property=\"og:image:width\" content=\"598\" \/>\n\t<meta property=\"og:image:height\" content=\"313\" \/>\n\t<meta property=\"og:image:type\" content=\"image\/jpeg\" \/>\n<meta name=\"author\" content=\"Gabriele Mori\" \/>\n<meta name=\"twitter:card\" content=\"summary_large_image\" \/>\n<meta name=\"twitter:label1\" content=\"Scritto da\" \/>\n\t<meta name=\"twitter:data1\" content=\"Gabriele Mori\" \/>\n\t<meta name=\"twitter:label2\" content=\"Tempo di lettura stimato\" \/>\n\t<meta name=\"twitter:data2\" content=\"4 minuti\" \/>\n<script type=\"application\/ld+json\" class=\"yoast-schema-graph\">{\"@context\":\"https:\/\/schema.org\",\"@graph\":[{\"@type\":\"Article\",\"@id\":\"https:\/\/comune.santacroce.pi.it\/oldsite\/dino-va-in-citta-cittadino-si-diventa-il-progetto-per-i-percorsi-di-cittadinanza-dallassessore-rusconi\/#article\",\"isPartOf\":{\"@id\":\"https:\/\/comune.santacroce.pi.it\/oldsite\/dino-va-in-citta-cittadino-si-diventa-il-progetto-per-i-percorsi-di-cittadinanza-dallassessore-rusconi\/\"},\"author\":{\"name\":\"Gabriele Mori\",\"@id\":\"https:\/\/comune.santacroce.pi.it\/oldsite\/#\/schema\/person\/0d96f3193d14ec1176b2e8b1d7568f9b\"},\"headline\":\"&#8220;Dino va in Citt\u00e0&#8230;CittaDino si diventa&#8221;, il progetto per i percorsi di cittadinanza dall&#8217;assessore Rusconi\",\"datePublished\":\"2025-01-22T15:35:55+00:00\",\"mainEntityOfPage\":{\"@id\":\"https:\/\/comune.santacroce.pi.it\/oldsite\/dino-va-in-citta-cittadino-si-diventa-il-progetto-per-i-percorsi-di-cittadinanza-dallassessore-rusconi\/\"},\"wordCount\":558,\"publisher\":{\"@id\":\"https:\/\/comune.santacroce.pi.it\/oldsite\/#organization\"},\"image\":{\"@id\":\"https:\/\/comune.santacroce.pi.it\/oldsite\/dino-va-in-citta-cittadino-si-diventa-il-progetto-per-i-percorsi-di-cittadinanza-dallassessore-rusconi\/#primaryimage\"},\"thumbnailUrl\":\"https:\/\/comune.santacroce.pi.it\/oldsite\/wp-content\/uploads\/2025\/01\/dino-va-in-citta.jpg\",\"keywords\":[\"articolo 3 della costituzione\",\"Carta costituzionale.\",\"cittadino\",\"comune di santa croce\",\"costituzione\",\"dino\",\"dino ca in citta\",\"istituto comprensivo santa croce sul'arno\",\"Renato Rusconi\"],\"articleSection\":[\"Bandi e Concorsi\",\"Cultura\",\"Notizie e informazioni\",\"Scuola\"],\"inLanguage\":\"it-IT\"},{\"@type\":\"WebPage\",\"@id\":\"https:\/\/comune.santacroce.pi.it\/oldsite\/dino-va-in-citta-cittadino-si-diventa-il-progetto-per-i-percorsi-di-cittadinanza-dallassessore-rusconi\/\",\"url\":\"https:\/\/comune.santacroce.pi.it\/oldsite\/dino-va-in-citta-cittadino-si-diventa-il-progetto-per-i-percorsi-di-cittadinanza-dallassessore-rusconi\/\",\"name\":\"\\\"Dino va in Citt\u00e0...CittaDino si diventa\\\", il progetto per i percorsi di cittadinanza dall'assessore Rusconi - Comune di Santa Croce sull&#039;Arno\",\"isPartOf\":{\"@id\":\"https:\/\/comune.santacroce.pi.it\/oldsite\/#website\"},\"primaryImageOfPage\":{\"@id\":\"https:\/\/comune.santacroce.pi.it\/oldsite\/dino-va-in-citta-cittadino-si-diventa-il-progetto-per-i-percorsi-di-cittadinanza-dallassessore-rusconi\/#primaryimage\"},\"image\":{\"@id\":\"https:\/\/comune.santacroce.pi.it\/oldsite\/dino-va-in-citta-cittadino-si-diventa-il-progetto-per-i-percorsi-di-cittadinanza-dallassessore-rusconi\/#primaryimage\"},\"thumbnailUrl\":\"https:\/\/comune.santacroce.pi.it\/oldsite\/wp-content\/uploads\/2025\/01\/dino-va-in-citta.jpg\",\"datePublished\":\"2025-01-22T15:35:55+00:00\",\"description\":\"Il tema proposto per l\u2019Anno Scolastico 2024-2025 \u00e8 il principio di uguaglianza e non discriminazione contenuto nell\u2019articolo 3 della Costituzione\",\"breadcrumb\":{\"@id\":\"https:\/\/comune.santacroce.pi.it\/oldsite\/dino-va-in-citta-cittadino-si-diventa-il-progetto-per-i-percorsi-di-cittadinanza-dallassessore-rusconi\/#breadcrumb\"},\"inLanguage\":\"it-IT\",\"potentialAction\":[{\"@type\":\"ReadAction\",\"target\":[\"https:\/\/comune.santacroce.pi.it\/oldsite\/dino-va-in-citta-cittadino-si-diventa-il-progetto-per-i-percorsi-di-cittadinanza-dallassessore-rusconi\/\"]}]},{\"@type\":\"ImageObject\",\"inLanguage\":\"it-IT\",\"@id\":\"https:\/\/comune.santacroce.pi.it\/oldsite\/dino-va-in-citta-cittadino-si-diventa-il-progetto-per-i-percorsi-di-cittadinanza-dallassessore-rusconi\/#primaryimage\",\"url\":\"https:\/\/comune.santacroce.pi.it\/oldsite\/wp-content\/uploads\/2025\/01\/dino-va-in-citta.jpg\",\"contentUrl\":\"https:\/\/comune.santacroce.pi.it\/oldsite\/wp-content\/uploads\/2025\/01\/dino-va-in-citta.jpg\",\"width\":598,\"height\":313},{\"@type\":\"BreadcrumbList\",\"@id\":\"https:\/\/comune.santacroce.pi.it\/oldsite\/dino-va-in-citta-cittadino-si-diventa-il-progetto-per-i-percorsi-di-cittadinanza-dallassessore-rusconi\/#breadcrumb\",\"itemListElement\":[{\"@type\":\"ListItem\",\"position\":1,\"name\":\"Home\",\"item\":\"https:\/\/comune.santacroce.pi.it\/oldsite\/\"},{\"@type\":\"ListItem\",\"position\":2,\"name\":\"&#8220;Dino va in Citt\u00e0&#8230;CittaDino si diventa&#8221;, il progetto per i percorsi di cittadinanza dall&#8217;assessore Rusconi\"}]},{\"@type\":\"WebSite\",\"@id\":\"https:\/\/comune.santacroce.pi.it\/oldsite\/#website\",\"url\":\"https:\/\/comune.santacroce.pi.it\/oldsite\/\",\"name\":\"Comune di Santa Croce sull&#039;Arno\",\"description\":\"Provincia di Pisa\",\"publisher\":{\"@id\":\"https:\/\/comune.santacroce.pi.it\/oldsite\/#organization\"},\"potentialAction\":[{\"@type\":\"SearchAction\",\"target\":{\"@type\":\"EntryPoint\",\"urlTemplate\":\"https:\/\/comune.santacroce.pi.it\/oldsite\/?s={search_term_string}\"},\"query-input\":{\"@type\":\"PropertyValueSpecification\",\"valueRequired\":true,\"valueName\":\"search_term_string\"}}],\"inLanguage\":\"it-IT\"},{\"@type\":\"Organization\",\"@id\":\"https:\/\/comune.santacroce.pi.it\/oldsite\/#organization\",\"name\":\"Comune di Santa Croce sull'Arno\",\"url\":\"https:\/\/comune.santacroce.pi.it\/oldsite\/\",\"logo\":{\"@type\":\"ImageObject\",\"inLanguage\":\"it-IT\",\"@id\":\"https:\/\/comune.santacroce.pi.it\/oldsite\/#\/schema\/logo\/image\/\",\"url\":\"https:\/\/comune.santacroce.pi.it\/oldsite\/wp-content\/uploads\/2021\/02\/cropped-Stemma-Santa-Croce-dellArno_500-1.png\",\"contentUrl\":\"https:\/\/comune.santacroce.pi.it\/oldsite\/wp-content\/uploads\/2021\/02\/cropped-Stemma-Santa-Croce-dellArno_500-1.png\",\"width\":500,\"height\":500,\"caption\":\"Comune di Santa Croce sull'Arno\"},\"image\":{\"@id\":\"https:\/\/comune.santacroce.pi.it\/oldsite\/#\/schema\/logo\/image\/\"}},{\"@type\":\"Person\",\"@id\":\"https:\/\/comune.santacroce.pi.it\/oldsite\/#\/schema\/person\/0d96f3193d14ec1176b2e8b1d7568f9b\",\"name\":\"Gabriele Mori\",\"image\":{\"@type\":\"ImageObject\",\"inLanguage\":\"it-IT\",\"@id\":\"https:\/\/comune.santacroce.pi.it\/oldsite\/#\/schema\/person\/image\/\",\"url\":\"https:\/\/secure.gravatar.com\/avatar\/4822dca0f755ab87ef748979c3d1a6a1?s=96&d=mm&r=g\",\"contentUrl\":\"https:\/\/secure.gravatar.com\/avatar\/4822dca0f755ab87ef748979c3d1a6a1?s=96&d=mm&r=g\",\"caption\":\"Gabriele Mori\"},\"url\":\"https:\/\/comune.santacroce.pi.it\/oldsite\/author\/gmori\/\"}]}<\/script>\n<!-- \/ Yoast SEO plugin. -->","yoast_head_json":{"title":"\"Dino va in Citt\u00e0...CittaDino si diventa\", il progetto per i percorsi di cittadinanza dall'assessore Rusconi - Comune di Santa Croce sull&#039;Arno","description":"Il tema proposto per l\u2019Anno Scolastico 2024-2025 \u00e8 il principio di uguaglianza e non discriminazione contenuto nell\u2019articolo 3 della Costituzione","robots":{"index":"index","follow":"follow","max-snippet":"max-snippet:-1","max-image-preview":"max-image-preview:large","max-video-preview":"max-video-preview:-1"},"canonical":"https:\/\/comune.santacroce.pi.it\/oldsite\/dino-va-in-citta-cittadino-si-diventa-il-progetto-per-i-percorsi-di-cittadinanza-dallassessore-rusconi\/","og_locale":"it_IT","og_type":"article","og_title":"\"Dino va in Citt\u00e0...CittaDino si diventa\", il progetto per i percorsi di cittadinanza dall'assessore Rusconi - Comune di Santa Croce sull&#039;Arno","og_description":"Il tema proposto per l\u2019Anno Scolastico 2024-2025 \u00e8 il principio di uguaglianza e non discriminazione contenuto nell\u2019articolo 3 della Costituzione","og_url":"https:\/\/comune.santacroce.pi.it\/oldsite\/dino-va-in-citta-cittadino-si-diventa-il-progetto-per-i-percorsi-di-cittadinanza-dallassessore-rusconi\/","og_site_name":"Comune di Santa Croce sull&#039;Arno","article_published_time":"2025-01-22T15:35:55+00:00","og_image":[{"width":598,"height":313,"url":"https:\/\/comune.santacroce.pi.it\/oldsite\/wp-content\/uploads\/2025\/01\/dino-va-in-citta.jpg","type":"image\/jpeg"}],"author":"Gabriele Mori","twitter_card":"summary_large_image","twitter_misc":{"Scritto da":"Gabriele Mori","Tempo di lettura stimato":"4 minuti"},"schema":{"@context":"https:\/\/schema.org","@graph":[{"@type":"Article","@id":"https:\/\/comune.santacroce.pi.it\/oldsite\/dino-va-in-citta-cittadino-si-diventa-il-progetto-per-i-percorsi-di-cittadinanza-dallassessore-rusconi\/#article","isPartOf":{"@id":"https:\/\/comune.santacroce.pi.it\/oldsite\/dino-va-in-citta-cittadino-si-diventa-il-progetto-per-i-percorsi-di-cittadinanza-dallassessore-rusconi\/"},"author":{"name":"Gabriele Mori","@id":"https:\/\/comune.santacroce.pi.it\/oldsite\/#\/schema\/person\/0d96f3193d14ec1176b2e8b1d7568f9b"},"headline":"&#8220;Dino va in Citt\u00e0&#8230;CittaDino si diventa&#8221;, il progetto per i percorsi di cittadinanza dall&#8217;assessore Rusconi","datePublished":"2025-01-22T15:35:55+00:00","mainEntityOfPage":{"@id":"https:\/\/comune.santacroce.pi.it\/oldsite\/dino-va-in-citta-cittadino-si-diventa-il-progetto-per-i-percorsi-di-cittadinanza-dallassessore-rusconi\/"},"wordCount":558,"publisher":{"@id":"https:\/\/comune.santacroce.pi.it\/oldsite\/#organization"},"image":{"@id":"https:\/\/comune.santacroce.pi.it\/oldsite\/dino-va-in-citta-cittadino-si-diventa-il-progetto-per-i-percorsi-di-cittadinanza-dallassessore-rusconi\/#primaryimage"},"thumbnailUrl":"https:\/\/comune.santacroce.pi.it\/oldsite\/wp-content\/uploads\/2025\/01\/dino-va-in-citta.jpg","keywords":["articolo 3 della costituzione","Carta costituzionale.","cittadino","comune di santa croce","costituzione","dino","dino ca in citta","istituto comprensivo santa croce sul'arno","Renato Rusconi"],"articleSection":["Bandi e Concorsi","Cultura","Notizie e informazioni","Scuola"],"inLanguage":"it-IT"},{"@type":"WebPage","@id":"https:\/\/comune.santacroce.pi.it\/oldsite\/dino-va-in-citta-cittadino-si-diventa-il-progetto-per-i-percorsi-di-cittadinanza-dallassessore-rusconi\/","url":"https:\/\/comune.santacroce.pi.it\/oldsite\/dino-va-in-citta-cittadino-si-diventa-il-progetto-per-i-percorsi-di-cittadinanza-dallassessore-rusconi\/","name":"\"Dino va in Citt\u00e0...CittaDino si diventa\", il progetto per i percorsi di cittadinanza dall'assessore Rusconi - Comune di Santa Croce sull&#039;Arno","isPartOf":{"@id":"https:\/\/comune.santacroce.pi.it\/oldsite\/#website"},"primaryImageOfPage":{"@id":"https:\/\/comune.santacroce.pi.it\/oldsite\/dino-va-in-citta-cittadino-si-diventa-il-progetto-per-i-percorsi-di-cittadinanza-dallassessore-rusconi\/#primaryimage"},"image":{"@id":"https:\/\/comune.santacroce.pi.it\/oldsite\/dino-va-in-citta-cittadino-si-diventa-il-progetto-per-i-percorsi-di-cittadinanza-dallassessore-rusconi\/#primaryimage"},"thumbnailUrl":"https:\/\/comune.santacroce.pi.it\/oldsite\/wp-content\/uploads\/2025\/01\/dino-va-in-citta.jpg","datePublished":"2025-01-22T15:35:55+00:00","description":"Il tema proposto per l\u2019Anno Scolastico 2024-2025 \u00e8 il principio di uguaglianza e non discriminazione contenuto nell\u2019articolo 3 della Costituzione","breadcrumb":{"@id":"https:\/\/comune.santacroce.pi.it\/oldsite\/dino-va-in-citta-cittadino-si-diventa-il-progetto-per-i-percorsi-di-cittadinanza-dallassessore-rusconi\/#breadcrumb"},"inLanguage":"it-IT","potentialAction":[{"@type":"ReadAction","target":["https:\/\/comune.santacroce.pi.it\/oldsite\/dino-va-in-citta-cittadino-si-diventa-il-progetto-per-i-percorsi-di-cittadinanza-dallassessore-rusconi\/"]}]},{"@type":"ImageObject","inLanguage":"it-IT","@id":"https:\/\/comune.santacroce.pi.it\/oldsite\/dino-va-in-citta-cittadino-si-diventa-il-progetto-per-i-percorsi-di-cittadinanza-dallassessore-rusconi\/#primaryimage","url":"https:\/\/comune.santacroce.pi.it\/oldsite\/wp-content\/uploads\/2025\/01\/dino-va-in-citta.jpg","contentUrl":"https:\/\/comune.santacroce.pi.it\/oldsite\/wp-content\/uploads\/2025\/01\/dino-va-in-citta.jpg","width":598,"height":313},{"@type":"BreadcrumbList","@id":"https:\/\/comune.santacroce.pi.it\/oldsite\/dino-va-in-citta-cittadino-si-diventa-il-progetto-per-i-percorsi-di-cittadinanza-dallassessore-rusconi\/#breadcrumb","itemListElement":[{"@type":"ListItem","position":1,"name":"Home","item":"https:\/\/comune.santacroce.pi.it\/oldsite\/"},{"@type":"ListItem","position":2,"name":"&#8220;Dino va in Citt\u00e0&#8230;CittaDino si diventa&#8221;, il progetto per i percorsi di cittadinanza dall&#8217;assessore Rusconi"}]},{"@type":"WebSite","@id":"https:\/\/comune.santacroce.pi.it\/oldsite\/#website","url":"https:\/\/comune.santacroce.pi.it\/oldsite\/","name":"Comune di Santa Croce sull&#039;Arno","description":"Provincia di Pisa","publisher":{"@id":"https:\/\/comune.santacroce.pi.it\/oldsite\/#organization"},"potentialAction":[{"@type":"SearchAction","target":{"@type":"EntryPoint","urlTemplate":"https:\/\/comune.santacroce.pi.it\/oldsite\/?s={search_term_string}"},"query-input":{"@type":"PropertyValueSpecification","valueRequired":true,"valueName":"search_term_string"}}],"inLanguage":"it-IT"},{"@type":"Organization","@id":"https:\/\/comune.santacroce.pi.it\/oldsite\/#organization","name":"Comune di Santa Croce sull'Arno","url":"https:\/\/comune.santacroce.pi.it\/oldsite\/","logo":{"@type":"ImageObject","inLanguage":"it-IT","@id":"https:\/\/comune.santacroce.pi.it\/oldsite\/#\/schema\/logo\/image\/","url":"https:\/\/comune.santacroce.pi.it\/oldsite\/wp-content\/uploads\/2021\/02\/cropped-Stemma-Santa-Croce-dellArno_500-1.png","contentUrl":"https:\/\/comune.santacroce.pi.it\/oldsite\/wp-content\/uploads\/2021\/02\/cropped-Stemma-Santa-Croce-dellArno_500-1.png","width":500,"height":500,"caption":"Comune di Santa Croce sull'Arno"},"image":{"@id":"https:\/\/comune.santacroce.pi.it\/oldsite\/#\/schema\/logo\/image\/"}},{"@type":"Person","@id":"https:\/\/comune.santacroce.pi.it\/oldsite\/#\/schema\/person\/0d96f3193d14ec1176b2e8b1d7568f9b","name":"Gabriele Mori","image":{"@type":"ImageObject","inLanguage":"it-IT","@id":"https:\/\/comune.santacroce.pi.it\/oldsite\/#\/schema\/person\/image\/","url":"https:\/\/secure.gravatar.com\/avatar\/4822dca0f755ab87ef748979c3d1a6a1?s=96&d=mm&r=g","contentUrl":"https:\/\/secure.gravatar.com\/avatar\/4822dca0f755ab87ef748979c3d1a6a1?s=96&d=mm&r=g","caption":"Gabriele Mori"},"url":"https:\/\/comune.santacroce.pi.it\/oldsite\/author\/gmori\/"}]}},"jetpack_featured_media_url":"https:\/\/comune.santacroce.pi.it\/oldsite\/wp-content\/uploads\/2025\/01\/dino-va-in-citta.jpg","meta_box":{"comunicacity_sync":"1","cc4_urg_colore":"rosso","cc4_urg_data_inizio":"","cc4_urg_data_fine":"","cc4_cor_positivi_oggi":"","cc4_cor_negativizzati_oggi":"","cc4_cor_deceduti_oggi":"","cc4_cor_positivi_totali":"","cc4_cor_negativizzati_totali":"","cc4_cor_deceduti_totali":"","cc4_cor_attualmente_positivi":"","cc4_eve_data_inizio":"","cc4_eve_data_fine":"","cc4_eve_indirizzo":"","cc4_eve_posizione":{"latitude":"53.346881","longitude":"-6.25886","zoom":"11"},"cc4_eve_telefono":"","cc4_eve_email":"","cc4_eve_web":"","cc4_eve_fb":""},"_links":{"self":[{"href":"https:\/\/comune.santacroce.pi.it\/oldsite\/wp-json\/wp\/v2\/posts\/25904","targetHints":{"allow":["GET"]}}],"collection":[{"href":"https:\/\/comune.santacroce.pi.it\/oldsite\/wp-json\/wp\/v2\/posts"}],"about":[{"href":"https:\/\/comune.santacroce.pi.it\/oldsite\/wp-json\/wp\/v2\/types\/post"}],"author":[{"embeddable":true,"href":"https:\/\/comune.santacroce.pi.it\/oldsite\/wp-json\/wp\/v2\/users\/46"}],"replies":[{"embeddable":true,"href":"https:\/\/comune.santacroce.pi.it\/oldsite\/wp-json\/wp\/v2\/comments?post=25904"}],"version-history":[{"count":0,"href":"https:\/\/comune.santacroce.pi.it\/oldsite\/wp-json\/wp\/v2\/posts\/25904\/revisions"}],"wp:featuredmedia":[{"embeddable":true,"href":"https:\/\/comune.santacroce.pi.it\/oldsite\/wp-json\/wp\/v2\/media\/25905"}],"wp:attachment":[{"href":"https:\/\/comune.santacroce.pi.it\/oldsite\/wp-json\/wp\/v2\/media?parent=25904"}],"wp:term":[{"taxonomy":"category","embeddable":true,"href":"https:\/\/comune.santacroce.pi.it\/oldsite\/wp-json\/wp\/v2\/categories?post=25904"},{"taxonomy":"post_tag","embeddable":true,"href":"https:\/\/comune.santacroce.pi.it\/oldsite\/wp-json\/wp\/v2\/tags?post=25904"}],"curies":[{"name":"wp","href":"https:\/\/api.w.org\/{rel}","templated":true}]}}