{"id":25860,"date":"2025-01-13T10:23:05","date_gmt":"2025-01-13T09:23:05","guid":{"rendered":"https:\/\/comune.santacroce.pi.it\/oldsite\/?p=25860"},"modified":"2025-02-18T16:11:38","modified_gmt":"2025-02-18T15:11:38","slug":"presentazione-del-libro-piccola-umanita-di-gianmarco-lotti-venerdi-17-gennaio","status":"publish","type":"post","link":"https:\/\/comune.santacroce.pi.it\/oldsite\/presentazione-del-libro-piccola-umanita-di-gianmarco-lotti-venerdi-17-gennaio\/","title":{"rendered":"Presentazione del libro &#8220;Piccola umanit\u00e0&#8221; di Gianmarco Lotti, Venerd\u00ec 17 Gennaio"},"content":{"rendered":"<p><strong><img loading=\"lazy\" decoding=\"async\" class=\"alignnone wp-image-25861 size-large\" src=\"https:\/\/comune.santacroce.pi.it\/oldsite\/wp-content\/uploads\/2025\/01\/LOCANDINA--724x1024.png\" alt=\"\" width=\"724\" height=\"1024\" srcset=\"https:\/\/comune.santacroce.pi.it\/oldsite\/wp-content\/uploads\/2025\/01\/LOCANDINA--724x1024.png 724w, https:\/\/comune.santacroce.pi.it\/oldsite\/wp-content\/uploads\/2025\/01\/LOCANDINA--212x300.png 212w, https:\/\/comune.santacroce.pi.it\/oldsite\/wp-content\/uploads\/2025\/01\/LOCANDINA--768x1086.png 768w, https:\/\/comune.santacroce.pi.it\/oldsite\/wp-content\/uploads\/2025\/01\/LOCANDINA--1086x1536.png 1086w, https:\/\/comune.santacroce.pi.it\/oldsite\/wp-content\/uploads\/2025\/01\/LOCANDINA--1448x2048.png 1448w, https:\/\/comune.santacroce.pi.it\/oldsite\/wp-content\/uploads\/2025\/01\/LOCANDINA-.png 1587w\" sizes=\"auto, (max-width: 724px) 100vw, 724px\" \/><\/strong><\/p>\n<p>Venerd\u00ec 17 Gennaio, alle ore 18:00, presso la Saletta Vallini della Biblioteca Comunale \u201cAdrio Puccini\u201d (Largo Delio Nazzi, 1), <strong>Gianmarco Lotti<\/strong>, giornalista e scrittore, presenter\u00e0 il suo libro d\u2019esordio, \u201c<strong>Piccola Umanit\u00e0<\/strong>\u201d, edito da Affiori. Al suo fianco, la collega giornalista Chiarastella Foschini, che arricchir\u00e0 la conversazione con riflessioni e spunti sul lavoro dell\u2019autore.<\/p>\n<p>&#8220;Piccola Umanit\u00e0&#8221; \u00e8 una raccolta di racconti che esplora con profondit\u00e0 e ironia il microcosmo delle vite ordinarie, mettendo in luce fragilit\u00e0, contraddizioni e aspirazioni di una pluralit\u00e0 di personaggi.<br \/>\nSara vive la sua vita in base al lavoro. Leopoldo lotta col suo corpo e si sente in gabbia. Beppe crede che gli esseri umani siano come i crostini misti. Ada ha scoperto come fare soldi mandando il malocchio alla gente su internet. E poi c\u2019\u00e8 chi chiede un caff\u00e8 corretto in un campo di concentramento, chi vende i santini NFT, chi sussurra rivoluzioni in formato ASMR<br \/>\n&#8220;<em>\u00c8 un romanzo composto da 80 storie di 80 personaggi tra donne e uomini che si muovono sullo stesso palcoscenico ma non interagiscono tra loro,<\/em> &#8211; racconta Lotti-. <em>Ci\u00f2 che li lega \u00e8 un filo rosso, ovvero una ricerca introspettiva: si parla, infatti, delle loro paure, delle loro ansie, e di tutto ci\u00f2 che li riguarda.<\/em>\u201d<\/p>\n<p>La presentazione sar\u00e0 introdotta dall\u2019Assessore alla Cultura <strong>Simone Balsanti<\/strong>.<\/p>\n<p>L\u2019ingresso all\u2019evento \u00e8 libero.<\/p>\n","protected":false},"excerpt":{"rendered":"<p>Venerd\u00ec 17 Gennaio, alle ore 18:00, presso la Saletta Vallini della Biblioteca Comunale \u201cAdrio Puccini\u201d (Largo Delio Nazzi, 1), Gianmarco Lotti, giornalista e scrittore, presenter\u00e0 il suo libro d\u2019esordio, \u201cPiccola [&hellip;]<\/p>\n","protected":false},"author":18,"featured_media":25861,"comment_status":"closed","ping_status":"closed","sticky":false,"template":"","format":"standard","meta":{"footnotes":""},"categories":[154,155],"tags":[],"class_list":["post-25860","post","type-post","status-publish","format-standard","has-post-thumbnail","hentry","category-cultura","category-eventi"],"yoast_head":"<!-- This site is optimized with the Yoast SEO plugin v24.7 - https:\/\/yoast.com\/wordpress\/plugins\/seo\/ -->\n<title>Presentazione del libro &quot;Piccola umanit\u00e0&quot; di Gianmarco Lotti, Venerd\u00ec 17 Gennaio - Comune di Santa Croce sull&#039;Arno<\/title>\n<meta name=\"description\" content=\"Venerd\u00ec 17 Gennaio, alle ore 18:00, presso la Saletta Vallini della Biblioteca Comunale \u201cAdrio Puccini\u201d (Largo Delio Nazzi, 1), Gianmarco Lotti presenter\u00e0, giornalista e scrittore, presenter\u00e0 il suo libro d\u2019esordio, \u201cPiccola Umanit\u00e0\u201d, edito da Affiori\" \/>\n<meta name=\"robots\" content=\"index, follow, max-snippet:-1, max-image-preview:large, max-video-preview:-1\" \/>\n<link rel=\"canonical\" href=\"https:\/\/comune.santacroce.pi.it\/oldsite\/presentazione-del-libro-piccola-umanita-di-gianmarco-lotti-venerdi-17-gennaio\/\" \/>\n<meta property=\"og:locale\" content=\"it_IT\" \/>\n<meta property=\"og:type\" content=\"article\" \/>\n<meta property=\"og:title\" content=\"Presentazione del libro &quot;Piccola umanit\u00e0&quot; di Gianmarco Lotti, Venerd\u00ec 17 Gennaio - Comune di Santa Croce sull&#039;Arno\" \/>\n<meta property=\"og:description\" content=\"Venerd\u00ec 17 Gennaio, alle ore 18:00, presso la Saletta Vallini della Biblioteca Comunale \u201cAdrio Puccini\u201d (Largo Delio Nazzi, 1), Gianmarco Lotti presenter\u00e0, giornalista e scrittore, presenter\u00e0 il suo libro d\u2019esordio, \u201cPiccola Umanit\u00e0\u201d, edito da Affiori\" \/>\n<meta property=\"og:url\" content=\"https:\/\/comune.santacroce.pi.it\/oldsite\/presentazione-del-libro-piccola-umanita-di-gianmarco-lotti-venerdi-17-gennaio\/\" \/>\n<meta property=\"og:site_name\" content=\"Comune di Santa Croce sull&#039;Arno\" \/>\n<meta property=\"article:published_time\" content=\"2025-01-13T09:23:05+00:00\" \/>\n<meta property=\"article:modified_time\" content=\"2025-02-18T15:11:38+00:00\" \/>\n<meta property=\"og:image\" content=\"https:\/\/comune.santacroce.pi.it\/oldsite\/wp-content\/uploads\/2025\/01\/LOCANDINA-.png\" \/>\n\t<meta property=\"og:image:width\" content=\"1587\" \/>\n\t<meta property=\"og:image:height\" content=\"2245\" \/>\n\t<meta property=\"og:image:type\" content=\"image\/png\" \/>\n<meta name=\"author\" content=\"Biblioteca e cultura\" \/>\n<meta name=\"twitter:card\" content=\"summary_large_image\" \/>\n<meta name=\"twitter:label1\" content=\"Scritto da\" \/>\n\t<meta name=\"twitter:data1\" content=\"Biblioteca e cultura\" \/>\n\t<meta name=\"twitter:label2\" content=\"Tempo di lettura stimato\" \/>\n\t<meta name=\"twitter:data2\" content=\"2 minuti\" \/>\n<script type=\"application\/ld+json\" class=\"yoast-schema-graph\">{\"@context\":\"https:\/\/schema.org\",\"@graph\":[{\"@type\":\"Article\",\"@id\":\"https:\/\/comune.santacroce.pi.it\/oldsite\/presentazione-del-libro-piccola-umanita-di-gianmarco-lotti-venerdi-17-gennaio\/#article\",\"isPartOf\":{\"@id\":\"https:\/\/comune.santacroce.pi.it\/oldsite\/presentazione-del-libro-piccola-umanita-di-gianmarco-lotti-venerdi-17-gennaio\/\"},\"author\":{\"name\":\"Biblioteca e cultura\",\"@id\":\"https:\/\/comune.santacroce.pi.it\/oldsite\/#\/schema\/person\/77e3693e7d02c5835b2dd82778f7fb45\"},\"headline\":\"Presentazione del libro &#8220;Piccola umanit\u00e0&#8221; di Gianmarco Lotti, Venerd\u00ec 17 Gennaio\",\"datePublished\":\"2025-01-13T09:23:05+00:00\",\"dateModified\":\"2025-02-18T15:11:38+00:00\",\"mainEntityOfPage\":{\"@id\":\"https:\/\/comune.santacroce.pi.it\/oldsite\/presentazione-del-libro-piccola-umanita-di-gianmarco-lotti-venerdi-17-gennaio\/\"},\"wordCount\":225,\"publisher\":{\"@id\":\"https:\/\/comune.santacroce.pi.it\/oldsite\/#organization\"},\"image\":{\"@id\":\"https:\/\/comune.santacroce.pi.it\/oldsite\/presentazione-del-libro-piccola-umanita-di-gianmarco-lotti-venerdi-17-gennaio\/#primaryimage\"},\"thumbnailUrl\":\"https:\/\/comune.santacroce.pi.it\/oldsite\/wp-content\/uploads\/2025\/01\/LOCANDINA-.png\",\"articleSection\":[\"Cultura\",\"Eventi\"],\"inLanguage\":\"it-IT\"},{\"@type\":\"WebPage\",\"@id\":\"https:\/\/comune.santacroce.pi.it\/oldsite\/presentazione-del-libro-piccola-umanita-di-gianmarco-lotti-venerdi-17-gennaio\/\",\"url\":\"https:\/\/comune.santacroce.pi.it\/oldsite\/presentazione-del-libro-piccola-umanita-di-gianmarco-lotti-venerdi-17-gennaio\/\",\"name\":\"Presentazione del libro \\\"Piccola umanit\u00e0\\\" di Gianmarco Lotti, Venerd\u00ec 17 Gennaio - Comune di Santa Croce sull&#039;Arno\",\"isPartOf\":{\"@id\":\"https:\/\/comune.santacroce.pi.it\/oldsite\/#website\"},\"primaryImageOfPage\":{\"@id\":\"https:\/\/comune.santacroce.pi.it\/oldsite\/presentazione-del-libro-piccola-umanita-di-gianmarco-lotti-venerdi-17-gennaio\/#primaryimage\"},\"image\":{\"@id\":\"https:\/\/comune.santacroce.pi.it\/oldsite\/presentazione-del-libro-piccola-umanita-di-gianmarco-lotti-venerdi-17-gennaio\/#primaryimage\"},\"thumbnailUrl\":\"https:\/\/comune.santacroce.pi.it\/oldsite\/wp-content\/uploads\/2025\/01\/LOCANDINA-.png\",\"datePublished\":\"2025-01-13T09:23:05+00:00\",\"dateModified\":\"2025-02-18T15:11:38+00:00\",\"description\":\"Venerd\u00ec 17 Gennaio, alle ore 18:00, presso la Saletta Vallini della Biblioteca Comunale \u201cAdrio Puccini\u201d (Largo Delio Nazzi, 1), Gianmarco Lotti presenter\u00e0, giornalista e scrittore, presenter\u00e0 il suo libro d\u2019esordio, \u201cPiccola Umanit\u00e0\u201d, edito da Affiori\",\"breadcrumb\":{\"@id\":\"https:\/\/comune.santacroce.pi.it\/oldsite\/presentazione-del-libro-piccola-umanita-di-gianmarco-lotti-venerdi-17-gennaio\/#breadcrumb\"},\"inLanguage\":\"it-IT\",\"potentialAction\":[{\"@type\":\"ReadAction\",\"target\":[\"https:\/\/comune.santacroce.pi.it\/oldsite\/presentazione-del-libro-piccola-umanita-di-gianmarco-lotti-venerdi-17-gennaio\/\"]}]},{\"@type\":\"ImageObject\",\"inLanguage\":\"it-IT\",\"@id\":\"https:\/\/comune.santacroce.pi.it\/oldsite\/presentazione-del-libro-piccola-umanita-di-gianmarco-lotti-venerdi-17-gennaio\/#primaryimage\",\"url\":\"https:\/\/comune.santacroce.pi.it\/oldsite\/wp-content\/uploads\/2025\/01\/LOCANDINA-.png\",\"contentUrl\":\"https:\/\/comune.santacroce.pi.it\/oldsite\/wp-content\/uploads\/2025\/01\/LOCANDINA-.png\",\"width\":1587,\"height\":2245},{\"@type\":\"BreadcrumbList\",\"@id\":\"https:\/\/comune.santacroce.pi.it\/oldsite\/presentazione-del-libro-piccola-umanita-di-gianmarco-lotti-venerdi-17-gennaio\/#breadcrumb\",\"itemListElement\":[{\"@type\":\"ListItem\",\"position\":1,\"name\":\"Home\",\"item\":\"https:\/\/comune.santacroce.pi.it\/oldsite\/\"},{\"@type\":\"ListItem\",\"position\":2,\"name\":\"Presentazione del libro &#8220;Piccola umanit\u00e0&#8221; di Gianmarco Lotti, Venerd\u00ec 17 Gennaio\"}]},{\"@type\":\"WebSite\",\"@id\":\"https:\/\/comune.santacroce.pi.it\/oldsite\/#website\",\"url\":\"https:\/\/comune.santacroce.pi.it\/oldsite\/\",\"name\":\"Comune di Santa Croce sull&#039;Arno\",\"description\":\"Provincia di Pisa\",\"publisher\":{\"@id\":\"https:\/\/comune.santacroce.pi.it\/oldsite\/#organization\"},\"potentialAction\":[{\"@type\":\"SearchAction\",\"target\":{\"@type\":\"EntryPoint\",\"urlTemplate\":\"https:\/\/comune.santacroce.pi.it\/oldsite\/?s={search_term_string}\"},\"query-input\":{\"@type\":\"PropertyValueSpecification\",\"valueRequired\":true,\"valueName\":\"search_term_string\"}}],\"inLanguage\":\"it-IT\"},{\"@type\":\"Organization\",\"@id\":\"https:\/\/comune.santacroce.pi.it\/oldsite\/#organization\",\"name\":\"Comune di Santa Croce sull'Arno\",\"url\":\"https:\/\/comune.santacroce.pi.it\/oldsite\/\",\"logo\":{\"@type\":\"ImageObject\",\"inLanguage\":\"it-IT\",\"@id\":\"https:\/\/comune.santacroce.pi.it\/oldsite\/#\/schema\/logo\/image\/\",\"url\":\"https:\/\/comune.santacroce.pi.it\/oldsite\/wp-content\/uploads\/2021\/02\/cropped-Stemma-Santa-Croce-dellArno_500-1.png\",\"contentUrl\":\"https:\/\/comune.santacroce.pi.it\/oldsite\/wp-content\/uploads\/2021\/02\/cropped-Stemma-Santa-Croce-dellArno_500-1.png\",\"width\":500,\"height\":500,\"caption\":\"Comune di Santa Croce sull'Arno\"},\"image\":{\"@id\":\"https:\/\/comune.santacroce.pi.it\/oldsite\/#\/schema\/logo\/image\/\"}},{\"@type\":\"Person\",\"@id\":\"https:\/\/comune.santacroce.pi.it\/oldsite\/#\/schema\/person\/77e3693e7d02c5835b2dd82778f7fb45\",\"name\":\"Biblioteca e cultura\",\"image\":{\"@type\":\"ImageObject\",\"inLanguage\":\"it-IT\",\"@id\":\"https:\/\/comune.santacroce.pi.it\/oldsite\/#\/schema\/person\/image\/\",\"url\":\"https:\/\/secure.gravatar.com\/avatar\/c9a5002ec801d0b780e779e0d328fe2a?s=96&d=mm&r=g\",\"contentUrl\":\"https:\/\/secure.gravatar.com\/avatar\/c9a5002ec801d0b780e779e0d328fe2a?s=96&d=mm&r=g\",\"caption\":\"Biblioteca e cultura\"},\"url\":\"https:\/\/comune.santacroce.pi.it\/oldsite\/author\/bibliotecasc\/\"}]}<\/script>\n<!-- \/ Yoast SEO plugin. -->","yoast_head_json":{"title":"Presentazione del libro \"Piccola umanit\u00e0\" di Gianmarco Lotti, Venerd\u00ec 17 Gennaio - Comune di Santa Croce sull&#039;Arno","description":"Venerd\u00ec 17 Gennaio, alle ore 18:00, presso la Saletta Vallini della Biblioteca Comunale \u201cAdrio Puccini\u201d (Largo Delio Nazzi, 1), Gianmarco Lotti presenter\u00e0, giornalista e scrittore, presenter\u00e0 il suo libro d\u2019esordio, \u201cPiccola Umanit\u00e0\u201d, edito da Affiori","robots":{"index":"index","follow":"follow","max-snippet":"max-snippet:-1","max-image-preview":"max-image-preview:large","max-video-preview":"max-video-preview:-1"},"canonical":"https:\/\/comune.santacroce.pi.it\/oldsite\/presentazione-del-libro-piccola-umanita-di-gianmarco-lotti-venerdi-17-gennaio\/","og_locale":"it_IT","og_type":"article","og_title":"Presentazione del libro \"Piccola umanit\u00e0\" di Gianmarco Lotti, Venerd\u00ec 17 Gennaio - Comune di Santa Croce sull&#039;Arno","og_description":"Venerd\u00ec 17 Gennaio, alle ore 18:00, presso la Saletta Vallini della Biblioteca Comunale \u201cAdrio Puccini\u201d (Largo Delio Nazzi, 1), Gianmarco Lotti presenter\u00e0, giornalista e scrittore, presenter\u00e0 il suo libro d\u2019esordio, \u201cPiccola Umanit\u00e0\u201d, edito da Affiori","og_url":"https:\/\/comune.santacroce.pi.it\/oldsite\/presentazione-del-libro-piccola-umanita-di-gianmarco-lotti-venerdi-17-gennaio\/","og_site_name":"Comune di Santa Croce sull&#039;Arno","article_published_time":"2025-01-13T09:23:05+00:00","article_modified_time":"2025-02-18T15:11:38+00:00","og_image":[{"width":1587,"height":2245,"url":"https:\/\/comune.santacroce.pi.it\/oldsite\/wp-content\/uploads\/2025\/01\/LOCANDINA-.png","type":"image\/png"}],"author":"Biblioteca e cultura","twitter_card":"summary_large_image","twitter_misc":{"Scritto da":"Biblioteca e cultura","Tempo di lettura stimato":"2 minuti"},"schema":{"@context":"https:\/\/schema.org","@graph":[{"@type":"Article","@id":"https:\/\/comune.santacroce.pi.it\/oldsite\/presentazione-del-libro-piccola-umanita-di-gianmarco-lotti-venerdi-17-gennaio\/#article","isPartOf":{"@id":"https:\/\/comune.santacroce.pi.it\/oldsite\/presentazione-del-libro-piccola-umanita-di-gianmarco-lotti-venerdi-17-gennaio\/"},"author":{"name":"Biblioteca e cultura","@id":"https:\/\/comune.santacroce.pi.it\/oldsite\/#\/schema\/person\/77e3693e7d02c5835b2dd82778f7fb45"},"headline":"Presentazione del libro &#8220;Piccola umanit\u00e0&#8221; di Gianmarco Lotti, Venerd\u00ec 17 Gennaio","datePublished":"2025-01-13T09:23:05+00:00","dateModified":"2025-02-18T15:11:38+00:00","mainEntityOfPage":{"@id":"https:\/\/comune.santacroce.pi.it\/oldsite\/presentazione-del-libro-piccola-umanita-di-gianmarco-lotti-venerdi-17-gennaio\/"},"wordCount":225,"publisher":{"@id":"https:\/\/comune.santacroce.pi.it\/oldsite\/#organization"},"image":{"@id":"https:\/\/comune.santacroce.pi.it\/oldsite\/presentazione-del-libro-piccola-umanita-di-gianmarco-lotti-venerdi-17-gennaio\/#primaryimage"},"thumbnailUrl":"https:\/\/comune.santacroce.pi.it\/oldsite\/wp-content\/uploads\/2025\/01\/LOCANDINA-.png","articleSection":["Cultura","Eventi"],"inLanguage":"it-IT"},{"@type":"WebPage","@id":"https:\/\/comune.santacroce.pi.it\/oldsite\/presentazione-del-libro-piccola-umanita-di-gianmarco-lotti-venerdi-17-gennaio\/","url":"https:\/\/comune.santacroce.pi.it\/oldsite\/presentazione-del-libro-piccola-umanita-di-gianmarco-lotti-venerdi-17-gennaio\/","name":"Presentazione del libro \"Piccola umanit\u00e0\" di Gianmarco Lotti, Venerd\u00ec 17 Gennaio - Comune di Santa Croce sull&#039;Arno","isPartOf":{"@id":"https:\/\/comune.santacroce.pi.it\/oldsite\/#website"},"primaryImageOfPage":{"@id":"https:\/\/comune.santacroce.pi.it\/oldsite\/presentazione-del-libro-piccola-umanita-di-gianmarco-lotti-venerdi-17-gennaio\/#primaryimage"},"image":{"@id":"https:\/\/comune.santacroce.pi.it\/oldsite\/presentazione-del-libro-piccola-umanita-di-gianmarco-lotti-venerdi-17-gennaio\/#primaryimage"},"thumbnailUrl":"https:\/\/comune.santacroce.pi.it\/oldsite\/wp-content\/uploads\/2025\/01\/LOCANDINA-.png","datePublished":"2025-01-13T09:23:05+00:00","dateModified":"2025-02-18T15:11:38+00:00","description":"Venerd\u00ec 17 Gennaio, alle ore 18:00, presso la Saletta Vallini della Biblioteca Comunale \u201cAdrio Puccini\u201d (Largo Delio Nazzi, 1), Gianmarco Lotti presenter\u00e0, giornalista e scrittore, presenter\u00e0 il suo libro d\u2019esordio, \u201cPiccola Umanit\u00e0\u201d, edito da Affiori","breadcrumb":{"@id":"https:\/\/comune.santacroce.pi.it\/oldsite\/presentazione-del-libro-piccola-umanita-di-gianmarco-lotti-venerdi-17-gennaio\/#breadcrumb"},"inLanguage":"it-IT","potentialAction":[{"@type":"ReadAction","target":["https:\/\/comune.santacroce.pi.it\/oldsite\/presentazione-del-libro-piccola-umanita-di-gianmarco-lotti-venerdi-17-gennaio\/"]}]},{"@type":"ImageObject","inLanguage":"it-IT","@id":"https:\/\/comune.santacroce.pi.it\/oldsite\/presentazione-del-libro-piccola-umanita-di-gianmarco-lotti-venerdi-17-gennaio\/#primaryimage","url":"https:\/\/comune.santacroce.pi.it\/oldsite\/wp-content\/uploads\/2025\/01\/LOCANDINA-.png","contentUrl":"https:\/\/comune.santacroce.pi.it\/oldsite\/wp-content\/uploads\/2025\/01\/LOCANDINA-.png","width":1587,"height":2245},{"@type":"BreadcrumbList","@id":"https:\/\/comune.santacroce.pi.it\/oldsite\/presentazione-del-libro-piccola-umanita-di-gianmarco-lotti-venerdi-17-gennaio\/#breadcrumb","itemListElement":[{"@type":"ListItem","position":1,"name":"Home","item":"https:\/\/comune.santacroce.pi.it\/oldsite\/"},{"@type":"ListItem","position":2,"name":"Presentazione del libro &#8220;Piccola umanit\u00e0&#8221; di Gianmarco Lotti, Venerd\u00ec 17 Gennaio"}]},{"@type":"WebSite","@id":"https:\/\/comune.santacroce.pi.it\/oldsite\/#website","url":"https:\/\/comune.santacroce.pi.it\/oldsite\/","name":"Comune di Santa Croce sull&#039;Arno","description":"Provincia di Pisa","publisher":{"@id":"https:\/\/comune.santacroce.pi.it\/oldsite\/#organization"},"potentialAction":[{"@type":"SearchAction","target":{"@type":"EntryPoint","urlTemplate":"https:\/\/comune.santacroce.pi.it\/oldsite\/?s={search_term_string}"},"query-input":{"@type":"PropertyValueSpecification","valueRequired":true,"valueName":"search_term_string"}}],"inLanguage":"it-IT"},{"@type":"Organization","@id":"https:\/\/comune.santacroce.pi.it\/oldsite\/#organization","name":"Comune di Santa Croce sull'Arno","url":"https:\/\/comune.santacroce.pi.it\/oldsite\/","logo":{"@type":"ImageObject","inLanguage":"it-IT","@id":"https:\/\/comune.santacroce.pi.it\/oldsite\/#\/schema\/logo\/image\/","url":"https:\/\/comune.santacroce.pi.it\/oldsite\/wp-content\/uploads\/2021\/02\/cropped-Stemma-Santa-Croce-dellArno_500-1.png","contentUrl":"https:\/\/comune.santacroce.pi.it\/oldsite\/wp-content\/uploads\/2021\/02\/cropped-Stemma-Santa-Croce-dellArno_500-1.png","width":500,"height":500,"caption":"Comune di Santa Croce sull'Arno"},"image":{"@id":"https:\/\/comune.santacroce.pi.it\/oldsite\/#\/schema\/logo\/image\/"}},{"@type":"Person","@id":"https:\/\/comune.santacroce.pi.it\/oldsite\/#\/schema\/person\/77e3693e7d02c5835b2dd82778f7fb45","name":"Biblioteca e cultura","image":{"@type":"ImageObject","inLanguage":"it-IT","@id":"https:\/\/comune.santacroce.pi.it\/oldsite\/#\/schema\/person\/image\/","url":"https:\/\/secure.gravatar.com\/avatar\/c9a5002ec801d0b780e779e0d328fe2a?s=96&d=mm&r=g","contentUrl":"https:\/\/secure.gravatar.com\/avatar\/c9a5002ec801d0b780e779e0d328fe2a?s=96&d=mm&r=g","caption":"Biblioteca e cultura"},"url":"https:\/\/comune.santacroce.pi.it\/oldsite\/author\/bibliotecasc\/"}]}},"jetpack_featured_media_url":"https:\/\/comune.santacroce.pi.it\/oldsite\/wp-content\/uploads\/2025\/01\/LOCANDINA-.png","meta_box":{"comunicacity_sync":"1","cc4_urg_colore":"rosso","cc4_urg_data_inizio":"","cc4_urg_data_fine":"","cc4_cor_positivi_oggi":"","cc4_cor_negativizzati_oggi":"","cc4_cor_deceduti_oggi":"","cc4_cor_positivi_totali":"","cc4_cor_negativizzati_totali":"","cc4_cor_deceduti_totali":"","cc4_cor_attualmente_positivi":"","cc4_eve_data_inizio":"","cc4_eve_data_fine":"","cc4_eve_indirizzo":"","cc4_eve_posizione":{"latitude":"0","longitude":"0","zoom":"0"},"cc4_eve_telefono":"","cc4_eve_email":"","cc4_eve_web":"","cc4_eve_fb":""},"_links":{"self":[{"href":"https:\/\/comune.santacroce.pi.it\/oldsite\/wp-json\/wp\/v2\/posts\/25860","targetHints":{"allow":["GET"]}}],"collection":[{"href":"https:\/\/comune.santacroce.pi.it\/oldsite\/wp-json\/wp\/v2\/posts"}],"about":[{"href":"https:\/\/comune.santacroce.pi.it\/oldsite\/wp-json\/wp\/v2\/types\/post"}],"author":[{"embeddable":true,"href":"https:\/\/comune.santacroce.pi.it\/oldsite\/wp-json\/wp\/v2\/users\/18"}],"replies":[{"embeddable":true,"href":"https:\/\/comune.santacroce.pi.it\/oldsite\/wp-json\/wp\/v2\/comments?post=25860"}],"version-history":[{"count":0,"href":"https:\/\/comune.santacroce.pi.it\/oldsite\/wp-json\/wp\/v2\/posts\/25860\/revisions"}],"wp:featuredmedia":[{"embeddable":true,"href":"https:\/\/comune.santacroce.pi.it\/oldsite\/wp-json\/wp\/v2\/media\/25861"}],"wp:attachment":[{"href":"https:\/\/comune.santacroce.pi.it\/oldsite\/wp-json\/wp\/v2\/media?parent=25860"}],"wp:term":[{"taxonomy":"category","embeddable":true,"href":"https:\/\/comune.santacroce.pi.it\/oldsite\/wp-json\/wp\/v2\/categories?post=25860"},{"taxonomy":"post_tag","embeddable":true,"href":"https:\/\/comune.santacroce.pi.it\/oldsite\/wp-json\/wp\/v2\/tags?post=25860"}],"curies":[{"name":"wp","href":"https:\/\/api.w.org\/{rel}","templated":true}]}}