{"id":25815,"date":"2025-01-09T10:50:35","date_gmt":"2025-01-09T09:50:35","guid":{"rendered":"https:\/\/comune.santacroce.pi.it\/oldsite\/?p=25815"},"modified":"2025-01-08T11:00:38","modified_gmt":"2025-01-08T10:00:38","slug":"la-bella-addormentata-al-teatro-verdi-domenica-12-gennaio","status":"publish","type":"post","link":"https:\/\/comune.santacroce.pi.it\/oldsite\/la-bella-addormentata-al-teatro-verdi-domenica-12-gennaio\/","title":{"rendered":"&#8220;La bella addormentata?&#8221; al Teatro Verdi domenica 12 Gennaio"},"content":{"rendered":"<p><strong><img loading=\"lazy\" decoding=\"async\" class=\"alignnone wp-image-25816 size-large\" src=\"https:\/\/comune.santacroce.pi.it\/oldsite\/wp-content\/uploads\/2025\/01\/472122916_1139723654821301_6580476324972085236_n-1024x1024.jpg\" alt=\"\" width=\"1024\" height=\"1024\" srcset=\"https:\/\/comune.santacroce.pi.it\/oldsite\/wp-content\/uploads\/2025\/01\/472122916_1139723654821301_6580476324972085236_n-1024x1024.jpg 1024w, https:\/\/comune.santacroce.pi.it\/oldsite\/wp-content\/uploads\/2025\/01\/472122916_1139723654821301_6580476324972085236_n-300x300.jpg 300w, https:\/\/comune.santacroce.pi.it\/oldsite\/wp-content\/uploads\/2025\/01\/472122916_1139723654821301_6580476324972085236_n-150x150.jpg 150w, https:\/\/comune.santacroce.pi.it\/oldsite\/wp-content\/uploads\/2025\/01\/472122916_1139723654821301_6580476324972085236_n-768x768.jpg 768w, https:\/\/comune.santacroce.pi.it\/oldsite\/wp-content\/uploads\/2025\/01\/472122916_1139723654821301_6580476324972085236_n-400x400.jpg 400w, https:\/\/comune.santacroce.pi.it\/oldsite\/wp-content\/uploads\/2025\/01\/472122916_1139723654821301_6580476324972085236_n-600x600.jpg 600w, https:\/\/comune.santacroce.pi.it\/oldsite\/wp-content\/uploads\/2025\/01\/472122916_1139723654821301_6580476324972085236_n.jpg 1080w\" sizes=\"auto, (max-width: 1024px) 100vw, 1024px\" \/><\/p>\n<p>Domenica 12 Gennaio<br \/>\nore 17.00<\/strong><br \/>\n<em>Proscenio Teatro<\/em><br \/>\n<strong>LA BELLA ADDORMENTATA?<\/strong><br \/>\ntesto e regia Marco Renzi<br \/>\ncon Roberto Rossetti e Simona Ripari<br \/>\nEt\u00e0 consigliata: dai 4 anni<br \/>\nTecnica utilizzata: teatro d\u2019attore, pupazzi e figure animate<\/p>\n<p><strong>Trama<br \/>\n<\/strong>Il Teatro diventer\u00e0 un museo dedicato a tutte le fiabe pi\u00f9 famose, ma lo spettacolo si svolger\u00e0 nella sala dedicata alla\u201d Bella Addormentata nel bosco\u201d. Il pubblico sar\u00e0 accolto da due addetti al Museo che illustreranno i preziosi reperti conservati: La Corona del Re e della Regina, abiti, monili, ma soprattutto il Regale letto dove la Principessa sta ancora dormendo. Durante lo svolgersi della storia, la Principessa nel letto inizia a muoversi e questo dar\u00e0 origine ad una serie di situazioni tutte da vivere.<\/p>\n<hr \/>\n<p><strong>ECCEZIONALE PROMOZIONE<\/strong><br \/>\nSe i bambini si presentano con un disegno entrano \ud835\udc06\ud835\udc11\ud835\udc00\ud835\udc13\ud835\udc08\ud835\udc12!!!<br \/>\nMa attenzione, il disegno deve essere BELLO BELLO perch\u00e9 servir\u00e0 per addobbare il teatro!<\/p>\n<p><em>La biglietteria del teatro \u00e8 aperta nei giorni di spettacolo mezz\u2019ora prima dell\u2019inizio.<\/em><\/p>\n<p><strong>Biglietti<\/strong><br \/>\n<strong>Bambini \u20ac 3<\/strong><br \/>\n<strong>Adulti \u20ac 4,5<\/strong><\/p>\n<p><strong>info<\/strong><br \/>\n<a href=\"https:\/\/www.facebook.com\/giallo.teatro\">Giallo Mare Minimal Teatro<\/a><br \/>\ntel. 0571 81629 \u2013 0571 83758<br \/>\n<a href=\"mailto:info@giallomare.it\">info@giallomare.it<\/a>\u00a0oppure\u00a0<a href=\"mailto:biglietteria@giallomare.it\">biglietteria@giallomare.it<\/a><\/p>\n","protected":false},"excerpt":{"rendered":"<p>Domenica 12 Gennaio ore 17.00 Proscenio Teatro LA BELLA ADDORMENTATA? testo e regia Marco Renzi con Roberto Rossetti e Simona Ripari Et\u00e0 consigliata: dai 4 anni Tecnica utilizzata: teatro d\u2019attore, [&hellip;]<\/p>\n","protected":false},"author":18,"featured_media":25816,"comment_status":"closed","ping_status":"closed","sticky":false,"template":"","format":"standard","meta":{"footnotes":""},"categories":[154,155],"tags":[],"class_list":["post-25815","post","type-post","status-publish","format-standard","has-post-thumbnail","hentry","category-cultura","category-eventi"],"yoast_head":"<!-- This site is optimized with the Yoast SEO plugin v24.7 - https:\/\/yoast.com\/wordpress\/plugins\/seo\/ -->\n<title>&quot;La bella addormentata?&quot; al Teatro Verdi domenica 12 Gennaio - Comune di Santa Croce sull&#039;Arno<\/title>\n<meta name=\"description\" content=\"Se i bambini si presentano con un disegno entrano GRATIS!!! Ma attenzione, il disegno deve essere BELLO BELLO perch\u00e9 servir\u00e0 per addobbare il teatro!\" \/>\n<meta name=\"robots\" content=\"index, follow, max-snippet:-1, max-image-preview:large, max-video-preview:-1\" \/>\n<link rel=\"canonical\" href=\"https:\/\/comune.santacroce.pi.it\/oldsite\/la-bella-addormentata-al-teatro-verdi-domenica-12-gennaio\/\" \/>\n<meta property=\"og:locale\" content=\"it_IT\" \/>\n<meta property=\"og:type\" content=\"article\" \/>\n<meta property=\"og:title\" content=\"&quot;La bella addormentata?&quot; al Teatro Verdi domenica 12 Gennaio - Comune di Santa Croce sull&#039;Arno\" \/>\n<meta property=\"og:description\" content=\"Se i bambini si presentano con un disegno entrano GRATIS!!! Ma attenzione, il disegno deve essere BELLO BELLO perch\u00e9 servir\u00e0 per addobbare il teatro!\" \/>\n<meta property=\"og:url\" content=\"https:\/\/comune.santacroce.pi.it\/oldsite\/la-bella-addormentata-al-teatro-verdi-domenica-12-gennaio\/\" \/>\n<meta property=\"og:site_name\" content=\"Comune di Santa Croce sull&#039;Arno\" \/>\n<meta property=\"article:published_time\" content=\"2025-01-09T09:50:35+00:00\" \/>\n<meta property=\"og:image\" content=\"https:\/\/comune.santacroce.pi.it\/oldsite\/wp-content\/uploads\/2025\/01\/472122916_1139723654821301_6580476324972085236_n.jpg\" \/>\n\t<meta property=\"og:image:width\" content=\"1080\" \/>\n\t<meta property=\"og:image:height\" content=\"1080\" \/>\n\t<meta property=\"og:image:type\" content=\"image\/jpeg\" \/>\n<meta name=\"author\" content=\"Biblioteca e cultura\" \/>\n<meta name=\"twitter:card\" content=\"summary_large_image\" \/>\n<meta name=\"twitter:label1\" content=\"Scritto da\" \/>\n\t<meta name=\"twitter:data1\" content=\"Biblioteca e cultura\" \/>\n\t<meta name=\"twitter:label2\" content=\"Tempo di lettura stimato\" \/>\n\t<meta name=\"twitter:data2\" content=\"2 minuti\" \/>\n<script type=\"application\/ld+json\" class=\"yoast-schema-graph\">{\"@context\":\"https:\/\/schema.org\",\"@graph\":[{\"@type\":\"Article\",\"@id\":\"https:\/\/comune.santacroce.pi.it\/oldsite\/la-bella-addormentata-al-teatro-verdi-domenica-12-gennaio\/#article\",\"isPartOf\":{\"@id\":\"https:\/\/comune.santacroce.pi.it\/oldsite\/la-bella-addormentata-al-teatro-verdi-domenica-12-gennaio\/\"},\"author\":{\"name\":\"Biblioteca e cultura\",\"@id\":\"https:\/\/comune.santacroce.pi.it\/oldsite\/#\/schema\/person\/77e3693e7d02c5835b2dd82778f7fb45\"},\"headline\":\"&#8220;La bella addormentata?&#8221; al Teatro Verdi domenica 12 Gennaio\",\"datePublished\":\"2025-01-09T09:50:35+00:00\",\"mainEntityOfPage\":{\"@id\":\"https:\/\/comune.santacroce.pi.it\/oldsite\/la-bella-addormentata-al-teatro-verdi-domenica-12-gennaio\/\"},\"wordCount\":180,\"publisher\":{\"@id\":\"https:\/\/comune.santacroce.pi.it\/oldsite\/#organization\"},\"image\":{\"@id\":\"https:\/\/comune.santacroce.pi.it\/oldsite\/la-bella-addormentata-al-teatro-verdi-domenica-12-gennaio\/#primaryimage\"},\"thumbnailUrl\":\"https:\/\/comune.santacroce.pi.it\/oldsite\/wp-content\/uploads\/2025\/01\/472122916_1139723654821301_6580476324972085236_n.jpg\",\"articleSection\":[\"Cultura\",\"Eventi\"],\"inLanguage\":\"it-IT\"},{\"@type\":\"WebPage\",\"@id\":\"https:\/\/comune.santacroce.pi.it\/oldsite\/la-bella-addormentata-al-teatro-verdi-domenica-12-gennaio\/\",\"url\":\"https:\/\/comune.santacroce.pi.it\/oldsite\/la-bella-addormentata-al-teatro-verdi-domenica-12-gennaio\/\",\"name\":\"\\\"La bella addormentata?\\\" al Teatro Verdi domenica 12 Gennaio - Comune di Santa Croce sull&#039;Arno\",\"isPartOf\":{\"@id\":\"https:\/\/comune.santacroce.pi.it\/oldsite\/#website\"},\"primaryImageOfPage\":{\"@id\":\"https:\/\/comune.santacroce.pi.it\/oldsite\/la-bella-addormentata-al-teatro-verdi-domenica-12-gennaio\/#primaryimage\"},\"image\":{\"@id\":\"https:\/\/comune.santacroce.pi.it\/oldsite\/la-bella-addormentata-al-teatro-verdi-domenica-12-gennaio\/#primaryimage\"},\"thumbnailUrl\":\"https:\/\/comune.santacroce.pi.it\/oldsite\/wp-content\/uploads\/2025\/01\/472122916_1139723654821301_6580476324972085236_n.jpg\",\"datePublished\":\"2025-01-09T09:50:35+00:00\",\"description\":\"Se i bambini si presentano con un disegno entrano GRATIS!!! Ma attenzione, il disegno deve essere BELLO BELLO perch\u00e9 servir\u00e0 per addobbare il teatro!\",\"breadcrumb\":{\"@id\":\"https:\/\/comune.santacroce.pi.it\/oldsite\/la-bella-addormentata-al-teatro-verdi-domenica-12-gennaio\/#breadcrumb\"},\"inLanguage\":\"it-IT\",\"potentialAction\":[{\"@type\":\"ReadAction\",\"target\":[\"https:\/\/comune.santacroce.pi.it\/oldsite\/la-bella-addormentata-al-teatro-verdi-domenica-12-gennaio\/\"]}]},{\"@type\":\"ImageObject\",\"inLanguage\":\"it-IT\",\"@id\":\"https:\/\/comune.santacroce.pi.it\/oldsite\/la-bella-addormentata-al-teatro-verdi-domenica-12-gennaio\/#primaryimage\",\"url\":\"https:\/\/comune.santacroce.pi.it\/oldsite\/wp-content\/uploads\/2025\/01\/472122916_1139723654821301_6580476324972085236_n.jpg\",\"contentUrl\":\"https:\/\/comune.santacroce.pi.it\/oldsite\/wp-content\/uploads\/2025\/01\/472122916_1139723654821301_6580476324972085236_n.jpg\",\"width\":1080,\"height\":1080},{\"@type\":\"BreadcrumbList\",\"@id\":\"https:\/\/comune.santacroce.pi.it\/oldsite\/la-bella-addormentata-al-teatro-verdi-domenica-12-gennaio\/#breadcrumb\",\"itemListElement\":[{\"@type\":\"ListItem\",\"position\":1,\"name\":\"Home\",\"item\":\"https:\/\/comune.santacroce.pi.it\/oldsite\/\"},{\"@type\":\"ListItem\",\"position\":2,\"name\":\"&#8220;La bella addormentata?&#8221; al Teatro Verdi domenica 12 Gennaio\"}]},{\"@type\":\"WebSite\",\"@id\":\"https:\/\/comune.santacroce.pi.it\/oldsite\/#website\",\"url\":\"https:\/\/comune.santacroce.pi.it\/oldsite\/\",\"name\":\"Comune di Santa Croce sull&#039;Arno\",\"description\":\"Provincia di Pisa\",\"publisher\":{\"@id\":\"https:\/\/comune.santacroce.pi.it\/oldsite\/#organization\"},\"potentialAction\":[{\"@type\":\"SearchAction\",\"target\":{\"@type\":\"EntryPoint\",\"urlTemplate\":\"https:\/\/comune.santacroce.pi.it\/oldsite\/?s={search_term_string}\"},\"query-input\":{\"@type\":\"PropertyValueSpecification\",\"valueRequired\":true,\"valueName\":\"search_term_string\"}}],\"inLanguage\":\"it-IT\"},{\"@type\":\"Organization\",\"@id\":\"https:\/\/comune.santacroce.pi.it\/oldsite\/#organization\",\"name\":\"Comune di Santa Croce sull'Arno\",\"url\":\"https:\/\/comune.santacroce.pi.it\/oldsite\/\",\"logo\":{\"@type\":\"ImageObject\",\"inLanguage\":\"it-IT\",\"@id\":\"https:\/\/comune.santacroce.pi.it\/oldsite\/#\/schema\/logo\/image\/\",\"url\":\"https:\/\/comune.santacroce.pi.it\/oldsite\/wp-content\/uploads\/2021\/02\/cropped-Stemma-Santa-Croce-dellArno_500-1.png\",\"contentUrl\":\"https:\/\/comune.santacroce.pi.it\/oldsite\/wp-content\/uploads\/2021\/02\/cropped-Stemma-Santa-Croce-dellArno_500-1.png\",\"width\":500,\"height\":500,\"caption\":\"Comune di Santa Croce sull'Arno\"},\"image\":{\"@id\":\"https:\/\/comune.santacroce.pi.it\/oldsite\/#\/schema\/logo\/image\/\"}},{\"@type\":\"Person\",\"@id\":\"https:\/\/comune.santacroce.pi.it\/oldsite\/#\/schema\/person\/77e3693e7d02c5835b2dd82778f7fb45\",\"name\":\"Biblioteca e cultura\",\"image\":{\"@type\":\"ImageObject\",\"inLanguage\":\"it-IT\",\"@id\":\"https:\/\/comune.santacroce.pi.it\/oldsite\/#\/schema\/person\/image\/\",\"url\":\"https:\/\/secure.gravatar.com\/avatar\/c9a5002ec801d0b780e779e0d328fe2a?s=96&d=mm&r=g\",\"contentUrl\":\"https:\/\/secure.gravatar.com\/avatar\/c9a5002ec801d0b780e779e0d328fe2a?s=96&d=mm&r=g\",\"caption\":\"Biblioteca e cultura\"},\"url\":\"https:\/\/comune.santacroce.pi.it\/oldsite\/author\/bibliotecasc\/\"}]}<\/script>\n<!-- \/ Yoast SEO plugin. -->","yoast_head_json":{"title":"\"La bella addormentata?\" al Teatro Verdi domenica 12 Gennaio - Comune di Santa Croce sull&#039;Arno","description":"Se i bambini si presentano con un disegno entrano GRATIS!!! Ma attenzione, il disegno deve essere BELLO BELLO perch\u00e9 servir\u00e0 per addobbare il teatro!","robots":{"index":"index","follow":"follow","max-snippet":"max-snippet:-1","max-image-preview":"max-image-preview:large","max-video-preview":"max-video-preview:-1"},"canonical":"https:\/\/comune.santacroce.pi.it\/oldsite\/la-bella-addormentata-al-teatro-verdi-domenica-12-gennaio\/","og_locale":"it_IT","og_type":"article","og_title":"\"La bella addormentata?\" al Teatro Verdi domenica 12 Gennaio - Comune di Santa Croce sull&#039;Arno","og_description":"Se i bambini si presentano con un disegno entrano GRATIS!!! Ma attenzione, il disegno deve essere BELLO BELLO perch\u00e9 servir\u00e0 per addobbare il teatro!","og_url":"https:\/\/comune.santacroce.pi.it\/oldsite\/la-bella-addormentata-al-teatro-verdi-domenica-12-gennaio\/","og_site_name":"Comune di Santa Croce sull&#039;Arno","article_published_time":"2025-01-09T09:50:35+00:00","og_image":[{"width":1080,"height":1080,"url":"https:\/\/comune.santacroce.pi.it\/oldsite\/wp-content\/uploads\/2025\/01\/472122916_1139723654821301_6580476324972085236_n.jpg","type":"image\/jpeg"}],"author":"Biblioteca e cultura","twitter_card":"summary_large_image","twitter_misc":{"Scritto da":"Biblioteca e cultura","Tempo di lettura stimato":"2 minuti"},"schema":{"@context":"https:\/\/schema.org","@graph":[{"@type":"Article","@id":"https:\/\/comune.santacroce.pi.it\/oldsite\/la-bella-addormentata-al-teatro-verdi-domenica-12-gennaio\/#article","isPartOf":{"@id":"https:\/\/comune.santacroce.pi.it\/oldsite\/la-bella-addormentata-al-teatro-verdi-domenica-12-gennaio\/"},"author":{"name":"Biblioteca e cultura","@id":"https:\/\/comune.santacroce.pi.it\/oldsite\/#\/schema\/person\/77e3693e7d02c5835b2dd82778f7fb45"},"headline":"&#8220;La bella addormentata?&#8221; al Teatro Verdi domenica 12 Gennaio","datePublished":"2025-01-09T09:50:35+00:00","mainEntityOfPage":{"@id":"https:\/\/comune.santacroce.pi.it\/oldsite\/la-bella-addormentata-al-teatro-verdi-domenica-12-gennaio\/"},"wordCount":180,"publisher":{"@id":"https:\/\/comune.santacroce.pi.it\/oldsite\/#organization"},"image":{"@id":"https:\/\/comune.santacroce.pi.it\/oldsite\/la-bella-addormentata-al-teatro-verdi-domenica-12-gennaio\/#primaryimage"},"thumbnailUrl":"https:\/\/comune.santacroce.pi.it\/oldsite\/wp-content\/uploads\/2025\/01\/472122916_1139723654821301_6580476324972085236_n.jpg","articleSection":["Cultura","Eventi"],"inLanguage":"it-IT"},{"@type":"WebPage","@id":"https:\/\/comune.santacroce.pi.it\/oldsite\/la-bella-addormentata-al-teatro-verdi-domenica-12-gennaio\/","url":"https:\/\/comune.santacroce.pi.it\/oldsite\/la-bella-addormentata-al-teatro-verdi-domenica-12-gennaio\/","name":"\"La bella addormentata?\" al Teatro Verdi domenica 12 Gennaio - Comune di Santa Croce sull&#039;Arno","isPartOf":{"@id":"https:\/\/comune.santacroce.pi.it\/oldsite\/#website"},"primaryImageOfPage":{"@id":"https:\/\/comune.santacroce.pi.it\/oldsite\/la-bella-addormentata-al-teatro-verdi-domenica-12-gennaio\/#primaryimage"},"image":{"@id":"https:\/\/comune.santacroce.pi.it\/oldsite\/la-bella-addormentata-al-teatro-verdi-domenica-12-gennaio\/#primaryimage"},"thumbnailUrl":"https:\/\/comune.santacroce.pi.it\/oldsite\/wp-content\/uploads\/2025\/01\/472122916_1139723654821301_6580476324972085236_n.jpg","datePublished":"2025-01-09T09:50:35+00:00","description":"Se i bambini si presentano con un disegno entrano GRATIS!!! Ma attenzione, il disegno deve essere BELLO BELLO perch\u00e9 servir\u00e0 per addobbare il teatro!","breadcrumb":{"@id":"https:\/\/comune.santacroce.pi.it\/oldsite\/la-bella-addormentata-al-teatro-verdi-domenica-12-gennaio\/#breadcrumb"},"inLanguage":"it-IT","potentialAction":[{"@type":"ReadAction","target":["https:\/\/comune.santacroce.pi.it\/oldsite\/la-bella-addormentata-al-teatro-verdi-domenica-12-gennaio\/"]}]},{"@type":"ImageObject","inLanguage":"it-IT","@id":"https:\/\/comune.santacroce.pi.it\/oldsite\/la-bella-addormentata-al-teatro-verdi-domenica-12-gennaio\/#primaryimage","url":"https:\/\/comune.santacroce.pi.it\/oldsite\/wp-content\/uploads\/2025\/01\/472122916_1139723654821301_6580476324972085236_n.jpg","contentUrl":"https:\/\/comune.santacroce.pi.it\/oldsite\/wp-content\/uploads\/2025\/01\/472122916_1139723654821301_6580476324972085236_n.jpg","width":1080,"height":1080},{"@type":"BreadcrumbList","@id":"https:\/\/comune.santacroce.pi.it\/oldsite\/la-bella-addormentata-al-teatro-verdi-domenica-12-gennaio\/#breadcrumb","itemListElement":[{"@type":"ListItem","position":1,"name":"Home","item":"https:\/\/comune.santacroce.pi.it\/oldsite\/"},{"@type":"ListItem","position":2,"name":"&#8220;La bella addormentata?&#8221; al Teatro Verdi domenica 12 Gennaio"}]},{"@type":"WebSite","@id":"https:\/\/comune.santacroce.pi.it\/oldsite\/#website","url":"https:\/\/comune.santacroce.pi.it\/oldsite\/","name":"Comune di Santa Croce sull&#039;Arno","description":"Provincia di Pisa","publisher":{"@id":"https:\/\/comune.santacroce.pi.it\/oldsite\/#organization"},"potentialAction":[{"@type":"SearchAction","target":{"@type":"EntryPoint","urlTemplate":"https:\/\/comune.santacroce.pi.it\/oldsite\/?s={search_term_string}"},"query-input":{"@type":"PropertyValueSpecification","valueRequired":true,"valueName":"search_term_string"}}],"inLanguage":"it-IT"},{"@type":"Organization","@id":"https:\/\/comune.santacroce.pi.it\/oldsite\/#organization","name":"Comune di Santa Croce sull'Arno","url":"https:\/\/comune.santacroce.pi.it\/oldsite\/","logo":{"@type":"ImageObject","inLanguage":"it-IT","@id":"https:\/\/comune.santacroce.pi.it\/oldsite\/#\/schema\/logo\/image\/","url":"https:\/\/comune.santacroce.pi.it\/oldsite\/wp-content\/uploads\/2021\/02\/cropped-Stemma-Santa-Croce-dellArno_500-1.png","contentUrl":"https:\/\/comune.santacroce.pi.it\/oldsite\/wp-content\/uploads\/2021\/02\/cropped-Stemma-Santa-Croce-dellArno_500-1.png","width":500,"height":500,"caption":"Comune di Santa Croce sull'Arno"},"image":{"@id":"https:\/\/comune.santacroce.pi.it\/oldsite\/#\/schema\/logo\/image\/"}},{"@type":"Person","@id":"https:\/\/comune.santacroce.pi.it\/oldsite\/#\/schema\/person\/77e3693e7d02c5835b2dd82778f7fb45","name":"Biblioteca e cultura","image":{"@type":"ImageObject","inLanguage":"it-IT","@id":"https:\/\/comune.santacroce.pi.it\/oldsite\/#\/schema\/person\/image\/","url":"https:\/\/secure.gravatar.com\/avatar\/c9a5002ec801d0b780e779e0d328fe2a?s=96&d=mm&r=g","contentUrl":"https:\/\/secure.gravatar.com\/avatar\/c9a5002ec801d0b780e779e0d328fe2a?s=96&d=mm&r=g","caption":"Biblioteca e cultura"},"url":"https:\/\/comune.santacroce.pi.it\/oldsite\/author\/bibliotecasc\/"}]}},"jetpack_featured_media_url":"https:\/\/comune.santacroce.pi.it\/oldsite\/wp-content\/uploads\/2025\/01\/472122916_1139723654821301_6580476324972085236_n.jpg","meta_box":{"comunicacity_sync":"1","cc4_urg_colore":"rosso","cc4_urg_data_inizio":"","cc4_urg_data_fine":"","cc4_cor_positivi_oggi":"","cc4_cor_negativizzati_oggi":"","cc4_cor_deceduti_oggi":"","cc4_cor_positivi_totali":"","cc4_cor_negativizzati_totali":"","cc4_cor_deceduti_totali":"","cc4_cor_attualmente_positivi":"","cc4_eve_data_inizio":"","cc4_eve_data_fine":"","cc4_eve_indirizzo":"","cc4_eve_posizione":{"latitude":"53.346881","longitude":"-6.25886","zoom":"17"},"cc4_eve_telefono":"","cc4_eve_email":"","cc4_eve_web":"","cc4_eve_fb":""},"_links":{"self":[{"href":"https:\/\/comune.santacroce.pi.it\/oldsite\/wp-json\/wp\/v2\/posts\/25815","targetHints":{"allow":["GET"]}}],"collection":[{"href":"https:\/\/comune.santacroce.pi.it\/oldsite\/wp-json\/wp\/v2\/posts"}],"about":[{"href":"https:\/\/comune.santacroce.pi.it\/oldsite\/wp-json\/wp\/v2\/types\/post"}],"author":[{"embeddable":true,"href":"https:\/\/comune.santacroce.pi.it\/oldsite\/wp-json\/wp\/v2\/users\/18"}],"replies":[{"embeddable":true,"href":"https:\/\/comune.santacroce.pi.it\/oldsite\/wp-json\/wp\/v2\/comments?post=25815"}],"version-history":[{"count":0,"href":"https:\/\/comune.santacroce.pi.it\/oldsite\/wp-json\/wp\/v2\/posts\/25815\/revisions"}],"wp:featuredmedia":[{"embeddable":true,"href":"https:\/\/comune.santacroce.pi.it\/oldsite\/wp-json\/wp\/v2\/media\/25816"}],"wp:attachment":[{"href":"https:\/\/comune.santacroce.pi.it\/oldsite\/wp-json\/wp\/v2\/media?parent=25815"}],"wp:term":[{"taxonomy":"category","embeddable":true,"href":"https:\/\/comune.santacroce.pi.it\/oldsite\/wp-json\/wp\/v2\/categories?post=25815"},{"taxonomy":"post_tag","embeddable":true,"href":"https:\/\/comune.santacroce.pi.it\/oldsite\/wp-json\/wp\/v2\/tags?post=25815"}],"curies":[{"name":"wp","href":"https:\/\/api.w.org\/{rel}","templated":true}]}}