{"id":25718,"date":"2024-12-09T16:54:41","date_gmt":"2024-12-09T15:54:41","guid":{"rendered":"https:\/\/comune.santacroce.pi.it\/oldsite\/?p=25718"},"modified":"2024-12-09T16:57:52","modified_gmt":"2024-12-09T15:57:52","slug":"ad-antonino-minissale-lamaretto-doro-2024-un-successo-la-nuova-veste-della-festa-dellamaretto-articolata-su-due-giorni","status":"publish","type":"post","link":"https:\/\/comune.santacroce.pi.it\/oldsite\/ad-antonino-minissale-lamaretto-doro-2024-un-successo-la-nuova-veste-della-festa-dellamaretto-articolata-su-due-giorni\/","title":{"rendered":"Ad Antonino Minissale l&#8217;Amaretto d&#8217;oro 2024. Un successo la nuova veste della festa dell&#8217;Amaretto articolata su due giorni"},"content":{"rendered":"<p><img loading=\"lazy\" decoding=\"async\" class=\"size-medium wp-image-25720 alignleft\" src=\"https:\/\/comune.santacroce.pi.it\/oldsite\/wp-content\/uploads\/2024\/12\/WhatsApp-Image-2024-12-08-at-18.50.05-300x247.jpeg\" alt=\"\" width=\"300\" height=\"247\" srcset=\"https:\/\/comune.santacroce.pi.it\/oldsite\/wp-content\/uploads\/2024\/12\/WhatsApp-Image-2024-12-08-at-18.50.05-300x247.jpeg 300w, https:\/\/comune.santacroce.pi.it\/oldsite\/wp-content\/uploads\/2024\/12\/WhatsApp-Image-2024-12-08-at-18.50.05-1024x842.jpeg 1024w, https:\/\/comune.santacroce.pi.it\/oldsite\/wp-content\/uploads\/2024\/12\/WhatsApp-Image-2024-12-08-at-18.50.05-768x632.jpeg 768w, https:\/\/comune.santacroce.pi.it\/oldsite\/wp-content\/uploads\/2024\/12\/WhatsApp-Image-2024-12-08-at-18.50.05.jpeg 1200w\" sizes=\"auto, (max-width: 300px) 100vw, 300px\" \/>Il giorno dell&#8217;Immacolata a <strong>Santa Croce sull&#8217;Arno<\/strong> \u00e8 sinonimo di <strong>Festa dell&#8217;Amaretto<\/strong> e la 32esima edizione della manifestazione che celebra il tipico dolce santacrocese non ha tradito le aspettative.<br \/>\nHa registrato il pieno di pubblico l&#8217;appuntamento organizzato da Comune di Santa Croce sull&#8217;Arno e Confcommercio Provincia di Pisa, dagli a<strong>marettai<\/strong> santacrocesi e dai commercianti del Centro commerciale naturale di Santa Croce, con il patrocinio della <strong>Regione Toscana<\/strong>, il patrocinio della<strong> Camera di Commercio della Toscana Nord-Ovest Terre di Pisa<\/strong> e la collaborazione di <strong>Pro Loco Santa<\/strong> Croce sull&#8217;Arno, <strong>Associazione Carnevale d&#8217;Autore, Unicef, Slow Food e Terzostudio.<\/strong><br \/>\nLa tradizionale sfida tra gli amarettai con la consegna dell&#8217;Amaretto d&#8217;Oro ha concluso un week-end ricco di iniziative, tra\u00a0mostra mercato, mercatino di Natale, musica, giochi e spettacoli per bambini, <em>showcooking<\/em> e l&#8217;anteprima <em>aperiamaretto<\/em>.<br \/>\nA condurre la giuria nella sua valutazione nella sfida tra gli amarettai il presidente della Proloco <strong>Angelo Scaduto<\/strong>, In giuria <strong>Enrica Guidi<\/strong> (attrice e ospite d&#8217;onore, la Tizzy dei delitti del Barlume), <strong>Cristina Pistolesi<\/strong> (chef), <strong>Enrico Grilli<\/strong>, presidente proloco Saline di Volterra e <strong>Marco Nuti<\/strong>, rappresentante <strong>Assoconciatori<\/strong>, mentre <strong>Gemma<\/strong> la giurata scelta tra il pubblico<br \/>\n.Ad aggiudicarsi l&#8217;ambito premio messo in palio dalla storica <strong>Gioielleria Baroni<\/strong> di Santa Croce \u00e8\u00a0<strong>Antonino Minissale<\/strong>, titolare<img loading=\"lazy\" decoding=\"async\" class=\"size-medium wp-image-25722 alignright\" src=\"https:\/\/comune.santacroce.pi.it\/oldsite\/wp-content\/uploads\/2024\/12\/WhatsApp-Image-2024-12-08-at-18.53.53-279x300.jpeg\" alt=\"\" width=\"279\" height=\"300\" srcset=\"https:\/\/comune.santacroce.pi.it\/oldsite\/wp-content\/uploads\/2024\/12\/WhatsApp-Image-2024-12-08-at-18.53.53-279x300.jpeg 279w, https:\/\/comune.santacroce.pi.it\/oldsite\/wp-content\/uploads\/2024\/12\/WhatsApp-Image-2024-12-08-at-18.53.53.jpeg 625w\" sizes=\"auto, (max-width: 279px) 100vw, 279px\" \/> del\u00a0<strong>\u201cLaboratorio degli Impasti\u201d<\/strong>\u00a0di Santa Croce in Corso Mazzini, specializzato in prodotti da forno artigianali e naturali. Santacrocese di origini siciliane conosciuto come &#8216;Il Pizzaiolo Imbruttito&#8217;, nel suo curriculum ha un&#8217;esperienza nello staff di Casa Sanremo 2021 come pizzaiolo.<br \/>\n\u201cE&#8217; stata una festa ben riuscita, il pubblico non \u00e8 mancato e neppure gli espositori\u201d il commento del\u00a0sindaco Roberto Giannoni. \u201cQuesta festa dell&#8217;Amaretto \u00e8 stata una due giorni ricca di momento interessanti e soprattutto divertenti. Poi gli amarettai quest&#8217;anno si sono veramente impegnati e sono arrivati a livelli altissimi, come dimostra il riconoscimento slow food che grazie a loro l&#8217;Amaretto di Santa Croce si \u00e8 guadagnato. Credo che questo sia un punto di partenza, da su cui riflettere per valorizzare s\u00ec l&#8217;amaretto, ma anche tutta Santa Croce con le sue tradizioni, di cui sicuramente l&#8217;amaretto \u00e8 una della principali. Quest&#8217;anno abbiamo voluto estendere a due giorni la festa, partita il sabato e conclusasi la domenica sera con la premiazione di Antonino Minissale come migliore amarettaio del 2024 e credo che sia stata una scelta giusta. Per il futuro vorremmo continuare a studiare soluzioni che valorizzino questa festa e la rendano sempre pi\u00f9 importante e attrattiva. Stamani abbiamo avuto anche la graditissima visita del presidente della regione Eugenio Giani, che ha voluto omaggiare Santa Croce e questa sua tradizione dell&#8217;Amaretto e spendere parole lusinghiere per la tradizione dell&#8217;Amaretto santacrocese. La visita del governatore Giani dal punto di visita istituzionale, \u00e8 stato sicuramente un valore aggiunto e un riconoscimento importante per la manifestazione e per tutta Santa Croce. Da notare che la regione Toscana patrocina l&#8217;iniziativa. Come sindaco ringrazio tutti coloro che hanno reso possibile questa due giorni di successo, il Ccn a cominciare dalla presidente <strong>Laura Bilanceri<\/strong>, i commercianti tutti, Confcommercio, ovviamente tutti gli amarettai, le associazioni del patto educativo, la <strong>Proloco<\/strong> di Santa Croce sull&#8217;Arno e in generale tutti coloro che hanno <img loading=\"lazy\" decoding=\"async\" class=\"size-medium wp-image-25724 alignleft\" src=\"https:\/\/comune.santacroce.pi.it\/oldsite\/wp-content\/uploads\/2024\/12\/WhatsApp-Image-2024-12-08-at-18.52.53-300x135.jpeg\" alt=\"\" width=\"300\" height=\"135\" srcset=\"https:\/\/comune.santacroce.pi.it\/oldsite\/wp-content\/uploads\/2024\/12\/WhatsApp-Image-2024-12-08-at-18.52.53-300x135.jpeg 300w, https:\/\/comune.santacroce.pi.it\/oldsite\/wp-content\/uploads\/2024\/12\/WhatsApp-Image-2024-12-08-at-18.52.53-1024x461.jpeg 1024w, https:\/\/comune.santacroce.pi.it\/oldsite\/wp-content\/uploads\/2024\/12\/WhatsApp-Image-2024-12-08-at-18.52.53-768x346.jpeg 768w, https:\/\/comune.santacroce.pi.it\/oldsite\/wp-content\/uploads\/2024\/12\/WhatsApp-Image-2024-12-08-at-18.52.53-1536x691.jpeg 1536w, https:\/\/comune.santacroce.pi.it\/oldsite\/wp-content\/uploads\/2024\/12\/WhatsApp-Image-2024-12-08-at-18.52.53.jpeg 1600w\" sizes=\"auto, (max-width: 300px) 100vw, 300px\" \/>lavorato per l&#8217;ottima riuscita dell&#8217;evento\u201d.<br \/>\n\u201cLa Festa dell&#8217;Amaretto si conferma un appuntamento capace di attrarre ogni anno moltissime persone grazie a un vero prodotto d&#8217;eccellenza, l&#8217;intero tessuto commerciale di Santa Croce beneficia di un prodotto identificativo del territorio e questo \u00e8 possibile grazie alla stretta collaborazione con Ccn e amministrazione comunale che permette di far crescere ogni anno questa attesissima manifestazione\u201d afferma il\u00a0responsabile territoriale di <strong>Confcommercio Pisa Luca Favilli.<\/strong><br \/>\n\u201cUna manifestazione che s\u00ec valorizza il commercio e una tipicit\u00e0, ma che nella realt\u00e0 fa cultura nel senso che con la festa dell&#8217;Amaretto abbiamo celebrato una cultura del territorio, legata a questo biscotto di altissimo livello, che ormai \u00e8 parte integrante dell&#8217;identit\u00e0 santacrocese\u201d dichiara\u00a0<strong>Simone Balsanti<\/strong> assessore alla attivit\u00e0 produttive e alla cultura. \u201cUna manifestazione che con questa edizione 2024 \u00e8 andata oltre le pi\u00f9 rosee aspettative, sia in termini di visitatori, che di risultati commerciali, gli espositori ci sono stati e hanno trovato riscontro nel pubblico e abbiamo dimostrato che il centro di Santa Croce pu\u00f2 diventare una realt\u00e0 vivace e attrattiva per tutti, l&#8217;importante \u00e8 impegnarsi per valorizzarlo, tenendo insieme tutte le componenti, da quella commerciale a quella culturale. Quindi ora cominciamo a lavorare per i prossimi eventi sperando di riuscire a replicare questo successo anche le altre iniziative\u201d.<br \/>\n\u201cSiamo veramente soddisfatti per il successo di questa edizione, arricchita dall&#8217;AperiAmaretto\u00a0in\u00a0Piazza Matteotti\u201d &#8211; le parole della presidente<img loading=\"lazy\" decoding=\"async\" class=\"size-medium wp-image-25721 alignright\" src=\"https:\/\/comune.santacroce.pi.it\/oldsite\/wp-content\/uploads\/2024\/12\/WhatsApp-Image-2024-12-08-at-18.50.05-1-300x244.jpeg\" alt=\"\" width=\"300\" height=\"244\" srcset=\"https:\/\/comune.santacroce.pi.it\/oldsite\/wp-content\/uploads\/2024\/12\/WhatsApp-Image-2024-12-08-at-18.50.05-1-300x244.jpeg 300w, https:\/\/comune.santacroce.pi.it\/oldsite\/wp-content\/uploads\/2024\/12\/WhatsApp-Image-2024-12-08-at-18.50.05-1-1024x834.jpeg 1024w, https:\/\/comune.santacroce.pi.it\/oldsite\/wp-content\/uploads\/2024\/12\/WhatsApp-Image-2024-12-08-at-18.50.05-1-768x625.jpeg 768w, https:\/\/comune.santacroce.pi.it\/oldsite\/wp-content\/uploads\/2024\/12\/WhatsApp-Image-2024-12-08-at-18.50.05-1.jpeg 1200w\" sizes=\"auto, (max-width: 300px) 100vw, 300px\" \/> del<strong> Centro Commerciale Naturale<\/strong> di Santa Croce <strong>Laura Bilanceri<\/strong>\u00a0&#8211; \u201ce pi\u00f9 in generale per l&#8217;impegno da parte di tutti i commercianti, in sinergia con Confcommercio, il Comune e le associazioni per far crescere sempre di pi\u00f9 la Festa dell&#8217;Amaretto anche sotto l&#8217;aspetto della comunicazione social e della promozione del territorio, grazie alla collaborazione di <strong>Daria e Odra<\/strong>, ovvero le <strong>Gnigne a Zonzo<\/strong>, due influencer che ci hanno dato una grande mano permettendoci di intercettare un pubblico nuovo\u201d.<\/p>\n<p>&nbsp;<\/p>\n","protected":false},"excerpt":{"rendered":"<p>Il giorno dell&#8217;Immacolata a Santa Croce sull&#8217;Arno \u00e8 sinonimo di Festa dell&#8217;Amaretto e la 32esima edizione della manifestazione che celebra il tipico dolce santacrocese non ha tradito le aspettative. Ha [&hellip;]<\/p>\n","protected":false},"author":46,"featured_media":25720,"comment_status":"closed","ping_status":"closed","sticky":false,"template":"","format":"standard","meta":{"footnotes":""},"categories":[152,154,155,1],"tags":[673,674,675,672,525,567],"class_list":["post-25718","post","type-post","status-publish","format-standard","has-post-thumbnail","hentry","category-attivita-produttive","category-cultura","category-eventi","category-notizie-e-informazioni","tag-amaretto-doro","tag-daria-e-odra","tag-festa-dellamaretto","tag-laura-bilanceri","tag-roberto-giannoni","tag-simone-balsanti"],"yoast_head":"<!-- This site is optimized with the Yoast SEO plugin v24.7 - https:\/\/yoast.com\/wordpress\/plugins\/seo\/ -->\n<title>Ad Antonino Minissale l&#039;Amaretto d&#039;oro 2024. Un successo la nuova veste della festa dell&#039;Amaretto articolata su due giorni - Comune di Santa Croce sull&#039;Arno<\/title>\n<meta name=\"description\" content=\"Ad Antonino Minissale l&#039;Amaretto d&#039;oro 2024. Un successo la nuova veste della festa dell&#039;Amaretto articolata su due giorni\" \/>\n<meta name=\"robots\" content=\"index, follow, max-snippet:-1, max-image-preview:large, max-video-preview:-1\" \/>\n<link rel=\"canonical\" href=\"https:\/\/comune.santacroce.pi.it\/oldsite\/ad-antonino-minissale-lamaretto-doro-2024-un-successo-la-nuova-veste-della-festa-dellamaretto-articolata-su-due-giorni\/\" \/>\n<meta property=\"og:locale\" content=\"it_IT\" \/>\n<meta property=\"og:type\" content=\"article\" \/>\n<meta property=\"og:title\" content=\"Ad Antonino Minissale l&#039;Amaretto d&#039;oro 2024. Un successo la nuova veste della festa dell&#039;Amaretto articolata su due giorni - Comune di Santa Croce sull&#039;Arno\" \/>\n<meta property=\"og:description\" content=\"Ad Antonino Minissale l&#039;Amaretto d&#039;oro 2024. Un successo la nuova veste della festa dell&#039;Amaretto articolata su due giorni\" \/>\n<meta property=\"og:url\" content=\"https:\/\/comune.santacroce.pi.it\/oldsite\/ad-antonino-minissale-lamaretto-doro-2024-un-successo-la-nuova-veste-della-festa-dellamaretto-articolata-su-due-giorni\/\" \/>\n<meta property=\"og:site_name\" content=\"Comune di Santa Croce sull&#039;Arno\" \/>\n<meta property=\"article:published_time\" content=\"2024-12-09T15:54:41+00:00\" \/>\n<meta property=\"article:modified_time\" content=\"2024-12-09T15:57:52+00:00\" \/>\n<meta property=\"og:image\" content=\"https:\/\/comune.santacroce.pi.it\/oldsite\/wp-content\/uploads\/2024\/12\/WhatsApp-Image-2024-12-08-at-18.50.05.jpeg\" \/>\n\t<meta property=\"og:image:width\" content=\"1200\" \/>\n\t<meta property=\"og:image:height\" content=\"987\" \/>\n\t<meta property=\"og:image:type\" content=\"image\/jpeg\" \/>\n<meta name=\"author\" content=\"Gabriele Mori\" \/>\n<meta name=\"twitter:card\" content=\"summary_large_image\" \/>\n<meta name=\"twitter:label1\" content=\"Scritto da\" \/>\n\t<meta name=\"twitter:data1\" content=\"Gabriele Mori\" \/>\n\t<meta name=\"twitter:label2\" content=\"Tempo di lettura stimato\" \/>\n\t<meta name=\"twitter:data2\" content=\"6 minuti\" \/>\n<script type=\"application\/ld+json\" class=\"yoast-schema-graph\">{\"@context\":\"https:\/\/schema.org\",\"@graph\":[{\"@type\":\"Article\",\"@id\":\"https:\/\/comune.santacroce.pi.it\/oldsite\/ad-antonino-minissale-lamaretto-doro-2024-un-successo-la-nuova-veste-della-festa-dellamaretto-articolata-su-due-giorni\/#article\",\"isPartOf\":{\"@id\":\"https:\/\/comune.santacroce.pi.it\/oldsite\/ad-antonino-minissale-lamaretto-doro-2024-un-successo-la-nuova-veste-della-festa-dellamaretto-articolata-su-due-giorni\/\"},\"author\":{\"name\":\"Gabriele Mori\",\"@id\":\"https:\/\/comune.santacroce.pi.it\/oldsite\/#\/schema\/person\/0d96f3193d14ec1176b2e8b1d7568f9b\"},\"headline\":\"Ad Antonino Minissale l&#8217;Amaretto d&#8217;oro 2024. Un successo la nuova veste della festa dell&#8217;Amaretto articolata su due giorni\",\"datePublished\":\"2024-12-09T15:54:41+00:00\",\"dateModified\":\"2024-12-09T15:57:52+00:00\",\"mainEntityOfPage\":{\"@id\":\"https:\/\/comune.santacroce.pi.it\/oldsite\/ad-antonino-minissale-lamaretto-doro-2024-un-successo-la-nuova-veste-della-festa-dellamaretto-articolata-su-due-giorni\/\"},\"wordCount\":866,\"publisher\":{\"@id\":\"https:\/\/comune.santacroce.pi.it\/oldsite\/#organization\"},\"image\":{\"@id\":\"https:\/\/comune.santacroce.pi.it\/oldsite\/ad-antonino-minissale-lamaretto-doro-2024-un-successo-la-nuova-veste-della-festa-dellamaretto-articolata-su-due-giorni\/#primaryimage\"},\"thumbnailUrl\":\"https:\/\/comune.santacroce.pi.it\/oldsite\/wp-content\/uploads\/2024\/12\/WhatsApp-Image-2024-12-08-at-18.50.05.jpeg\",\"keywords\":[\"amaretto d'oro\",\"Daria e Odra\",\"festa dell'amaretto\",\"laura bilanceri\",\"roberto giannoni\",\"Simone Balsanti\"],\"articleSection\":[\"Attivit\u00e0 Produttive\",\"Cultura\",\"Eventi\",\"Notizie e informazioni\"],\"inLanguage\":\"it-IT\"},{\"@type\":\"WebPage\",\"@id\":\"https:\/\/comune.santacroce.pi.it\/oldsite\/ad-antonino-minissale-lamaretto-doro-2024-un-successo-la-nuova-veste-della-festa-dellamaretto-articolata-su-due-giorni\/\",\"url\":\"https:\/\/comune.santacroce.pi.it\/oldsite\/ad-antonino-minissale-lamaretto-doro-2024-un-successo-la-nuova-veste-della-festa-dellamaretto-articolata-su-due-giorni\/\",\"name\":\"Ad Antonino Minissale l'Amaretto d'oro 2024. Un successo la nuova veste della festa dell'Amaretto articolata su due giorni - Comune di Santa Croce sull&#039;Arno\",\"isPartOf\":{\"@id\":\"https:\/\/comune.santacroce.pi.it\/oldsite\/#website\"},\"primaryImageOfPage\":{\"@id\":\"https:\/\/comune.santacroce.pi.it\/oldsite\/ad-antonino-minissale-lamaretto-doro-2024-un-successo-la-nuova-veste-della-festa-dellamaretto-articolata-su-due-giorni\/#primaryimage\"},\"image\":{\"@id\":\"https:\/\/comune.santacroce.pi.it\/oldsite\/ad-antonino-minissale-lamaretto-doro-2024-un-successo-la-nuova-veste-della-festa-dellamaretto-articolata-su-due-giorni\/#primaryimage\"},\"thumbnailUrl\":\"https:\/\/comune.santacroce.pi.it\/oldsite\/wp-content\/uploads\/2024\/12\/WhatsApp-Image-2024-12-08-at-18.50.05.jpeg\",\"datePublished\":\"2024-12-09T15:54:41+00:00\",\"dateModified\":\"2024-12-09T15:57:52+00:00\",\"description\":\"Ad Antonino Minissale l'Amaretto d'oro 2024. Un successo la nuova veste della festa dell'Amaretto articolata su due giorni\",\"breadcrumb\":{\"@id\":\"https:\/\/comune.santacroce.pi.it\/oldsite\/ad-antonino-minissale-lamaretto-doro-2024-un-successo-la-nuova-veste-della-festa-dellamaretto-articolata-su-due-giorni\/#breadcrumb\"},\"inLanguage\":\"it-IT\",\"potentialAction\":[{\"@type\":\"ReadAction\",\"target\":[\"https:\/\/comune.santacroce.pi.it\/oldsite\/ad-antonino-minissale-lamaretto-doro-2024-un-successo-la-nuova-veste-della-festa-dellamaretto-articolata-su-due-giorni\/\"]}]},{\"@type\":\"ImageObject\",\"inLanguage\":\"it-IT\",\"@id\":\"https:\/\/comune.santacroce.pi.it\/oldsite\/ad-antonino-minissale-lamaretto-doro-2024-un-successo-la-nuova-veste-della-festa-dellamaretto-articolata-su-due-giorni\/#primaryimage\",\"url\":\"https:\/\/comune.santacroce.pi.it\/oldsite\/wp-content\/uploads\/2024\/12\/WhatsApp-Image-2024-12-08-at-18.50.05.jpeg\",\"contentUrl\":\"https:\/\/comune.santacroce.pi.it\/oldsite\/wp-content\/uploads\/2024\/12\/WhatsApp-Image-2024-12-08-at-18.50.05.jpeg\",\"width\":1200,\"height\":987},{\"@type\":\"BreadcrumbList\",\"@id\":\"https:\/\/comune.santacroce.pi.it\/oldsite\/ad-antonino-minissale-lamaretto-doro-2024-un-successo-la-nuova-veste-della-festa-dellamaretto-articolata-su-due-giorni\/#breadcrumb\",\"itemListElement\":[{\"@type\":\"ListItem\",\"position\":1,\"name\":\"Home\",\"item\":\"https:\/\/comune.santacroce.pi.it\/oldsite\/\"},{\"@type\":\"ListItem\",\"position\":2,\"name\":\"Ad Antonino Minissale l&#8217;Amaretto d&#8217;oro 2024. Un successo la nuova veste della festa dell&#8217;Amaretto articolata su due giorni\"}]},{\"@type\":\"WebSite\",\"@id\":\"https:\/\/comune.santacroce.pi.it\/oldsite\/#website\",\"url\":\"https:\/\/comune.santacroce.pi.it\/oldsite\/\",\"name\":\"Comune di Santa Croce sull&#039;Arno\",\"description\":\"Provincia di Pisa\",\"publisher\":{\"@id\":\"https:\/\/comune.santacroce.pi.it\/oldsite\/#organization\"},\"potentialAction\":[{\"@type\":\"SearchAction\",\"target\":{\"@type\":\"EntryPoint\",\"urlTemplate\":\"https:\/\/comune.santacroce.pi.it\/oldsite\/?s={search_term_string}\"},\"query-input\":{\"@type\":\"PropertyValueSpecification\",\"valueRequired\":true,\"valueName\":\"search_term_string\"}}],\"inLanguage\":\"it-IT\"},{\"@type\":\"Organization\",\"@id\":\"https:\/\/comune.santacroce.pi.it\/oldsite\/#organization\",\"name\":\"Comune di Santa Croce sull'Arno\",\"url\":\"https:\/\/comune.santacroce.pi.it\/oldsite\/\",\"logo\":{\"@type\":\"ImageObject\",\"inLanguage\":\"it-IT\",\"@id\":\"https:\/\/comune.santacroce.pi.it\/oldsite\/#\/schema\/logo\/image\/\",\"url\":\"https:\/\/comune.santacroce.pi.it\/oldsite\/wp-content\/uploads\/2021\/02\/cropped-Stemma-Santa-Croce-dellArno_500-1.png\",\"contentUrl\":\"https:\/\/comune.santacroce.pi.it\/oldsite\/wp-content\/uploads\/2021\/02\/cropped-Stemma-Santa-Croce-dellArno_500-1.png\",\"width\":500,\"height\":500,\"caption\":\"Comune di Santa Croce sull'Arno\"},\"image\":{\"@id\":\"https:\/\/comune.santacroce.pi.it\/oldsite\/#\/schema\/logo\/image\/\"}},{\"@type\":\"Person\",\"@id\":\"https:\/\/comune.santacroce.pi.it\/oldsite\/#\/schema\/person\/0d96f3193d14ec1176b2e8b1d7568f9b\",\"name\":\"Gabriele Mori\",\"image\":{\"@type\":\"ImageObject\",\"inLanguage\":\"it-IT\",\"@id\":\"https:\/\/comune.santacroce.pi.it\/oldsite\/#\/schema\/person\/image\/\",\"url\":\"https:\/\/secure.gravatar.com\/avatar\/4822dca0f755ab87ef748979c3d1a6a1?s=96&d=mm&r=g\",\"contentUrl\":\"https:\/\/secure.gravatar.com\/avatar\/4822dca0f755ab87ef748979c3d1a6a1?s=96&d=mm&r=g\",\"caption\":\"Gabriele Mori\"},\"url\":\"https:\/\/comune.santacroce.pi.it\/oldsite\/author\/gmori\/\"}]}<\/script>\n<!-- \/ Yoast SEO plugin. -->","yoast_head_json":{"title":"Ad Antonino Minissale l'Amaretto d'oro 2024. Un successo la nuova veste della festa dell'Amaretto articolata su due giorni - Comune di Santa Croce sull&#039;Arno","description":"Ad Antonino Minissale l'Amaretto d'oro 2024. Un successo la nuova veste della festa dell'Amaretto articolata su due giorni","robots":{"index":"index","follow":"follow","max-snippet":"max-snippet:-1","max-image-preview":"max-image-preview:large","max-video-preview":"max-video-preview:-1"},"canonical":"https:\/\/comune.santacroce.pi.it\/oldsite\/ad-antonino-minissale-lamaretto-doro-2024-un-successo-la-nuova-veste-della-festa-dellamaretto-articolata-su-due-giorni\/","og_locale":"it_IT","og_type":"article","og_title":"Ad Antonino Minissale l'Amaretto d'oro 2024. Un successo la nuova veste della festa dell'Amaretto articolata su due giorni - Comune di Santa Croce sull&#039;Arno","og_description":"Ad Antonino Minissale l'Amaretto d'oro 2024. Un successo la nuova veste della festa dell'Amaretto articolata su due giorni","og_url":"https:\/\/comune.santacroce.pi.it\/oldsite\/ad-antonino-minissale-lamaretto-doro-2024-un-successo-la-nuova-veste-della-festa-dellamaretto-articolata-su-due-giorni\/","og_site_name":"Comune di Santa Croce sull&#039;Arno","article_published_time":"2024-12-09T15:54:41+00:00","article_modified_time":"2024-12-09T15:57:52+00:00","og_image":[{"width":1200,"height":987,"url":"https:\/\/comune.santacroce.pi.it\/oldsite\/wp-content\/uploads\/2024\/12\/WhatsApp-Image-2024-12-08-at-18.50.05.jpeg","type":"image\/jpeg"}],"author":"Gabriele Mori","twitter_card":"summary_large_image","twitter_misc":{"Scritto da":"Gabriele Mori","Tempo di lettura stimato":"6 minuti"},"schema":{"@context":"https:\/\/schema.org","@graph":[{"@type":"Article","@id":"https:\/\/comune.santacroce.pi.it\/oldsite\/ad-antonino-minissale-lamaretto-doro-2024-un-successo-la-nuova-veste-della-festa-dellamaretto-articolata-su-due-giorni\/#article","isPartOf":{"@id":"https:\/\/comune.santacroce.pi.it\/oldsite\/ad-antonino-minissale-lamaretto-doro-2024-un-successo-la-nuova-veste-della-festa-dellamaretto-articolata-su-due-giorni\/"},"author":{"name":"Gabriele Mori","@id":"https:\/\/comune.santacroce.pi.it\/oldsite\/#\/schema\/person\/0d96f3193d14ec1176b2e8b1d7568f9b"},"headline":"Ad Antonino Minissale l&#8217;Amaretto d&#8217;oro 2024. Un successo la nuova veste della festa dell&#8217;Amaretto articolata su due giorni","datePublished":"2024-12-09T15:54:41+00:00","dateModified":"2024-12-09T15:57:52+00:00","mainEntityOfPage":{"@id":"https:\/\/comune.santacroce.pi.it\/oldsite\/ad-antonino-minissale-lamaretto-doro-2024-un-successo-la-nuova-veste-della-festa-dellamaretto-articolata-su-due-giorni\/"},"wordCount":866,"publisher":{"@id":"https:\/\/comune.santacroce.pi.it\/oldsite\/#organization"},"image":{"@id":"https:\/\/comune.santacroce.pi.it\/oldsite\/ad-antonino-minissale-lamaretto-doro-2024-un-successo-la-nuova-veste-della-festa-dellamaretto-articolata-su-due-giorni\/#primaryimage"},"thumbnailUrl":"https:\/\/comune.santacroce.pi.it\/oldsite\/wp-content\/uploads\/2024\/12\/WhatsApp-Image-2024-12-08-at-18.50.05.jpeg","keywords":["amaretto d'oro","Daria e Odra","festa dell'amaretto","laura bilanceri","roberto giannoni","Simone Balsanti"],"articleSection":["Attivit\u00e0 Produttive","Cultura","Eventi","Notizie e informazioni"],"inLanguage":"it-IT"},{"@type":"WebPage","@id":"https:\/\/comune.santacroce.pi.it\/oldsite\/ad-antonino-minissale-lamaretto-doro-2024-un-successo-la-nuova-veste-della-festa-dellamaretto-articolata-su-due-giorni\/","url":"https:\/\/comune.santacroce.pi.it\/oldsite\/ad-antonino-minissale-lamaretto-doro-2024-un-successo-la-nuova-veste-della-festa-dellamaretto-articolata-su-due-giorni\/","name":"Ad Antonino Minissale l'Amaretto d'oro 2024. Un successo la nuova veste della festa dell'Amaretto articolata su due giorni - Comune di Santa Croce sull&#039;Arno","isPartOf":{"@id":"https:\/\/comune.santacroce.pi.it\/oldsite\/#website"},"primaryImageOfPage":{"@id":"https:\/\/comune.santacroce.pi.it\/oldsite\/ad-antonino-minissale-lamaretto-doro-2024-un-successo-la-nuova-veste-della-festa-dellamaretto-articolata-su-due-giorni\/#primaryimage"},"image":{"@id":"https:\/\/comune.santacroce.pi.it\/oldsite\/ad-antonino-minissale-lamaretto-doro-2024-un-successo-la-nuova-veste-della-festa-dellamaretto-articolata-su-due-giorni\/#primaryimage"},"thumbnailUrl":"https:\/\/comune.santacroce.pi.it\/oldsite\/wp-content\/uploads\/2024\/12\/WhatsApp-Image-2024-12-08-at-18.50.05.jpeg","datePublished":"2024-12-09T15:54:41+00:00","dateModified":"2024-12-09T15:57:52+00:00","description":"Ad Antonino Minissale l'Amaretto d'oro 2024. Un successo la nuova veste della festa dell'Amaretto articolata su due giorni","breadcrumb":{"@id":"https:\/\/comune.santacroce.pi.it\/oldsite\/ad-antonino-minissale-lamaretto-doro-2024-un-successo-la-nuova-veste-della-festa-dellamaretto-articolata-su-due-giorni\/#breadcrumb"},"inLanguage":"it-IT","potentialAction":[{"@type":"ReadAction","target":["https:\/\/comune.santacroce.pi.it\/oldsite\/ad-antonino-minissale-lamaretto-doro-2024-un-successo-la-nuova-veste-della-festa-dellamaretto-articolata-su-due-giorni\/"]}]},{"@type":"ImageObject","inLanguage":"it-IT","@id":"https:\/\/comune.santacroce.pi.it\/oldsite\/ad-antonino-minissale-lamaretto-doro-2024-un-successo-la-nuova-veste-della-festa-dellamaretto-articolata-su-due-giorni\/#primaryimage","url":"https:\/\/comune.santacroce.pi.it\/oldsite\/wp-content\/uploads\/2024\/12\/WhatsApp-Image-2024-12-08-at-18.50.05.jpeg","contentUrl":"https:\/\/comune.santacroce.pi.it\/oldsite\/wp-content\/uploads\/2024\/12\/WhatsApp-Image-2024-12-08-at-18.50.05.jpeg","width":1200,"height":987},{"@type":"BreadcrumbList","@id":"https:\/\/comune.santacroce.pi.it\/oldsite\/ad-antonino-minissale-lamaretto-doro-2024-un-successo-la-nuova-veste-della-festa-dellamaretto-articolata-su-due-giorni\/#breadcrumb","itemListElement":[{"@type":"ListItem","position":1,"name":"Home","item":"https:\/\/comune.santacroce.pi.it\/oldsite\/"},{"@type":"ListItem","position":2,"name":"Ad Antonino Minissale l&#8217;Amaretto d&#8217;oro 2024. Un successo la nuova veste della festa dell&#8217;Amaretto articolata su due giorni"}]},{"@type":"WebSite","@id":"https:\/\/comune.santacroce.pi.it\/oldsite\/#website","url":"https:\/\/comune.santacroce.pi.it\/oldsite\/","name":"Comune di Santa Croce sull&#039;Arno","description":"Provincia di Pisa","publisher":{"@id":"https:\/\/comune.santacroce.pi.it\/oldsite\/#organization"},"potentialAction":[{"@type":"SearchAction","target":{"@type":"EntryPoint","urlTemplate":"https:\/\/comune.santacroce.pi.it\/oldsite\/?s={search_term_string}"},"query-input":{"@type":"PropertyValueSpecification","valueRequired":true,"valueName":"search_term_string"}}],"inLanguage":"it-IT"},{"@type":"Organization","@id":"https:\/\/comune.santacroce.pi.it\/oldsite\/#organization","name":"Comune di Santa Croce sull'Arno","url":"https:\/\/comune.santacroce.pi.it\/oldsite\/","logo":{"@type":"ImageObject","inLanguage":"it-IT","@id":"https:\/\/comune.santacroce.pi.it\/oldsite\/#\/schema\/logo\/image\/","url":"https:\/\/comune.santacroce.pi.it\/oldsite\/wp-content\/uploads\/2021\/02\/cropped-Stemma-Santa-Croce-dellArno_500-1.png","contentUrl":"https:\/\/comune.santacroce.pi.it\/oldsite\/wp-content\/uploads\/2021\/02\/cropped-Stemma-Santa-Croce-dellArno_500-1.png","width":500,"height":500,"caption":"Comune di Santa Croce sull'Arno"},"image":{"@id":"https:\/\/comune.santacroce.pi.it\/oldsite\/#\/schema\/logo\/image\/"}},{"@type":"Person","@id":"https:\/\/comune.santacroce.pi.it\/oldsite\/#\/schema\/person\/0d96f3193d14ec1176b2e8b1d7568f9b","name":"Gabriele Mori","image":{"@type":"ImageObject","inLanguage":"it-IT","@id":"https:\/\/comune.santacroce.pi.it\/oldsite\/#\/schema\/person\/image\/","url":"https:\/\/secure.gravatar.com\/avatar\/4822dca0f755ab87ef748979c3d1a6a1?s=96&d=mm&r=g","contentUrl":"https:\/\/secure.gravatar.com\/avatar\/4822dca0f755ab87ef748979c3d1a6a1?s=96&d=mm&r=g","caption":"Gabriele Mori"},"url":"https:\/\/comune.santacroce.pi.it\/oldsite\/author\/gmori\/"}]}},"jetpack_featured_media_url":"https:\/\/comune.santacroce.pi.it\/oldsite\/wp-content\/uploads\/2024\/12\/WhatsApp-Image-2024-12-08-at-18.50.05.jpeg","meta_box":{"comunicacity_sync":"1","cc4_urg_colore":"rosso","cc4_urg_data_inizio":"","cc4_urg_data_fine":"","cc4_cor_positivi_oggi":"","cc4_cor_negativizzati_oggi":"","cc4_cor_deceduti_oggi":"","cc4_cor_positivi_totali":"","cc4_cor_negativizzati_totali":"","cc4_cor_deceduti_totali":"","cc4_cor_attualmente_positivi":"","cc4_eve_data_inizio":"","cc4_eve_data_fine":"","cc4_eve_indirizzo":"","cc4_eve_posizione":{"latitude":"53.346881","longitude":"-6.25886","zoom":"18"},"cc4_eve_telefono":"","cc4_eve_email":"","cc4_eve_web":"","cc4_eve_fb":""},"_links":{"self":[{"href":"https:\/\/comune.santacroce.pi.it\/oldsite\/wp-json\/wp\/v2\/posts\/25718","targetHints":{"allow":["GET"]}}],"collection":[{"href":"https:\/\/comune.santacroce.pi.it\/oldsite\/wp-json\/wp\/v2\/posts"}],"about":[{"href":"https:\/\/comune.santacroce.pi.it\/oldsite\/wp-json\/wp\/v2\/types\/post"}],"author":[{"embeddable":true,"href":"https:\/\/comune.santacroce.pi.it\/oldsite\/wp-json\/wp\/v2\/users\/46"}],"replies":[{"embeddable":true,"href":"https:\/\/comune.santacroce.pi.it\/oldsite\/wp-json\/wp\/v2\/comments?post=25718"}],"version-history":[{"count":0,"href":"https:\/\/comune.santacroce.pi.it\/oldsite\/wp-json\/wp\/v2\/posts\/25718\/revisions"}],"wp:featuredmedia":[{"embeddable":true,"href":"https:\/\/comune.santacroce.pi.it\/oldsite\/wp-json\/wp\/v2\/media\/25720"}],"wp:attachment":[{"href":"https:\/\/comune.santacroce.pi.it\/oldsite\/wp-json\/wp\/v2\/media?parent=25718"}],"wp:term":[{"taxonomy":"category","embeddable":true,"href":"https:\/\/comune.santacroce.pi.it\/oldsite\/wp-json\/wp\/v2\/categories?post=25718"},{"taxonomy":"post_tag","embeddable":true,"href":"https:\/\/comune.santacroce.pi.it\/oldsite\/wp-json\/wp\/v2\/tags?post=25718"}],"curies":[{"name":"wp","href":"https:\/\/api.w.org\/{rel}","templated":true}]}}