{"id":25589,"date":"2024-11-20T11:00:26","date_gmt":"2024-11-20T10:00:26","guid":{"rendered":"https:\/\/comune.santacroce.pi.it\/oldsite\/?p=25589"},"modified":"2024-11-19T14:08:56","modified_gmt":"2024-11-19T13:08:56","slug":"dialoghi-intorno-alla-mostra-lori-lako-e-da-un-po-che-non-sogno-di-volare","status":"publish","type":"post","link":"https:\/\/comune.santacroce.pi.it\/oldsite\/dialoghi-intorno-alla-mostra-lori-lako-e-da-un-po-che-non-sogno-di-volare\/","title":{"rendered":"Dialoghi intorno alla mostra Lori Lako &#8220;\u00c8 da un po\u2019 che non sogno di volare&#8221;"},"content":{"rendered":"<p><img loading=\"lazy\" decoding=\"async\" class=\"aligncenter wp-image-25590 size-full\" src=\"https:\/\/comune.santacroce.pi.it\/oldsite\/wp-content\/uploads\/2024\/11\/invito-Lako-23-novembre.png\" alt=\"\" width=\"960\" height=\"960\" srcset=\"https:\/\/comune.santacroce.pi.it\/oldsite\/wp-content\/uploads\/2024\/11\/invito-Lako-23-novembre.png 960w, https:\/\/comune.santacroce.pi.it\/oldsite\/wp-content\/uploads\/2024\/11\/invito-Lako-23-novembre-300x300.png 300w, https:\/\/comune.santacroce.pi.it\/oldsite\/wp-content\/uploads\/2024\/11\/invito-Lako-23-novembre-150x150.png 150w, https:\/\/comune.santacroce.pi.it\/oldsite\/wp-content\/uploads\/2024\/11\/invito-Lako-23-novembre-768x768.png 768w\" sizes=\"auto, (max-width: 960px) 100vw, 960px\" \/><\/p>\n<p>&nbsp;<\/p>\n<p style=\"text-align: center\"><strong>A Villa Pacchiani dialoghi intorno alla mostra<\/strong><\/p>\n<p style=\"text-align: center\"><strong>Lori Lako<\/strong><\/p>\n<p style=\"text-align: center\"><em>\u00c8 da un po\u2019 che non sogno di volare<\/em><\/p>\n<p style=\"text-align: center\">a cura di Ilaria Mariotti con interventi di Serena Becagli, Lori Lako e Ilaria Mariotti<\/p>\n<p>&nbsp;<\/p>\n<p style=\"text-align: center\"><strong>23 novembre 2024 ore 17:30<\/strong><\/p>\n<p style=\"text-align: center\">Villa Pacchiani Centro Espositivo<\/p>\n<p style=\"text-align: center\">Piazza Pier Paolo Pasolini, Santa Croce sull\u2019Arno<\/p>\n<p style=\"text-align: center\">Ingresso libero<\/p>\n<p>&nbsp;<\/p>\n<p><strong>Sabato 23 novembre alle ore 17:30, nell\u2019ambito della mostra personale di Lori Lako <em>\u00c8 da un po\u2019 che non sogno di volare<\/em> a cura di Ilaria Mariotti, avr\u00e0 luogo un incontro che pone in dialogo l\u2019artista, la curatrice e Serena Becagli.<\/strong><\/p>\n<p>La mostra e l\u2019incontro fanno parte del progetto articolato del Comune di Santa Croce sull\u2019Arno, realizzato nell\u2019ambito di Toscanaincontemporanea2024, che prevede anche attivit\u00e0 volte alla formazione del pubblico e percorsi didattici. Collaborano all\u2019iniziativa Cr\u00e9dit Agricole Italia e Associazione Arturo. Il Comune di Santa Croce sull\u2019Arno aderisce alla rete Terre di Pisa.<\/p>\n<p>L\u2019incontro, introdotto dai saluti istituzionali del Sindaco Roberto Giannoni e dell\u2019Assessore alle Politiche e Attivit\u00e0 Culturali Simone Balsanti, costituisce un appuntamento di approfondimento sul percorso di mostra inquadrandolo nella ricerca pi\u00f9 ampia dell\u2019artista mettendo a fuoco alcune tematiche che la attraversano: la possibile manipolazione dell\u2019immagine attraverso l\u2019uso del digitale e dell\u2019Intelligenza Artificiale, la costruzione di stereotipi, la faticosa ricerca di una rigenerata identit\u00e0 nazionale che si confronta con la globalizzazione, la memoria personale e collettiva, il paesaggio postindustriale e la riattivazione dello spazio attraverso riti e azioni.<\/p>\n<p>Serena Becagli, curatrice indipendente che segue da tempo la ricerca di Lori Lako, lavora nell\u2019organizzazione e comunicazione di mostre ed eventi culturali e nella redazione e coordinamento di progetti editoriali collaborando con musei, gallerie e spazi indipendenti. Ha collaborato, tra gli altri, con: Centro per l\u2019arte contemporanea Luigi Pecci, Museo della Citt\u00e0 di Livorno, Dryphoto arte contemporanea, Galleria Biagiotti, Galleria ME Vannucci, Laboratorium, Firenze Suona Contemporanea. Dal 2019 al 2022 \u00e8 stata tra i soci fondatori di Estuario project space con sede a Officina Giovani, Prato. Dal 2024 \u00e8 ideatrice del progetto Mamma Mia Museum, una riflessione su arte contemporanea e demenza senile.<\/p>\n<p>La mostra d\u00e0 la possibilit\u00e0 di ripercorrere la ricerca di Lori Lako attraverso opere realizzate in momenti diversi e per varie occasioni e che, In alcuni casi, vengono mostrate per la prima volta in Italia. In particolare l\u2019opera Woven Echoes 024 \u00e8 stata realizzata appositamente per questa occasione e in dialogo con la comunit\u00e0 santacrocese ed \u00e8 nata da incontri, che si sono protratti nel tempo, avvenuti tra l\u2019artista e alcune donne di origine albanese che vivono nel territorio. L\u2019opera \u00e8 costituita da stampe digitali su tessuto e audio: l\u2019artista ha costruito un doppio archivio, visivo e sonoro, che riscrive la storia personale e le vicende pi\u00f9 intime, i desideri e le vicissitudini e le proietta in una sfera collettiva a partire da motivi decorativi presenti su arazzi e tappeti, ricami e lavori all\u2019uncinetto che queste donne hanno realizzato in Albania e che hanno portato con s\u00e9 in Italia.<br \/>\nLa mostra <em><strong>\u00c8 da un po\u2019 che non sogno di volare<\/strong><\/em> \u00e8 visitabile fino al 15 dicembre 2024 dal venerd\u00ec alla domenica con orario 16:00-19:00<\/p>\n","protected":false},"excerpt":{"rendered":"<p>&nbsp; A Villa Pacchiani dialoghi intorno alla mostra Lori Lako \u00c8 da un po\u2019 che non sogno di volare a cura di Ilaria Mariotti con interventi di Serena Becagli, Lori [&hellip;]<\/p>\n","protected":false},"author":18,"featured_media":25590,"comment_status":"closed","ping_status":"closed","sticky":false,"template":"","format":"standard","meta":{"footnotes":""},"categories":[154,155],"tags":[],"class_list":["post-25589","post","type-post","status-publish","format-standard","has-post-thumbnail","hentry","category-cultura","category-eventi"],"yoast_head":"<!-- This site is optimized with the Yoast SEO plugin v24.7 - https:\/\/yoast.com\/wordpress\/plugins\/seo\/ -->\n<title>Dialoghi intorno alla mostra Lori Lako &quot;\u00c8 da un po\u2019 che non sogno di volare&quot; - Comune di Santa Croce sull&#039;Arno<\/title>\n<meta name=\"description\" content=\"Sabato 23 novembre alle ore 17:30, nell\u2019ambito della mostra personale di Lori Lako &quot;\u00c8 da un po\u2019 che non sogno di volare&quot;, avr\u00e0 luogo un incontro che pone in dialogo l\u2019artista, la curatrice e Serena Becagli.\" \/>\n<meta name=\"robots\" content=\"index, follow, max-snippet:-1, max-image-preview:large, max-video-preview:-1\" \/>\n<link rel=\"canonical\" href=\"https:\/\/comune.santacroce.pi.it\/oldsite\/dialoghi-intorno-alla-mostra-lori-lako-e-da-un-po-che-non-sogno-di-volare\/\" \/>\n<meta property=\"og:locale\" content=\"it_IT\" \/>\n<meta property=\"og:type\" content=\"article\" \/>\n<meta property=\"og:title\" content=\"Dialoghi intorno alla mostra Lori Lako &quot;\u00c8 da un po\u2019 che non sogno di volare&quot; - Comune di Santa Croce sull&#039;Arno\" \/>\n<meta property=\"og:description\" content=\"Sabato 23 novembre alle ore 17:30, nell\u2019ambito della mostra personale di Lori Lako &quot;\u00c8 da un po\u2019 che non sogno di volare&quot;, avr\u00e0 luogo un incontro che pone in dialogo l\u2019artista, la curatrice e Serena Becagli.\" \/>\n<meta property=\"og:url\" content=\"https:\/\/comune.santacroce.pi.it\/oldsite\/dialoghi-intorno-alla-mostra-lori-lako-e-da-un-po-che-non-sogno-di-volare\/\" \/>\n<meta property=\"og:site_name\" content=\"Comune di Santa Croce sull&#039;Arno\" \/>\n<meta property=\"article:published_time\" content=\"2024-11-20T10:00:26+00:00\" \/>\n<meta property=\"og:image\" content=\"https:\/\/comune.santacroce.pi.it\/oldsite\/wp-content\/uploads\/2024\/11\/invito-Lako-23-novembre.png\" \/>\n\t<meta property=\"og:image:width\" content=\"960\" \/>\n\t<meta property=\"og:image:height\" content=\"960\" \/>\n\t<meta property=\"og:image:type\" content=\"image\/png\" \/>\n<meta name=\"author\" content=\"Biblioteca e cultura\" \/>\n<meta name=\"twitter:card\" content=\"summary_large_image\" \/>\n<meta name=\"twitter:label1\" content=\"Scritto da\" \/>\n\t<meta name=\"twitter:data1\" content=\"Biblioteca e cultura\" \/>\n\t<meta name=\"twitter:label2\" content=\"Tempo di lettura stimato\" \/>\n\t<meta name=\"twitter:data2\" content=\"4 minuti\" \/>\n<script type=\"application\/ld+json\" class=\"yoast-schema-graph\">{\"@context\":\"https:\/\/schema.org\",\"@graph\":[{\"@type\":\"Article\",\"@id\":\"https:\/\/comune.santacroce.pi.it\/oldsite\/dialoghi-intorno-alla-mostra-lori-lako-e-da-un-po-che-non-sogno-di-volare\/#article\",\"isPartOf\":{\"@id\":\"https:\/\/comune.santacroce.pi.it\/oldsite\/dialoghi-intorno-alla-mostra-lori-lako-e-da-un-po-che-non-sogno-di-volare\/\"},\"author\":{\"name\":\"Biblioteca e cultura\",\"@id\":\"https:\/\/comune.santacroce.pi.it\/oldsite\/#\/schema\/person\/77e3693e7d02c5835b2dd82778f7fb45\"},\"headline\":\"Dialoghi intorno alla mostra Lori Lako &#8220;\u00c8 da un po\u2019 che non sogno di volare&#8221;\",\"datePublished\":\"2024-11-20T10:00:26+00:00\",\"mainEntityOfPage\":{\"@id\":\"https:\/\/comune.santacroce.pi.it\/oldsite\/dialoghi-intorno-alla-mostra-lori-lako-e-da-un-po-che-non-sogno-di-volare\/\"},\"wordCount\":526,\"publisher\":{\"@id\":\"https:\/\/comune.santacroce.pi.it\/oldsite\/#organization\"},\"image\":{\"@id\":\"https:\/\/comune.santacroce.pi.it\/oldsite\/dialoghi-intorno-alla-mostra-lori-lako-e-da-un-po-che-non-sogno-di-volare\/#primaryimage\"},\"thumbnailUrl\":\"https:\/\/comune.santacroce.pi.it\/oldsite\/wp-content\/uploads\/2024\/11\/invito-Lako-23-novembre.png\",\"articleSection\":[\"Cultura\",\"Eventi\"],\"inLanguage\":\"it-IT\"},{\"@type\":\"WebPage\",\"@id\":\"https:\/\/comune.santacroce.pi.it\/oldsite\/dialoghi-intorno-alla-mostra-lori-lako-e-da-un-po-che-non-sogno-di-volare\/\",\"url\":\"https:\/\/comune.santacroce.pi.it\/oldsite\/dialoghi-intorno-alla-mostra-lori-lako-e-da-un-po-che-non-sogno-di-volare\/\",\"name\":\"Dialoghi intorno alla mostra Lori Lako \\\"\u00c8 da un po\u2019 che non sogno di volare\\\" - Comune di Santa Croce sull&#039;Arno\",\"isPartOf\":{\"@id\":\"https:\/\/comune.santacroce.pi.it\/oldsite\/#website\"},\"primaryImageOfPage\":{\"@id\":\"https:\/\/comune.santacroce.pi.it\/oldsite\/dialoghi-intorno-alla-mostra-lori-lako-e-da-un-po-che-non-sogno-di-volare\/#primaryimage\"},\"image\":{\"@id\":\"https:\/\/comune.santacroce.pi.it\/oldsite\/dialoghi-intorno-alla-mostra-lori-lako-e-da-un-po-che-non-sogno-di-volare\/#primaryimage\"},\"thumbnailUrl\":\"https:\/\/comune.santacroce.pi.it\/oldsite\/wp-content\/uploads\/2024\/11\/invito-Lako-23-novembre.png\",\"datePublished\":\"2024-11-20T10:00:26+00:00\",\"description\":\"Sabato 23 novembre alle ore 17:30, nell\u2019ambito della mostra personale di Lori Lako \\\"\u00c8 da un po\u2019 che non sogno di volare\\\", avr\u00e0 luogo un incontro che pone in dialogo l\u2019artista, la curatrice e Serena Becagli.\",\"breadcrumb\":{\"@id\":\"https:\/\/comune.santacroce.pi.it\/oldsite\/dialoghi-intorno-alla-mostra-lori-lako-e-da-un-po-che-non-sogno-di-volare\/#breadcrumb\"},\"inLanguage\":\"it-IT\",\"potentialAction\":[{\"@type\":\"ReadAction\",\"target\":[\"https:\/\/comune.santacroce.pi.it\/oldsite\/dialoghi-intorno-alla-mostra-lori-lako-e-da-un-po-che-non-sogno-di-volare\/\"]}]},{\"@type\":\"ImageObject\",\"inLanguage\":\"it-IT\",\"@id\":\"https:\/\/comune.santacroce.pi.it\/oldsite\/dialoghi-intorno-alla-mostra-lori-lako-e-da-un-po-che-non-sogno-di-volare\/#primaryimage\",\"url\":\"https:\/\/comune.santacroce.pi.it\/oldsite\/wp-content\/uploads\/2024\/11\/invito-Lako-23-novembre.png\",\"contentUrl\":\"https:\/\/comune.santacroce.pi.it\/oldsite\/wp-content\/uploads\/2024\/11\/invito-Lako-23-novembre.png\",\"width\":960,\"height\":960},{\"@type\":\"BreadcrumbList\",\"@id\":\"https:\/\/comune.santacroce.pi.it\/oldsite\/dialoghi-intorno-alla-mostra-lori-lako-e-da-un-po-che-non-sogno-di-volare\/#breadcrumb\",\"itemListElement\":[{\"@type\":\"ListItem\",\"position\":1,\"name\":\"Home\",\"item\":\"https:\/\/comune.santacroce.pi.it\/oldsite\/\"},{\"@type\":\"ListItem\",\"position\":2,\"name\":\"Dialoghi intorno alla mostra Lori Lako &#8220;\u00c8 da un po\u2019 che non sogno di volare&#8221;\"}]},{\"@type\":\"WebSite\",\"@id\":\"https:\/\/comune.santacroce.pi.it\/oldsite\/#website\",\"url\":\"https:\/\/comune.santacroce.pi.it\/oldsite\/\",\"name\":\"Comune di Santa Croce sull&#039;Arno\",\"description\":\"Provincia di Pisa\",\"publisher\":{\"@id\":\"https:\/\/comune.santacroce.pi.it\/oldsite\/#organization\"},\"potentialAction\":[{\"@type\":\"SearchAction\",\"target\":{\"@type\":\"EntryPoint\",\"urlTemplate\":\"https:\/\/comune.santacroce.pi.it\/oldsite\/?s={search_term_string}\"},\"query-input\":{\"@type\":\"PropertyValueSpecification\",\"valueRequired\":true,\"valueName\":\"search_term_string\"}}],\"inLanguage\":\"it-IT\"},{\"@type\":\"Organization\",\"@id\":\"https:\/\/comune.santacroce.pi.it\/oldsite\/#organization\",\"name\":\"Comune di Santa Croce sull'Arno\",\"url\":\"https:\/\/comune.santacroce.pi.it\/oldsite\/\",\"logo\":{\"@type\":\"ImageObject\",\"inLanguage\":\"it-IT\",\"@id\":\"https:\/\/comune.santacroce.pi.it\/oldsite\/#\/schema\/logo\/image\/\",\"url\":\"https:\/\/comune.santacroce.pi.it\/oldsite\/wp-content\/uploads\/2021\/02\/cropped-Stemma-Santa-Croce-dellArno_500-1.png\",\"contentUrl\":\"https:\/\/comune.santacroce.pi.it\/oldsite\/wp-content\/uploads\/2021\/02\/cropped-Stemma-Santa-Croce-dellArno_500-1.png\",\"width\":500,\"height\":500,\"caption\":\"Comune di Santa Croce sull'Arno\"},\"image\":{\"@id\":\"https:\/\/comune.santacroce.pi.it\/oldsite\/#\/schema\/logo\/image\/\"}},{\"@type\":\"Person\",\"@id\":\"https:\/\/comune.santacroce.pi.it\/oldsite\/#\/schema\/person\/77e3693e7d02c5835b2dd82778f7fb45\",\"name\":\"Biblioteca e cultura\",\"image\":{\"@type\":\"ImageObject\",\"inLanguage\":\"it-IT\",\"@id\":\"https:\/\/comune.santacroce.pi.it\/oldsite\/#\/schema\/person\/image\/\",\"url\":\"https:\/\/secure.gravatar.com\/avatar\/c9a5002ec801d0b780e779e0d328fe2a?s=96&d=mm&r=g\",\"contentUrl\":\"https:\/\/secure.gravatar.com\/avatar\/c9a5002ec801d0b780e779e0d328fe2a?s=96&d=mm&r=g\",\"caption\":\"Biblioteca e cultura\"},\"url\":\"https:\/\/comune.santacroce.pi.it\/oldsite\/author\/bibliotecasc\/\"}]}<\/script>\n<!-- \/ Yoast SEO plugin. -->","yoast_head_json":{"title":"Dialoghi intorno alla mostra Lori Lako \"\u00c8 da un po\u2019 che non sogno di volare\" - Comune di Santa Croce sull&#039;Arno","description":"Sabato 23 novembre alle ore 17:30, nell\u2019ambito della mostra personale di Lori Lako \"\u00c8 da un po\u2019 che non sogno di volare\", avr\u00e0 luogo un incontro che pone in dialogo l\u2019artista, la curatrice e Serena Becagli.","robots":{"index":"index","follow":"follow","max-snippet":"max-snippet:-1","max-image-preview":"max-image-preview:large","max-video-preview":"max-video-preview:-1"},"canonical":"https:\/\/comune.santacroce.pi.it\/oldsite\/dialoghi-intorno-alla-mostra-lori-lako-e-da-un-po-che-non-sogno-di-volare\/","og_locale":"it_IT","og_type":"article","og_title":"Dialoghi intorno alla mostra Lori Lako \"\u00c8 da un po\u2019 che non sogno di volare\" - Comune di Santa Croce sull&#039;Arno","og_description":"Sabato 23 novembre alle ore 17:30, nell\u2019ambito della mostra personale di Lori Lako \"\u00c8 da un po\u2019 che non sogno di volare\", avr\u00e0 luogo un incontro che pone in dialogo l\u2019artista, la curatrice e Serena Becagli.","og_url":"https:\/\/comune.santacroce.pi.it\/oldsite\/dialoghi-intorno-alla-mostra-lori-lako-e-da-un-po-che-non-sogno-di-volare\/","og_site_name":"Comune di Santa Croce sull&#039;Arno","article_published_time":"2024-11-20T10:00:26+00:00","og_image":[{"width":960,"height":960,"url":"https:\/\/comune.santacroce.pi.it\/oldsite\/wp-content\/uploads\/2024\/11\/invito-Lako-23-novembre.png","type":"image\/png"}],"author":"Biblioteca e cultura","twitter_card":"summary_large_image","twitter_misc":{"Scritto da":"Biblioteca e cultura","Tempo di lettura stimato":"4 minuti"},"schema":{"@context":"https:\/\/schema.org","@graph":[{"@type":"Article","@id":"https:\/\/comune.santacroce.pi.it\/oldsite\/dialoghi-intorno-alla-mostra-lori-lako-e-da-un-po-che-non-sogno-di-volare\/#article","isPartOf":{"@id":"https:\/\/comune.santacroce.pi.it\/oldsite\/dialoghi-intorno-alla-mostra-lori-lako-e-da-un-po-che-non-sogno-di-volare\/"},"author":{"name":"Biblioteca e cultura","@id":"https:\/\/comune.santacroce.pi.it\/oldsite\/#\/schema\/person\/77e3693e7d02c5835b2dd82778f7fb45"},"headline":"Dialoghi intorno alla mostra Lori Lako &#8220;\u00c8 da un po\u2019 che non sogno di volare&#8221;","datePublished":"2024-11-20T10:00:26+00:00","mainEntityOfPage":{"@id":"https:\/\/comune.santacroce.pi.it\/oldsite\/dialoghi-intorno-alla-mostra-lori-lako-e-da-un-po-che-non-sogno-di-volare\/"},"wordCount":526,"publisher":{"@id":"https:\/\/comune.santacroce.pi.it\/oldsite\/#organization"},"image":{"@id":"https:\/\/comune.santacroce.pi.it\/oldsite\/dialoghi-intorno-alla-mostra-lori-lako-e-da-un-po-che-non-sogno-di-volare\/#primaryimage"},"thumbnailUrl":"https:\/\/comune.santacroce.pi.it\/oldsite\/wp-content\/uploads\/2024\/11\/invito-Lako-23-novembre.png","articleSection":["Cultura","Eventi"],"inLanguage":"it-IT"},{"@type":"WebPage","@id":"https:\/\/comune.santacroce.pi.it\/oldsite\/dialoghi-intorno-alla-mostra-lori-lako-e-da-un-po-che-non-sogno-di-volare\/","url":"https:\/\/comune.santacroce.pi.it\/oldsite\/dialoghi-intorno-alla-mostra-lori-lako-e-da-un-po-che-non-sogno-di-volare\/","name":"Dialoghi intorno alla mostra Lori Lako \"\u00c8 da un po\u2019 che non sogno di volare\" - Comune di Santa Croce sull&#039;Arno","isPartOf":{"@id":"https:\/\/comune.santacroce.pi.it\/oldsite\/#website"},"primaryImageOfPage":{"@id":"https:\/\/comune.santacroce.pi.it\/oldsite\/dialoghi-intorno-alla-mostra-lori-lako-e-da-un-po-che-non-sogno-di-volare\/#primaryimage"},"image":{"@id":"https:\/\/comune.santacroce.pi.it\/oldsite\/dialoghi-intorno-alla-mostra-lori-lako-e-da-un-po-che-non-sogno-di-volare\/#primaryimage"},"thumbnailUrl":"https:\/\/comune.santacroce.pi.it\/oldsite\/wp-content\/uploads\/2024\/11\/invito-Lako-23-novembre.png","datePublished":"2024-11-20T10:00:26+00:00","description":"Sabato 23 novembre alle ore 17:30, nell\u2019ambito della mostra personale di Lori Lako \"\u00c8 da un po\u2019 che non sogno di volare\", avr\u00e0 luogo un incontro che pone in dialogo l\u2019artista, la curatrice e Serena Becagli.","breadcrumb":{"@id":"https:\/\/comune.santacroce.pi.it\/oldsite\/dialoghi-intorno-alla-mostra-lori-lako-e-da-un-po-che-non-sogno-di-volare\/#breadcrumb"},"inLanguage":"it-IT","potentialAction":[{"@type":"ReadAction","target":["https:\/\/comune.santacroce.pi.it\/oldsite\/dialoghi-intorno-alla-mostra-lori-lako-e-da-un-po-che-non-sogno-di-volare\/"]}]},{"@type":"ImageObject","inLanguage":"it-IT","@id":"https:\/\/comune.santacroce.pi.it\/oldsite\/dialoghi-intorno-alla-mostra-lori-lako-e-da-un-po-che-non-sogno-di-volare\/#primaryimage","url":"https:\/\/comune.santacroce.pi.it\/oldsite\/wp-content\/uploads\/2024\/11\/invito-Lako-23-novembre.png","contentUrl":"https:\/\/comune.santacroce.pi.it\/oldsite\/wp-content\/uploads\/2024\/11\/invito-Lako-23-novembre.png","width":960,"height":960},{"@type":"BreadcrumbList","@id":"https:\/\/comune.santacroce.pi.it\/oldsite\/dialoghi-intorno-alla-mostra-lori-lako-e-da-un-po-che-non-sogno-di-volare\/#breadcrumb","itemListElement":[{"@type":"ListItem","position":1,"name":"Home","item":"https:\/\/comune.santacroce.pi.it\/oldsite\/"},{"@type":"ListItem","position":2,"name":"Dialoghi intorno alla mostra Lori Lako &#8220;\u00c8 da un po\u2019 che non sogno di volare&#8221;"}]},{"@type":"WebSite","@id":"https:\/\/comune.santacroce.pi.it\/oldsite\/#website","url":"https:\/\/comune.santacroce.pi.it\/oldsite\/","name":"Comune di Santa Croce sull&#039;Arno","description":"Provincia di Pisa","publisher":{"@id":"https:\/\/comune.santacroce.pi.it\/oldsite\/#organization"},"potentialAction":[{"@type":"SearchAction","target":{"@type":"EntryPoint","urlTemplate":"https:\/\/comune.santacroce.pi.it\/oldsite\/?s={search_term_string}"},"query-input":{"@type":"PropertyValueSpecification","valueRequired":true,"valueName":"search_term_string"}}],"inLanguage":"it-IT"},{"@type":"Organization","@id":"https:\/\/comune.santacroce.pi.it\/oldsite\/#organization","name":"Comune di Santa Croce sull'Arno","url":"https:\/\/comune.santacroce.pi.it\/oldsite\/","logo":{"@type":"ImageObject","inLanguage":"it-IT","@id":"https:\/\/comune.santacroce.pi.it\/oldsite\/#\/schema\/logo\/image\/","url":"https:\/\/comune.santacroce.pi.it\/oldsite\/wp-content\/uploads\/2021\/02\/cropped-Stemma-Santa-Croce-dellArno_500-1.png","contentUrl":"https:\/\/comune.santacroce.pi.it\/oldsite\/wp-content\/uploads\/2021\/02\/cropped-Stemma-Santa-Croce-dellArno_500-1.png","width":500,"height":500,"caption":"Comune di Santa Croce sull'Arno"},"image":{"@id":"https:\/\/comune.santacroce.pi.it\/oldsite\/#\/schema\/logo\/image\/"}},{"@type":"Person","@id":"https:\/\/comune.santacroce.pi.it\/oldsite\/#\/schema\/person\/77e3693e7d02c5835b2dd82778f7fb45","name":"Biblioteca e cultura","image":{"@type":"ImageObject","inLanguage":"it-IT","@id":"https:\/\/comune.santacroce.pi.it\/oldsite\/#\/schema\/person\/image\/","url":"https:\/\/secure.gravatar.com\/avatar\/c9a5002ec801d0b780e779e0d328fe2a?s=96&d=mm&r=g","contentUrl":"https:\/\/secure.gravatar.com\/avatar\/c9a5002ec801d0b780e779e0d328fe2a?s=96&d=mm&r=g","caption":"Biblioteca e cultura"},"url":"https:\/\/comune.santacroce.pi.it\/oldsite\/author\/bibliotecasc\/"}]}},"jetpack_featured_media_url":"https:\/\/comune.santacroce.pi.it\/oldsite\/wp-content\/uploads\/2024\/11\/invito-Lako-23-novembre.png","meta_box":{"comunicacity_sync":"1","cc4_urg_colore":"rosso","cc4_urg_data_inizio":"","cc4_urg_data_fine":"","cc4_cor_positivi_oggi":"","cc4_cor_negativizzati_oggi":"","cc4_cor_deceduti_oggi":"","cc4_cor_positivi_totali":"","cc4_cor_negativizzati_totali":"","cc4_cor_deceduti_totali":"","cc4_cor_attualmente_positivi":"","cc4_eve_data_inizio":"","cc4_eve_data_fine":"","cc4_eve_indirizzo":"","cc4_eve_posizione":{"latitude":"0","longitude":"0","zoom":"0"},"cc4_eve_telefono":"","cc4_eve_email":"","cc4_eve_web":"","cc4_eve_fb":""},"_links":{"self":[{"href":"https:\/\/comune.santacroce.pi.it\/oldsite\/wp-json\/wp\/v2\/posts\/25589","targetHints":{"allow":["GET"]}}],"collection":[{"href":"https:\/\/comune.santacroce.pi.it\/oldsite\/wp-json\/wp\/v2\/posts"}],"about":[{"href":"https:\/\/comune.santacroce.pi.it\/oldsite\/wp-json\/wp\/v2\/types\/post"}],"author":[{"embeddable":true,"href":"https:\/\/comune.santacroce.pi.it\/oldsite\/wp-json\/wp\/v2\/users\/18"}],"replies":[{"embeddable":true,"href":"https:\/\/comune.santacroce.pi.it\/oldsite\/wp-json\/wp\/v2\/comments?post=25589"}],"version-history":[{"count":0,"href":"https:\/\/comune.santacroce.pi.it\/oldsite\/wp-json\/wp\/v2\/posts\/25589\/revisions"}],"wp:featuredmedia":[{"embeddable":true,"href":"https:\/\/comune.santacroce.pi.it\/oldsite\/wp-json\/wp\/v2\/media\/25590"}],"wp:attachment":[{"href":"https:\/\/comune.santacroce.pi.it\/oldsite\/wp-json\/wp\/v2\/media?parent=25589"}],"wp:term":[{"taxonomy":"category","embeddable":true,"href":"https:\/\/comune.santacroce.pi.it\/oldsite\/wp-json\/wp\/v2\/categories?post=25589"},{"taxonomy":"post_tag","embeddable":true,"href":"https:\/\/comune.santacroce.pi.it\/oldsite\/wp-json\/wp\/v2\/tags?post=25589"}],"curies":[{"name":"wp","href":"https:\/\/api.w.org\/{rel}","templated":true}]}}