{"id":25475,"date":"2024-10-29T17:34:09","date_gmt":"2024-10-29T16:34:09","guid":{"rendered":"https:\/\/comune.santacroce.pi.it\/oldsite\/?p=25475"},"modified":"2024-11-05T17:40:21","modified_gmt":"2024-11-05T16:40:21","slug":"i-calabroni-a-scuola-scatta-la-bonifica-dei-vigili-del-fuoco-allasilo-poggio-fiorito","status":"publish","type":"post","link":"https:\/\/comune.santacroce.pi.it\/oldsite\/i-calabroni-a-scuola-scatta-la-bonifica-dei-vigili-del-fuoco-allasilo-poggio-fiorito\/","title":{"rendered":"I calabroni a scuola, scatta la bonifica dei vigili del fuoco all&#8217;asilo Poggio Fiorito"},"content":{"rendered":"<p><img loading=\"lazy\" decoding=\"async\" class=\"size-medium wp-image-25476 alignleft\" src=\"https:\/\/comune.santacroce.pi.it\/oldsite\/wp-content\/uploads\/2024\/11\/vvf-calabroni-poggio-fiorito-300x300.jpeg\" alt=\"\" width=\"300\" height=\"300\" srcset=\"https:\/\/comune.santacroce.pi.it\/oldsite\/wp-content\/uploads\/2024\/11\/vvf-calabroni-poggio-fiorito-300x300.jpeg 300w, https:\/\/comune.santacroce.pi.it\/oldsite\/wp-content\/uploads\/2024\/11\/vvf-calabroni-poggio-fiorito-150x150.jpeg 150w, https:\/\/comune.santacroce.pi.it\/oldsite\/wp-content\/uploads\/2024\/11\/vvf-calabroni-poggio-fiorito.jpeg 720w\" sizes=\"auto, (max-width: 300px) 100vw, 300px\" \/>Un nido di calabroni di notevoli dimensioni si era impossessato del sottotetto dell&#8217;asilo <strong>Poggio Fiorito<\/strong> a Santa Croce sull&#8217;Arno e alla fine \u00e8 servito l&#8217;intervento dei vigili del fuoco del distaccamento di Castelfranco di Sotto, per rimuovere, come si dice in gergo, bonificare, la scuola. A segnalare il problema all&#8217;amministrazione comunale erano state le insegnanti la mattina di luned\u00ec dopo che avevano visto un paio di insetti fare capolino nella scuola. Dopo un primo sopralluogo dell&#8217;ufficio ambiente del comune si \u00e8 capito che il problema probabilmente era nel sottotetto ed era necessario l&#8217;intervento di personale attrezzato e specializzato, questo per\u00f2 avrebbe comportato probabilmente la sospensione dell&#8217;attivit\u00e0 didattica. Il comune quindi, si \u00e8 rivolto ai vigili del fuoco anche su indicazione del sindaco Giannoni, per capire se era possibile risolvere il problema in modo meno impattante sulla vita scolastica. I <strong>vigili del fuoco di Castelfranco di Sotto<\/strong> si sono subito resi disponibili, capendo che il problema era di rilevanza pubblica dal momento che coinvolgeva una scuola. Nel pomeriggio di ieri infatti una squadra del distaccamento di Castelfranco di Sotto ha fatto un sopralluogo e dopo aver individuato la possibile posizione del nido di insetti, due vigili del fuoco equipaggiati in modo opportuno, con il supporto dei colleghi a terra sono entrati nel sottotetto e hanno irrorato il nido con il disinfettate, poi hanno distrutto il favo per evitare che nella prossima primavera potesse essere nuovamente colonizzato da altri insetti. L&#8217;operazione ha richiesto un po&#8217; di tempo e un po&#8217; di cautela, vista la posizione malagevole del nido, ma alla fine la scuola \u00e8 stata bonificata senza dover ricorrere a chiusure o soluzioni pi\u00f9 drastiche, anche perch\u00e9 i vigili del fuoco hanno utilizzato un insetticida che dopo poco che viene irrorato si inertizza, ovvero non causa problemi per la presenza umana.<br \/>\n\u201cNon posso che ringraziare i vigili del fuoco e in particolare il distaccamento di Castelfranco di Sotto \u2013 spiega il sindaco Roberto Giannoni &#8211; che dipende dal <strong>comando provinciale di Pisa<\/strong>. Quando abbiamo chiamato non eravamo certi che potessero intervenire e invece si sono subito messi a disposizione trattandosi di un edifico pubblico e hanno condotto un intervento con estrema professionalit\u00e0. Ero l\u00ec con loro e devo dire che non \u00e8 stato facile raggiungere il nido degli insetti. Grazie ancora ai vigili del fuoco anche perch\u00e9 grazie al loro intervento si \u00e8 evitato di arrecare disagi alla vita scolastica\u201d.<\/p>\n","protected":false},"excerpt":{"rendered":"<p>Un nido di calabroni di notevoli dimensioni si era impossessato del sottotetto dell&#8217;asilo Poggio Fiorito a Santa Croce sull&#8217;Arno e alla fine \u00e8 servito l&#8217;intervento dei vigili del fuoco del [&hellip;]<\/p>\n","protected":false},"author":46,"featured_media":25476,"comment_status":"closed","ping_status":"closed","sticky":false,"template":"","format":"standard","meta":{"footnotes":""},"categories":[1,162],"tags":[554,612,611,525,545,613],"class_list":["post-25475","post","type-post","status-publish","format-standard","has-post-thumbnail","hentry","category-notizie-e-informazioni","category-scuola","tag-bonifica","tag-calabroni","tag-poggio-fiorito","tag-roberto-giannoni","tag-ufficio-ambiente","tag-vigili-del-fuoco"],"yoast_head":"<!-- This site is optimized with the Yoast SEO plugin v24.7 - https:\/\/yoast.com\/wordpress\/plugins\/seo\/ -->\n<title>I calabroni a scuola, scatta la bonifica dei vigili del fuoco all&#039;asilo Poggio Fiorito - Comune di Santa Croce sull&#039;Arno<\/title>\n<meta name=\"description\" content=\"Un nido di calabroni di notevoli dimensioni si era impossessato del sottotetto dell&#039;asilo Poggio Fiorito a Santa Croce sull&#039;Arno e alla fine \u00e8 servito l&#039;intervento dei vigili del fuoco del distaccamento di Castelfranco di Sotto, per rimuovere, come si dice in gergo, bonificare, la scuola\" \/>\n<meta name=\"robots\" content=\"index, follow, max-snippet:-1, max-image-preview:large, max-video-preview:-1\" \/>\n<link rel=\"canonical\" href=\"https:\/\/comune.santacroce.pi.it\/oldsite\/i-calabroni-a-scuola-scatta-la-bonifica-dei-vigili-del-fuoco-allasilo-poggio-fiorito\/\" \/>\n<meta property=\"og:locale\" content=\"it_IT\" \/>\n<meta property=\"og:type\" content=\"article\" \/>\n<meta property=\"og:title\" content=\"I calabroni a scuola, scatta la bonifica dei vigili del fuoco all&#039;asilo Poggio Fiorito - Comune di Santa Croce sull&#039;Arno\" \/>\n<meta property=\"og:description\" content=\"Un nido di calabroni di notevoli dimensioni si era impossessato del sottotetto dell&#039;asilo Poggio Fiorito a Santa Croce sull&#039;Arno e alla fine \u00e8 servito l&#039;intervento dei vigili del fuoco del distaccamento di Castelfranco di Sotto, per rimuovere, come si dice in gergo, bonificare, la scuola\" \/>\n<meta property=\"og:url\" content=\"https:\/\/comune.santacroce.pi.it\/oldsite\/i-calabroni-a-scuola-scatta-la-bonifica-dei-vigili-del-fuoco-allasilo-poggio-fiorito\/\" \/>\n<meta property=\"og:site_name\" content=\"Comune di Santa Croce sull&#039;Arno\" \/>\n<meta property=\"article:published_time\" content=\"2024-10-29T16:34:09+00:00\" \/>\n<meta property=\"article:modified_time\" content=\"2024-11-05T16:40:21+00:00\" \/>\n<meta property=\"og:image\" content=\"https:\/\/comune.santacroce.pi.it\/oldsite\/wp-content\/uploads\/2024\/11\/vvf-calabroni-poggio-fiorito.jpeg\" \/>\n\t<meta property=\"og:image:width\" content=\"720\" \/>\n\t<meta property=\"og:image:height\" content=\"720\" \/>\n\t<meta property=\"og:image:type\" content=\"image\/jpeg\" \/>\n<meta name=\"author\" content=\"Gabriele Mori\" \/>\n<meta name=\"twitter:card\" content=\"summary_large_image\" \/>\n<meta name=\"twitter:label1\" content=\"Scritto da\" \/>\n\t<meta name=\"twitter:data1\" content=\"Gabriele Mori\" \/>\n\t<meta name=\"twitter:label2\" content=\"Tempo di lettura stimato\" \/>\n\t<meta name=\"twitter:data2\" content=\"3 minuti\" \/>\n<script type=\"application\/ld+json\" class=\"yoast-schema-graph\">{\"@context\":\"https:\/\/schema.org\",\"@graph\":[{\"@type\":\"Article\",\"@id\":\"https:\/\/comune.santacroce.pi.it\/oldsite\/i-calabroni-a-scuola-scatta-la-bonifica-dei-vigili-del-fuoco-allasilo-poggio-fiorito\/#article\",\"isPartOf\":{\"@id\":\"https:\/\/comune.santacroce.pi.it\/oldsite\/i-calabroni-a-scuola-scatta-la-bonifica-dei-vigili-del-fuoco-allasilo-poggio-fiorito\/\"},\"author\":{\"name\":\"Gabriele Mori\",\"@id\":\"https:\/\/comune.santacroce.pi.it\/oldsite\/#\/schema\/person\/0d96f3193d14ec1176b2e8b1d7568f9b\"},\"headline\":\"I calabroni a scuola, scatta la bonifica dei vigili del fuoco all&#8217;asilo Poggio Fiorito\",\"datePublished\":\"2024-10-29T16:34:09+00:00\",\"dateModified\":\"2024-11-05T16:40:21+00:00\",\"mainEntityOfPage\":{\"@id\":\"https:\/\/comune.santacroce.pi.it\/oldsite\/i-calabroni-a-scuola-scatta-la-bonifica-dei-vigili-del-fuoco-allasilo-poggio-fiorito\/\"},\"wordCount\":414,\"publisher\":{\"@id\":\"https:\/\/comune.santacroce.pi.it\/oldsite\/#organization\"},\"image\":{\"@id\":\"https:\/\/comune.santacroce.pi.it\/oldsite\/i-calabroni-a-scuola-scatta-la-bonifica-dei-vigili-del-fuoco-allasilo-poggio-fiorito\/#primaryimage\"},\"thumbnailUrl\":\"https:\/\/comune.santacroce.pi.it\/oldsite\/wp-content\/uploads\/2024\/11\/vvf-calabroni-poggio-fiorito.jpeg\",\"keywords\":[\"bonifica\",\"calabroni\",\"Poggio Fiorito\",\"roberto giannoni\",\"ufficio ambiente\",\"vigili del fuoco\"],\"articleSection\":[\"Notizie e informazioni\",\"Scuola\"],\"inLanguage\":\"it-IT\"},{\"@type\":\"WebPage\",\"@id\":\"https:\/\/comune.santacroce.pi.it\/oldsite\/i-calabroni-a-scuola-scatta-la-bonifica-dei-vigili-del-fuoco-allasilo-poggio-fiorito\/\",\"url\":\"https:\/\/comune.santacroce.pi.it\/oldsite\/i-calabroni-a-scuola-scatta-la-bonifica-dei-vigili-del-fuoco-allasilo-poggio-fiorito\/\",\"name\":\"I calabroni a scuola, scatta la bonifica dei vigili del fuoco all'asilo Poggio Fiorito - Comune di Santa Croce sull&#039;Arno\",\"isPartOf\":{\"@id\":\"https:\/\/comune.santacroce.pi.it\/oldsite\/#website\"},\"primaryImageOfPage\":{\"@id\":\"https:\/\/comune.santacroce.pi.it\/oldsite\/i-calabroni-a-scuola-scatta-la-bonifica-dei-vigili-del-fuoco-allasilo-poggio-fiorito\/#primaryimage\"},\"image\":{\"@id\":\"https:\/\/comune.santacroce.pi.it\/oldsite\/i-calabroni-a-scuola-scatta-la-bonifica-dei-vigili-del-fuoco-allasilo-poggio-fiorito\/#primaryimage\"},\"thumbnailUrl\":\"https:\/\/comune.santacroce.pi.it\/oldsite\/wp-content\/uploads\/2024\/11\/vvf-calabroni-poggio-fiorito.jpeg\",\"datePublished\":\"2024-10-29T16:34:09+00:00\",\"dateModified\":\"2024-11-05T16:40:21+00:00\",\"description\":\"Un nido di calabroni di notevoli dimensioni si era impossessato del sottotetto dell'asilo Poggio Fiorito a Santa Croce sull'Arno e alla fine \u00e8 servito l'intervento dei vigili del fuoco del distaccamento di Castelfranco di Sotto, per rimuovere, come si dice in gergo, bonificare, la scuola\",\"breadcrumb\":{\"@id\":\"https:\/\/comune.santacroce.pi.it\/oldsite\/i-calabroni-a-scuola-scatta-la-bonifica-dei-vigili-del-fuoco-allasilo-poggio-fiorito\/#breadcrumb\"},\"inLanguage\":\"it-IT\",\"potentialAction\":[{\"@type\":\"ReadAction\",\"target\":[\"https:\/\/comune.santacroce.pi.it\/oldsite\/i-calabroni-a-scuola-scatta-la-bonifica-dei-vigili-del-fuoco-allasilo-poggio-fiorito\/\"]}]},{\"@type\":\"ImageObject\",\"inLanguage\":\"it-IT\",\"@id\":\"https:\/\/comune.santacroce.pi.it\/oldsite\/i-calabroni-a-scuola-scatta-la-bonifica-dei-vigili-del-fuoco-allasilo-poggio-fiorito\/#primaryimage\",\"url\":\"https:\/\/comune.santacroce.pi.it\/oldsite\/wp-content\/uploads\/2024\/11\/vvf-calabroni-poggio-fiorito.jpeg\",\"contentUrl\":\"https:\/\/comune.santacroce.pi.it\/oldsite\/wp-content\/uploads\/2024\/11\/vvf-calabroni-poggio-fiorito.jpeg\",\"width\":720,\"height\":720},{\"@type\":\"BreadcrumbList\",\"@id\":\"https:\/\/comune.santacroce.pi.it\/oldsite\/i-calabroni-a-scuola-scatta-la-bonifica-dei-vigili-del-fuoco-allasilo-poggio-fiorito\/#breadcrumb\",\"itemListElement\":[{\"@type\":\"ListItem\",\"position\":1,\"name\":\"Home\",\"item\":\"https:\/\/comune.santacroce.pi.it\/oldsite\/\"},{\"@type\":\"ListItem\",\"position\":2,\"name\":\"I calabroni a scuola, scatta la bonifica dei vigili del fuoco all&#8217;asilo Poggio Fiorito\"}]},{\"@type\":\"WebSite\",\"@id\":\"https:\/\/comune.santacroce.pi.it\/oldsite\/#website\",\"url\":\"https:\/\/comune.santacroce.pi.it\/oldsite\/\",\"name\":\"Comune di Santa Croce sull&#039;Arno\",\"description\":\"Provincia di Pisa\",\"publisher\":{\"@id\":\"https:\/\/comune.santacroce.pi.it\/oldsite\/#organization\"},\"potentialAction\":[{\"@type\":\"SearchAction\",\"target\":{\"@type\":\"EntryPoint\",\"urlTemplate\":\"https:\/\/comune.santacroce.pi.it\/oldsite\/?s={search_term_string}\"},\"query-input\":{\"@type\":\"PropertyValueSpecification\",\"valueRequired\":true,\"valueName\":\"search_term_string\"}}],\"inLanguage\":\"it-IT\"},{\"@type\":\"Organization\",\"@id\":\"https:\/\/comune.santacroce.pi.it\/oldsite\/#organization\",\"name\":\"Comune di Santa Croce sull'Arno\",\"url\":\"https:\/\/comune.santacroce.pi.it\/oldsite\/\",\"logo\":{\"@type\":\"ImageObject\",\"inLanguage\":\"it-IT\",\"@id\":\"https:\/\/comune.santacroce.pi.it\/oldsite\/#\/schema\/logo\/image\/\",\"url\":\"https:\/\/comune.santacroce.pi.it\/oldsite\/wp-content\/uploads\/2021\/02\/cropped-Stemma-Santa-Croce-dellArno_500-1.png\",\"contentUrl\":\"https:\/\/comune.santacroce.pi.it\/oldsite\/wp-content\/uploads\/2021\/02\/cropped-Stemma-Santa-Croce-dellArno_500-1.png\",\"width\":500,\"height\":500,\"caption\":\"Comune di Santa Croce sull'Arno\"},\"image\":{\"@id\":\"https:\/\/comune.santacroce.pi.it\/oldsite\/#\/schema\/logo\/image\/\"}},{\"@type\":\"Person\",\"@id\":\"https:\/\/comune.santacroce.pi.it\/oldsite\/#\/schema\/person\/0d96f3193d14ec1176b2e8b1d7568f9b\",\"name\":\"Gabriele Mori\",\"image\":{\"@type\":\"ImageObject\",\"inLanguage\":\"it-IT\",\"@id\":\"https:\/\/comune.santacroce.pi.it\/oldsite\/#\/schema\/person\/image\/\",\"url\":\"https:\/\/secure.gravatar.com\/avatar\/4822dca0f755ab87ef748979c3d1a6a1?s=96&d=mm&r=g\",\"contentUrl\":\"https:\/\/secure.gravatar.com\/avatar\/4822dca0f755ab87ef748979c3d1a6a1?s=96&d=mm&r=g\",\"caption\":\"Gabriele Mori\"},\"url\":\"https:\/\/comune.santacroce.pi.it\/oldsite\/author\/gmori\/\"}]}<\/script>\n<!-- \/ Yoast SEO plugin. -->","yoast_head_json":{"title":"I calabroni a scuola, scatta la bonifica dei vigili del fuoco all'asilo Poggio Fiorito - Comune di Santa Croce sull&#039;Arno","description":"Un nido di calabroni di notevoli dimensioni si era impossessato del sottotetto dell'asilo Poggio Fiorito a Santa Croce sull'Arno e alla fine \u00e8 servito l'intervento dei vigili del fuoco del distaccamento di Castelfranco di Sotto, per rimuovere, come si dice in gergo, bonificare, la scuola","robots":{"index":"index","follow":"follow","max-snippet":"max-snippet:-1","max-image-preview":"max-image-preview:large","max-video-preview":"max-video-preview:-1"},"canonical":"https:\/\/comune.santacroce.pi.it\/oldsite\/i-calabroni-a-scuola-scatta-la-bonifica-dei-vigili-del-fuoco-allasilo-poggio-fiorito\/","og_locale":"it_IT","og_type":"article","og_title":"I calabroni a scuola, scatta la bonifica dei vigili del fuoco all'asilo Poggio Fiorito - Comune di Santa Croce sull&#039;Arno","og_description":"Un nido di calabroni di notevoli dimensioni si era impossessato del sottotetto dell'asilo Poggio Fiorito a Santa Croce sull'Arno e alla fine \u00e8 servito l'intervento dei vigili del fuoco del distaccamento di Castelfranco di Sotto, per rimuovere, come si dice in gergo, bonificare, la scuola","og_url":"https:\/\/comune.santacroce.pi.it\/oldsite\/i-calabroni-a-scuola-scatta-la-bonifica-dei-vigili-del-fuoco-allasilo-poggio-fiorito\/","og_site_name":"Comune di Santa Croce sull&#039;Arno","article_published_time":"2024-10-29T16:34:09+00:00","article_modified_time":"2024-11-05T16:40:21+00:00","og_image":[{"width":720,"height":720,"url":"https:\/\/comune.santacroce.pi.it\/oldsite\/wp-content\/uploads\/2024\/11\/vvf-calabroni-poggio-fiorito.jpeg","type":"image\/jpeg"}],"author":"Gabriele Mori","twitter_card":"summary_large_image","twitter_misc":{"Scritto da":"Gabriele Mori","Tempo di lettura stimato":"3 minuti"},"schema":{"@context":"https:\/\/schema.org","@graph":[{"@type":"Article","@id":"https:\/\/comune.santacroce.pi.it\/oldsite\/i-calabroni-a-scuola-scatta-la-bonifica-dei-vigili-del-fuoco-allasilo-poggio-fiorito\/#article","isPartOf":{"@id":"https:\/\/comune.santacroce.pi.it\/oldsite\/i-calabroni-a-scuola-scatta-la-bonifica-dei-vigili-del-fuoco-allasilo-poggio-fiorito\/"},"author":{"name":"Gabriele Mori","@id":"https:\/\/comune.santacroce.pi.it\/oldsite\/#\/schema\/person\/0d96f3193d14ec1176b2e8b1d7568f9b"},"headline":"I calabroni a scuola, scatta la bonifica dei vigili del fuoco all&#8217;asilo Poggio Fiorito","datePublished":"2024-10-29T16:34:09+00:00","dateModified":"2024-11-05T16:40:21+00:00","mainEntityOfPage":{"@id":"https:\/\/comune.santacroce.pi.it\/oldsite\/i-calabroni-a-scuola-scatta-la-bonifica-dei-vigili-del-fuoco-allasilo-poggio-fiorito\/"},"wordCount":414,"publisher":{"@id":"https:\/\/comune.santacroce.pi.it\/oldsite\/#organization"},"image":{"@id":"https:\/\/comune.santacroce.pi.it\/oldsite\/i-calabroni-a-scuola-scatta-la-bonifica-dei-vigili-del-fuoco-allasilo-poggio-fiorito\/#primaryimage"},"thumbnailUrl":"https:\/\/comune.santacroce.pi.it\/oldsite\/wp-content\/uploads\/2024\/11\/vvf-calabroni-poggio-fiorito.jpeg","keywords":["bonifica","calabroni","Poggio Fiorito","roberto giannoni","ufficio ambiente","vigili del fuoco"],"articleSection":["Notizie e informazioni","Scuola"],"inLanguage":"it-IT"},{"@type":"WebPage","@id":"https:\/\/comune.santacroce.pi.it\/oldsite\/i-calabroni-a-scuola-scatta-la-bonifica-dei-vigili-del-fuoco-allasilo-poggio-fiorito\/","url":"https:\/\/comune.santacroce.pi.it\/oldsite\/i-calabroni-a-scuola-scatta-la-bonifica-dei-vigili-del-fuoco-allasilo-poggio-fiorito\/","name":"I calabroni a scuola, scatta la bonifica dei vigili del fuoco all'asilo Poggio Fiorito - Comune di Santa Croce sull&#039;Arno","isPartOf":{"@id":"https:\/\/comune.santacroce.pi.it\/oldsite\/#website"},"primaryImageOfPage":{"@id":"https:\/\/comune.santacroce.pi.it\/oldsite\/i-calabroni-a-scuola-scatta-la-bonifica-dei-vigili-del-fuoco-allasilo-poggio-fiorito\/#primaryimage"},"image":{"@id":"https:\/\/comune.santacroce.pi.it\/oldsite\/i-calabroni-a-scuola-scatta-la-bonifica-dei-vigili-del-fuoco-allasilo-poggio-fiorito\/#primaryimage"},"thumbnailUrl":"https:\/\/comune.santacroce.pi.it\/oldsite\/wp-content\/uploads\/2024\/11\/vvf-calabroni-poggio-fiorito.jpeg","datePublished":"2024-10-29T16:34:09+00:00","dateModified":"2024-11-05T16:40:21+00:00","description":"Un nido di calabroni di notevoli dimensioni si era impossessato del sottotetto dell'asilo Poggio Fiorito a Santa Croce sull'Arno e alla fine \u00e8 servito l'intervento dei vigili del fuoco del distaccamento di Castelfranco di Sotto, per rimuovere, come si dice in gergo, bonificare, la scuola","breadcrumb":{"@id":"https:\/\/comune.santacroce.pi.it\/oldsite\/i-calabroni-a-scuola-scatta-la-bonifica-dei-vigili-del-fuoco-allasilo-poggio-fiorito\/#breadcrumb"},"inLanguage":"it-IT","potentialAction":[{"@type":"ReadAction","target":["https:\/\/comune.santacroce.pi.it\/oldsite\/i-calabroni-a-scuola-scatta-la-bonifica-dei-vigili-del-fuoco-allasilo-poggio-fiorito\/"]}]},{"@type":"ImageObject","inLanguage":"it-IT","@id":"https:\/\/comune.santacroce.pi.it\/oldsite\/i-calabroni-a-scuola-scatta-la-bonifica-dei-vigili-del-fuoco-allasilo-poggio-fiorito\/#primaryimage","url":"https:\/\/comune.santacroce.pi.it\/oldsite\/wp-content\/uploads\/2024\/11\/vvf-calabroni-poggio-fiorito.jpeg","contentUrl":"https:\/\/comune.santacroce.pi.it\/oldsite\/wp-content\/uploads\/2024\/11\/vvf-calabroni-poggio-fiorito.jpeg","width":720,"height":720},{"@type":"BreadcrumbList","@id":"https:\/\/comune.santacroce.pi.it\/oldsite\/i-calabroni-a-scuola-scatta-la-bonifica-dei-vigili-del-fuoco-allasilo-poggio-fiorito\/#breadcrumb","itemListElement":[{"@type":"ListItem","position":1,"name":"Home","item":"https:\/\/comune.santacroce.pi.it\/oldsite\/"},{"@type":"ListItem","position":2,"name":"I calabroni a scuola, scatta la bonifica dei vigili del fuoco all&#8217;asilo Poggio Fiorito"}]},{"@type":"WebSite","@id":"https:\/\/comune.santacroce.pi.it\/oldsite\/#website","url":"https:\/\/comune.santacroce.pi.it\/oldsite\/","name":"Comune di Santa Croce sull&#039;Arno","description":"Provincia di Pisa","publisher":{"@id":"https:\/\/comune.santacroce.pi.it\/oldsite\/#organization"},"potentialAction":[{"@type":"SearchAction","target":{"@type":"EntryPoint","urlTemplate":"https:\/\/comune.santacroce.pi.it\/oldsite\/?s={search_term_string}"},"query-input":{"@type":"PropertyValueSpecification","valueRequired":true,"valueName":"search_term_string"}}],"inLanguage":"it-IT"},{"@type":"Organization","@id":"https:\/\/comune.santacroce.pi.it\/oldsite\/#organization","name":"Comune di Santa Croce sull'Arno","url":"https:\/\/comune.santacroce.pi.it\/oldsite\/","logo":{"@type":"ImageObject","inLanguage":"it-IT","@id":"https:\/\/comune.santacroce.pi.it\/oldsite\/#\/schema\/logo\/image\/","url":"https:\/\/comune.santacroce.pi.it\/oldsite\/wp-content\/uploads\/2021\/02\/cropped-Stemma-Santa-Croce-dellArno_500-1.png","contentUrl":"https:\/\/comune.santacroce.pi.it\/oldsite\/wp-content\/uploads\/2021\/02\/cropped-Stemma-Santa-Croce-dellArno_500-1.png","width":500,"height":500,"caption":"Comune di Santa Croce sull'Arno"},"image":{"@id":"https:\/\/comune.santacroce.pi.it\/oldsite\/#\/schema\/logo\/image\/"}},{"@type":"Person","@id":"https:\/\/comune.santacroce.pi.it\/oldsite\/#\/schema\/person\/0d96f3193d14ec1176b2e8b1d7568f9b","name":"Gabriele Mori","image":{"@type":"ImageObject","inLanguage":"it-IT","@id":"https:\/\/comune.santacroce.pi.it\/oldsite\/#\/schema\/person\/image\/","url":"https:\/\/secure.gravatar.com\/avatar\/4822dca0f755ab87ef748979c3d1a6a1?s=96&d=mm&r=g","contentUrl":"https:\/\/secure.gravatar.com\/avatar\/4822dca0f755ab87ef748979c3d1a6a1?s=96&d=mm&r=g","caption":"Gabriele Mori"},"url":"https:\/\/comune.santacroce.pi.it\/oldsite\/author\/gmori\/"}]}},"jetpack_featured_media_url":"https:\/\/comune.santacroce.pi.it\/oldsite\/wp-content\/uploads\/2024\/11\/vvf-calabroni-poggio-fiorito.jpeg","meta_box":{"comunicacity_sync":"1","cc4_urg_colore":"rosso","cc4_urg_data_inizio":"","cc4_urg_data_fine":"","cc4_cor_positivi_oggi":"","cc4_cor_negativizzati_oggi":"","cc4_cor_deceduti_oggi":"","cc4_cor_positivi_totali":"","cc4_cor_negativizzati_totali":"","cc4_cor_deceduti_totali":"","cc4_cor_attualmente_positivi":"","cc4_eve_data_inizio":"","cc4_eve_data_fine":"","cc4_eve_indirizzo":"","cc4_eve_posizione":{"latitude":"53.346881","longitude":"-6.25886","zoom":"12"},"cc4_eve_telefono":"","cc4_eve_email":"","cc4_eve_web":"","cc4_eve_fb":""},"_links":{"self":[{"href":"https:\/\/comune.santacroce.pi.it\/oldsite\/wp-json\/wp\/v2\/posts\/25475","targetHints":{"allow":["GET"]}}],"collection":[{"href":"https:\/\/comune.santacroce.pi.it\/oldsite\/wp-json\/wp\/v2\/posts"}],"about":[{"href":"https:\/\/comune.santacroce.pi.it\/oldsite\/wp-json\/wp\/v2\/types\/post"}],"author":[{"embeddable":true,"href":"https:\/\/comune.santacroce.pi.it\/oldsite\/wp-json\/wp\/v2\/users\/46"}],"replies":[{"embeddable":true,"href":"https:\/\/comune.santacroce.pi.it\/oldsite\/wp-json\/wp\/v2\/comments?post=25475"}],"version-history":[{"count":0,"href":"https:\/\/comune.santacroce.pi.it\/oldsite\/wp-json\/wp\/v2\/posts\/25475\/revisions"}],"wp:featuredmedia":[{"embeddable":true,"href":"https:\/\/comune.santacroce.pi.it\/oldsite\/wp-json\/wp\/v2\/media\/25476"}],"wp:attachment":[{"href":"https:\/\/comune.santacroce.pi.it\/oldsite\/wp-json\/wp\/v2\/media?parent=25475"}],"wp:term":[{"taxonomy":"category","embeddable":true,"href":"https:\/\/comune.santacroce.pi.it\/oldsite\/wp-json\/wp\/v2\/categories?post=25475"},{"taxonomy":"post_tag","embeddable":true,"href":"https:\/\/comune.santacroce.pi.it\/oldsite\/wp-json\/wp\/v2\/tags?post=25475"}],"curies":[{"name":"wp","href":"https:\/\/api.w.org\/{rel}","templated":true}]}}