{"id":25327,"date":"2024-10-16T08:49:25","date_gmt":"2024-10-16T06:49:25","guid":{"rendered":"https:\/\/comune.santacroce.pi.it\/oldsite\/?p=25327"},"modified":"2024-10-16T08:49:25","modified_gmt":"2024-10-16T06:49:25","slug":"bando-contributo-affitti-2024","status":"publish","type":"post","link":"https:\/\/comune.santacroce.pi.it\/oldsite\/bando-contributo-affitti-2024\/","title":{"rendered":"Bando Contributo affitti 2024"},"content":{"rendered":"<p align=\"justify\"><span style=\"color: #1c2024\"><span style=\"font-family: Titillium Web, Helvetica, Arial, sans-serif\"><span style=\"font-size: large\">A partire da <b>mercol<\/b><b>ed\u00ec<\/b><b> <\/b><b>16<\/b><b> <\/b><b>Otto<\/b><b>bre <\/b>fino a <b>ven<\/b><b>e<\/b><b>r<\/b><b>d\u00ec <\/b><b>15<\/b><b> <\/b><b>Nov<\/b><b>embre <\/b>\u00e8 possibile presentare la domanda per l\u2019assegnazione del contributo affitto tramite procedura online.<\/span><\/span><\/span><\/p>\n<h4 class=\"western\" align=\"justify\"><span style=\"color: #1c2024\"><span style=\"font-family: Titillium Web, Helvetica, Arial, sans-serif\"><span style=\"font-size: large\"><b>Chi pu\u00f2 presentare la domanda<\/b><\/span><\/span><\/span><\/h4>\n<p align=\"justify\"><span style=\"color: #1c2024\"><span style=\"font-family: Titillium Web, Helvetica, Arial, sans-serif\"><span style=\"font-size: large\">I principali requisiti per presentare la domanda sono i seguenti:<\/span><\/span><\/span><\/p>\n<ul>\n<li>\n<p align=\"justify\"><span style=\"color: #1c2024\"><span style=\"font-family: Titillium Web, Helvetica, Arial, sans-serif\"><span style=\"font-size: large\">residenza nel Comune di Santa Croce sull\u2019Arno nell\u2019alloggio oggetto della richiesta,<\/span><\/span><\/span><\/p>\n<\/li>\n<li>\n<p align=\"justify\"><span style=\"color: #1c2024\"><span style=\"font-family: Titillium Web, Helvetica, Arial, sans-serif\"><span style=\"font-size: large\">essere intestatari di contratto di locazione regolarmente registrato;<\/span><\/span><\/span><\/p>\n<\/li>\n<li>\n<p align=\"justify\"><span style=\"color: #1c2024\"><span style=\"font-family: Titillium Web, Helvetica, Arial, sans-serif\"><span style=\"font-size: large\">essere in possesso di attestazione ISEE 2024 con valori: ISE non superiore a Euro 32.192,74 e ISEE non superiore a Euro 16.500,00. L\u2019attestazione ISEE deve essere in corso di validit\u00e0 ed aggiornata rispetto alla situazione anagrafica della famiglia richiedente alla data di pubblicazione del bando, pena l\u2019esclusione dalla graduatoria.<\/span><\/span><\/span><\/p>\n<p align=\"justify\">\n<\/li>\n<\/ul>\n<p align=\"justify\"><span style=\"color: #1c2024\"><span style=\"font-family: Titillium Web, Helvetica, Arial, sans-serif\"><span style=\"font-size: large\"><b>Come presentare la domanda<\/b><\/span><\/span><\/span><\/p>\n<p align=\"justify\"><span style=\"color: #1c2024\"><span style=\"font-family: Titillium Web, Helvetica, Arial, sans-serif\"><span style=\"font-size: large\">Per accedere alla procedura <b>\u00e8 necessario possedere l\u2019identit\u00e0 digitale SPID\/CIE\/CNS<\/b>.<\/span><\/span><\/span><\/p>\n<p align=\"justify\"><span style=\"color: #1c2024\"><span style=\"font-family: Titillium Web, Helvetica, Arial, sans-serif\"><span style=\"font-size: large\">Una volta effettuato l\u2019accesso sar\u00e0 possibile compilare la domanda online ed allegare la documentazione necessaria.<\/span><\/span><\/span><\/p>\n<p align=\"justify\"><span style=\"color: #1c2024\"><span style=\"font-family: Titillium Web, Helvetica, Arial, sans-serif\"><span style=\"font-size: large\">Prima di iniziare l\u2019inserimento dei dati, si consiglia di leggere attentamente il<\/span><\/span><\/span> <strong><span style=\"color: #1c2024\"><span style=\"font-family: Titillium Web, Helvetica, Arial, sans-serif\"><span style=\"font-size: large\"><b>Bando <\/b><\/span><\/span><\/span><\/strong><span style=\"color: #1c2024\"><span style=\"font-family: Titillium Web, Helvetica, Arial, sans-serif\"><span style=\"font-size: large\">(Allegato A) e le<\/span><\/span><\/span> <strong><span style=\"color: #1c2024\"><span style=\"font-family: Titillium Web, Helvetica, Arial, sans-serif\"><span style=\"font-size: large\"><b>Istruzioni<\/b><\/span><\/span><\/span><\/strong> <span style=\"color: #1c2024\"><span style=\"font-family: Titillium Web, Helvetica, Arial, sans-serif\"><span style=\"font-size: large\"><b>per la compilazione<\/b><\/span><\/span><\/span><span style=\"color: #1c2024\"><span style=\"font-family: Titillium Web, Helvetica, Arial, sans-serif\"><span style=\"font-size: large\">, scaricabili a fondo pagina.<\/span><\/span><\/span><\/p>\n<p align=\"justify\"><span style=\"color: #1c2024\"><span style=\"font-family: Titillium Web, Helvetica, Arial, sans-serif\"><span style=\"font-size: large\">L\u2019invio della domanda, corredata dagli allegati richiesti, dovr\u00e0 avvenire <b>entro e non oltre le ore 23:59 del <\/b><b>15<\/b><b> <\/b><b>Nov<\/b><b>embre 202<\/b><b>4<\/b><b>.<\/b><\/span><\/span><\/span><\/p>\n<p align=\"justify\">\n<p align=\"justify\"><strong><span style=\"color: #1c2024\"><span style=\"font-family: Titillium Web, Helvetica, Arial, sans-serif\"><span style=\"font-size: large\"><b>Si accede direttamente alla procedura di presentazione della domanda cliccando sul seguente link:<\/b><\/span><\/span><\/span><\/strong><\/p>\n<p align=\"justify\"><span style=\"color: #1c2024\"><span style=\"font-family: Titillium Web, Helvetica, Arial, sans-serif\"><span style=\"font-size: large\"><strong><a href=\"https:\/\/cloud.urbi.it\/urbi\/progs\/urp\/ur1PR003.sto?DB_NAME=n1233358&amp;w3cbt=S&amp;DB_NAME=n1233358&amp;AmbitoBloccato=0&amp;MacroTipoBloccato=23&amp;TipoBloccato=335%7C9\" target=\"_blank\" rel=\"noopener\"><span style=\"color: #1155cc\"><span style=\"font-family: Helvetica\"><span style=\"font-size: small\">https:\/\/cloud.urbi.it\/urbi\/progs\/urp\/ur1PR003.sto?DB_NAME=n1233358&amp;w3cbt=S&amp;DB_NAME=n1233358&amp;AmbitoBloccato=0&amp;MacroTipoBloccato=23&amp;TipoBloccato=335|9<\/span><\/span><\/span><\/a><\/strong><b> <\/b><\/span><\/span><\/span><\/p>\n<p align=\"justify\">\n<p align=\"justify\"><span style=\"color: #1c2024\"><span style=\"font-family: Titillium Web, Helvetica, Arial, sans-serif\"><span style=\"font-size: large\">Per informazioni \u00e8 possibile rivolgersi all\u2019Ufficio Casa del Comune telefonando al numero <b>0571.389981 <\/b>nei seguenti giorni e orari:<\/span><\/span><\/span><\/p>\n<p align=\"justify\"><span style=\"color: #1c2024\"><span style=\"font-family: Titillium Web, Helvetica, Arial, sans-serif\"><span style=\"font-size: large\"><b>dal luned\u00ec al venerd\u00ec ore 9.00 \u2013 13.00<\/b><\/span><\/span><\/span><\/p>\n<p align=\"justify\"><span style=\"color: #1c2024\"><span style=\"font-family: Titillium Web, Helvetica, Arial, sans-serif\"><span style=\"font-size: large\"><b>marted\u00ec e gioved\u00ec anche ore 15.00 \u2013 17.00<\/b><\/span><\/span><\/span><\/p>\n<p align=\"justify\"><span style=\"color: #1c2024\"><span style=\"font-family: Titillium Web, Helvetica, Arial, sans-serif\"><span style=\"font-size: large\">L\u2019assistenza alla compilazione sar\u00e0 effettuata telefonicamente e previo appuntamento.<\/span><\/span><\/span><\/p>\n<p align=\"justify\">\n<p align=\"justify\">\n","protected":false},"excerpt":{"rendered":"<p>A partire da mercoled\u00ec 16 Ottobre fino a venerd\u00ec 15 Novembre \u00e8 possibile presentare la domanda per l\u2019assegnazione del contributo affitto tramite procedura online. Chi pu\u00f2 presentare la domanda I [&hellip;]<\/p>\n","protected":false},"author":30,"featured_media":12413,"comment_status":"closed","ping_status":"closed","sticky":false,"template":"","format":"standard","meta":{"footnotes":""},"categories":[163],"tags":[],"class_list":["post-25327","post","type-post","status-publish","format-standard","has-post-thumbnail","hentry","category-servizi-sociali-e-casa"],"yoast_head":"<!-- This site is optimized with the Yoast SEO plugin v24.7 - https:\/\/yoast.com\/wordpress\/plugins\/seo\/ -->\n<title>Bando Contributo affitti 2024 - Comune di Santa Croce sull&#039;Arno<\/title>\n<meta name=\"robots\" content=\"index, follow, max-snippet:-1, max-image-preview:large, max-video-preview:-1\" \/>\n<link rel=\"canonical\" href=\"https:\/\/comune.santacroce.pi.it\/oldsite\/bando-contributo-affitti-2024\/\" \/>\n<meta property=\"og:locale\" content=\"it_IT\" \/>\n<meta property=\"og:type\" content=\"article\" \/>\n<meta property=\"og:title\" content=\"Bando Contributo affitti 2024 - Comune di Santa Croce sull&#039;Arno\" \/>\n<meta property=\"og:description\" content=\"A partire da mercoled\u00ec 16 Ottobre fino a venerd\u00ec 15 Novembre \u00e8 possibile presentare la domanda per l\u2019assegnazione del contributo affitto tramite procedura online. Chi pu\u00f2 presentare la domanda I [&hellip;]\" \/>\n<meta property=\"og:url\" content=\"https:\/\/comune.santacroce.pi.it\/oldsite\/bando-contributo-affitti-2024\/\" \/>\n<meta property=\"og:site_name\" content=\"Comune di Santa Croce sull&#039;Arno\" \/>\n<meta property=\"article:published_time\" content=\"2024-10-16T06:49:25+00:00\" \/>\n<meta property=\"og:image\" content=\"https:\/\/comune.santacroce.pi.it\/oldsite\/wp-content\/uploads\/2017\/11\/Servizi-Sociali-e-Casa.png\" \/>\n\t<meta property=\"og:image:width\" content=\"800\" \/>\n\t<meta property=\"og:image:height\" content=\"600\" \/>\n\t<meta property=\"og:image:type\" content=\"image\/png\" \/>\n<meta name=\"author\" content=\"Sofia Capuano\" \/>\n<meta name=\"twitter:card\" content=\"summary_large_image\" \/>\n<meta name=\"twitter:label1\" content=\"Scritto da\" \/>\n\t<meta name=\"twitter:data1\" content=\"Sofia Capuano\" \/>\n\t<meta name=\"twitter:label2\" content=\"Tempo di lettura stimato\" \/>\n\t<meta name=\"twitter:data2\" content=\"2 minuti\" \/>\n<script type=\"application\/ld+json\" class=\"yoast-schema-graph\">{\"@context\":\"https:\/\/schema.org\",\"@graph\":[{\"@type\":\"Article\",\"@id\":\"https:\/\/comune.santacroce.pi.it\/oldsite\/bando-contributo-affitti-2024\/#article\",\"isPartOf\":{\"@id\":\"https:\/\/comune.santacroce.pi.it\/oldsite\/bando-contributo-affitti-2024\/\"},\"author\":{\"name\":\"Sofia Capuano\",\"@id\":\"https:\/\/comune.santacroce.pi.it\/oldsite\/#\/schema\/person\/98b3798d3b6b66e89c4ad040e52696dd\"},\"headline\":\"Bando Contributo affitti 2024\",\"datePublished\":\"2024-10-16T06:49:25+00:00\",\"mainEntityOfPage\":{\"@id\":\"https:\/\/comune.santacroce.pi.it\/oldsite\/bando-contributo-affitti-2024\/\"},\"wordCount\":269,\"publisher\":{\"@id\":\"https:\/\/comune.santacroce.pi.it\/oldsite\/#organization\"},\"image\":{\"@id\":\"https:\/\/comune.santacroce.pi.it\/oldsite\/bando-contributo-affitti-2024\/#primaryimage\"},\"thumbnailUrl\":\"https:\/\/comune.santacroce.pi.it\/oldsite\/wp-content\/uploads\/2017\/11\/Servizi-Sociali-e-Casa.png\",\"articleSection\":[\"Servizi sociali e casa\"],\"inLanguage\":\"it-IT\"},{\"@type\":\"WebPage\",\"@id\":\"https:\/\/comune.santacroce.pi.it\/oldsite\/bando-contributo-affitti-2024\/\",\"url\":\"https:\/\/comune.santacroce.pi.it\/oldsite\/bando-contributo-affitti-2024\/\",\"name\":\"Bando Contributo affitti 2024 - Comune di Santa Croce sull&#039;Arno\",\"isPartOf\":{\"@id\":\"https:\/\/comune.santacroce.pi.it\/oldsite\/#website\"},\"primaryImageOfPage\":{\"@id\":\"https:\/\/comune.santacroce.pi.it\/oldsite\/bando-contributo-affitti-2024\/#primaryimage\"},\"image\":{\"@id\":\"https:\/\/comune.santacroce.pi.it\/oldsite\/bando-contributo-affitti-2024\/#primaryimage\"},\"thumbnailUrl\":\"https:\/\/comune.santacroce.pi.it\/oldsite\/wp-content\/uploads\/2017\/11\/Servizi-Sociali-e-Casa.png\",\"datePublished\":\"2024-10-16T06:49:25+00:00\",\"breadcrumb\":{\"@id\":\"https:\/\/comune.santacroce.pi.it\/oldsite\/bando-contributo-affitti-2024\/#breadcrumb\"},\"inLanguage\":\"it-IT\",\"potentialAction\":[{\"@type\":\"ReadAction\",\"target\":[\"https:\/\/comune.santacroce.pi.it\/oldsite\/bando-contributo-affitti-2024\/\"]}]},{\"@type\":\"ImageObject\",\"inLanguage\":\"it-IT\",\"@id\":\"https:\/\/comune.santacroce.pi.it\/oldsite\/bando-contributo-affitti-2024\/#primaryimage\",\"url\":\"https:\/\/comune.santacroce.pi.it\/oldsite\/wp-content\/uploads\/2017\/11\/Servizi-Sociali-e-Casa.png\",\"contentUrl\":\"https:\/\/comune.santacroce.pi.it\/oldsite\/wp-content\/uploads\/2017\/11\/Servizi-Sociali-e-Casa.png\",\"width\":800,\"height\":600},{\"@type\":\"BreadcrumbList\",\"@id\":\"https:\/\/comune.santacroce.pi.it\/oldsite\/bando-contributo-affitti-2024\/#breadcrumb\",\"itemListElement\":[{\"@type\":\"ListItem\",\"position\":1,\"name\":\"Home\",\"item\":\"https:\/\/comune.santacroce.pi.it\/oldsite\/\"},{\"@type\":\"ListItem\",\"position\":2,\"name\":\"Bando Contributo affitti 2024\"}]},{\"@type\":\"WebSite\",\"@id\":\"https:\/\/comune.santacroce.pi.it\/oldsite\/#website\",\"url\":\"https:\/\/comune.santacroce.pi.it\/oldsite\/\",\"name\":\"Comune di Santa Croce sull&#039;Arno\",\"description\":\"Provincia di Pisa\",\"publisher\":{\"@id\":\"https:\/\/comune.santacroce.pi.it\/oldsite\/#organization\"},\"potentialAction\":[{\"@type\":\"SearchAction\",\"target\":{\"@type\":\"EntryPoint\",\"urlTemplate\":\"https:\/\/comune.santacroce.pi.it\/oldsite\/?s={search_term_string}\"},\"query-input\":{\"@type\":\"PropertyValueSpecification\",\"valueRequired\":true,\"valueName\":\"search_term_string\"}}],\"inLanguage\":\"it-IT\"},{\"@type\":\"Organization\",\"@id\":\"https:\/\/comune.santacroce.pi.it\/oldsite\/#organization\",\"name\":\"Comune di Santa Croce sull'Arno\",\"url\":\"https:\/\/comune.santacroce.pi.it\/oldsite\/\",\"logo\":{\"@type\":\"ImageObject\",\"inLanguage\":\"it-IT\",\"@id\":\"https:\/\/comune.santacroce.pi.it\/oldsite\/#\/schema\/logo\/image\/\",\"url\":\"https:\/\/comune.santacroce.pi.it\/oldsite\/wp-content\/uploads\/2021\/02\/cropped-Stemma-Santa-Croce-dellArno_500-1.png\",\"contentUrl\":\"https:\/\/comune.santacroce.pi.it\/oldsite\/wp-content\/uploads\/2021\/02\/cropped-Stemma-Santa-Croce-dellArno_500-1.png\",\"width\":500,\"height\":500,\"caption\":\"Comune di Santa Croce sull'Arno\"},\"image\":{\"@id\":\"https:\/\/comune.santacroce.pi.it\/oldsite\/#\/schema\/logo\/image\/\"}},{\"@type\":\"Person\",\"@id\":\"https:\/\/comune.santacroce.pi.it\/oldsite\/#\/schema\/person\/98b3798d3b6b66e89c4ad040e52696dd\",\"name\":\"Sofia Capuano\",\"image\":{\"@type\":\"ImageObject\",\"inLanguage\":\"it-IT\",\"@id\":\"https:\/\/comune.santacroce.pi.it\/oldsite\/#\/schema\/person\/image\/\",\"url\":\"https:\/\/secure.gravatar.com\/avatar\/0d81ff89297506cc506d27dc34b8ca89?s=96&d=mm&r=g\",\"contentUrl\":\"https:\/\/secure.gravatar.com\/avatar\/0d81ff89297506cc506d27dc34b8ca89?s=96&d=mm&r=g\",\"caption\":\"Sofia Capuano\"},\"url\":\"https:\/\/comune.santacroce.pi.it\/oldsite\/author\/scapuano\/\"}]}<\/script>\n<!-- \/ Yoast SEO plugin. -->","yoast_head_json":{"title":"Bando Contributo affitti 2024 - Comune di Santa Croce sull&#039;Arno","robots":{"index":"index","follow":"follow","max-snippet":"max-snippet:-1","max-image-preview":"max-image-preview:large","max-video-preview":"max-video-preview:-1"},"canonical":"https:\/\/comune.santacroce.pi.it\/oldsite\/bando-contributo-affitti-2024\/","og_locale":"it_IT","og_type":"article","og_title":"Bando Contributo affitti 2024 - Comune di Santa Croce sull&#039;Arno","og_description":"A partire da mercoled\u00ec 16 Ottobre fino a venerd\u00ec 15 Novembre \u00e8 possibile presentare la domanda per l\u2019assegnazione del contributo affitto tramite procedura online. Chi pu\u00f2 presentare la domanda I [&hellip;]","og_url":"https:\/\/comune.santacroce.pi.it\/oldsite\/bando-contributo-affitti-2024\/","og_site_name":"Comune di Santa Croce sull&#039;Arno","article_published_time":"2024-10-16T06:49:25+00:00","og_image":[{"width":800,"height":600,"url":"https:\/\/comune.santacroce.pi.it\/oldsite\/wp-content\/uploads\/2017\/11\/Servizi-Sociali-e-Casa.png","type":"image\/png"}],"author":"Sofia Capuano","twitter_card":"summary_large_image","twitter_misc":{"Scritto da":"Sofia Capuano","Tempo di lettura stimato":"2 minuti"},"schema":{"@context":"https:\/\/schema.org","@graph":[{"@type":"Article","@id":"https:\/\/comune.santacroce.pi.it\/oldsite\/bando-contributo-affitti-2024\/#article","isPartOf":{"@id":"https:\/\/comune.santacroce.pi.it\/oldsite\/bando-contributo-affitti-2024\/"},"author":{"name":"Sofia Capuano","@id":"https:\/\/comune.santacroce.pi.it\/oldsite\/#\/schema\/person\/98b3798d3b6b66e89c4ad040e52696dd"},"headline":"Bando Contributo affitti 2024","datePublished":"2024-10-16T06:49:25+00:00","mainEntityOfPage":{"@id":"https:\/\/comune.santacroce.pi.it\/oldsite\/bando-contributo-affitti-2024\/"},"wordCount":269,"publisher":{"@id":"https:\/\/comune.santacroce.pi.it\/oldsite\/#organization"},"image":{"@id":"https:\/\/comune.santacroce.pi.it\/oldsite\/bando-contributo-affitti-2024\/#primaryimage"},"thumbnailUrl":"https:\/\/comune.santacroce.pi.it\/oldsite\/wp-content\/uploads\/2017\/11\/Servizi-Sociali-e-Casa.png","articleSection":["Servizi sociali e casa"],"inLanguage":"it-IT"},{"@type":"WebPage","@id":"https:\/\/comune.santacroce.pi.it\/oldsite\/bando-contributo-affitti-2024\/","url":"https:\/\/comune.santacroce.pi.it\/oldsite\/bando-contributo-affitti-2024\/","name":"Bando Contributo affitti 2024 - Comune di Santa Croce sull&#039;Arno","isPartOf":{"@id":"https:\/\/comune.santacroce.pi.it\/oldsite\/#website"},"primaryImageOfPage":{"@id":"https:\/\/comune.santacroce.pi.it\/oldsite\/bando-contributo-affitti-2024\/#primaryimage"},"image":{"@id":"https:\/\/comune.santacroce.pi.it\/oldsite\/bando-contributo-affitti-2024\/#primaryimage"},"thumbnailUrl":"https:\/\/comune.santacroce.pi.it\/oldsite\/wp-content\/uploads\/2017\/11\/Servizi-Sociali-e-Casa.png","datePublished":"2024-10-16T06:49:25+00:00","breadcrumb":{"@id":"https:\/\/comune.santacroce.pi.it\/oldsite\/bando-contributo-affitti-2024\/#breadcrumb"},"inLanguage":"it-IT","potentialAction":[{"@type":"ReadAction","target":["https:\/\/comune.santacroce.pi.it\/oldsite\/bando-contributo-affitti-2024\/"]}]},{"@type":"ImageObject","inLanguage":"it-IT","@id":"https:\/\/comune.santacroce.pi.it\/oldsite\/bando-contributo-affitti-2024\/#primaryimage","url":"https:\/\/comune.santacroce.pi.it\/oldsite\/wp-content\/uploads\/2017\/11\/Servizi-Sociali-e-Casa.png","contentUrl":"https:\/\/comune.santacroce.pi.it\/oldsite\/wp-content\/uploads\/2017\/11\/Servizi-Sociali-e-Casa.png","width":800,"height":600},{"@type":"BreadcrumbList","@id":"https:\/\/comune.santacroce.pi.it\/oldsite\/bando-contributo-affitti-2024\/#breadcrumb","itemListElement":[{"@type":"ListItem","position":1,"name":"Home","item":"https:\/\/comune.santacroce.pi.it\/oldsite\/"},{"@type":"ListItem","position":2,"name":"Bando Contributo affitti 2024"}]},{"@type":"WebSite","@id":"https:\/\/comune.santacroce.pi.it\/oldsite\/#website","url":"https:\/\/comune.santacroce.pi.it\/oldsite\/","name":"Comune di Santa Croce sull&#039;Arno","description":"Provincia di Pisa","publisher":{"@id":"https:\/\/comune.santacroce.pi.it\/oldsite\/#organization"},"potentialAction":[{"@type":"SearchAction","target":{"@type":"EntryPoint","urlTemplate":"https:\/\/comune.santacroce.pi.it\/oldsite\/?s={search_term_string}"},"query-input":{"@type":"PropertyValueSpecification","valueRequired":true,"valueName":"search_term_string"}}],"inLanguage":"it-IT"},{"@type":"Organization","@id":"https:\/\/comune.santacroce.pi.it\/oldsite\/#organization","name":"Comune di Santa Croce sull'Arno","url":"https:\/\/comune.santacroce.pi.it\/oldsite\/","logo":{"@type":"ImageObject","inLanguage":"it-IT","@id":"https:\/\/comune.santacroce.pi.it\/oldsite\/#\/schema\/logo\/image\/","url":"https:\/\/comune.santacroce.pi.it\/oldsite\/wp-content\/uploads\/2021\/02\/cropped-Stemma-Santa-Croce-dellArno_500-1.png","contentUrl":"https:\/\/comune.santacroce.pi.it\/oldsite\/wp-content\/uploads\/2021\/02\/cropped-Stemma-Santa-Croce-dellArno_500-1.png","width":500,"height":500,"caption":"Comune di Santa Croce sull'Arno"},"image":{"@id":"https:\/\/comune.santacroce.pi.it\/oldsite\/#\/schema\/logo\/image\/"}},{"@type":"Person","@id":"https:\/\/comune.santacroce.pi.it\/oldsite\/#\/schema\/person\/98b3798d3b6b66e89c4ad040e52696dd","name":"Sofia Capuano","image":{"@type":"ImageObject","inLanguage":"it-IT","@id":"https:\/\/comune.santacroce.pi.it\/oldsite\/#\/schema\/person\/image\/","url":"https:\/\/secure.gravatar.com\/avatar\/0d81ff89297506cc506d27dc34b8ca89?s=96&d=mm&r=g","contentUrl":"https:\/\/secure.gravatar.com\/avatar\/0d81ff89297506cc506d27dc34b8ca89?s=96&d=mm&r=g","caption":"Sofia Capuano"},"url":"https:\/\/comune.santacroce.pi.it\/oldsite\/author\/scapuano\/"}]}},"jetpack_featured_media_url":"https:\/\/comune.santacroce.pi.it\/oldsite\/wp-content\/uploads\/2017\/11\/Servizi-Sociali-e-Casa.png","meta_box":{"comunicacity_sync":"1","cc4_urg_colore":"rosso","cc4_urg_data_inizio":"","cc4_urg_data_fine":"","cc4_cor_positivi_oggi":"","cc4_cor_negativizzati_oggi":"","cc4_cor_deceduti_oggi":"","cc4_cor_positivi_totali":"","cc4_cor_negativizzati_totali":"","cc4_cor_deceduti_totali":"","cc4_cor_attualmente_positivi":"","cc4_eve_data_inizio":"","cc4_eve_data_fine":"","cc4_eve_indirizzo":"","cc4_eve_posizione":{"latitude":"0","longitude":"0","zoom":"0"},"cc4_eve_telefono":"","cc4_eve_email":"","cc4_eve_web":"","cc4_eve_fb":""},"_links":{"self":[{"href":"https:\/\/comune.santacroce.pi.it\/oldsite\/wp-json\/wp\/v2\/posts\/25327","targetHints":{"allow":["GET"]}}],"collection":[{"href":"https:\/\/comune.santacroce.pi.it\/oldsite\/wp-json\/wp\/v2\/posts"}],"about":[{"href":"https:\/\/comune.santacroce.pi.it\/oldsite\/wp-json\/wp\/v2\/types\/post"}],"author":[{"embeddable":true,"href":"https:\/\/comune.santacroce.pi.it\/oldsite\/wp-json\/wp\/v2\/users\/30"}],"replies":[{"embeddable":true,"href":"https:\/\/comune.santacroce.pi.it\/oldsite\/wp-json\/wp\/v2\/comments?post=25327"}],"version-history":[{"count":0,"href":"https:\/\/comune.santacroce.pi.it\/oldsite\/wp-json\/wp\/v2\/posts\/25327\/revisions"}],"wp:featuredmedia":[{"embeddable":true,"href":"https:\/\/comune.santacroce.pi.it\/oldsite\/wp-json\/wp\/v2\/media\/12413"}],"wp:attachment":[{"href":"https:\/\/comune.santacroce.pi.it\/oldsite\/wp-json\/wp\/v2\/media?parent=25327"}],"wp:term":[{"taxonomy":"category","embeddable":true,"href":"https:\/\/comune.santacroce.pi.it\/oldsite\/wp-json\/wp\/v2\/categories?post=25327"},{"taxonomy":"post_tag","embeddable":true,"href":"https:\/\/comune.santacroce.pi.it\/oldsite\/wp-json\/wp\/v2\/tags?post=25327"}],"curies":[{"name":"wp","href":"https:\/\/api.w.org\/{rel}","templated":true}]}}