{"id":25139,"date":"2024-09-13T12:26:40","date_gmt":"2024-09-13T10:26:40","guid":{"rendered":"https:\/\/comune.santacroce.pi.it\/oldsite\/?p=25139"},"modified":"2024-09-13T12:26:40","modified_gmt":"2024-09-13T10:26:40","slug":"biblioteca-ripartono-i-corsi-delluniversita-delleta-libera","status":"publish","type":"post","link":"https:\/\/comune.santacroce.pi.it\/oldsite\/biblioteca-ripartono-i-corsi-delluniversita-delleta-libera\/","title":{"rendered":"Biblioteca &#8211; Ripartono i corsi dell&#8217;Universit\u00e0 dell&#8217;Et\u00e0 Libera"},"content":{"rendered":"<p>In partenza ad ottobre i nuovi corsi tenuti da Nkey e finanziati dal Comune di Santa Croce sull&#8217;Arno:<\/p>\n<ul>\n<li><span style=\"color: #0000ff\"><em><strong>English in the library<\/strong><\/em><\/span><br \/>\nCorso di inglese che si articola su pi\u00f9 livelli di preparazione di ingresso, con un minimo di 10 e un massimo di 25 partecipanti. Tutti i corsi prevedono un incontro settimanale di 2 ore. \u00e8 richiesto un contributo di \u20ac100 di cui 10 all&#8217;iscrizione, rimborsabili in caso di rinuncia entro il 15 ottobre, e \u20ac 90 da pagare entro il mese di ottobre.<\/li>\n<li><span style=\"color: #0000ff\"><em><strong>Digitale per tutti: Smartphone consapevole<\/strong><\/em><\/span><br \/>\nUn corso per rimanere al passo coi tempi nel mondo del digitale a portata di mano. 8 incontri a partire dal 9 ottobre con un minimo di 6 e un massimo di 10 partecipanti. Si terr\u00e0 il mercoledi e ogni incontro avr\u00e0 la durata di 2 ore ed \u00e8 richiesto un contributo di \u20ac10.<\/li>\n<\/ul>\n<p>Per entrambi, <strong>le iscizioni potranno essere fate <em>presso la Biblioteca Comunale &#8220;Adrio Puccini&#8221;<\/em> <span style=\"color: #000000\">a partire da luned\u00ec 16 settembre<\/span>.<\/strong><br \/>\nI residenti di Santa Croce sull&#8217;Arno avranno la precedenza nelle iscrizionni fino a sabato 21 settembre.<\/p>\n<p>Info: tel 0571.30642-389850 oppure email biblioteca@comune.santacroce.pi.it<\/p>\n<p><a href=\"http:\/\/https:\/\/www.nkey.it\/news\/formazione\/nuovi-corsi-di-lingua-inglese-in-partenza-a-ottobre\/\"><img loading=\"lazy\" decoding=\"async\" class=\"alignnone wp-image-25144\" src=\"https:\/\/comune.santacroce.pi.it\/oldsite\/wp-content\/uploads\/2024\/09\/inglese-1-1024x724-1-300x212.png\" alt=\"pubblicit\u00e0 English in the library\" width=\"500\" height=\"354\" srcset=\"https:\/\/comune.santacroce.pi.it\/oldsite\/wp-content\/uploads\/2024\/09\/inglese-1-1024x724-1-300x212.png 300w, https:\/\/comune.santacroce.pi.it\/oldsite\/wp-content\/uploads\/2024\/09\/inglese-1-1024x724-1-768x543.png 768w, https:\/\/comune.santacroce.pi.it\/oldsite\/wp-content\/uploads\/2024\/09\/inglese-1-1024x724-1.png 1024w\" sizes=\"auto, (max-width: 500px) 100vw, 500px\" \/><\/a><\/p>\n<p><a href=\"http:\/\/https:\/\/www.nkey.it\/news\/formazione\/nuovo-corso-di-informatica-digitale-per-tutti\/?fbclid=IwY2xjawFQ5LtleHRuA2FlbQIxMQABHUYGaRZBqOiY_uvEv63OzmN08ApL8bsEFFwLfZvAPPMahp7CJHBI2MUemg_aem_VPH4ovoeCg6RhHfrjwe4zw\"><img loading=\"lazy\" decoding=\"async\" class=\"alignnone wp-image-25143\" src=\"https:\/\/comune.santacroce.pi.it\/oldsite\/wp-content\/uploads\/2024\/09\/post-informatica-300x251.png\" alt=\"pubblicit\u00e0 Digitale per tutti\" width=\"500\" height=\"419\" srcset=\"https:\/\/comune.santacroce.pi.it\/oldsite\/wp-content\/uploads\/2024\/09\/post-informatica-300x251.png 300w, https:\/\/comune.santacroce.pi.it\/oldsite\/wp-content\/uploads\/2024\/09\/post-informatica-768x644.png 768w, https:\/\/comune.santacroce.pi.it\/oldsite\/wp-content\/uploads\/2024\/09\/post-informatica.png 940w\" sizes=\"auto, (max-width: 500px) 100vw, 500px\" \/><\/a><\/p>\n","protected":false},"excerpt":{"rendered":"<p>In partenza ad ottobre i nuovi corsi tenuti da Nkey e finanziati dal Comune di Santa Croce sull&#8217;Arno: English in the library Corso di inglese che si articola su pi\u00f9 [&hellip;]<\/p>\n","protected":false},"author":18,"featured_media":25150,"comment_status":"closed","ping_status":"closed","sticky":false,"template":"","format":"standard","meta":{"footnotes":""},"categories":[154,1],"tags":[],"class_list":["post-25139","post","type-post","status-publish","format-standard","has-post-thumbnail","hentry","category-cultura","category-notizie-e-informazioni"],"yoast_head":"<!-- This site is optimized with the Yoast SEO plugin v24.7 - https:\/\/yoast.com\/wordpress\/plugins\/seo\/ -->\n<title>Biblioteca - Ripartono i corsi dell&#039;Universit\u00e0 dell&#039;Et\u00e0 Libera - Comune di Santa Croce sull&#039;Arno<\/title>\n<meta name=\"description\" content=\"In partenza ad ottobre i nuovi corsi tenuti da Nkey e finanziati dal Comune di Santa Croce sull\u2019Arno: English in the library e Digitale per tutti.\" \/>\n<meta name=\"robots\" content=\"index, follow, max-snippet:-1, max-image-preview:large, max-video-preview:-1\" \/>\n<link rel=\"canonical\" href=\"https:\/\/comune.santacroce.pi.it\/oldsite\/biblioteca-ripartono-i-corsi-delluniversita-delleta-libera\/\" \/>\n<meta property=\"og:locale\" content=\"it_IT\" \/>\n<meta property=\"og:type\" content=\"article\" \/>\n<meta property=\"og:title\" content=\"Biblioteca - Ripartono i corsi dell&#039;Universit\u00e0 dell&#039;Et\u00e0 Libera - Comune di Santa Croce sull&#039;Arno\" \/>\n<meta property=\"og:description\" content=\"In partenza ad ottobre i nuovi corsi tenuti da Nkey e finanziati dal Comune di Santa Croce sull\u2019Arno: English in the library e Digitale per tutti.\" \/>\n<meta property=\"og:url\" content=\"https:\/\/comune.santacroce.pi.it\/oldsite\/biblioteca-ripartono-i-corsi-delluniversita-delleta-libera\/\" \/>\n<meta property=\"og:site_name\" content=\"Comune di Santa Croce sull&#039;Arno\" \/>\n<meta property=\"article:published_time\" content=\"2024-09-13T10:26:40+00:00\" \/>\n<meta property=\"og:image\" content=\"https:\/\/comune.santacroce.pi.it\/oldsite\/wp-content\/uploads\/2024\/09\/Immagine-in-evidenza-per-sito-1.png\" \/>\n\t<meta property=\"og:image:width\" content=\"1200\" \/>\n\t<meta property=\"og:image:height\" content=\"1000\" \/>\n\t<meta property=\"og:image:type\" content=\"image\/png\" \/>\n<meta name=\"author\" content=\"Biblioteca e cultura\" \/>\n<meta name=\"twitter:card\" content=\"summary_large_image\" \/>\n<meta name=\"twitter:label1\" content=\"Scritto da\" \/>\n\t<meta name=\"twitter:data1\" content=\"Biblioteca e cultura\" \/>\n\t<meta name=\"twitter:label2\" content=\"Tempo di lettura stimato\" \/>\n\t<meta name=\"twitter:data2\" content=\"2 minuti\" \/>\n<script type=\"application\/ld+json\" class=\"yoast-schema-graph\">{\"@context\":\"https:\/\/schema.org\",\"@graph\":[{\"@type\":\"Article\",\"@id\":\"https:\/\/comune.santacroce.pi.it\/oldsite\/biblioteca-ripartono-i-corsi-delluniversita-delleta-libera\/#article\",\"isPartOf\":{\"@id\":\"https:\/\/comune.santacroce.pi.it\/oldsite\/biblioteca-ripartono-i-corsi-delluniversita-delleta-libera\/\"},\"author\":{\"name\":\"Biblioteca e cultura\",\"@id\":\"https:\/\/comune.santacroce.pi.it\/oldsite\/#\/schema\/person\/77e3693e7d02c5835b2dd82778f7fb45\"},\"headline\":\"Biblioteca &#8211; Ripartono i corsi dell&#8217;Universit\u00e0 dell&#8217;Et\u00e0 Libera\",\"datePublished\":\"2024-09-13T10:26:40+00:00\",\"mainEntityOfPage\":{\"@id\":\"https:\/\/comune.santacroce.pi.it\/oldsite\/biblioteca-ripartono-i-corsi-delluniversita-delleta-libera\/\"},\"wordCount\":184,\"publisher\":{\"@id\":\"https:\/\/comune.santacroce.pi.it\/oldsite\/#organization\"},\"image\":{\"@id\":\"https:\/\/comune.santacroce.pi.it\/oldsite\/biblioteca-ripartono-i-corsi-delluniversita-delleta-libera\/#primaryimage\"},\"thumbnailUrl\":\"https:\/\/comune.santacroce.pi.it\/oldsite\/wp-content\/uploads\/2024\/09\/Immagine-in-evidenza-per-sito-1.png\",\"articleSection\":[\"Cultura\",\"Notizie e informazioni\"],\"inLanguage\":\"it-IT\"},{\"@type\":\"WebPage\",\"@id\":\"https:\/\/comune.santacroce.pi.it\/oldsite\/biblioteca-ripartono-i-corsi-delluniversita-delleta-libera\/\",\"url\":\"https:\/\/comune.santacroce.pi.it\/oldsite\/biblioteca-ripartono-i-corsi-delluniversita-delleta-libera\/\",\"name\":\"Biblioteca - Ripartono i corsi dell'Universit\u00e0 dell'Et\u00e0 Libera - Comune di Santa Croce sull&#039;Arno\",\"isPartOf\":{\"@id\":\"https:\/\/comune.santacroce.pi.it\/oldsite\/#website\"},\"primaryImageOfPage\":{\"@id\":\"https:\/\/comune.santacroce.pi.it\/oldsite\/biblioteca-ripartono-i-corsi-delluniversita-delleta-libera\/#primaryimage\"},\"image\":{\"@id\":\"https:\/\/comune.santacroce.pi.it\/oldsite\/biblioteca-ripartono-i-corsi-delluniversita-delleta-libera\/#primaryimage\"},\"thumbnailUrl\":\"https:\/\/comune.santacroce.pi.it\/oldsite\/wp-content\/uploads\/2024\/09\/Immagine-in-evidenza-per-sito-1.png\",\"datePublished\":\"2024-09-13T10:26:40+00:00\",\"description\":\"In partenza ad ottobre i nuovi corsi tenuti da Nkey e finanziati dal Comune di Santa Croce sull\u2019Arno: English in the library e Digitale per tutti.\",\"breadcrumb\":{\"@id\":\"https:\/\/comune.santacroce.pi.it\/oldsite\/biblioteca-ripartono-i-corsi-delluniversita-delleta-libera\/#breadcrumb\"},\"inLanguage\":\"it-IT\",\"potentialAction\":[{\"@type\":\"ReadAction\",\"target\":[\"https:\/\/comune.santacroce.pi.it\/oldsite\/biblioteca-ripartono-i-corsi-delluniversita-delleta-libera\/\"]}]},{\"@type\":\"ImageObject\",\"inLanguage\":\"it-IT\",\"@id\":\"https:\/\/comune.santacroce.pi.it\/oldsite\/biblioteca-ripartono-i-corsi-delluniversita-delleta-libera\/#primaryimage\",\"url\":\"https:\/\/comune.santacroce.pi.it\/oldsite\/wp-content\/uploads\/2024\/09\/Immagine-in-evidenza-per-sito-1.png\",\"contentUrl\":\"https:\/\/comune.santacroce.pi.it\/oldsite\/wp-content\/uploads\/2024\/09\/Immagine-in-evidenza-per-sito-1.png\",\"width\":1200,\"height\":1000},{\"@type\":\"BreadcrumbList\",\"@id\":\"https:\/\/comune.santacroce.pi.it\/oldsite\/biblioteca-ripartono-i-corsi-delluniversita-delleta-libera\/#breadcrumb\",\"itemListElement\":[{\"@type\":\"ListItem\",\"position\":1,\"name\":\"Home\",\"item\":\"https:\/\/comune.santacroce.pi.it\/oldsite\/\"},{\"@type\":\"ListItem\",\"position\":2,\"name\":\"Biblioteca &#8211; Ripartono i corsi dell&#8217;Universit\u00e0 dell&#8217;Et\u00e0 Libera\"}]},{\"@type\":\"WebSite\",\"@id\":\"https:\/\/comune.santacroce.pi.it\/oldsite\/#website\",\"url\":\"https:\/\/comune.santacroce.pi.it\/oldsite\/\",\"name\":\"Comune di Santa Croce sull&#039;Arno\",\"description\":\"Provincia di Pisa\",\"publisher\":{\"@id\":\"https:\/\/comune.santacroce.pi.it\/oldsite\/#organization\"},\"potentialAction\":[{\"@type\":\"SearchAction\",\"target\":{\"@type\":\"EntryPoint\",\"urlTemplate\":\"https:\/\/comune.santacroce.pi.it\/oldsite\/?s={search_term_string}\"},\"query-input\":{\"@type\":\"PropertyValueSpecification\",\"valueRequired\":true,\"valueName\":\"search_term_string\"}}],\"inLanguage\":\"it-IT\"},{\"@type\":\"Organization\",\"@id\":\"https:\/\/comune.santacroce.pi.it\/oldsite\/#organization\",\"name\":\"Comune di Santa Croce sull'Arno\",\"url\":\"https:\/\/comune.santacroce.pi.it\/oldsite\/\",\"logo\":{\"@type\":\"ImageObject\",\"inLanguage\":\"it-IT\",\"@id\":\"https:\/\/comune.santacroce.pi.it\/oldsite\/#\/schema\/logo\/image\/\",\"url\":\"https:\/\/comune.santacroce.pi.it\/oldsite\/wp-content\/uploads\/2021\/02\/cropped-Stemma-Santa-Croce-dellArno_500-1.png\",\"contentUrl\":\"https:\/\/comune.santacroce.pi.it\/oldsite\/wp-content\/uploads\/2021\/02\/cropped-Stemma-Santa-Croce-dellArno_500-1.png\",\"width\":500,\"height\":500,\"caption\":\"Comune di Santa Croce sull'Arno\"},\"image\":{\"@id\":\"https:\/\/comune.santacroce.pi.it\/oldsite\/#\/schema\/logo\/image\/\"}},{\"@type\":\"Person\",\"@id\":\"https:\/\/comune.santacroce.pi.it\/oldsite\/#\/schema\/person\/77e3693e7d02c5835b2dd82778f7fb45\",\"name\":\"Biblioteca e cultura\",\"image\":{\"@type\":\"ImageObject\",\"inLanguage\":\"it-IT\",\"@id\":\"https:\/\/comune.santacroce.pi.it\/oldsite\/#\/schema\/person\/image\/\",\"url\":\"https:\/\/secure.gravatar.com\/avatar\/c9a5002ec801d0b780e779e0d328fe2a?s=96&d=mm&r=g\",\"contentUrl\":\"https:\/\/secure.gravatar.com\/avatar\/c9a5002ec801d0b780e779e0d328fe2a?s=96&d=mm&r=g\",\"caption\":\"Biblioteca e cultura\"},\"url\":\"https:\/\/comune.santacroce.pi.it\/oldsite\/author\/bibliotecasc\/\"}]}<\/script>\n<!-- \/ Yoast SEO plugin. -->","yoast_head_json":{"title":"Biblioteca - Ripartono i corsi dell'Universit\u00e0 dell'Et\u00e0 Libera - Comune di Santa Croce sull&#039;Arno","description":"In partenza ad ottobre i nuovi corsi tenuti da Nkey e finanziati dal Comune di Santa Croce sull\u2019Arno: English in the library e Digitale per tutti.","robots":{"index":"index","follow":"follow","max-snippet":"max-snippet:-1","max-image-preview":"max-image-preview:large","max-video-preview":"max-video-preview:-1"},"canonical":"https:\/\/comune.santacroce.pi.it\/oldsite\/biblioteca-ripartono-i-corsi-delluniversita-delleta-libera\/","og_locale":"it_IT","og_type":"article","og_title":"Biblioteca - Ripartono i corsi dell'Universit\u00e0 dell'Et\u00e0 Libera - Comune di Santa Croce sull&#039;Arno","og_description":"In partenza ad ottobre i nuovi corsi tenuti da Nkey e finanziati dal Comune di Santa Croce sull\u2019Arno: English in the library e Digitale per tutti.","og_url":"https:\/\/comune.santacroce.pi.it\/oldsite\/biblioteca-ripartono-i-corsi-delluniversita-delleta-libera\/","og_site_name":"Comune di Santa Croce sull&#039;Arno","article_published_time":"2024-09-13T10:26:40+00:00","og_image":[{"width":1200,"height":1000,"url":"https:\/\/comune.santacroce.pi.it\/oldsite\/wp-content\/uploads\/2024\/09\/Immagine-in-evidenza-per-sito-1.png","type":"image\/png"}],"author":"Biblioteca e cultura","twitter_card":"summary_large_image","twitter_misc":{"Scritto da":"Biblioteca e cultura","Tempo di lettura stimato":"2 minuti"},"schema":{"@context":"https:\/\/schema.org","@graph":[{"@type":"Article","@id":"https:\/\/comune.santacroce.pi.it\/oldsite\/biblioteca-ripartono-i-corsi-delluniversita-delleta-libera\/#article","isPartOf":{"@id":"https:\/\/comune.santacroce.pi.it\/oldsite\/biblioteca-ripartono-i-corsi-delluniversita-delleta-libera\/"},"author":{"name":"Biblioteca e cultura","@id":"https:\/\/comune.santacroce.pi.it\/oldsite\/#\/schema\/person\/77e3693e7d02c5835b2dd82778f7fb45"},"headline":"Biblioteca &#8211; Ripartono i corsi dell&#8217;Universit\u00e0 dell&#8217;Et\u00e0 Libera","datePublished":"2024-09-13T10:26:40+00:00","mainEntityOfPage":{"@id":"https:\/\/comune.santacroce.pi.it\/oldsite\/biblioteca-ripartono-i-corsi-delluniversita-delleta-libera\/"},"wordCount":184,"publisher":{"@id":"https:\/\/comune.santacroce.pi.it\/oldsite\/#organization"},"image":{"@id":"https:\/\/comune.santacroce.pi.it\/oldsite\/biblioteca-ripartono-i-corsi-delluniversita-delleta-libera\/#primaryimage"},"thumbnailUrl":"https:\/\/comune.santacroce.pi.it\/oldsite\/wp-content\/uploads\/2024\/09\/Immagine-in-evidenza-per-sito-1.png","articleSection":["Cultura","Notizie e informazioni"],"inLanguage":"it-IT"},{"@type":"WebPage","@id":"https:\/\/comune.santacroce.pi.it\/oldsite\/biblioteca-ripartono-i-corsi-delluniversita-delleta-libera\/","url":"https:\/\/comune.santacroce.pi.it\/oldsite\/biblioteca-ripartono-i-corsi-delluniversita-delleta-libera\/","name":"Biblioteca - Ripartono i corsi dell'Universit\u00e0 dell'Et\u00e0 Libera - Comune di Santa Croce sull&#039;Arno","isPartOf":{"@id":"https:\/\/comune.santacroce.pi.it\/oldsite\/#website"},"primaryImageOfPage":{"@id":"https:\/\/comune.santacroce.pi.it\/oldsite\/biblioteca-ripartono-i-corsi-delluniversita-delleta-libera\/#primaryimage"},"image":{"@id":"https:\/\/comune.santacroce.pi.it\/oldsite\/biblioteca-ripartono-i-corsi-delluniversita-delleta-libera\/#primaryimage"},"thumbnailUrl":"https:\/\/comune.santacroce.pi.it\/oldsite\/wp-content\/uploads\/2024\/09\/Immagine-in-evidenza-per-sito-1.png","datePublished":"2024-09-13T10:26:40+00:00","description":"In partenza ad ottobre i nuovi corsi tenuti da Nkey e finanziati dal Comune di Santa Croce sull\u2019Arno: English in the library e Digitale per tutti.","breadcrumb":{"@id":"https:\/\/comune.santacroce.pi.it\/oldsite\/biblioteca-ripartono-i-corsi-delluniversita-delleta-libera\/#breadcrumb"},"inLanguage":"it-IT","potentialAction":[{"@type":"ReadAction","target":["https:\/\/comune.santacroce.pi.it\/oldsite\/biblioteca-ripartono-i-corsi-delluniversita-delleta-libera\/"]}]},{"@type":"ImageObject","inLanguage":"it-IT","@id":"https:\/\/comune.santacroce.pi.it\/oldsite\/biblioteca-ripartono-i-corsi-delluniversita-delleta-libera\/#primaryimage","url":"https:\/\/comune.santacroce.pi.it\/oldsite\/wp-content\/uploads\/2024\/09\/Immagine-in-evidenza-per-sito-1.png","contentUrl":"https:\/\/comune.santacroce.pi.it\/oldsite\/wp-content\/uploads\/2024\/09\/Immagine-in-evidenza-per-sito-1.png","width":1200,"height":1000},{"@type":"BreadcrumbList","@id":"https:\/\/comune.santacroce.pi.it\/oldsite\/biblioteca-ripartono-i-corsi-delluniversita-delleta-libera\/#breadcrumb","itemListElement":[{"@type":"ListItem","position":1,"name":"Home","item":"https:\/\/comune.santacroce.pi.it\/oldsite\/"},{"@type":"ListItem","position":2,"name":"Biblioteca &#8211; Ripartono i corsi dell&#8217;Universit\u00e0 dell&#8217;Et\u00e0 Libera"}]},{"@type":"WebSite","@id":"https:\/\/comune.santacroce.pi.it\/oldsite\/#website","url":"https:\/\/comune.santacroce.pi.it\/oldsite\/","name":"Comune di Santa Croce sull&#039;Arno","description":"Provincia di Pisa","publisher":{"@id":"https:\/\/comune.santacroce.pi.it\/oldsite\/#organization"},"potentialAction":[{"@type":"SearchAction","target":{"@type":"EntryPoint","urlTemplate":"https:\/\/comune.santacroce.pi.it\/oldsite\/?s={search_term_string}"},"query-input":{"@type":"PropertyValueSpecification","valueRequired":true,"valueName":"search_term_string"}}],"inLanguage":"it-IT"},{"@type":"Organization","@id":"https:\/\/comune.santacroce.pi.it\/oldsite\/#organization","name":"Comune di Santa Croce sull'Arno","url":"https:\/\/comune.santacroce.pi.it\/oldsite\/","logo":{"@type":"ImageObject","inLanguage":"it-IT","@id":"https:\/\/comune.santacroce.pi.it\/oldsite\/#\/schema\/logo\/image\/","url":"https:\/\/comune.santacroce.pi.it\/oldsite\/wp-content\/uploads\/2021\/02\/cropped-Stemma-Santa-Croce-dellArno_500-1.png","contentUrl":"https:\/\/comune.santacroce.pi.it\/oldsite\/wp-content\/uploads\/2021\/02\/cropped-Stemma-Santa-Croce-dellArno_500-1.png","width":500,"height":500,"caption":"Comune di Santa Croce sull'Arno"},"image":{"@id":"https:\/\/comune.santacroce.pi.it\/oldsite\/#\/schema\/logo\/image\/"}},{"@type":"Person","@id":"https:\/\/comune.santacroce.pi.it\/oldsite\/#\/schema\/person\/77e3693e7d02c5835b2dd82778f7fb45","name":"Biblioteca e cultura","image":{"@type":"ImageObject","inLanguage":"it-IT","@id":"https:\/\/comune.santacroce.pi.it\/oldsite\/#\/schema\/person\/image\/","url":"https:\/\/secure.gravatar.com\/avatar\/c9a5002ec801d0b780e779e0d328fe2a?s=96&d=mm&r=g","contentUrl":"https:\/\/secure.gravatar.com\/avatar\/c9a5002ec801d0b780e779e0d328fe2a?s=96&d=mm&r=g","caption":"Biblioteca e cultura"},"url":"https:\/\/comune.santacroce.pi.it\/oldsite\/author\/bibliotecasc\/"}]}},"jetpack_featured_media_url":"https:\/\/comune.santacroce.pi.it\/oldsite\/wp-content\/uploads\/2024\/09\/Immagine-in-evidenza-per-sito-1.png","meta_box":{"comunicacity_sync":"1","cc4_urg_colore":"rosso","cc4_urg_data_inizio":"","cc4_urg_data_fine":"","cc4_cor_positivi_oggi":"","cc4_cor_negativizzati_oggi":"","cc4_cor_deceduti_oggi":"","cc4_cor_positivi_totali":"","cc4_cor_negativizzati_totali":"","cc4_cor_deceduti_totali":"","cc4_cor_attualmente_positivi":"","cc4_eve_data_inizio":"","cc4_eve_data_fine":"","cc4_eve_indirizzo":"","cc4_eve_posizione":{"latitude":"0","longitude":"0","zoom":"0"},"cc4_eve_telefono":"","cc4_eve_email":"","cc4_eve_web":"","cc4_eve_fb":""},"_links":{"self":[{"href":"https:\/\/comune.santacroce.pi.it\/oldsite\/wp-json\/wp\/v2\/posts\/25139","targetHints":{"allow":["GET"]}}],"collection":[{"href":"https:\/\/comune.santacroce.pi.it\/oldsite\/wp-json\/wp\/v2\/posts"}],"about":[{"href":"https:\/\/comune.santacroce.pi.it\/oldsite\/wp-json\/wp\/v2\/types\/post"}],"author":[{"embeddable":true,"href":"https:\/\/comune.santacroce.pi.it\/oldsite\/wp-json\/wp\/v2\/users\/18"}],"replies":[{"embeddable":true,"href":"https:\/\/comune.santacroce.pi.it\/oldsite\/wp-json\/wp\/v2\/comments?post=25139"}],"version-history":[{"count":0,"href":"https:\/\/comune.santacroce.pi.it\/oldsite\/wp-json\/wp\/v2\/posts\/25139\/revisions"}],"wp:featuredmedia":[{"embeddable":true,"href":"https:\/\/comune.santacroce.pi.it\/oldsite\/wp-json\/wp\/v2\/media\/25150"}],"wp:attachment":[{"href":"https:\/\/comune.santacroce.pi.it\/oldsite\/wp-json\/wp\/v2\/media?parent=25139"}],"wp:term":[{"taxonomy":"category","embeddable":true,"href":"https:\/\/comune.santacroce.pi.it\/oldsite\/wp-json\/wp\/v2\/categories?post=25139"},{"taxonomy":"post_tag","embeddable":true,"href":"https:\/\/comune.santacroce.pi.it\/oldsite\/wp-json\/wp\/v2\/tags?post=25139"}],"curies":[{"name":"wp","href":"https:\/\/api.w.org\/{rel}","templated":true}]}}