{"id":24973,"date":"2024-08-14T14:08:06","date_gmt":"2024-08-14T12:08:06","guid":{"rendered":"https:\/\/comune.santacroce.pi.it\/oldsite\/?p=24973"},"modified":"2024-08-14T14:08:06","modified_gmt":"2024-08-14T12:08:06","slug":"rilascio-tesserini-venatori-2","status":"publish","type":"post","link":"https:\/\/comune.santacroce.pi.it\/oldsite\/rilascio-tesserini-venatori-2\/","title":{"rendered":"Rilascio tesserini venatori"},"content":{"rendered":"<p align=\"justify\">Luned\u00ec 19 e Marted\u00ec 20 agosto<\/p>\n<p align=\"justify\">dalle ore 14,00 alle ore 16,00<\/p>\n<p align=\"justify\">Luned\u00ec 26 agosto<\/p>\n<p align=\"justify\">dalle ore 8,00 alle ore 9,30<\/p>\n<p class=\"western\" align=\"justify\"><span style=\"font-family: Cambria, serif\"><span style=\"font-size: large\">presentarsi presso il Comando muniti dei seguenti documenti:<\/span><\/span><\/p>\n<ul>\n<li>\n<p class=\"western\" align=\"justify\"><span style=\"font-family: Garamond, serif\"><span style=\"font-size: medium\"><span style=\"font-family: Cambria, serif\"><span style=\"font-size: large\">Licenza di porto di fucile uso caccia <\/span><\/span><span style=\"font-family: Cambria, serif\"><span style=\"font-size: large\"><u>in corso di validit\u00e0<\/u><\/span><\/span> <\/span><\/span><\/p>\n<\/li>\n<li>\n<p class=\"western\" align=\"justify\"><span style=\"font-family: Cambria, serif\"><span style=\"font-size: large\">Ricevuta di pagamento tassa di concessione governativa<\/span><\/span><\/p>\n<\/li>\n<li>\n<p class=\"western\" align=\"justify\"><span style=\"font-family: Garamond, serif\"><span style=\"font-size: medium\"><span style=\"font-family: Cambria, serif\"><span style=\"font-size: large\">Ricevuta di pagamento tassa di concessione <\/span><\/span><span style=\"color: #000000\"><span style=\"font-family: Cambria, serif\"><span style=\"font-size: large\"><span lang=\"it-IT\">region<\/span><\/span><\/span><\/span><span style=\"font-family: Cambria, serif\"><span style=\"font-size: large\">ale<\/span><\/span><\/span><\/span><\/p>\n<\/li>\n<li>\n<p class=\"western\" align=\"justify\"><span style=\"font-family: Cambria, serif\"><span style=\"font-size: large\">Ricevuta di pagamento A.T.C. di residenza venatoria e di eventuali altri A.T.C.<\/span><\/span><\/p>\n<\/li>\n<\/ul>\n<ul>\n<li>\n<p class=\"western\" align=\"justify\"><span style=\"font-family: Cambria, serif\"><span style=\"font-size: large\">Allegato regionale alla licenza di caccia<\/span><\/span><\/p>\n<\/li>\n<li>\n<p class=\"western\" align=\"justify\"><span style=\"font-family: Garamond, serif\"><span style=\"font-size: medium\"><span style=\"font-family: Cambria, serif\"><span style=\"font-size: large\">Tesserino venatorio <\/span><\/span><span style=\"color: #000000\"><span style=\"font-family: Cambria, serif\"><span style=\"font-size: large\"><span lang=\"it-IT\">stagione<\/span><\/span><\/span><\/span><span style=\"font-family: Cambria, serif\"><span style=\"font-size: large\"> precedente o ricevuta di avvenuta <\/span><\/span><span style=\"color: #000000\"><span style=\"font-family: Cambria, serif\"><span style=\"font-size: large\"><span lang=\"it-IT\">restituzione<\/span><\/span><\/span><\/span><\/span><\/span><\/p>\n<\/li>\n<li>\n<p class=\"western\" align=\"justify\"><span style=\"font-family: Cambria, serif\"><span style=\"font-size: large\">Assicurazione<\/span><\/span><\/p>\n<\/li>\n<\/ul>\n<p class=\"western\" align=\"justify\"><span style=\"font-family: Cambria, serif\"><span style=\"font-size: large\">Si rammenta che per l\u2019attivit\u00e0 venatoria in pre-apertura \u00e8 OBBLIGATORIO avvalersi della applicazione regionale TosCaccia.<\/span><\/span><\/p>\n","protected":false},"excerpt":{"rendered":"<p>Luned\u00ec 19 e Marted\u00ec 20 agosto dalle ore 14,00 alle ore 16,00 Luned\u00ec 26 agosto dalle ore 8,00 alle ore 9,30 presentarsi presso il Comando muniti dei seguenti documenti: Licenza [&hellip;]<\/p>\n","protected":false},"author":22,"featured_media":12408,"comment_status":"closed","ping_status":"closed","sticky":false,"template":"","format":"standard","meta":{"footnotes":""},"categories":[2],"tags":[],"class_list":["post-24973","post","type-post","status-publish","format-standard","has-post-thumbnail","hentry","category-ambiente"],"yoast_head":"<!-- This site is optimized with the Yoast SEO plugin v24.7 - https:\/\/yoast.com\/wordpress\/plugins\/seo\/ -->\n<title>Rilascio tesserini venatori - Comune di Santa Croce sull&#039;Arno<\/title>\n<meta name=\"robots\" content=\"index, follow, max-snippet:-1, max-image-preview:large, max-video-preview:-1\" \/>\n<link rel=\"canonical\" href=\"https:\/\/comune.santacroce.pi.it\/oldsite\/rilascio-tesserini-venatori-2\/\" \/>\n<meta property=\"og:locale\" content=\"it_IT\" \/>\n<meta property=\"og:type\" content=\"article\" \/>\n<meta property=\"og:title\" content=\"Rilascio tesserini venatori - Comune di Santa Croce sull&#039;Arno\" \/>\n<meta property=\"og:description\" content=\"Luned\u00ec 19 e Marted\u00ec 20 agosto dalle ore 14,00 alle ore 16,00 Luned\u00ec 26 agosto dalle ore 8,00 alle ore 9,30 presentarsi presso il Comando muniti dei seguenti documenti: Licenza [&hellip;]\" \/>\n<meta property=\"og:url\" content=\"https:\/\/comune.santacroce.pi.it\/oldsite\/rilascio-tesserini-venatori-2\/\" \/>\n<meta property=\"og:site_name\" content=\"Comune di Santa Croce sull&#039;Arno\" \/>\n<meta property=\"article:published_time\" content=\"2024-08-14T12:08:06+00:00\" \/>\n<meta property=\"og:image\" content=\"https:\/\/comune.santacroce.pi.it\/oldsite\/wp-content\/uploads\/2017\/11\/Ambiente.png\" \/>\n\t<meta property=\"og:image:width\" content=\"800\" \/>\n\t<meta property=\"og:image:height\" content=\"600\" \/>\n\t<meta property=\"og:image:type\" content=\"image\/png\" \/>\n<meta name=\"author\" content=\"Paola Rossi\" \/>\n<meta name=\"twitter:card\" content=\"summary_large_image\" \/>\n<meta name=\"twitter:label1\" content=\"Scritto da\" \/>\n\t<meta name=\"twitter:data1\" content=\"Paola Rossi\" \/>\n\t<meta name=\"twitter:label2\" content=\"Tempo di lettura stimato\" \/>\n\t<meta name=\"twitter:data2\" content=\"1 minuto\" \/>\n<script type=\"application\/ld+json\" class=\"yoast-schema-graph\">{\"@context\":\"https:\/\/schema.org\",\"@graph\":[{\"@type\":\"Article\",\"@id\":\"https:\/\/comune.santacroce.pi.it\/oldsite\/rilascio-tesserini-venatori-2\/#article\",\"isPartOf\":{\"@id\":\"https:\/\/comune.santacroce.pi.it\/oldsite\/rilascio-tesserini-venatori-2\/\"},\"author\":{\"name\":\"Paola Rossi\",\"@id\":\"https:\/\/comune.santacroce.pi.it\/oldsite\/#\/schema\/person\/4ed313d47ba1d5b772eea0ca7e5e34a9\"},\"headline\":\"Rilascio tesserini venatori\",\"datePublished\":\"2024-08-14T12:08:06+00:00\",\"mainEntityOfPage\":{\"@id\":\"https:\/\/comune.santacroce.pi.it\/oldsite\/rilascio-tesserini-venatori-2\/\"},\"wordCount\":98,\"publisher\":{\"@id\":\"https:\/\/comune.santacroce.pi.it\/oldsite\/#organization\"},\"image\":{\"@id\":\"https:\/\/comune.santacroce.pi.it\/oldsite\/rilascio-tesserini-venatori-2\/#primaryimage\"},\"thumbnailUrl\":\"https:\/\/comune.santacroce.pi.it\/oldsite\/wp-content\/uploads\/2017\/11\/Ambiente.png\",\"articleSection\":[\"Ambiente\"],\"inLanguage\":\"it-IT\"},{\"@type\":\"WebPage\",\"@id\":\"https:\/\/comune.santacroce.pi.it\/oldsite\/rilascio-tesserini-venatori-2\/\",\"url\":\"https:\/\/comune.santacroce.pi.it\/oldsite\/rilascio-tesserini-venatori-2\/\",\"name\":\"Rilascio tesserini venatori - Comune di Santa Croce sull&#039;Arno\",\"isPartOf\":{\"@id\":\"https:\/\/comune.santacroce.pi.it\/oldsite\/#website\"},\"primaryImageOfPage\":{\"@id\":\"https:\/\/comune.santacroce.pi.it\/oldsite\/rilascio-tesserini-venatori-2\/#primaryimage\"},\"image\":{\"@id\":\"https:\/\/comune.santacroce.pi.it\/oldsite\/rilascio-tesserini-venatori-2\/#primaryimage\"},\"thumbnailUrl\":\"https:\/\/comune.santacroce.pi.it\/oldsite\/wp-content\/uploads\/2017\/11\/Ambiente.png\",\"datePublished\":\"2024-08-14T12:08:06+00:00\",\"breadcrumb\":{\"@id\":\"https:\/\/comune.santacroce.pi.it\/oldsite\/rilascio-tesserini-venatori-2\/#breadcrumb\"},\"inLanguage\":\"it-IT\",\"potentialAction\":[{\"@type\":\"ReadAction\",\"target\":[\"https:\/\/comune.santacroce.pi.it\/oldsite\/rilascio-tesserini-venatori-2\/\"]}]},{\"@type\":\"ImageObject\",\"inLanguage\":\"it-IT\",\"@id\":\"https:\/\/comune.santacroce.pi.it\/oldsite\/rilascio-tesserini-venatori-2\/#primaryimage\",\"url\":\"https:\/\/comune.santacroce.pi.it\/oldsite\/wp-content\/uploads\/2017\/11\/Ambiente.png\",\"contentUrl\":\"https:\/\/comune.santacroce.pi.it\/oldsite\/wp-content\/uploads\/2017\/11\/Ambiente.png\",\"width\":800,\"height\":600},{\"@type\":\"BreadcrumbList\",\"@id\":\"https:\/\/comune.santacroce.pi.it\/oldsite\/rilascio-tesserini-venatori-2\/#breadcrumb\",\"itemListElement\":[{\"@type\":\"ListItem\",\"position\":1,\"name\":\"Home\",\"item\":\"https:\/\/comune.santacroce.pi.it\/oldsite\/\"},{\"@type\":\"ListItem\",\"position\":2,\"name\":\"Rilascio tesserini venatori\"}]},{\"@type\":\"WebSite\",\"@id\":\"https:\/\/comune.santacroce.pi.it\/oldsite\/#website\",\"url\":\"https:\/\/comune.santacroce.pi.it\/oldsite\/\",\"name\":\"Comune di Santa Croce sull&#039;Arno\",\"description\":\"Provincia di Pisa\",\"publisher\":{\"@id\":\"https:\/\/comune.santacroce.pi.it\/oldsite\/#organization\"},\"potentialAction\":[{\"@type\":\"SearchAction\",\"target\":{\"@type\":\"EntryPoint\",\"urlTemplate\":\"https:\/\/comune.santacroce.pi.it\/oldsite\/?s={search_term_string}\"},\"query-input\":{\"@type\":\"PropertyValueSpecification\",\"valueRequired\":true,\"valueName\":\"search_term_string\"}}],\"inLanguage\":\"it-IT\"},{\"@type\":\"Organization\",\"@id\":\"https:\/\/comune.santacroce.pi.it\/oldsite\/#organization\",\"name\":\"Comune di Santa Croce sull'Arno\",\"url\":\"https:\/\/comune.santacroce.pi.it\/oldsite\/\",\"logo\":{\"@type\":\"ImageObject\",\"inLanguage\":\"it-IT\",\"@id\":\"https:\/\/comune.santacroce.pi.it\/oldsite\/#\/schema\/logo\/image\/\",\"url\":\"https:\/\/comune.santacroce.pi.it\/oldsite\/wp-content\/uploads\/2021\/02\/cropped-Stemma-Santa-Croce-dellArno_500-1.png\",\"contentUrl\":\"https:\/\/comune.santacroce.pi.it\/oldsite\/wp-content\/uploads\/2021\/02\/cropped-Stemma-Santa-Croce-dellArno_500-1.png\",\"width\":500,\"height\":500,\"caption\":\"Comune di Santa Croce sull'Arno\"},\"image\":{\"@id\":\"https:\/\/comune.santacroce.pi.it\/oldsite\/#\/schema\/logo\/image\/\"}},{\"@type\":\"Person\",\"@id\":\"https:\/\/comune.santacroce.pi.it\/oldsite\/#\/schema\/person\/4ed313d47ba1d5b772eea0ca7e5e34a9\",\"name\":\"Paola Rossi\",\"image\":{\"@type\":\"ImageObject\",\"inLanguage\":\"it-IT\",\"@id\":\"https:\/\/comune.santacroce.pi.it\/oldsite\/#\/schema\/person\/image\/\",\"url\":\"https:\/\/secure.gravatar.com\/avatar\/2e94aec72b9f84af488642bf54ff83df?s=96&d=mm&r=g\",\"contentUrl\":\"https:\/\/secure.gravatar.com\/avatar\/2e94aec72b9f84af488642bf54ff83df?s=96&d=mm&r=g\",\"caption\":\"Paola Rossi\"},\"url\":\"https:\/\/comune.santacroce.pi.it\/oldsite\/author\/prossisc\/\"}]}<\/script>\n<!-- \/ Yoast SEO plugin. -->","yoast_head_json":{"title":"Rilascio tesserini venatori - Comune di Santa Croce sull&#039;Arno","robots":{"index":"index","follow":"follow","max-snippet":"max-snippet:-1","max-image-preview":"max-image-preview:large","max-video-preview":"max-video-preview:-1"},"canonical":"https:\/\/comune.santacroce.pi.it\/oldsite\/rilascio-tesserini-venatori-2\/","og_locale":"it_IT","og_type":"article","og_title":"Rilascio tesserini venatori - Comune di Santa Croce sull&#039;Arno","og_description":"Luned\u00ec 19 e Marted\u00ec 20 agosto dalle ore 14,00 alle ore 16,00 Luned\u00ec 26 agosto dalle ore 8,00 alle ore 9,30 presentarsi presso il Comando muniti dei seguenti documenti: Licenza [&hellip;]","og_url":"https:\/\/comune.santacroce.pi.it\/oldsite\/rilascio-tesserini-venatori-2\/","og_site_name":"Comune di Santa Croce sull&#039;Arno","article_published_time":"2024-08-14T12:08:06+00:00","og_image":[{"width":800,"height":600,"url":"https:\/\/comune.santacroce.pi.it\/oldsite\/wp-content\/uploads\/2017\/11\/Ambiente.png","type":"image\/png"}],"author":"Paola Rossi","twitter_card":"summary_large_image","twitter_misc":{"Scritto da":"Paola Rossi","Tempo di lettura stimato":"1 minuto"},"schema":{"@context":"https:\/\/schema.org","@graph":[{"@type":"Article","@id":"https:\/\/comune.santacroce.pi.it\/oldsite\/rilascio-tesserini-venatori-2\/#article","isPartOf":{"@id":"https:\/\/comune.santacroce.pi.it\/oldsite\/rilascio-tesserini-venatori-2\/"},"author":{"name":"Paola Rossi","@id":"https:\/\/comune.santacroce.pi.it\/oldsite\/#\/schema\/person\/4ed313d47ba1d5b772eea0ca7e5e34a9"},"headline":"Rilascio tesserini venatori","datePublished":"2024-08-14T12:08:06+00:00","mainEntityOfPage":{"@id":"https:\/\/comune.santacroce.pi.it\/oldsite\/rilascio-tesserini-venatori-2\/"},"wordCount":98,"publisher":{"@id":"https:\/\/comune.santacroce.pi.it\/oldsite\/#organization"},"image":{"@id":"https:\/\/comune.santacroce.pi.it\/oldsite\/rilascio-tesserini-venatori-2\/#primaryimage"},"thumbnailUrl":"https:\/\/comune.santacroce.pi.it\/oldsite\/wp-content\/uploads\/2017\/11\/Ambiente.png","articleSection":["Ambiente"],"inLanguage":"it-IT"},{"@type":"WebPage","@id":"https:\/\/comune.santacroce.pi.it\/oldsite\/rilascio-tesserini-venatori-2\/","url":"https:\/\/comune.santacroce.pi.it\/oldsite\/rilascio-tesserini-venatori-2\/","name":"Rilascio tesserini venatori - Comune di Santa Croce sull&#039;Arno","isPartOf":{"@id":"https:\/\/comune.santacroce.pi.it\/oldsite\/#website"},"primaryImageOfPage":{"@id":"https:\/\/comune.santacroce.pi.it\/oldsite\/rilascio-tesserini-venatori-2\/#primaryimage"},"image":{"@id":"https:\/\/comune.santacroce.pi.it\/oldsite\/rilascio-tesserini-venatori-2\/#primaryimage"},"thumbnailUrl":"https:\/\/comune.santacroce.pi.it\/oldsite\/wp-content\/uploads\/2017\/11\/Ambiente.png","datePublished":"2024-08-14T12:08:06+00:00","breadcrumb":{"@id":"https:\/\/comune.santacroce.pi.it\/oldsite\/rilascio-tesserini-venatori-2\/#breadcrumb"},"inLanguage":"it-IT","potentialAction":[{"@type":"ReadAction","target":["https:\/\/comune.santacroce.pi.it\/oldsite\/rilascio-tesserini-venatori-2\/"]}]},{"@type":"ImageObject","inLanguage":"it-IT","@id":"https:\/\/comune.santacroce.pi.it\/oldsite\/rilascio-tesserini-venatori-2\/#primaryimage","url":"https:\/\/comune.santacroce.pi.it\/oldsite\/wp-content\/uploads\/2017\/11\/Ambiente.png","contentUrl":"https:\/\/comune.santacroce.pi.it\/oldsite\/wp-content\/uploads\/2017\/11\/Ambiente.png","width":800,"height":600},{"@type":"BreadcrumbList","@id":"https:\/\/comune.santacroce.pi.it\/oldsite\/rilascio-tesserini-venatori-2\/#breadcrumb","itemListElement":[{"@type":"ListItem","position":1,"name":"Home","item":"https:\/\/comune.santacroce.pi.it\/oldsite\/"},{"@type":"ListItem","position":2,"name":"Rilascio tesserini venatori"}]},{"@type":"WebSite","@id":"https:\/\/comune.santacroce.pi.it\/oldsite\/#website","url":"https:\/\/comune.santacroce.pi.it\/oldsite\/","name":"Comune di Santa Croce sull&#039;Arno","description":"Provincia di Pisa","publisher":{"@id":"https:\/\/comune.santacroce.pi.it\/oldsite\/#organization"},"potentialAction":[{"@type":"SearchAction","target":{"@type":"EntryPoint","urlTemplate":"https:\/\/comune.santacroce.pi.it\/oldsite\/?s={search_term_string}"},"query-input":{"@type":"PropertyValueSpecification","valueRequired":true,"valueName":"search_term_string"}}],"inLanguage":"it-IT"},{"@type":"Organization","@id":"https:\/\/comune.santacroce.pi.it\/oldsite\/#organization","name":"Comune di Santa Croce sull'Arno","url":"https:\/\/comune.santacroce.pi.it\/oldsite\/","logo":{"@type":"ImageObject","inLanguage":"it-IT","@id":"https:\/\/comune.santacroce.pi.it\/oldsite\/#\/schema\/logo\/image\/","url":"https:\/\/comune.santacroce.pi.it\/oldsite\/wp-content\/uploads\/2021\/02\/cropped-Stemma-Santa-Croce-dellArno_500-1.png","contentUrl":"https:\/\/comune.santacroce.pi.it\/oldsite\/wp-content\/uploads\/2021\/02\/cropped-Stemma-Santa-Croce-dellArno_500-1.png","width":500,"height":500,"caption":"Comune di Santa Croce sull'Arno"},"image":{"@id":"https:\/\/comune.santacroce.pi.it\/oldsite\/#\/schema\/logo\/image\/"}},{"@type":"Person","@id":"https:\/\/comune.santacroce.pi.it\/oldsite\/#\/schema\/person\/4ed313d47ba1d5b772eea0ca7e5e34a9","name":"Paola Rossi","image":{"@type":"ImageObject","inLanguage":"it-IT","@id":"https:\/\/comune.santacroce.pi.it\/oldsite\/#\/schema\/person\/image\/","url":"https:\/\/secure.gravatar.com\/avatar\/2e94aec72b9f84af488642bf54ff83df?s=96&d=mm&r=g","contentUrl":"https:\/\/secure.gravatar.com\/avatar\/2e94aec72b9f84af488642bf54ff83df?s=96&d=mm&r=g","caption":"Paola Rossi"},"url":"https:\/\/comune.santacroce.pi.it\/oldsite\/author\/prossisc\/"}]}},"jetpack_featured_media_url":"https:\/\/comune.santacroce.pi.it\/oldsite\/wp-content\/uploads\/2017\/11\/Ambiente.png","meta_box":{"comunicacity_sync":"1","cc4_urg_colore":"rosso","cc4_urg_data_inizio":"","cc4_urg_data_fine":"","cc4_cor_positivi_oggi":"","cc4_cor_negativizzati_oggi":"","cc4_cor_deceduti_oggi":"","cc4_cor_positivi_totali":"","cc4_cor_negativizzati_totali":"","cc4_cor_deceduti_totali":"","cc4_cor_attualmente_positivi":"","cc4_eve_data_inizio":"","cc4_eve_data_fine":"","cc4_eve_indirizzo":"","cc4_eve_posizione":{"latitude":"0","longitude":"0","zoom":"0"},"cc4_eve_telefono":"","cc4_eve_email":"","cc4_eve_web":"","cc4_eve_fb":""},"_links":{"self":[{"href":"https:\/\/comune.santacroce.pi.it\/oldsite\/wp-json\/wp\/v2\/posts\/24973","targetHints":{"allow":["GET"]}}],"collection":[{"href":"https:\/\/comune.santacroce.pi.it\/oldsite\/wp-json\/wp\/v2\/posts"}],"about":[{"href":"https:\/\/comune.santacroce.pi.it\/oldsite\/wp-json\/wp\/v2\/types\/post"}],"author":[{"embeddable":true,"href":"https:\/\/comune.santacroce.pi.it\/oldsite\/wp-json\/wp\/v2\/users\/22"}],"replies":[{"embeddable":true,"href":"https:\/\/comune.santacroce.pi.it\/oldsite\/wp-json\/wp\/v2\/comments?post=24973"}],"version-history":[{"count":0,"href":"https:\/\/comune.santacroce.pi.it\/oldsite\/wp-json\/wp\/v2\/posts\/24973\/revisions"}],"wp:featuredmedia":[{"embeddable":true,"href":"https:\/\/comune.santacroce.pi.it\/oldsite\/wp-json\/wp\/v2\/media\/12408"}],"wp:attachment":[{"href":"https:\/\/comune.santacroce.pi.it\/oldsite\/wp-json\/wp\/v2\/media?parent=24973"}],"wp:term":[{"taxonomy":"category","embeddable":true,"href":"https:\/\/comune.santacroce.pi.it\/oldsite\/wp-json\/wp\/v2\/categories?post=24973"},{"taxonomy":"post_tag","embeddable":true,"href":"https:\/\/comune.santacroce.pi.it\/oldsite\/wp-json\/wp\/v2\/tags?post=24973"}],"curies":[{"name":"wp","href":"https:\/\/api.w.org\/{rel}","templated":true}]}}