{"id":24715,"date":"2024-06-21T09:41:37","date_gmt":"2024-06-21T07:41:37","guid":{"rendered":"https:\/\/comune.santacroce.pi.it\/oldsite\/?p=24715"},"modified":"2024-06-24T11:31:10","modified_gmt":"2024-06-24T09:31:10","slug":"raccolta-di-firme-per-n-4-quesiti-referendari-annunciati-nella-g-u-n-96-del-24-04-2024-e-legge-di-iniziativa-popolare-annunciata-nella-g-u-n-120-del-24-05-2024","status":"publish","type":"post","link":"https:\/\/comune.santacroce.pi.it\/oldsite\/raccolta-di-firme-per-n-4-quesiti-referendari-annunciati-nella-g-u-n-96-del-24-04-2024-e-legge-di-iniziativa-popolare-annunciata-nella-g-u-n-120-del-24-05-2024\/","title":{"rendered":"Raccolta di firme per n.4 quesiti Referendari, annunciati nella G.U. n.96 del 24\/04\/2024 e Legge di Iniziativa Popolare, annunciata nella G.U. n.120 del 24\/05\/2024"},"content":{"rendered":"<p>Si comunica che, presso l\u2019ufficio Segreteria Generale ( piano primo, sede comunale di Piazza del Popolo n.8) sono disponibili i moduli per la raccolta firme.<\/p>\n<ul>\n<li>Quesito n.1 &#8211; Abrogazione del voto congiunto tra candidati uninominali e liste plurinominali;<\/li>\n<li>Quesito n.2 &#8211; Niente soglie di accesso per liste autonome e coalizioni;<\/li>\n<li>Quesito n.3 &#8211; Tutti i partiti, anche quelli in parlamento, devono raccogliere le firme per le candidature;<\/li>\n<li>Quesito n.4 &#8211; Abolizione pluricandidature: ogni candidato in un solo collegio uninominale e\/o plurinominale;<\/li>\n<\/ul>\n<p>Proposta di legge di iniziativa popolare &#8211; Reintroduzione delle preferenze nei collegi plurinominali della Camera e del Senato.<\/p>\n<p>Le firme saranno raccolte dal luned\u00ec al venerd\u00ec dalle ore 9.00 alle ore 13.30 e il marted\u00ec e il gioved\u00ec dalle 15.00 alle 17.30 scadenza gioved\u00ec 5 settembre 2024.<\/p>\n","protected":false},"excerpt":{"rendered":"<p>Si comunica che, presso l\u2019ufficio Segreteria Generale ( piano primo, sede comunale di Piazza del Popolo n.8) sono disponibili i moduli per la raccolta firme. Quesito n.1 &#8211; Abrogazione del [&hellip;]<\/p>\n","protected":false},"author":22,"featured_media":24716,"comment_status":"closed","ping_status":"closed","sticky":false,"template":"","format":"standard","meta":{"footnotes":""},"categories":[1],"tags":[],"class_list":["post-24715","post","type-post","status-publish","format-standard","has-post-thumbnail","hentry","category-notizie-e-informazioni"],"yoast_head":"<!-- This site is optimized with the Yoast SEO plugin v24.7 - https:\/\/yoast.com\/wordpress\/plugins\/seo\/ -->\n<title>Raccolta di firme per n.4 quesiti Referendari, annunciati nella G.U. n.96 del 24\/04\/2024 e Legge di Iniziativa Popolare, annunciata nella G.U. n.120 del 24\/05\/2024 - Comune di Santa Croce sull&#039;Arno<\/title>\n<meta name=\"robots\" content=\"index, follow, max-snippet:-1, max-image-preview:large, max-video-preview:-1\" \/>\n<link rel=\"canonical\" href=\"https:\/\/comune.santacroce.pi.it\/oldsite\/raccolta-di-firme-per-n-4-quesiti-referendari-annunciati-nella-g-u-n-96-del-24-04-2024-e-legge-di-iniziativa-popolare-annunciata-nella-g-u-n-120-del-24-05-2024\/\" \/>\n<meta property=\"og:locale\" content=\"it_IT\" \/>\n<meta property=\"og:type\" content=\"article\" \/>\n<meta property=\"og:title\" content=\"Raccolta di firme per n.4 quesiti Referendari, annunciati nella G.U. n.96 del 24\/04\/2024 e Legge di Iniziativa Popolare, annunciata nella G.U. n.120 del 24\/05\/2024 - Comune di Santa Croce sull&#039;Arno\" \/>\n<meta property=\"og:description\" content=\"Si comunica che, presso l\u2019ufficio Segreteria Generale ( piano primo, sede comunale di Piazza del Popolo n.8) sono disponibili i moduli per la raccolta firme. Quesito n.1 &#8211; Abrogazione del [&hellip;]\" \/>\n<meta property=\"og:url\" content=\"https:\/\/comune.santacroce.pi.it\/oldsite\/raccolta-di-firme-per-n-4-quesiti-referendari-annunciati-nella-g-u-n-96-del-24-04-2024-e-legge-di-iniziativa-popolare-annunciata-nella-g-u-n-120-del-24-05-2024\/\" \/>\n<meta property=\"og:site_name\" content=\"Comune di Santa Croce sull&#039;Arno\" \/>\n<meta property=\"article:published_time\" content=\"2024-06-21T07:41:37+00:00\" \/>\n<meta property=\"article:modified_time\" content=\"2024-06-24T09:31:10+00:00\" \/>\n<meta property=\"og:image\" content=\"https:\/\/comune.santacroce.pi.it\/oldsite\/wp-content\/uploads\/2024\/06\/CARD-Referendum.png\" \/>\n\t<meta property=\"og:image:width\" content=\"1200\" \/>\n\t<meta property=\"og:image:height\" content=\"1000\" \/>\n\t<meta property=\"og:image:type\" content=\"image\/png\" \/>\n<meta name=\"author\" content=\"Paola Rossi\" \/>\n<meta name=\"twitter:card\" content=\"summary_large_image\" \/>\n<meta name=\"twitter:label1\" content=\"Scritto da\" \/>\n\t<meta name=\"twitter:data1\" content=\"Paola Rossi\" \/>\n\t<meta name=\"twitter:label2\" content=\"Tempo di lettura stimato\" \/>\n\t<meta name=\"twitter:data2\" content=\"1 minuto\" \/>\n<script type=\"application\/ld+json\" class=\"yoast-schema-graph\">{\"@context\":\"https:\/\/schema.org\",\"@graph\":[{\"@type\":\"Article\",\"@id\":\"https:\/\/comune.santacroce.pi.it\/oldsite\/raccolta-di-firme-per-n-4-quesiti-referendari-annunciati-nella-g-u-n-96-del-24-04-2024-e-legge-di-iniziativa-popolare-annunciata-nella-g-u-n-120-del-24-05-2024\/#article\",\"isPartOf\":{\"@id\":\"https:\/\/comune.santacroce.pi.it\/oldsite\/raccolta-di-firme-per-n-4-quesiti-referendari-annunciati-nella-g-u-n-96-del-24-04-2024-e-legge-di-iniziativa-popolare-annunciata-nella-g-u-n-120-del-24-05-2024\/\"},\"author\":{\"name\":\"Paola Rossi\",\"@id\":\"https:\/\/comune.santacroce.pi.it\/oldsite\/#\/schema\/person\/4ed313d47ba1d5b772eea0ca7e5e34a9\"},\"headline\":\"Raccolta di firme per n.4 quesiti Referendari, annunciati nella G.U. n.96 del 24\/04\/2024 e Legge di Iniziativa Popolare, annunciata nella G.U. n.120 del 24\/05\/2024\",\"datePublished\":\"2024-06-21T07:41:37+00:00\",\"dateModified\":\"2024-06-24T09:31:10+00:00\",\"mainEntityOfPage\":{\"@id\":\"https:\/\/comune.santacroce.pi.it\/oldsite\/raccolta-di-firme-per-n-4-quesiti-referendari-annunciati-nella-g-u-n-96-del-24-04-2024-e-legge-di-iniziativa-popolare-annunciata-nella-g-u-n-120-del-24-05-2024\/\"},\"wordCount\":147,\"publisher\":{\"@id\":\"https:\/\/comune.santacroce.pi.it\/oldsite\/#organization\"},\"image\":{\"@id\":\"https:\/\/comune.santacroce.pi.it\/oldsite\/raccolta-di-firme-per-n-4-quesiti-referendari-annunciati-nella-g-u-n-96-del-24-04-2024-e-legge-di-iniziativa-popolare-annunciata-nella-g-u-n-120-del-24-05-2024\/#primaryimage\"},\"thumbnailUrl\":\"https:\/\/comune.santacroce.pi.it\/oldsite\/wp-content\/uploads\/2024\/06\/CARD-Referendum.png\",\"articleSection\":[\"Notizie e informazioni\"],\"inLanguage\":\"it-IT\"},{\"@type\":\"WebPage\",\"@id\":\"https:\/\/comune.santacroce.pi.it\/oldsite\/raccolta-di-firme-per-n-4-quesiti-referendari-annunciati-nella-g-u-n-96-del-24-04-2024-e-legge-di-iniziativa-popolare-annunciata-nella-g-u-n-120-del-24-05-2024\/\",\"url\":\"https:\/\/comune.santacroce.pi.it\/oldsite\/raccolta-di-firme-per-n-4-quesiti-referendari-annunciati-nella-g-u-n-96-del-24-04-2024-e-legge-di-iniziativa-popolare-annunciata-nella-g-u-n-120-del-24-05-2024\/\",\"name\":\"Raccolta di firme per n.4 quesiti Referendari, annunciati nella G.U. n.96 del 24\/04\/2024 e Legge di Iniziativa Popolare, annunciata nella G.U. n.120 del 24\/05\/2024 - Comune di Santa Croce sull&#039;Arno\",\"isPartOf\":{\"@id\":\"https:\/\/comune.santacroce.pi.it\/oldsite\/#website\"},\"primaryImageOfPage\":{\"@id\":\"https:\/\/comune.santacroce.pi.it\/oldsite\/raccolta-di-firme-per-n-4-quesiti-referendari-annunciati-nella-g-u-n-96-del-24-04-2024-e-legge-di-iniziativa-popolare-annunciata-nella-g-u-n-120-del-24-05-2024\/#primaryimage\"},\"image\":{\"@id\":\"https:\/\/comune.santacroce.pi.it\/oldsite\/raccolta-di-firme-per-n-4-quesiti-referendari-annunciati-nella-g-u-n-96-del-24-04-2024-e-legge-di-iniziativa-popolare-annunciata-nella-g-u-n-120-del-24-05-2024\/#primaryimage\"},\"thumbnailUrl\":\"https:\/\/comune.santacroce.pi.it\/oldsite\/wp-content\/uploads\/2024\/06\/CARD-Referendum.png\",\"datePublished\":\"2024-06-21T07:41:37+00:00\",\"dateModified\":\"2024-06-24T09:31:10+00:00\",\"breadcrumb\":{\"@id\":\"https:\/\/comune.santacroce.pi.it\/oldsite\/raccolta-di-firme-per-n-4-quesiti-referendari-annunciati-nella-g-u-n-96-del-24-04-2024-e-legge-di-iniziativa-popolare-annunciata-nella-g-u-n-120-del-24-05-2024\/#breadcrumb\"},\"inLanguage\":\"it-IT\",\"potentialAction\":[{\"@type\":\"ReadAction\",\"target\":[\"https:\/\/comune.santacroce.pi.it\/oldsite\/raccolta-di-firme-per-n-4-quesiti-referendari-annunciati-nella-g-u-n-96-del-24-04-2024-e-legge-di-iniziativa-popolare-annunciata-nella-g-u-n-120-del-24-05-2024\/\"]}]},{\"@type\":\"ImageObject\",\"inLanguage\":\"it-IT\",\"@id\":\"https:\/\/comune.santacroce.pi.it\/oldsite\/raccolta-di-firme-per-n-4-quesiti-referendari-annunciati-nella-g-u-n-96-del-24-04-2024-e-legge-di-iniziativa-popolare-annunciata-nella-g-u-n-120-del-24-05-2024\/#primaryimage\",\"url\":\"https:\/\/comune.santacroce.pi.it\/oldsite\/wp-content\/uploads\/2024\/06\/CARD-Referendum.png\",\"contentUrl\":\"https:\/\/comune.santacroce.pi.it\/oldsite\/wp-content\/uploads\/2024\/06\/CARD-Referendum.png\",\"width\":1200,\"height\":1000},{\"@type\":\"BreadcrumbList\",\"@id\":\"https:\/\/comune.santacroce.pi.it\/oldsite\/raccolta-di-firme-per-n-4-quesiti-referendari-annunciati-nella-g-u-n-96-del-24-04-2024-e-legge-di-iniziativa-popolare-annunciata-nella-g-u-n-120-del-24-05-2024\/#breadcrumb\",\"itemListElement\":[{\"@type\":\"ListItem\",\"position\":1,\"name\":\"Home\",\"item\":\"https:\/\/comune.santacroce.pi.it\/oldsite\/\"},{\"@type\":\"ListItem\",\"position\":2,\"name\":\"Raccolta di firme per n.4 quesiti Referendari, annunciati nella G.U. n.96 del 24\/04\/2024 e Legge di Iniziativa Popolare, annunciata nella G.U. n.120 del 24\/05\/2024\"}]},{\"@type\":\"WebSite\",\"@id\":\"https:\/\/comune.santacroce.pi.it\/oldsite\/#website\",\"url\":\"https:\/\/comune.santacroce.pi.it\/oldsite\/\",\"name\":\"Comune di Santa Croce sull&#039;Arno\",\"description\":\"Provincia di Pisa\",\"publisher\":{\"@id\":\"https:\/\/comune.santacroce.pi.it\/oldsite\/#organization\"},\"potentialAction\":[{\"@type\":\"SearchAction\",\"target\":{\"@type\":\"EntryPoint\",\"urlTemplate\":\"https:\/\/comune.santacroce.pi.it\/oldsite\/?s={search_term_string}\"},\"query-input\":{\"@type\":\"PropertyValueSpecification\",\"valueRequired\":true,\"valueName\":\"search_term_string\"}}],\"inLanguage\":\"it-IT\"},{\"@type\":\"Organization\",\"@id\":\"https:\/\/comune.santacroce.pi.it\/oldsite\/#organization\",\"name\":\"Comune di Santa Croce sull'Arno\",\"url\":\"https:\/\/comune.santacroce.pi.it\/oldsite\/\",\"logo\":{\"@type\":\"ImageObject\",\"inLanguage\":\"it-IT\",\"@id\":\"https:\/\/comune.santacroce.pi.it\/oldsite\/#\/schema\/logo\/image\/\",\"url\":\"https:\/\/comune.santacroce.pi.it\/oldsite\/wp-content\/uploads\/2021\/02\/cropped-Stemma-Santa-Croce-dellArno_500-1.png\",\"contentUrl\":\"https:\/\/comune.santacroce.pi.it\/oldsite\/wp-content\/uploads\/2021\/02\/cropped-Stemma-Santa-Croce-dellArno_500-1.png\",\"width\":500,\"height\":500,\"caption\":\"Comune di Santa Croce sull'Arno\"},\"image\":{\"@id\":\"https:\/\/comune.santacroce.pi.it\/oldsite\/#\/schema\/logo\/image\/\"}},{\"@type\":\"Person\",\"@id\":\"https:\/\/comune.santacroce.pi.it\/oldsite\/#\/schema\/person\/4ed313d47ba1d5b772eea0ca7e5e34a9\",\"name\":\"Paola Rossi\",\"image\":{\"@type\":\"ImageObject\",\"inLanguage\":\"it-IT\",\"@id\":\"https:\/\/comune.santacroce.pi.it\/oldsite\/#\/schema\/person\/image\/\",\"url\":\"https:\/\/secure.gravatar.com\/avatar\/2e94aec72b9f84af488642bf54ff83df?s=96&d=mm&r=g\",\"contentUrl\":\"https:\/\/secure.gravatar.com\/avatar\/2e94aec72b9f84af488642bf54ff83df?s=96&d=mm&r=g\",\"caption\":\"Paola Rossi\"},\"url\":\"https:\/\/comune.santacroce.pi.it\/oldsite\/author\/prossisc\/\"}]}<\/script>\n<!-- \/ Yoast SEO plugin. -->","yoast_head_json":{"title":"Raccolta di firme per n.4 quesiti Referendari, annunciati nella G.U. n.96 del 24\/04\/2024 e Legge di Iniziativa Popolare, annunciata nella G.U. n.120 del 24\/05\/2024 - Comune di Santa Croce sull&#039;Arno","robots":{"index":"index","follow":"follow","max-snippet":"max-snippet:-1","max-image-preview":"max-image-preview:large","max-video-preview":"max-video-preview:-1"},"canonical":"https:\/\/comune.santacroce.pi.it\/oldsite\/raccolta-di-firme-per-n-4-quesiti-referendari-annunciati-nella-g-u-n-96-del-24-04-2024-e-legge-di-iniziativa-popolare-annunciata-nella-g-u-n-120-del-24-05-2024\/","og_locale":"it_IT","og_type":"article","og_title":"Raccolta di firme per n.4 quesiti Referendari, annunciati nella G.U. n.96 del 24\/04\/2024 e Legge di Iniziativa Popolare, annunciata nella G.U. n.120 del 24\/05\/2024 - Comune di Santa Croce sull&#039;Arno","og_description":"Si comunica che, presso l\u2019ufficio Segreteria Generale ( piano primo, sede comunale di Piazza del Popolo n.8) sono disponibili i moduli per la raccolta firme. Quesito n.1 &#8211; Abrogazione del [&hellip;]","og_url":"https:\/\/comune.santacroce.pi.it\/oldsite\/raccolta-di-firme-per-n-4-quesiti-referendari-annunciati-nella-g-u-n-96-del-24-04-2024-e-legge-di-iniziativa-popolare-annunciata-nella-g-u-n-120-del-24-05-2024\/","og_site_name":"Comune di Santa Croce sull&#039;Arno","article_published_time":"2024-06-21T07:41:37+00:00","article_modified_time":"2024-06-24T09:31:10+00:00","og_image":[{"width":1200,"height":1000,"url":"https:\/\/comune.santacroce.pi.it\/oldsite\/wp-content\/uploads\/2024\/06\/CARD-Referendum.png","type":"image\/png"}],"author":"Paola Rossi","twitter_card":"summary_large_image","twitter_misc":{"Scritto da":"Paola Rossi","Tempo di lettura stimato":"1 minuto"},"schema":{"@context":"https:\/\/schema.org","@graph":[{"@type":"Article","@id":"https:\/\/comune.santacroce.pi.it\/oldsite\/raccolta-di-firme-per-n-4-quesiti-referendari-annunciati-nella-g-u-n-96-del-24-04-2024-e-legge-di-iniziativa-popolare-annunciata-nella-g-u-n-120-del-24-05-2024\/#article","isPartOf":{"@id":"https:\/\/comune.santacroce.pi.it\/oldsite\/raccolta-di-firme-per-n-4-quesiti-referendari-annunciati-nella-g-u-n-96-del-24-04-2024-e-legge-di-iniziativa-popolare-annunciata-nella-g-u-n-120-del-24-05-2024\/"},"author":{"name":"Paola Rossi","@id":"https:\/\/comune.santacroce.pi.it\/oldsite\/#\/schema\/person\/4ed313d47ba1d5b772eea0ca7e5e34a9"},"headline":"Raccolta di firme per n.4 quesiti Referendari, annunciati nella G.U. n.96 del 24\/04\/2024 e Legge di Iniziativa Popolare, annunciata nella G.U. n.120 del 24\/05\/2024","datePublished":"2024-06-21T07:41:37+00:00","dateModified":"2024-06-24T09:31:10+00:00","mainEntityOfPage":{"@id":"https:\/\/comune.santacroce.pi.it\/oldsite\/raccolta-di-firme-per-n-4-quesiti-referendari-annunciati-nella-g-u-n-96-del-24-04-2024-e-legge-di-iniziativa-popolare-annunciata-nella-g-u-n-120-del-24-05-2024\/"},"wordCount":147,"publisher":{"@id":"https:\/\/comune.santacroce.pi.it\/oldsite\/#organization"},"image":{"@id":"https:\/\/comune.santacroce.pi.it\/oldsite\/raccolta-di-firme-per-n-4-quesiti-referendari-annunciati-nella-g-u-n-96-del-24-04-2024-e-legge-di-iniziativa-popolare-annunciata-nella-g-u-n-120-del-24-05-2024\/#primaryimage"},"thumbnailUrl":"https:\/\/comune.santacroce.pi.it\/oldsite\/wp-content\/uploads\/2024\/06\/CARD-Referendum.png","articleSection":["Notizie e informazioni"],"inLanguage":"it-IT"},{"@type":"WebPage","@id":"https:\/\/comune.santacroce.pi.it\/oldsite\/raccolta-di-firme-per-n-4-quesiti-referendari-annunciati-nella-g-u-n-96-del-24-04-2024-e-legge-di-iniziativa-popolare-annunciata-nella-g-u-n-120-del-24-05-2024\/","url":"https:\/\/comune.santacroce.pi.it\/oldsite\/raccolta-di-firme-per-n-4-quesiti-referendari-annunciati-nella-g-u-n-96-del-24-04-2024-e-legge-di-iniziativa-popolare-annunciata-nella-g-u-n-120-del-24-05-2024\/","name":"Raccolta di firme per n.4 quesiti Referendari, annunciati nella G.U. n.96 del 24\/04\/2024 e Legge di Iniziativa Popolare, annunciata nella G.U. n.120 del 24\/05\/2024 - Comune di Santa Croce sull&#039;Arno","isPartOf":{"@id":"https:\/\/comune.santacroce.pi.it\/oldsite\/#website"},"primaryImageOfPage":{"@id":"https:\/\/comune.santacroce.pi.it\/oldsite\/raccolta-di-firme-per-n-4-quesiti-referendari-annunciati-nella-g-u-n-96-del-24-04-2024-e-legge-di-iniziativa-popolare-annunciata-nella-g-u-n-120-del-24-05-2024\/#primaryimage"},"image":{"@id":"https:\/\/comune.santacroce.pi.it\/oldsite\/raccolta-di-firme-per-n-4-quesiti-referendari-annunciati-nella-g-u-n-96-del-24-04-2024-e-legge-di-iniziativa-popolare-annunciata-nella-g-u-n-120-del-24-05-2024\/#primaryimage"},"thumbnailUrl":"https:\/\/comune.santacroce.pi.it\/oldsite\/wp-content\/uploads\/2024\/06\/CARD-Referendum.png","datePublished":"2024-06-21T07:41:37+00:00","dateModified":"2024-06-24T09:31:10+00:00","breadcrumb":{"@id":"https:\/\/comune.santacroce.pi.it\/oldsite\/raccolta-di-firme-per-n-4-quesiti-referendari-annunciati-nella-g-u-n-96-del-24-04-2024-e-legge-di-iniziativa-popolare-annunciata-nella-g-u-n-120-del-24-05-2024\/#breadcrumb"},"inLanguage":"it-IT","potentialAction":[{"@type":"ReadAction","target":["https:\/\/comune.santacroce.pi.it\/oldsite\/raccolta-di-firme-per-n-4-quesiti-referendari-annunciati-nella-g-u-n-96-del-24-04-2024-e-legge-di-iniziativa-popolare-annunciata-nella-g-u-n-120-del-24-05-2024\/"]}]},{"@type":"ImageObject","inLanguage":"it-IT","@id":"https:\/\/comune.santacroce.pi.it\/oldsite\/raccolta-di-firme-per-n-4-quesiti-referendari-annunciati-nella-g-u-n-96-del-24-04-2024-e-legge-di-iniziativa-popolare-annunciata-nella-g-u-n-120-del-24-05-2024\/#primaryimage","url":"https:\/\/comune.santacroce.pi.it\/oldsite\/wp-content\/uploads\/2024\/06\/CARD-Referendum.png","contentUrl":"https:\/\/comune.santacroce.pi.it\/oldsite\/wp-content\/uploads\/2024\/06\/CARD-Referendum.png","width":1200,"height":1000},{"@type":"BreadcrumbList","@id":"https:\/\/comune.santacroce.pi.it\/oldsite\/raccolta-di-firme-per-n-4-quesiti-referendari-annunciati-nella-g-u-n-96-del-24-04-2024-e-legge-di-iniziativa-popolare-annunciata-nella-g-u-n-120-del-24-05-2024\/#breadcrumb","itemListElement":[{"@type":"ListItem","position":1,"name":"Home","item":"https:\/\/comune.santacroce.pi.it\/oldsite\/"},{"@type":"ListItem","position":2,"name":"Raccolta di firme per n.4 quesiti Referendari, annunciati nella G.U. n.96 del 24\/04\/2024 e Legge di Iniziativa Popolare, annunciata nella G.U. n.120 del 24\/05\/2024"}]},{"@type":"WebSite","@id":"https:\/\/comune.santacroce.pi.it\/oldsite\/#website","url":"https:\/\/comune.santacroce.pi.it\/oldsite\/","name":"Comune di Santa Croce sull&#039;Arno","description":"Provincia di Pisa","publisher":{"@id":"https:\/\/comune.santacroce.pi.it\/oldsite\/#organization"},"potentialAction":[{"@type":"SearchAction","target":{"@type":"EntryPoint","urlTemplate":"https:\/\/comune.santacroce.pi.it\/oldsite\/?s={search_term_string}"},"query-input":{"@type":"PropertyValueSpecification","valueRequired":true,"valueName":"search_term_string"}}],"inLanguage":"it-IT"},{"@type":"Organization","@id":"https:\/\/comune.santacroce.pi.it\/oldsite\/#organization","name":"Comune di Santa Croce sull'Arno","url":"https:\/\/comune.santacroce.pi.it\/oldsite\/","logo":{"@type":"ImageObject","inLanguage":"it-IT","@id":"https:\/\/comune.santacroce.pi.it\/oldsite\/#\/schema\/logo\/image\/","url":"https:\/\/comune.santacroce.pi.it\/oldsite\/wp-content\/uploads\/2021\/02\/cropped-Stemma-Santa-Croce-dellArno_500-1.png","contentUrl":"https:\/\/comune.santacroce.pi.it\/oldsite\/wp-content\/uploads\/2021\/02\/cropped-Stemma-Santa-Croce-dellArno_500-1.png","width":500,"height":500,"caption":"Comune di Santa Croce sull'Arno"},"image":{"@id":"https:\/\/comune.santacroce.pi.it\/oldsite\/#\/schema\/logo\/image\/"}},{"@type":"Person","@id":"https:\/\/comune.santacroce.pi.it\/oldsite\/#\/schema\/person\/4ed313d47ba1d5b772eea0ca7e5e34a9","name":"Paola Rossi","image":{"@type":"ImageObject","inLanguage":"it-IT","@id":"https:\/\/comune.santacroce.pi.it\/oldsite\/#\/schema\/person\/image\/","url":"https:\/\/secure.gravatar.com\/avatar\/2e94aec72b9f84af488642bf54ff83df?s=96&d=mm&r=g","contentUrl":"https:\/\/secure.gravatar.com\/avatar\/2e94aec72b9f84af488642bf54ff83df?s=96&d=mm&r=g","caption":"Paola Rossi"},"url":"https:\/\/comune.santacroce.pi.it\/oldsite\/author\/prossisc\/"}]}},"jetpack_featured_media_url":"https:\/\/comune.santacroce.pi.it\/oldsite\/wp-content\/uploads\/2024\/06\/CARD-Referendum.png","meta_box":{"comunicacity_sync":"1","cc4_urg_colore":"rosso","cc4_urg_data_inizio":"","cc4_urg_data_fine":"","cc4_cor_positivi_oggi":"","cc4_cor_negativizzati_oggi":"","cc4_cor_deceduti_oggi":"","cc4_cor_positivi_totali":"","cc4_cor_negativizzati_totali":"","cc4_cor_deceduti_totali":"","cc4_cor_attualmente_positivi":"","cc4_eve_data_inizio":"","cc4_eve_data_fine":"","cc4_eve_indirizzo":"","cc4_eve_posizione":{"latitude":"0","longitude":"0","zoom":"0"},"cc4_eve_telefono":"","cc4_eve_email":"","cc4_eve_web":"","cc4_eve_fb":""},"_links":{"self":[{"href":"https:\/\/comune.santacroce.pi.it\/oldsite\/wp-json\/wp\/v2\/posts\/24715","targetHints":{"allow":["GET"]}}],"collection":[{"href":"https:\/\/comune.santacroce.pi.it\/oldsite\/wp-json\/wp\/v2\/posts"}],"about":[{"href":"https:\/\/comune.santacroce.pi.it\/oldsite\/wp-json\/wp\/v2\/types\/post"}],"author":[{"embeddable":true,"href":"https:\/\/comune.santacroce.pi.it\/oldsite\/wp-json\/wp\/v2\/users\/22"}],"replies":[{"embeddable":true,"href":"https:\/\/comune.santacroce.pi.it\/oldsite\/wp-json\/wp\/v2\/comments?post=24715"}],"version-history":[{"count":0,"href":"https:\/\/comune.santacroce.pi.it\/oldsite\/wp-json\/wp\/v2\/posts\/24715\/revisions"}],"wp:featuredmedia":[{"embeddable":true,"href":"https:\/\/comune.santacroce.pi.it\/oldsite\/wp-json\/wp\/v2\/media\/24716"}],"wp:attachment":[{"href":"https:\/\/comune.santacroce.pi.it\/oldsite\/wp-json\/wp\/v2\/media?parent=24715"}],"wp:term":[{"taxonomy":"category","embeddable":true,"href":"https:\/\/comune.santacroce.pi.it\/oldsite\/wp-json\/wp\/v2\/categories?post=24715"},{"taxonomy":"post_tag","embeddable":true,"href":"https:\/\/comune.santacroce.pi.it\/oldsite\/wp-json\/wp\/v2\/tags?post=24715"}],"curies":[{"name":"wp","href":"https:\/\/api.w.org\/{rel}","templated":true}]}}