{"id":24568,"date":"2024-05-29T10:31:18","date_gmt":"2024-05-29T08:31:18","guid":{"rendered":"https:\/\/comune.santacroce.pi.it\/oldsite\/?p=24568"},"modified":"2024-05-29T11:19:26","modified_gmt":"2024-05-29T09:19:26","slug":"piano-strutturale-intercomunale-adozione-e-inizio-fase-osservazioni","status":"publish","type":"post","link":"https:\/\/comune.santacroce.pi.it\/oldsite\/piano-strutturale-intercomunale-adozione-e-inizio-fase-osservazioni\/","title":{"rendered":"Piano Strutturale Intercomunale: ADOZIONE E INIZIO FASE OSSERVAZIONI"},"content":{"rendered":"<p>Con <a href=\"https:\/\/comune.santacroce.pi.it\/oldsite\/wp-content\/uploads\/2024\/05\/Delibera-CC-22-del-22-04-2024-ADOZIONE.pdf\">Deliberazione del Consiglio Comunale del Comune di Castelfranco di Sotto n.22 del 22.04.2024<\/a> e del <a href=\"https:\/\/comune.santacroce.pi.it\/oldsite\/wp-content\/uploads\/2024\/05\/Delibera-CC-25-del-24-04-2024-ADOZIONE-SANTA-CROCE.pdf\">Consiglio Comunale del Comune di Santa Croce sull&#8217;Arno n.25 del 24.04.2024<\/a> \u00e8 stato <strong>adottato<\/strong> il Piano Strutturale Intercomunale dei Comuni di Castelfranco di Sotto e di Santa Croce sull\u2019Arno, ai sensi degli artt. 19 e 23 della L.R. 65\/2014.<\/p>\n<h5><span style=\"color: #ff6600\"><em><strong>Consultazione della documentazione:<\/strong><\/em><\/span><\/h5>\n<p>La documentazione \u00e8 disponibile per la <strong>consultazione<\/strong> e il <strong>download<\/strong> ai seguenti link:<\/p>\n<p>&#8211; <strong>Link alla consultazione e download<\/strong> da <a href=\"http:\/\/cloud.urbi.it\/urbi\/progs\/urp\/ur2DE001.sto?StwEvent=101&amp;DB_NAME=n1233358&amp;IdDelibere=30103\">Amministrazione trasparente<\/a> (Comune di Santa Croce sull&#8217;Arno) e <a href=\"https:\/\/castelfranco-disotto.trasparenza-valutazione-merito.it\/web\/trasparenza\/albo-pretorio\">Albo pretorio (Comune di Castelfranco di Sotto)<\/a> dalla sezione &#8220;Storico atti&#8221; e facendo una ricerca in &#8220;Delibere&#8221;\/&#8221;Delibere di Consiglio&#8221; con i dati della delibera stessa (n.22 del 2024)<br \/>\n&#8211; <strong><a href=\"https:\/\/www.comune.castelfranco.pi.it\/statico\/Piano-Strutturale-Intercomunale\/Piano-Strutturale-Intercomunale.zip\">Link al download massivo dei documenti<\/a><\/strong> (formato pdf)<\/p>\n<h5><span style=\"color: #ff6600\"><em><strong>Fase osservazioni e consultazioni:<\/strong><\/em><\/span><\/h5>\n<p>L\u2019avviso di deliberazione \u00e8 stato pubblicato sul <strong><a href=\"https:\/\/comune.santacroce.pi.it\/oldsite\/wp-content\/uploads\/2024\/05\/BURT-n.22-del-29.05.2024.pdf\">BURT n.22 del 29.05.2024<\/a><\/strong>\u00a0e da tale data:<br \/>\n&#8211; decorrono i <strong>60 (sessanta) giorni<\/strong> entro i quali chiunque potr\u00e0 prendere visione del provvedimento adottato e dei relativi allegati e presentare osservazioni pertinenti al Piano stesso;<br \/>\n&#8211; decorrono i <strong>45 (quarantacinque) giorni<\/strong> entro i quali chiunque potr\u00e0 presentare osservazioni inerenti il procedimento di Valutazione Ambientale Strategica.<\/p>\n<p>Le osservazioni, da formulare con il seguente modulo disponibile in formato <a href=\"https:\/\/comune.santacroce.pi.it\/oldsite\/wp-content\/uploads\/2024\/05\/modello-osservazioni-adozione-PSI-CFSC.pdf\">pdf<\/a> ed <a href=\"https:\/\/comune.santacroce.pi.it\/oldsite\/wp-content\/uploads\/2024\/05\/modello-osservazioni-adozione-PSI-CFSC.odt\">editabile<\/a>, dovranno pervenire al <strong>Settore 3 \u2013 Servizio Urbanistica ed Edilizia privata del Comune di Castelfranco di Sotto<\/strong>, in quanto Ente responsabile dell\u2019esercizio associato, nelle modalit\u00e0 di seguito riportate:<\/p>\n<p>&#8211; <strong>pec<\/strong> all\u2019indirizzo <a href=\"mailto:comune.castelfrancodisotto@postacert.toscana.it\">comune.castelfrancodisotto@postacert.toscana.it<\/a> indicando nell\u2019oggetto la dicitura \u201cOSSERVAZIONE PSI\u201d e con documentazione firmata digitalmente (d.lgs. 82\/2005) o formalmente corretta per la trasmissione digitale;<br \/>\n&#8211; <strong>raccomandata A\/R<\/strong> al Comune di Castelfranco di Sotto \u2013 Settore 3 \u2013 Servizio Urbanistica ed Edilizia privata, Piazza Remo Bertoncini 1 \u2013 56022 Castelfranco di Sotto (PI). Non far\u00e0 fede il timbro dell\u2019ufficio postale accettante.<br \/>\n&#8211; <strong>a mano<\/strong> all\u2019Ufficio Protocollo del Comune di Castelfranco nei seguenti orari: dal luned\u00ec al venerd\u00ec alle 9.00 alle 13.00 e il luned\u00ec e il gioved\u00ec dalle 15:30 alle 17:30.<\/p>\n<p>Per qualsiasi altra informazione relativa al <strong>procedimento di formazione<\/strong> del Piano Strutturale Intercomunale si rimanda alla pagina dedicata: <a href=\"https:\/\/comune.santacroce.pi.it\/oldsite\/aree-tematiche-urbanistica-e-edilizia\/piano-strutturale-intercomunale-psi\/\">Link alla Pagina<\/a><\/p>\n<p>I tecnici dell&#8217;<strong><a href=\"https:\/\/comune.santacroce.pi.it\/oldsite\/uffici\/settore-2-gestione-del-territorio-e-patrimonio\/urbanistica-e-edilizia\/\">U.O. Urbanistica-Edilizia privata<\/a><\/strong> sono a disposizione per chiarimenti e approfondimenti, nei giorni di marted\u00ec e gioved\u00ec dalle ore 10.00 alle ore 13.00 e dalle ore 15.30 alle ore 17.30 previo appuntamento mediante sportello <a href=\"http:\/\/www.santacrocesullarno.cportal.it\">www.santacrocesullarno.cportal.it<\/a><\/p>\n","protected":false},"excerpt":{"rendered":"<p>Con Deliberazione del Consiglio Comunale del Comune di Castelfranco di Sotto n.22 del 22.04.2024 e del Consiglio Comunale del Comune di Santa Croce sull&#8217;Arno n.25 del 24.04.2024 \u00e8 stato adottato [&hellip;]<\/p>\n","protected":false},"author":35,"featured_media":12407,"comment_status":"closed","ping_status":"closed","sticky":false,"template":"","format":"standard","meta":{"footnotes":""},"categories":[1,501],"tags":[],"class_list":["post-24568","post","type-post","status-publish","format-standard","has-post-thumbnail","hentry","category-notizie-e-informazioni","category-urbanistica"],"yoast_head":"<!-- This site is optimized with the Yoast SEO plugin v24.7 - https:\/\/yoast.com\/wordpress\/plugins\/seo\/ -->\n<title>Piano Strutturale Intercomunale: ADOZIONE E INIZIO FASE OSSERVAZIONI - Comune di Santa Croce sull&#039;Arno<\/title>\n<meta name=\"robots\" content=\"index, follow, max-snippet:-1, max-image-preview:large, max-video-preview:-1\" \/>\n<link rel=\"canonical\" href=\"https:\/\/comune.santacroce.pi.it\/oldsite\/piano-strutturale-intercomunale-adozione-e-inizio-fase-osservazioni\/\" \/>\n<meta property=\"og:locale\" content=\"it_IT\" \/>\n<meta property=\"og:type\" content=\"article\" \/>\n<meta property=\"og:title\" content=\"Piano Strutturale Intercomunale: ADOZIONE E INIZIO FASE OSSERVAZIONI - Comune di Santa Croce sull&#039;Arno\" \/>\n<meta property=\"og:description\" content=\"Con Deliberazione del Consiglio Comunale del Comune di Castelfranco di Sotto n.22 del 22.04.2024 e del Consiglio Comunale del Comune di Santa Croce sull&#8217;Arno n.25 del 24.04.2024 \u00e8 stato adottato [&hellip;]\" \/>\n<meta property=\"og:url\" content=\"https:\/\/comune.santacroce.pi.it\/oldsite\/piano-strutturale-intercomunale-adozione-e-inizio-fase-osservazioni\/\" \/>\n<meta property=\"og:site_name\" content=\"Comune di Santa Croce sull&#039;Arno\" \/>\n<meta property=\"article:published_time\" content=\"2024-05-29T08:31:18+00:00\" \/>\n<meta property=\"article:modified_time\" content=\"2024-05-29T09:19:26+00:00\" \/>\n<meta property=\"og:image\" content=\"https:\/\/comune.santacroce.pi.it\/oldsite\/wp-content\/uploads\/2017\/11\/Notizie-ed-informazioni.png\" \/>\n\t<meta property=\"og:image:width\" content=\"800\" \/>\n\t<meta property=\"og:image:height\" content=\"600\" \/>\n\t<meta property=\"og:image:type\" content=\"image\/png\" \/>\n<meta name=\"author\" content=\"Sara Trevisan\" \/>\n<meta name=\"twitter:card\" content=\"summary_large_image\" \/>\n<meta name=\"twitter:label1\" content=\"Scritto da\" \/>\n\t<meta name=\"twitter:data1\" content=\"Sara Trevisan\" \/>\n\t<meta name=\"twitter:label2\" content=\"Tempo di lettura stimato\" \/>\n\t<meta name=\"twitter:data2\" content=\"2 minuti\" \/>\n<script type=\"application\/ld+json\" class=\"yoast-schema-graph\">{\"@context\":\"https:\/\/schema.org\",\"@graph\":[{\"@type\":\"Article\",\"@id\":\"https:\/\/comune.santacroce.pi.it\/oldsite\/piano-strutturale-intercomunale-adozione-e-inizio-fase-osservazioni\/#article\",\"isPartOf\":{\"@id\":\"https:\/\/comune.santacroce.pi.it\/oldsite\/piano-strutturale-intercomunale-adozione-e-inizio-fase-osservazioni\/\"},\"author\":{\"name\":\"Sara Trevisan\",\"@id\":\"https:\/\/comune.santacroce.pi.it\/oldsite\/#\/schema\/person\/35bdffcf429b09889c9a384b49e1e3b1\"},\"headline\":\"Piano Strutturale Intercomunale: ADOZIONE E INIZIO FASE OSSERVAZIONI\",\"datePublished\":\"2024-05-29T08:31:18+00:00\",\"dateModified\":\"2024-05-29T09:19:26+00:00\",\"mainEntityOfPage\":{\"@id\":\"https:\/\/comune.santacroce.pi.it\/oldsite\/piano-strutturale-intercomunale-adozione-e-inizio-fase-osservazioni\/\"},\"wordCount\":379,\"publisher\":{\"@id\":\"https:\/\/comune.santacroce.pi.it\/oldsite\/#organization\"},\"image\":{\"@id\":\"https:\/\/comune.santacroce.pi.it\/oldsite\/piano-strutturale-intercomunale-adozione-e-inizio-fase-osservazioni\/#primaryimage\"},\"thumbnailUrl\":\"https:\/\/comune.santacroce.pi.it\/oldsite\/wp-content\/uploads\/2017\/11\/Notizie-ed-informazioni.png\",\"articleSection\":[\"Notizie e informazioni\",\"Urbanistica\"],\"inLanguage\":\"it-IT\"},{\"@type\":\"WebPage\",\"@id\":\"https:\/\/comune.santacroce.pi.it\/oldsite\/piano-strutturale-intercomunale-adozione-e-inizio-fase-osservazioni\/\",\"url\":\"https:\/\/comune.santacroce.pi.it\/oldsite\/piano-strutturale-intercomunale-adozione-e-inizio-fase-osservazioni\/\",\"name\":\"Piano Strutturale Intercomunale: ADOZIONE E INIZIO FASE OSSERVAZIONI - Comune di Santa Croce sull&#039;Arno\",\"isPartOf\":{\"@id\":\"https:\/\/comune.santacroce.pi.it\/oldsite\/#website\"},\"primaryImageOfPage\":{\"@id\":\"https:\/\/comune.santacroce.pi.it\/oldsite\/piano-strutturale-intercomunale-adozione-e-inizio-fase-osservazioni\/#primaryimage\"},\"image\":{\"@id\":\"https:\/\/comune.santacroce.pi.it\/oldsite\/piano-strutturale-intercomunale-adozione-e-inizio-fase-osservazioni\/#primaryimage\"},\"thumbnailUrl\":\"https:\/\/comune.santacroce.pi.it\/oldsite\/wp-content\/uploads\/2017\/11\/Notizie-ed-informazioni.png\",\"datePublished\":\"2024-05-29T08:31:18+00:00\",\"dateModified\":\"2024-05-29T09:19:26+00:00\",\"breadcrumb\":{\"@id\":\"https:\/\/comune.santacroce.pi.it\/oldsite\/piano-strutturale-intercomunale-adozione-e-inizio-fase-osservazioni\/#breadcrumb\"},\"inLanguage\":\"it-IT\",\"potentialAction\":[{\"@type\":\"ReadAction\",\"target\":[\"https:\/\/comune.santacroce.pi.it\/oldsite\/piano-strutturale-intercomunale-adozione-e-inizio-fase-osservazioni\/\"]}]},{\"@type\":\"ImageObject\",\"inLanguage\":\"it-IT\",\"@id\":\"https:\/\/comune.santacroce.pi.it\/oldsite\/piano-strutturale-intercomunale-adozione-e-inizio-fase-osservazioni\/#primaryimage\",\"url\":\"https:\/\/comune.santacroce.pi.it\/oldsite\/wp-content\/uploads\/2017\/11\/Notizie-ed-informazioni.png\",\"contentUrl\":\"https:\/\/comune.santacroce.pi.it\/oldsite\/wp-content\/uploads\/2017\/11\/Notizie-ed-informazioni.png\",\"width\":800,\"height\":600},{\"@type\":\"BreadcrumbList\",\"@id\":\"https:\/\/comune.santacroce.pi.it\/oldsite\/piano-strutturale-intercomunale-adozione-e-inizio-fase-osservazioni\/#breadcrumb\",\"itemListElement\":[{\"@type\":\"ListItem\",\"position\":1,\"name\":\"Home\",\"item\":\"https:\/\/comune.santacroce.pi.it\/oldsite\/\"},{\"@type\":\"ListItem\",\"position\":2,\"name\":\"Piano Strutturale Intercomunale: ADOZIONE E INIZIO FASE OSSERVAZIONI\"}]},{\"@type\":\"WebSite\",\"@id\":\"https:\/\/comune.santacroce.pi.it\/oldsite\/#website\",\"url\":\"https:\/\/comune.santacroce.pi.it\/oldsite\/\",\"name\":\"Comune di Santa Croce sull&#039;Arno\",\"description\":\"Provincia di Pisa\",\"publisher\":{\"@id\":\"https:\/\/comune.santacroce.pi.it\/oldsite\/#organization\"},\"potentialAction\":[{\"@type\":\"SearchAction\",\"target\":{\"@type\":\"EntryPoint\",\"urlTemplate\":\"https:\/\/comune.santacroce.pi.it\/oldsite\/?s={search_term_string}\"},\"query-input\":{\"@type\":\"PropertyValueSpecification\",\"valueRequired\":true,\"valueName\":\"search_term_string\"}}],\"inLanguage\":\"it-IT\"},{\"@type\":\"Organization\",\"@id\":\"https:\/\/comune.santacroce.pi.it\/oldsite\/#organization\",\"name\":\"Comune di Santa Croce sull'Arno\",\"url\":\"https:\/\/comune.santacroce.pi.it\/oldsite\/\",\"logo\":{\"@type\":\"ImageObject\",\"inLanguage\":\"it-IT\",\"@id\":\"https:\/\/comune.santacroce.pi.it\/oldsite\/#\/schema\/logo\/image\/\",\"url\":\"https:\/\/comune.santacroce.pi.it\/oldsite\/wp-content\/uploads\/2021\/02\/cropped-Stemma-Santa-Croce-dellArno_500-1.png\",\"contentUrl\":\"https:\/\/comune.santacroce.pi.it\/oldsite\/wp-content\/uploads\/2021\/02\/cropped-Stemma-Santa-Croce-dellArno_500-1.png\",\"width\":500,\"height\":500,\"caption\":\"Comune di Santa Croce sull'Arno\"},\"image\":{\"@id\":\"https:\/\/comune.santacroce.pi.it\/oldsite\/#\/schema\/logo\/image\/\"}},{\"@type\":\"Person\",\"@id\":\"https:\/\/comune.santacroce.pi.it\/oldsite\/#\/schema\/person\/35bdffcf429b09889c9a384b49e1e3b1\",\"name\":\"Sara Trevisan\",\"image\":{\"@type\":\"ImageObject\",\"inLanguage\":\"it-IT\",\"@id\":\"https:\/\/comune.santacroce.pi.it\/oldsite\/#\/schema\/person\/image\/\",\"url\":\"https:\/\/secure.gravatar.com\/avatar\/5fbeedbd8865b51d534c29add6ce6f35?s=96&d=mm&r=g\",\"contentUrl\":\"https:\/\/secure.gravatar.com\/avatar\/5fbeedbd8865b51d534c29add6ce6f35?s=96&d=mm&r=g\",\"caption\":\"Sara Trevisan\"},\"url\":\"https:\/\/comune.santacroce.pi.it\/oldsite\/author\/strevisan\/\"}]}<\/script>\n<!-- \/ Yoast SEO plugin. -->","yoast_head_json":{"title":"Piano Strutturale Intercomunale: ADOZIONE E INIZIO FASE OSSERVAZIONI - Comune di Santa Croce sull&#039;Arno","robots":{"index":"index","follow":"follow","max-snippet":"max-snippet:-1","max-image-preview":"max-image-preview:large","max-video-preview":"max-video-preview:-1"},"canonical":"https:\/\/comune.santacroce.pi.it\/oldsite\/piano-strutturale-intercomunale-adozione-e-inizio-fase-osservazioni\/","og_locale":"it_IT","og_type":"article","og_title":"Piano Strutturale Intercomunale: ADOZIONE E INIZIO FASE OSSERVAZIONI - Comune di Santa Croce sull&#039;Arno","og_description":"Con Deliberazione del Consiglio Comunale del Comune di Castelfranco di Sotto n.22 del 22.04.2024 e del Consiglio Comunale del Comune di Santa Croce sull&#8217;Arno n.25 del 24.04.2024 \u00e8 stato adottato [&hellip;]","og_url":"https:\/\/comune.santacroce.pi.it\/oldsite\/piano-strutturale-intercomunale-adozione-e-inizio-fase-osservazioni\/","og_site_name":"Comune di Santa Croce sull&#039;Arno","article_published_time":"2024-05-29T08:31:18+00:00","article_modified_time":"2024-05-29T09:19:26+00:00","og_image":[{"width":800,"height":600,"url":"https:\/\/comune.santacroce.pi.it\/oldsite\/wp-content\/uploads\/2017\/11\/Notizie-ed-informazioni.png","type":"image\/png"}],"author":"Sara Trevisan","twitter_card":"summary_large_image","twitter_misc":{"Scritto da":"Sara Trevisan","Tempo di lettura stimato":"2 minuti"},"schema":{"@context":"https:\/\/schema.org","@graph":[{"@type":"Article","@id":"https:\/\/comune.santacroce.pi.it\/oldsite\/piano-strutturale-intercomunale-adozione-e-inizio-fase-osservazioni\/#article","isPartOf":{"@id":"https:\/\/comune.santacroce.pi.it\/oldsite\/piano-strutturale-intercomunale-adozione-e-inizio-fase-osservazioni\/"},"author":{"name":"Sara Trevisan","@id":"https:\/\/comune.santacroce.pi.it\/oldsite\/#\/schema\/person\/35bdffcf429b09889c9a384b49e1e3b1"},"headline":"Piano Strutturale Intercomunale: ADOZIONE E INIZIO FASE OSSERVAZIONI","datePublished":"2024-05-29T08:31:18+00:00","dateModified":"2024-05-29T09:19:26+00:00","mainEntityOfPage":{"@id":"https:\/\/comune.santacroce.pi.it\/oldsite\/piano-strutturale-intercomunale-adozione-e-inizio-fase-osservazioni\/"},"wordCount":379,"publisher":{"@id":"https:\/\/comune.santacroce.pi.it\/oldsite\/#organization"},"image":{"@id":"https:\/\/comune.santacroce.pi.it\/oldsite\/piano-strutturale-intercomunale-adozione-e-inizio-fase-osservazioni\/#primaryimage"},"thumbnailUrl":"https:\/\/comune.santacroce.pi.it\/oldsite\/wp-content\/uploads\/2017\/11\/Notizie-ed-informazioni.png","articleSection":["Notizie e informazioni","Urbanistica"],"inLanguage":"it-IT"},{"@type":"WebPage","@id":"https:\/\/comune.santacroce.pi.it\/oldsite\/piano-strutturale-intercomunale-adozione-e-inizio-fase-osservazioni\/","url":"https:\/\/comune.santacroce.pi.it\/oldsite\/piano-strutturale-intercomunale-adozione-e-inizio-fase-osservazioni\/","name":"Piano Strutturale Intercomunale: ADOZIONE E INIZIO FASE OSSERVAZIONI - Comune di Santa Croce sull&#039;Arno","isPartOf":{"@id":"https:\/\/comune.santacroce.pi.it\/oldsite\/#website"},"primaryImageOfPage":{"@id":"https:\/\/comune.santacroce.pi.it\/oldsite\/piano-strutturale-intercomunale-adozione-e-inizio-fase-osservazioni\/#primaryimage"},"image":{"@id":"https:\/\/comune.santacroce.pi.it\/oldsite\/piano-strutturale-intercomunale-adozione-e-inizio-fase-osservazioni\/#primaryimage"},"thumbnailUrl":"https:\/\/comune.santacroce.pi.it\/oldsite\/wp-content\/uploads\/2017\/11\/Notizie-ed-informazioni.png","datePublished":"2024-05-29T08:31:18+00:00","dateModified":"2024-05-29T09:19:26+00:00","breadcrumb":{"@id":"https:\/\/comune.santacroce.pi.it\/oldsite\/piano-strutturale-intercomunale-adozione-e-inizio-fase-osservazioni\/#breadcrumb"},"inLanguage":"it-IT","potentialAction":[{"@type":"ReadAction","target":["https:\/\/comune.santacroce.pi.it\/oldsite\/piano-strutturale-intercomunale-adozione-e-inizio-fase-osservazioni\/"]}]},{"@type":"ImageObject","inLanguage":"it-IT","@id":"https:\/\/comune.santacroce.pi.it\/oldsite\/piano-strutturale-intercomunale-adozione-e-inizio-fase-osservazioni\/#primaryimage","url":"https:\/\/comune.santacroce.pi.it\/oldsite\/wp-content\/uploads\/2017\/11\/Notizie-ed-informazioni.png","contentUrl":"https:\/\/comune.santacroce.pi.it\/oldsite\/wp-content\/uploads\/2017\/11\/Notizie-ed-informazioni.png","width":800,"height":600},{"@type":"BreadcrumbList","@id":"https:\/\/comune.santacroce.pi.it\/oldsite\/piano-strutturale-intercomunale-adozione-e-inizio-fase-osservazioni\/#breadcrumb","itemListElement":[{"@type":"ListItem","position":1,"name":"Home","item":"https:\/\/comune.santacroce.pi.it\/oldsite\/"},{"@type":"ListItem","position":2,"name":"Piano Strutturale Intercomunale: ADOZIONE E INIZIO FASE OSSERVAZIONI"}]},{"@type":"WebSite","@id":"https:\/\/comune.santacroce.pi.it\/oldsite\/#website","url":"https:\/\/comune.santacroce.pi.it\/oldsite\/","name":"Comune di Santa Croce sull&#039;Arno","description":"Provincia di Pisa","publisher":{"@id":"https:\/\/comune.santacroce.pi.it\/oldsite\/#organization"},"potentialAction":[{"@type":"SearchAction","target":{"@type":"EntryPoint","urlTemplate":"https:\/\/comune.santacroce.pi.it\/oldsite\/?s={search_term_string}"},"query-input":{"@type":"PropertyValueSpecification","valueRequired":true,"valueName":"search_term_string"}}],"inLanguage":"it-IT"},{"@type":"Organization","@id":"https:\/\/comune.santacroce.pi.it\/oldsite\/#organization","name":"Comune di Santa Croce sull'Arno","url":"https:\/\/comune.santacroce.pi.it\/oldsite\/","logo":{"@type":"ImageObject","inLanguage":"it-IT","@id":"https:\/\/comune.santacroce.pi.it\/oldsite\/#\/schema\/logo\/image\/","url":"https:\/\/comune.santacroce.pi.it\/oldsite\/wp-content\/uploads\/2021\/02\/cropped-Stemma-Santa-Croce-dellArno_500-1.png","contentUrl":"https:\/\/comune.santacroce.pi.it\/oldsite\/wp-content\/uploads\/2021\/02\/cropped-Stemma-Santa-Croce-dellArno_500-1.png","width":500,"height":500,"caption":"Comune di Santa Croce sull'Arno"},"image":{"@id":"https:\/\/comune.santacroce.pi.it\/oldsite\/#\/schema\/logo\/image\/"}},{"@type":"Person","@id":"https:\/\/comune.santacroce.pi.it\/oldsite\/#\/schema\/person\/35bdffcf429b09889c9a384b49e1e3b1","name":"Sara Trevisan","image":{"@type":"ImageObject","inLanguage":"it-IT","@id":"https:\/\/comune.santacroce.pi.it\/oldsite\/#\/schema\/person\/image\/","url":"https:\/\/secure.gravatar.com\/avatar\/5fbeedbd8865b51d534c29add6ce6f35?s=96&d=mm&r=g","contentUrl":"https:\/\/secure.gravatar.com\/avatar\/5fbeedbd8865b51d534c29add6ce6f35?s=96&d=mm&r=g","caption":"Sara Trevisan"},"url":"https:\/\/comune.santacroce.pi.it\/oldsite\/author\/strevisan\/"}]}},"jetpack_featured_media_url":"https:\/\/comune.santacroce.pi.it\/oldsite\/wp-content\/uploads\/2017\/11\/Notizie-ed-informazioni.png","meta_box":{"comunicacity_sync":"1","cc4_urg_colore":"rosso","cc4_urg_data_inizio":"","cc4_urg_data_fine":"","cc4_cor_positivi_oggi":"","cc4_cor_negativizzati_oggi":"","cc4_cor_deceduti_oggi":"","cc4_cor_positivi_totali":"","cc4_cor_negativizzati_totali":"","cc4_cor_deceduti_totali":"","cc4_cor_attualmente_positivi":"","cc4_eve_data_inizio":"","cc4_eve_data_fine":"","cc4_eve_indirizzo":"","cc4_eve_posizione":{"latitude":"0","longitude":"0","zoom":"0"},"cc4_eve_telefono":"","cc4_eve_email":"","cc4_eve_web":"","cc4_eve_fb":""},"_links":{"self":[{"href":"https:\/\/comune.santacroce.pi.it\/oldsite\/wp-json\/wp\/v2\/posts\/24568","targetHints":{"allow":["GET"]}}],"collection":[{"href":"https:\/\/comune.santacroce.pi.it\/oldsite\/wp-json\/wp\/v2\/posts"}],"about":[{"href":"https:\/\/comune.santacroce.pi.it\/oldsite\/wp-json\/wp\/v2\/types\/post"}],"author":[{"embeddable":true,"href":"https:\/\/comune.santacroce.pi.it\/oldsite\/wp-json\/wp\/v2\/users\/35"}],"replies":[{"embeddable":true,"href":"https:\/\/comune.santacroce.pi.it\/oldsite\/wp-json\/wp\/v2\/comments?post=24568"}],"version-history":[{"count":0,"href":"https:\/\/comune.santacroce.pi.it\/oldsite\/wp-json\/wp\/v2\/posts\/24568\/revisions"}],"wp:featuredmedia":[{"embeddable":true,"href":"https:\/\/comune.santacroce.pi.it\/oldsite\/wp-json\/wp\/v2\/media\/12407"}],"wp:attachment":[{"href":"https:\/\/comune.santacroce.pi.it\/oldsite\/wp-json\/wp\/v2\/media?parent=24568"}],"wp:term":[{"taxonomy":"category","embeddable":true,"href":"https:\/\/comune.santacroce.pi.it\/oldsite\/wp-json\/wp\/v2\/categories?post=24568"},{"taxonomy":"post_tag","embeddable":true,"href":"https:\/\/comune.santacroce.pi.it\/oldsite\/wp-json\/wp\/v2\/tags?post=24568"}],"curies":[{"name":"wp","href":"https:\/\/api.w.org\/{rel}","templated":true}]}}