{"id":24552,"date":"2024-05-28T11:27:10","date_gmt":"2024-05-28T09:27:10","guid":{"rendered":"https:\/\/comune.santacroce.pi.it\/oldsite\/?p=24552"},"modified":"2024-05-28T11:27:10","modified_gmt":"2024-05-28T09:27:10","slug":"santa-croce-sullarno-arriva-la-terza-auto-ibrida-per-la-polizia-municipale","status":"publish","type":"post","link":"https:\/\/comune.santacroce.pi.it\/oldsite\/santa-croce-sullarno-arriva-la-terza-auto-ibrida-per-la-polizia-municipale\/","title":{"rendered":"Santa Croce sull\u2019Arno, arriva la terza auto (ibrida) per la Polizia Municipale"},"content":{"rendered":"<p><i><span style=\"font-weight: 400;\">Una Fiat Panda entra tra i veicoli del corpo dei Vigili, taglio ai consumi del carburante<\/span><\/i><\/p>\n<p>&nbsp;<\/p>\n<p><span style=\"font-weight: 400;\">La Polizia Municipale di Santa Croce ha acquistato una nuova auto, una Fiat Panda Hybrid, la terza nel parco mezzi dei vigili.\u00a0<\/span><\/p>\n<p><span style=\"font-weight: 400;\">Gi\u00e0 in funzione da venerd\u00ec 10 maggio, la nuova auto consentir\u00e0 agli agenti di ridurre i costi della benzina grazie alla sua piccola batteria a supporto del motore. L\u2019acquisto del nuovo mezzo \u00e8 stato fatto anche in vista delle prossime assunzioni che incrementeranno il numero di agenti in servizio.<\/span><\/p>\n<p><span style=\"font-weight: 400;\">Tutte e tre le auto del parco mezzi della Municipale, acquistate negli ultimi dieci anni, sono al\u00a0 momento perfettamente funzionanti e operative quotidianamente per garantire la presenza degli agenti su tutto il territorio santacrocese.<\/span><\/p>\n<p>&nbsp;<\/p>\n<p><span style=\"font-weight: 400;\">Santa Croce sull\u2019Arno, 27 maggio 2024<\/span><\/p>\n<p>&nbsp;<\/p>\n<p><img loading=\"lazy\" decoding=\"async\" class=\"alignnone size-medium wp-image-24554\" src=\"https:\/\/comune.santacroce.pi.it\/oldsite\/wp-content\/uploads\/2024\/05\/PHOTO-2024-05-24-12-30-12-2-300x300.jpg\" alt=\"\" width=\"300\" height=\"300\" srcset=\"https:\/\/comune.santacroce.pi.it\/oldsite\/wp-content\/uploads\/2024\/05\/PHOTO-2024-05-24-12-30-12-2-300x300.jpg 300w, https:\/\/comune.santacroce.pi.it\/oldsite\/wp-content\/uploads\/2024\/05\/PHOTO-2024-05-24-12-30-12-2-150x150.jpg 150w, https:\/\/comune.santacroce.pi.it\/oldsite\/wp-content\/uploads\/2024\/05\/PHOTO-2024-05-24-12-30-12-2.jpg 640w\" sizes=\"auto, (max-width: 300px) 100vw, 300px\" \/><\/p>\n<p><img loading=\"lazy\" decoding=\"async\" class=\"alignnone size-medium wp-image-24555\" src=\"https:\/\/comune.santacroce.pi.it\/oldsite\/wp-content\/uploads\/2024\/05\/PHOTO-2024-05-24-12-29-53-3-300x225.jpg\" alt=\"\" width=\"300\" height=\"225\" srcset=\"https:\/\/comune.santacroce.pi.it\/oldsite\/wp-content\/uploads\/2024\/05\/PHOTO-2024-05-24-12-29-53-3-300x225.jpg 300w, https:\/\/comune.santacroce.pi.it\/oldsite\/wp-content\/uploads\/2024\/05\/PHOTO-2024-05-24-12-29-53-3.jpg 640w\" sizes=\"auto, (max-width: 300px) 100vw, 300px\" \/><\/p>\n<p><img loading=\"lazy\" decoding=\"async\" class=\"alignnone size-medium wp-image-24556\" src=\"https:\/\/comune.santacroce.pi.it\/oldsite\/wp-content\/uploads\/2024\/05\/PHOTO-2024-05-24-12-29-53-300x225.jpg\" alt=\"\" width=\"300\" height=\"225\" srcset=\"https:\/\/comune.santacroce.pi.it\/oldsite\/wp-content\/uploads\/2024\/05\/PHOTO-2024-05-24-12-29-53-300x225.jpg 300w, https:\/\/comune.santacroce.pi.it\/oldsite\/wp-content\/uploads\/2024\/05\/PHOTO-2024-05-24-12-29-53.jpg 640w\" sizes=\"auto, (max-width: 300px) 100vw, 300px\" \/><\/p>\n<p><img loading=\"lazy\" decoding=\"async\" class=\"alignnone size-medium wp-image-24557\" src=\"https:\/\/comune.santacroce.pi.it\/oldsite\/wp-content\/uploads\/2024\/05\/PHOTO-2024-05-24-12-30-12-300x300.jpg\" alt=\"\" width=\"300\" height=\"300\" srcset=\"https:\/\/comune.santacroce.pi.it\/oldsite\/wp-content\/uploads\/2024\/05\/PHOTO-2024-05-24-12-30-12-300x300.jpg 300w, https:\/\/comune.santacroce.pi.it\/oldsite\/wp-content\/uploads\/2024\/05\/PHOTO-2024-05-24-12-30-12-150x150.jpg 150w, https:\/\/comune.santacroce.pi.it\/oldsite\/wp-content\/uploads\/2024\/05\/PHOTO-2024-05-24-12-30-12.jpg 640w\" sizes=\"auto, (max-width: 300px) 100vw, 300px\" \/><\/p>\n","protected":false},"excerpt":{"rendered":"<p>Una Fiat Panda entra tra i veicoli del corpo dei Vigili, taglio ai consumi del carburante &nbsp; La Polizia Municipale di Santa Croce ha acquistato una nuova auto, una Fiat [&hellip;]<\/p>\n","protected":false},"author":36,"featured_media":24553,"comment_status":"closed","ping_status":"closed","sticky":false,"template":"","format":"standard","meta":{"footnotes":""},"categories":[1],"tags":[],"class_list":["post-24552","post","type-post","status-publish","format-standard","has-post-thumbnail","hentry","category-notizie-e-informazioni"],"yoast_head":"<!-- This site is optimized with the Yoast SEO plugin v24.7 - https:\/\/yoast.com\/wordpress\/plugins\/seo\/ -->\n<title>Santa Croce sull\u2019Arno, arriva la terza auto (ibrida) per la Polizia Municipale - Comune di Santa Croce sull&#039;Arno<\/title>\n<meta name=\"robots\" content=\"index, follow, max-snippet:-1, max-image-preview:large, max-video-preview:-1\" \/>\n<link rel=\"canonical\" href=\"https:\/\/comune.santacroce.pi.it\/oldsite\/santa-croce-sullarno-arriva-la-terza-auto-ibrida-per-la-polizia-municipale\/\" \/>\n<meta property=\"og:locale\" content=\"it_IT\" \/>\n<meta property=\"og:type\" content=\"article\" \/>\n<meta property=\"og:title\" content=\"Santa Croce sull\u2019Arno, arriva la terza auto (ibrida) per la Polizia Municipale - Comune di Santa Croce sull&#039;Arno\" \/>\n<meta property=\"og:description\" content=\"Una Fiat Panda entra tra i veicoli del corpo dei Vigili, taglio ai consumi del carburante &nbsp; La Polizia Municipale di Santa Croce ha acquistato una nuova auto, una Fiat [&hellip;]\" \/>\n<meta property=\"og:url\" content=\"https:\/\/comune.santacroce.pi.it\/oldsite\/santa-croce-sullarno-arriva-la-terza-auto-ibrida-per-la-polizia-municipale\/\" \/>\n<meta property=\"og:site_name\" content=\"Comune di Santa Croce sull&#039;Arno\" \/>\n<meta property=\"article:published_time\" content=\"2024-05-28T09:27:10+00:00\" \/>\n<meta property=\"og:image\" content=\"https:\/\/comune.santacroce.pi.it\/oldsite\/wp-content\/uploads\/2024\/05\/PHOTO-2024-05-24-12-30-11.jpg\" \/>\n\t<meta property=\"og:image:width\" content=\"640\" \/>\n\t<meta property=\"og:image:height\" content=\"640\" \/>\n\t<meta property=\"og:image:type\" content=\"image\/jpeg\" \/>\n<meta name=\"author\" content=\"Francesco Ciaponi\" \/>\n<meta name=\"twitter:card\" content=\"summary_large_image\" \/>\n<meta name=\"twitter:label1\" content=\"Scritto da\" \/>\n\t<meta name=\"twitter:data1\" content=\"Francesco Ciaponi\" \/>\n\t<meta name=\"twitter:label2\" content=\"Tempo di lettura stimato\" \/>\n\t<meta name=\"twitter:data2\" content=\"2 minuti\" \/>\n<script type=\"application\/ld+json\" class=\"yoast-schema-graph\">{\"@context\":\"https:\/\/schema.org\",\"@graph\":[{\"@type\":\"Article\",\"@id\":\"https:\/\/comune.santacroce.pi.it\/oldsite\/santa-croce-sullarno-arriva-la-terza-auto-ibrida-per-la-polizia-municipale\/#article\",\"isPartOf\":{\"@id\":\"https:\/\/comune.santacroce.pi.it\/oldsite\/santa-croce-sullarno-arriva-la-terza-auto-ibrida-per-la-polizia-municipale\/\"},\"author\":{\"name\":\"Francesco Ciaponi\",\"@id\":\"https:\/\/comune.santacroce.pi.it\/oldsite\/#\/schema\/person\/f2167a6006c0cd64933ee9b7eead6b80\"},\"headline\":\"Santa Croce sull\u2019Arno, arriva la terza auto (ibrida) per la Polizia Municipale\",\"datePublished\":\"2024-05-28T09:27:10+00:00\",\"mainEntityOfPage\":{\"@id\":\"https:\/\/comune.santacroce.pi.it\/oldsite\/santa-croce-sullarno-arriva-la-terza-auto-ibrida-per-la-polizia-municipale\/\"},\"wordCount\":141,\"publisher\":{\"@id\":\"https:\/\/comune.santacroce.pi.it\/oldsite\/#organization\"},\"image\":{\"@id\":\"https:\/\/comune.santacroce.pi.it\/oldsite\/santa-croce-sullarno-arriva-la-terza-auto-ibrida-per-la-polizia-municipale\/#primaryimage\"},\"thumbnailUrl\":\"https:\/\/comune.santacroce.pi.it\/oldsite\/wp-content\/uploads\/2024\/05\/PHOTO-2024-05-24-12-30-11.jpg\",\"articleSection\":[\"Notizie e informazioni\"],\"inLanguage\":\"it-IT\"},{\"@type\":\"WebPage\",\"@id\":\"https:\/\/comune.santacroce.pi.it\/oldsite\/santa-croce-sullarno-arriva-la-terza-auto-ibrida-per-la-polizia-municipale\/\",\"url\":\"https:\/\/comune.santacroce.pi.it\/oldsite\/santa-croce-sullarno-arriva-la-terza-auto-ibrida-per-la-polizia-municipale\/\",\"name\":\"Santa Croce sull\u2019Arno, arriva la terza auto (ibrida) per la Polizia Municipale - Comune di Santa Croce sull&#039;Arno\",\"isPartOf\":{\"@id\":\"https:\/\/comune.santacroce.pi.it\/oldsite\/#website\"},\"primaryImageOfPage\":{\"@id\":\"https:\/\/comune.santacroce.pi.it\/oldsite\/santa-croce-sullarno-arriva-la-terza-auto-ibrida-per-la-polizia-municipale\/#primaryimage\"},\"image\":{\"@id\":\"https:\/\/comune.santacroce.pi.it\/oldsite\/santa-croce-sullarno-arriva-la-terza-auto-ibrida-per-la-polizia-municipale\/#primaryimage\"},\"thumbnailUrl\":\"https:\/\/comune.santacroce.pi.it\/oldsite\/wp-content\/uploads\/2024\/05\/PHOTO-2024-05-24-12-30-11.jpg\",\"datePublished\":\"2024-05-28T09:27:10+00:00\",\"breadcrumb\":{\"@id\":\"https:\/\/comune.santacroce.pi.it\/oldsite\/santa-croce-sullarno-arriva-la-terza-auto-ibrida-per-la-polizia-municipale\/#breadcrumb\"},\"inLanguage\":\"it-IT\",\"potentialAction\":[{\"@type\":\"ReadAction\",\"target\":[\"https:\/\/comune.santacroce.pi.it\/oldsite\/santa-croce-sullarno-arriva-la-terza-auto-ibrida-per-la-polizia-municipale\/\"]}]},{\"@type\":\"ImageObject\",\"inLanguage\":\"it-IT\",\"@id\":\"https:\/\/comune.santacroce.pi.it\/oldsite\/santa-croce-sullarno-arriva-la-terza-auto-ibrida-per-la-polizia-municipale\/#primaryimage\",\"url\":\"https:\/\/comune.santacroce.pi.it\/oldsite\/wp-content\/uploads\/2024\/05\/PHOTO-2024-05-24-12-30-11.jpg\",\"contentUrl\":\"https:\/\/comune.santacroce.pi.it\/oldsite\/wp-content\/uploads\/2024\/05\/PHOTO-2024-05-24-12-30-11.jpg\",\"width\":640,\"height\":640},{\"@type\":\"BreadcrumbList\",\"@id\":\"https:\/\/comune.santacroce.pi.it\/oldsite\/santa-croce-sullarno-arriva-la-terza-auto-ibrida-per-la-polizia-municipale\/#breadcrumb\",\"itemListElement\":[{\"@type\":\"ListItem\",\"position\":1,\"name\":\"Home\",\"item\":\"https:\/\/comune.santacroce.pi.it\/oldsite\/\"},{\"@type\":\"ListItem\",\"position\":2,\"name\":\"Santa Croce sull\u2019Arno, arriva la terza auto (ibrida) per la Polizia Municipale\"}]},{\"@type\":\"WebSite\",\"@id\":\"https:\/\/comune.santacroce.pi.it\/oldsite\/#website\",\"url\":\"https:\/\/comune.santacroce.pi.it\/oldsite\/\",\"name\":\"Comune di Santa Croce sull&#039;Arno\",\"description\":\"Provincia di Pisa\",\"publisher\":{\"@id\":\"https:\/\/comune.santacroce.pi.it\/oldsite\/#organization\"},\"potentialAction\":[{\"@type\":\"SearchAction\",\"target\":{\"@type\":\"EntryPoint\",\"urlTemplate\":\"https:\/\/comune.santacroce.pi.it\/oldsite\/?s={search_term_string}\"},\"query-input\":{\"@type\":\"PropertyValueSpecification\",\"valueRequired\":true,\"valueName\":\"search_term_string\"}}],\"inLanguage\":\"it-IT\"},{\"@type\":\"Organization\",\"@id\":\"https:\/\/comune.santacroce.pi.it\/oldsite\/#organization\",\"name\":\"Comune di Santa Croce sull'Arno\",\"url\":\"https:\/\/comune.santacroce.pi.it\/oldsite\/\",\"logo\":{\"@type\":\"ImageObject\",\"inLanguage\":\"it-IT\",\"@id\":\"https:\/\/comune.santacroce.pi.it\/oldsite\/#\/schema\/logo\/image\/\",\"url\":\"https:\/\/comune.santacroce.pi.it\/oldsite\/wp-content\/uploads\/2021\/02\/cropped-Stemma-Santa-Croce-dellArno_500-1.png\",\"contentUrl\":\"https:\/\/comune.santacroce.pi.it\/oldsite\/wp-content\/uploads\/2021\/02\/cropped-Stemma-Santa-Croce-dellArno_500-1.png\",\"width\":500,\"height\":500,\"caption\":\"Comune di Santa Croce sull'Arno\"},\"image\":{\"@id\":\"https:\/\/comune.santacroce.pi.it\/oldsite\/#\/schema\/logo\/image\/\"}},{\"@type\":\"Person\",\"@id\":\"https:\/\/comune.santacroce.pi.it\/oldsite\/#\/schema\/person\/f2167a6006c0cd64933ee9b7eead6b80\",\"name\":\"Francesco Ciaponi\",\"image\":{\"@type\":\"ImageObject\",\"inLanguage\":\"it-IT\",\"@id\":\"https:\/\/comune.santacroce.pi.it\/oldsite\/#\/schema\/person\/image\/\",\"url\":\"https:\/\/secure.gravatar.com\/avatar\/5c093bc3fedc2296548a3188ca4ce3c8?s=96&d=mm&r=g\",\"contentUrl\":\"https:\/\/secure.gravatar.com\/avatar\/5c093bc3fedc2296548a3188ca4ce3c8?s=96&d=mm&r=g\",\"caption\":\"Francesco Ciaponi\"},\"url\":\"https:\/\/comune.santacroce.pi.it\/oldsite\/author\/fciaponi\/\"}]}<\/script>\n<!-- \/ Yoast SEO plugin. -->","yoast_head_json":{"title":"Santa Croce sull\u2019Arno, arriva la terza auto (ibrida) per la Polizia Municipale - Comune di Santa Croce sull&#039;Arno","robots":{"index":"index","follow":"follow","max-snippet":"max-snippet:-1","max-image-preview":"max-image-preview:large","max-video-preview":"max-video-preview:-1"},"canonical":"https:\/\/comune.santacroce.pi.it\/oldsite\/santa-croce-sullarno-arriva-la-terza-auto-ibrida-per-la-polizia-municipale\/","og_locale":"it_IT","og_type":"article","og_title":"Santa Croce sull\u2019Arno, arriva la terza auto (ibrida) per la Polizia Municipale - Comune di Santa Croce sull&#039;Arno","og_description":"Una Fiat Panda entra tra i veicoli del corpo dei Vigili, taglio ai consumi del carburante &nbsp; La Polizia Municipale di Santa Croce ha acquistato una nuova auto, una Fiat [&hellip;]","og_url":"https:\/\/comune.santacroce.pi.it\/oldsite\/santa-croce-sullarno-arriva-la-terza-auto-ibrida-per-la-polizia-municipale\/","og_site_name":"Comune di Santa Croce sull&#039;Arno","article_published_time":"2024-05-28T09:27:10+00:00","og_image":[{"width":640,"height":640,"url":"https:\/\/comune.santacroce.pi.it\/oldsite\/wp-content\/uploads\/2024\/05\/PHOTO-2024-05-24-12-30-11.jpg","type":"image\/jpeg"}],"author":"Francesco Ciaponi","twitter_card":"summary_large_image","twitter_misc":{"Scritto da":"Francesco Ciaponi","Tempo di lettura stimato":"2 minuti"},"schema":{"@context":"https:\/\/schema.org","@graph":[{"@type":"Article","@id":"https:\/\/comune.santacroce.pi.it\/oldsite\/santa-croce-sullarno-arriva-la-terza-auto-ibrida-per-la-polizia-municipale\/#article","isPartOf":{"@id":"https:\/\/comune.santacroce.pi.it\/oldsite\/santa-croce-sullarno-arriva-la-terza-auto-ibrida-per-la-polizia-municipale\/"},"author":{"name":"Francesco Ciaponi","@id":"https:\/\/comune.santacroce.pi.it\/oldsite\/#\/schema\/person\/f2167a6006c0cd64933ee9b7eead6b80"},"headline":"Santa Croce sull\u2019Arno, arriva la terza auto (ibrida) per la Polizia Municipale","datePublished":"2024-05-28T09:27:10+00:00","mainEntityOfPage":{"@id":"https:\/\/comune.santacroce.pi.it\/oldsite\/santa-croce-sullarno-arriva-la-terza-auto-ibrida-per-la-polizia-municipale\/"},"wordCount":141,"publisher":{"@id":"https:\/\/comune.santacroce.pi.it\/oldsite\/#organization"},"image":{"@id":"https:\/\/comune.santacroce.pi.it\/oldsite\/santa-croce-sullarno-arriva-la-terza-auto-ibrida-per-la-polizia-municipale\/#primaryimage"},"thumbnailUrl":"https:\/\/comune.santacroce.pi.it\/oldsite\/wp-content\/uploads\/2024\/05\/PHOTO-2024-05-24-12-30-11.jpg","articleSection":["Notizie e informazioni"],"inLanguage":"it-IT"},{"@type":"WebPage","@id":"https:\/\/comune.santacroce.pi.it\/oldsite\/santa-croce-sullarno-arriva-la-terza-auto-ibrida-per-la-polizia-municipale\/","url":"https:\/\/comune.santacroce.pi.it\/oldsite\/santa-croce-sullarno-arriva-la-terza-auto-ibrida-per-la-polizia-municipale\/","name":"Santa Croce sull\u2019Arno, arriva la terza auto (ibrida) per la Polizia Municipale - Comune di Santa Croce sull&#039;Arno","isPartOf":{"@id":"https:\/\/comune.santacroce.pi.it\/oldsite\/#website"},"primaryImageOfPage":{"@id":"https:\/\/comune.santacroce.pi.it\/oldsite\/santa-croce-sullarno-arriva-la-terza-auto-ibrida-per-la-polizia-municipale\/#primaryimage"},"image":{"@id":"https:\/\/comune.santacroce.pi.it\/oldsite\/santa-croce-sullarno-arriva-la-terza-auto-ibrida-per-la-polizia-municipale\/#primaryimage"},"thumbnailUrl":"https:\/\/comune.santacroce.pi.it\/oldsite\/wp-content\/uploads\/2024\/05\/PHOTO-2024-05-24-12-30-11.jpg","datePublished":"2024-05-28T09:27:10+00:00","breadcrumb":{"@id":"https:\/\/comune.santacroce.pi.it\/oldsite\/santa-croce-sullarno-arriva-la-terza-auto-ibrida-per-la-polizia-municipale\/#breadcrumb"},"inLanguage":"it-IT","potentialAction":[{"@type":"ReadAction","target":["https:\/\/comune.santacroce.pi.it\/oldsite\/santa-croce-sullarno-arriva-la-terza-auto-ibrida-per-la-polizia-municipale\/"]}]},{"@type":"ImageObject","inLanguage":"it-IT","@id":"https:\/\/comune.santacroce.pi.it\/oldsite\/santa-croce-sullarno-arriva-la-terza-auto-ibrida-per-la-polizia-municipale\/#primaryimage","url":"https:\/\/comune.santacroce.pi.it\/oldsite\/wp-content\/uploads\/2024\/05\/PHOTO-2024-05-24-12-30-11.jpg","contentUrl":"https:\/\/comune.santacroce.pi.it\/oldsite\/wp-content\/uploads\/2024\/05\/PHOTO-2024-05-24-12-30-11.jpg","width":640,"height":640},{"@type":"BreadcrumbList","@id":"https:\/\/comune.santacroce.pi.it\/oldsite\/santa-croce-sullarno-arriva-la-terza-auto-ibrida-per-la-polizia-municipale\/#breadcrumb","itemListElement":[{"@type":"ListItem","position":1,"name":"Home","item":"https:\/\/comune.santacroce.pi.it\/oldsite\/"},{"@type":"ListItem","position":2,"name":"Santa Croce sull\u2019Arno, arriva la terza auto (ibrida) per la Polizia Municipale"}]},{"@type":"WebSite","@id":"https:\/\/comune.santacroce.pi.it\/oldsite\/#website","url":"https:\/\/comune.santacroce.pi.it\/oldsite\/","name":"Comune di Santa Croce sull&#039;Arno","description":"Provincia di Pisa","publisher":{"@id":"https:\/\/comune.santacroce.pi.it\/oldsite\/#organization"},"potentialAction":[{"@type":"SearchAction","target":{"@type":"EntryPoint","urlTemplate":"https:\/\/comune.santacroce.pi.it\/oldsite\/?s={search_term_string}"},"query-input":{"@type":"PropertyValueSpecification","valueRequired":true,"valueName":"search_term_string"}}],"inLanguage":"it-IT"},{"@type":"Organization","@id":"https:\/\/comune.santacroce.pi.it\/oldsite\/#organization","name":"Comune di Santa Croce sull'Arno","url":"https:\/\/comune.santacroce.pi.it\/oldsite\/","logo":{"@type":"ImageObject","inLanguage":"it-IT","@id":"https:\/\/comune.santacroce.pi.it\/oldsite\/#\/schema\/logo\/image\/","url":"https:\/\/comune.santacroce.pi.it\/oldsite\/wp-content\/uploads\/2021\/02\/cropped-Stemma-Santa-Croce-dellArno_500-1.png","contentUrl":"https:\/\/comune.santacroce.pi.it\/oldsite\/wp-content\/uploads\/2021\/02\/cropped-Stemma-Santa-Croce-dellArno_500-1.png","width":500,"height":500,"caption":"Comune di Santa Croce sull'Arno"},"image":{"@id":"https:\/\/comune.santacroce.pi.it\/oldsite\/#\/schema\/logo\/image\/"}},{"@type":"Person","@id":"https:\/\/comune.santacroce.pi.it\/oldsite\/#\/schema\/person\/f2167a6006c0cd64933ee9b7eead6b80","name":"Francesco Ciaponi","image":{"@type":"ImageObject","inLanguage":"it-IT","@id":"https:\/\/comune.santacroce.pi.it\/oldsite\/#\/schema\/person\/image\/","url":"https:\/\/secure.gravatar.com\/avatar\/5c093bc3fedc2296548a3188ca4ce3c8?s=96&d=mm&r=g","contentUrl":"https:\/\/secure.gravatar.com\/avatar\/5c093bc3fedc2296548a3188ca4ce3c8?s=96&d=mm&r=g","caption":"Francesco Ciaponi"},"url":"https:\/\/comune.santacroce.pi.it\/oldsite\/author\/fciaponi\/"}]}},"jetpack_featured_media_url":"https:\/\/comune.santacroce.pi.it\/oldsite\/wp-content\/uploads\/2024\/05\/PHOTO-2024-05-24-12-30-11.jpg","meta_box":{"comunicacity_sync":"1","cc4_urg_colore":"rosso","cc4_urg_data_inizio":"","cc4_urg_data_fine":"","cc4_cor_positivi_oggi":"","cc4_cor_negativizzati_oggi":"","cc4_cor_deceduti_oggi":"","cc4_cor_positivi_totali":"","cc4_cor_negativizzati_totali":"","cc4_cor_deceduti_totali":"","cc4_cor_attualmente_positivi":"","cc4_eve_data_inizio":"","cc4_eve_data_fine":"","cc4_eve_indirizzo":"","cc4_eve_posizione":{"latitude":"0","longitude":"0","zoom":"0"},"cc4_eve_telefono":"","cc4_eve_email":"","cc4_eve_web":"","cc4_eve_fb":""},"_links":{"self":[{"href":"https:\/\/comune.santacroce.pi.it\/oldsite\/wp-json\/wp\/v2\/posts\/24552","targetHints":{"allow":["GET"]}}],"collection":[{"href":"https:\/\/comune.santacroce.pi.it\/oldsite\/wp-json\/wp\/v2\/posts"}],"about":[{"href":"https:\/\/comune.santacroce.pi.it\/oldsite\/wp-json\/wp\/v2\/types\/post"}],"author":[{"embeddable":true,"href":"https:\/\/comune.santacroce.pi.it\/oldsite\/wp-json\/wp\/v2\/users\/36"}],"replies":[{"embeddable":true,"href":"https:\/\/comune.santacroce.pi.it\/oldsite\/wp-json\/wp\/v2\/comments?post=24552"}],"version-history":[{"count":0,"href":"https:\/\/comune.santacroce.pi.it\/oldsite\/wp-json\/wp\/v2\/posts\/24552\/revisions"}],"wp:featuredmedia":[{"embeddable":true,"href":"https:\/\/comune.santacroce.pi.it\/oldsite\/wp-json\/wp\/v2\/media\/24553"}],"wp:attachment":[{"href":"https:\/\/comune.santacroce.pi.it\/oldsite\/wp-json\/wp\/v2\/media?parent=24552"}],"wp:term":[{"taxonomy":"category","embeddable":true,"href":"https:\/\/comune.santacroce.pi.it\/oldsite\/wp-json\/wp\/v2\/categories?post=24552"},{"taxonomy":"post_tag","embeddable":true,"href":"https:\/\/comune.santacroce.pi.it\/oldsite\/wp-json\/wp\/v2\/tags?post=24552"}],"curies":[{"name":"wp","href":"https:\/\/api.w.org\/{rel}","templated":true}]}}