{"id":24542,"date":"2024-05-27T08:54:04","date_gmt":"2024-05-27T06:54:04","guid":{"rendered":"https:\/\/comune.santacroce.pi.it\/oldsite\/?p=24542"},"modified":"2024-05-29T15:27:07","modified_gmt":"2024-05-29T13:27:07","slug":"santa-croce-sullarno-gran-finale-della-rassegna-primo-tempo-con-larte-colmava-le-distanze","status":"publish","type":"post","link":"https:\/\/comune.santacroce.pi.it\/oldsite\/santa-croce-sullarno-gran-finale-della-rassegna-primo-tempo-con-larte-colmava-le-distanze\/","title":{"rendered":"Santa Croce sull&#8217;Arno, gran finale della rassegna \u201cPrimo Tempo\u201d con \u201cL\u2019arte colmava le distanze\u201d"},"content":{"rendered":"<div><span style=\"color: #000000;font-family: georgia, serif\"><i>Il 30 maggio al Teatro Verdi saggio finale del laboratorio teatrale per adulti Achab promosso dal Comune e condotto da Diletta Landi per Giallo Mare Minimal Teatro<\/i><\/span><\/div>\n<p align=\"JUSTIFY\"><span style=\"color: #000000;font-family: georgia, serif\"><br \/>\nSanta Croce sull&#8217;Arno, 24 maggio 2024 &#8211;\u00a0<b>\u201cPrimo tempo&#8221;<\/b>, la bella rassegna dedicata al teatro d\u2019innovazione, che si tiene a<b>l Teatro Verdi di Santa Croce sull\u2019Arno<\/b>,\u00a0<b>si chiude con lo spettacolo del saggio finale del laboratorio teatrale per adulti Achab, promosso e sostenuto dall\u2019amministrazione comunale di Santa Croce sull&#8217;Arno.\u00a0&#8220;L&#8217;arte colmava le distanze\u201d andr\u00e0 in scena gioved\u00ec 30 maggio alle 21.15 con la regia di Diletta Landi e la drammaturgia di Diletta Landi e Beatrice Bonsignori.<\/b><\/span><\/p>\n<p align=\"JUSTIFY\"><span style=\"color: #000000;font-family: georgia, serif\">Una\u00a0<b>corale biografia di Cristiano Banti<\/b>\u00a0e del variegato mondo intorno a lui, tra donne fuori dal comune, pittori rivoluzionari, l&#8217;arte e la bellezza. Nel solco dei festeggiamenti promossi dal Comune di Santa Croce sull\u2019Arno per i 200 anni dalla nascita di Cristiano Banti, il laboratorio per adulti Achab si \u00e8 messo sulle tracce del pittore, nato a due passi dal Teatro Verdi. La Villa Vettori Bargagli, o Villa di Poggio Adorno, che tutti i santacrocesi conoscono per il ricordo ancora vivissimo della Festa del Guerrini, \u00e8 il luogo in cui tutto inizia: da l\u00ec prende le mosse il futuro di studi, di arte e di agiatezza, che attende Cristiano, grazie al continuo sostegno della Marchesa Maria Ottavia Vettori, a cui Santa Croce deve il palazzo ora adibito a Biblioteca e anche il suo teatro. L&#8217;intrigante storia di Banti si intreccia a luoghi e personaggi di un &#8216;800 toscano, ricco di eventi e mutamenti.<\/span><\/p>\n<p align=\"JUSTIFY\"><span style=\"color: #000000;font-family: georgia, serif\">Seguendo il pittore da Santa Croce a Firenze, a Montemurlo, a Castelfiorentino, alle capitali d&#8217;Europa, gli allievi attori del laboratorio portano in scena una biografia solo a tratti romanzata, in una drammaturgia originale che cerca di mettere in luce le figure determinanti nella vita di Cristiano: la Marchesa, la moglie Leopolda, la figlia Alaide, musa di molti artisti, nonch\u00e9 i pittori pi\u00f9 rivoluzionari del momento, quei macchiaioli di cui Banti sar\u00e0 esempio e mecenate. Attorno a Banti troviamo la povera gente di campagna che abita le sue tenute di campagna, e anche le sue opere, e la ricca nobilt\u00e0 fiorentina: l&#8217;artista si muove tra due mondi, con sguardo limpido ed onesto, lasciandoci un&#8217;eredit\u00e0 indescrivibile sia umana che artistica, un&#8217;arte che colma distanze di nascita e di censo.<\/span><\/p>\n<p align=\"JUSTIFY\"><span style=\"color: #000000;font-family: georgia, serif\">Ingresso gratuito. Info: Giallo Mare Minimal Teatro 0571\/81629 o via email a\u00a0<a href=\"mailto:biglietteria@giallomare.it\" target=\"_blank\" rel=\"noopener\">biglietteria@giallomare.it<\/a><\/span><\/p>\n<p>&nbsp;<\/p>\n","protected":false},"excerpt":{"rendered":"<p>Il 30 maggio al Teatro Verdi saggio finale del laboratorio teatrale per adulti Achab promosso dal Comune e condotto da Diletta Landi per Giallo Mare Minimal Teatro Santa Croce sull&#8217;Arno, [&hellip;]<\/p>\n","protected":false},"author":15,"featured_media":24543,"comment_status":"closed","ping_status":"closed","sticky":false,"template":"","format":"standard","meta":{"footnotes":""},"categories":[1],"tags":[],"class_list":["post-24542","post","type-post","status-publish","format-standard","has-post-thumbnail","hentry","category-notizie-e-informazioni"],"yoast_head":"<!-- This site is optimized with the Yoast SEO plugin v24.7 - https:\/\/yoast.com\/wordpress\/plugins\/seo\/ -->\n<title>Santa Croce sull&#039;Arno, gran finale della rassegna \u201cPrimo Tempo\u201d con \u201cL\u2019arte colmava le distanze\u201d - Comune di Santa Croce sull&#039;Arno<\/title>\n<meta name=\"robots\" content=\"index, follow, max-snippet:-1, max-image-preview:large, max-video-preview:-1\" \/>\n<link rel=\"canonical\" href=\"https:\/\/comune.santacroce.pi.it\/oldsite\/santa-croce-sullarno-gran-finale-della-rassegna-primo-tempo-con-larte-colmava-le-distanze\/\" \/>\n<meta property=\"og:locale\" content=\"it_IT\" \/>\n<meta property=\"og:type\" content=\"article\" \/>\n<meta property=\"og:title\" content=\"Santa Croce sull&#039;Arno, gran finale della rassegna \u201cPrimo Tempo\u201d con \u201cL\u2019arte colmava le distanze\u201d - Comune di Santa Croce sull&#039;Arno\" \/>\n<meta property=\"og:description\" content=\"Il 30 maggio al Teatro Verdi saggio finale del laboratorio teatrale per adulti Achab promosso dal Comune e condotto da Diletta Landi per Giallo Mare Minimal Teatro Santa Croce sull&#8217;Arno, [&hellip;]\" \/>\n<meta property=\"og:url\" content=\"https:\/\/comune.santacroce.pi.it\/oldsite\/santa-croce-sullarno-gran-finale-della-rassegna-primo-tempo-con-larte-colmava-le-distanze\/\" \/>\n<meta property=\"og:site_name\" content=\"Comune di Santa Croce sull&#039;Arno\" \/>\n<meta property=\"article:published_time\" content=\"2024-05-27T06:54:04+00:00\" \/>\n<meta property=\"article:modified_time\" content=\"2024-05-29T13:27:07+00:00\" \/>\n<meta property=\"og:image\" content=\"https:\/\/comune.santacroce.pi.it\/oldsite\/wp-content\/uploads\/2024\/05\/Larte-colmava-le-distanze-Saggio-Achab-2024.jpg\" \/>\n\t<meta property=\"og:image:width\" content=\"1587\" \/>\n\t<meta property=\"og:image:height\" content=\"2245\" \/>\n\t<meta property=\"og:image:type\" content=\"image\/jpeg\" \/>\n<meta name=\"author\" content=\"Martina Menicucci\" \/>\n<meta name=\"twitter:card\" content=\"summary_large_image\" \/>\n<meta name=\"twitter:label1\" content=\"Scritto da\" \/>\n\t<meta name=\"twitter:data1\" content=\"Martina Menicucci\" \/>\n\t<meta name=\"twitter:label2\" content=\"Tempo di lettura stimato\" \/>\n\t<meta name=\"twitter:data2\" content=\"3 minuti\" \/>\n<script type=\"application\/ld+json\" class=\"yoast-schema-graph\">{\"@context\":\"https:\/\/schema.org\",\"@graph\":[{\"@type\":\"Article\",\"@id\":\"https:\/\/comune.santacroce.pi.it\/oldsite\/santa-croce-sullarno-gran-finale-della-rassegna-primo-tempo-con-larte-colmava-le-distanze\/#article\",\"isPartOf\":{\"@id\":\"https:\/\/comune.santacroce.pi.it\/oldsite\/santa-croce-sullarno-gran-finale-della-rassegna-primo-tempo-con-larte-colmava-le-distanze\/\"},\"author\":{\"name\":\"Martina Menicucci\",\"@id\":\"https:\/\/comune.santacroce.pi.it\/oldsite\/#\/schema\/person\/475e14b32ccc85c4d620fead5c3d5cad\"},\"headline\":\"Santa Croce sull&#8217;Arno, gran finale della rassegna \u201cPrimo Tempo\u201d con \u201cL\u2019arte colmava le distanze\u201d\",\"datePublished\":\"2024-05-27T06:54:04+00:00\",\"dateModified\":\"2024-05-29T13:27:07+00:00\",\"mainEntityOfPage\":{\"@id\":\"https:\/\/comune.santacroce.pi.it\/oldsite\/santa-croce-sullarno-gran-finale-della-rassegna-primo-tempo-con-larte-colmava-le-distanze\/\"},\"wordCount\":419,\"publisher\":{\"@id\":\"https:\/\/comune.santacroce.pi.it\/oldsite\/#organization\"},\"image\":{\"@id\":\"https:\/\/comune.santacroce.pi.it\/oldsite\/santa-croce-sullarno-gran-finale-della-rassegna-primo-tempo-con-larte-colmava-le-distanze\/#primaryimage\"},\"thumbnailUrl\":\"https:\/\/comune.santacroce.pi.it\/oldsite\/wp-content\/uploads\/2024\/05\/Larte-colmava-le-distanze-Saggio-Achab-2024.jpg\",\"articleSection\":[\"Notizie e informazioni\"],\"inLanguage\":\"it-IT\"},{\"@type\":\"WebPage\",\"@id\":\"https:\/\/comune.santacroce.pi.it\/oldsite\/santa-croce-sullarno-gran-finale-della-rassegna-primo-tempo-con-larte-colmava-le-distanze\/\",\"url\":\"https:\/\/comune.santacroce.pi.it\/oldsite\/santa-croce-sullarno-gran-finale-della-rassegna-primo-tempo-con-larte-colmava-le-distanze\/\",\"name\":\"Santa Croce sull'Arno, gran finale della rassegna \u201cPrimo Tempo\u201d con \u201cL\u2019arte colmava le distanze\u201d - Comune di Santa Croce sull&#039;Arno\",\"isPartOf\":{\"@id\":\"https:\/\/comune.santacroce.pi.it\/oldsite\/#website\"},\"primaryImageOfPage\":{\"@id\":\"https:\/\/comune.santacroce.pi.it\/oldsite\/santa-croce-sullarno-gran-finale-della-rassegna-primo-tempo-con-larte-colmava-le-distanze\/#primaryimage\"},\"image\":{\"@id\":\"https:\/\/comune.santacroce.pi.it\/oldsite\/santa-croce-sullarno-gran-finale-della-rassegna-primo-tempo-con-larte-colmava-le-distanze\/#primaryimage\"},\"thumbnailUrl\":\"https:\/\/comune.santacroce.pi.it\/oldsite\/wp-content\/uploads\/2024\/05\/Larte-colmava-le-distanze-Saggio-Achab-2024.jpg\",\"datePublished\":\"2024-05-27T06:54:04+00:00\",\"dateModified\":\"2024-05-29T13:27:07+00:00\",\"breadcrumb\":{\"@id\":\"https:\/\/comune.santacroce.pi.it\/oldsite\/santa-croce-sullarno-gran-finale-della-rassegna-primo-tempo-con-larte-colmava-le-distanze\/#breadcrumb\"},\"inLanguage\":\"it-IT\",\"potentialAction\":[{\"@type\":\"ReadAction\",\"target\":[\"https:\/\/comune.santacroce.pi.it\/oldsite\/santa-croce-sullarno-gran-finale-della-rassegna-primo-tempo-con-larte-colmava-le-distanze\/\"]}]},{\"@type\":\"ImageObject\",\"inLanguage\":\"it-IT\",\"@id\":\"https:\/\/comune.santacroce.pi.it\/oldsite\/santa-croce-sullarno-gran-finale-della-rassegna-primo-tempo-con-larte-colmava-le-distanze\/#primaryimage\",\"url\":\"https:\/\/comune.santacroce.pi.it\/oldsite\/wp-content\/uploads\/2024\/05\/Larte-colmava-le-distanze-Saggio-Achab-2024.jpg\",\"contentUrl\":\"https:\/\/comune.santacroce.pi.it\/oldsite\/wp-content\/uploads\/2024\/05\/Larte-colmava-le-distanze-Saggio-Achab-2024.jpg\",\"width\":1587,\"height\":2245},{\"@type\":\"BreadcrumbList\",\"@id\":\"https:\/\/comune.santacroce.pi.it\/oldsite\/santa-croce-sullarno-gran-finale-della-rassegna-primo-tempo-con-larte-colmava-le-distanze\/#breadcrumb\",\"itemListElement\":[{\"@type\":\"ListItem\",\"position\":1,\"name\":\"Home\",\"item\":\"https:\/\/comune.santacroce.pi.it\/oldsite\/\"},{\"@type\":\"ListItem\",\"position\":2,\"name\":\"Santa Croce sull&#8217;Arno, gran finale della rassegna \u201cPrimo Tempo\u201d con \u201cL\u2019arte colmava le distanze\u201d\"}]},{\"@type\":\"WebSite\",\"@id\":\"https:\/\/comune.santacroce.pi.it\/oldsite\/#website\",\"url\":\"https:\/\/comune.santacroce.pi.it\/oldsite\/\",\"name\":\"Comune di Santa Croce sull&#039;Arno\",\"description\":\"Provincia di Pisa\",\"publisher\":{\"@id\":\"https:\/\/comune.santacroce.pi.it\/oldsite\/#organization\"},\"potentialAction\":[{\"@type\":\"SearchAction\",\"target\":{\"@type\":\"EntryPoint\",\"urlTemplate\":\"https:\/\/comune.santacroce.pi.it\/oldsite\/?s={search_term_string}\"},\"query-input\":{\"@type\":\"PropertyValueSpecification\",\"valueRequired\":true,\"valueName\":\"search_term_string\"}}],\"inLanguage\":\"it-IT\"},{\"@type\":\"Organization\",\"@id\":\"https:\/\/comune.santacroce.pi.it\/oldsite\/#organization\",\"name\":\"Comune di Santa Croce sull'Arno\",\"url\":\"https:\/\/comune.santacroce.pi.it\/oldsite\/\",\"logo\":{\"@type\":\"ImageObject\",\"inLanguage\":\"it-IT\",\"@id\":\"https:\/\/comune.santacroce.pi.it\/oldsite\/#\/schema\/logo\/image\/\",\"url\":\"https:\/\/comune.santacroce.pi.it\/oldsite\/wp-content\/uploads\/2021\/02\/cropped-Stemma-Santa-Croce-dellArno_500-1.png\",\"contentUrl\":\"https:\/\/comune.santacroce.pi.it\/oldsite\/wp-content\/uploads\/2021\/02\/cropped-Stemma-Santa-Croce-dellArno_500-1.png\",\"width\":500,\"height\":500,\"caption\":\"Comune di Santa Croce sull'Arno\"},\"image\":{\"@id\":\"https:\/\/comune.santacroce.pi.it\/oldsite\/#\/schema\/logo\/image\/\"}},{\"@type\":\"Person\",\"@id\":\"https:\/\/comune.santacroce.pi.it\/oldsite\/#\/schema\/person\/475e14b32ccc85c4d620fead5c3d5cad\",\"name\":\"Martina Menicucci\",\"image\":{\"@type\":\"ImageObject\",\"inLanguage\":\"it-IT\",\"@id\":\"https:\/\/comune.santacroce.pi.it\/oldsite\/#\/schema\/person\/image\/\",\"url\":\"https:\/\/secure.gravatar.com\/avatar\/1318bce079e45e012feb41abc1e3c7e7?s=96&d=mm&r=g\",\"contentUrl\":\"https:\/\/secure.gravatar.com\/avatar\/1318bce079e45e012feb41abc1e3c7e7?s=96&d=mm&r=g\",\"caption\":\"Martina Menicucci\"},\"url\":\"https:\/\/comune.santacroce.pi.it\/oldsite\/author\/mmenicucci\/\"}]}<\/script>\n<!-- \/ Yoast SEO plugin. -->","yoast_head_json":{"title":"Santa Croce sull'Arno, gran finale della rassegna \u201cPrimo Tempo\u201d con \u201cL\u2019arte colmava le distanze\u201d - Comune di Santa Croce sull&#039;Arno","robots":{"index":"index","follow":"follow","max-snippet":"max-snippet:-1","max-image-preview":"max-image-preview:large","max-video-preview":"max-video-preview:-1"},"canonical":"https:\/\/comune.santacroce.pi.it\/oldsite\/santa-croce-sullarno-gran-finale-della-rassegna-primo-tempo-con-larte-colmava-le-distanze\/","og_locale":"it_IT","og_type":"article","og_title":"Santa Croce sull'Arno, gran finale della rassegna \u201cPrimo Tempo\u201d con \u201cL\u2019arte colmava le distanze\u201d - Comune di Santa Croce sull&#039;Arno","og_description":"Il 30 maggio al Teatro Verdi saggio finale del laboratorio teatrale per adulti Achab promosso dal Comune e condotto da Diletta Landi per Giallo Mare Minimal Teatro Santa Croce sull&#8217;Arno, [&hellip;]","og_url":"https:\/\/comune.santacroce.pi.it\/oldsite\/santa-croce-sullarno-gran-finale-della-rassegna-primo-tempo-con-larte-colmava-le-distanze\/","og_site_name":"Comune di Santa Croce sull&#039;Arno","article_published_time":"2024-05-27T06:54:04+00:00","article_modified_time":"2024-05-29T13:27:07+00:00","og_image":[{"width":1587,"height":2245,"url":"https:\/\/comune.santacroce.pi.it\/oldsite\/wp-content\/uploads\/2024\/05\/Larte-colmava-le-distanze-Saggio-Achab-2024.jpg","type":"image\/jpeg"}],"author":"Martina Menicucci","twitter_card":"summary_large_image","twitter_misc":{"Scritto da":"Martina Menicucci","Tempo di lettura stimato":"3 minuti"},"schema":{"@context":"https:\/\/schema.org","@graph":[{"@type":"Article","@id":"https:\/\/comune.santacroce.pi.it\/oldsite\/santa-croce-sullarno-gran-finale-della-rassegna-primo-tempo-con-larte-colmava-le-distanze\/#article","isPartOf":{"@id":"https:\/\/comune.santacroce.pi.it\/oldsite\/santa-croce-sullarno-gran-finale-della-rassegna-primo-tempo-con-larte-colmava-le-distanze\/"},"author":{"name":"Martina Menicucci","@id":"https:\/\/comune.santacroce.pi.it\/oldsite\/#\/schema\/person\/475e14b32ccc85c4d620fead5c3d5cad"},"headline":"Santa Croce sull&#8217;Arno, gran finale della rassegna \u201cPrimo Tempo\u201d con \u201cL\u2019arte colmava le distanze\u201d","datePublished":"2024-05-27T06:54:04+00:00","dateModified":"2024-05-29T13:27:07+00:00","mainEntityOfPage":{"@id":"https:\/\/comune.santacroce.pi.it\/oldsite\/santa-croce-sullarno-gran-finale-della-rassegna-primo-tempo-con-larte-colmava-le-distanze\/"},"wordCount":419,"publisher":{"@id":"https:\/\/comune.santacroce.pi.it\/oldsite\/#organization"},"image":{"@id":"https:\/\/comune.santacroce.pi.it\/oldsite\/santa-croce-sullarno-gran-finale-della-rassegna-primo-tempo-con-larte-colmava-le-distanze\/#primaryimage"},"thumbnailUrl":"https:\/\/comune.santacroce.pi.it\/oldsite\/wp-content\/uploads\/2024\/05\/Larte-colmava-le-distanze-Saggio-Achab-2024.jpg","articleSection":["Notizie e informazioni"],"inLanguage":"it-IT"},{"@type":"WebPage","@id":"https:\/\/comune.santacroce.pi.it\/oldsite\/santa-croce-sullarno-gran-finale-della-rassegna-primo-tempo-con-larte-colmava-le-distanze\/","url":"https:\/\/comune.santacroce.pi.it\/oldsite\/santa-croce-sullarno-gran-finale-della-rassegna-primo-tempo-con-larte-colmava-le-distanze\/","name":"Santa Croce sull'Arno, gran finale della rassegna \u201cPrimo Tempo\u201d con \u201cL\u2019arte colmava le distanze\u201d - Comune di Santa Croce sull&#039;Arno","isPartOf":{"@id":"https:\/\/comune.santacroce.pi.it\/oldsite\/#website"},"primaryImageOfPage":{"@id":"https:\/\/comune.santacroce.pi.it\/oldsite\/santa-croce-sullarno-gran-finale-della-rassegna-primo-tempo-con-larte-colmava-le-distanze\/#primaryimage"},"image":{"@id":"https:\/\/comune.santacroce.pi.it\/oldsite\/santa-croce-sullarno-gran-finale-della-rassegna-primo-tempo-con-larte-colmava-le-distanze\/#primaryimage"},"thumbnailUrl":"https:\/\/comune.santacroce.pi.it\/oldsite\/wp-content\/uploads\/2024\/05\/Larte-colmava-le-distanze-Saggio-Achab-2024.jpg","datePublished":"2024-05-27T06:54:04+00:00","dateModified":"2024-05-29T13:27:07+00:00","breadcrumb":{"@id":"https:\/\/comune.santacroce.pi.it\/oldsite\/santa-croce-sullarno-gran-finale-della-rassegna-primo-tempo-con-larte-colmava-le-distanze\/#breadcrumb"},"inLanguage":"it-IT","potentialAction":[{"@type":"ReadAction","target":["https:\/\/comune.santacroce.pi.it\/oldsite\/santa-croce-sullarno-gran-finale-della-rassegna-primo-tempo-con-larte-colmava-le-distanze\/"]}]},{"@type":"ImageObject","inLanguage":"it-IT","@id":"https:\/\/comune.santacroce.pi.it\/oldsite\/santa-croce-sullarno-gran-finale-della-rassegna-primo-tempo-con-larte-colmava-le-distanze\/#primaryimage","url":"https:\/\/comune.santacroce.pi.it\/oldsite\/wp-content\/uploads\/2024\/05\/Larte-colmava-le-distanze-Saggio-Achab-2024.jpg","contentUrl":"https:\/\/comune.santacroce.pi.it\/oldsite\/wp-content\/uploads\/2024\/05\/Larte-colmava-le-distanze-Saggio-Achab-2024.jpg","width":1587,"height":2245},{"@type":"BreadcrumbList","@id":"https:\/\/comune.santacroce.pi.it\/oldsite\/santa-croce-sullarno-gran-finale-della-rassegna-primo-tempo-con-larte-colmava-le-distanze\/#breadcrumb","itemListElement":[{"@type":"ListItem","position":1,"name":"Home","item":"https:\/\/comune.santacroce.pi.it\/oldsite\/"},{"@type":"ListItem","position":2,"name":"Santa Croce sull&#8217;Arno, gran finale della rassegna \u201cPrimo Tempo\u201d con \u201cL\u2019arte colmava le distanze\u201d"}]},{"@type":"WebSite","@id":"https:\/\/comune.santacroce.pi.it\/oldsite\/#website","url":"https:\/\/comune.santacroce.pi.it\/oldsite\/","name":"Comune di Santa Croce sull&#039;Arno","description":"Provincia di Pisa","publisher":{"@id":"https:\/\/comune.santacroce.pi.it\/oldsite\/#organization"},"potentialAction":[{"@type":"SearchAction","target":{"@type":"EntryPoint","urlTemplate":"https:\/\/comune.santacroce.pi.it\/oldsite\/?s={search_term_string}"},"query-input":{"@type":"PropertyValueSpecification","valueRequired":true,"valueName":"search_term_string"}}],"inLanguage":"it-IT"},{"@type":"Organization","@id":"https:\/\/comune.santacroce.pi.it\/oldsite\/#organization","name":"Comune di Santa Croce sull'Arno","url":"https:\/\/comune.santacroce.pi.it\/oldsite\/","logo":{"@type":"ImageObject","inLanguage":"it-IT","@id":"https:\/\/comune.santacroce.pi.it\/oldsite\/#\/schema\/logo\/image\/","url":"https:\/\/comune.santacroce.pi.it\/oldsite\/wp-content\/uploads\/2021\/02\/cropped-Stemma-Santa-Croce-dellArno_500-1.png","contentUrl":"https:\/\/comune.santacroce.pi.it\/oldsite\/wp-content\/uploads\/2021\/02\/cropped-Stemma-Santa-Croce-dellArno_500-1.png","width":500,"height":500,"caption":"Comune di Santa Croce sull'Arno"},"image":{"@id":"https:\/\/comune.santacroce.pi.it\/oldsite\/#\/schema\/logo\/image\/"}},{"@type":"Person","@id":"https:\/\/comune.santacroce.pi.it\/oldsite\/#\/schema\/person\/475e14b32ccc85c4d620fead5c3d5cad","name":"Martina Menicucci","image":{"@type":"ImageObject","inLanguage":"it-IT","@id":"https:\/\/comune.santacroce.pi.it\/oldsite\/#\/schema\/person\/image\/","url":"https:\/\/secure.gravatar.com\/avatar\/1318bce079e45e012feb41abc1e3c7e7?s=96&d=mm&r=g","contentUrl":"https:\/\/secure.gravatar.com\/avatar\/1318bce079e45e012feb41abc1e3c7e7?s=96&d=mm&r=g","caption":"Martina Menicucci"},"url":"https:\/\/comune.santacroce.pi.it\/oldsite\/author\/mmenicucci\/"}]}},"jetpack_featured_media_url":"https:\/\/comune.santacroce.pi.it\/oldsite\/wp-content\/uploads\/2024\/05\/Larte-colmava-le-distanze-Saggio-Achab-2024.jpg","meta_box":{"comunicacity_sync":"1","cc4_urg_colore":"rosso","cc4_urg_data_inizio":"","cc4_urg_data_fine":"","cc4_cor_positivi_oggi":"","cc4_cor_negativizzati_oggi":"","cc4_cor_deceduti_oggi":"","cc4_cor_positivi_totali":"","cc4_cor_negativizzati_totali":"","cc4_cor_deceduti_totali":"","cc4_cor_attualmente_positivi":"","cc4_eve_data_inizio":"","cc4_eve_data_fine":"","cc4_eve_indirizzo":"","cc4_eve_posizione":{"latitude":"0","longitude":"0","zoom":"0"},"cc4_eve_telefono":"","cc4_eve_email":"","cc4_eve_web":"","cc4_eve_fb":""},"_links":{"self":[{"href":"https:\/\/comune.santacroce.pi.it\/oldsite\/wp-json\/wp\/v2\/posts\/24542","targetHints":{"allow":["GET"]}}],"collection":[{"href":"https:\/\/comune.santacroce.pi.it\/oldsite\/wp-json\/wp\/v2\/posts"}],"about":[{"href":"https:\/\/comune.santacroce.pi.it\/oldsite\/wp-json\/wp\/v2\/types\/post"}],"author":[{"embeddable":true,"href":"https:\/\/comune.santacroce.pi.it\/oldsite\/wp-json\/wp\/v2\/users\/15"}],"replies":[{"embeddable":true,"href":"https:\/\/comune.santacroce.pi.it\/oldsite\/wp-json\/wp\/v2\/comments?post=24542"}],"version-history":[{"count":0,"href":"https:\/\/comune.santacroce.pi.it\/oldsite\/wp-json\/wp\/v2\/posts\/24542\/revisions"}],"wp:featuredmedia":[{"embeddable":true,"href":"https:\/\/comune.santacroce.pi.it\/oldsite\/wp-json\/wp\/v2\/media\/24543"}],"wp:attachment":[{"href":"https:\/\/comune.santacroce.pi.it\/oldsite\/wp-json\/wp\/v2\/media?parent=24542"}],"wp:term":[{"taxonomy":"category","embeddable":true,"href":"https:\/\/comune.santacroce.pi.it\/oldsite\/wp-json\/wp\/v2\/categories?post=24542"},{"taxonomy":"post_tag","embeddable":true,"href":"https:\/\/comune.santacroce.pi.it\/oldsite\/wp-json\/wp\/v2\/tags?post=24542"}],"curies":[{"name":"wp","href":"https:\/\/api.w.org\/{rel}","templated":true}]}}