{"id":24463,"date":"2024-05-16T14:53:19","date_gmt":"2024-05-16T12:53:19","guid":{"rendered":"https:\/\/comune.santacroce.pi.it\/oldsite\/?p=24463"},"modified":"2024-05-16T14:53:19","modified_gmt":"2024-05-16T12:53:19","slug":"santa-croce-sullarno-piu-di-diecimila-presenze-per-la-stagione-teatrale-del-verdi","status":"publish","type":"post","link":"https:\/\/comune.santacroce.pi.it\/oldsite\/santa-croce-sullarno-piu-di-diecimila-presenze-per-la-stagione-teatrale-del-verdi\/","title":{"rendered":"Santa Croce sull&#8217;Arno, pi\u00f9 di diecimila presenze per la stagione teatrale del Verdi"},"content":{"rendered":"<p><em>Successo di pubblico per il teatro comunale. Dagli spettacoli ai laboratori, offerta di qualit\u00e0 accessibile a tutti<\/em><\/p>\n<p>Santa Croce sull\u2019Arno, 16 maggio 2024. Numeri straordinari per la stagione teatrale 2023\/2024 del Teatro Comunale Verdi di Santa Croce sull\u2019Arno.\u00a0<strong>10.348 presenze complessive, oltre 160 giornate laboratoriali con bambini, bambine, giovani, adulti, scuole\u00a0<\/strong>realizzati in una stagione che ha visto la riapertura nel mese di dicembre 2023, dopo circa sei mesi di lavori che ne hanno permesso il completo efficientamento energetico e la riqualificazione dal punto di vista delle attrezzature sceniche.<\/p>\n<p>Questo il bilancio dell\u2019amministrazione comunale in merito ai risultati della stagione 2023\/24 del Teatro Comunale Verdi.<\/p>\n<p>Questi sono numeri importanti che si traducono in una grande opportunit\u00e0 di coesione e crescita culturale per tutta la popolazione santacrocese e che confermano ancora una volta una scelta politica puntuale che intende la\u00a0<strong>cultura come un grande investimento pubblico in cui le finanze dell\u2019Amministrazione sono messe al servizio della costruzione di un\u2019offerta di qualit\u00e0 accessibile a tutti e tutte, con lo scopo di abbattere confini e differenze<\/strong>. Inoltre, l\u2019intervento di riqualificazione ha dimostrato, ancora una volta, quanto la cura dei luoghi debba andare di pari passo con la qualit\u00e0 delle attivit\u00e0 svolte.<\/p>\n<p>Il complesso delle attivit\u00e0 che anche quest\u2019anno si sono svolte all\u2019interno del teatro Verdi conferma l&#8217;ottimo stato di salute delle varie programmazioni ed attivit\u00e0 laboratoriali in termini di partecipazione di cittadini di tutte le et\u00e0, a cui il teatro Verdi tradizionalmente si rivolge. La sua forza sta nella\u00a0<strong>pluralit\u00e0 di una programmazione che pu\u00f2 contare su cartelloni di grande qualit\u00e0 o addirittura unici a livello nazionale<\/strong>. Inoltre il teatro \u00e8 anche utilizzato come laboratorio dove i linguaggi della scena diventano strumento educativo di cittadinanza attiva che adulti e piccoli sperimentano direttamente sulla scena.<\/p>\n<p><strong>Il Teatro Verdi ha quest&#8217;anno rafforzato il suo ruolo di fulcro di reti territoriali come quella intercomunale del Baule dei Sogni, tutta dedicata al teatro ragazzi<\/strong>, che oltre a Santa Croce sull&#8217;Arno, include San Miniato, Castelfranco di Sotto, Montopoli v\/d&#8217;Arno, Santa Maria a Monte. Relazioni che si allargano al piano regionale, attraverso il ruolo di coordinamento delle Residenze Artistiche della Toscana. Una rete che mette in sinergia operativa 32 imprese di teatro e danza, 41 Comuni, oltre sessanta spazi teatrali, che trova in Giallo Mare Minimal Teatro, compagnia residente del Teatro Verdi, il soggetto di coordinamento progettuale regionale.<\/p>\n<p>L\u2019Amministrazione Comunale fa <strong>un ringraziamento sincero a Renzo Boldrini, direttore del Teatro comunale Verdi e a Giallo Mare Minimal Teatro, compagnia residente<\/strong> per la loro professionalit\u00e0 e capacit\u00e0 di leggere i bisogni della nostra comunit\u00e0 nella sua evoluzione, qualit\u00e0 che da sempre permettono loro di costruire soluzioni di visione e laboratoriali che sanno guardare in faccia il nostro tempo e aprire riflessioni critiche e costruttive, sapendo tradurre concretamente quella visione di cultura come servizio pubblico ed elemento indispensabile nella costruzione di una comunit\u00e0, che da decenni caratterizza l\u2019Amministrazione Comunale.<\/p>\n<p>&nbsp;<\/p>\n","protected":false},"excerpt":{"rendered":"<p>Successo di pubblico per il teatro comunale. Dagli spettacoli ai laboratori, offerta di qualit\u00e0 accessibile a tutti Santa Croce sull\u2019Arno, 16 maggio 2024. Numeri straordinari per la stagione teatrale 2023\/2024 [&hellip;]<\/p>\n","protected":false},"author":15,"featured_media":12407,"comment_status":"closed","ping_status":"closed","sticky":false,"template":"","format":"standard","meta":{"footnotes":""},"categories":[1],"tags":[],"class_list":["post-24463","post","type-post","status-publish","format-standard","has-post-thumbnail","hentry","category-notizie-e-informazioni"],"yoast_head":"<!-- This site is optimized with the Yoast SEO plugin v24.7 - https:\/\/yoast.com\/wordpress\/plugins\/seo\/ -->\n<title>Santa Croce sull&#039;Arno, pi\u00f9 di diecimila presenze per la stagione teatrale del Verdi - Comune di Santa Croce sull&#039;Arno<\/title>\n<meta name=\"robots\" content=\"index, follow, max-snippet:-1, max-image-preview:large, max-video-preview:-1\" \/>\n<link rel=\"canonical\" href=\"https:\/\/comune.santacroce.pi.it\/oldsite\/santa-croce-sullarno-piu-di-diecimila-presenze-per-la-stagione-teatrale-del-verdi\/\" \/>\n<meta property=\"og:locale\" content=\"it_IT\" \/>\n<meta property=\"og:type\" content=\"article\" \/>\n<meta property=\"og:title\" content=\"Santa Croce sull&#039;Arno, pi\u00f9 di diecimila presenze per la stagione teatrale del Verdi - Comune di Santa Croce sull&#039;Arno\" \/>\n<meta property=\"og:description\" content=\"Successo di pubblico per il teatro comunale. Dagli spettacoli ai laboratori, offerta di qualit\u00e0 accessibile a tutti Santa Croce sull\u2019Arno, 16 maggio 2024. Numeri straordinari per la stagione teatrale 2023\/2024 [&hellip;]\" \/>\n<meta property=\"og:url\" content=\"https:\/\/comune.santacroce.pi.it\/oldsite\/santa-croce-sullarno-piu-di-diecimila-presenze-per-la-stagione-teatrale-del-verdi\/\" \/>\n<meta property=\"og:site_name\" content=\"Comune di Santa Croce sull&#039;Arno\" \/>\n<meta property=\"article:published_time\" content=\"2024-05-16T12:53:19+00:00\" \/>\n<meta property=\"og:image\" content=\"https:\/\/comune.santacroce.pi.it\/oldsite\/wp-content\/uploads\/2017\/11\/Notizie-ed-informazioni.png\" \/>\n\t<meta property=\"og:image:width\" content=\"800\" \/>\n\t<meta property=\"og:image:height\" content=\"600\" \/>\n\t<meta property=\"og:image:type\" content=\"image\/png\" \/>\n<meta name=\"author\" content=\"Martina Menicucci\" \/>\n<meta name=\"twitter:card\" content=\"summary_large_image\" \/>\n<meta name=\"twitter:label1\" content=\"Scritto da\" \/>\n\t<meta name=\"twitter:data1\" content=\"Martina Menicucci\" \/>\n\t<meta name=\"twitter:label2\" content=\"Tempo di lettura stimato\" \/>\n\t<meta name=\"twitter:data2\" content=\"3 minuti\" \/>\n<script type=\"application\/ld+json\" class=\"yoast-schema-graph\">{\"@context\":\"https:\/\/schema.org\",\"@graph\":[{\"@type\":\"Article\",\"@id\":\"https:\/\/comune.santacroce.pi.it\/oldsite\/santa-croce-sullarno-piu-di-diecimila-presenze-per-la-stagione-teatrale-del-verdi\/#article\",\"isPartOf\":{\"@id\":\"https:\/\/comune.santacroce.pi.it\/oldsite\/santa-croce-sullarno-piu-di-diecimila-presenze-per-la-stagione-teatrale-del-verdi\/\"},\"author\":{\"name\":\"Martina Menicucci\",\"@id\":\"https:\/\/comune.santacroce.pi.it\/oldsite\/#\/schema\/person\/475e14b32ccc85c4d620fead5c3d5cad\"},\"headline\":\"Santa Croce sull&#8217;Arno, pi\u00f9 di diecimila presenze per la stagione teatrale del Verdi\",\"datePublished\":\"2024-05-16T12:53:19+00:00\",\"mainEntityOfPage\":{\"@id\":\"https:\/\/comune.santacroce.pi.it\/oldsite\/santa-croce-sullarno-piu-di-diecimila-presenze-per-la-stagione-teatrale-del-verdi\/\"},\"wordCount\":498,\"publisher\":{\"@id\":\"https:\/\/comune.santacroce.pi.it\/oldsite\/#organization\"},\"image\":{\"@id\":\"https:\/\/comune.santacroce.pi.it\/oldsite\/santa-croce-sullarno-piu-di-diecimila-presenze-per-la-stagione-teatrale-del-verdi\/#primaryimage\"},\"thumbnailUrl\":\"https:\/\/comune.santacroce.pi.it\/oldsite\/wp-content\/uploads\/2017\/11\/Notizie-ed-informazioni.png\",\"articleSection\":[\"Notizie e informazioni\"],\"inLanguage\":\"it-IT\"},{\"@type\":\"WebPage\",\"@id\":\"https:\/\/comune.santacroce.pi.it\/oldsite\/santa-croce-sullarno-piu-di-diecimila-presenze-per-la-stagione-teatrale-del-verdi\/\",\"url\":\"https:\/\/comune.santacroce.pi.it\/oldsite\/santa-croce-sullarno-piu-di-diecimila-presenze-per-la-stagione-teatrale-del-verdi\/\",\"name\":\"Santa Croce sull'Arno, pi\u00f9 di diecimila presenze per la stagione teatrale del Verdi - Comune di Santa Croce sull&#039;Arno\",\"isPartOf\":{\"@id\":\"https:\/\/comune.santacroce.pi.it\/oldsite\/#website\"},\"primaryImageOfPage\":{\"@id\":\"https:\/\/comune.santacroce.pi.it\/oldsite\/santa-croce-sullarno-piu-di-diecimila-presenze-per-la-stagione-teatrale-del-verdi\/#primaryimage\"},\"image\":{\"@id\":\"https:\/\/comune.santacroce.pi.it\/oldsite\/santa-croce-sullarno-piu-di-diecimila-presenze-per-la-stagione-teatrale-del-verdi\/#primaryimage\"},\"thumbnailUrl\":\"https:\/\/comune.santacroce.pi.it\/oldsite\/wp-content\/uploads\/2017\/11\/Notizie-ed-informazioni.png\",\"datePublished\":\"2024-05-16T12:53:19+00:00\",\"breadcrumb\":{\"@id\":\"https:\/\/comune.santacroce.pi.it\/oldsite\/santa-croce-sullarno-piu-di-diecimila-presenze-per-la-stagione-teatrale-del-verdi\/#breadcrumb\"},\"inLanguage\":\"it-IT\",\"potentialAction\":[{\"@type\":\"ReadAction\",\"target\":[\"https:\/\/comune.santacroce.pi.it\/oldsite\/santa-croce-sullarno-piu-di-diecimila-presenze-per-la-stagione-teatrale-del-verdi\/\"]}]},{\"@type\":\"ImageObject\",\"inLanguage\":\"it-IT\",\"@id\":\"https:\/\/comune.santacroce.pi.it\/oldsite\/santa-croce-sullarno-piu-di-diecimila-presenze-per-la-stagione-teatrale-del-verdi\/#primaryimage\",\"url\":\"https:\/\/comune.santacroce.pi.it\/oldsite\/wp-content\/uploads\/2017\/11\/Notizie-ed-informazioni.png\",\"contentUrl\":\"https:\/\/comune.santacroce.pi.it\/oldsite\/wp-content\/uploads\/2017\/11\/Notizie-ed-informazioni.png\",\"width\":800,\"height\":600},{\"@type\":\"BreadcrumbList\",\"@id\":\"https:\/\/comune.santacroce.pi.it\/oldsite\/santa-croce-sullarno-piu-di-diecimila-presenze-per-la-stagione-teatrale-del-verdi\/#breadcrumb\",\"itemListElement\":[{\"@type\":\"ListItem\",\"position\":1,\"name\":\"Home\",\"item\":\"https:\/\/comune.santacroce.pi.it\/oldsite\/\"},{\"@type\":\"ListItem\",\"position\":2,\"name\":\"Santa Croce sull&#8217;Arno, pi\u00f9 di diecimila presenze per la stagione teatrale del Verdi\"}]},{\"@type\":\"WebSite\",\"@id\":\"https:\/\/comune.santacroce.pi.it\/oldsite\/#website\",\"url\":\"https:\/\/comune.santacroce.pi.it\/oldsite\/\",\"name\":\"Comune di Santa Croce sull&#039;Arno\",\"description\":\"Provincia di Pisa\",\"publisher\":{\"@id\":\"https:\/\/comune.santacroce.pi.it\/oldsite\/#organization\"},\"potentialAction\":[{\"@type\":\"SearchAction\",\"target\":{\"@type\":\"EntryPoint\",\"urlTemplate\":\"https:\/\/comune.santacroce.pi.it\/oldsite\/?s={search_term_string}\"},\"query-input\":{\"@type\":\"PropertyValueSpecification\",\"valueRequired\":true,\"valueName\":\"search_term_string\"}}],\"inLanguage\":\"it-IT\"},{\"@type\":\"Organization\",\"@id\":\"https:\/\/comune.santacroce.pi.it\/oldsite\/#organization\",\"name\":\"Comune di Santa Croce sull'Arno\",\"url\":\"https:\/\/comune.santacroce.pi.it\/oldsite\/\",\"logo\":{\"@type\":\"ImageObject\",\"inLanguage\":\"it-IT\",\"@id\":\"https:\/\/comune.santacroce.pi.it\/oldsite\/#\/schema\/logo\/image\/\",\"url\":\"https:\/\/comune.santacroce.pi.it\/oldsite\/wp-content\/uploads\/2021\/02\/cropped-Stemma-Santa-Croce-dellArno_500-1.png\",\"contentUrl\":\"https:\/\/comune.santacroce.pi.it\/oldsite\/wp-content\/uploads\/2021\/02\/cropped-Stemma-Santa-Croce-dellArno_500-1.png\",\"width\":500,\"height\":500,\"caption\":\"Comune di Santa Croce sull'Arno\"},\"image\":{\"@id\":\"https:\/\/comune.santacroce.pi.it\/oldsite\/#\/schema\/logo\/image\/\"}},{\"@type\":\"Person\",\"@id\":\"https:\/\/comune.santacroce.pi.it\/oldsite\/#\/schema\/person\/475e14b32ccc85c4d620fead5c3d5cad\",\"name\":\"Martina Menicucci\",\"image\":{\"@type\":\"ImageObject\",\"inLanguage\":\"it-IT\",\"@id\":\"https:\/\/comune.santacroce.pi.it\/oldsite\/#\/schema\/person\/image\/\",\"url\":\"https:\/\/secure.gravatar.com\/avatar\/1318bce079e45e012feb41abc1e3c7e7?s=96&d=mm&r=g\",\"contentUrl\":\"https:\/\/secure.gravatar.com\/avatar\/1318bce079e45e012feb41abc1e3c7e7?s=96&d=mm&r=g\",\"caption\":\"Martina Menicucci\"},\"url\":\"https:\/\/comune.santacroce.pi.it\/oldsite\/author\/mmenicucci\/\"}]}<\/script>\n<!-- \/ Yoast SEO plugin. -->","yoast_head_json":{"title":"Santa Croce sull'Arno, pi\u00f9 di diecimila presenze per la stagione teatrale del Verdi - Comune di Santa Croce sull&#039;Arno","robots":{"index":"index","follow":"follow","max-snippet":"max-snippet:-1","max-image-preview":"max-image-preview:large","max-video-preview":"max-video-preview:-1"},"canonical":"https:\/\/comune.santacroce.pi.it\/oldsite\/santa-croce-sullarno-piu-di-diecimila-presenze-per-la-stagione-teatrale-del-verdi\/","og_locale":"it_IT","og_type":"article","og_title":"Santa Croce sull'Arno, pi\u00f9 di diecimila presenze per la stagione teatrale del Verdi - Comune di Santa Croce sull&#039;Arno","og_description":"Successo di pubblico per il teatro comunale. Dagli spettacoli ai laboratori, offerta di qualit\u00e0 accessibile a tutti Santa Croce sull\u2019Arno, 16 maggio 2024. Numeri straordinari per la stagione teatrale 2023\/2024 [&hellip;]","og_url":"https:\/\/comune.santacroce.pi.it\/oldsite\/santa-croce-sullarno-piu-di-diecimila-presenze-per-la-stagione-teatrale-del-verdi\/","og_site_name":"Comune di Santa Croce sull&#039;Arno","article_published_time":"2024-05-16T12:53:19+00:00","og_image":[{"width":800,"height":600,"url":"https:\/\/comune.santacroce.pi.it\/oldsite\/wp-content\/uploads\/2017\/11\/Notizie-ed-informazioni.png","type":"image\/png"}],"author":"Martina Menicucci","twitter_card":"summary_large_image","twitter_misc":{"Scritto da":"Martina Menicucci","Tempo di lettura stimato":"3 minuti"},"schema":{"@context":"https:\/\/schema.org","@graph":[{"@type":"Article","@id":"https:\/\/comune.santacroce.pi.it\/oldsite\/santa-croce-sullarno-piu-di-diecimila-presenze-per-la-stagione-teatrale-del-verdi\/#article","isPartOf":{"@id":"https:\/\/comune.santacroce.pi.it\/oldsite\/santa-croce-sullarno-piu-di-diecimila-presenze-per-la-stagione-teatrale-del-verdi\/"},"author":{"name":"Martina Menicucci","@id":"https:\/\/comune.santacroce.pi.it\/oldsite\/#\/schema\/person\/475e14b32ccc85c4d620fead5c3d5cad"},"headline":"Santa Croce sull&#8217;Arno, pi\u00f9 di diecimila presenze per la stagione teatrale del Verdi","datePublished":"2024-05-16T12:53:19+00:00","mainEntityOfPage":{"@id":"https:\/\/comune.santacroce.pi.it\/oldsite\/santa-croce-sullarno-piu-di-diecimila-presenze-per-la-stagione-teatrale-del-verdi\/"},"wordCount":498,"publisher":{"@id":"https:\/\/comune.santacroce.pi.it\/oldsite\/#organization"},"image":{"@id":"https:\/\/comune.santacroce.pi.it\/oldsite\/santa-croce-sullarno-piu-di-diecimila-presenze-per-la-stagione-teatrale-del-verdi\/#primaryimage"},"thumbnailUrl":"https:\/\/comune.santacroce.pi.it\/oldsite\/wp-content\/uploads\/2017\/11\/Notizie-ed-informazioni.png","articleSection":["Notizie e informazioni"],"inLanguage":"it-IT"},{"@type":"WebPage","@id":"https:\/\/comune.santacroce.pi.it\/oldsite\/santa-croce-sullarno-piu-di-diecimila-presenze-per-la-stagione-teatrale-del-verdi\/","url":"https:\/\/comune.santacroce.pi.it\/oldsite\/santa-croce-sullarno-piu-di-diecimila-presenze-per-la-stagione-teatrale-del-verdi\/","name":"Santa Croce sull'Arno, pi\u00f9 di diecimila presenze per la stagione teatrale del Verdi - Comune di Santa Croce sull&#039;Arno","isPartOf":{"@id":"https:\/\/comune.santacroce.pi.it\/oldsite\/#website"},"primaryImageOfPage":{"@id":"https:\/\/comune.santacroce.pi.it\/oldsite\/santa-croce-sullarno-piu-di-diecimila-presenze-per-la-stagione-teatrale-del-verdi\/#primaryimage"},"image":{"@id":"https:\/\/comune.santacroce.pi.it\/oldsite\/santa-croce-sullarno-piu-di-diecimila-presenze-per-la-stagione-teatrale-del-verdi\/#primaryimage"},"thumbnailUrl":"https:\/\/comune.santacroce.pi.it\/oldsite\/wp-content\/uploads\/2017\/11\/Notizie-ed-informazioni.png","datePublished":"2024-05-16T12:53:19+00:00","breadcrumb":{"@id":"https:\/\/comune.santacroce.pi.it\/oldsite\/santa-croce-sullarno-piu-di-diecimila-presenze-per-la-stagione-teatrale-del-verdi\/#breadcrumb"},"inLanguage":"it-IT","potentialAction":[{"@type":"ReadAction","target":["https:\/\/comune.santacroce.pi.it\/oldsite\/santa-croce-sullarno-piu-di-diecimila-presenze-per-la-stagione-teatrale-del-verdi\/"]}]},{"@type":"ImageObject","inLanguage":"it-IT","@id":"https:\/\/comune.santacroce.pi.it\/oldsite\/santa-croce-sullarno-piu-di-diecimila-presenze-per-la-stagione-teatrale-del-verdi\/#primaryimage","url":"https:\/\/comune.santacroce.pi.it\/oldsite\/wp-content\/uploads\/2017\/11\/Notizie-ed-informazioni.png","contentUrl":"https:\/\/comune.santacroce.pi.it\/oldsite\/wp-content\/uploads\/2017\/11\/Notizie-ed-informazioni.png","width":800,"height":600},{"@type":"BreadcrumbList","@id":"https:\/\/comune.santacroce.pi.it\/oldsite\/santa-croce-sullarno-piu-di-diecimila-presenze-per-la-stagione-teatrale-del-verdi\/#breadcrumb","itemListElement":[{"@type":"ListItem","position":1,"name":"Home","item":"https:\/\/comune.santacroce.pi.it\/oldsite\/"},{"@type":"ListItem","position":2,"name":"Santa Croce sull&#8217;Arno, pi\u00f9 di diecimila presenze per la stagione teatrale del Verdi"}]},{"@type":"WebSite","@id":"https:\/\/comune.santacroce.pi.it\/oldsite\/#website","url":"https:\/\/comune.santacroce.pi.it\/oldsite\/","name":"Comune di Santa Croce sull&#039;Arno","description":"Provincia di Pisa","publisher":{"@id":"https:\/\/comune.santacroce.pi.it\/oldsite\/#organization"},"potentialAction":[{"@type":"SearchAction","target":{"@type":"EntryPoint","urlTemplate":"https:\/\/comune.santacroce.pi.it\/oldsite\/?s={search_term_string}"},"query-input":{"@type":"PropertyValueSpecification","valueRequired":true,"valueName":"search_term_string"}}],"inLanguage":"it-IT"},{"@type":"Organization","@id":"https:\/\/comune.santacroce.pi.it\/oldsite\/#organization","name":"Comune di Santa Croce sull'Arno","url":"https:\/\/comune.santacroce.pi.it\/oldsite\/","logo":{"@type":"ImageObject","inLanguage":"it-IT","@id":"https:\/\/comune.santacroce.pi.it\/oldsite\/#\/schema\/logo\/image\/","url":"https:\/\/comune.santacroce.pi.it\/oldsite\/wp-content\/uploads\/2021\/02\/cropped-Stemma-Santa-Croce-dellArno_500-1.png","contentUrl":"https:\/\/comune.santacroce.pi.it\/oldsite\/wp-content\/uploads\/2021\/02\/cropped-Stemma-Santa-Croce-dellArno_500-1.png","width":500,"height":500,"caption":"Comune di Santa Croce sull'Arno"},"image":{"@id":"https:\/\/comune.santacroce.pi.it\/oldsite\/#\/schema\/logo\/image\/"}},{"@type":"Person","@id":"https:\/\/comune.santacroce.pi.it\/oldsite\/#\/schema\/person\/475e14b32ccc85c4d620fead5c3d5cad","name":"Martina Menicucci","image":{"@type":"ImageObject","inLanguage":"it-IT","@id":"https:\/\/comune.santacroce.pi.it\/oldsite\/#\/schema\/person\/image\/","url":"https:\/\/secure.gravatar.com\/avatar\/1318bce079e45e012feb41abc1e3c7e7?s=96&d=mm&r=g","contentUrl":"https:\/\/secure.gravatar.com\/avatar\/1318bce079e45e012feb41abc1e3c7e7?s=96&d=mm&r=g","caption":"Martina Menicucci"},"url":"https:\/\/comune.santacroce.pi.it\/oldsite\/author\/mmenicucci\/"}]}},"jetpack_featured_media_url":"https:\/\/comune.santacroce.pi.it\/oldsite\/wp-content\/uploads\/2017\/11\/Notizie-ed-informazioni.png","meta_box":{"comunicacity_sync":"1","cc4_urg_colore":"rosso","cc4_urg_data_inizio":"","cc4_urg_data_fine":"","cc4_cor_positivi_oggi":"","cc4_cor_negativizzati_oggi":"","cc4_cor_deceduti_oggi":"","cc4_cor_positivi_totali":"","cc4_cor_negativizzati_totali":"","cc4_cor_deceduti_totali":"","cc4_cor_attualmente_positivi":"","cc4_eve_data_inizio":"","cc4_eve_data_fine":"","cc4_eve_indirizzo":"","cc4_eve_posizione":{"latitude":"0","longitude":"0","zoom":"0"},"cc4_eve_telefono":"","cc4_eve_email":"","cc4_eve_web":"","cc4_eve_fb":""},"_links":{"self":[{"href":"https:\/\/comune.santacroce.pi.it\/oldsite\/wp-json\/wp\/v2\/posts\/24463","targetHints":{"allow":["GET"]}}],"collection":[{"href":"https:\/\/comune.santacroce.pi.it\/oldsite\/wp-json\/wp\/v2\/posts"}],"about":[{"href":"https:\/\/comune.santacroce.pi.it\/oldsite\/wp-json\/wp\/v2\/types\/post"}],"author":[{"embeddable":true,"href":"https:\/\/comune.santacroce.pi.it\/oldsite\/wp-json\/wp\/v2\/users\/15"}],"replies":[{"embeddable":true,"href":"https:\/\/comune.santacroce.pi.it\/oldsite\/wp-json\/wp\/v2\/comments?post=24463"}],"version-history":[{"count":0,"href":"https:\/\/comune.santacroce.pi.it\/oldsite\/wp-json\/wp\/v2\/posts\/24463\/revisions"}],"wp:featuredmedia":[{"embeddable":true,"href":"https:\/\/comune.santacroce.pi.it\/oldsite\/wp-json\/wp\/v2\/media\/12407"}],"wp:attachment":[{"href":"https:\/\/comune.santacroce.pi.it\/oldsite\/wp-json\/wp\/v2\/media?parent=24463"}],"wp:term":[{"taxonomy":"category","embeddable":true,"href":"https:\/\/comune.santacroce.pi.it\/oldsite\/wp-json\/wp\/v2\/categories?post=24463"},{"taxonomy":"post_tag","embeddable":true,"href":"https:\/\/comune.santacroce.pi.it\/oldsite\/wp-json\/wp\/v2\/tags?post=24463"}],"curies":[{"name":"wp","href":"https:\/\/api.w.org\/{rel}","templated":true}]}}