{"id":24287,"date":"2024-04-29T08:42:23","date_gmt":"2024-04-29T06:42:23","guid":{"rendered":"https:\/\/comune.santacroce.pi.it\/oldsite\/?p=24287"},"modified":"2024-04-29T08:42:23","modified_gmt":"2024-04-29T06:42:23","slug":"la-flora-delle-colline-delle-cerbaie-giornata-di-presentazione-e-divulgazione-sabato-4-maggio","status":"publish","type":"post","link":"https:\/\/comune.santacroce.pi.it\/oldsite\/la-flora-delle-colline-delle-cerbaie-giornata-di-presentazione-e-divulgazione-sabato-4-maggio\/","title":{"rendered":"La flora delle colline delle Cerbaie: giornata di presentazione e divulgazione Sabato 4 maggio"},"content":{"rendered":"<p><strong>Sabato 4 Maggio<\/strong>, la mattina in un modo e il pomeriggio in un altro, si svolger\u00e0 un piccolo, grande, evento, la <strong>Giornata di presentazione e divulgazione della FLORA delle Colline delle CERBAIE<\/strong>, ossia dell&#8217;inventario aggiornato della Flora vascolare di questo esiguo (ma vasto) fazzoletto di terra in Toscana che rappresenta una delle aree a pi\u00f9\u00a0 alta biodiversit\u00e0 vegetale con specie rare e d&#8217;interesse ancora presenti.<\/p>\n<p>Lo studio \u00e8 stato promosso, condotto e coordinato dal Prof. Lorenzo Peruzzi del Dipartimento di Biologia dell&#8217;Universit\u00e0 di Pisa insieme a un gruppo di valenti esperti che, per pi\u00f9 di dieci anni, si son dispersi, nelle varie stagioni, per vallini e foreste alla ricerca del &#8220;Santo Graal&#8221; delle piante o, semplicemente, a conferma dei ritrovamenti degli inventari precedenti.<\/p>\n<p>Sabato 4 si presentano i risultati, la mattina in un incontro presso la Fondazione Montanelli Bassi a Fucecchio<br \/>\ne, il pomeriggio, con una passeggiata in uno dei tanti vallini ricchi di essenze preziose e uniche.<\/p>\n<p>L&#8217;evento \u00e8 promosso con il patrocinio del Comune di Fucecchio e il supporto attivo di Italia Nostra Medio Valdarno Inferiore, del CAI Valdarno Inferiore e del Rotary Club Fucecchio-Santa Croce sull&#8217;Arno.<\/p>\n<p>Il programma prevede:<\/p>\n<p><strong>MATTINA ore 10-12:30<\/strong><br \/>\nPresentazione dell&#8217;inventario aggiornato della flora vascolare delle colline delle Cerbaie<br \/>\nIntervengono:<br \/>\n&#8211;<em> Saluti del Sindaco di Fucecchio, Alessio Spinelli<\/em><br \/>\n&#8211; Prof. <strong>Lorenzo Peruzzi<\/strong>, Direttore dell&#8217;Orto e Museo Botanico di Pisa<br \/>\n&#8211; Dott. <strong>Giovanni Gestri<\/strong>, uno degli autori dello studio<br \/>\n&#8211; Dott. <strong>Marco D&#8217;Antraccoli<\/strong>, Curatore dell&#8217;orto Botanico di Pisa<br \/>\n&#8211; Dott. <strong>Andrea Bernardini<\/strong>, Direttore del Consorzio Forestale delle Cerbaie<\/p>\n<p><strong>POMERIGGIO ore 14:30-17:30<\/strong><br \/>\nPasseggiata naturalistica alla scoperta delle bellezze floristiche delle Cerbaie<\/p>\n<p><strong>INFO<\/strong>: a.bernardini@ecosilva.it &#8211; Tel. 340 9847686<\/p>\n<p><em>In allegato la locandina dell&#8217;evento.<\/em><\/p>\n","protected":false},"excerpt":{"rendered":"<p>Sabato 4 Maggio, la mattina in un modo e il pomeriggio in un altro, si svolger\u00e0 un piccolo, grande, evento, la Giornata di presentazione e divulgazione della FLORA delle Colline [&hellip;]<\/p>\n","protected":false},"author":36,"featured_media":24288,"comment_status":"closed","ping_status":"closed","sticky":false,"template":"","format":"standard","meta":{"footnotes":""},"categories":[1],"tags":[],"class_list":["post-24287","post","type-post","status-publish","format-standard","has-post-thumbnail","hentry","category-notizie-e-informazioni"],"yoast_head":"<!-- This site is optimized with the Yoast SEO plugin v24.7 - https:\/\/yoast.com\/wordpress\/plugins\/seo\/ -->\n<title>La flora delle colline delle Cerbaie: giornata di presentazione e divulgazione Sabato 4 maggio - Comune di Santa Croce sull&#039;Arno<\/title>\n<meta name=\"robots\" content=\"index, follow, max-snippet:-1, max-image-preview:large, max-video-preview:-1\" \/>\n<link rel=\"canonical\" href=\"https:\/\/comune.santacroce.pi.it\/oldsite\/la-flora-delle-colline-delle-cerbaie-giornata-di-presentazione-e-divulgazione-sabato-4-maggio\/\" \/>\n<meta property=\"og:locale\" content=\"it_IT\" \/>\n<meta property=\"og:type\" content=\"article\" \/>\n<meta property=\"og:title\" content=\"La flora delle colline delle Cerbaie: giornata di presentazione e divulgazione Sabato 4 maggio - Comune di Santa Croce sull&#039;Arno\" \/>\n<meta property=\"og:description\" content=\"Sabato 4 Maggio, la mattina in un modo e il pomeriggio in un altro, si svolger\u00e0 un piccolo, grande, evento, la Giornata di presentazione e divulgazione della FLORA delle Colline [&hellip;]\" \/>\n<meta property=\"og:url\" content=\"https:\/\/comune.santacroce.pi.it\/oldsite\/la-flora-delle-colline-delle-cerbaie-giornata-di-presentazione-e-divulgazione-sabato-4-maggio\/\" \/>\n<meta property=\"og:site_name\" content=\"Comune di Santa Croce sull&#039;Arno\" \/>\n<meta property=\"article:published_time\" content=\"2024-04-29T06:42:23+00:00\" \/>\n<meta property=\"og:image\" content=\"https:\/\/comune.santacroce.pi.it\/oldsite\/wp-content\/uploads\/2024\/04\/Screenshot-2024-04-29-082401.png\" \/>\n\t<meta property=\"og:image:width\" content=\"593\" \/>\n\t<meta property=\"og:image:height\" content=\"842\" \/>\n\t<meta property=\"og:image:type\" content=\"image\/png\" \/>\n<meta name=\"author\" content=\"Francesco Ciaponi\" \/>\n<meta name=\"twitter:card\" content=\"summary_large_image\" \/>\n<meta name=\"twitter:label1\" content=\"Scritto da\" \/>\n\t<meta name=\"twitter:data1\" content=\"Francesco Ciaponi\" \/>\n\t<meta name=\"twitter:label2\" content=\"Tempo di lettura stimato\" \/>\n\t<meta name=\"twitter:data2\" content=\"2 minuti\" \/>\n<script type=\"application\/ld+json\" class=\"yoast-schema-graph\">{\"@context\":\"https:\/\/schema.org\",\"@graph\":[{\"@type\":\"Article\",\"@id\":\"https:\/\/comune.santacroce.pi.it\/oldsite\/la-flora-delle-colline-delle-cerbaie-giornata-di-presentazione-e-divulgazione-sabato-4-maggio\/#article\",\"isPartOf\":{\"@id\":\"https:\/\/comune.santacroce.pi.it\/oldsite\/la-flora-delle-colline-delle-cerbaie-giornata-di-presentazione-e-divulgazione-sabato-4-maggio\/\"},\"author\":{\"name\":\"Francesco Ciaponi\",\"@id\":\"https:\/\/comune.santacroce.pi.it\/oldsite\/#\/schema\/person\/f2167a6006c0cd64933ee9b7eead6b80\"},\"headline\":\"La flora delle colline delle Cerbaie: giornata di presentazione e divulgazione Sabato 4 maggio\",\"datePublished\":\"2024-04-29T06:42:23+00:00\",\"mainEntityOfPage\":{\"@id\":\"https:\/\/comune.santacroce.pi.it\/oldsite\/la-flora-delle-colline-delle-cerbaie-giornata-di-presentazione-e-divulgazione-sabato-4-maggio\/\"},\"wordCount\":296,\"publisher\":{\"@id\":\"https:\/\/comune.santacroce.pi.it\/oldsite\/#organization\"},\"image\":{\"@id\":\"https:\/\/comune.santacroce.pi.it\/oldsite\/la-flora-delle-colline-delle-cerbaie-giornata-di-presentazione-e-divulgazione-sabato-4-maggio\/#primaryimage\"},\"thumbnailUrl\":\"https:\/\/comune.santacroce.pi.it\/oldsite\/wp-content\/uploads\/2024\/04\/Screenshot-2024-04-29-082401.png\",\"articleSection\":[\"Notizie e informazioni\"],\"inLanguage\":\"it-IT\"},{\"@type\":\"WebPage\",\"@id\":\"https:\/\/comune.santacroce.pi.it\/oldsite\/la-flora-delle-colline-delle-cerbaie-giornata-di-presentazione-e-divulgazione-sabato-4-maggio\/\",\"url\":\"https:\/\/comune.santacroce.pi.it\/oldsite\/la-flora-delle-colline-delle-cerbaie-giornata-di-presentazione-e-divulgazione-sabato-4-maggio\/\",\"name\":\"La flora delle colline delle Cerbaie: giornata di presentazione e divulgazione Sabato 4 maggio - Comune di Santa Croce sull&#039;Arno\",\"isPartOf\":{\"@id\":\"https:\/\/comune.santacroce.pi.it\/oldsite\/#website\"},\"primaryImageOfPage\":{\"@id\":\"https:\/\/comune.santacroce.pi.it\/oldsite\/la-flora-delle-colline-delle-cerbaie-giornata-di-presentazione-e-divulgazione-sabato-4-maggio\/#primaryimage\"},\"image\":{\"@id\":\"https:\/\/comune.santacroce.pi.it\/oldsite\/la-flora-delle-colline-delle-cerbaie-giornata-di-presentazione-e-divulgazione-sabato-4-maggio\/#primaryimage\"},\"thumbnailUrl\":\"https:\/\/comune.santacroce.pi.it\/oldsite\/wp-content\/uploads\/2024\/04\/Screenshot-2024-04-29-082401.png\",\"datePublished\":\"2024-04-29T06:42:23+00:00\",\"breadcrumb\":{\"@id\":\"https:\/\/comune.santacroce.pi.it\/oldsite\/la-flora-delle-colline-delle-cerbaie-giornata-di-presentazione-e-divulgazione-sabato-4-maggio\/#breadcrumb\"},\"inLanguage\":\"it-IT\",\"potentialAction\":[{\"@type\":\"ReadAction\",\"target\":[\"https:\/\/comune.santacroce.pi.it\/oldsite\/la-flora-delle-colline-delle-cerbaie-giornata-di-presentazione-e-divulgazione-sabato-4-maggio\/\"]}]},{\"@type\":\"ImageObject\",\"inLanguage\":\"it-IT\",\"@id\":\"https:\/\/comune.santacroce.pi.it\/oldsite\/la-flora-delle-colline-delle-cerbaie-giornata-di-presentazione-e-divulgazione-sabato-4-maggio\/#primaryimage\",\"url\":\"https:\/\/comune.santacroce.pi.it\/oldsite\/wp-content\/uploads\/2024\/04\/Screenshot-2024-04-29-082401.png\",\"contentUrl\":\"https:\/\/comune.santacroce.pi.it\/oldsite\/wp-content\/uploads\/2024\/04\/Screenshot-2024-04-29-082401.png\",\"width\":593,\"height\":842},{\"@type\":\"BreadcrumbList\",\"@id\":\"https:\/\/comune.santacroce.pi.it\/oldsite\/la-flora-delle-colline-delle-cerbaie-giornata-di-presentazione-e-divulgazione-sabato-4-maggio\/#breadcrumb\",\"itemListElement\":[{\"@type\":\"ListItem\",\"position\":1,\"name\":\"Home\",\"item\":\"https:\/\/comune.santacroce.pi.it\/oldsite\/\"},{\"@type\":\"ListItem\",\"position\":2,\"name\":\"La flora delle colline delle Cerbaie: giornata di presentazione e divulgazione Sabato 4 maggio\"}]},{\"@type\":\"WebSite\",\"@id\":\"https:\/\/comune.santacroce.pi.it\/oldsite\/#website\",\"url\":\"https:\/\/comune.santacroce.pi.it\/oldsite\/\",\"name\":\"Comune di Santa Croce sull&#039;Arno\",\"description\":\"Provincia di Pisa\",\"publisher\":{\"@id\":\"https:\/\/comune.santacroce.pi.it\/oldsite\/#organization\"},\"potentialAction\":[{\"@type\":\"SearchAction\",\"target\":{\"@type\":\"EntryPoint\",\"urlTemplate\":\"https:\/\/comune.santacroce.pi.it\/oldsite\/?s={search_term_string}\"},\"query-input\":{\"@type\":\"PropertyValueSpecification\",\"valueRequired\":true,\"valueName\":\"search_term_string\"}}],\"inLanguage\":\"it-IT\"},{\"@type\":\"Organization\",\"@id\":\"https:\/\/comune.santacroce.pi.it\/oldsite\/#organization\",\"name\":\"Comune di Santa Croce sull'Arno\",\"url\":\"https:\/\/comune.santacroce.pi.it\/oldsite\/\",\"logo\":{\"@type\":\"ImageObject\",\"inLanguage\":\"it-IT\",\"@id\":\"https:\/\/comune.santacroce.pi.it\/oldsite\/#\/schema\/logo\/image\/\",\"url\":\"https:\/\/comune.santacroce.pi.it\/oldsite\/wp-content\/uploads\/2021\/02\/cropped-Stemma-Santa-Croce-dellArno_500-1.png\",\"contentUrl\":\"https:\/\/comune.santacroce.pi.it\/oldsite\/wp-content\/uploads\/2021\/02\/cropped-Stemma-Santa-Croce-dellArno_500-1.png\",\"width\":500,\"height\":500,\"caption\":\"Comune di Santa Croce sull'Arno\"},\"image\":{\"@id\":\"https:\/\/comune.santacroce.pi.it\/oldsite\/#\/schema\/logo\/image\/\"}},{\"@type\":\"Person\",\"@id\":\"https:\/\/comune.santacroce.pi.it\/oldsite\/#\/schema\/person\/f2167a6006c0cd64933ee9b7eead6b80\",\"name\":\"Francesco Ciaponi\",\"image\":{\"@type\":\"ImageObject\",\"inLanguage\":\"it-IT\",\"@id\":\"https:\/\/comune.santacroce.pi.it\/oldsite\/#\/schema\/person\/image\/\",\"url\":\"https:\/\/secure.gravatar.com\/avatar\/5c093bc3fedc2296548a3188ca4ce3c8?s=96&d=mm&r=g\",\"contentUrl\":\"https:\/\/secure.gravatar.com\/avatar\/5c093bc3fedc2296548a3188ca4ce3c8?s=96&d=mm&r=g\",\"caption\":\"Francesco Ciaponi\"},\"url\":\"https:\/\/comune.santacroce.pi.it\/oldsite\/author\/fciaponi\/\"}]}<\/script>\n<!-- \/ Yoast SEO plugin. -->","yoast_head_json":{"title":"La flora delle colline delle Cerbaie: giornata di presentazione e divulgazione Sabato 4 maggio - Comune di Santa Croce sull&#039;Arno","robots":{"index":"index","follow":"follow","max-snippet":"max-snippet:-1","max-image-preview":"max-image-preview:large","max-video-preview":"max-video-preview:-1"},"canonical":"https:\/\/comune.santacroce.pi.it\/oldsite\/la-flora-delle-colline-delle-cerbaie-giornata-di-presentazione-e-divulgazione-sabato-4-maggio\/","og_locale":"it_IT","og_type":"article","og_title":"La flora delle colline delle Cerbaie: giornata di presentazione e divulgazione Sabato 4 maggio - Comune di Santa Croce sull&#039;Arno","og_description":"Sabato 4 Maggio, la mattina in un modo e il pomeriggio in un altro, si svolger\u00e0 un piccolo, grande, evento, la Giornata di presentazione e divulgazione della FLORA delle Colline [&hellip;]","og_url":"https:\/\/comune.santacroce.pi.it\/oldsite\/la-flora-delle-colline-delle-cerbaie-giornata-di-presentazione-e-divulgazione-sabato-4-maggio\/","og_site_name":"Comune di Santa Croce sull&#039;Arno","article_published_time":"2024-04-29T06:42:23+00:00","og_image":[{"width":593,"height":842,"url":"https:\/\/comune.santacroce.pi.it\/oldsite\/wp-content\/uploads\/2024\/04\/Screenshot-2024-04-29-082401.png","type":"image\/png"}],"author":"Francesco Ciaponi","twitter_card":"summary_large_image","twitter_misc":{"Scritto da":"Francesco Ciaponi","Tempo di lettura stimato":"2 minuti"},"schema":{"@context":"https:\/\/schema.org","@graph":[{"@type":"Article","@id":"https:\/\/comune.santacroce.pi.it\/oldsite\/la-flora-delle-colline-delle-cerbaie-giornata-di-presentazione-e-divulgazione-sabato-4-maggio\/#article","isPartOf":{"@id":"https:\/\/comune.santacroce.pi.it\/oldsite\/la-flora-delle-colline-delle-cerbaie-giornata-di-presentazione-e-divulgazione-sabato-4-maggio\/"},"author":{"name":"Francesco Ciaponi","@id":"https:\/\/comune.santacroce.pi.it\/oldsite\/#\/schema\/person\/f2167a6006c0cd64933ee9b7eead6b80"},"headline":"La flora delle colline delle Cerbaie: giornata di presentazione e divulgazione Sabato 4 maggio","datePublished":"2024-04-29T06:42:23+00:00","mainEntityOfPage":{"@id":"https:\/\/comune.santacroce.pi.it\/oldsite\/la-flora-delle-colline-delle-cerbaie-giornata-di-presentazione-e-divulgazione-sabato-4-maggio\/"},"wordCount":296,"publisher":{"@id":"https:\/\/comune.santacroce.pi.it\/oldsite\/#organization"},"image":{"@id":"https:\/\/comune.santacroce.pi.it\/oldsite\/la-flora-delle-colline-delle-cerbaie-giornata-di-presentazione-e-divulgazione-sabato-4-maggio\/#primaryimage"},"thumbnailUrl":"https:\/\/comune.santacroce.pi.it\/oldsite\/wp-content\/uploads\/2024\/04\/Screenshot-2024-04-29-082401.png","articleSection":["Notizie e informazioni"],"inLanguage":"it-IT"},{"@type":"WebPage","@id":"https:\/\/comune.santacroce.pi.it\/oldsite\/la-flora-delle-colline-delle-cerbaie-giornata-di-presentazione-e-divulgazione-sabato-4-maggio\/","url":"https:\/\/comune.santacroce.pi.it\/oldsite\/la-flora-delle-colline-delle-cerbaie-giornata-di-presentazione-e-divulgazione-sabato-4-maggio\/","name":"La flora delle colline delle Cerbaie: giornata di presentazione e divulgazione Sabato 4 maggio - Comune di Santa Croce sull&#039;Arno","isPartOf":{"@id":"https:\/\/comune.santacroce.pi.it\/oldsite\/#website"},"primaryImageOfPage":{"@id":"https:\/\/comune.santacroce.pi.it\/oldsite\/la-flora-delle-colline-delle-cerbaie-giornata-di-presentazione-e-divulgazione-sabato-4-maggio\/#primaryimage"},"image":{"@id":"https:\/\/comune.santacroce.pi.it\/oldsite\/la-flora-delle-colline-delle-cerbaie-giornata-di-presentazione-e-divulgazione-sabato-4-maggio\/#primaryimage"},"thumbnailUrl":"https:\/\/comune.santacroce.pi.it\/oldsite\/wp-content\/uploads\/2024\/04\/Screenshot-2024-04-29-082401.png","datePublished":"2024-04-29T06:42:23+00:00","breadcrumb":{"@id":"https:\/\/comune.santacroce.pi.it\/oldsite\/la-flora-delle-colline-delle-cerbaie-giornata-di-presentazione-e-divulgazione-sabato-4-maggio\/#breadcrumb"},"inLanguage":"it-IT","potentialAction":[{"@type":"ReadAction","target":["https:\/\/comune.santacroce.pi.it\/oldsite\/la-flora-delle-colline-delle-cerbaie-giornata-di-presentazione-e-divulgazione-sabato-4-maggio\/"]}]},{"@type":"ImageObject","inLanguage":"it-IT","@id":"https:\/\/comune.santacroce.pi.it\/oldsite\/la-flora-delle-colline-delle-cerbaie-giornata-di-presentazione-e-divulgazione-sabato-4-maggio\/#primaryimage","url":"https:\/\/comune.santacroce.pi.it\/oldsite\/wp-content\/uploads\/2024\/04\/Screenshot-2024-04-29-082401.png","contentUrl":"https:\/\/comune.santacroce.pi.it\/oldsite\/wp-content\/uploads\/2024\/04\/Screenshot-2024-04-29-082401.png","width":593,"height":842},{"@type":"BreadcrumbList","@id":"https:\/\/comune.santacroce.pi.it\/oldsite\/la-flora-delle-colline-delle-cerbaie-giornata-di-presentazione-e-divulgazione-sabato-4-maggio\/#breadcrumb","itemListElement":[{"@type":"ListItem","position":1,"name":"Home","item":"https:\/\/comune.santacroce.pi.it\/oldsite\/"},{"@type":"ListItem","position":2,"name":"La flora delle colline delle Cerbaie: giornata di presentazione e divulgazione Sabato 4 maggio"}]},{"@type":"WebSite","@id":"https:\/\/comune.santacroce.pi.it\/oldsite\/#website","url":"https:\/\/comune.santacroce.pi.it\/oldsite\/","name":"Comune di Santa Croce sull&#039;Arno","description":"Provincia di Pisa","publisher":{"@id":"https:\/\/comune.santacroce.pi.it\/oldsite\/#organization"},"potentialAction":[{"@type":"SearchAction","target":{"@type":"EntryPoint","urlTemplate":"https:\/\/comune.santacroce.pi.it\/oldsite\/?s={search_term_string}"},"query-input":{"@type":"PropertyValueSpecification","valueRequired":true,"valueName":"search_term_string"}}],"inLanguage":"it-IT"},{"@type":"Organization","@id":"https:\/\/comune.santacroce.pi.it\/oldsite\/#organization","name":"Comune di Santa Croce sull'Arno","url":"https:\/\/comune.santacroce.pi.it\/oldsite\/","logo":{"@type":"ImageObject","inLanguage":"it-IT","@id":"https:\/\/comune.santacroce.pi.it\/oldsite\/#\/schema\/logo\/image\/","url":"https:\/\/comune.santacroce.pi.it\/oldsite\/wp-content\/uploads\/2021\/02\/cropped-Stemma-Santa-Croce-dellArno_500-1.png","contentUrl":"https:\/\/comune.santacroce.pi.it\/oldsite\/wp-content\/uploads\/2021\/02\/cropped-Stemma-Santa-Croce-dellArno_500-1.png","width":500,"height":500,"caption":"Comune di Santa Croce sull'Arno"},"image":{"@id":"https:\/\/comune.santacroce.pi.it\/oldsite\/#\/schema\/logo\/image\/"}},{"@type":"Person","@id":"https:\/\/comune.santacroce.pi.it\/oldsite\/#\/schema\/person\/f2167a6006c0cd64933ee9b7eead6b80","name":"Francesco Ciaponi","image":{"@type":"ImageObject","inLanguage":"it-IT","@id":"https:\/\/comune.santacroce.pi.it\/oldsite\/#\/schema\/person\/image\/","url":"https:\/\/secure.gravatar.com\/avatar\/5c093bc3fedc2296548a3188ca4ce3c8?s=96&d=mm&r=g","contentUrl":"https:\/\/secure.gravatar.com\/avatar\/5c093bc3fedc2296548a3188ca4ce3c8?s=96&d=mm&r=g","caption":"Francesco Ciaponi"},"url":"https:\/\/comune.santacroce.pi.it\/oldsite\/author\/fciaponi\/"}]}},"jetpack_featured_media_url":"https:\/\/comune.santacroce.pi.it\/oldsite\/wp-content\/uploads\/2024\/04\/Screenshot-2024-04-29-082401.png","meta_box":{"comunicacity_sync":"1","cc4_urg_colore":"rosso","cc4_urg_data_inizio":"","cc4_urg_data_fine":"","cc4_cor_positivi_oggi":"","cc4_cor_negativizzati_oggi":"","cc4_cor_deceduti_oggi":"","cc4_cor_positivi_totali":"","cc4_cor_negativizzati_totali":"","cc4_cor_deceduti_totali":"","cc4_cor_attualmente_positivi":"","cc4_eve_data_inizio":"","cc4_eve_data_fine":"","cc4_eve_indirizzo":"","cc4_eve_posizione":{"latitude":"0","longitude":"0","zoom":"0"},"cc4_eve_telefono":"","cc4_eve_email":"","cc4_eve_web":"","cc4_eve_fb":""},"_links":{"self":[{"href":"https:\/\/comune.santacroce.pi.it\/oldsite\/wp-json\/wp\/v2\/posts\/24287","targetHints":{"allow":["GET"]}}],"collection":[{"href":"https:\/\/comune.santacroce.pi.it\/oldsite\/wp-json\/wp\/v2\/posts"}],"about":[{"href":"https:\/\/comune.santacroce.pi.it\/oldsite\/wp-json\/wp\/v2\/types\/post"}],"author":[{"embeddable":true,"href":"https:\/\/comune.santacroce.pi.it\/oldsite\/wp-json\/wp\/v2\/users\/36"}],"replies":[{"embeddable":true,"href":"https:\/\/comune.santacroce.pi.it\/oldsite\/wp-json\/wp\/v2\/comments?post=24287"}],"version-history":[{"count":0,"href":"https:\/\/comune.santacroce.pi.it\/oldsite\/wp-json\/wp\/v2\/posts\/24287\/revisions"}],"wp:featuredmedia":[{"embeddable":true,"href":"https:\/\/comune.santacroce.pi.it\/oldsite\/wp-json\/wp\/v2\/media\/24288"}],"wp:attachment":[{"href":"https:\/\/comune.santacroce.pi.it\/oldsite\/wp-json\/wp\/v2\/media?parent=24287"}],"wp:term":[{"taxonomy":"category","embeddable":true,"href":"https:\/\/comune.santacroce.pi.it\/oldsite\/wp-json\/wp\/v2\/categories?post=24287"},{"taxonomy":"post_tag","embeddable":true,"href":"https:\/\/comune.santacroce.pi.it\/oldsite\/wp-json\/wp\/v2\/tags?post=24287"}],"curies":[{"name":"wp","href":"https:\/\/api.w.org\/{rel}","templated":true}]}}