{"id":24224,"date":"2024-04-23T10:00:25","date_gmt":"2024-04-23T08:00:25","guid":{"rendered":"https:\/\/comune.santacroce.pi.it\/oldsite\/?p=24224"},"modified":"2024-04-26T09:07:55","modified_gmt":"2024-04-26T07:07:55","slug":"modifiche-temporanee-alla-circolazione-in-occasione-della-manifestazione-ciclistica-abilita-toscana-3-prova","status":"publish","type":"post","link":"https:\/\/comune.santacroce.pi.it\/oldsite\/modifiche-temporanee-alla-circolazione-in-occasione-della-manifestazione-ciclistica-abilita-toscana-3-prova\/","title":{"rendered":"Modifiche temporanee alla circolazione in occasione della manifestazione ciclistica &#8220;Abilit\u00e0 Toscana &#8211; 3\u00b0 prova&#8221;"},"content":{"rendered":"<p>Si comunica che per lo svolgimento della manifestazione ciclistica specialit\u00e0 &#8220;abilit\u00e0&#8221; riservata alla categoria giovanissimi denominata &#8220;<em>Abilit\u00e0 Toscana &#8211; 3\u00b0 prova<\/em>&#8220;, organizzata dall&#8217;Unione Ciclistica Santa Croce sull&#8217;Arno ASD, sono previste le seguenti modifiche alla circolazione per il giorno <strong>mercoled\u00ec 1 maggio 2024<\/strong>:<\/p>\n<p>&#8211; <strong>\ud835\uddf0\ud835\uddf5\ud835\uddf6\ud835\ude02\ud835\ude00\ud835\ude02\ud835\uddff\ud835\uddee \ud835\uddee\ud835\uddf9 \ud835\ude01\ud835\uddff\ud835\uddee\ud835\uddfb\ud835\ude00\ud835\uddf6\ud835\ude01\ud835\uddfc \ud835\ude03\ud835\uddf2\ud835\uddf6\ud835\uddf0\ud835\uddfc\ud835\uddf9\ud835\uddee\ud835\uddff\ud835\uddf2<\/strong> <strong>di piazza O.Romero<\/strong> con sosta riservata ai veicoli posti al seguito della manifestazione ed istituzione del divieto di sosta con rimozione forzata per i veicoli non autorizzati.<br \/>\n&#8211; <strong>\ud835\uddf0\ud835\uddf5\ud835\uddf6\ud835\ude02\ud835\ude00\ud835\ude02\ud835\uddff\ud835\uddee \ud835\uddee\ud835\uddf9 \ud835\ude01\ud835\uddff\ud835\uddee\ud835\uddfb\ud835\ude00\ud835\uddf6\ud835\ude01\ud835\uddfc \ud835\ude03\ud835\uddf2\ud835\uddf6\ud835\uddf0\ud835\uddfc\ud835\uddf9\ud835\uddee\ud835\uddff\ud835\uddf2<\/strong> <strong>di via Padre Ernesto Balducci<\/strong> con istituzione del divieto di sosta con rimozione forzata e accesso consentito ai soli veicoli posti al seguito della manifestazione.<br \/>\n&#8211; <strong>istituzione<\/strong> <strong>del senso unico di marcia in via San Tommaso tratto compreso tra via Padre Ernesto Balducci e viale Meucci <\/strong>con circolazione consentita esclusivamente rispetto alla direzione centro-periferia.<\/p>\n<p><em>La cittadinanza \u00e8 invitata ad osservare la segnaletica temporanea che regola la circolazione e la sosta.<\/em><\/p>\n","protected":false},"excerpt":{"rendered":"<p>Si comunica che per lo svolgimento della manifestazione ciclistica specialit\u00e0 &#8220;abilit\u00e0&#8221; riservata alla categoria giovanissimi denominata &#8220;Abilit\u00e0 Toscana &#8211; 3\u00b0 prova&#8220;, organizzata dall&#8217;Unione Ciclistica Santa Croce sull&#8217;Arno ASD, sono previste [&hellip;]<\/p>\n","protected":false},"author":36,"featured_media":24222,"comment_status":"closed","ping_status":"closed","sticky":false,"template":"","format":"standard","meta":{"footnotes":""},"categories":[1],"tags":[],"class_list":["post-24224","post","type-post","status-publish","format-standard","has-post-thumbnail","hentry","category-notizie-e-informazioni"],"yoast_head":"<!-- This site is optimized with the Yoast SEO plugin v24.7 - https:\/\/yoast.com\/wordpress\/plugins\/seo\/ -->\n<title>Modifiche temporanee alla circolazione in occasione della manifestazione ciclistica &quot;Abilit\u00e0 Toscana - 3\u00b0 prova&quot; - Comune di Santa Croce sull&#039;Arno<\/title>\n<meta name=\"robots\" content=\"index, follow, max-snippet:-1, max-image-preview:large, max-video-preview:-1\" \/>\n<link rel=\"canonical\" href=\"https:\/\/comune.santacroce.pi.it\/oldsite\/modifiche-temporanee-alla-circolazione-in-occasione-della-manifestazione-ciclistica-abilita-toscana-3-prova\/\" \/>\n<meta property=\"og:locale\" content=\"it_IT\" \/>\n<meta property=\"og:type\" content=\"article\" \/>\n<meta property=\"og:title\" content=\"Modifiche temporanee alla circolazione in occasione della manifestazione ciclistica &quot;Abilit\u00e0 Toscana - 3\u00b0 prova&quot; - Comune di Santa Croce sull&#039;Arno\" \/>\n<meta property=\"og:description\" content=\"Si comunica che per lo svolgimento della manifestazione ciclistica specialit\u00e0 &#8220;abilit\u00e0&#8221; riservata alla categoria giovanissimi denominata &#8220;Abilit\u00e0 Toscana &#8211; 3\u00b0 prova&#8220;, organizzata dall&#8217;Unione Ciclistica Santa Croce sull&#8217;Arno ASD, sono previste [&hellip;]\" \/>\n<meta property=\"og:url\" content=\"https:\/\/comune.santacroce.pi.it\/oldsite\/modifiche-temporanee-alla-circolazione-in-occasione-della-manifestazione-ciclistica-abilita-toscana-3-prova\/\" \/>\n<meta property=\"og:site_name\" content=\"Comune di Santa Croce sull&#039;Arno\" \/>\n<meta property=\"article:published_time\" content=\"2024-04-23T08:00:25+00:00\" \/>\n<meta property=\"article:modified_time\" content=\"2024-04-26T07:07:55+00:00\" \/>\n<meta property=\"og:image\" content=\"https:\/\/comune.santacroce.pi.it\/oldsite\/wp-content\/uploads\/2024\/04\/VIABILITa.png\" \/>\n\t<meta property=\"og:image:width\" content=\"1200\" \/>\n\t<meta property=\"og:image:height\" content=\"1000\" \/>\n\t<meta property=\"og:image:type\" content=\"image\/png\" \/>\n<meta name=\"author\" content=\"Francesco Ciaponi\" \/>\n<meta name=\"twitter:card\" content=\"summary_large_image\" \/>\n<meta name=\"twitter:label1\" content=\"Scritto da\" \/>\n\t<meta name=\"twitter:data1\" content=\"Francesco Ciaponi\" \/>\n\t<meta name=\"twitter:label2\" content=\"Tempo di lettura stimato\" \/>\n\t<meta name=\"twitter:data2\" content=\"1 minuto\" \/>\n<script type=\"application\/ld+json\" class=\"yoast-schema-graph\">{\"@context\":\"https:\/\/schema.org\",\"@graph\":[{\"@type\":\"Article\",\"@id\":\"https:\/\/comune.santacroce.pi.it\/oldsite\/modifiche-temporanee-alla-circolazione-in-occasione-della-manifestazione-ciclistica-abilita-toscana-3-prova\/#article\",\"isPartOf\":{\"@id\":\"https:\/\/comune.santacroce.pi.it\/oldsite\/modifiche-temporanee-alla-circolazione-in-occasione-della-manifestazione-ciclistica-abilita-toscana-3-prova\/\"},\"author\":{\"name\":\"Francesco Ciaponi\",\"@id\":\"https:\/\/comune.santacroce.pi.it\/oldsite\/#\/schema\/person\/f2167a6006c0cd64933ee9b7eead6b80\"},\"headline\":\"Modifiche temporanee alla circolazione in occasione della manifestazione ciclistica &#8220;Abilit\u00e0 Toscana &#8211; 3\u00b0 prova&#8221;\",\"datePublished\":\"2024-04-23T08:00:25+00:00\",\"dateModified\":\"2024-04-26T07:07:55+00:00\",\"mainEntityOfPage\":{\"@id\":\"https:\/\/comune.santacroce.pi.it\/oldsite\/modifiche-temporanee-alla-circolazione-in-occasione-della-manifestazione-ciclistica-abilita-toscana-3-prova\/\"},\"wordCount\":153,\"publisher\":{\"@id\":\"https:\/\/comune.santacroce.pi.it\/oldsite\/#organization\"},\"image\":{\"@id\":\"https:\/\/comune.santacroce.pi.it\/oldsite\/modifiche-temporanee-alla-circolazione-in-occasione-della-manifestazione-ciclistica-abilita-toscana-3-prova\/#primaryimage\"},\"thumbnailUrl\":\"https:\/\/comune.santacroce.pi.it\/oldsite\/wp-content\/uploads\/2024\/04\/VIABILITa.png\",\"articleSection\":[\"Notizie e informazioni\"],\"inLanguage\":\"it-IT\"},{\"@type\":\"WebPage\",\"@id\":\"https:\/\/comune.santacroce.pi.it\/oldsite\/modifiche-temporanee-alla-circolazione-in-occasione-della-manifestazione-ciclistica-abilita-toscana-3-prova\/\",\"url\":\"https:\/\/comune.santacroce.pi.it\/oldsite\/modifiche-temporanee-alla-circolazione-in-occasione-della-manifestazione-ciclistica-abilita-toscana-3-prova\/\",\"name\":\"Modifiche temporanee alla circolazione in occasione della manifestazione ciclistica \\\"Abilit\u00e0 Toscana - 3\u00b0 prova\\\" - Comune di Santa Croce sull&#039;Arno\",\"isPartOf\":{\"@id\":\"https:\/\/comune.santacroce.pi.it\/oldsite\/#website\"},\"primaryImageOfPage\":{\"@id\":\"https:\/\/comune.santacroce.pi.it\/oldsite\/modifiche-temporanee-alla-circolazione-in-occasione-della-manifestazione-ciclistica-abilita-toscana-3-prova\/#primaryimage\"},\"image\":{\"@id\":\"https:\/\/comune.santacroce.pi.it\/oldsite\/modifiche-temporanee-alla-circolazione-in-occasione-della-manifestazione-ciclistica-abilita-toscana-3-prova\/#primaryimage\"},\"thumbnailUrl\":\"https:\/\/comune.santacroce.pi.it\/oldsite\/wp-content\/uploads\/2024\/04\/VIABILITa.png\",\"datePublished\":\"2024-04-23T08:00:25+00:00\",\"dateModified\":\"2024-04-26T07:07:55+00:00\",\"breadcrumb\":{\"@id\":\"https:\/\/comune.santacroce.pi.it\/oldsite\/modifiche-temporanee-alla-circolazione-in-occasione-della-manifestazione-ciclistica-abilita-toscana-3-prova\/#breadcrumb\"},\"inLanguage\":\"it-IT\",\"potentialAction\":[{\"@type\":\"ReadAction\",\"target\":[\"https:\/\/comune.santacroce.pi.it\/oldsite\/modifiche-temporanee-alla-circolazione-in-occasione-della-manifestazione-ciclistica-abilita-toscana-3-prova\/\"]}]},{\"@type\":\"ImageObject\",\"inLanguage\":\"it-IT\",\"@id\":\"https:\/\/comune.santacroce.pi.it\/oldsite\/modifiche-temporanee-alla-circolazione-in-occasione-della-manifestazione-ciclistica-abilita-toscana-3-prova\/#primaryimage\",\"url\":\"https:\/\/comune.santacroce.pi.it\/oldsite\/wp-content\/uploads\/2024\/04\/VIABILITa.png\",\"contentUrl\":\"https:\/\/comune.santacroce.pi.it\/oldsite\/wp-content\/uploads\/2024\/04\/VIABILITa.png\",\"width\":1200,\"height\":1000},{\"@type\":\"BreadcrumbList\",\"@id\":\"https:\/\/comune.santacroce.pi.it\/oldsite\/modifiche-temporanee-alla-circolazione-in-occasione-della-manifestazione-ciclistica-abilita-toscana-3-prova\/#breadcrumb\",\"itemListElement\":[{\"@type\":\"ListItem\",\"position\":1,\"name\":\"Home\",\"item\":\"https:\/\/comune.santacroce.pi.it\/oldsite\/\"},{\"@type\":\"ListItem\",\"position\":2,\"name\":\"Modifiche temporanee alla circolazione in occasione della manifestazione ciclistica &#8220;Abilit\u00e0 Toscana &#8211; 3\u00b0 prova&#8221;\"}]},{\"@type\":\"WebSite\",\"@id\":\"https:\/\/comune.santacroce.pi.it\/oldsite\/#website\",\"url\":\"https:\/\/comune.santacroce.pi.it\/oldsite\/\",\"name\":\"Comune di Santa Croce sull&#039;Arno\",\"description\":\"Provincia di Pisa\",\"publisher\":{\"@id\":\"https:\/\/comune.santacroce.pi.it\/oldsite\/#organization\"},\"potentialAction\":[{\"@type\":\"SearchAction\",\"target\":{\"@type\":\"EntryPoint\",\"urlTemplate\":\"https:\/\/comune.santacroce.pi.it\/oldsite\/?s={search_term_string}\"},\"query-input\":{\"@type\":\"PropertyValueSpecification\",\"valueRequired\":true,\"valueName\":\"search_term_string\"}}],\"inLanguage\":\"it-IT\"},{\"@type\":\"Organization\",\"@id\":\"https:\/\/comune.santacroce.pi.it\/oldsite\/#organization\",\"name\":\"Comune di Santa Croce sull'Arno\",\"url\":\"https:\/\/comune.santacroce.pi.it\/oldsite\/\",\"logo\":{\"@type\":\"ImageObject\",\"inLanguage\":\"it-IT\",\"@id\":\"https:\/\/comune.santacroce.pi.it\/oldsite\/#\/schema\/logo\/image\/\",\"url\":\"https:\/\/comune.santacroce.pi.it\/oldsite\/wp-content\/uploads\/2021\/02\/cropped-Stemma-Santa-Croce-dellArno_500-1.png\",\"contentUrl\":\"https:\/\/comune.santacroce.pi.it\/oldsite\/wp-content\/uploads\/2021\/02\/cropped-Stemma-Santa-Croce-dellArno_500-1.png\",\"width\":500,\"height\":500,\"caption\":\"Comune di Santa Croce sull'Arno\"},\"image\":{\"@id\":\"https:\/\/comune.santacroce.pi.it\/oldsite\/#\/schema\/logo\/image\/\"}},{\"@type\":\"Person\",\"@id\":\"https:\/\/comune.santacroce.pi.it\/oldsite\/#\/schema\/person\/f2167a6006c0cd64933ee9b7eead6b80\",\"name\":\"Francesco Ciaponi\",\"image\":{\"@type\":\"ImageObject\",\"inLanguage\":\"it-IT\",\"@id\":\"https:\/\/comune.santacroce.pi.it\/oldsite\/#\/schema\/person\/image\/\",\"url\":\"https:\/\/secure.gravatar.com\/avatar\/5c093bc3fedc2296548a3188ca4ce3c8?s=96&d=mm&r=g\",\"contentUrl\":\"https:\/\/secure.gravatar.com\/avatar\/5c093bc3fedc2296548a3188ca4ce3c8?s=96&d=mm&r=g\",\"caption\":\"Francesco Ciaponi\"},\"url\":\"https:\/\/comune.santacroce.pi.it\/oldsite\/author\/fciaponi\/\"}]}<\/script>\n<!-- \/ Yoast SEO plugin. -->","yoast_head_json":{"title":"Modifiche temporanee alla circolazione in occasione della manifestazione ciclistica \"Abilit\u00e0 Toscana - 3\u00b0 prova\" - Comune di Santa Croce sull&#039;Arno","robots":{"index":"index","follow":"follow","max-snippet":"max-snippet:-1","max-image-preview":"max-image-preview:large","max-video-preview":"max-video-preview:-1"},"canonical":"https:\/\/comune.santacroce.pi.it\/oldsite\/modifiche-temporanee-alla-circolazione-in-occasione-della-manifestazione-ciclistica-abilita-toscana-3-prova\/","og_locale":"it_IT","og_type":"article","og_title":"Modifiche temporanee alla circolazione in occasione della manifestazione ciclistica \"Abilit\u00e0 Toscana - 3\u00b0 prova\" - Comune di Santa Croce sull&#039;Arno","og_description":"Si comunica che per lo svolgimento della manifestazione ciclistica specialit\u00e0 &#8220;abilit\u00e0&#8221; riservata alla categoria giovanissimi denominata &#8220;Abilit\u00e0 Toscana &#8211; 3\u00b0 prova&#8220;, organizzata dall&#8217;Unione Ciclistica Santa Croce sull&#8217;Arno ASD, sono previste [&hellip;]","og_url":"https:\/\/comune.santacroce.pi.it\/oldsite\/modifiche-temporanee-alla-circolazione-in-occasione-della-manifestazione-ciclistica-abilita-toscana-3-prova\/","og_site_name":"Comune di Santa Croce sull&#039;Arno","article_published_time":"2024-04-23T08:00:25+00:00","article_modified_time":"2024-04-26T07:07:55+00:00","og_image":[{"width":1200,"height":1000,"url":"https:\/\/comune.santacroce.pi.it\/oldsite\/wp-content\/uploads\/2024\/04\/VIABILITa.png","type":"image\/png"}],"author":"Francesco Ciaponi","twitter_card":"summary_large_image","twitter_misc":{"Scritto da":"Francesco Ciaponi","Tempo di lettura stimato":"1 minuto"},"schema":{"@context":"https:\/\/schema.org","@graph":[{"@type":"Article","@id":"https:\/\/comune.santacroce.pi.it\/oldsite\/modifiche-temporanee-alla-circolazione-in-occasione-della-manifestazione-ciclistica-abilita-toscana-3-prova\/#article","isPartOf":{"@id":"https:\/\/comune.santacroce.pi.it\/oldsite\/modifiche-temporanee-alla-circolazione-in-occasione-della-manifestazione-ciclistica-abilita-toscana-3-prova\/"},"author":{"name":"Francesco Ciaponi","@id":"https:\/\/comune.santacroce.pi.it\/oldsite\/#\/schema\/person\/f2167a6006c0cd64933ee9b7eead6b80"},"headline":"Modifiche temporanee alla circolazione in occasione della manifestazione ciclistica &#8220;Abilit\u00e0 Toscana &#8211; 3\u00b0 prova&#8221;","datePublished":"2024-04-23T08:00:25+00:00","dateModified":"2024-04-26T07:07:55+00:00","mainEntityOfPage":{"@id":"https:\/\/comune.santacroce.pi.it\/oldsite\/modifiche-temporanee-alla-circolazione-in-occasione-della-manifestazione-ciclistica-abilita-toscana-3-prova\/"},"wordCount":153,"publisher":{"@id":"https:\/\/comune.santacroce.pi.it\/oldsite\/#organization"},"image":{"@id":"https:\/\/comune.santacroce.pi.it\/oldsite\/modifiche-temporanee-alla-circolazione-in-occasione-della-manifestazione-ciclistica-abilita-toscana-3-prova\/#primaryimage"},"thumbnailUrl":"https:\/\/comune.santacroce.pi.it\/oldsite\/wp-content\/uploads\/2024\/04\/VIABILITa.png","articleSection":["Notizie e informazioni"],"inLanguage":"it-IT"},{"@type":"WebPage","@id":"https:\/\/comune.santacroce.pi.it\/oldsite\/modifiche-temporanee-alla-circolazione-in-occasione-della-manifestazione-ciclistica-abilita-toscana-3-prova\/","url":"https:\/\/comune.santacroce.pi.it\/oldsite\/modifiche-temporanee-alla-circolazione-in-occasione-della-manifestazione-ciclistica-abilita-toscana-3-prova\/","name":"Modifiche temporanee alla circolazione in occasione della manifestazione ciclistica \"Abilit\u00e0 Toscana - 3\u00b0 prova\" - Comune di Santa Croce sull&#039;Arno","isPartOf":{"@id":"https:\/\/comune.santacroce.pi.it\/oldsite\/#website"},"primaryImageOfPage":{"@id":"https:\/\/comune.santacroce.pi.it\/oldsite\/modifiche-temporanee-alla-circolazione-in-occasione-della-manifestazione-ciclistica-abilita-toscana-3-prova\/#primaryimage"},"image":{"@id":"https:\/\/comune.santacroce.pi.it\/oldsite\/modifiche-temporanee-alla-circolazione-in-occasione-della-manifestazione-ciclistica-abilita-toscana-3-prova\/#primaryimage"},"thumbnailUrl":"https:\/\/comune.santacroce.pi.it\/oldsite\/wp-content\/uploads\/2024\/04\/VIABILITa.png","datePublished":"2024-04-23T08:00:25+00:00","dateModified":"2024-04-26T07:07:55+00:00","breadcrumb":{"@id":"https:\/\/comune.santacroce.pi.it\/oldsite\/modifiche-temporanee-alla-circolazione-in-occasione-della-manifestazione-ciclistica-abilita-toscana-3-prova\/#breadcrumb"},"inLanguage":"it-IT","potentialAction":[{"@type":"ReadAction","target":["https:\/\/comune.santacroce.pi.it\/oldsite\/modifiche-temporanee-alla-circolazione-in-occasione-della-manifestazione-ciclistica-abilita-toscana-3-prova\/"]}]},{"@type":"ImageObject","inLanguage":"it-IT","@id":"https:\/\/comune.santacroce.pi.it\/oldsite\/modifiche-temporanee-alla-circolazione-in-occasione-della-manifestazione-ciclistica-abilita-toscana-3-prova\/#primaryimage","url":"https:\/\/comune.santacroce.pi.it\/oldsite\/wp-content\/uploads\/2024\/04\/VIABILITa.png","contentUrl":"https:\/\/comune.santacroce.pi.it\/oldsite\/wp-content\/uploads\/2024\/04\/VIABILITa.png","width":1200,"height":1000},{"@type":"BreadcrumbList","@id":"https:\/\/comune.santacroce.pi.it\/oldsite\/modifiche-temporanee-alla-circolazione-in-occasione-della-manifestazione-ciclistica-abilita-toscana-3-prova\/#breadcrumb","itemListElement":[{"@type":"ListItem","position":1,"name":"Home","item":"https:\/\/comune.santacroce.pi.it\/oldsite\/"},{"@type":"ListItem","position":2,"name":"Modifiche temporanee alla circolazione in occasione della manifestazione ciclistica &#8220;Abilit\u00e0 Toscana &#8211; 3\u00b0 prova&#8221;"}]},{"@type":"WebSite","@id":"https:\/\/comune.santacroce.pi.it\/oldsite\/#website","url":"https:\/\/comune.santacroce.pi.it\/oldsite\/","name":"Comune di Santa Croce sull&#039;Arno","description":"Provincia di Pisa","publisher":{"@id":"https:\/\/comune.santacroce.pi.it\/oldsite\/#organization"},"potentialAction":[{"@type":"SearchAction","target":{"@type":"EntryPoint","urlTemplate":"https:\/\/comune.santacroce.pi.it\/oldsite\/?s={search_term_string}"},"query-input":{"@type":"PropertyValueSpecification","valueRequired":true,"valueName":"search_term_string"}}],"inLanguage":"it-IT"},{"@type":"Organization","@id":"https:\/\/comune.santacroce.pi.it\/oldsite\/#organization","name":"Comune di Santa Croce sull'Arno","url":"https:\/\/comune.santacroce.pi.it\/oldsite\/","logo":{"@type":"ImageObject","inLanguage":"it-IT","@id":"https:\/\/comune.santacroce.pi.it\/oldsite\/#\/schema\/logo\/image\/","url":"https:\/\/comune.santacroce.pi.it\/oldsite\/wp-content\/uploads\/2021\/02\/cropped-Stemma-Santa-Croce-dellArno_500-1.png","contentUrl":"https:\/\/comune.santacroce.pi.it\/oldsite\/wp-content\/uploads\/2021\/02\/cropped-Stemma-Santa-Croce-dellArno_500-1.png","width":500,"height":500,"caption":"Comune di Santa Croce sull'Arno"},"image":{"@id":"https:\/\/comune.santacroce.pi.it\/oldsite\/#\/schema\/logo\/image\/"}},{"@type":"Person","@id":"https:\/\/comune.santacroce.pi.it\/oldsite\/#\/schema\/person\/f2167a6006c0cd64933ee9b7eead6b80","name":"Francesco Ciaponi","image":{"@type":"ImageObject","inLanguage":"it-IT","@id":"https:\/\/comune.santacroce.pi.it\/oldsite\/#\/schema\/person\/image\/","url":"https:\/\/secure.gravatar.com\/avatar\/5c093bc3fedc2296548a3188ca4ce3c8?s=96&d=mm&r=g","contentUrl":"https:\/\/secure.gravatar.com\/avatar\/5c093bc3fedc2296548a3188ca4ce3c8?s=96&d=mm&r=g","caption":"Francesco Ciaponi"},"url":"https:\/\/comune.santacroce.pi.it\/oldsite\/author\/fciaponi\/"}]}},"jetpack_featured_media_url":"https:\/\/comune.santacroce.pi.it\/oldsite\/wp-content\/uploads\/2024\/04\/VIABILITa.png","meta_box":{"comunicacity_sync":"1","cc4_urg_colore":"rosso","cc4_urg_data_inizio":"","cc4_urg_data_fine":"","cc4_cor_positivi_oggi":"","cc4_cor_negativizzati_oggi":"","cc4_cor_deceduti_oggi":"","cc4_cor_positivi_totali":"","cc4_cor_negativizzati_totali":"","cc4_cor_deceduti_totali":"","cc4_cor_attualmente_positivi":"","cc4_eve_data_inizio":"","cc4_eve_data_fine":"","cc4_eve_indirizzo":"","cc4_eve_posizione":{"latitude":"0","longitude":"0","zoom":"0"},"cc4_eve_telefono":"","cc4_eve_email":"","cc4_eve_web":"","cc4_eve_fb":""},"_links":{"self":[{"href":"https:\/\/comune.santacroce.pi.it\/oldsite\/wp-json\/wp\/v2\/posts\/24224","targetHints":{"allow":["GET"]}}],"collection":[{"href":"https:\/\/comune.santacroce.pi.it\/oldsite\/wp-json\/wp\/v2\/posts"}],"about":[{"href":"https:\/\/comune.santacroce.pi.it\/oldsite\/wp-json\/wp\/v2\/types\/post"}],"author":[{"embeddable":true,"href":"https:\/\/comune.santacroce.pi.it\/oldsite\/wp-json\/wp\/v2\/users\/36"}],"replies":[{"embeddable":true,"href":"https:\/\/comune.santacroce.pi.it\/oldsite\/wp-json\/wp\/v2\/comments?post=24224"}],"version-history":[{"count":0,"href":"https:\/\/comune.santacroce.pi.it\/oldsite\/wp-json\/wp\/v2\/posts\/24224\/revisions"}],"wp:featuredmedia":[{"embeddable":true,"href":"https:\/\/comune.santacroce.pi.it\/oldsite\/wp-json\/wp\/v2\/media\/24222"}],"wp:attachment":[{"href":"https:\/\/comune.santacroce.pi.it\/oldsite\/wp-json\/wp\/v2\/media?parent=24224"}],"wp:term":[{"taxonomy":"category","embeddable":true,"href":"https:\/\/comune.santacroce.pi.it\/oldsite\/wp-json\/wp\/v2\/categories?post=24224"},{"taxonomy":"post_tag","embeddable":true,"href":"https:\/\/comune.santacroce.pi.it\/oldsite\/wp-json\/wp\/v2\/tags?post=24224"}],"curies":[{"name":"wp","href":"https:\/\/api.w.org\/{rel}","templated":true}]}}