{"id":24138,"date":"2024-04-09T08:39:24","date_gmt":"2024-04-09T06:39:24","guid":{"rendered":"https:\/\/comune.santacroce.pi.it\/oldsite\/?p=24138"},"modified":"2024-04-09T08:44:19","modified_gmt":"2024-04-09T06:44:19","slug":"arte-santa-croce-sullarno-celebra-i-duecento-anni-dalla-nascita-di-cristiano-banti-con-una-mostra-e-due-conferenze","status":"publish","type":"post","link":"https:\/\/comune.santacroce.pi.it\/oldsite\/arte-santa-croce-sullarno-celebra-i-duecento-anni-dalla-nascita-di-cristiano-banti-con-una-mostra-e-due-conferenze\/","title":{"rendered":"Arte, Santa Croce sull\u2019Arno celebra i duecento anni dalla nascita di Cristiano Banti con una mostra e due conferenze"},"content":{"rendered":"<p align=\"JUSTIFY\"><span style=\"font-family: georgia, serif;\">In occasione del<b>\u00a0secondo centenario della nascita di Cristiano Banti<\/b>\u00a0(Santa Croce sull&#8217;Arno, 4 gennaio 1824-Montemurlo, 4 dicembre 1904), Santa Croce sull&#8217;Arno, luogo natale del pittore macchiaiolo, dedica all&#8217;artista un articolato\u00a0programma di iniziative che si svolgeranno nei mesi di aprile e maggio: una\u00a0mostra\u00a0celebrativa della sua opera dagli anni della formazione accademica alla tarda maturit\u00e0 e\u00a0due conferenze\u00a0di approfondimento su alcune tematiche della sua ricerca e produzione. Tutte le iniziative sono\u00a0a cura dell\u2019Amministrazione comunale, godono del patrocinio della Regione Toscana e sono organizzate in collaborazione con diverse istituzioni\u00a0che hanno collaborato attivamente alla stesura del programma: Istituto Comprensivo Santa Croce sull\u2019Arno, Pro Loco Santa Croce sull\u2019Arno, Associazione Carnevale d\u2019autore, Rotary Santa Croce Montopoli &#8211; Comprensorio del Cuoio, Rotary Fucecchio &#8211; Santa Croce sull\u2019Arno, Fidapa Sezione di San Miniato, Lions Club San Miniato e ha visto la partecipazione attiva e appassionata di Piergiuseppe Leo.<\/span><\/p>\n<p align=\"JUSTIFY\"><span style=\"font-family: georgia, serif;\">Il cuore delle celebrazioni \u00e8 costituito dalla<b>\u00a0mostra &#8220;Cristiano Banti. Duecento anni dalla\u00a0nascita&#8221;<\/b>\u00a0che conta sulla collaborazione scientifica di Silvestra Bietoletti e di Ilaria Mariotti e \u00e8\u00a0realizzata con la collaborazione di Cr\u00e9dit Agricole Italia. Il Comune di Santa Croce sull\u2019Arno\u00a0aderisce\u00a0alla\u00a0rete\u00a0<wbr \/>Terre\u00a0di Pisa.<\/span><\/p>\n<p align=\"JUSTIFY\"><span style=\"font-family: georgia, serif;\">La mostra\u00a0si inaugura<b> sabato 20 aprile\u00a0<\/b>alle ore 17 al<b>\u00a0Centro Espositivo Villa\u00a0Pacchiani\u00a0<\/b>e proseguir\u00e0 fino al 25 maggio con orario di apertura venerd\u00ec, sabato e domenica\u00a0dalle\u00a0ore\u00a017 alle\u00a0ore\u00a020. L\u2019ingresso \u00e8 gratuito.<br \/>\nIl legame tra Santa Croce sull\u2019Arno e l\u2019artista \u00e8 stato rinnovato, negli anni, da una serie di iniziative tra le quali si ricordano la mostra antologica del 1969 che si \u00e8 tenuta a Palazzo Vettori e quella inaugurata nel 2004 a Villa Pacchiani dal titolo\u00a0Intorno\u00a0a\u00a0un\u2019opera\u00a0di\u00a0<wbr \/>Cristiano Banti.<br \/>\nLa mostra che si inaugura il 20 aprile illustra due fasi salienti dell&#8217;attivit\u00e0 di Banti: la pittura di storia e la pittura di soggetto campestre, costituite, ciascuna, da dipinti esemplificativi della ricerca figurativa dell&#8217;artista, fra cui opere finora mai presentate in pubblico.<br \/>\n<\/span>Formatosi all&#8217;Istituto d&#8217;Arte di Siena sotto la guida di Francesco Nenci, Banti si dedica fin dagli esordi alla pittura di storia secondo i canoni del Purismo.<br \/>\nA Firenze il pittore, a contatto con l&#8217;ambiente del Caff\u00e8 Michelangiolo che inizia a frequentare nel 18<span style=\"font-family: georgia, serif;\">55, continua\u00a0ad applicarsi\u00a0a qu<\/span>el genere figurativo ritenuto il pi\u00f9 prestigioso in confronto\u00a0al ritratto e al paesaggio, e come molti altri giovani pittori attivi nella capitale del Granducato, aggiorna il proprio stile sull&#8217;esempio di Domenico Morelli e dell&#8217;amico Saverio Altamura, i quali\u00a0infondevano\u00a0ai soggetti storici verosimiglianza e coinvolgente impatto emotivo grazie all&#8217;uso del cromatismo potente e dei contrasti luministici. Di l\u00ec a breve, Banti tralascia i riferimenti a personaggi o a vicende della storia a favore delle evocazioni fantasiose di episodi ambientati nel passato e capaci di suscitare suggestioni, proprio per le attinenze con stati d&#8217;animo e comportamenti sempre attuali.<br \/>\nAlla ricerca di modi sempre nuovi per risolvere il soggetto di storia, Banti adotta in seguito una stesura sommaria, mossa e &#8216;macchiata&#8217;, tale da dare al quadro l&#8217;aspetto di un bozzetto e che affida al colore le soluzioni compositive e formali della scena raffigurata.<br \/>\nNel maggio 1861 Cristiano Banti parte per Parigi con i pittori Telemaco Signorini e Vincenzo Cabianca. La prima tappa del viaggio \u00e8 a Torino per visitare la mostra della Promotrice, dove vede i quadri di paesaggio di Antonio Fontanesi e ne rimane affascinato. A Parigi, il suo interesse \u00e8 rivolto alle pitture di paese dei Barbizonniers, e ai temi campestri di Jules Breton che raffigurano umili scene contadine con il tono eletto e pausato della pittura da Accademia. Al ritorno in Italia, l&#8217;artista si reca a dipingere nel Valdarno e da allora abbandona i temi di storia per dedicarsi ai soggetti di vita dei campi, nei quali le figure delle contadine intente a lavori umili, o c\u00f2lte nei rari momenti di riposo, e atteggiate in pose semplici e aggraziate, possiedono una dignit\u00e0 e una lirica antiche.<br \/>\nA far da\u00a0trait d&#8217;union\u00a0fra le due sezioni principali, una terza \u00e8 dedicata alla famiglia del pittore dove, accanto a quadri di Banti stesso, sono esposti dipinti di Giovanni Boldini e di Vincenzo Cabianca, amici affezionati dell&#8217;artista fin dalla giovinezza.<br \/>\nNel 1854 Banti spos\u00f2 Leopolda Redi. Nei primi mesi di matrimonio i coniugi vissero soprattutto nelle ville di Poggio Adorno e di Montemurlo \u2013 l&#8217;una nella campagna di Castelfranco di Sotto, l&#8217;altra nei pressi di Prato, tutte e due di propriet\u00e0 della marchesa Maria Vettori \u2013 ma gi\u00e0 nel 1856 abitavano a Firenze nel bel palazzo di piazza Maria Antonia (ora piazza Indipendenza), donato loro dalla marchesa Vettori. Da subito, quella signorile dimora venne aperta con cordialit\u00e0 agli artisti amici del pittore. A godere dell&#8217;ospitalit\u00e0 di Banti e della moglie fu soprattutto Giovanni Boldini e la confidenza quotidiana nata fra la famiglia Banti e il pittore ferrarese si riflette nei tanti dipinti e bozzetti eseguiti da Boldini nel corso degli anni che raffigurano Banti stesso, la moglie e i loro figli, in particolare Alaide (figlia amatissima, rappresentata spesso anche dal padre) e Leonetto, ritratti nelle stanze confortevoli del palazzo fiorentino come nei salotti e nel giardino della sontuosa villa del Barone a Montemurlo.<\/p>\n<p align=\"JUSTIFY\"><span style=\"font-family: georgia, serif;\">Per approfondire alcune tematiche della vita e dell\u2019opera di Banti sono organizzate\u00a0due conferenze affidate a autorevoli studiosi dell&#8217;arte toscana dell&#8217;Ottocento quali<b> Silvestra Bietoletti e Andrea Baldinotti.<\/b><\/span><\/p>\n<p align=\"JUSTIFY\"><span style=\"font-family: georgia, serif;\">Nel corso della\u00a0prima conferenza, che si terr\u00e0\u00a0<b>sabato 13 aprile<\/b>\u00a0alle ore 11\u00a0<b>al Teatro G. Verdi di Santa Croce sull\u2019Arno<\/b> la professoressa <strong>Silvestra Bietoletti\u00a0<\/strong>introdurr\u00e0 la figura di Banti e toccher\u00e0 le tematiche presenti in mostra. La conferenza \u00e8 organizzata in collaborazione con Rotary Santa Croce Montopoli &#8211; Comprensorio del Cuoio, Lions Club San Miniato, Rotary Fucecchio &#8211; Santa Croce sull\u2019Arno<\/span><\/p>\n<p align=\"JUSTIFY\"><span style=\"font-family: georgia, serif;\">Sabato\u00a0<b>11 maggio<\/b>\u00a0alle ore 10\u00a0<b>nella Saletta Vallini della Biblioteca Adrio Puccini di\u00a0Santa\u00a0Croce\u00a0<\/b><b>sull\u2019Arno <\/b>il dottor <strong>Andre<wbr \/>a\u00a0Baldinotti<\/strong>\u00a0affronter\u00e0\u00a0il\u00a0<wbr \/>tema\u00a0Fascino\u00a0femminile\u00a0e\u00a0<wbr \/>committenze controverse: Cristiano Banti e Giovanni Boldini\u00a0nel corso della conferenza\u00a0realizzata\u00a0in collaborazione\u00a0con Fidapa\u00a0BPW\u00a0Italy\u00a0&#8211; Sezione\u00a0di\u00a0San\u00a0Miniato.<\/span><\/p>\n<p align=\"JUSTIFY\">\n<p><span style=\"color: #222222;\"><span style=\"font-family: Arial, Helvetica, sans-serif;\"><span style=\"font-size: small;\"><i>Santa Croce sull\u2019Arno, 9 Aprile 2024<br \/>\nFonte: Ufficio Comunicazione Comune di Santa Croce sull\u2019Arno<\/i><\/span><\/span><\/span><\/p>\n<p>&nbsp;<\/p>\n<p><img loading=\"lazy\" decoding=\"async\" class=\"alignnone size-medium wp-image-24141\" src=\"https:\/\/comune.santacroce.pi.it\/oldsite\/wp-content\/uploads\/2024\/04\/Conferenza-C.Banti-13-aprile-1-212x300.jpg\" alt=\"\" width=\"212\" height=\"300\" srcset=\"https:\/\/comune.santacroce.pi.it\/oldsite\/wp-content\/uploads\/2024\/04\/Conferenza-C.Banti-13-aprile-1-212x300.jpg 212w, https:\/\/comune.santacroce.pi.it\/oldsite\/wp-content\/uploads\/2024\/04\/Conferenza-C.Banti-13-aprile-1-724x1024.jpg 724w, https:\/\/comune.santacroce.pi.it\/oldsite\/wp-content\/uploads\/2024\/04\/Conferenza-C.Banti-13-aprile-1-768x1086.jpg 768w, https:\/\/comune.santacroce.pi.it\/oldsite\/wp-content\/uploads\/2024\/04\/Conferenza-C.Banti-13-aprile-1-1086x1536.jpg 1086w, https:\/\/comune.santacroce.pi.it\/oldsite\/wp-content\/uploads\/2024\/04\/Conferenza-C.Banti-13-aprile-1-1448x2048.jpg 1448w, https:\/\/comune.santacroce.pi.it\/oldsite\/wp-content\/uploads\/2024\/04\/Conferenza-C.Banti-13-aprile-1-scaled.jpg 1810w\" sizes=\"auto, (max-width: 212px) 100vw, 212px\" \/>\u00a0 \u00a0 \u00a0 \u00a0 \u00a0 \u00a0 \u00a0 \u00a0 \u00a0 \u00a0 <img loading=\"lazy\" decoding=\"async\" class=\"alignnone size-medium wp-image-24146\" src=\"https:\/\/comune.santacroce.pi.it\/oldsite\/wp-content\/uploads\/2024\/04\/Locandina-Banti-con-logo-bianchi-e-logo-Regione-Toscana-214x300.jpg\" alt=\"\" width=\"214\" height=\"300\" srcset=\"https:\/\/comune.santacroce.pi.it\/oldsite\/wp-content\/uploads\/2024\/04\/Locandina-Banti-con-logo-bianchi-e-logo-Regione-Toscana-214x300.jpg 214w, https:\/\/comune.santacroce.pi.it\/oldsite\/wp-content\/uploads\/2024\/04\/Locandina-Banti-con-logo-bianchi-e-logo-Regione-Toscana-732x1024.jpg 732w, https:\/\/comune.santacroce.pi.it\/oldsite\/wp-content\/uploads\/2024\/04\/Locandina-Banti-con-logo-bianchi-e-logo-Regione-Toscana-768x1075.jpg 768w, https:\/\/comune.santacroce.pi.it\/oldsite\/wp-content\/uploads\/2024\/04\/Locandina-Banti-con-logo-bianchi-e-logo-Regione-Toscana-1097x1536.jpg 1097w, https:\/\/comune.santacroce.pi.it\/oldsite\/wp-content\/uploads\/2024\/04\/Locandina-Banti-con-logo-bianchi-e-logo-Regione-Toscana-1463x2048.jpg 1463w, https:\/\/comune.santacroce.pi.it\/oldsite\/wp-content\/uploads\/2024\/04\/Locandina-Banti-con-logo-bianchi-e-logo-Regione-Toscana-scaled.jpg 1829w\" sizes=\"auto, (max-width: 214px) 100vw, 214px\" \/>\u00a0 \u00a0 \u00a0 \u00a0 \u00a0 \u00a0 \u00a0 \u00a0 \u00a0 \u00a0 <img loading=\"lazy\" decoding=\"async\" class=\"alignnone size-medium wp-image-24142\" src=\"https:\/\/comune.santacroce.pi.it\/oldsite\/wp-content\/uploads\/2024\/04\/Conferenza-C.Banti-11-maggio-212x300.jpg\" alt=\"\" width=\"212\" height=\"300\" srcset=\"https:\/\/comune.santacroce.pi.it\/oldsite\/wp-content\/uploads\/2024\/04\/Conferenza-C.Banti-11-maggio-212x300.jpg 212w, https:\/\/comune.santacroce.pi.it\/oldsite\/wp-content\/uploads\/2024\/04\/Conferenza-C.Banti-11-maggio-724x1024.jpg 724w, https:\/\/comune.santacroce.pi.it\/oldsite\/wp-content\/uploads\/2024\/04\/Conferenza-C.Banti-11-maggio-768x1086.jpg 768w, https:\/\/comune.santacroce.pi.it\/oldsite\/wp-content\/uploads\/2024\/04\/Conferenza-C.Banti-11-maggio-1086x1536.jpg 1086w, https:\/\/comune.santacroce.pi.it\/oldsite\/wp-content\/uploads\/2024\/04\/Conferenza-C.Banti-11-maggio-1448x2048.jpg 1448w, https:\/\/comune.santacroce.pi.it\/oldsite\/wp-content\/uploads\/2024\/04\/Conferenza-C.Banti-11-maggio-scaled.jpg 1810w\" sizes=\"auto, (max-width: 212px) 100vw, 212px\" \/><\/p>\n","protected":false},"excerpt":{"rendered":"<p>In occasione del\u00a0secondo centenario della nascita di Cristiano Banti\u00a0(Santa Croce sull&#8217;Arno, 4 gennaio 1824-Montemurlo, 4 dicembre 1904), Santa Croce sull&#8217;Arno, luogo natale del pittore macchiaiolo, dedica all&#8217;artista un articolato\u00a0programma di [&hellip;]<\/p>\n","protected":false},"author":17,"featured_media":24144,"comment_status":"closed","ping_status":"closed","sticky":false,"template":"","format":"standard","meta":{"footnotes":""},"categories":[154,1],"tags":[],"class_list":["post-24138","post","type-post","status-publish","format-standard","has-post-thumbnail","hentry","category-cultura","category-notizie-e-informazioni"],"yoast_head":"<!-- This site is optimized with the Yoast SEO plugin v24.7 - https:\/\/yoast.com\/wordpress\/plugins\/seo\/ -->\n<title>Arte, Santa Croce sull\u2019Arno celebra i duecento anni dalla nascita di Cristiano Banti con una mostra e due conferenze - Comune di Santa Croce sull&#039;Arno<\/title>\n<meta name=\"robots\" content=\"index, follow, max-snippet:-1, max-image-preview:large, max-video-preview:-1\" \/>\n<link rel=\"canonical\" href=\"https:\/\/comune.santacroce.pi.it\/oldsite\/arte-santa-croce-sullarno-celebra-i-duecento-anni-dalla-nascita-di-cristiano-banti-con-una-mostra-e-due-conferenze\/\" \/>\n<meta property=\"og:locale\" content=\"it_IT\" \/>\n<meta property=\"og:type\" content=\"article\" \/>\n<meta property=\"og:title\" content=\"Arte, Santa Croce sull\u2019Arno celebra i duecento anni dalla nascita di Cristiano Banti con una mostra e due conferenze - Comune di Santa Croce sull&#039;Arno\" \/>\n<meta property=\"og:description\" content=\"In occasione del\u00a0secondo centenario della nascita di Cristiano Banti\u00a0(Santa Croce sull&#8217;Arno, 4 gennaio 1824-Montemurlo, 4 dicembre 1904), Santa Croce sull&#8217;Arno, luogo natale del pittore macchiaiolo, dedica all&#8217;artista un articolato\u00a0programma di [&hellip;]\" \/>\n<meta property=\"og:url\" content=\"https:\/\/comune.santacroce.pi.it\/oldsite\/arte-santa-croce-sullarno-celebra-i-duecento-anni-dalla-nascita-di-cristiano-banti-con-una-mostra-e-due-conferenze\/\" \/>\n<meta property=\"og:site_name\" content=\"Comune di Santa Croce sull&#039;Arno\" \/>\n<meta property=\"article:published_time\" content=\"2024-04-09T06:39:24+00:00\" \/>\n<meta property=\"article:modified_time\" content=\"2024-04-09T06:44:19+00:00\" \/>\n<meta property=\"og:image\" content=\"https:\/\/comune.santacroce.pi.it\/oldsite\/wp-content\/uploads\/2021\/04\/Santa-Croce-sulArno-800x582-2.png\" \/>\n\t<meta property=\"og:image:width\" content=\"800\" \/>\n\t<meta property=\"og:image:height\" content=\"582\" \/>\n\t<meta property=\"og:image:type\" content=\"image\/png\" \/>\n<meta name=\"author\" content=\"Antonella Strozzalupi\" \/>\n<meta name=\"twitter:card\" content=\"summary_large_image\" \/>\n<meta name=\"twitter:label1\" content=\"Scritto da\" \/>\n\t<meta name=\"twitter:data1\" content=\"Antonella Strozzalupi\" \/>\n\t<meta name=\"twitter:label2\" content=\"Tempo di lettura stimato\" \/>\n\t<meta name=\"twitter:data2\" content=\"6 minuti\" \/>\n<script type=\"application\/ld+json\" class=\"yoast-schema-graph\">{\"@context\":\"https:\/\/schema.org\",\"@graph\":[{\"@type\":\"Article\",\"@id\":\"https:\/\/comune.santacroce.pi.it\/oldsite\/arte-santa-croce-sullarno-celebra-i-duecento-anni-dalla-nascita-di-cristiano-banti-con-una-mostra-e-due-conferenze\/#article\",\"isPartOf\":{\"@id\":\"https:\/\/comune.santacroce.pi.it\/oldsite\/arte-santa-croce-sullarno-celebra-i-duecento-anni-dalla-nascita-di-cristiano-banti-con-una-mostra-e-due-conferenze\/\"},\"author\":{\"name\":\"Antonella Strozzalupi\",\"@id\":\"https:\/\/comune.santacroce.pi.it\/oldsite\/#\/schema\/person\/04db4e6ed36f821f4cb9f9416339127c\"},\"headline\":\"Arte, Santa Croce sull\u2019Arno celebra i duecento anni dalla nascita di Cristiano Banti con una mostra e due conferenze\",\"datePublished\":\"2024-04-09T06:39:24+00:00\",\"dateModified\":\"2024-04-09T06:44:19+00:00\",\"mainEntityOfPage\":{\"@id\":\"https:\/\/comune.santacroce.pi.it\/oldsite\/arte-santa-croce-sullarno-celebra-i-duecento-anni-dalla-nascita-di-cristiano-banti-con-una-mostra-e-due-conferenze\/\"},\"wordCount\":1037,\"publisher\":{\"@id\":\"https:\/\/comune.santacroce.pi.it\/oldsite\/#organization\"},\"image\":{\"@id\":\"https:\/\/comune.santacroce.pi.it\/oldsite\/arte-santa-croce-sullarno-celebra-i-duecento-anni-dalla-nascita-di-cristiano-banti-con-una-mostra-e-due-conferenze\/#primaryimage\"},\"thumbnailUrl\":\"https:\/\/comune.santacroce.pi.it\/oldsite\/wp-content\/uploads\/2024\/04\/Banner-Banti-def-1-pdf.jpg\",\"articleSection\":[\"Cultura\",\"Notizie e informazioni\"],\"inLanguage\":\"it-IT\"},{\"@type\":\"WebPage\",\"@id\":\"https:\/\/comune.santacroce.pi.it\/oldsite\/arte-santa-croce-sullarno-celebra-i-duecento-anni-dalla-nascita-di-cristiano-banti-con-una-mostra-e-due-conferenze\/\",\"url\":\"https:\/\/comune.santacroce.pi.it\/oldsite\/arte-santa-croce-sullarno-celebra-i-duecento-anni-dalla-nascita-di-cristiano-banti-con-una-mostra-e-due-conferenze\/\",\"name\":\"Arte, Santa Croce sull\u2019Arno celebra i duecento anni dalla nascita di Cristiano Banti con una mostra e due conferenze - Comune di Santa Croce sull&#039;Arno\",\"isPartOf\":{\"@id\":\"https:\/\/comune.santacroce.pi.it\/oldsite\/#website\"},\"primaryImageOfPage\":{\"@id\":\"https:\/\/comune.santacroce.pi.it\/oldsite\/arte-santa-croce-sullarno-celebra-i-duecento-anni-dalla-nascita-di-cristiano-banti-con-una-mostra-e-due-conferenze\/#primaryimage\"},\"image\":{\"@id\":\"https:\/\/comune.santacroce.pi.it\/oldsite\/arte-santa-croce-sullarno-celebra-i-duecento-anni-dalla-nascita-di-cristiano-banti-con-una-mostra-e-due-conferenze\/#primaryimage\"},\"thumbnailUrl\":\"https:\/\/comune.santacroce.pi.it\/oldsite\/wp-content\/uploads\/2024\/04\/Banner-Banti-def-1-pdf.jpg\",\"datePublished\":\"2024-04-09T06:39:24+00:00\",\"dateModified\":\"2024-04-09T06:44:19+00:00\",\"breadcrumb\":{\"@id\":\"https:\/\/comune.santacroce.pi.it\/oldsite\/arte-santa-croce-sullarno-celebra-i-duecento-anni-dalla-nascita-di-cristiano-banti-con-una-mostra-e-due-conferenze\/#breadcrumb\"},\"inLanguage\":\"it-IT\",\"potentialAction\":[{\"@type\":\"ReadAction\",\"target\":[\"https:\/\/comune.santacroce.pi.it\/oldsite\/arte-santa-croce-sullarno-celebra-i-duecento-anni-dalla-nascita-di-cristiano-banti-con-una-mostra-e-due-conferenze\/\"]}]},{\"@type\":\"ImageObject\",\"inLanguage\":\"it-IT\",\"@id\":\"https:\/\/comune.santacroce.pi.it\/oldsite\/arte-santa-croce-sullarno-celebra-i-duecento-anni-dalla-nascita-di-cristiano-banti-con-una-mostra-e-due-conferenze\/#primaryimage\",\"url\":\"https:\/\/comune.santacroce.pi.it\/oldsite\/wp-content\/uploads\/2024\/04\/Banner-Banti-def-1-pdf.jpg\",\"contentUrl\":\"https:\/\/comune.santacroce.pi.it\/oldsite\/wp-content\/uploads\/2024\/04\/Banner-Banti-def-1-pdf.jpg\"},{\"@type\":\"BreadcrumbList\",\"@id\":\"https:\/\/comune.santacroce.pi.it\/oldsite\/arte-santa-croce-sullarno-celebra-i-duecento-anni-dalla-nascita-di-cristiano-banti-con-una-mostra-e-due-conferenze\/#breadcrumb\",\"itemListElement\":[{\"@type\":\"ListItem\",\"position\":1,\"name\":\"Home\",\"item\":\"https:\/\/comune.santacroce.pi.it\/oldsite\/\"},{\"@type\":\"ListItem\",\"position\":2,\"name\":\"Arte, Santa Croce sull\u2019Arno celebra i duecento anni dalla nascita di Cristiano Banti con una mostra e due conferenze\"}]},{\"@type\":\"WebSite\",\"@id\":\"https:\/\/comune.santacroce.pi.it\/oldsite\/#website\",\"url\":\"https:\/\/comune.santacroce.pi.it\/oldsite\/\",\"name\":\"Comune di Santa Croce sull&#039;Arno\",\"description\":\"Provincia di Pisa\",\"publisher\":{\"@id\":\"https:\/\/comune.santacroce.pi.it\/oldsite\/#organization\"},\"potentialAction\":[{\"@type\":\"SearchAction\",\"target\":{\"@type\":\"EntryPoint\",\"urlTemplate\":\"https:\/\/comune.santacroce.pi.it\/oldsite\/?s={search_term_string}\"},\"query-input\":{\"@type\":\"PropertyValueSpecification\",\"valueRequired\":true,\"valueName\":\"search_term_string\"}}],\"inLanguage\":\"it-IT\"},{\"@type\":\"Organization\",\"@id\":\"https:\/\/comune.santacroce.pi.it\/oldsite\/#organization\",\"name\":\"Comune di Santa Croce sull'Arno\",\"url\":\"https:\/\/comune.santacroce.pi.it\/oldsite\/\",\"logo\":{\"@type\":\"ImageObject\",\"inLanguage\":\"it-IT\",\"@id\":\"https:\/\/comune.santacroce.pi.it\/oldsite\/#\/schema\/logo\/image\/\",\"url\":\"https:\/\/comune.santacroce.pi.it\/oldsite\/wp-content\/uploads\/2021\/02\/cropped-Stemma-Santa-Croce-dellArno_500-1.png\",\"contentUrl\":\"https:\/\/comune.santacroce.pi.it\/oldsite\/wp-content\/uploads\/2021\/02\/cropped-Stemma-Santa-Croce-dellArno_500-1.png\",\"width\":500,\"height\":500,\"caption\":\"Comune di Santa Croce sull'Arno\"},\"image\":{\"@id\":\"https:\/\/comune.santacroce.pi.it\/oldsite\/#\/schema\/logo\/image\/\"}},{\"@type\":\"Person\",\"@id\":\"https:\/\/comune.santacroce.pi.it\/oldsite\/#\/schema\/person\/04db4e6ed36f821f4cb9f9416339127c\",\"name\":\"Antonella Strozzalupi\",\"image\":{\"@type\":\"ImageObject\",\"inLanguage\":\"it-IT\",\"@id\":\"https:\/\/comune.santacroce.pi.it\/oldsite\/#\/schema\/person\/image\/\",\"url\":\"https:\/\/secure.gravatar.com\/avatar\/faedd377ff27b8832be9e62f5a523f40?s=96&d=mm&r=g\",\"contentUrl\":\"https:\/\/secure.gravatar.com\/avatar\/faedd377ff27b8832be9e62f5a523f40?s=96&d=mm&r=g\",\"caption\":\"Antonella Strozzalupi\"},\"url\":\"https:\/\/comune.santacroce.pi.it\/oldsite\/author\/astrozzalupi\/\"}]}<\/script>\n<!-- \/ Yoast SEO plugin. -->","yoast_head_json":{"title":"Arte, Santa Croce sull\u2019Arno celebra i duecento anni dalla nascita di Cristiano Banti con una mostra e due conferenze - Comune di Santa Croce sull&#039;Arno","robots":{"index":"index","follow":"follow","max-snippet":"max-snippet:-1","max-image-preview":"max-image-preview:large","max-video-preview":"max-video-preview:-1"},"canonical":"https:\/\/comune.santacroce.pi.it\/oldsite\/arte-santa-croce-sullarno-celebra-i-duecento-anni-dalla-nascita-di-cristiano-banti-con-una-mostra-e-due-conferenze\/","og_locale":"it_IT","og_type":"article","og_title":"Arte, Santa Croce sull\u2019Arno celebra i duecento anni dalla nascita di Cristiano Banti con una mostra e due conferenze - Comune di Santa Croce sull&#039;Arno","og_description":"In occasione del\u00a0secondo centenario della nascita di Cristiano Banti\u00a0(Santa Croce sull&#8217;Arno, 4 gennaio 1824-Montemurlo, 4 dicembre 1904), Santa Croce sull&#8217;Arno, luogo natale del pittore macchiaiolo, dedica all&#8217;artista un articolato\u00a0programma di [&hellip;]","og_url":"https:\/\/comune.santacroce.pi.it\/oldsite\/arte-santa-croce-sullarno-celebra-i-duecento-anni-dalla-nascita-di-cristiano-banti-con-una-mostra-e-due-conferenze\/","og_site_name":"Comune di Santa Croce sull&#039;Arno","article_published_time":"2024-04-09T06:39:24+00:00","article_modified_time":"2024-04-09T06:44:19+00:00","og_image":[{"width":800,"height":582,"url":"https:\/\/comune.santacroce.pi.it\/oldsite\/wp-content\/uploads\/2021\/04\/Santa-Croce-sulArno-800x582-2.png","type":"image\/png"}],"author":"Antonella Strozzalupi","twitter_card":"summary_large_image","twitter_misc":{"Scritto da":"Antonella Strozzalupi","Tempo di lettura stimato":"6 minuti"},"schema":{"@context":"https:\/\/schema.org","@graph":[{"@type":"Article","@id":"https:\/\/comune.santacroce.pi.it\/oldsite\/arte-santa-croce-sullarno-celebra-i-duecento-anni-dalla-nascita-di-cristiano-banti-con-una-mostra-e-due-conferenze\/#article","isPartOf":{"@id":"https:\/\/comune.santacroce.pi.it\/oldsite\/arte-santa-croce-sullarno-celebra-i-duecento-anni-dalla-nascita-di-cristiano-banti-con-una-mostra-e-due-conferenze\/"},"author":{"name":"Antonella Strozzalupi","@id":"https:\/\/comune.santacroce.pi.it\/oldsite\/#\/schema\/person\/04db4e6ed36f821f4cb9f9416339127c"},"headline":"Arte, Santa Croce sull\u2019Arno celebra i duecento anni dalla nascita di Cristiano Banti con una mostra e due conferenze","datePublished":"2024-04-09T06:39:24+00:00","dateModified":"2024-04-09T06:44:19+00:00","mainEntityOfPage":{"@id":"https:\/\/comune.santacroce.pi.it\/oldsite\/arte-santa-croce-sullarno-celebra-i-duecento-anni-dalla-nascita-di-cristiano-banti-con-una-mostra-e-due-conferenze\/"},"wordCount":1037,"publisher":{"@id":"https:\/\/comune.santacroce.pi.it\/oldsite\/#organization"},"image":{"@id":"https:\/\/comune.santacroce.pi.it\/oldsite\/arte-santa-croce-sullarno-celebra-i-duecento-anni-dalla-nascita-di-cristiano-banti-con-una-mostra-e-due-conferenze\/#primaryimage"},"thumbnailUrl":"https:\/\/comune.santacroce.pi.it\/oldsite\/wp-content\/uploads\/2024\/04\/Banner-Banti-def-1-pdf.jpg","articleSection":["Cultura","Notizie e informazioni"],"inLanguage":"it-IT"},{"@type":"WebPage","@id":"https:\/\/comune.santacroce.pi.it\/oldsite\/arte-santa-croce-sullarno-celebra-i-duecento-anni-dalla-nascita-di-cristiano-banti-con-una-mostra-e-due-conferenze\/","url":"https:\/\/comune.santacroce.pi.it\/oldsite\/arte-santa-croce-sullarno-celebra-i-duecento-anni-dalla-nascita-di-cristiano-banti-con-una-mostra-e-due-conferenze\/","name":"Arte, Santa Croce sull\u2019Arno celebra i duecento anni dalla nascita di Cristiano Banti con una mostra e due conferenze - Comune di Santa Croce sull&#039;Arno","isPartOf":{"@id":"https:\/\/comune.santacroce.pi.it\/oldsite\/#website"},"primaryImageOfPage":{"@id":"https:\/\/comune.santacroce.pi.it\/oldsite\/arte-santa-croce-sullarno-celebra-i-duecento-anni-dalla-nascita-di-cristiano-banti-con-una-mostra-e-due-conferenze\/#primaryimage"},"image":{"@id":"https:\/\/comune.santacroce.pi.it\/oldsite\/arte-santa-croce-sullarno-celebra-i-duecento-anni-dalla-nascita-di-cristiano-banti-con-una-mostra-e-due-conferenze\/#primaryimage"},"thumbnailUrl":"https:\/\/comune.santacroce.pi.it\/oldsite\/wp-content\/uploads\/2024\/04\/Banner-Banti-def-1-pdf.jpg","datePublished":"2024-04-09T06:39:24+00:00","dateModified":"2024-04-09T06:44:19+00:00","breadcrumb":{"@id":"https:\/\/comune.santacroce.pi.it\/oldsite\/arte-santa-croce-sullarno-celebra-i-duecento-anni-dalla-nascita-di-cristiano-banti-con-una-mostra-e-due-conferenze\/#breadcrumb"},"inLanguage":"it-IT","potentialAction":[{"@type":"ReadAction","target":["https:\/\/comune.santacroce.pi.it\/oldsite\/arte-santa-croce-sullarno-celebra-i-duecento-anni-dalla-nascita-di-cristiano-banti-con-una-mostra-e-due-conferenze\/"]}]},{"@type":"ImageObject","inLanguage":"it-IT","@id":"https:\/\/comune.santacroce.pi.it\/oldsite\/arte-santa-croce-sullarno-celebra-i-duecento-anni-dalla-nascita-di-cristiano-banti-con-una-mostra-e-due-conferenze\/#primaryimage","url":"https:\/\/comune.santacroce.pi.it\/oldsite\/wp-content\/uploads\/2024\/04\/Banner-Banti-def-1-pdf.jpg","contentUrl":"https:\/\/comune.santacroce.pi.it\/oldsite\/wp-content\/uploads\/2024\/04\/Banner-Banti-def-1-pdf.jpg"},{"@type":"BreadcrumbList","@id":"https:\/\/comune.santacroce.pi.it\/oldsite\/arte-santa-croce-sullarno-celebra-i-duecento-anni-dalla-nascita-di-cristiano-banti-con-una-mostra-e-due-conferenze\/#breadcrumb","itemListElement":[{"@type":"ListItem","position":1,"name":"Home","item":"https:\/\/comune.santacroce.pi.it\/oldsite\/"},{"@type":"ListItem","position":2,"name":"Arte, Santa Croce sull\u2019Arno celebra i duecento anni dalla nascita di Cristiano Banti con una mostra e due conferenze"}]},{"@type":"WebSite","@id":"https:\/\/comune.santacroce.pi.it\/oldsite\/#website","url":"https:\/\/comune.santacroce.pi.it\/oldsite\/","name":"Comune di Santa Croce sull&#039;Arno","description":"Provincia di Pisa","publisher":{"@id":"https:\/\/comune.santacroce.pi.it\/oldsite\/#organization"},"potentialAction":[{"@type":"SearchAction","target":{"@type":"EntryPoint","urlTemplate":"https:\/\/comune.santacroce.pi.it\/oldsite\/?s={search_term_string}"},"query-input":{"@type":"PropertyValueSpecification","valueRequired":true,"valueName":"search_term_string"}}],"inLanguage":"it-IT"},{"@type":"Organization","@id":"https:\/\/comune.santacroce.pi.it\/oldsite\/#organization","name":"Comune di Santa Croce sull'Arno","url":"https:\/\/comune.santacroce.pi.it\/oldsite\/","logo":{"@type":"ImageObject","inLanguage":"it-IT","@id":"https:\/\/comune.santacroce.pi.it\/oldsite\/#\/schema\/logo\/image\/","url":"https:\/\/comune.santacroce.pi.it\/oldsite\/wp-content\/uploads\/2021\/02\/cropped-Stemma-Santa-Croce-dellArno_500-1.png","contentUrl":"https:\/\/comune.santacroce.pi.it\/oldsite\/wp-content\/uploads\/2021\/02\/cropped-Stemma-Santa-Croce-dellArno_500-1.png","width":500,"height":500,"caption":"Comune di Santa Croce sull'Arno"},"image":{"@id":"https:\/\/comune.santacroce.pi.it\/oldsite\/#\/schema\/logo\/image\/"}},{"@type":"Person","@id":"https:\/\/comune.santacroce.pi.it\/oldsite\/#\/schema\/person\/04db4e6ed36f821f4cb9f9416339127c","name":"Antonella Strozzalupi","image":{"@type":"ImageObject","inLanguage":"it-IT","@id":"https:\/\/comune.santacroce.pi.it\/oldsite\/#\/schema\/person\/image\/","url":"https:\/\/secure.gravatar.com\/avatar\/faedd377ff27b8832be9e62f5a523f40?s=96&d=mm&r=g","contentUrl":"https:\/\/secure.gravatar.com\/avatar\/faedd377ff27b8832be9e62f5a523f40?s=96&d=mm&r=g","caption":"Antonella Strozzalupi"},"url":"https:\/\/comune.santacroce.pi.it\/oldsite\/author\/astrozzalupi\/"}]}},"jetpack_featured_media_url":"https:\/\/comune.santacroce.pi.it\/oldsite\/wp-content\/uploads\/2024\/04\/Banner-Banti-def-1-pdf.jpg","meta_box":{"comunicacity_sync":"1","cc4_urg_colore":"rosso","cc4_urg_data_inizio":"","cc4_urg_data_fine":"","cc4_cor_positivi_oggi":"","cc4_cor_negativizzati_oggi":"","cc4_cor_deceduti_oggi":"","cc4_cor_positivi_totali":"","cc4_cor_negativizzati_totali":"","cc4_cor_deceduti_totali":"","cc4_cor_attualmente_positivi":"","cc4_eve_data_inizio":"","cc4_eve_data_fine":"","cc4_eve_indirizzo":"","cc4_eve_posizione":{"latitude":"0","longitude":"0","zoom":"0"},"cc4_eve_telefono":"","cc4_eve_email":"","cc4_eve_web":"","cc4_eve_fb":""},"_links":{"self":[{"href":"https:\/\/comune.santacroce.pi.it\/oldsite\/wp-json\/wp\/v2\/posts\/24138","targetHints":{"allow":["GET"]}}],"collection":[{"href":"https:\/\/comune.santacroce.pi.it\/oldsite\/wp-json\/wp\/v2\/posts"}],"about":[{"href":"https:\/\/comune.santacroce.pi.it\/oldsite\/wp-json\/wp\/v2\/types\/post"}],"author":[{"embeddable":true,"href":"https:\/\/comune.santacroce.pi.it\/oldsite\/wp-json\/wp\/v2\/users\/17"}],"replies":[{"embeddable":true,"href":"https:\/\/comune.santacroce.pi.it\/oldsite\/wp-json\/wp\/v2\/comments?post=24138"}],"version-history":[{"count":0,"href":"https:\/\/comune.santacroce.pi.it\/oldsite\/wp-json\/wp\/v2\/posts\/24138\/revisions"}],"wp:featuredmedia":[{"embeddable":true,"href":"https:\/\/comune.santacroce.pi.it\/oldsite\/wp-json\/wp\/v2\/media\/24144"}],"wp:attachment":[{"href":"https:\/\/comune.santacroce.pi.it\/oldsite\/wp-json\/wp\/v2\/media?parent=24138"}],"wp:term":[{"taxonomy":"category","embeddable":true,"href":"https:\/\/comune.santacroce.pi.it\/oldsite\/wp-json\/wp\/v2\/categories?post=24138"},{"taxonomy":"post_tag","embeddable":true,"href":"https:\/\/comune.santacroce.pi.it\/oldsite\/wp-json\/wp\/v2\/tags?post=24138"}],"curies":[{"name":"wp","href":"https:\/\/api.w.org\/{rel}","templated":true}]}}