{"id":24055,"date":"2024-03-27T09:46:25","date_gmt":"2024-03-27T08:46:25","guid":{"rendered":"https:\/\/comune.santacroce.pi.it\/oldsite\/?p=24055"},"modified":"2024-03-27T09:51:08","modified_gmt":"2024-03-27T08:51:08","slug":"presentazione-libro-cambi","status":"publish","type":"post","link":"https:\/\/comune.santacroce.pi.it\/oldsite\/presentazione-libro-cambi\/","title":{"rendered":"Presentazione del libro &#8220;Il pi\u00f9 giovane dei Re&#8221; di Valentina Cambi"},"content":{"rendered":"<div class=\"xdj266r x11i5rnm xat24cr x1mh8g0r x1vvkbs x126k92a\"><\/div>\n<div class=\"x11i5rnm xat24cr x1mh8g0r x1vvkbs xtlvy1s x126k92a\">\n<div dir=\"auto\">Gioved\u00ec <strong>4 aprile ore 18:00<\/strong>, nella <em>Saletta Vallini della Biblioteca comunale<\/em> &#8220;Adrio Puccini&#8221; di Santa Croce sull&#8217;Arno verr\u00e0 presentato il libro di <em><strong>Valentina Cambi<\/strong><\/em>:\u00a0\u201c<strong>Il pi\u00f9 giovane dei Re. I segreti del regno di Hatti<\/strong>\u201d.<\/div>\n<div dir=\"auto\"><\/div>\n<div dir=\"auto\">La presentazione a cura di Alessia Toni e organizzata dal <span class=\"xt0psk2\">Comune di Santa Croce sull&#8217;Arno<\/span> in collaborazione con il Club di Lettura <span class=\"xt0psk2\">Riva d&#8217;Arno 3<\/span>, sar\u00e0 introdotta dall\u2019<strong>assessora alla cultura Elisa Bertelli<\/strong>.<\/div>\n<div dir=\"auto\">\n<p>&nbsp;<\/p>\n<figure id=\"attachment_24056\" aria-describedby=\"caption-attachment-24056\" style=\"width: 283px\" class=\"wp-caption alignnone\"><img loading=\"lazy\" decoding=\"async\" class=\"wp-image-24056\" src=\"https:\/\/comune.santacroce.pi.it\/oldsite\/wp-content\/uploads\/2024\/03\/Presentazione-libro-Valentina-Cambi-212x300.png\" alt=\"\" width=\"283\" height=\"400\" srcset=\"https:\/\/comune.santacroce.pi.it\/oldsite\/wp-content\/uploads\/2024\/03\/Presentazione-libro-Valentina-Cambi-212x300.png 212w, https:\/\/comune.santacroce.pi.it\/oldsite\/wp-content\/uploads\/2024\/03\/Presentazione-libro-Valentina-Cambi-724x1024.png 724w, https:\/\/comune.santacroce.pi.it\/oldsite\/wp-content\/uploads\/2024\/03\/Presentazione-libro-Valentina-Cambi-768x1086.png 768w, https:\/\/comune.santacroce.pi.it\/oldsite\/wp-content\/uploads\/2024\/03\/Presentazione-libro-Valentina-Cambi-1086x1536.png 1086w, https:\/\/comune.santacroce.pi.it\/oldsite\/wp-content\/uploads\/2024\/03\/Presentazione-libro-Valentina-Cambi-1448x2048.png 1448w\" sizes=\"auto, (max-width: 283px) 100vw, 283px\" \/><figcaption id=\"caption-attachment-24056\" class=\"wp-caption-text\">Presentazione del libro &#8220;Il pi\u00f9 giovane dei Re&#8221; di Valentina Cambi<\/figcaption><\/figure>\n<\/div>\n<\/div>\n","protected":false},"excerpt":{"rendered":"<p>Gioved\u00ec 4 aprile ore 18:00, nella Saletta Vallini della Biblioteca comunale &#8220;Adrio Puccini&#8221; di Santa Croce sull&#8217;Arno verr\u00e0 presentato il libro di Valentina Cambi:\u00a0\u201cIl pi\u00f9 giovane dei Re. I segreti [&hellip;]<\/p>\n","protected":false},"author":18,"featured_media":24058,"comment_status":"closed","ping_status":"closed","sticky":false,"template":"","format":"standard","meta":{"footnotes":""},"categories":[154,155],"tags":[],"class_list":["post-24055","post","type-post","status-publish","format-standard","has-post-thumbnail","hentry","category-cultura","category-eventi"],"yoast_head":"<!-- This site is optimized with the Yoast SEO plugin v24.7 - https:\/\/yoast.com\/wordpress\/plugins\/seo\/ -->\n<title>Presentazione del libro &quot;Il pi\u00f9 giovane dei Re&quot; di Valentina Cambi - Comune di Santa Croce sull&#039;Arno<\/title>\n<meta name=\"description\" content=\"Gioved\u00ec 4 aprile ore 18:00, nella Saletta Vallini della Biblioteca comunale verr\u00e0 presentato il libro di Valentina Cambi &quot;IL PI\u00d9 GIOVANE DEI RE\u201d.\" \/>\n<meta name=\"robots\" content=\"index, follow, max-snippet:-1, max-image-preview:large, max-video-preview:-1\" \/>\n<link rel=\"canonical\" href=\"https:\/\/comune.santacroce.pi.it\/oldsite\/presentazione-libro-cambi\/\" \/>\n<meta property=\"og:locale\" content=\"it_IT\" \/>\n<meta property=\"og:type\" content=\"article\" \/>\n<meta property=\"og:title\" content=\"Presentazione del libro &quot;Il pi\u00f9 giovane dei Re&quot; di Valentina Cambi - Comune di Santa Croce sull&#039;Arno\" \/>\n<meta property=\"og:description\" content=\"Gioved\u00ec 4 aprile ore 18:00, nella Saletta Vallini della Biblioteca comunale verr\u00e0 presentato il libro di Valentina Cambi &quot;IL PI\u00d9 GIOVANE DEI RE\u201d.\" \/>\n<meta property=\"og:url\" content=\"https:\/\/comune.santacroce.pi.it\/oldsite\/presentazione-libro-cambi\/\" \/>\n<meta property=\"og:site_name\" content=\"Comune di Santa Croce sull&#039;Arno\" \/>\n<meta property=\"article:published_time\" content=\"2024-03-27T08:46:25+00:00\" \/>\n<meta property=\"article:modified_time\" content=\"2024-03-27T08:51:08+00:00\" \/>\n<meta property=\"og:image\" content=\"https:\/\/comune.santacroce.pi.it\/oldsite\/wp-content\/uploads\/2024\/03\/Card-Valentina-Cambi-1024x853.png\" \/>\n\t<meta property=\"og:image:width\" content=\"1024\" \/>\n\t<meta property=\"og:image:height\" content=\"853\" \/>\n\t<meta property=\"og:image:type\" content=\"image\/png\" \/>\n<meta name=\"author\" content=\"Biblioteca e cultura\" \/>\n<meta name=\"twitter:card\" content=\"summary_large_image\" \/>\n<meta name=\"twitter:label1\" content=\"Scritto da\" \/>\n\t<meta name=\"twitter:data1\" content=\"Biblioteca e cultura\" \/>\n\t<meta name=\"twitter:label2\" content=\"Tempo di lettura stimato\" \/>\n\t<meta name=\"twitter:data2\" content=\"1 minuto\" \/>\n<script type=\"application\/ld+json\" class=\"yoast-schema-graph\">{\"@context\":\"https:\/\/schema.org\",\"@graph\":[{\"@type\":\"Article\",\"@id\":\"https:\/\/comune.santacroce.pi.it\/oldsite\/presentazione-libro-cambi\/#article\",\"isPartOf\":{\"@id\":\"https:\/\/comune.santacroce.pi.it\/oldsite\/presentazione-libro-cambi\/\"},\"author\":{\"name\":\"Biblioteca e cultura\",\"@id\":\"https:\/\/comune.santacroce.pi.it\/oldsite\/#\/schema\/person\/77e3693e7d02c5835b2dd82778f7fb45\"},\"headline\":\"Presentazione del libro &#8220;Il pi\u00f9 giovane dei Re&#8221; di Valentina Cambi\",\"datePublished\":\"2024-03-27T08:46:25+00:00\",\"dateModified\":\"2024-03-27T08:51:08+00:00\",\"mainEntityOfPage\":{\"@id\":\"https:\/\/comune.santacroce.pi.it\/oldsite\/presentazione-libro-cambi\/\"},\"wordCount\":98,\"publisher\":{\"@id\":\"https:\/\/comune.santacroce.pi.it\/oldsite\/#organization\"},\"image\":{\"@id\":\"https:\/\/comune.santacroce.pi.it\/oldsite\/presentazione-libro-cambi\/#primaryimage\"},\"thumbnailUrl\":\"https:\/\/comune.santacroce.pi.it\/oldsite\/wp-content\/uploads\/2024\/03\/Card-Valentina-Cambi.png\",\"articleSection\":[\"Cultura\",\"Eventi\"],\"inLanguage\":\"it-IT\"},{\"@type\":\"WebPage\",\"@id\":\"https:\/\/comune.santacroce.pi.it\/oldsite\/presentazione-libro-cambi\/\",\"url\":\"https:\/\/comune.santacroce.pi.it\/oldsite\/presentazione-libro-cambi\/\",\"name\":\"Presentazione del libro \\\"Il pi\u00f9 giovane dei Re\\\" di Valentina Cambi - Comune di Santa Croce sull&#039;Arno\",\"isPartOf\":{\"@id\":\"https:\/\/comune.santacroce.pi.it\/oldsite\/#website\"},\"primaryImageOfPage\":{\"@id\":\"https:\/\/comune.santacroce.pi.it\/oldsite\/presentazione-libro-cambi\/#primaryimage\"},\"image\":{\"@id\":\"https:\/\/comune.santacroce.pi.it\/oldsite\/presentazione-libro-cambi\/#primaryimage\"},\"thumbnailUrl\":\"https:\/\/comune.santacroce.pi.it\/oldsite\/wp-content\/uploads\/2024\/03\/Card-Valentina-Cambi.png\",\"datePublished\":\"2024-03-27T08:46:25+00:00\",\"dateModified\":\"2024-03-27T08:51:08+00:00\",\"description\":\"Gioved\u00ec 4 aprile ore 18:00, nella Saletta Vallini della Biblioteca comunale verr\u00e0 presentato il libro di Valentina Cambi \\\"IL PI\u00d9 GIOVANE DEI RE\u201d.\",\"breadcrumb\":{\"@id\":\"https:\/\/comune.santacroce.pi.it\/oldsite\/presentazione-libro-cambi\/#breadcrumb\"},\"inLanguage\":\"it-IT\",\"potentialAction\":[{\"@type\":\"ReadAction\",\"target\":[\"https:\/\/comune.santacroce.pi.it\/oldsite\/presentazione-libro-cambi\/\"]}]},{\"@type\":\"ImageObject\",\"inLanguage\":\"it-IT\",\"@id\":\"https:\/\/comune.santacroce.pi.it\/oldsite\/presentazione-libro-cambi\/#primaryimage\",\"url\":\"https:\/\/comune.santacroce.pi.it\/oldsite\/wp-content\/uploads\/2024\/03\/Card-Valentina-Cambi.png\",\"contentUrl\":\"https:\/\/comune.santacroce.pi.it\/oldsite\/wp-content\/uploads\/2024\/03\/Card-Valentina-Cambi.png\",\"width\":3000,\"height\":2500},{\"@type\":\"BreadcrumbList\",\"@id\":\"https:\/\/comune.santacroce.pi.it\/oldsite\/presentazione-libro-cambi\/#breadcrumb\",\"itemListElement\":[{\"@type\":\"ListItem\",\"position\":1,\"name\":\"Home\",\"item\":\"https:\/\/comune.santacroce.pi.it\/oldsite\/\"},{\"@type\":\"ListItem\",\"position\":2,\"name\":\"Presentazione del libro &#8220;Il pi\u00f9 giovane dei Re&#8221; di Valentina Cambi\"}]},{\"@type\":\"WebSite\",\"@id\":\"https:\/\/comune.santacroce.pi.it\/oldsite\/#website\",\"url\":\"https:\/\/comune.santacroce.pi.it\/oldsite\/\",\"name\":\"Comune di Santa Croce sull&#039;Arno\",\"description\":\"Provincia di Pisa\",\"publisher\":{\"@id\":\"https:\/\/comune.santacroce.pi.it\/oldsite\/#organization\"},\"potentialAction\":[{\"@type\":\"SearchAction\",\"target\":{\"@type\":\"EntryPoint\",\"urlTemplate\":\"https:\/\/comune.santacroce.pi.it\/oldsite\/?s={search_term_string}\"},\"query-input\":{\"@type\":\"PropertyValueSpecification\",\"valueRequired\":true,\"valueName\":\"search_term_string\"}}],\"inLanguage\":\"it-IT\"},{\"@type\":\"Organization\",\"@id\":\"https:\/\/comune.santacroce.pi.it\/oldsite\/#organization\",\"name\":\"Comune di Santa Croce sull'Arno\",\"url\":\"https:\/\/comune.santacroce.pi.it\/oldsite\/\",\"logo\":{\"@type\":\"ImageObject\",\"inLanguage\":\"it-IT\",\"@id\":\"https:\/\/comune.santacroce.pi.it\/oldsite\/#\/schema\/logo\/image\/\",\"url\":\"https:\/\/comune.santacroce.pi.it\/oldsite\/wp-content\/uploads\/2021\/02\/cropped-Stemma-Santa-Croce-dellArno_500-1.png\",\"contentUrl\":\"https:\/\/comune.santacroce.pi.it\/oldsite\/wp-content\/uploads\/2021\/02\/cropped-Stemma-Santa-Croce-dellArno_500-1.png\",\"width\":500,\"height\":500,\"caption\":\"Comune di Santa Croce sull'Arno\"},\"image\":{\"@id\":\"https:\/\/comune.santacroce.pi.it\/oldsite\/#\/schema\/logo\/image\/\"}},{\"@type\":\"Person\",\"@id\":\"https:\/\/comune.santacroce.pi.it\/oldsite\/#\/schema\/person\/77e3693e7d02c5835b2dd82778f7fb45\",\"name\":\"Biblioteca e cultura\",\"image\":{\"@type\":\"ImageObject\",\"inLanguage\":\"it-IT\",\"@id\":\"https:\/\/comune.santacroce.pi.it\/oldsite\/#\/schema\/person\/image\/\",\"url\":\"https:\/\/secure.gravatar.com\/avatar\/c9a5002ec801d0b780e779e0d328fe2a?s=96&d=mm&r=g\",\"contentUrl\":\"https:\/\/secure.gravatar.com\/avatar\/c9a5002ec801d0b780e779e0d328fe2a?s=96&d=mm&r=g\",\"caption\":\"Biblioteca e cultura\"},\"url\":\"https:\/\/comune.santacroce.pi.it\/oldsite\/author\/bibliotecasc\/\"}]}<\/script>\n<!-- \/ Yoast SEO plugin. -->","yoast_head_json":{"title":"Presentazione del libro \"Il pi\u00f9 giovane dei Re\" di Valentina Cambi - Comune di Santa Croce sull&#039;Arno","description":"Gioved\u00ec 4 aprile ore 18:00, nella Saletta Vallini della Biblioteca comunale verr\u00e0 presentato il libro di Valentina Cambi \"IL PI\u00d9 GIOVANE DEI RE\u201d.","robots":{"index":"index","follow":"follow","max-snippet":"max-snippet:-1","max-image-preview":"max-image-preview:large","max-video-preview":"max-video-preview:-1"},"canonical":"https:\/\/comune.santacroce.pi.it\/oldsite\/presentazione-libro-cambi\/","og_locale":"it_IT","og_type":"article","og_title":"Presentazione del libro \"Il pi\u00f9 giovane dei Re\" di Valentina Cambi - Comune di Santa Croce sull&#039;Arno","og_description":"Gioved\u00ec 4 aprile ore 18:00, nella Saletta Vallini della Biblioteca comunale verr\u00e0 presentato il libro di Valentina Cambi \"IL PI\u00d9 GIOVANE DEI RE\u201d.","og_url":"https:\/\/comune.santacroce.pi.it\/oldsite\/presentazione-libro-cambi\/","og_site_name":"Comune di Santa Croce sull&#039;Arno","article_published_time":"2024-03-27T08:46:25+00:00","article_modified_time":"2024-03-27T08:51:08+00:00","og_image":[{"width":1024,"height":853,"url":"https:\/\/comune.santacroce.pi.it\/oldsite\/wp-content\/uploads\/2024\/03\/Card-Valentina-Cambi-1024x853.png","type":"image\/png"}],"author":"Biblioteca e cultura","twitter_card":"summary_large_image","twitter_misc":{"Scritto da":"Biblioteca e cultura","Tempo di lettura stimato":"1 minuto"},"schema":{"@context":"https:\/\/schema.org","@graph":[{"@type":"Article","@id":"https:\/\/comune.santacroce.pi.it\/oldsite\/presentazione-libro-cambi\/#article","isPartOf":{"@id":"https:\/\/comune.santacroce.pi.it\/oldsite\/presentazione-libro-cambi\/"},"author":{"name":"Biblioteca e cultura","@id":"https:\/\/comune.santacroce.pi.it\/oldsite\/#\/schema\/person\/77e3693e7d02c5835b2dd82778f7fb45"},"headline":"Presentazione del libro &#8220;Il pi\u00f9 giovane dei Re&#8221; di Valentina Cambi","datePublished":"2024-03-27T08:46:25+00:00","dateModified":"2024-03-27T08:51:08+00:00","mainEntityOfPage":{"@id":"https:\/\/comune.santacroce.pi.it\/oldsite\/presentazione-libro-cambi\/"},"wordCount":98,"publisher":{"@id":"https:\/\/comune.santacroce.pi.it\/oldsite\/#organization"},"image":{"@id":"https:\/\/comune.santacroce.pi.it\/oldsite\/presentazione-libro-cambi\/#primaryimage"},"thumbnailUrl":"https:\/\/comune.santacroce.pi.it\/oldsite\/wp-content\/uploads\/2024\/03\/Card-Valentina-Cambi.png","articleSection":["Cultura","Eventi"],"inLanguage":"it-IT"},{"@type":"WebPage","@id":"https:\/\/comune.santacroce.pi.it\/oldsite\/presentazione-libro-cambi\/","url":"https:\/\/comune.santacroce.pi.it\/oldsite\/presentazione-libro-cambi\/","name":"Presentazione del libro \"Il pi\u00f9 giovane dei Re\" di Valentina Cambi - Comune di Santa Croce sull&#039;Arno","isPartOf":{"@id":"https:\/\/comune.santacroce.pi.it\/oldsite\/#website"},"primaryImageOfPage":{"@id":"https:\/\/comune.santacroce.pi.it\/oldsite\/presentazione-libro-cambi\/#primaryimage"},"image":{"@id":"https:\/\/comune.santacroce.pi.it\/oldsite\/presentazione-libro-cambi\/#primaryimage"},"thumbnailUrl":"https:\/\/comune.santacroce.pi.it\/oldsite\/wp-content\/uploads\/2024\/03\/Card-Valentina-Cambi.png","datePublished":"2024-03-27T08:46:25+00:00","dateModified":"2024-03-27T08:51:08+00:00","description":"Gioved\u00ec 4 aprile ore 18:00, nella Saletta Vallini della Biblioteca comunale verr\u00e0 presentato il libro di Valentina Cambi \"IL PI\u00d9 GIOVANE DEI RE\u201d.","breadcrumb":{"@id":"https:\/\/comune.santacroce.pi.it\/oldsite\/presentazione-libro-cambi\/#breadcrumb"},"inLanguage":"it-IT","potentialAction":[{"@type":"ReadAction","target":["https:\/\/comune.santacroce.pi.it\/oldsite\/presentazione-libro-cambi\/"]}]},{"@type":"ImageObject","inLanguage":"it-IT","@id":"https:\/\/comune.santacroce.pi.it\/oldsite\/presentazione-libro-cambi\/#primaryimage","url":"https:\/\/comune.santacroce.pi.it\/oldsite\/wp-content\/uploads\/2024\/03\/Card-Valentina-Cambi.png","contentUrl":"https:\/\/comune.santacroce.pi.it\/oldsite\/wp-content\/uploads\/2024\/03\/Card-Valentina-Cambi.png","width":3000,"height":2500},{"@type":"BreadcrumbList","@id":"https:\/\/comune.santacroce.pi.it\/oldsite\/presentazione-libro-cambi\/#breadcrumb","itemListElement":[{"@type":"ListItem","position":1,"name":"Home","item":"https:\/\/comune.santacroce.pi.it\/oldsite\/"},{"@type":"ListItem","position":2,"name":"Presentazione del libro &#8220;Il pi\u00f9 giovane dei Re&#8221; di Valentina Cambi"}]},{"@type":"WebSite","@id":"https:\/\/comune.santacroce.pi.it\/oldsite\/#website","url":"https:\/\/comune.santacroce.pi.it\/oldsite\/","name":"Comune di Santa Croce sull&#039;Arno","description":"Provincia di Pisa","publisher":{"@id":"https:\/\/comune.santacroce.pi.it\/oldsite\/#organization"},"potentialAction":[{"@type":"SearchAction","target":{"@type":"EntryPoint","urlTemplate":"https:\/\/comune.santacroce.pi.it\/oldsite\/?s={search_term_string}"},"query-input":{"@type":"PropertyValueSpecification","valueRequired":true,"valueName":"search_term_string"}}],"inLanguage":"it-IT"},{"@type":"Organization","@id":"https:\/\/comune.santacroce.pi.it\/oldsite\/#organization","name":"Comune di Santa Croce sull'Arno","url":"https:\/\/comune.santacroce.pi.it\/oldsite\/","logo":{"@type":"ImageObject","inLanguage":"it-IT","@id":"https:\/\/comune.santacroce.pi.it\/oldsite\/#\/schema\/logo\/image\/","url":"https:\/\/comune.santacroce.pi.it\/oldsite\/wp-content\/uploads\/2021\/02\/cropped-Stemma-Santa-Croce-dellArno_500-1.png","contentUrl":"https:\/\/comune.santacroce.pi.it\/oldsite\/wp-content\/uploads\/2021\/02\/cropped-Stemma-Santa-Croce-dellArno_500-1.png","width":500,"height":500,"caption":"Comune di Santa Croce sull'Arno"},"image":{"@id":"https:\/\/comune.santacroce.pi.it\/oldsite\/#\/schema\/logo\/image\/"}},{"@type":"Person","@id":"https:\/\/comune.santacroce.pi.it\/oldsite\/#\/schema\/person\/77e3693e7d02c5835b2dd82778f7fb45","name":"Biblioteca e cultura","image":{"@type":"ImageObject","inLanguage":"it-IT","@id":"https:\/\/comune.santacroce.pi.it\/oldsite\/#\/schema\/person\/image\/","url":"https:\/\/secure.gravatar.com\/avatar\/c9a5002ec801d0b780e779e0d328fe2a?s=96&d=mm&r=g","contentUrl":"https:\/\/secure.gravatar.com\/avatar\/c9a5002ec801d0b780e779e0d328fe2a?s=96&d=mm&r=g","caption":"Biblioteca e cultura"},"url":"https:\/\/comune.santacroce.pi.it\/oldsite\/author\/bibliotecasc\/"}]}},"jetpack_featured_media_url":"https:\/\/comune.santacroce.pi.it\/oldsite\/wp-content\/uploads\/2024\/03\/Card-Valentina-Cambi.png","meta_box":{"comunicacity_sync":"1","cc4_urg_colore":"rosso","cc4_urg_data_inizio":"","cc4_urg_data_fine":"","cc4_cor_positivi_oggi":"","cc4_cor_negativizzati_oggi":"","cc4_cor_deceduti_oggi":"","cc4_cor_positivi_totali":"","cc4_cor_negativizzati_totali":"","cc4_cor_deceduti_totali":"","cc4_cor_attualmente_positivi":"","cc4_eve_data_inizio":"","cc4_eve_data_fine":"","cc4_eve_indirizzo":"","cc4_eve_posizione":{"latitude":"0","longitude":"0","zoom":"0"},"cc4_eve_telefono":"","cc4_eve_email":"","cc4_eve_web":"","cc4_eve_fb":""},"_links":{"self":[{"href":"https:\/\/comune.santacroce.pi.it\/oldsite\/wp-json\/wp\/v2\/posts\/24055","targetHints":{"allow":["GET"]}}],"collection":[{"href":"https:\/\/comune.santacroce.pi.it\/oldsite\/wp-json\/wp\/v2\/posts"}],"about":[{"href":"https:\/\/comune.santacroce.pi.it\/oldsite\/wp-json\/wp\/v2\/types\/post"}],"author":[{"embeddable":true,"href":"https:\/\/comune.santacroce.pi.it\/oldsite\/wp-json\/wp\/v2\/users\/18"}],"replies":[{"embeddable":true,"href":"https:\/\/comune.santacroce.pi.it\/oldsite\/wp-json\/wp\/v2\/comments?post=24055"}],"version-history":[{"count":0,"href":"https:\/\/comune.santacroce.pi.it\/oldsite\/wp-json\/wp\/v2\/posts\/24055\/revisions"}],"wp:featuredmedia":[{"embeddable":true,"href":"https:\/\/comune.santacroce.pi.it\/oldsite\/wp-json\/wp\/v2\/media\/24058"}],"wp:attachment":[{"href":"https:\/\/comune.santacroce.pi.it\/oldsite\/wp-json\/wp\/v2\/media?parent=24055"}],"wp:term":[{"taxonomy":"category","embeddable":true,"href":"https:\/\/comune.santacroce.pi.it\/oldsite\/wp-json\/wp\/v2\/categories?post=24055"},{"taxonomy":"post_tag","embeddable":true,"href":"https:\/\/comune.santacroce.pi.it\/oldsite\/wp-json\/wp\/v2\/tags?post=24055"}],"curies":[{"name":"wp","href":"https:\/\/api.w.org\/{rel}","templated":true}]}}