{"id":23980,"date":"2024-03-18T13:02:04","date_gmt":"2024-03-18T12:02:04","guid":{"rendered":"https:\/\/comune.santacroce.pi.it\/oldsite\/?p=23980"},"modified":"2024-03-18T13:02:04","modified_gmt":"2024-03-18T12:02:04","slug":"santa-croce-sullarno-il-ricordo-delle-vittime-del-covid-deposta-una-corona-commemorativa","status":"publish","type":"post","link":"https:\/\/comune.santacroce.pi.it\/oldsite\/santa-croce-sullarno-il-ricordo-delle-vittime-del-covid-deposta-una-corona-commemorativa\/","title":{"rendered":"Santa Croce sull&#8217;Arno, il ricordo delle vittime del Covid: deposta una corona commemorativa"},"content":{"rendered":"<div><em><span style=\"font-family: georgia, serif;\">Stamani, nella Giornata nazionale in loro memoria, cerimonia con autorit\u00e0 e amministrazione comunale\u00a0<\/span><\/em><\/div>\n<p align=\"JUSTIFY\"><span style=\"color: #222222; font-family: georgia, serif;\">Deposta stamani, nella<b>\u00a0Giornata nazionale in memoria delle vittime del Coronavirus<\/b>, una\u00a0corona commemorativa alla stele\u00a0<b> \u201cA tutte le vittime del Covid-19\u201d<\/b>, vicino al palazzetto dello sport Palaparenti, in onore di chi ha perso la vita per la malattia.\u00a0<\/span><\/p>\n<p align=\"JUSTIFY\"><span style=\"color: #222222; font-family: georgia, serif;\">\u201cLa pandemia ha stravolto le nostre abitudini, le nostre vite, le nostre coscienze. Non dobbiamo dimenticare chi non ce l&#8217;ha fatta a vincere il virus, e spesso si \u00e8 spento solo, in ospedale,\u00a0 senza neanche il conforto di un abbraccio dei familiari. Non dobbiamo dimenticarci dell&#8217;impegno quotidiano dei medici e dei sanitari per salvare vite, e non dobbiamo dimenticare lo spirito di unione, di solidariet\u00e0 e di vicinanza che, nonostante le distanze imposte, che si \u00e8 creato tra le persone nel periodo pi\u00f9 difficile della pandemia\u201d commentano la\u00a0sindaca Giulia Deidda e l&#8217;assessora Elisa Bertelli.<\/span><\/p>\n<p align=\"JUSTIFY\"><span style=\"color: #222222; font-family: georgia, serif;\">&#8220;Nel nostro comune hanno contratto il virus 5774 persone, di queste 42 sono decedute. Durante la pandemia\u00a0 il Centro Operativo Comunale\u00a0 ha fatto 300 interventi per coordinare i servizi di assistenza alla popolazione, sono stati distribuiti 755 buoni alimentari\u00a0 per un valore di oltre 244mila euro grazie a fondi statali e della Fondazione Pisa, sono state distribuite 110mila mascherine, organizzati hub vaccinali&#8221; ricordano.<\/span><\/p>\n<p><span style=\"color: #222222;\"><span style=\"font-family: Arial, Helvetica, sans-serif;\"><span style=\"font-size: small;\"><i>Santa Croce sull\u2019Arno, 18 Marzo 2024<br \/>\nFonte: Ufficio Comunicazione Comune di Santa Croce sull\u2019Arno <\/i><\/span><\/span><\/span><\/p>\n","protected":false},"excerpt":{"rendered":"<p>Stamani, nella Giornata nazionale in loro memoria, cerimonia con autorit\u00e0 e amministrazione comunale\u00a0 Deposta stamani, nella\u00a0Giornata nazionale in memoria delle vittime del Coronavirus, una\u00a0corona commemorativa alla stele\u00a0 \u201cA tutte le [&hellip;]<\/p>\n","protected":false},"author":17,"featured_media":23981,"comment_status":"closed","ping_status":"closed","sticky":false,"template":"","format":"standard","meta":{"footnotes":""},"categories":[1],"tags":[],"class_list":["post-23980","post","type-post","status-publish","format-standard","has-post-thumbnail","hentry","category-notizie-e-informazioni"],"yoast_head":"<!-- This site is optimized with the Yoast SEO plugin v24.7 - https:\/\/yoast.com\/wordpress\/plugins\/seo\/ -->\n<title>Santa Croce sull&#039;Arno, il ricordo delle vittime del Covid: deposta una corona commemorativa - Comune di Santa Croce sull&#039;Arno<\/title>\n<meta name=\"robots\" content=\"index, follow, max-snippet:-1, max-image-preview:large, max-video-preview:-1\" \/>\n<link rel=\"canonical\" href=\"https:\/\/comune.santacroce.pi.it\/oldsite\/santa-croce-sullarno-il-ricordo-delle-vittime-del-covid-deposta-una-corona-commemorativa\/\" \/>\n<meta property=\"og:locale\" content=\"it_IT\" \/>\n<meta property=\"og:type\" content=\"article\" \/>\n<meta property=\"og:title\" content=\"Santa Croce sull&#039;Arno, il ricordo delle vittime del Covid: deposta una corona commemorativa - Comune di Santa Croce sull&#039;Arno\" \/>\n<meta property=\"og:description\" content=\"Stamani, nella Giornata nazionale in loro memoria, cerimonia con autorit\u00e0 e amministrazione comunale\u00a0 Deposta stamani, nella\u00a0Giornata nazionale in memoria delle vittime del Coronavirus, una\u00a0corona commemorativa alla stele\u00a0 \u201cA tutte le [&hellip;]\" \/>\n<meta property=\"og:url\" content=\"https:\/\/comune.santacroce.pi.it\/oldsite\/santa-croce-sullarno-il-ricordo-delle-vittime-del-covid-deposta-una-corona-commemorativa\/\" \/>\n<meta property=\"og:site_name\" content=\"Comune di Santa Croce sull&#039;Arno\" \/>\n<meta property=\"article:published_time\" content=\"2024-03-18T12:02:04+00:00\" \/>\n<meta property=\"og:image\" content=\"https:\/\/comune.santacroce.pi.it\/oldsite\/wp-content\/uploads\/2024\/03\/Cerimonia2.jpg\" \/>\n\t<meta property=\"og:image:width\" content=\"2000\" \/>\n\t<meta property=\"og:image:height\" content=\"1125\" \/>\n\t<meta property=\"og:image:type\" content=\"image\/jpeg\" \/>\n<meta name=\"author\" content=\"Antonella Strozzalupi\" \/>\n<meta name=\"twitter:card\" content=\"summary_large_image\" \/>\n<meta name=\"twitter:label1\" content=\"Scritto da\" \/>\n\t<meta name=\"twitter:data1\" content=\"Antonella Strozzalupi\" \/>\n\t<meta name=\"twitter:label2\" content=\"Tempo di lettura stimato\" \/>\n\t<meta name=\"twitter:data2\" content=\"2 minuti\" \/>\n<script type=\"application\/ld+json\" class=\"yoast-schema-graph\">{\"@context\":\"https:\/\/schema.org\",\"@graph\":[{\"@type\":\"Article\",\"@id\":\"https:\/\/comune.santacroce.pi.it\/oldsite\/santa-croce-sullarno-il-ricordo-delle-vittime-del-covid-deposta-una-corona-commemorativa\/#article\",\"isPartOf\":{\"@id\":\"https:\/\/comune.santacroce.pi.it\/oldsite\/santa-croce-sullarno-il-ricordo-delle-vittime-del-covid-deposta-una-corona-commemorativa\/\"},\"author\":{\"name\":\"Antonella Strozzalupi\",\"@id\":\"https:\/\/comune.santacroce.pi.it\/oldsite\/#\/schema\/person\/04db4e6ed36f821f4cb9f9416339127c\"},\"headline\":\"Santa Croce sull&#8217;Arno, il ricordo delle vittime del Covid: deposta una corona commemorativa\",\"datePublished\":\"2024-03-18T12:02:04+00:00\",\"mainEntityOfPage\":{\"@id\":\"https:\/\/comune.santacroce.pi.it\/oldsite\/santa-croce-sullarno-il-ricordo-delle-vittime-del-covid-deposta-una-corona-commemorativa\/\"},\"wordCount\":235,\"publisher\":{\"@id\":\"https:\/\/comune.santacroce.pi.it\/oldsite\/#organization\"},\"image\":{\"@id\":\"https:\/\/comune.santacroce.pi.it\/oldsite\/santa-croce-sullarno-il-ricordo-delle-vittime-del-covid-deposta-una-corona-commemorativa\/#primaryimage\"},\"thumbnailUrl\":\"https:\/\/comune.santacroce.pi.it\/oldsite\/wp-content\/uploads\/2024\/03\/Cerimonia2.jpg\",\"articleSection\":[\"Notizie e informazioni\"],\"inLanguage\":\"it-IT\"},{\"@type\":\"WebPage\",\"@id\":\"https:\/\/comune.santacroce.pi.it\/oldsite\/santa-croce-sullarno-il-ricordo-delle-vittime-del-covid-deposta-una-corona-commemorativa\/\",\"url\":\"https:\/\/comune.santacroce.pi.it\/oldsite\/santa-croce-sullarno-il-ricordo-delle-vittime-del-covid-deposta-una-corona-commemorativa\/\",\"name\":\"Santa Croce sull'Arno, il ricordo delle vittime del Covid: deposta una corona commemorativa - Comune di Santa Croce sull&#039;Arno\",\"isPartOf\":{\"@id\":\"https:\/\/comune.santacroce.pi.it\/oldsite\/#website\"},\"primaryImageOfPage\":{\"@id\":\"https:\/\/comune.santacroce.pi.it\/oldsite\/santa-croce-sullarno-il-ricordo-delle-vittime-del-covid-deposta-una-corona-commemorativa\/#primaryimage\"},\"image\":{\"@id\":\"https:\/\/comune.santacroce.pi.it\/oldsite\/santa-croce-sullarno-il-ricordo-delle-vittime-del-covid-deposta-una-corona-commemorativa\/#primaryimage\"},\"thumbnailUrl\":\"https:\/\/comune.santacroce.pi.it\/oldsite\/wp-content\/uploads\/2024\/03\/Cerimonia2.jpg\",\"datePublished\":\"2024-03-18T12:02:04+00:00\",\"breadcrumb\":{\"@id\":\"https:\/\/comune.santacroce.pi.it\/oldsite\/santa-croce-sullarno-il-ricordo-delle-vittime-del-covid-deposta-una-corona-commemorativa\/#breadcrumb\"},\"inLanguage\":\"it-IT\",\"potentialAction\":[{\"@type\":\"ReadAction\",\"target\":[\"https:\/\/comune.santacroce.pi.it\/oldsite\/santa-croce-sullarno-il-ricordo-delle-vittime-del-covid-deposta-una-corona-commemorativa\/\"]}]},{\"@type\":\"ImageObject\",\"inLanguage\":\"it-IT\",\"@id\":\"https:\/\/comune.santacroce.pi.it\/oldsite\/santa-croce-sullarno-il-ricordo-delle-vittime-del-covid-deposta-una-corona-commemorativa\/#primaryimage\",\"url\":\"https:\/\/comune.santacroce.pi.it\/oldsite\/wp-content\/uploads\/2024\/03\/Cerimonia2.jpg\",\"contentUrl\":\"https:\/\/comune.santacroce.pi.it\/oldsite\/wp-content\/uploads\/2024\/03\/Cerimonia2.jpg\",\"width\":2000,\"height\":1125},{\"@type\":\"BreadcrumbList\",\"@id\":\"https:\/\/comune.santacroce.pi.it\/oldsite\/santa-croce-sullarno-il-ricordo-delle-vittime-del-covid-deposta-una-corona-commemorativa\/#breadcrumb\",\"itemListElement\":[{\"@type\":\"ListItem\",\"position\":1,\"name\":\"Home\",\"item\":\"https:\/\/comune.santacroce.pi.it\/oldsite\/\"},{\"@type\":\"ListItem\",\"position\":2,\"name\":\"Santa Croce sull&#8217;Arno, il ricordo delle vittime del Covid: deposta una corona commemorativa\"}]},{\"@type\":\"WebSite\",\"@id\":\"https:\/\/comune.santacroce.pi.it\/oldsite\/#website\",\"url\":\"https:\/\/comune.santacroce.pi.it\/oldsite\/\",\"name\":\"Comune di Santa Croce sull&#039;Arno\",\"description\":\"Provincia di Pisa\",\"publisher\":{\"@id\":\"https:\/\/comune.santacroce.pi.it\/oldsite\/#organization\"},\"potentialAction\":[{\"@type\":\"SearchAction\",\"target\":{\"@type\":\"EntryPoint\",\"urlTemplate\":\"https:\/\/comune.santacroce.pi.it\/oldsite\/?s={search_term_string}\"},\"query-input\":{\"@type\":\"PropertyValueSpecification\",\"valueRequired\":true,\"valueName\":\"search_term_string\"}}],\"inLanguage\":\"it-IT\"},{\"@type\":\"Organization\",\"@id\":\"https:\/\/comune.santacroce.pi.it\/oldsite\/#organization\",\"name\":\"Comune di Santa Croce sull'Arno\",\"url\":\"https:\/\/comune.santacroce.pi.it\/oldsite\/\",\"logo\":{\"@type\":\"ImageObject\",\"inLanguage\":\"it-IT\",\"@id\":\"https:\/\/comune.santacroce.pi.it\/oldsite\/#\/schema\/logo\/image\/\",\"url\":\"https:\/\/comune.santacroce.pi.it\/oldsite\/wp-content\/uploads\/2021\/02\/cropped-Stemma-Santa-Croce-dellArno_500-1.png\",\"contentUrl\":\"https:\/\/comune.santacroce.pi.it\/oldsite\/wp-content\/uploads\/2021\/02\/cropped-Stemma-Santa-Croce-dellArno_500-1.png\",\"width\":500,\"height\":500,\"caption\":\"Comune di Santa Croce sull'Arno\"},\"image\":{\"@id\":\"https:\/\/comune.santacroce.pi.it\/oldsite\/#\/schema\/logo\/image\/\"}},{\"@type\":\"Person\",\"@id\":\"https:\/\/comune.santacroce.pi.it\/oldsite\/#\/schema\/person\/04db4e6ed36f821f4cb9f9416339127c\",\"name\":\"Antonella Strozzalupi\",\"image\":{\"@type\":\"ImageObject\",\"inLanguage\":\"it-IT\",\"@id\":\"https:\/\/comune.santacroce.pi.it\/oldsite\/#\/schema\/person\/image\/\",\"url\":\"https:\/\/secure.gravatar.com\/avatar\/faedd377ff27b8832be9e62f5a523f40?s=96&d=mm&r=g\",\"contentUrl\":\"https:\/\/secure.gravatar.com\/avatar\/faedd377ff27b8832be9e62f5a523f40?s=96&d=mm&r=g\",\"caption\":\"Antonella Strozzalupi\"},\"url\":\"https:\/\/comune.santacroce.pi.it\/oldsite\/author\/astrozzalupi\/\"}]}<\/script>\n<!-- \/ Yoast SEO plugin. -->","yoast_head_json":{"title":"Santa Croce sull'Arno, il ricordo delle vittime del Covid: deposta una corona commemorativa - Comune di Santa Croce sull&#039;Arno","robots":{"index":"index","follow":"follow","max-snippet":"max-snippet:-1","max-image-preview":"max-image-preview:large","max-video-preview":"max-video-preview:-1"},"canonical":"https:\/\/comune.santacroce.pi.it\/oldsite\/santa-croce-sullarno-il-ricordo-delle-vittime-del-covid-deposta-una-corona-commemorativa\/","og_locale":"it_IT","og_type":"article","og_title":"Santa Croce sull'Arno, il ricordo delle vittime del Covid: deposta una corona commemorativa - Comune di Santa Croce sull&#039;Arno","og_description":"Stamani, nella Giornata nazionale in loro memoria, cerimonia con autorit\u00e0 e amministrazione comunale\u00a0 Deposta stamani, nella\u00a0Giornata nazionale in memoria delle vittime del Coronavirus, una\u00a0corona commemorativa alla stele\u00a0 \u201cA tutte le [&hellip;]","og_url":"https:\/\/comune.santacroce.pi.it\/oldsite\/santa-croce-sullarno-il-ricordo-delle-vittime-del-covid-deposta-una-corona-commemorativa\/","og_site_name":"Comune di Santa Croce sull&#039;Arno","article_published_time":"2024-03-18T12:02:04+00:00","og_image":[{"width":2000,"height":1125,"url":"https:\/\/comune.santacroce.pi.it\/oldsite\/wp-content\/uploads\/2024\/03\/Cerimonia2.jpg","type":"image\/jpeg"}],"author":"Antonella Strozzalupi","twitter_card":"summary_large_image","twitter_misc":{"Scritto da":"Antonella Strozzalupi","Tempo di lettura stimato":"2 minuti"},"schema":{"@context":"https:\/\/schema.org","@graph":[{"@type":"Article","@id":"https:\/\/comune.santacroce.pi.it\/oldsite\/santa-croce-sullarno-il-ricordo-delle-vittime-del-covid-deposta-una-corona-commemorativa\/#article","isPartOf":{"@id":"https:\/\/comune.santacroce.pi.it\/oldsite\/santa-croce-sullarno-il-ricordo-delle-vittime-del-covid-deposta-una-corona-commemorativa\/"},"author":{"name":"Antonella Strozzalupi","@id":"https:\/\/comune.santacroce.pi.it\/oldsite\/#\/schema\/person\/04db4e6ed36f821f4cb9f9416339127c"},"headline":"Santa Croce sull&#8217;Arno, il ricordo delle vittime del Covid: deposta una corona commemorativa","datePublished":"2024-03-18T12:02:04+00:00","mainEntityOfPage":{"@id":"https:\/\/comune.santacroce.pi.it\/oldsite\/santa-croce-sullarno-il-ricordo-delle-vittime-del-covid-deposta-una-corona-commemorativa\/"},"wordCount":235,"publisher":{"@id":"https:\/\/comune.santacroce.pi.it\/oldsite\/#organization"},"image":{"@id":"https:\/\/comune.santacroce.pi.it\/oldsite\/santa-croce-sullarno-il-ricordo-delle-vittime-del-covid-deposta-una-corona-commemorativa\/#primaryimage"},"thumbnailUrl":"https:\/\/comune.santacroce.pi.it\/oldsite\/wp-content\/uploads\/2024\/03\/Cerimonia2.jpg","articleSection":["Notizie e informazioni"],"inLanguage":"it-IT"},{"@type":"WebPage","@id":"https:\/\/comune.santacroce.pi.it\/oldsite\/santa-croce-sullarno-il-ricordo-delle-vittime-del-covid-deposta-una-corona-commemorativa\/","url":"https:\/\/comune.santacroce.pi.it\/oldsite\/santa-croce-sullarno-il-ricordo-delle-vittime-del-covid-deposta-una-corona-commemorativa\/","name":"Santa Croce sull'Arno, il ricordo delle vittime del Covid: deposta una corona commemorativa - Comune di Santa Croce sull&#039;Arno","isPartOf":{"@id":"https:\/\/comune.santacroce.pi.it\/oldsite\/#website"},"primaryImageOfPage":{"@id":"https:\/\/comune.santacroce.pi.it\/oldsite\/santa-croce-sullarno-il-ricordo-delle-vittime-del-covid-deposta-una-corona-commemorativa\/#primaryimage"},"image":{"@id":"https:\/\/comune.santacroce.pi.it\/oldsite\/santa-croce-sullarno-il-ricordo-delle-vittime-del-covid-deposta-una-corona-commemorativa\/#primaryimage"},"thumbnailUrl":"https:\/\/comune.santacroce.pi.it\/oldsite\/wp-content\/uploads\/2024\/03\/Cerimonia2.jpg","datePublished":"2024-03-18T12:02:04+00:00","breadcrumb":{"@id":"https:\/\/comune.santacroce.pi.it\/oldsite\/santa-croce-sullarno-il-ricordo-delle-vittime-del-covid-deposta-una-corona-commemorativa\/#breadcrumb"},"inLanguage":"it-IT","potentialAction":[{"@type":"ReadAction","target":["https:\/\/comune.santacroce.pi.it\/oldsite\/santa-croce-sullarno-il-ricordo-delle-vittime-del-covid-deposta-una-corona-commemorativa\/"]}]},{"@type":"ImageObject","inLanguage":"it-IT","@id":"https:\/\/comune.santacroce.pi.it\/oldsite\/santa-croce-sullarno-il-ricordo-delle-vittime-del-covid-deposta-una-corona-commemorativa\/#primaryimage","url":"https:\/\/comune.santacroce.pi.it\/oldsite\/wp-content\/uploads\/2024\/03\/Cerimonia2.jpg","contentUrl":"https:\/\/comune.santacroce.pi.it\/oldsite\/wp-content\/uploads\/2024\/03\/Cerimonia2.jpg","width":2000,"height":1125},{"@type":"BreadcrumbList","@id":"https:\/\/comune.santacroce.pi.it\/oldsite\/santa-croce-sullarno-il-ricordo-delle-vittime-del-covid-deposta-una-corona-commemorativa\/#breadcrumb","itemListElement":[{"@type":"ListItem","position":1,"name":"Home","item":"https:\/\/comune.santacroce.pi.it\/oldsite\/"},{"@type":"ListItem","position":2,"name":"Santa Croce sull&#8217;Arno, il ricordo delle vittime del Covid: deposta una corona commemorativa"}]},{"@type":"WebSite","@id":"https:\/\/comune.santacroce.pi.it\/oldsite\/#website","url":"https:\/\/comune.santacroce.pi.it\/oldsite\/","name":"Comune di Santa Croce sull&#039;Arno","description":"Provincia di Pisa","publisher":{"@id":"https:\/\/comune.santacroce.pi.it\/oldsite\/#organization"},"potentialAction":[{"@type":"SearchAction","target":{"@type":"EntryPoint","urlTemplate":"https:\/\/comune.santacroce.pi.it\/oldsite\/?s={search_term_string}"},"query-input":{"@type":"PropertyValueSpecification","valueRequired":true,"valueName":"search_term_string"}}],"inLanguage":"it-IT"},{"@type":"Organization","@id":"https:\/\/comune.santacroce.pi.it\/oldsite\/#organization","name":"Comune di Santa Croce sull'Arno","url":"https:\/\/comune.santacroce.pi.it\/oldsite\/","logo":{"@type":"ImageObject","inLanguage":"it-IT","@id":"https:\/\/comune.santacroce.pi.it\/oldsite\/#\/schema\/logo\/image\/","url":"https:\/\/comune.santacroce.pi.it\/oldsite\/wp-content\/uploads\/2021\/02\/cropped-Stemma-Santa-Croce-dellArno_500-1.png","contentUrl":"https:\/\/comune.santacroce.pi.it\/oldsite\/wp-content\/uploads\/2021\/02\/cropped-Stemma-Santa-Croce-dellArno_500-1.png","width":500,"height":500,"caption":"Comune di Santa Croce sull'Arno"},"image":{"@id":"https:\/\/comune.santacroce.pi.it\/oldsite\/#\/schema\/logo\/image\/"}},{"@type":"Person","@id":"https:\/\/comune.santacroce.pi.it\/oldsite\/#\/schema\/person\/04db4e6ed36f821f4cb9f9416339127c","name":"Antonella Strozzalupi","image":{"@type":"ImageObject","inLanguage":"it-IT","@id":"https:\/\/comune.santacroce.pi.it\/oldsite\/#\/schema\/person\/image\/","url":"https:\/\/secure.gravatar.com\/avatar\/faedd377ff27b8832be9e62f5a523f40?s=96&d=mm&r=g","contentUrl":"https:\/\/secure.gravatar.com\/avatar\/faedd377ff27b8832be9e62f5a523f40?s=96&d=mm&r=g","caption":"Antonella Strozzalupi"},"url":"https:\/\/comune.santacroce.pi.it\/oldsite\/author\/astrozzalupi\/"}]}},"jetpack_featured_media_url":"https:\/\/comune.santacroce.pi.it\/oldsite\/wp-content\/uploads\/2024\/03\/Cerimonia2.jpg","meta_box":{"comunicacity_sync":"1","cc4_urg_colore":"rosso","cc4_urg_data_inizio":"","cc4_urg_data_fine":"","cc4_cor_positivi_oggi":"","cc4_cor_negativizzati_oggi":"","cc4_cor_deceduti_oggi":"","cc4_cor_positivi_totali":"","cc4_cor_negativizzati_totali":"","cc4_cor_deceduti_totali":"","cc4_cor_attualmente_positivi":"","cc4_eve_data_inizio":"","cc4_eve_data_fine":"","cc4_eve_indirizzo":"","cc4_eve_posizione":{"latitude":"0","longitude":"0","zoom":"0"},"cc4_eve_telefono":"","cc4_eve_email":"","cc4_eve_web":"","cc4_eve_fb":""},"_links":{"self":[{"href":"https:\/\/comune.santacroce.pi.it\/oldsite\/wp-json\/wp\/v2\/posts\/23980","targetHints":{"allow":["GET"]}}],"collection":[{"href":"https:\/\/comune.santacroce.pi.it\/oldsite\/wp-json\/wp\/v2\/posts"}],"about":[{"href":"https:\/\/comune.santacroce.pi.it\/oldsite\/wp-json\/wp\/v2\/types\/post"}],"author":[{"embeddable":true,"href":"https:\/\/comune.santacroce.pi.it\/oldsite\/wp-json\/wp\/v2\/users\/17"}],"replies":[{"embeddable":true,"href":"https:\/\/comune.santacroce.pi.it\/oldsite\/wp-json\/wp\/v2\/comments?post=23980"}],"version-history":[{"count":0,"href":"https:\/\/comune.santacroce.pi.it\/oldsite\/wp-json\/wp\/v2\/posts\/23980\/revisions"}],"wp:featuredmedia":[{"embeddable":true,"href":"https:\/\/comune.santacroce.pi.it\/oldsite\/wp-json\/wp\/v2\/media\/23981"}],"wp:attachment":[{"href":"https:\/\/comune.santacroce.pi.it\/oldsite\/wp-json\/wp\/v2\/media?parent=23980"}],"wp:term":[{"taxonomy":"category","embeddable":true,"href":"https:\/\/comune.santacroce.pi.it\/oldsite\/wp-json\/wp\/v2\/categories?post=23980"},{"taxonomy":"post_tag","embeddable":true,"href":"https:\/\/comune.santacroce.pi.it\/oldsite\/wp-json\/wp\/v2\/tags?post=23980"}],"curies":[{"name":"wp","href":"https:\/\/api.w.org\/{rel}","templated":true}]}}