{"id":23570,"date":"2024-01-20T08:16:49","date_gmt":"2024-01-20T07:16:49","guid":{"rendered":"https:\/\/comune.santacroce.pi.it\/oldsite\/?p=23570"},"modified":"2024-01-22T08:17:48","modified_gmt":"2024-01-22T07:17:48","slug":"santa-croce-sullarno-si-trasferisce-e-si-amplia-la-farmacia-comunale-2","status":"publish","type":"post","link":"https:\/\/comune.santacroce.pi.it\/oldsite\/santa-croce-sullarno-si-trasferisce-e-si-amplia-la-farmacia-comunale-2\/","title":{"rendered":"Santa Croce sull\u2019Arno, si trasferisce e si amplia la Farmacia comunale 2"},"content":{"rendered":"<p><em>Inaugurazione il 29 gennaio dentro la Coop di piazza Nenni: locali da 450 mq e maggiori servizi. La sindaca Deidda: \u201cTraguardo reso possibile da gestione pubblica virtuosa\u201d<\/em><\/p>\n<p><span style=\"font-family: georgia, serif\">La Farmacia comunale 2 di Santa Croce sull\u2019Arno si trasferisce, si amplia e si prepara ad erogare all\u2019utenza prestazioni nuove,<\/span><span style=\"font-family: georgia, serif\">\u00a0oltre che ancora pi\u00f9 qualificate. La sede attuale di via\u00a0 G. Di Vittorio chiuder\u00e0 infatti alle 13.00 del 20 gennaio per\u00a0<\/span><span style=\"font-family: georgia, serif\">spostarsi in piazza Nenni 1\/2 (dentro la Coop), dove \u00e8 prevista l\u2019inaugurazione per luned\u00ec 29 gennaio, alle 11.30<\/span><\/p>\n<div>\n<p align=\"JUSTIFY\">Ne d\u00e0 notizia l\u2019amministrazione comunale, che evidenzia come il traguardo sia il risultato di una gestione pubblica accurata.<\/p>\n<p align=\"JUSTIFY\"><span style=\"font-family: georgia, serif\">\u201cLa Santa Croce Pubblici Servizi \u2013 commenta la sindaca Giulia Deidda \u2013 che si occupa di entrambe le farmacie pubbliche comunali, ha dimostrato nel corso del tempo, tramite i suoi amministratori, i direttori e il personale dipendente come da un management virtuoso sia possibile trarre risultati funzionali per tutta la comunit\u00e0. Portiamo cos\u00ec a compimento un\u2019azione di valorizzazione di un servizio pubblico che passa per la disponibilit\u00e0 di spazi pi\u00f9 ampi e dall\u2019erogazione di un numero maggiore di servizi, ancora pi\u00f9 qualificati. \u00c8 la dimostrazione tangibile che, se adeguatamente orientate, le societ\u00e0 pubbliche possono lavorare bene per la cittadinanza\u201d.\u00a0<\/span><\/p>\n<p align=\"JUSTIFY\"><span style=\"font-family: georgia, serif\">La nuova farmacia si estender\u00e0 per 450 mq complessivi, di cui 200 destinati all\u2019area vendita e 40 dedicati ai servizi per i cittadini. Saranno presenti nuove aree dedicate, come quelle per la cosmesi e per gli integratori. La Farmacia sar\u00e0 dotata di magazzino automatico che ottimizzer\u00e0 la gestione dei medicinali consentendo ai farmacisti di occuparsi ancora pi\u00f9 puntualmente dei clienti.<br \/>\n<\/span>La novit\u00e0 sar\u00e0 un\u00a0nuovo spazio dove saranno allestite le preparazioni galeniche\u00a0per offrire alla cittadinanza un servizio completo.<\/p>\n<p align=\"JUSTIFY\"><span style=\"font-family: georgia, serif\">Oltre a questo, ci saranno spazi dedicati per le aree Cup e la tessera sanitaria, insieme ad un\u2019area per i servizi di primo ed una per quelli di secondo livello. Tra le prestazioni che verranno erogate in salette dedicate spiccano anche l\u2019attivit\u00e0 di spirometria, l\u2019elettrocardiogramma, l\u2019holter pressorio e quello cardiaco. Sar\u00e0 disponibile, infine, una stanza polifunzionale, da utilizzare per riunioni, presentazioni o informazioni da dare alla cittadinanza.\u00a0<\/span><\/p>\n<p align=\"JUSTIFY\"><span style=\"font-family: georgia, serif\">\u201cRingrazio l\u2019amministrazione comunale &#8211; dice\u00a0l\u2019amministratore unico, Massimo Parentini\u00a0&#8211; per aver favorito un percorso che oggi porta sul territorio una farmacia in grado di erogare servizi ancora pi\u00f9 aderenti ai bisogni della comunit\u00e0. Un grazie va anche a tutto il personale della Farmacia, per l\u2019impegno profuso al fine di realizzare il progetto\u201d.<\/span><\/p>\n<p align=\"JUSTIFY\">\n<\/div>\n<p><span style=\"color: #222222\"><span style=\"font-family: Arial, Helvetica, sans-serif\"><span style=\"font-size: small\"><i>Santa Croce sull\u2019Arno, 20 Gennaio 2024<\/i><\/span><\/span><\/span><\/p>\n<p><span style=\"color: #222222\"><span style=\"font-family: Arial, Helvetica, sans-serif\"><span style=\"font-size: small\"><i>Fonte: Ufficio Comunicazione Comune di Santa Croce sull\u2019Arno <\/i><\/span><\/span><\/span><\/p>\n","protected":false},"excerpt":{"rendered":"<p>Inaugurazione il 29 gennaio dentro la Coop di piazza Nenni: locali da 450 mq e maggiori servizi. La sindaca Deidda: \u201cTraguardo reso possibile da gestione pubblica virtuosa\u201d La Farmacia comunale [&hellip;]<\/p>\n","protected":false},"author":17,"featured_media":23571,"comment_status":"closed","ping_status":"closed","sticky":false,"template":"","format":"standard","meta":{"footnotes":""},"categories":[1],"tags":[],"class_list":["post-23570","post","type-post","status-publish","format-standard","has-post-thumbnail","hentry","category-notizie-e-informazioni"],"yoast_head":"<!-- This site is optimized with the Yoast SEO plugin v24.7 - https:\/\/yoast.com\/wordpress\/plugins\/seo\/ -->\n<title>Santa Croce sull\u2019Arno, si trasferisce e si amplia la Farmacia comunale 2 - Comune di Santa Croce sull&#039;Arno<\/title>\n<meta name=\"robots\" content=\"index, follow, max-snippet:-1, max-image-preview:large, max-video-preview:-1\" \/>\n<link rel=\"canonical\" href=\"https:\/\/comune.santacroce.pi.it\/oldsite\/santa-croce-sullarno-si-trasferisce-e-si-amplia-la-farmacia-comunale-2\/\" \/>\n<meta property=\"og:locale\" content=\"it_IT\" \/>\n<meta property=\"og:type\" content=\"article\" \/>\n<meta property=\"og:title\" content=\"Santa Croce sull\u2019Arno, si trasferisce e si amplia la Farmacia comunale 2 - Comune di Santa Croce sull&#039;Arno\" \/>\n<meta property=\"og:description\" content=\"Inaugurazione il 29 gennaio dentro la Coop di piazza Nenni: locali da 450 mq e maggiori servizi. La sindaca Deidda: \u201cTraguardo reso possibile da gestione pubblica virtuosa\u201d La Farmacia comunale [&hellip;]\" \/>\n<meta property=\"og:url\" content=\"https:\/\/comune.santacroce.pi.it\/oldsite\/santa-croce-sullarno-si-trasferisce-e-si-amplia-la-farmacia-comunale-2\/\" \/>\n<meta property=\"og:site_name\" content=\"Comune di Santa Croce sull&#039;Arno\" \/>\n<meta property=\"article:published_time\" content=\"2024-01-20T07:16:49+00:00\" \/>\n<meta property=\"article:modified_time\" content=\"2024-01-22T07:17:48+00:00\" \/>\n<meta property=\"og:image\" content=\"https:\/\/comune.santacroce.pi.it\/oldsite\/wp-content\/uploads\/2024\/01\/locandina.jpg\" \/>\n\t<meta property=\"og:image:width\" content=\"1131\" \/>\n\t<meta property=\"og:image:height\" content=\"1600\" \/>\n\t<meta property=\"og:image:type\" content=\"image\/jpeg\" \/>\n<meta name=\"author\" content=\"Antonella Strozzalupi\" \/>\n<meta name=\"twitter:card\" content=\"summary_large_image\" \/>\n<meta name=\"twitter:label1\" content=\"Scritto da\" \/>\n\t<meta name=\"twitter:data1\" content=\"Antonella Strozzalupi\" \/>\n\t<meta name=\"twitter:label2\" content=\"Tempo di lettura stimato\" \/>\n\t<meta name=\"twitter:data2\" content=\"3 minuti\" \/>\n<script type=\"application\/ld+json\" class=\"yoast-schema-graph\">{\"@context\":\"https:\/\/schema.org\",\"@graph\":[{\"@type\":\"Article\",\"@id\":\"https:\/\/comune.santacroce.pi.it\/oldsite\/santa-croce-sullarno-si-trasferisce-e-si-amplia-la-farmacia-comunale-2\/#article\",\"isPartOf\":{\"@id\":\"https:\/\/comune.santacroce.pi.it\/oldsite\/santa-croce-sullarno-si-trasferisce-e-si-amplia-la-farmacia-comunale-2\/\"},\"author\":{\"name\":\"Antonella Strozzalupi\",\"@id\":\"https:\/\/comune.santacroce.pi.it\/oldsite\/#\/schema\/person\/04db4e6ed36f821f4cb9f9416339127c\"},\"headline\":\"Santa Croce sull\u2019Arno, si trasferisce e si amplia la Farmacia comunale 2\",\"datePublished\":\"2024-01-20T07:16:49+00:00\",\"dateModified\":\"2024-01-22T07:17:48+00:00\",\"mainEntityOfPage\":{\"@id\":\"https:\/\/comune.santacroce.pi.it\/oldsite\/santa-croce-sullarno-si-trasferisce-e-si-amplia-la-farmacia-comunale-2\/\"},\"wordCount\":427,\"publisher\":{\"@id\":\"https:\/\/comune.santacroce.pi.it\/oldsite\/#organization\"},\"image\":{\"@id\":\"https:\/\/comune.santacroce.pi.it\/oldsite\/santa-croce-sullarno-si-trasferisce-e-si-amplia-la-farmacia-comunale-2\/#primaryimage\"},\"thumbnailUrl\":\"https:\/\/comune.santacroce.pi.it\/oldsite\/wp-content\/uploads\/2024\/01\/locandina.jpg\",\"articleSection\":[\"Notizie e informazioni\"],\"inLanguage\":\"it-IT\"},{\"@type\":\"WebPage\",\"@id\":\"https:\/\/comune.santacroce.pi.it\/oldsite\/santa-croce-sullarno-si-trasferisce-e-si-amplia-la-farmacia-comunale-2\/\",\"url\":\"https:\/\/comune.santacroce.pi.it\/oldsite\/santa-croce-sullarno-si-trasferisce-e-si-amplia-la-farmacia-comunale-2\/\",\"name\":\"Santa Croce sull\u2019Arno, si trasferisce e si amplia la Farmacia comunale 2 - Comune di Santa Croce sull&#039;Arno\",\"isPartOf\":{\"@id\":\"https:\/\/comune.santacroce.pi.it\/oldsite\/#website\"},\"primaryImageOfPage\":{\"@id\":\"https:\/\/comune.santacroce.pi.it\/oldsite\/santa-croce-sullarno-si-trasferisce-e-si-amplia-la-farmacia-comunale-2\/#primaryimage\"},\"image\":{\"@id\":\"https:\/\/comune.santacroce.pi.it\/oldsite\/santa-croce-sullarno-si-trasferisce-e-si-amplia-la-farmacia-comunale-2\/#primaryimage\"},\"thumbnailUrl\":\"https:\/\/comune.santacroce.pi.it\/oldsite\/wp-content\/uploads\/2024\/01\/locandina.jpg\",\"datePublished\":\"2024-01-20T07:16:49+00:00\",\"dateModified\":\"2024-01-22T07:17:48+00:00\",\"breadcrumb\":{\"@id\":\"https:\/\/comune.santacroce.pi.it\/oldsite\/santa-croce-sullarno-si-trasferisce-e-si-amplia-la-farmacia-comunale-2\/#breadcrumb\"},\"inLanguage\":\"it-IT\",\"potentialAction\":[{\"@type\":\"ReadAction\",\"target\":[\"https:\/\/comune.santacroce.pi.it\/oldsite\/santa-croce-sullarno-si-trasferisce-e-si-amplia-la-farmacia-comunale-2\/\"]}]},{\"@type\":\"ImageObject\",\"inLanguage\":\"it-IT\",\"@id\":\"https:\/\/comune.santacroce.pi.it\/oldsite\/santa-croce-sullarno-si-trasferisce-e-si-amplia-la-farmacia-comunale-2\/#primaryimage\",\"url\":\"https:\/\/comune.santacroce.pi.it\/oldsite\/wp-content\/uploads\/2024\/01\/locandina.jpg\",\"contentUrl\":\"https:\/\/comune.santacroce.pi.it\/oldsite\/wp-content\/uploads\/2024\/01\/locandina.jpg\",\"width\":1131,\"height\":1600},{\"@type\":\"BreadcrumbList\",\"@id\":\"https:\/\/comune.santacroce.pi.it\/oldsite\/santa-croce-sullarno-si-trasferisce-e-si-amplia-la-farmacia-comunale-2\/#breadcrumb\",\"itemListElement\":[{\"@type\":\"ListItem\",\"position\":1,\"name\":\"Home\",\"item\":\"https:\/\/comune.santacroce.pi.it\/oldsite\/\"},{\"@type\":\"ListItem\",\"position\":2,\"name\":\"Santa Croce sull\u2019Arno, si trasferisce e si amplia la Farmacia comunale 2\"}]},{\"@type\":\"WebSite\",\"@id\":\"https:\/\/comune.santacroce.pi.it\/oldsite\/#website\",\"url\":\"https:\/\/comune.santacroce.pi.it\/oldsite\/\",\"name\":\"Comune di Santa Croce sull&#039;Arno\",\"description\":\"Provincia di Pisa\",\"publisher\":{\"@id\":\"https:\/\/comune.santacroce.pi.it\/oldsite\/#organization\"},\"potentialAction\":[{\"@type\":\"SearchAction\",\"target\":{\"@type\":\"EntryPoint\",\"urlTemplate\":\"https:\/\/comune.santacroce.pi.it\/oldsite\/?s={search_term_string}\"},\"query-input\":{\"@type\":\"PropertyValueSpecification\",\"valueRequired\":true,\"valueName\":\"search_term_string\"}}],\"inLanguage\":\"it-IT\"},{\"@type\":\"Organization\",\"@id\":\"https:\/\/comune.santacroce.pi.it\/oldsite\/#organization\",\"name\":\"Comune di Santa Croce sull'Arno\",\"url\":\"https:\/\/comune.santacroce.pi.it\/oldsite\/\",\"logo\":{\"@type\":\"ImageObject\",\"inLanguage\":\"it-IT\",\"@id\":\"https:\/\/comune.santacroce.pi.it\/oldsite\/#\/schema\/logo\/image\/\",\"url\":\"https:\/\/comune.santacroce.pi.it\/oldsite\/wp-content\/uploads\/2021\/02\/cropped-Stemma-Santa-Croce-dellArno_500-1.png\",\"contentUrl\":\"https:\/\/comune.santacroce.pi.it\/oldsite\/wp-content\/uploads\/2021\/02\/cropped-Stemma-Santa-Croce-dellArno_500-1.png\",\"width\":500,\"height\":500,\"caption\":\"Comune di Santa Croce sull'Arno\"},\"image\":{\"@id\":\"https:\/\/comune.santacroce.pi.it\/oldsite\/#\/schema\/logo\/image\/\"}},{\"@type\":\"Person\",\"@id\":\"https:\/\/comune.santacroce.pi.it\/oldsite\/#\/schema\/person\/04db4e6ed36f821f4cb9f9416339127c\",\"name\":\"Antonella Strozzalupi\",\"image\":{\"@type\":\"ImageObject\",\"inLanguage\":\"it-IT\",\"@id\":\"https:\/\/comune.santacroce.pi.it\/oldsite\/#\/schema\/person\/image\/\",\"url\":\"https:\/\/secure.gravatar.com\/avatar\/faedd377ff27b8832be9e62f5a523f40?s=96&d=mm&r=g\",\"contentUrl\":\"https:\/\/secure.gravatar.com\/avatar\/faedd377ff27b8832be9e62f5a523f40?s=96&d=mm&r=g\",\"caption\":\"Antonella Strozzalupi\"},\"url\":\"https:\/\/comune.santacroce.pi.it\/oldsite\/author\/astrozzalupi\/\"}]}<\/script>\n<!-- \/ Yoast SEO plugin. -->","yoast_head_json":{"title":"Santa Croce sull\u2019Arno, si trasferisce e si amplia la Farmacia comunale 2 - Comune di Santa Croce sull&#039;Arno","robots":{"index":"index","follow":"follow","max-snippet":"max-snippet:-1","max-image-preview":"max-image-preview:large","max-video-preview":"max-video-preview:-1"},"canonical":"https:\/\/comune.santacroce.pi.it\/oldsite\/santa-croce-sullarno-si-trasferisce-e-si-amplia-la-farmacia-comunale-2\/","og_locale":"it_IT","og_type":"article","og_title":"Santa Croce sull\u2019Arno, si trasferisce e si amplia la Farmacia comunale 2 - Comune di Santa Croce sull&#039;Arno","og_description":"Inaugurazione il 29 gennaio dentro la Coop di piazza Nenni: locali da 450 mq e maggiori servizi. La sindaca Deidda: \u201cTraguardo reso possibile da gestione pubblica virtuosa\u201d La Farmacia comunale [&hellip;]","og_url":"https:\/\/comune.santacroce.pi.it\/oldsite\/santa-croce-sullarno-si-trasferisce-e-si-amplia-la-farmacia-comunale-2\/","og_site_name":"Comune di Santa Croce sull&#039;Arno","article_published_time":"2024-01-20T07:16:49+00:00","article_modified_time":"2024-01-22T07:17:48+00:00","og_image":[{"width":1131,"height":1600,"url":"https:\/\/comune.santacroce.pi.it\/oldsite\/wp-content\/uploads\/2024\/01\/locandina.jpg","type":"image\/jpeg"}],"author":"Antonella Strozzalupi","twitter_card":"summary_large_image","twitter_misc":{"Scritto da":"Antonella Strozzalupi","Tempo di lettura stimato":"3 minuti"},"schema":{"@context":"https:\/\/schema.org","@graph":[{"@type":"Article","@id":"https:\/\/comune.santacroce.pi.it\/oldsite\/santa-croce-sullarno-si-trasferisce-e-si-amplia-la-farmacia-comunale-2\/#article","isPartOf":{"@id":"https:\/\/comune.santacroce.pi.it\/oldsite\/santa-croce-sullarno-si-trasferisce-e-si-amplia-la-farmacia-comunale-2\/"},"author":{"name":"Antonella Strozzalupi","@id":"https:\/\/comune.santacroce.pi.it\/oldsite\/#\/schema\/person\/04db4e6ed36f821f4cb9f9416339127c"},"headline":"Santa Croce sull\u2019Arno, si trasferisce e si amplia la Farmacia comunale 2","datePublished":"2024-01-20T07:16:49+00:00","dateModified":"2024-01-22T07:17:48+00:00","mainEntityOfPage":{"@id":"https:\/\/comune.santacroce.pi.it\/oldsite\/santa-croce-sullarno-si-trasferisce-e-si-amplia-la-farmacia-comunale-2\/"},"wordCount":427,"publisher":{"@id":"https:\/\/comune.santacroce.pi.it\/oldsite\/#organization"},"image":{"@id":"https:\/\/comune.santacroce.pi.it\/oldsite\/santa-croce-sullarno-si-trasferisce-e-si-amplia-la-farmacia-comunale-2\/#primaryimage"},"thumbnailUrl":"https:\/\/comune.santacroce.pi.it\/oldsite\/wp-content\/uploads\/2024\/01\/locandina.jpg","articleSection":["Notizie e informazioni"],"inLanguage":"it-IT"},{"@type":"WebPage","@id":"https:\/\/comune.santacroce.pi.it\/oldsite\/santa-croce-sullarno-si-trasferisce-e-si-amplia-la-farmacia-comunale-2\/","url":"https:\/\/comune.santacroce.pi.it\/oldsite\/santa-croce-sullarno-si-trasferisce-e-si-amplia-la-farmacia-comunale-2\/","name":"Santa Croce sull\u2019Arno, si trasferisce e si amplia la Farmacia comunale 2 - Comune di Santa Croce sull&#039;Arno","isPartOf":{"@id":"https:\/\/comune.santacroce.pi.it\/oldsite\/#website"},"primaryImageOfPage":{"@id":"https:\/\/comune.santacroce.pi.it\/oldsite\/santa-croce-sullarno-si-trasferisce-e-si-amplia-la-farmacia-comunale-2\/#primaryimage"},"image":{"@id":"https:\/\/comune.santacroce.pi.it\/oldsite\/santa-croce-sullarno-si-trasferisce-e-si-amplia-la-farmacia-comunale-2\/#primaryimage"},"thumbnailUrl":"https:\/\/comune.santacroce.pi.it\/oldsite\/wp-content\/uploads\/2024\/01\/locandina.jpg","datePublished":"2024-01-20T07:16:49+00:00","dateModified":"2024-01-22T07:17:48+00:00","breadcrumb":{"@id":"https:\/\/comune.santacroce.pi.it\/oldsite\/santa-croce-sullarno-si-trasferisce-e-si-amplia-la-farmacia-comunale-2\/#breadcrumb"},"inLanguage":"it-IT","potentialAction":[{"@type":"ReadAction","target":["https:\/\/comune.santacroce.pi.it\/oldsite\/santa-croce-sullarno-si-trasferisce-e-si-amplia-la-farmacia-comunale-2\/"]}]},{"@type":"ImageObject","inLanguage":"it-IT","@id":"https:\/\/comune.santacroce.pi.it\/oldsite\/santa-croce-sullarno-si-trasferisce-e-si-amplia-la-farmacia-comunale-2\/#primaryimage","url":"https:\/\/comune.santacroce.pi.it\/oldsite\/wp-content\/uploads\/2024\/01\/locandina.jpg","contentUrl":"https:\/\/comune.santacroce.pi.it\/oldsite\/wp-content\/uploads\/2024\/01\/locandina.jpg","width":1131,"height":1600},{"@type":"BreadcrumbList","@id":"https:\/\/comune.santacroce.pi.it\/oldsite\/santa-croce-sullarno-si-trasferisce-e-si-amplia-la-farmacia-comunale-2\/#breadcrumb","itemListElement":[{"@type":"ListItem","position":1,"name":"Home","item":"https:\/\/comune.santacroce.pi.it\/oldsite\/"},{"@type":"ListItem","position":2,"name":"Santa Croce sull\u2019Arno, si trasferisce e si amplia la Farmacia comunale 2"}]},{"@type":"WebSite","@id":"https:\/\/comune.santacroce.pi.it\/oldsite\/#website","url":"https:\/\/comune.santacroce.pi.it\/oldsite\/","name":"Comune di Santa Croce sull&#039;Arno","description":"Provincia di Pisa","publisher":{"@id":"https:\/\/comune.santacroce.pi.it\/oldsite\/#organization"},"potentialAction":[{"@type":"SearchAction","target":{"@type":"EntryPoint","urlTemplate":"https:\/\/comune.santacroce.pi.it\/oldsite\/?s={search_term_string}"},"query-input":{"@type":"PropertyValueSpecification","valueRequired":true,"valueName":"search_term_string"}}],"inLanguage":"it-IT"},{"@type":"Organization","@id":"https:\/\/comune.santacroce.pi.it\/oldsite\/#organization","name":"Comune di Santa Croce sull'Arno","url":"https:\/\/comune.santacroce.pi.it\/oldsite\/","logo":{"@type":"ImageObject","inLanguage":"it-IT","@id":"https:\/\/comune.santacroce.pi.it\/oldsite\/#\/schema\/logo\/image\/","url":"https:\/\/comune.santacroce.pi.it\/oldsite\/wp-content\/uploads\/2021\/02\/cropped-Stemma-Santa-Croce-dellArno_500-1.png","contentUrl":"https:\/\/comune.santacroce.pi.it\/oldsite\/wp-content\/uploads\/2021\/02\/cropped-Stemma-Santa-Croce-dellArno_500-1.png","width":500,"height":500,"caption":"Comune di Santa Croce sull'Arno"},"image":{"@id":"https:\/\/comune.santacroce.pi.it\/oldsite\/#\/schema\/logo\/image\/"}},{"@type":"Person","@id":"https:\/\/comune.santacroce.pi.it\/oldsite\/#\/schema\/person\/04db4e6ed36f821f4cb9f9416339127c","name":"Antonella Strozzalupi","image":{"@type":"ImageObject","inLanguage":"it-IT","@id":"https:\/\/comune.santacroce.pi.it\/oldsite\/#\/schema\/person\/image\/","url":"https:\/\/secure.gravatar.com\/avatar\/faedd377ff27b8832be9e62f5a523f40?s=96&d=mm&r=g","contentUrl":"https:\/\/secure.gravatar.com\/avatar\/faedd377ff27b8832be9e62f5a523f40?s=96&d=mm&r=g","caption":"Antonella Strozzalupi"},"url":"https:\/\/comune.santacroce.pi.it\/oldsite\/author\/astrozzalupi\/"}]}},"jetpack_featured_media_url":"https:\/\/comune.santacroce.pi.it\/oldsite\/wp-content\/uploads\/2024\/01\/locandina.jpg","meta_box":{"comunicacity_sync":"1","cc4_urg_colore":"rosso","cc4_urg_data_inizio":"","cc4_urg_data_fine":"","cc4_cor_positivi_oggi":"","cc4_cor_negativizzati_oggi":"","cc4_cor_deceduti_oggi":"","cc4_cor_positivi_totali":"","cc4_cor_negativizzati_totali":"","cc4_cor_deceduti_totali":"","cc4_cor_attualmente_positivi":"","cc4_eve_data_inizio":"","cc4_eve_data_fine":"","cc4_eve_indirizzo":"","cc4_eve_posizione":{"latitude":"0","longitude":"0","zoom":"0"},"cc4_eve_telefono":"","cc4_eve_email":"","cc4_eve_web":"","cc4_eve_fb":""},"_links":{"self":[{"href":"https:\/\/comune.santacroce.pi.it\/oldsite\/wp-json\/wp\/v2\/posts\/23570","targetHints":{"allow":["GET"]}}],"collection":[{"href":"https:\/\/comune.santacroce.pi.it\/oldsite\/wp-json\/wp\/v2\/posts"}],"about":[{"href":"https:\/\/comune.santacroce.pi.it\/oldsite\/wp-json\/wp\/v2\/types\/post"}],"author":[{"embeddable":true,"href":"https:\/\/comune.santacroce.pi.it\/oldsite\/wp-json\/wp\/v2\/users\/17"}],"replies":[{"embeddable":true,"href":"https:\/\/comune.santacroce.pi.it\/oldsite\/wp-json\/wp\/v2\/comments?post=23570"}],"version-history":[{"count":0,"href":"https:\/\/comune.santacroce.pi.it\/oldsite\/wp-json\/wp\/v2\/posts\/23570\/revisions"}],"wp:featuredmedia":[{"embeddable":true,"href":"https:\/\/comune.santacroce.pi.it\/oldsite\/wp-json\/wp\/v2\/media\/23571"}],"wp:attachment":[{"href":"https:\/\/comune.santacroce.pi.it\/oldsite\/wp-json\/wp\/v2\/media?parent=23570"}],"wp:term":[{"taxonomy":"category","embeddable":true,"href":"https:\/\/comune.santacroce.pi.it\/oldsite\/wp-json\/wp\/v2\/categories?post=23570"},{"taxonomy":"post_tag","embeddable":true,"href":"https:\/\/comune.santacroce.pi.it\/oldsite\/wp-json\/wp\/v2\/tags?post=23570"}],"curies":[{"name":"wp","href":"https:\/\/api.w.org\/{rel}","templated":true}]}}