{"id":21497,"date":"2023-03-04T11:00:54","date_gmt":"2023-03-04T10:00:54","guid":{"rendered":"https:\/\/comune.santacroce.pi.it\/oldsite\/?p=21497"},"modified":"2023-03-02T19:26:31","modified_gmt":"2023-03-02T18:26:31","slug":"primo-tempo-martedi-7-marzo-svergognata-al-teatro-verdi","status":"publish","type":"post","link":"https:\/\/comune.santacroce.pi.it\/oldsite\/primo-tempo-martedi-7-marzo-svergognata-al-teatro-verdi\/","title":{"rendered":"&#8220;Primo Tempo&#8221; &#8211; Marted\u00ec 7 Marzo, \u201cSvergognata\u201d al Teatro Verdi"},"content":{"rendered":"<figure id=\"attachment_21500\" aria-describedby=\"caption-attachment-21500\" style=\"width: 724px\" class=\"wp-caption aligncenter\"><img loading=\"lazy\" decoding=\"async\" class=\"wp-image-21500 size-large\" src=\"https:\/\/comune.santacroce.pi.it\/oldsite\/wp-content\/uploads\/2023\/03\/42dac9c4-1dc2-2caa-3670-33ed0de5185b-724x1024.jpg\" alt=\"\" width=\"724\" height=\"1024\" srcset=\"https:\/\/comune.santacroce.pi.it\/oldsite\/wp-content\/uploads\/2023\/03\/42dac9c4-1dc2-2caa-3670-33ed0de5185b-724x1024.jpg 724w, https:\/\/comune.santacroce.pi.it\/oldsite\/wp-content\/uploads\/2023\/03\/42dac9c4-1dc2-2caa-3670-33ed0de5185b-212x300.jpg 212w, https:\/\/comune.santacroce.pi.it\/oldsite\/wp-content\/uploads\/2023\/03\/42dac9c4-1dc2-2caa-3670-33ed0de5185b-768x1086.jpg 768w, https:\/\/comune.santacroce.pi.it\/oldsite\/wp-content\/uploads\/2023\/03\/42dac9c4-1dc2-2caa-3670-33ed0de5185b-1087x1536.jpg 1087w, https:\/\/comune.santacroce.pi.it\/oldsite\/wp-content\/uploads\/2023\/03\/42dac9c4-1dc2-2caa-3670-33ed0de5185b.jpg 1132w\" sizes=\"auto, (max-width: 724px) 100vw, 724px\" \/><figcaption id=\"caption-attachment-21500\" class=\"wp-caption-text\">1\u00b0 spettacolo di &#8220;Primo Tempo&#8221;<\/figcaption><\/figure>\n<p>Si apre la programmazione stagionale di <strong>&#8220;Primo Tempo&#8221;<\/strong>, la rassegna dedicata al teatro d\u2019innovazione.<br \/>\nQuest&#8217;anno, in cartellone due straordinari interpreti, <strong>Antonella Questa<\/strong> e <strong>Ascanio Celestini<\/strong>, che con i loro spettacoli ci permettono di riflettere su <strong>due date significative<\/strong>: l&#8217;<strong>8 Marzo<\/strong> e il <strong>25 Aprile<\/strong>.<\/p>\n<p>Il <strong>primo spettacolo<\/strong> in programma \u00e8<\/p>\n<p><strong>Marted\u00ec 7 Marzo, ore 21.00<br \/>\nSVERGOGNATA<\/strong><br \/>\ncon <strong>Antonella Questa<\/strong><br \/>\nregia di Francesco Brandi<br \/>\n<em>LaQ-Produzione<\/em><\/p>\n<p><strong>Trama<\/strong><br \/>\nQuanto contano lo sguardo e il giudizio degli altri? Quanto pesano nel nostro quotidiano? SVERGOGNATA porta a galla le trappole in cui spesso inconsapevolmente cadiamo, ovvero il bisogno di approvazione, la schiavit\u00f9 dell\u2019immagine e della desiderabilit\u00e0 sociale che ci distraggono da ci\u00f2 che realmente desideriamo e da ci\u00f2 che siamo.<br \/>\nQuesto sistema al quale la protagonista ha aderito perfettamente fin dalla nascita, viene messo in crisi quando scopre una serie di messaggi sul cellulare del marito con decine di \u201csvergognate\u201d.<br \/>\nCosa fare quindi per non perdere l\u2019immagine costruita negli anni? Per recuperare lo sguardo del marito su di lei? Inaspettatamente sar\u00e0 proprio l\u2019incontro con una vera \u201csvergognata\u201d ad aiutarla a ribaltare il punto di vista e a farle recuperare l\u2019unico sguardo che conta davvero: quello su se stessa, restituendole cos\u00ec una nuova e preziosa dignit\u00e0.<\/p>\n<hr \/>\n<p><strong>INFO E PRENOTAZIONI<\/strong><br \/>\nGiallo Mare Minimal Teatro tel. 0571\/81629 oppure inviando una mail a <a href=\"mailto:biglietteria@giallomare.it\">biglietteria@giallomare.it<\/a><\/p>\n<p><strong>BIGLIETTI:<\/strong><\/p>\n<p><strong>Posto unico<\/strong> \u20ac 10<\/p>\n","protected":false},"excerpt":{"rendered":"<p>Si apre la programmazione stagionale di &#8220;Primo Tempo&#8221;, la rassegna dedicata al teatro d\u2019innovazione. Quest&#8217;anno, in cartellone due straordinari interpreti, Antonella Questa e Ascanio Celestini, che con i loro spettacoli [&hellip;]<\/p>\n","protected":false},"author":18,"featured_media":21500,"comment_status":"closed","ping_status":"closed","sticky":false,"template":"","format":"standard","meta":{"footnotes":""},"categories":[154,155],"tags":[],"class_list":["post-21497","post","type-post","status-publish","format-standard","has-post-thumbnail","hentry","category-cultura","category-eventi"],"yoast_head":"<!-- This site is optimized with the Yoast SEO plugin v24.7 - https:\/\/yoast.com\/wordpress\/plugins\/seo\/ -->\n<title>&quot;Primo Tempo&quot; - Marted\u00ec 7 Marzo, \u201cSvergognata\u201d al Teatro Verdi - Comune di Santa Croce sull&#039;Arno<\/title>\n<meta name=\"description\" content=\"Antonella Questa torna sola in scena dando voce e corpo a pi\u00f9 personaggi, per raccontare quanto la schiavit\u00f9 dell&#039;immagine e della desiderabilit\u00e0 sociale ci distragga spesso dalle vere potenzialit\u00e0 sopite in ognuna di noi!\" \/>\n<meta name=\"robots\" content=\"index, follow, max-snippet:-1, max-image-preview:large, max-video-preview:-1\" \/>\n<link rel=\"canonical\" href=\"https:\/\/comune.santacroce.pi.it\/oldsite\/primo-tempo-martedi-7-marzo-svergognata-al-teatro-verdi\/\" \/>\n<meta property=\"og:locale\" content=\"it_IT\" \/>\n<meta property=\"og:type\" content=\"article\" \/>\n<meta property=\"og:title\" content=\"&quot;Primo Tempo&quot; - Marted\u00ec 7 Marzo, \u201cSvergognata\u201d al Teatro Verdi - Comune di Santa Croce sull&#039;Arno\" \/>\n<meta property=\"og:description\" content=\"Antonella Questa torna sola in scena dando voce e corpo a pi\u00f9 personaggi, per raccontare quanto la schiavit\u00f9 dell&#039;immagine e della desiderabilit\u00e0 sociale ci distragga spesso dalle vere potenzialit\u00e0 sopite in ognuna di noi!\" \/>\n<meta property=\"og:url\" content=\"https:\/\/comune.santacroce.pi.it\/oldsite\/primo-tempo-martedi-7-marzo-svergognata-al-teatro-verdi\/\" \/>\n<meta property=\"og:site_name\" content=\"Comune di Santa Croce sull&#039;Arno\" \/>\n<meta property=\"article:published_time\" content=\"2023-03-04T10:00:54+00:00\" \/>\n<meta property=\"og:image\" content=\"https:\/\/comune.santacroce.pi.it\/oldsite\/wp-content\/uploads\/2023\/03\/42dac9c4-1dc2-2caa-3670-33ed0de5185b.jpg\" \/>\n\t<meta property=\"og:image:width\" content=\"1132\" \/>\n\t<meta property=\"og:image:height\" content=\"1600\" \/>\n\t<meta property=\"og:image:type\" content=\"image\/jpeg\" \/>\n<meta name=\"author\" content=\"Biblioteca e cultura\" \/>\n<meta name=\"twitter:card\" content=\"summary_large_image\" \/>\n<meta name=\"twitter:label1\" content=\"Scritto da\" \/>\n\t<meta name=\"twitter:data1\" content=\"Biblioteca e cultura\" \/>\n\t<meta name=\"twitter:label2\" content=\"Tempo di lettura stimato\" \/>\n\t<meta name=\"twitter:data2\" content=\"2 minuti\" \/>\n<script type=\"application\/ld+json\" class=\"yoast-schema-graph\">{\"@context\":\"https:\/\/schema.org\",\"@graph\":[{\"@type\":\"Article\",\"@id\":\"https:\/\/comune.santacroce.pi.it\/oldsite\/primo-tempo-martedi-7-marzo-svergognata-al-teatro-verdi\/#article\",\"isPartOf\":{\"@id\":\"https:\/\/comune.santacroce.pi.it\/oldsite\/primo-tempo-martedi-7-marzo-svergognata-al-teatro-verdi\/\"},\"author\":{\"name\":\"Biblioteca e cultura\",\"@id\":\"https:\/\/comune.santacroce.pi.it\/oldsite\/#\/schema\/person\/77e3693e7d02c5835b2dd82778f7fb45\"},\"headline\":\"&#8220;Primo Tempo&#8221; &#8211; Marted\u00ec 7 Marzo, \u201cSvergognata\u201d al Teatro Verdi\",\"datePublished\":\"2023-03-04T10:00:54+00:00\",\"mainEntityOfPage\":{\"@id\":\"https:\/\/comune.santacroce.pi.it\/oldsite\/primo-tempo-martedi-7-marzo-svergognata-al-teatro-verdi\/\"},\"wordCount\":241,\"publisher\":{\"@id\":\"https:\/\/comune.santacroce.pi.it\/oldsite\/#organization\"},\"image\":{\"@id\":\"https:\/\/comune.santacroce.pi.it\/oldsite\/primo-tempo-martedi-7-marzo-svergognata-al-teatro-verdi\/#primaryimage\"},\"thumbnailUrl\":\"https:\/\/comune.santacroce.pi.it\/oldsite\/wp-content\/uploads\/2023\/03\/42dac9c4-1dc2-2caa-3670-33ed0de5185b.jpg\",\"articleSection\":[\"Cultura\",\"Eventi\"],\"inLanguage\":\"it-IT\"},{\"@type\":\"WebPage\",\"@id\":\"https:\/\/comune.santacroce.pi.it\/oldsite\/primo-tempo-martedi-7-marzo-svergognata-al-teatro-verdi\/\",\"url\":\"https:\/\/comune.santacroce.pi.it\/oldsite\/primo-tempo-martedi-7-marzo-svergognata-al-teatro-verdi\/\",\"name\":\"\\\"Primo Tempo\\\" - Marted\u00ec 7 Marzo, \u201cSvergognata\u201d al Teatro Verdi - Comune di Santa Croce sull&#039;Arno\",\"isPartOf\":{\"@id\":\"https:\/\/comune.santacroce.pi.it\/oldsite\/#website\"},\"primaryImageOfPage\":{\"@id\":\"https:\/\/comune.santacroce.pi.it\/oldsite\/primo-tempo-martedi-7-marzo-svergognata-al-teatro-verdi\/#primaryimage\"},\"image\":{\"@id\":\"https:\/\/comune.santacroce.pi.it\/oldsite\/primo-tempo-martedi-7-marzo-svergognata-al-teatro-verdi\/#primaryimage\"},\"thumbnailUrl\":\"https:\/\/comune.santacroce.pi.it\/oldsite\/wp-content\/uploads\/2023\/03\/42dac9c4-1dc2-2caa-3670-33ed0de5185b.jpg\",\"datePublished\":\"2023-03-04T10:00:54+00:00\",\"description\":\"Antonella Questa torna sola in scena dando voce e corpo a pi\u00f9 personaggi, per raccontare quanto la schiavit\u00f9 dell'immagine e della desiderabilit\u00e0 sociale ci distragga spesso dalle vere potenzialit\u00e0 sopite in ognuna di noi!\",\"breadcrumb\":{\"@id\":\"https:\/\/comune.santacroce.pi.it\/oldsite\/primo-tempo-martedi-7-marzo-svergognata-al-teatro-verdi\/#breadcrumb\"},\"inLanguage\":\"it-IT\",\"potentialAction\":[{\"@type\":\"ReadAction\",\"target\":[\"https:\/\/comune.santacroce.pi.it\/oldsite\/primo-tempo-martedi-7-marzo-svergognata-al-teatro-verdi\/\"]}]},{\"@type\":\"ImageObject\",\"inLanguage\":\"it-IT\",\"@id\":\"https:\/\/comune.santacroce.pi.it\/oldsite\/primo-tempo-martedi-7-marzo-svergognata-al-teatro-verdi\/#primaryimage\",\"url\":\"https:\/\/comune.santacroce.pi.it\/oldsite\/wp-content\/uploads\/2023\/03\/42dac9c4-1dc2-2caa-3670-33ed0de5185b.jpg\",\"contentUrl\":\"https:\/\/comune.santacroce.pi.it\/oldsite\/wp-content\/uploads\/2023\/03\/42dac9c4-1dc2-2caa-3670-33ed0de5185b.jpg\",\"width\":1132,\"height\":1600,\"caption\":\"1\u00b0 spettacolo di \\\"Primo Tempo\\\"\"},{\"@type\":\"BreadcrumbList\",\"@id\":\"https:\/\/comune.santacroce.pi.it\/oldsite\/primo-tempo-martedi-7-marzo-svergognata-al-teatro-verdi\/#breadcrumb\",\"itemListElement\":[{\"@type\":\"ListItem\",\"position\":1,\"name\":\"Home\",\"item\":\"https:\/\/comune.santacroce.pi.it\/oldsite\/\"},{\"@type\":\"ListItem\",\"position\":2,\"name\":\"&#8220;Primo Tempo&#8221; &#8211; Marted\u00ec 7 Marzo, \u201cSvergognata\u201d al Teatro Verdi\"}]},{\"@type\":\"WebSite\",\"@id\":\"https:\/\/comune.santacroce.pi.it\/oldsite\/#website\",\"url\":\"https:\/\/comune.santacroce.pi.it\/oldsite\/\",\"name\":\"Comune di Santa Croce sull&#039;Arno\",\"description\":\"Provincia di Pisa\",\"publisher\":{\"@id\":\"https:\/\/comune.santacroce.pi.it\/oldsite\/#organization\"},\"potentialAction\":[{\"@type\":\"SearchAction\",\"target\":{\"@type\":\"EntryPoint\",\"urlTemplate\":\"https:\/\/comune.santacroce.pi.it\/oldsite\/?s={search_term_string}\"},\"query-input\":{\"@type\":\"PropertyValueSpecification\",\"valueRequired\":true,\"valueName\":\"search_term_string\"}}],\"inLanguage\":\"it-IT\"},{\"@type\":\"Organization\",\"@id\":\"https:\/\/comune.santacroce.pi.it\/oldsite\/#organization\",\"name\":\"Comune di Santa Croce sull'Arno\",\"url\":\"https:\/\/comune.santacroce.pi.it\/oldsite\/\",\"logo\":{\"@type\":\"ImageObject\",\"inLanguage\":\"it-IT\",\"@id\":\"https:\/\/comune.santacroce.pi.it\/oldsite\/#\/schema\/logo\/image\/\",\"url\":\"https:\/\/comune.santacroce.pi.it\/oldsite\/wp-content\/uploads\/2021\/02\/cropped-Stemma-Santa-Croce-dellArno_500-1.png\",\"contentUrl\":\"https:\/\/comune.santacroce.pi.it\/oldsite\/wp-content\/uploads\/2021\/02\/cropped-Stemma-Santa-Croce-dellArno_500-1.png\",\"width\":500,\"height\":500,\"caption\":\"Comune di Santa Croce sull'Arno\"},\"image\":{\"@id\":\"https:\/\/comune.santacroce.pi.it\/oldsite\/#\/schema\/logo\/image\/\"}},{\"@type\":\"Person\",\"@id\":\"https:\/\/comune.santacroce.pi.it\/oldsite\/#\/schema\/person\/77e3693e7d02c5835b2dd82778f7fb45\",\"name\":\"Biblioteca e cultura\",\"image\":{\"@type\":\"ImageObject\",\"inLanguage\":\"it-IT\",\"@id\":\"https:\/\/comune.santacroce.pi.it\/oldsite\/#\/schema\/person\/image\/\",\"url\":\"https:\/\/secure.gravatar.com\/avatar\/c9a5002ec801d0b780e779e0d328fe2a?s=96&d=mm&r=g\",\"contentUrl\":\"https:\/\/secure.gravatar.com\/avatar\/c9a5002ec801d0b780e779e0d328fe2a?s=96&d=mm&r=g\",\"caption\":\"Biblioteca e cultura\"},\"url\":\"https:\/\/comune.santacroce.pi.it\/oldsite\/author\/bibliotecasc\/\"}]}<\/script>\n<!-- \/ Yoast SEO plugin. -->","yoast_head_json":{"title":"\"Primo Tempo\" - Marted\u00ec 7 Marzo, \u201cSvergognata\u201d al Teatro Verdi - Comune di Santa Croce sull&#039;Arno","description":"Antonella Questa torna sola in scena dando voce e corpo a pi\u00f9 personaggi, per raccontare quanto la schiavit\u00f9 dell'immagine e della desiderabilit\u00e0 sociale ci distragga spesso dalle vere potenzialit\u00e0 sopite in ognuna di noi!","robots":{"index":"index","follow":"follow","max-snippet":"max-snippet:-1","max-image-preview":"max-image-preview:large","max-video-preview":"max-video-preview:-1"},"canonical":"https:\/\/comune.santacroce.pi.it\/oldsite\/primo-tempo-martedi-7-marzo-svergognata-al-teatro-verdi\/","og_locale":"it_IT","og_type":"article","og_title":"\"Primo Tempo\" - Marted\u00ec 7 Marzo, \u201cSvergognata\u201d al Teatro Verdi - Comune di Santa Croce sull&#039;Arno","og_description":"Antonella Questa torna sola in scena dando voce e corpo a pi\u00f9 personaggi, per raccontare quanto la schiavit\u00f9 dell'immagine e della desiderabilit\u00e0 sociale ci distragga spesso dalle vere potenzialit\u00e0 sopite in ognuna di noi!","og_url":"https:\/\/comune.santacroce.pi.it\/oldsite\/primo-tempo-martedi-7-marzo-svergognata-al-teatro-verdi\/","og_site_name":"Comune di Santa Croce sull&#039;Arno","article_published_time":"2023-03-04T10:00:54+00:00","og_image":[{"width":1132,"height":1600,"url":"https:\/\/comune.santacroce.pi.it\/oldsite\/wp-content\/uploads\/2023\/03\/42dac9c4-1dc2-2caa-3670-33ed0de5185b.jpg","type":"image\/jpeg"}],"author":"Biblioteca e cultura","twitter_card":"summary_large_image","twitter_misc":{"Scritto da":"Biblioteca e cultura","Tempo di lettura stimato":"2 minuti"},"schema":{"@context":"https:\/\/schema.org","@graph":[{"@type":"Article","@id":"https:\/\/comune.santacroce.pi.it\/oldsite\/primo-tempo-martedi-7-marzo-svergognata-al-teatro-verdi\/#article","isPartOf":{"@id":"https:\/\/comune.santacroce.pi.it\/oldsite\/primo-tempo-martedi-7-marzo-svergognata-al-teatro-verdi\/"},"author":{"name":"Biblioteca e cultura","@id":"https:\/\/comune.santacroce.pi.it\/oldsite\/#\/schema\/person\/77e3693e7d02c5835b2dd82778f7fb45"},"headline":"&#8220;Primo Tempo&#8221; &#8211; Marted\u00ec 7 Marzo, \u201cSvergognata\u201d al Teatro Verdi","datePublished":"2023-03-04T10:00:54+00:00","mainEntityOfPage":{"@id":"https:\/\/comune.santacroce.pi.it\/oldsite\/primo-tempo-martedi-7-marzo-svergognata-al-teatro-verdi\/"},"wordCount":241,"publisher":{"@id":"https:\/\/comune.santacroce.pi.it\/oldsite\/#organization"},"image":{"@id":"https:\/\/comune.santacroce.pi.it\/oldsite\/primo-tempo-martedi-7-marzo-svergognata-al-teatro-verdi\/#primaryimage"},"thumbnailUrl":"https:\/\/comune.santacroce.pi.it\/oldsite\/wp-content\/uploads\/2023\/03\/42dac9c4-1dc2-2caa-3670-33ed0de5185b.jpg","articleSection":["Cultura","Eventi"],"inLanguage":"it-IT"},{"@type":"WebPage","@id":"https:\/\/comune.santacroce.pi.it\/oldsite\/primo-tempo-martedi-7-marzo-svergognata-al-teatro-verdi\/","url":"https:\/\/comune.santacroce.pi.it\/oldsite\/primo-tempo-martedi-7-marzo-svergognata-al-teatro-verdi\/","name":"\"Primo Tempo\" - Marted\u00ec 7 Marzo, \u201cSvergognata\u201d al Teatro Verdi - Comune di Santa Croce sull&#039;Arno","isPartOf":{"@id":"https:\/\/comune.santacroce.pi.it\/oldsite\/#website"},"primaryImageOfPage":{"@id":"https:\/\/comune.santacroce.pi.it\/oldsite\/primo-tempo-martedi-7-marzo-svergognata-al-teatro-verdi\/#primaryimage"},"image":{"@id":"https:\/\/comune.santacroce.pi.it\/oldsite\/primo-tempo-martedi-7-marzo-svergognata-al-teatro-verdi\/#primaryimage"},"thumbnailUrl":"https:\/\/comune.santacroce.pi.it\/oldsite\/wp-content\/uploads\/2023\/03\/42dac9c4-1dc2-2caa-3670-33ed0de5185b.jpg","datePublished":"2023-03-04T10:00:54+00:00","description":"Antonella Questa torna sola in scena dando voce e corpo a pi\u00f9 personaggi, per raccontare quanto la schiavit\u00f9 dell'immagine e della desiderabilit\u00e0 sociale ci distragga spesso dalle vere potenzialit\u00e0 sopite in ognuna di noi!","breadcrumb":{"@id":"https:\/\/comune.santacroce.pi.it\/oldsite\/primo-tempo-martedi-7-marzo-svergognata-al-teatro-verdi\/#breadcrumb"},"inLanguage":"it-IT","potentialAction":[{"@type":"ReadAction","target":["https:\/\/comune.santacroce.pi.it\/oldsite\/primo-tempo-martedi-7-marzo-svergognata-al-teatro-verdi\/"]}]},{"@type":"ImageObject","inLanguage":"it-IT","@id":"https:\/\/comune.santacroce.pi.it\/oldsite\/primo-tempo-martedi-7-marzo-svergognata-al-teatro-verdi\/#primaryimage","url":"https:\/\/comune.santacroce.pi.it\/oldsite\/wp-content\/uploads\/2023\/03\/42dac9c4-1dc2-2caa-3670-33ed0de5185b.jpg","contentUrl":"https:\/\/comune.santacroce.pi.it\/oldsite\/wp-content\/uploads\/2023\/03\/42dac9c4-1dc2-2caa-3670-33ed0de5185b.jpg","width":1132,"height":1600,"caption":"1\u00b0 spettacolo di \"Primo Tempo\""},{"@type":"BreadcrumbList","@id":"https:\/\/comune.santacroce.pi.it\/oldsite\/primo-tempo-martedi-7-marzo-svergognata-al-teatro-verdi\/#breadcrumb","itemListElement":[{"@type":"ListItem","position":1,"name":"Home","item":"https:\/\/comune.santacroce.pi.it\/oldsite\/"},{"@type":"ListItem","position":2,"name":"&#8220;Primo Tempo&#8221; &#8211; Marted\u00ec 7 Marzo, \u201cSvergognata\u201d al Teatro Verdi"}]},{"@type":"WebSite","@id":"https:\/\/comune.santacroce.pi.it\/oldsite\/#website","url":"https:\/\/comune.santacroce.pi.it\/oldsite\/","name":"Comune di Santa Croce sull&#039;Arno","description":"Provincia di Pisa","publisher":{"@id":"https:\/\/comune.santacroce.pi.it\/oldsite\/#organization"},"potentialAction":[{"@type":"SearchAction","target":{"@type":"EntryPoint","urlTemplate":"https:\/\/comune.santacroce.pi.it\/oldsite\/?s={search_term_string}"},"query-input":{"@type":"PropertyValueSpecification","valueRequired":true,"valueName":"search_term_string"}}],"inLanguage":"it-IT"},{"@type":"Organization","@id":"https:\/\/comune.santacroce.pi.it\/oldsite\/#organization","name":"Comune di Santa Croce sull'Arno","url":"https:\/\/comune.santacroce.pi.it\/oldsite\/","logo":{"@type":"ImageObject","inLanguage":"it-IT","@id":"https:\/\/comune.santacroce.pi.it\/oldsite\/#\/schema\/logo\/image\/","url":"https:\/\/comune.santacroce.pi.it\/oldsite\/wp-content\/uploads\/2021\/02\/cropped-Stemma-Santa-Croce-dellArno_500-1.png","contentUrl":"https:\/\/comune.santacroce.pi.it\/oldsite\/wp-content\/uploads\/2021\/02\/cropped-Stemma-Santa-Croce-dellArno_500-1.png","width":500,"height":500,"caption":"Comune di Santa Croce sull'Arno"},"image":{"@id":"https:\/\/comune.santacroce.pi.it\/oldsite\/#\/schema\/logo\/image\/"}},{"@type":"Person","@id":"https:\/\/comune.santacroce.pi.it\/oldsite\/#\/schema\/person\/77e3693e7d02c5835b2dd82778f7fb45","name":"Biblioteca e cultura","image":{"@type":"ImageObject","inLanguage":"it-IT","@id":"https:\/\/comune.santacroce.pi.it\/oldsite\/#\/schema\/person\/image\/","url":"https:\/\/secure.gravatar.com\/avatar\/c9a5002ec801d0b780e779e0d328fe2a?s=96&d=mm&r=g","contentUrl":"https:\/\/secure.gravatar.com\/avatar\/c9a5002ec801d0b780e779e0d328fe2a?s=96&d=mm&r=g","caption":"Biblioteca e cultura"},"url":"https:\/\/comune.santacroce.pi.it\/oldsite\/author\/bibliotecasc\/"}]}},"jetpack_featured_media_url":"https:\/\/comune.santacroce.pi.it\/oldsite\/wp-content\/uploads\/2023\/03\/42dac9c4-1dc2-2caa-3670-33ed0de5185b.jpg","meta_box":{"comunicacity_sync":"1","cc4_urg_colore":"rosso","cc4_urg_data_inizio":"","cc4_urg_data_fine":"","cc4_cor_positivi_oggi":"","cc4_cor_negativizzati_oggi":"","cc4_cor_deceduti_oggi":"","cc4_cor_positivi_totali":"","cc4_cor_negativizzati_totali":"","cc4_cor_deceduti_totali":"","cc4_cor_attualmente_positivi":"","cc4_eve_data_inizio":"","cc4_eve_data_fine":"","cc4_eve_indirizzo":"","cc4_eve_posizione":{"latitude":"0","longitude":"0","zoom":"0"},"cc4_eve_telefono":"","cc4_eve_email":"","cc4_eve_web":"","cc4_eve_fb":""},"_links":{"self":[{"href":"https:\/\/comune.santacroce.pi.it\/oldsite\/wp-json\/wp\/v2\/posts\/21497","targetHints":{"allow":["GET"]}}],"collection":[{"href":"https:\/\/comune.santacroce.pi.it\/oldsite\/wp-json\/wp\/v2\/posts"}],"about":[{"href":"https:\/\/comune.santacroce.pi.it\/oldsite\/wp-json\/wp\/v2\/types\/post"}],"author":[{"embeddable":true,"href":"https:\/\/comune.santacroce.pi.it\/oldsite\/wp-json\/wp\/v2\/users\/18"}],"replies":[{"embeddable":true,"href":"https:\/\/comune.santacroce.pi.it\/oldsite\/wp-json\/wp\/v2\/comments?post=21497"}],"version-history":[{"count":0,"href":"https:\/\/comune.santacroce.pi.it\/oldsite\/wp-json\/wp\/v2\/posts\/21497\/revisions"}],"wp:featuredmedia":[{"embeddable":true,"href":"https:\/\/comune.santacroce.pi.it\/oldsite\/wp-json\/wp\/v2\/media\/21500"}],"wp:attachment":[{"href":"https:\/\/comune.santacroce.pi.it\/oldsite\/wp-json\/wp\/v2\/media?parent=21497"}],"wp:term":[{"taxonomy":"category","embeddable":true,"href":"https:\/\/comune.santacroce.pi.it\/oldsite\/wp-json\/wp\/v2\/categories?post=21497"},{"taxonomy":"post_tag","embeddable":true,"href":"https:\/\/comune.santacroce.pi.it\/oldsite\/wp-json\/wp\/v2\/tags?post=21497"}],"curies":[{"name":"wp","href":"https:\/\/api.w.org\/{rel}","templated":true}]}}