{"id":21374,"date":"2023-02-10T17:00:12","date_gmt":"2023-02-10T16:00:12","guid":{"rendered":"https:\/\/comune.santacroce.pi.it\/oldsite\/?p=21374"},"modified":"2023-02-10T14:03:44","modified_gmt":"2023-02-10T13:03:44","slug":"stagione-di-prosa-venerdi-17-febbraio-quando-saro-capace-di-amare-massini-racconta-a-gaber-al-teatro-verdi-7-spettacolo","status":"publish","type":"post","link":"https:\/\/comune.santacroce.pi.it\/oldsite\/stagione-di-prosa-venerdi-17-febbraio-quando-saro-capace-di-amare-massini-racconta-a-gaber-al-teatro-verdi-7-spettacolo\/","title":{"rendered":"\u201cStagione di prosa\u201d \u2013 Venerd\u00ec 17 Febbraio, \u201cQuando sar\u00f2 capace di amare. Massini racconta a Gaber\u201d al Teatro Verdi \u2013 7\u00b0 spettacolo"},"content":{"rendered":"<figure id=\"attachment_21375\" aria-describedby=\"caption-attachment-21375\" style=\"width: 875px\" class=\"wp-caption aligncenter\"><img loading=\"lazy\" decoding=\"async\" class=\"wp-image-21375 size-large\" src=\"https:\/\/comune.santacroce.pi.it\/oldsite\/wp-content\/uploads\/2023\/02\/MANIFESTO-corto-senza-striscia-rid-1140x1334-1-875x1024.jpg\" alt=\"\" width=\"875\" height=\"1024\" srcset=\"https:\/\/comune.santacroce.pi.it\/oldsite\/wp-content\/uploads\/2023\/02\/MANIFESTO-corto-senza-striscia-rid-1140x1334-1-875x1024.jpg 875w, https:\/\/comune.santacroce.pi.it\/oldsite\/wp-content\/uploads\/2023\/02\/MANIFESTO-corto-senza-striscia-rid-1140x1334-1-256x300.jpg 256w, https:\/\/comune.santacroce.pi.it\/oldsite\/wp-content\/uploads\/2023\/02\/MANIFESTO-corto-senza-striscia-rid-1140x1334-1-768x899.jpg 768w, https:\/\/comune.santacroce.pi.it\/oldsite\/wp-content\/uploads\/2023\/02\/MANIFESTO-corto-senza-striscia-rid-1140x1334-1.jpg 1140w\" sizes=\"auto, (max-width: 875px) 100vw, 875px\" \/><figcaption id=\"caption-attachment-21375\" class=\"wp-caption-text\">7\u00b0 spettacolo della Stagione di Prosa<\/figcaption><\/figure>\n<p><strong><\/p>\n<p>Venerd\u00ec 17 Febbraio, ore 21.00<br \/>\n<\/strong><b>QUANDO SAR\u00d2 CAPACE DI AMARE<br \/>\n<\/b><strong>Massini racconta a Gaber<\/strong><br \/>\ncon <strong>Stefano Massini<\/strong> e l&#8217;<strong>Orchestra Multietnica di Arezzo<\/strong><br \/>\n<em>produzione Sav\u00e0 Produzioni Creative \/ Officine della Cultura \/ Fondazione Giorgio Gaber<\/em><\/p>\n<p><strong>Trama<\/strong><br \/>\nStefano Massini, sul palco assieme all&#8217;Orchestra Multietnica di Arezzo, si propone di raccontare a Gaber storie, personaggi, vicende realmente accadute, incontri e memorie che lo scrittore non avrebbe mai intercettato, se non fossero state attratte dalla calamita delle canzoni del Signor G.<\/p>\n<hr \/>\n<p><strong>INFO E PRENOTAZIONI<\/strong><br \/>\nE&#8217; possibile acquistare i\u00a0 biglietti ancora disponibili sabato 11 Febbraio presso il Teatro Verdi, ore 9.00-12.00, oppure telefonando a Giallo Mare Minimal Teatro tel. 0571\/81629 oppure inviando una mail a <a href=\"mailto:biglietteria@giallomare.it\">biglietteria@giallomare.it<\/a><\/p>\n<p><strong>BIGLIETTI:<\/strong><\/p>\n<p><strong>Platea e palchi 1\u00b0 e 2\u00b0 ordine:<\/strong> intero \u20ac 20 \u2013 ridotto \u20ac 16<\/p>\n<p><strong>Palchi 3\u00b0 ordine:<\/strong> intero \u20ac 15 \u2013 ridotto \u20ac 12<\/p>\n<p>Le <strong>RIDUZIONI<\/strong> sono<\/p>\n<ul>\n<li>per le persone over 65<\/li>\n<li>per i portatori di handicap o di invalidit\u00e0 riconosciute<\/li>\n<li>per i soci ARCI, ACLI, ENDAS, FENALC e AGESCI<\/li>\n<li>per i possessori di &#8220;<em>Carta Giovani<\/em>&#8220;<\/li>\n<li>per i possessori di &#8220;<em>Carta dello Spettatore FTS<\/em>&#8220;<\/li>\n<li>per i <strong>soci Coop<\/strong> \u00e8 prevista la riduzione limitatamente ai posti del 3\u00b0 ordine<\/li>\n<\/ul>\n<p>Per gli studenti universitari possessori della &#8220;<em>Carta dello studente<\/em>&#8221; e per le persone con et\u00e0 inferiore a 35 anni (<em>&#8220;biglietto futuro&#8221;<\/em>) il prezzo del biglietto \u00e8 di \u20ac 8,00.<\/p>\n","protected":false},"excerpt":{"rendered":"<p>Venerd\u00ec 17 Febbraio, ore 21.00 QUANDO SAR\u00d2 CAPACE DI AMARE Massini racconta a Gaber con Stefano Massini e l&#8217;Orchestra Multietnica di Arezzo produzione Sav\u00e0 Produzioni Creative \/ Officine della Cultura [&hellip;]<\/p>\n","protected":false},"author":18,"featured_media":21375,"comment_status":"closed","ping_status":"closed","sticky":false,"template":"","format":"standard","meta":{"footnotes":""},"categories":[154,155],"tags":[],"class_list":["post-21374","post","type-post","status-publish","format-standard","has-post-thumbnail","hentry","category-cultura","category-eventi"],"yoast_head":"<!-- This site is optimized with the Yoast SEO plugin v24.7 - https:\/\/yoast.com\/wordpress\/plugins\/seo\/ -->\n<title>\u201cStagione di prosa\u201d \u2013 Venerd\u00ec 17 Febbraio, \u201cQuando sar\u00f2 capace di amare. Massini racconta a Gaber\u201d al Teatro Verdi \u2013 7\u00b0 spettacolo - Comune di Santa Croce sull&#039;Arno<\/title>\n<meta name=\"description\" content=\"Stefano Massini, sul palco assieme all&#039;Orchestra Multietnica di Arezzo, si propone di raccontare a Gaber storie, personaggi, vicende realmente accadute, incontri e memorie che lo scrittore non avrebbe mai intercettato, se non fossero state attratte dalla calamita delle canzoni del Signor G.\" \/>\n<meta name=\"robots\" content=\"index, follow, max-snippet:-1, max-image-preview:large, max-video-preview:-1\" \/>\n<link rel=\"canonical\" href=\"https:\/\/comune.santacroce.pi.it\/oldsite\/stagione-di-prosa-venerdi-17-febbraio-quando-saro-capace-di-amare-massini-racconta-a-gaber-al-teatro-verdi-7-spettacolo\/\" \/>\n<meta property=\"og:locale\" content=\"it_IT\" \/>\n<meta property=\"og:type\" content=\"article\" \/>\n<meta property=\"og:title\" content=\"\u201cStagione di prosa\u201d \u2013 Venerd\u00ec 17 Febbraio, \u201cQuando sar\u00f2 capace di amare. Massini racconta a Gaber\u201d al Teatro Verdi \u2013 7\u00b0 spettacolo - Comune di Santa Croce sull&#039;Arno\" \/>\n<meta property=\"og:description\" content=\"Stefano Massini, sul palco assieme all&#039;Orchestra Multietnica di Arezzo, si propone di raccontare a Gaber storie, personaggi, vicende realmente accadute, incontri e memorie che lo scrittore non avrebbe mai intercettato, se non fossero state attratte dalla calamita delle canzoni del Signor G.\" \/>\n<meta property=\"og:url\" content=\"https:\/\/comune.santacroce.pi.it\/oldsite\/stagione-di-prosa-venerdi-17-febbraio-quando-saro-capace-di-amare-massini-racconta-a-gaber-al-teatro-verdi-7-spettacolo\/\" \/>\n<meta property=\"og:site_name\" content=\"Comune di Santa Croce sull&#039;Arno\" \/>\n<meta property=\"article:published_time\" content=\"2023-02-10T16:00:12+00:00\" \/>\n<meta property=\"og:image\" content=\"https:\/\/comune.santacroce.pi.it\/oldsite\/wp-content\/uploads\/2023\/02\/MANIFESTO-corto-senza-striscia-rid-1140x1334-1.jpg\" \/>\n\t<meta property=\"og:image:width\" content=\"1140\" \/>\n\t<meta property=\"og:image:height\" content=\"1334\" \/>\n\t<meta property=\"og:image:type\" content=\"image\/jpeg\" \/>\n<meta name=\"author\" content=\"Biblioteca e cultura\" \/>\n<meta name=\"twitter:card\" content=\"summary_large_image\" \/>\n<meta name=\"twitter:label1\" content=\"Scritto da\" \/>\n\t<meta name=\"twitter:data1\" content=\"Biblioteca e cultura\" \/>\n\t<meta name=\"twitter:label2\" content=\"Tempo di lettura stimato\" \/>\n\t<meta name=\"twitter:data2\" content=\"2 minuti\" \/>\n<script type=\"application\/ld+json\" class=\"yoast-schema-graph\">{\"@context\":\"https:\/\/schema.org\",\"@graph\":[{\"@type\":\"Article\",\"@id\":\"https:\/\/comune.santacroce.pi.it\/oldsite\/stagione-di-prosa-venerdi-17-febbraio-quando-saro-capace-di-amare-massini-racconta-a-gaber-al-teatro-verdi-7-spettacolo\/#article\",\"isPartOf\":{\"@id\":\"https:\/\/comune.santacroce.pi.it\/oldsite\/stagione-di-prosa-venerdi-17-febbraio-quando-saro-capace-di-amare-massini-racconta-a-gaber-al-teatro-verdi-7-spettacolo\/\"},\"author\":{\"name\":\"Biblioteca e cultura\",\"@id\":\"https:\/\/comune.santacroce.pi.it\/oldsite\/#\/schema\/person\/77e3693e7d02c5835b2dd82778f7fb45\"},\"headline\":\"\u201cStagione di prosa\u201d \u2013 Venerd\u00ec 17 Febbraio, \u201cQuando sar\u00f2 capace di amare. Massini racconta a Gaber\u201d al Teatro Verdi \u2013 7\u00b0 spettacolo\",\"datePublished\":\"2023-02-10T16:00:12+00:00\",\"mainEntityOfPage\":{\"@id\":\"https:\/\/comune.santacroce.pi.it\/oldsite\/stagione-di-prosa-venerdi-17-febbraio-quando-saro-capace-di-amare-massini-racconta-a-gaber-al-teatro-verdi-7-spettacolo\/\"},\"wordCount\":227,\"publisher\":{\"@id\":\"https:\/\/comune.santacroce.pi.it\/oldsite\/#organization\"},\"image\":{\"@id\":\"https:\/\/comune.santacroce.pi.it\/oldsite\/stagione-di-prosa-venerdi-17-febbraio-quando-saro-capace-di-amare-massini-racconta-a-gaber-al-teatro-verdi-7-spettacolo\/#primaryimage\"},\"thumbnailUrl\":\"https:\/\/comune.santacroce.pi.it\/oldsite\/wp-content\/uploads\/2023\/02\/MANIFESTO-corto-senza-striscia-rid-1140x1334-1.jpg\",\"articleSection\":[\"Cultura\",\"Eventi\"],\"inLanguage\":\"it-IT\"},{\"@type\":\"WebPage\",\"@id\":\"https:\/\/comune.santacroce.pi.it\/oldsite\/stagione-di-prosa-venerdi-17-febbraio-quando-saro-capace-di-amare-massini-racconta-a-gaber-al-teatro-verdi-7-spettacolo\/\",\"url\":\"https:\/\/comune.santacroce.pi.it\/oldsite\/stagione-di-prosa-venerdi-17-febbraio-quando-saro-capace-di-amare-massini-racconta-a-gaber-al-teatro-verdi-7-spettacolo\/\",\"name\":\"\u201cStagione di prosa\u201d \u2013 Venerd\u00ec 17 Febbraio, \u201cQuando sar\u00f2 capace di amare. Massini racconta a Gaber\u201d al Teatro Verdi \u2013 7\u00b0 spettacolo - Comune di Santa Croce sull&#039;Arno\",\"isPartOf\":{\"@id\":\"https:\/\/comune.santacroce.pi.it\/oldsite\/#website\"},\"primaryImageOfPage\":{\"@id\":\"https:\/\/comune.santacroce.pi.it\/oldsite\/stagione-di-prosa-venerdi-17-febbraio-quando-saro-capace-di-amare-massini-racconta-a-gaber-al-teatro-verdi-7-spettacolo\/#primaryimage\"},\"image\":{\"@id\":\"https:\/\/comune.santacroce.pi.it\/oldsite\/stagione-di-prosa-venerdi-17-febbraio-quando-saro-capace-di-amare-massini-racconta-a-gaber-al-teatro-verdi-7-spettacolo\/#primaryimage\"},\"thumbnailUrl\":\"https:\/\/comune.santacroce.pi.it\/oldsite\/wp-content\/uploads\/2023\/02\/MANIFESTO-corto-senza-striscia-rid-1140x1334-1.jpg\",\"datePublished\":\"2023-02-10T16:00:12+00:00\",\"description\":\"Stefano Massini, sul palco assieme all'Orchestra Multietnica di Arezzo, si propone di raccontare a Gaber storie, personaggi, vicende realmente accadute, incontri e memorie che lo scrittore non avrebbe mai intercettato, se non fossero state attratte dalla calamita delle canzoni del Signor G.\",\"breadcrumb\":{\"@id\":\"https:\/\/comune.santacroce.pi.it\/oldsite\/stagione-di-prosa-venerdi-17-febbraio-quando-saro-capace-di-amare-massini-racconta-a-gaber-al-teatro-verdi-7-spettacolo\/#breadcrumb\"},\"inLanguage\":\"it-IT\",\"potentialAction\":[{\"@type\":\"ReadAction\",\"target\":[\"https:\/\/comune.santacroce.pi.it\/oldsite\/stagione-di-prosa-venerdi-17-febbraio-quando-saro-capace-di-amare-massini-racconta-a-gaber-al-teatro-verdi-7-spettacolo\/\"]}]},{\"@type\":\"ImageObject\",\"inLanguage\":\"it-IT\",\"@id\":\"https:\/\/comune.santacroce.pi.it\/oldsite\/stagione-di-prosa-venerdi-17-febbraio-quando-saro-capace-di-amare-massini-racconta-a-gaber-al-teatro-verdi-7-spettacolo\/#primaryimage\",\"url\":\"https:\/\/comune.santacroce.pi.it\/oldsite\/wp-content\/uploads\/2023\/02\/MANIFESTO-corto-senza-striscia-rid-1140x1334-1.jpg\",\"contentUrl\":\"https:\/\/comune.santacroce.pi.it\/oldsite\/wp-content\/uploads\/2023\/02\/MANIFESTO-corto-senza-striscia-rid-1140x1334-1.jpg\",\"width\":1140,\"height\":1334,\"caption\":\"7\u00b0 spettacolo della Stagione di Prosa\"},{\"@type\":\"BreadcrumbList\",\"@id\":\"https:\/\/comune.santacroce.pi.it\/oldsite\/stagione-di-prosa-venerdi-17-febbraio-quando-saro-capace-di-amare-massini-racconta-a-gaber-al-teatro-verdi-7-spettacolo\/#breadcrumb\",\"itemListElement\":[{\"@type\":\"ListItem\",\"position\":1,\"name\":\"Home\",\"item\":\"https:\/\/comune.santacroce.pi.it\/oldsite\/\"},{\"@type\":\"ListItem\",\"position\":2,\"name\":\"\u201cStagione di prosa\u201d \u2013 Venerd\u00ec 17 Febbraio, \u201cQuando sar\u00f2 capace di amare. Massini racconta a Gaber\u201d al Teatro Verdi \u2013 7\u00b0 spettacolo\"}]},{\"@type\":\"WebSite\",\"@id\":\"https:\/\/comune.santacroce.pi.it\/oldsite\/#website\",\"url\":\"https:\/\/comune.santacroce.pi.it\/oldsite\/\",\"name\":\"Comune di Santa Croce sull&#039;Arno\",\"description\":\"Provincia di Pisa\",\"publisher\":{\"@id\":\"https:\/\/comune.santacroce.pi.it\/oldsite\/#organization\"},\"potentialAction\":[{\"@type\":\"SearchAction\",\"target\":{\"@type\":\"EntryPoint\",\"urlTemplate\":\"https:\/\/comune.santacroce.pi.it\/oldsite\/?s={search_term_string}\"},\"query-input\":{\"@type\":\"PropertyValueSpecification\",\"valueRequired\":true,\"valueName\":\"search_term_string\"}}],\"inLanguage\":\"it-IT\"},{\"@type\":\"Organization\",\"@id\":\"https:\/\/comune.santacroce.pi.it\/oldsite\/#organization\",\"name\":\"Comune di Santa Croce sull'Arno\",\"url\":\"https:\/\/comune.santacroce.pi.it\/oldsite\/\",\"logo\":{\"@type\":\"ImageObject\",\"inLanguage\":\"it-IT\",\"@id\":\"https:\/\/comune.santacroce.pi.it\/oldsite\/#\/schema\/logo\/image\/\",\"url\":\"https:\/\/comune.santacroce.pi.it\/oldsite\/wp-content\/uploads\/2021\/02\/cropped-Stemma-Santa-Croce-dellArno_500-1.png\",\"contentUrl\":\"https:\/\/comune.santacroce.pi.it\/oldsite\/wp-content\/uploads\/2021\/02\/cropped-Stemma-Santa-Croce-dellArno_500-1.png\",\"width\":500,\"height\":500,\"caption\":\"Comune di Santa Croce sull'Arno\"},\"image\":{\"@id\":\"https:\/\/comune.santacroce.pi.it\/oldsite\/#\/schema\/logo\/image\/\"}},{\"@type\":\"Person\",\"@id\":\"https:\/\/comune.santacroce.pi.it\/oldsite\/#\/schema\/person\/77e3693e7d02c5835b2dd82778f7fb45\",\"name\":\"Biblioteca e cultura\",\"image\":{\"@type\":\"ImageObject\",\"inLanguage\":\"it-IT\",\"@id\":\"https:\/\/comune.santacroce.pi.it\/oldsite\/#\/schema\/person\/image\/\",\"url\":\"https:\/\/secure.gravatar.com\/avatar\/c9a5002ec801d0b780e779e0d328fe2a?s=96&d=mm&r=g\",\"contentUrl\":\"https:\/\/secure.gravatar.com\/avatar\/c9a5002ec801d0b780e779e0d328fe2a?s=96&d=mm&r=g\",\"caption\":\"Biblioteca e cultura\"},\"url\":\"https:\/\/comune.santacroce.pi.it\/oldsite\/author\/bibliotecasc\/\"}]}<\/script>\n<!-- \/ Yoast SEO plugin. -->","yoast_head_json":{"title":"\u201cStagione di prosa\u201d \u2013 Venerd\u00ec 17 Febbraio, \u201cQuando sar\u00f2 capace di amare. Massini racconta a Gaber\u201d al Teatro Verdi \u2013 7\u00b0 spettacolo - Comune di Santa Croce sull&#039;Arno","description":"Stefano Massini, sul palco assieme all'Orchestra Multietnica di Arezzo, si propone di raccontare a Gaber storie, personaggi, vicende realmente accadute, incontri e memorie che lo scrittore non avrebbe mai intercettato, se non fossero state attratte dalla calamita delle canzoni del Signor G.","robots":{"index":"index","follow":"follow","max-snippet":"max-snippet:-1","max-image-preview":"max-image-preview:large","max-video-preview":"max-video-preview:-1"},"canonical":"https:\/\/comune.santacroce.pi.it\/oldsite\/stagione-di-prosa-venerdi-17-febbraio-quando-saro-capace-di-amare-massini-racconta-a-gaber-al-teatro-verdi-7-spettacolo\/","og_locale":"it_IT","og_type":"article","og_title":"\u201cStagione di prosa\u201d \u2013 Venerd\u00ec 17 Febbraio, \u201cQuando sar\u00f2 capace di amare. Massini racconta a Gaber\u201d al Teatro Verdi \u2013 7\u00b0 spettacolo - Comune di Santa Croce sull&#039;Arno","og_description":"Stefano Massini, sul palco assieme all'Orchestra Multietnica di Arezzo, si propone di raccontare a Gaber storie, personaggi, vicende realmente accadute, incontri e memorie che lo scrittore non avrebbe mai intercettato, se non fossero state attratte dalla calamita delle canzoni del Signor G.","og_url":"https:\/\/comune.santacroce.pi.it\/oldsite\/stagione-di-prosa-venerdi-17-febbraio-quando-saro-capace-di-amare-massini-racconta-a-gaber-al-teatro-verdi-7-spettacolo\/","og_site_name":"Comune di Santa Croce sull&#039;Arno","article_published_time":"2023-02-10T16:00:12+00:00","og_image":[{"width":1140,"height":1334,"url":"https:\/\/comune.santacroce.pi.it\/oldsite\/wp-content\/uploads\/2023\/02\/MANIFESTO-corto-senza-striscia-rid-1140x1334-1.jpg","type":"image\/jpeg"}],"author":"Biblioteca e cultura","twitter_card":"summary_large_image","twitter_misc":{"Scritto da":"Biblioteca e cultura","Tempo di lettura stimato":"2 minuti"},"schema":{"@context":"https:\/\/schema.org","@graph":[{"@type":"Article","@id":"https:\/\/comune.santacroce.pi.it\/oldsite\/stagione-di-prosa-venerdi-17-febbraio-quando-saro-capace-di-amare-massini-racconta-a-gaber-al-teatro-verdi-7-spettacolo\/#article","isPartOf":{"@id":"https:\/\/comune.santacroce.pi.it\/oldsite\/stagione-di-prosa-venerdi-17-febbraio-quando-saro-capace-di-amare-massini-racconta-a-gaber-al-teatro-verdi-7-spettacolo\/"},"author":{"name":"Biblioteca e cultura","@id":"https:\/\/comune.santacroce.pi.it\/oldsite\/#\/schema\/person\/77e3693e7d02c5835b2dd82778f7fb45"},"headline":"\u201cStagione di prosa\u201d \u2013 Venerd\u00ec 17 Febbraio, \u201cQuando sar\u00f2 capace di amare. Massini racconta a Gaber\u201d al Teatro Verdi \u2013 7\u00b0 spettacolo","datePublished":"2023-02-10T16:00:12+00:00","mainEntityOfPage":{"@id":"https:\/\/comune.santacroce.pi.it\/oldsite\/stagione-di-prosa-venerdi-17-febbraio-quando-saro-capace-di-amare-massini-racconta-a-gaber-al-teatro-verdi-7-spettacolo\/"},"wordCount":227,"publisher":{"@id":"https:\/\/comune.santacroce.pi.it\/oldsite\/#organization"},"image":{"@id":"https:\/\/comune.santacroce.pi.it\/oldsite\/stagione-di-prosa-venerdi-17-febbraio-quando-saro-capace-di-amare-massini-racconta-a-gaber-al-teatro-verdi-7-spettacolo\/#primaryimage"},"thumbnailUrl":"https:\/\/comune.santacroce.pi.it\/oldsite\/wp-content\/uploads\/2023\/02\/MANIFESTO-corto-senza-striscia-rid-1140x1334-1.jpg","articleSection":["Cultura","Eventi"],"inLanguage":"it-IT"},{"@type":"WebPage","@id":"https:\/\/comune.santacroce.pi.it\/oldsite\/stagione-di-prosa-venerdi-17-febbraio-quando-saro-capace-di-amare-massini-racconta-a-gaber-al-teatro-verdi-7-spettacolo\/","url":"https:\/\/comune.santacroce.pi.it\/oldsite\/stagione-di-prosa-venerdi-17-febbraio-quando-saro-capace-di-amare-massini-racconta-a-gaber-al-teatro-verdi-7-spettacolo\/","name":"\u201cStagione di prosa\u201d \u2013 Venerd\u00ec 17 Febbraio, \u201cQuando sar\u00f2 capace di amare. Massini racconta a Gaber\u201d al Teatro Verdi \u2013 7\u00b0 spettacolo - Comune di Santa Croce sull&#039;Arno","isPartOf":{"@id":"https:\/\/comune.santacroce.pi.it\/oldsite\/#website"},"primaryImageOfPage":{"@id":"https:\/\/comune.santacroce.pi.it\/oldsite\/stagione-di-prosa-venerdi-17-febbraio-quando-saro-capace-di-amare-massini-racconta-a-gaber-al-teatro-verdi-7-spettacolo\/#primaryimage"},"image":{"@id":"https:\/\/comune.santacroce.pi.it\/oldsite\/stagione-di-prosa-venerdi-17-febbraio-quando-saro-capace-di-amare-massini-racconta-a-gaber-al-teatro-verdi-7-spettacolo\/#primaryimage"},"thumbnailUrl":"https:\/\/comune.santacroce.pi.it\/oldsite\/wp-content\/uploads\/2023\/02\/MANIFESTO-corto-senza-striscia-rid-1140x1334-1.jpg","datePublished":"2023-02-10T16:00:12+00:00","description":"Stefano Massini, sul palco assieme all'Orchestra Multietnica di Arezzo, si propone di raccontare a Gaber storie, personaggi, vicende realmente accadute, incontri e memorie che lo scrittore non avrebbe mai intercettato, se non fossero state attratte dalla calamita delle canzoni del Signor G.","breadcrumb":{"@id":"https:\/\/comune.santacroce.pi.it\/oldsite\/stagione-di-prosa-venerdi-17-febbraio-quando-saro-capace-di-amare-massini-racconta-a-gaber-al-teatro-verdi-7-spettacolo\/#breadcrumb"},"inLanguage":"it-IT","potentialAction":[{"@type":"ReadAction","target":["https:\/\/comune.santacroce.pi.it\/oldsite\/stagione-di-prosa-venerdi-17-febbraio-quando-saro-capace-di-amare-massini-racconta-a-gaber-al-teatro-verdi-7-spettacolo\/"]}]},{"@type":"ImageObject","inLanguage":"it-IT","@id":"https:\/\/comune.santacroce.pi.it\/oldsite\/stagione-di-prosa-venerdi-17-febbraio-quando-saro-capace-di-amare-massini-racconta-a-gaber-al-teatro-verdi-7-spettacolo\/#primaryimage","url":"https:\/\/comune.santacroce.pi.it\/oldsite\/wp-content\/uploads\/2023\/02\/MANIFESTO-corto-senza-striscia-rid-1140x1334-1.jpg","contentUrl":"https:\/\/comune.santacroce.pi.it\/oldsite\/wp-content\/uploads\/2023\/02\/MANIFESTO-corto-senza-striscia-rid-1140x1334-1.jpg","width":1140,"height":1334,"caption":"7\u00b0 spettacolo della Stagione di Prosa"},{"@type":"BreadcrumbList","@id":"https:\/\/comune.santacroce.pi.it\/oldsite\/stagione-di-prosa-venerdi-17-febbraio-quando-saro-capace-di-amare-massini-racconta-a-gaber-al-teatro-verdi-7-spettacolo\/#breadcrumb","itemListElement":[{"@type":"ListItem","position":1,"name":"Home","item":"https:\/\/comune.santacroce.pi.it\/oldsite\/"},{"@type":"ListItem","position":2,"name":"\u201cStagione di prosa\u201d \u2013 Venerd\u00ec 17 Febbraio, \u201cQuando sar\u00f2 capace di amare. Massini racconta a Gaber\u201d al Teatro Verdi \u2013 7\u00b0 spettacolo"}]},{"@type":"WebSite","@id":"https:\/\/comune.santacroce.pi.it\/oldsite\/#website","url":"https:\/\/comune.santacroce.pi.it\/oldsite\/","name":"Comune di Santa Croce sull&#039;Arno","description":"Provincia di Pisa","publisher":{"@id":"https:\/\/comune.santacroce.pi.it\/oldsite\/#organization"},"potentialAction":[{"@type":"SearchAction","target":{"@type":"EntryPoint","urlTemplate":"https:\/\/comune.santacroce.pi.it\/oldsite\/?s={search_term_string}"},"query-input":{"@type":"PropertyValueSpecification","valueRequired":true,"valueName":"search_term_string"}}],"inLanguage":"it-IT"},{"@type":"Organization","@id":"https:\/\/comune.santacroce.pi.it\/oldsite\/#organization","name":"Comune di Santa Croce sull'Arno","url":"https:\/\/comune.santacroce.pi.it\/oldsite\/","logo":{"@type":"ImageObject","inLanguage":"it-IT","@id":"https:\/\/comune.santacroce.pi.it\/oldsite\/#\/schema\/logo\/image\/","url":"https:\/\/comune.santacroce.pi.it\/oldsite\/wp-content\/uploads\/2021\/02\/cropped-Stemma-Santa-Croce-dellArno_500-1.png","contentUrl":"https:\/\/comune.santacroce.pi.it\/oldsite\/wp-content\/uploads\/2021\/02\/cropped-Stemma-Santa-Croce-dellArno_500-1.png","width":500,"height":500,"caption":"Comune di Santa Croce sull'Arno"},"image":{"@id":"https:\/\/comune.santacroce.pi.it\/oldsite\/#\/schema\/logo\/image\/"}},{"@type":"Person","@id":"https:\/\/comune.santacroce.pi.it\/oldsite\/#\/schema\/person\/77e3693e7d02c5835b2dd82778f7fb45","name":"Biblioteca e cultura","image":{"@type":"ImageObject","inLanguage":"it-IT","@id":"https:\/\/comune.santacroce.pi.it\/oldsite\/#\/schema\/person\/image\/","url":"https:\/\/secure.gravatar.com\/avatar\/c9a5002ec801d0b780e779e0d328fe2a?s=96&d=mm&r=g","contentUrl":"https:\/\/secure.gravatar.com\/avatar\/c9a5002ec801d0b780e779e0d328fe2a?s=96&d=mm&r=g","caption":"Biblioteca e cultura"},"url":"https:\/\/comune.santacroce.pi.it\/oldsite\/author\/bibliotecasc\/"}]}},"jetpack_featured_media_url":"https:\/\/comune.santacroce.pi.it\/oldsite\/wp-content\/uploads\/2023\/02\/MANIFESTO-corto-senza-striscia-rid-1140x1334-1.jpg","meta_box":{"comunicacity_sync":"1","cc4_urg_colore":"rosso","cc4_urg_data_inizio":"","cc4_urg_data_fine":"","cc4_cor_positivi_oggi":"","cc4_cor_negativizzati_oggi":"","cc4_cor_deceduti_oggi":"","cc4_cor_positivi_totali":"","cc4_cor_negativizzati_totali":"","cc4_cor_deceduti_totali":"","cc4_cor_attualmente_positivi":"","cc4_eve_data_inizio":"","cc4_eve_data_fine":"","cc4_eve_indirizzo":"","cc4_eve_posizione":{"latitude":"0","longitude":"0","zoom":"0"},"cc4_eve_telefono":"","cc4_eve_email":"","cc4_eve_web":"","cc4_eve_fb":""},"_links":{"self":[{"href":"https:\/\/comune.santacroce.pi.it\/oldsite\/wp-json\/wp\/v2\/posts\/21374","targetHints":{"allow":["GET"]}}],"collection":[{"href":"https:\/\/comune.santacroce.pi.it\/oldsite\/wp-json\/wp\/v2\/posts"}],"about":[{"href":"https:\/\/comune.santacroce.pi.it\/oldsite\/wp-json\/wp\/v2\/types\/post"}],"author":[{"embeddable":true,"href":"https:\/\/comune.santacroce.pi.it\/oldsite\/wp-json\/wp\/v2\/users\/18"}],"replies":[{"embeddable":true,"href":"https:\/\/comune.santacroce.pi.it\/oldsite\/wp-json\/wp\/v2\/comments?post=21374"}],"version-history":[{"count":0,"href":"https:\/\/comune.santacroce.pi.it\/oldsite\/wp-json\/wp\/v2\/posts\/21374\/revisions"}],"wp:featuredmedia":[{"embeddable":true,"href":"https:\/\/comune.santacroce.pi.it\/oldsite\/wp-json\/wp\/v2\/media\/21375"}],"wp:attachment":[{"href":"https:\/\/comune.santacroce.pi.it\/oldsite\/wp-json\/wp\/v2\/media?parent=21374"}],"wp:term":[{"taxonomy":"category","embeddable":true,"href":"https:\/\/comune.santacroce.pi.it\/oldsite\/wp-json\/wp\/v2\/categories?post=21374"},{"taxonomy":"post_tag","embeddable":true,"href":"https:\/\/comune.santacroce.pi.it\/oldsite\/wp-json\/wp\/v2\/tags?post=21374"}],"curies":[{"name":"wp","href":"https:\/\/api.w.org\/{rel}","templated":true}]}}