{"id":21233,"date":"2023-01-01T14:00:30","date_gmt":"2023-01-01T13:00:30","guid":{"rendered":"https:\/\/comune.santacroce.pi.it\/oldsite\/?p=21233"},"modified":"2023-01-11T11:11:55","modified_gmt":"2023-01-11T10:11:55","slug":"aspettando-la-befana-a-teatro-al-teatro-verdi-venerdi-6-gennaio","status":"publish","type":"post","link":"https:\/\/comune.santacroce.pi.it\/oldsite\/aspettando-la-befana-a-teatro-al-teatro-verdi-venerdi-6-gennaio\/","title":{"rendered":"Aspettando &#8220;La befana a Teatro&#8221; al Teatro Verdi Venerd\u00ec 6 Gennaio"},"content":{"rendered":"<p><img loading=\"lazy\" decoding=\"async\" class=\"alignnone wp-image-21234 size-full\" src=\"https:\/\/comune.santacroce.pi.it\/oldsite\/wp-content\/uploads\/2022\/12\/318083065_6307814524456_3915521173464910673_n-1.jpg\" alt=\"\" width=\"526\" height=\"526\" srcset=\"https:\/\/comune.santacroce.pi.it\/oldsite\/wp-content\/uploads\/2022\/12\/318083065_6307814524456_3915521173464910673_n-1.jpg 526w, https:\/\/comune.santacroce.pi.it\/oldsite\/wp-content\/uploads\/2022\/12\/318083065_6307814524456_3915521173464910673_n-1-300x300.jpg 300w, https:\/\/comune.santacroce.pi.it\/oldsite\/wp-content\/uploads\/2022\/12\/318083065_6307814524456_3915521173464910673_n-1-150x150.jpg 150w\" sizes=\"auto, (max-width: 526px) 100vw, 526px\" \/><\/p>\n<p><strong><br \/>\nVenerd\u00ec 6 Gennaio 2023<br \/>\nore 17.00<\/strong><br \/>\n<em>CircoRibalta e Giallo Mare Minimal Teatro<\/em><br \/>\n<strong>LA BEFANA A TEATRO<\/strong><br \/>\ndi e con Lorenzo Cecchi<br \/>\net\u00e0 consigliata: 4-10 anni<br \/>\nTecnica utilizzata: magia, giocoleria e bolle di sapone<\/p>\n<p><strong>Trama<\/strong><br \/>\nTeatro, spettacolo di magia, giocoleria comica e bolle di sapone, di fumo e di fuoco. Tra risate e grida di meraviglia chiss\u00e0 che la vecchietta pi\u00f9 famosa del mondo non si faccia vedere. Il Clown del Circoribalta ce la metter\u00e0 tutta per farla scendere dalla scopa&#8230; ci riuscir\u00e0?<\/p>\n<hr \/>\n<p><span style=\"color: #0000ff\"><strong>A tutti i bambini e le bambine sar\u00e0 regalata una bellissima calza!<\/strong><\/span><\/p>\n<p><em>La biglietteria del teatro \u00e8 aperta nei giorni di spettacolo mezz\u2019ora prima dell\u2019inizio.<\/em><\/p>\n<p><strong>Biglietti<\/strong><br \/>\nPer questa edizione <strong>ingresso gratuito per i primi 30 bambini<\/strong> che arrivano accompagnati dai genitori (gli adulti pagano ingresso).<br \/>\n<strong>Bambini \u20ac 3<\/strong><br \/>\n<strong>Adulti \u20ac 4,5<\/strong><\/p>\n<p><strong>info<\/strong><br \/>\n<a href=\"https:\/\/www.facebook.com\/giallo.teatro\">Giallo Mare Minimal Teatro<\/a><br \/>\ntel. 0571 81629 &#8211; 0571 83758<br \/>\n<a href=\"mailto:info@giallomare.it\">info@giallomare.it<\/a> oppure <a href=\"mailto:biglietteria@giallomare.it\">biglietteria@giallomare.it<\/a><\/p>\n","protected":false},"excerpt":{"rendered":"<p>Venerd\u00ec 6 Gennaio 2023 ore 17.00 CircoRibalta e Giallo Mare Minimal Teatro LA BEFANA A TEATRO di e con Lorenzo Cecchi et\u00e0 consigliata: 4-10 anni Tecnica utilizzata: magia, giocoleria e [&hellip;]<\/p>\n","protected":false},"author":18,"featured_media":21234,"comment_status":"closed","ping_status":"closed","sticky":false,"template":"","format":"standard","meta":{"footnotes":""},"categories":[154,155],"tags":[],"class_list":["post-21233","post","type-post","status-publish","format-standard","has-post-thumbnail","hentry","category-cultura","category-eventi"],"yoast_head":"<!-- This site is optimized with the Yoast SEO plugin v24.7 - https:\/\/yoast.com\/wordpress\/plugins\/seo\/ -->\n<title>Aspettando &quot;La befana a Teatro&quot; al Teatro Verdi Venerd\u00ec 6 Gennaio - Comune di Santa Croce sull&#039;Arno<\/title>\n<meta name=\"description\" content=\"Al Teatro Verdi di Santa Croce sull\u2019Arno il Baule dei sogni venerd\u00ec 6 gennaio alle 17.00 propone La befana a teatro con Lorenzo Cecchi\" \/>\n<meta name=\"robots\" content=\"index, follow, max-snippet:-1, max-image-preview:large, max-video-preview:-1\" \/>\n<link rel=\"canonical\" href=\"https:\/\/comune.santacroce.pi.it\/oldsite\/aspettando-la-befana-a-teatro-al-teatro-verdi-venerdi-6-gennaio\/\" \/>\n<meta property=\"og:locale\" content=\"it_IT\" \/>\n<meta property=\"og:type\" content=\"article\" \/>\n<meta property=\"og:title\" content=\"Aspettando &quot;La befana a Teatro&quot; al Teatro Verdi Venerd\u00ec 6 Gennaio - Comune di Santa Croce sull&#039;Arno\" \/>\n<meta property=\"og:description\" content=\"Al Teatro Verdi di Santa Croce sull\u2019Arno il Baule dei sogni venerd\u00ec 6 gennaio alle 17.00 propone La befana a teatro con Lorenzo Cecchi\" \/>\n<meta property=\"og:url\" content=\"https:\/\/comune.santacroce.pi.it\/oldsite\/aspettando-la-befana-a-teatro-al-teatro-verdi-venerdi-6-gennaio\/\" \/>\n<meta property=\"og:site_name\" content=\"Comune di Santa Croce sull&#039;Arno\" \/>\n<meta property=\"article:published_time\" content=\"2023-01-01T13:00:30+00:00\" \/>\n<meta property=\"article:modified_time\" content=\"2023-01-11T10:11:55+00:00\" \/>\n<meta property=\"og:image\" content=\"https:\/\/comune.santacroce.pi.it\/oldsite\/wp-content\/uploads\/2022\/12\/318083065_6307814524456_3915521173464910673_n-1.jpg\" \/>\n\t<meta property=\"og:image:width\" content=\"526\" \/>\n\t<meta property=\"og:image:height\" content=\"526\" \/>\n\t<meta property=\"og:image:type\" content=\"image\/jpeg\" \/>\n<meta name=\"author\" content=\"Biblioteca e cultura\" \/>\n<meta name=\"twitter:card\" content=\"summary_large_image\" \/>\n<meta name=\"twitter:label1\" content=\"Scritto da\" \/>\n\t<meta name=\"twitter:data1\" content=\"Biblioteca e cultura\" \/>\n\t<meta name=\"twitter:label2\" content=\"Tempo di lettura stimato\" \/>\n\t<meta name=\"twitter:data2\" content=\"1 minuto\" \/>\n<script type=\"application\/ld+json\" class=\"yoast-schema-graph\">{\"@context\":\"https:\/\/schema.org\",\"@graph\":[{\"@type\":\"Article\",\"@id\":\"https:\/\/comune.santacroce.pi.it\/oldsite\/aspettando-la-befana-a-teatro-al-teatro-verdi-venerdi-6-gennaio\/#article\",\"isPartOf\":{\"@id\":\"https:\/\/comune.santacroce.pi.it\/oldsite\/aspettando-la-befana-a-teatro-al-teatro-verdi-venerdi-6-gennaio\/\"},\"author\":{\"name\":\"Biblioteca e cultura\",\"@id\":\"https:\/\/comune.santacroce.pi.it\/oldsite\/#\/schema\/person\/77e3693e7d02c5835b2dd82778f7fb45\"},\"headline\":\"Aspettando &#8220;La befana a Teatro&#8221; al Teatro Verdi Venerd\u00ec 6 Gennaio\",\"datePublished\":\"2023-01-01T13:00:30+00:00\",\"dateModified\":\"2023-01-11T10:11:55+00:00\",\"mainEntityOfPage\":{\"@id\":\"https:\/\/comune.santacroce.pi.it\/oldsite\/aspettando-la-befana-a-teatro-al-teatro-verdi-venerdi-6-gennaio\/\"},\"wordCount\":150,\"publisher\":{\"@id\":\"https:\/\/comune.santacroce.pi.it\/oldsite\/#organization\"},\"image\":{\"@id\":\"https:\/\/comune.santacroce.pi.it\/oldsite\/aspettando-la-befana-a-teatro-al-teatro-verdi-venerdi-6-gennaio\/#primaryimage\"},\"thumbnailUrl\":\"https:\/\/comune.santacroce.pi.it\/oldsite\/wp-content\/uploads\/2022\/12\/318083065_6307814524456_3915521173464910673_n-1.jpg\",\"articleSection\":[\"Cultura\",\"Eventi\"],\"inLanguage\":\"it-IT\"},{\"@type\":\"WebPage\",\"@id\":\"https:\/\/comune.santacroce.pi.it\/oldsite\/aspettando-la-befana-a-teatro-al-teatro-verdi-venerdi-6-gennaio\/\",\"url\":\"https:\/\/comune.santacroce.pi.it\/oldsite\/aspettando-la-befana-a-teatro-al-teatro-verdi-venerdi-6-gennaio\/\",\"name\":\"Aspettando \\\"La befana a Teatro\\\" al Teatro Verdi Venerd\u00ec 6 Gennaio - Comune di Santa Croce sull&#039;Arno\",\"isPartOf\":{\"@id\":\"https:\/\/comune.santacroce.pi.it\/oldsite\/#website\"},\"primaryImageOfPage\":{\"@id\":\"https:\/\/comune.santacroce.pi.it\/oldsite\/aspettando-la-befana-a-teatro-al-teatro-verdi-venerdi-6-gennaio\/#primaryimage\"},\"image\":{\"@id\":\"https:\/\/comune.santacroce.pi.it\/oldsite\/aspettando-la-befana-a-teatro-al-teatro-verdi-venerdi-6-gennaio\/#primaryimage\"},\"thumbnailUrl\":\"https:\/\/comune.santacroce.pi.it\/oldsite\/wp-content\/uploads\/2022\/12\/318083065_6307814524456_3915521173464910673_n-1.jpg\",\"datePublished\":\"2023-01-01T13:00:30+00:00\",\"dateModified\":\"2023-01-11T10:11:55+00:00\",\"description\":\"Al Teatro Verdi di Santa Croce sull\u2019Arno il Baule dei sogni venerd\u00ec 6 gennaio alle 17.00 propone La befana a teatro con Lorenzo Cecchi\",\"breadcrumb\":{\"@id\":\"https:\/\/comune.santacroce.pi.it\/oldsite\/aspettando-la-befana-a-teatro-al-teatro-verdi-venerdi-6-gennaio\/#breadcrumb\"},\"inLanguage\":\"it-IT\",\"potentialAction\":[{\"@type\":\"ReadAction\",\"target\":[\"https:\/\/comune.santacroce.pi.it\/oldsite\/aspettando-la-befana-a-teatro-al-teatro-verdi-venerdi-6-gennaio\/\"]}]},{\"@type\":\"ImageObject\",\"inLanguage\":\"it-IT\",\"@id\":\"https:\/\/comune.santacroce.pi.it\/oldsite\/aspettando-la-befana-a-teatro-al-teatro-verdi-venerdi-6-gennaio\/#primaryimage\",\"url\":\"https:\/\/comune.santacroce.pi.it\/oldsite\/wp-content\/uploads\/2022\/12\/318083065_6307814524456_3915521173464910673_n-1.jpg\",\"contentUrl\":\"https:\/\/comune.santacroce.pi.it\/oldsite\/wp-content\/uploads\/2022\/12\/318083065_6307814524456_3915521173464910673_n-1.jpg\",\"width\":526,\"height\":526},{\"@type\":\"BreadcrumbList\",\"@id\":\"https:\/\/comune.santacroce.pi.it\/oldsite\/aspettando-la-befana-a-teatro-al-teatro-verdi-venerdi-6-gennaio\/#breadcrumb\",\"itemListElement\":[{\"@type\":\"ListItem\",\"position\":1,\"name\":\"Home\",\"item\":\"https:\/\/comune.santacroce.pi.it\/oldsite\/\"},{\"@type\":\"ListItem\",\"position\":2,\"name\":\"Aspettando &#8220;La befana a Teatro&#8221; al Teatro Verdi Venerd\u00ec 6 Gennaio\"}]},{\"@type\":\"WebSite\",\"@id\":\"https:\/\/comune.santacroce.pi.it\/oldsite\/#website\",\"url\":\"https:\/\/comune.santacroce.pi.it\/oldsite\/\",\"name\":\"Comune di Santa Croce sull&#039;Arno\",\"description\":\"Provincia di Pisa\",\"publisher\":{\"@id\":\"https:\/\/comune.santacroce.pi.it\/oldsite\/#organization\"},\"potentialAction\":[{\"@type\":\"SearchAction\",\"target\":{\"@type\":\"EntryPoint\",\"urlTemplate\":\"https:\/\/comune.santacroce.pi.it\/oldsite\/?s={search_term_string}\"},\"query-input\":{\"@type\":\"PropertyValueSpecification\",\"valueRequired\":true,\"valueName\":\"search_term_string\"}}],\"inLanguage\":\"it-IT\"},{\"@type\":\"Organization\",\"@id\":\"https:\/\/comune.santacroce.pi.it\/oldsite\/#organization\",\"name\":\"Comune di Santa Croce sull'Arno\",\"url\":\"https:\/\/comune.santacroce.pi.it\/oldsite\/\",\"logo\":{\"@type\":\"ImageObject\",\"inLanguage\":\"it-IT\",\"@id\":\"https:\/\/comune.santacroce.pi.it\/oldsite\/#\/schema\/logo\/image\/\",\"url\":\"https:\/\/comune.santacroce.pi.it\/oldsite\/wp-content\/uploads\/2021\/02\/cropped-Stemma-Santa-Croce-dellArno_500-1.png\",\"contentUrl\":\"https:\/\/comune.santacroce.pi.it\/oldsite\/wp-content\/uploads\/2021\/02\/cropped-Stemma-Santa-Croce-dellArno_500-1.png\",\"width\":500,\"height\":500,\"caption\":\"Comune di Santa Croce sull'Arno\"},\"image\":{\"@id\":\"https:\/\/comune.santacroce.pi.it\/oldsite\/#\/schema\/logo\/image\/\"}},{\"@type\":\"Person\",\"@id\":\"https:\/\/comune.santacroce.pi.it\/oldsite\/#\/schema\/person\/77e3693e7d02c5835b2dd82778f7fb45\",\"name\":\"Biblioteca e cultura\",\"image\":{\"@type\":\"ImageObject\",\"inLanguage\":\"it-IT\",\"@id\":\"https:\/\/comune.santacroce.pi.it\/oldsite\/#\/schema\/person\/image\/\",\"url\":\"https:\/\/secure.gravatar.com\/avatar\/c9a5002ec801d0b780e779e0d328fe2a?s=96&d=mm&r=g\",\"contentUrl\":\"https:\/\/secure.gravatar.com\/avatar\/c9a5002ec801d0b780e779e0d328fe2a?s=96&d=mm&r=g\",\"caption\":\"Biblioteca e cultura\"},\"url\":\"https:\/\/comune.santacroce.pi.it\/oldsite\/author\/bibliotecasc\/\"}]}<\/script>\n<!-- \/ Yoast SEO plugin. -->","yoast_head_json":{"title":"Aspettando \"La befana a Teatro\" al Teatro Verdi Venerd\u00ec 6 Gennaio - Comune di Santa Croce sull&#039;Arno","description":"Al Teatro Verdi di Santa Croce sull\u2019Arno il Baule dei sogni venerd\u00ec 6 gennaio alle 17.00 propone La befana a teatro con Lorenzo Cecchi","robots":{"index":"index","follow":"follow","max-snippet":"max-snippet:-1","max-image-preview":"max-image-preview:large","max-video-preview":"max-video-preview:-1"},"canonical":"https:\/\/comune.santacroce.pi.it\/oldsite\/aspettando-la-befana-a-teatro-al-teatro-verdi-venerdi-6-gennaio\/","og_locale":"it_IT","og_type":"article","og_title":"Aspettando \"La befana a Teatro\" al Teatro Verdi Venerd\u00ec 6 Gennaio - Comune di Santa Croce sull&#039;Arno","og_description":"Al Teatro Verdi di Santa Croce sull\u2019Arno il Baule dei sogni venerd\u00ec 6 gennaio alle 17.00 propone La befana a teatro con Lorenzo Cecchi","og_url":"https:\/\/comune.santacroce.pi.it\/oldsite\/aspettando-la-befana-a-teatro-al-teatro-verdi-venerdi-6-gennaio\/","og_site_name":"Comune di Santa Croce sull&#039;Arno","article_published_time":"2023-01-01T13:00:30+00:00","article_modified_time":"2023-01-11T10:11:55+00:00","og_image":[{"width":526,"height":526,"url":"https:\/\/comune.santacroce.pi.it\/oldsite\/wp-content\/uploads\/2022\/12\/318083065_6307814524456_3915521173464910673_n-1.jpg","type":"image\/jpeg"}],"author":"Biblioteca e cultura","twitter_card":"summary_large_image","twitter_misc":{"Scritto da":"Biblioteca e cultura","Tempo di lettura stimato":"1 minuto"},"schema":{"@context":"https:\/\/schema.org","@graph":[{"@type":"Article","@id":"https:\/\/comune.santacroce.pi.it\/oldsite\/aspettando-la-befana-a-teatro-al-teatro-verdi-venerdi-6-gennaio\/#article","isPartOf":{"@id":"https:\/\/comune.santacroce.pi.it\/oldsite\/aspettando-la-befana-a-teatro-al-teatro-verdi-venerdi-6-gennaio\/"},"author":{"name":"Biblioteca e cultura","@id":"https:\/\/comune.santacroce.pi.it\/oldsite\/#\/schema\/person\/77e3693e7d02c5835b2dd82778f7fb45"},"headline":"Aspettando &#8220;La befana a Teatro&#8221; al Teatro Verdi Venerd\u00ec 6 Gennaio","datePublished":"2023-01-01T13:00:30+00:00","dateModified":"2023-01-11T10:11:55+00:00","mainEntityOfPage":{"@id":"https:\/\/comune.santacroce.pi.it\/oldsite\/aspettando-la-befana-a-teatro-al-teatro-verdi-venerdi-6-gennaio\/"},"wordCount":150,"publisher":{"@id":"https:\/\/comune.santacroce.pi.it\/oldsite\/#organization"},"image":{"@id":"https:\/\/comune.santacroce.pi.it\/oldsite\/aspettando-la-befana-a-teatro-al-teatro-verdi-venerdi-6-gennaio\/#primaryimage"},"thumbnailUrl":"https:\/\/comune.santacroce.pi.it\/oldsite\/wp-content\/uploads\/2022\/12\/318083065_6307814524456_3915521173464910673_n-1.jpg","articleSection":["Cultura","Eventi"],"inLanguage":"it-IT"},{"@type":"WebPage","@id":"https:\/\/comune.santacroce.pi.it\/oldsite\/aspettando-la-befana-a-teatro-al-teatro-verdi-venerdi-6-gennaio\/","url":"https:\/\/comune.santacroce.pi.it\/oldsite\/aspettando-la-befana-a-teatro-al-teatro-verdi-venerdi-6-gennaio\/","name":"Aspettando \"La befana a Teatro\" al Teatro Verdi Venerd\u00ec 6 Gennaio - Comune di Santa Croce sull&#039;Arno","isPartOf":{"@id":"https:\/\/comune.santacroce.pi.it\/oldsite\/#website"},"primaryImageOfPage":{"@id":"https:\/\/comune.santacroce.pi.it\/oldsite\/aspettando-la-befana-a-teatro-al-teatro-verdi-venerdi-6-gennaio\/#primaryimage"},"image":{"@id":"https:\/\/comune.santacroce.pi.it\/oldsite\/aspettando-la-befana-a-teatro-al-teatro-verdi-venerdi-6-gennaio\/#primaryimage"},"thumbnailUrl":"https:\/\/comune.santacroce.pi.it\/oldsite\/wp-content\/uploads\/2022\/12\/318083065_6307814524456_3915521173464910673_n-1.jpg","datePublished":"2023-01-01T13:00:30+00:00","dateModified":"2023-01-11T10:11:55+00:00","description":"Al Teatro Verdi di Santa Croce sull\u2019Arno il Baule dei sogni venerd\u00ec 6 gennaio alle 17.00 propone La befana a teatro con Lorenzo Cecchi","breadcrumb":{"@id":"https:\/\/comune.santacroce.pi.it\/oldsite\/aspettando-la-befana-a-teatro-al-teatro-verdi-venerdi-6-gennaio\/#breadcrumb"},"inLanguage":"it-IT","potentialAction":[{"@type":"ReadAction","target":["https:\/\/comune.santacroce.pi.it\/oldsite\/aspettando-la-befana-a-teatro-al-teatro-verdi-venerdi-6-gennaio\/"]}]},{"@type":"ImageObject","inLanguage":"it-IT","@id":"https:\/\/comune.santacroce.pi.it\/oldsite\/aspettando-la-befana-a-teatro-al-teatro-verdi-venerdi-6-gennaio\/#primaryimage","url":"https:\/\/comune.santacroce.pi.it\/oldsite\/wp-content\/uploads\/2022\/12\/318083065_6307814524456_3915521173464910673_n-1.jpg","contentUrl":"https:\/\/comune.santacroce.pi.it\/oldsite\/wp-content\/uploads\/2022\/12\/318083065_6307814524456_3915521173464910673_n-1.jpg","width":526,"height":526},{"@type":"BreadcrumbList","@id":"https:\/\/comune.santacroce.pi.it\/oldsite\/aspettando-la-befana-a-teatro-al-teatro-verdi-venerdi-6-gennaio\/#breadcrumb","itemListElement":[{"@type":"ListItem","position":1,"name":"Home","item":"https:\/\/comune.santacroce.pi.it\/oldsite\/"},{"@type":"ListItem","position":2,"name":"Aspettando &#8220;La befana a Teatro&#8221; al Teatro Verdi Venerd\u00ec 6 Gennaio"}]},{"@type":"WebSite","@id":"https:\/\/comune.santacroce.pi.it\/oldsite\/#website","url":"https:\/\/comune.santacroce.pi.it\/oldsite\/","name":"Comune di Santa Croce sull&#039;Arno","description":"Provincia di Pisa","publisher":{"@id":"https:\/\/comune.santacroce.pi.it\/oldsite\/#organization"},"potentialAction":[{"@type":"SearchAction","target":{"@type":"EntryPoint","urlTemplate":"https:\/\/comune.santacroce.pi.it\/oldsite\/?s={search_term_string}"},"query-input":{"@type":"PropertyValueSpecification","valueRequired":true,"valueName":"search_term_string"}}],"inLanguage":"it-IT"},{"@type":"Organization","@id":"https:\/\/comune.santacroce.pi.it\/oldsite\/#organization","name":"Comune di Santa Croce sull'Arno","url":"https:\/\/comune.santacroce.pi.it\/oldsite\/","logo":{"@type":"ImageObject","inLanguage":"it-IT","@id":"https:\/\/comune.santacroce.pi.it\/oldsite\/#\/schema\/logo\/image\/","url":"https:\/\/comune.santacroce.pi.it\/oldsite\/wp-content\/uploads\/2021\/02\/cropped-Stemma-Santa-Croce-dellArno_500-1.png","contentUrl":"https:\/\/comune.santacroce.pi.it\/oldsite\/wp-content\/uploads\/2021\/02\/cropped-Stemma-Santa-Croce-dellArno_500-1.png","width":500,"height":500,"caption":"Comune di Santa Croce sull'Arno"},"image":{"@id":"https:\/\/comune.santacroce.pi.it\/oldsite\/#\/schema\/logo\/image\/"}},{"@type":"Person","@id":"https:\/\/comune.santacroce.pi.it\/oldsite\/#\/schema\/person\/77e3693e7d02c5835b2dd82778f7fb45","name":"Biblioteca e cultura","image":{"@type":"ImageObject","inLanguage":"it-IT","@id":"https:\/\/comune.santacroce.pi.it\/oldsite\/#\/schema\/person\/image\/","url":"https:\/\/secure.gravatar.com\/avatar\/c9a5002ec801d0b780e779e0d328fe2a?s=96&d=mm&r=g","contentUrl":"https:\/\/secure.gravatar.com\/avatar\/c9a5002ec801d0b780e779e0d328fe2a?s=96&d=mm&r=g","caption":"Biblioteca e cultura"},"url":"https:\/\/comune.santacroce.pi.it\/oldsite\/author\/bibliotecasc\/"}]}},"jetpack_featured_media_url":"https:\/\/comune.santacroce.pi.it\/oldsite\/wp-content\/uploads\/2022\/12\/318083065_6307814524456_3915521173464910673_n-1.jpg","meta_box":{"comunicacity_sync":"1","cc4_urg_colore":"rosso","cc4_urg_data_inizio":"","cc4_urg_data_fine":"","cc4_cor_positivi_oggi":"","cc4_cor_negativizzati_oggi":"","cc4_cor_deceduti_oggi":"","cc4_cor_positivi_totali":"","cc4_cor_negativizzati_totali":"","cc4_cor_deceduti_totali":"","cc4_cor_attualmente_positivi":"","cc4_eve_data_inizio":"","cc4_eve_data_fine":"","cc4_eve_indirizzo":"","cc4_eve_posizione":{"latitude":"0","longitude":"0","zoom":"0"},"cc4_eve_telefono":"","cc4_eve_email":"","cc4_eve_web":"","cc4_eve_fb":""},"_links":{"self":[{"href":"https:\/\/comune.santacroce.pi.it\/oldsite\/wp-json\/wp\/v2\/posts\/21233","targetHints":{"allow":["GET"]}}],"collection":[{"href":"https:\/\/comune.santacroce.pi.it\/oldsite\/wp-json\/wp\/v2\/posts"}],"about":[{"href":"https:\/\/comune.santacroce.pi.it\/oldsite\/wp-json\/wp\/v2\/types\/post"}],"author":[{"embeddable":true,"href":"https:\/\/comune.santacroce.pi.it\/oldsite\/wp-json\/wp\/v2\/users\/18"}],"replies":[{"embeddable":true,"href":"https:\/\/comune.santacroce.pi.it\/oldsite\/wp-json\/wp\/v2\/comments?post=21233"}],"version-history":[{"count":0,"href":"https:\/\/comune.santacroce.pi.it\/oldsite\/wp-json\/wp\/v2\/posts\/21233\/revisions"}],"wp:featuredmedia":[{"embeddable":true,"href":"https:\/\/comune.santacroce.pi.it\/oldsite\/wp-json\/wp\/v2\/media\/21234"}],"wp:attachment":[{"href":"https:\/\/comune.santacroce.pi.it\/oldsite\/wp-json\/wp\/v2\/media?parent=21233"}],"wp:term":[{"taxonomy":"category","embeddable":true,"href":"https:\/\/comune.santacroce.pi.it\/oldsite\/wp-json\/wp\/v2\/categories?post=21233"},{"taxonomy":"post_tag","embeddable":true,"href":"https:\/\/comune.santacroce.pi.it\/oldsite\/wp-json\/wp\/v2\/tags?post=21233"}],"curies":[{"name":"wp","href":"https:\/\/api.w.org\/{rel}","templated":true}]}}