{"id":20715,"date":"2022-10-17T10:29:37","date_gmt":"2022-10-17T08:29:37","guid":{"rendered":"https:\/\/comune.santacroce.pi.it\/oldsite\/?p=20715"},"modified":"2022-10-18T15:15:18","modified_gmt":"2022-10-18T13:15:18","slug":"ottobre-rosa-a-santa-croce-sullarno","status":"publish","type":"post","link":"https:\/\/comune.santacroce.pi.it\/oldsite\/ottobre-rosa-a-santa-croce-sullarno\/","title":{"rendered":"Ottobre Rosa a Santa Croce sull\u2019Arno"},"content":{"rendered":"<p>In occasione di Ottobre Rosa, il mese internazionale dedicato alla prevenzione del tumore al seno, il Comune di Santa Croce sull\u2019Arno e l\u2019associazione onlus Astro, con la collaborazione della Polisportiva Spensierati, organizza per sabato 22 ottobre, \u201cOttobre Rosa: prevenire per sconfiggere\u201d, camminata non competitiva aperta a tutta la popolazione che si svolger\u00e0 per le strade del paese con partenza prevista alle ore 10.00 da Piazza del Popolo.<br \/>\nLa camminata si snoder\u00e0 lungo un percorso cittadino che toccher\u00e0 tutti i luoghi di maggior visibilit\u00e0 e aggregazione del Comune e sar\u00e0 indicato da una segnaletica appositamente realizzata con fiocchi rosa, simbolo dell\u2019iniziativa.<br \/>\nInoltre, sempre a supporto della campagna di prevenzione, le luci di Piazza Garibaldi si tingeranno di rosa tutte le sere da stasera fino al 23 ottobre.<br \/>\nAll\u2019interno della Biblioteca Comunale \u201cAdrio Puccini\u201d sar\u00e0 infine allestito un apposito spazio in cui poter trovare una selezione di libri a disposizione di tutti gli utenti, dedicata proprio al tema della prevenzione del tumore al seno.<\/p>\n<p>\u201cQuello della prevenzione del tumore al seno \u00e8 un aspetto delicato della salute di tutte le donne che come Amministrazione Comunale intendiamo da sempre supportare e favorire\u201d sostiene la Sindaca Giulia Deidda che continua \u201cattraverso queste iniziative quindi cerchiamo di sensibilizzare un pubblico pi\u00f9 ampio possibile verso questo tema che, proprio grazie ai progressi della scienza e alla sensibilizzazione di iniziative come questa, negli ultimi anni ha visto enormi miglioramenti che ci convincono sempre pi\u00f9 a continuare su questa strada\u201d.<\/p>\n<p>Per informazioni: Biblioteca Comunale \u201cAdrio Puccini\u201d \u2013 0571 30642<br \/>\nComune di Santa Croce sull\u2019Arno \u2013 0571 389931<\/p>\n<p>Santa Croce sull\u2019Arno, 14 Ottobre 2022<br \/>\nFonte: Ufficio Comunicazione Comune di Santa Croce sull&#8217;Arno<\/p>\n","protected":false},"excerpt":{"rendered":"<p>In occasione di Ottobre Rosa, il mese internazionale dedicato alla prevenzione del tumore al seno, il Comune di Santa Croce sull\u2019Arno e l\u2019associazione onlus Astro, con la collaborazione della Polisportiva [&hellip;]<\/p>\n","protected":false},"author":15,"featured_media":20726,"comment_status":"closed","ping_status":"closed","sticky":false,"template":"","format":"standard","meta":{"footnotes":""},"categories":[1],"tags":[],"class_list":["post-20715","post","type-post","status-publish","format-standard","has-post-thumbnail","hentry","category-notizie-e-informazioni"],"yoast_head":"<!-- This site is optimized with the Yoast SEO plugin v24.7 - https:\/\/yoast.com\/wordpress\/plugins\/seo\/ -->\n<title>Ottobre Rosa a Santa Croce sull\u2019Arno - Comune di Santa Croce sull&#039;Arno<\/title>\n<meta name=\"robots\" content=\"index, follow, max-snippet:-1, max-image-preview:large, max-video-preview:-1\" \/>\n<link rel=\"canonical\" href=\"https:\/\/comune.santacroce.pi.it\/oldsite\/ottobre-rosa-a-santa-croce-sullarno\/\" \/>\n<meta property=\"og:locale\" content=\"it_IT\" \/>\n<meta property=\"og:type\" content=\"article\" \/>\n<meta property=\"og:title\" content=\"Ottobre Rosa a Santa Croce sull\u2019Arno - Comune di Santa Croce sull&#039;Arno\" \/>\n<meta property=\"og:description\" content=\"In occasione di Ottobre Rosa, il mese internazionale dedicato alla prevenzione del tumore al seno, il Comune di Santa Croce sull\u2019Arno e l\u2019associazione onlus Astro, con la collaborazione della Polisportiva [&hellip;]\" \/>\n<meta property=\"og:url\" content=\"https:\/\/comune.santacroce.pi.it\/oldsite\/ottobre-rosa-a-santa-croce-sullarno\/\" \/>\n<meta property=\"og:site_name\" content=\"Comune di Santa Croce sull&#039;Arno\" \/>\n<meta property=\"article:published_time\" content=\"2022-10-17T08:29:37+00:00\" \/>\n<meta property=\"article:modified_time\" content=\"2022-10-18T13:15:18+00:00\" \/>\n<meta property=\"og:image\" content=\"https:\/\/comune.santacroce.pi.it\/oldsite\/wp-content\/uploads\/2022\/10\/Ottobre-rosa.jpg\" \/>\n\t<meta property=\"og:image:width\" content=\"1754\" \/>\n\t<meta property=\"og:image:height\" content=\"2481\" \/>\n\t<meta property=\"og:image:type\" content=\"image\/jpeg\" \/>\n<meta name=\"author\" content=\"Martina Menicucci\" \/>\n<meta name=\"twitter:card\" content=\"summary_large_image\" \/>\n<meta name=\"twitter:label1\" content=\"Scritto da\" \/>\n\t<meta name=\"twitter:data1\" content=\"Martina Menicucci\" \/>\n\t<meta name=\"twitter:label2\" content=\"Tempo di lettura stimato\" \/>\n\t<meta name=\"twitter:data2\" content=\"2 minuti\" \/>\n<script type=\"application\/ld+json\" class=\"yoast-schema-graph\">{\"@context\":\"https:\/\/schema.org\",\"@graph\":[{\"@type\":\"Article\",\"@id\":\"https:\/\/comune.santacroce.pi.it\/oldsite\/ottobre-rosa-a-santa-croce-sullarno\/#article\",\"isPartOf\":{\"@id\":\"https:\/\/comune.santacroce.pi.it\/oldsite\/ottobre-rosa-a-santa-croce-sullarno\/\"},\"author\":{\"name\":\"Martina Menicucci\",\"@id\":\"https:\/\/comune.santacroce.pi.it\/oldsite\/#\/schema\/person\/475e14b32ccc85c4d620fead5c3d5cad\"},\"headline\":\"Ottobre Rosa a Santa Croce sull\u2019Arno\",\"datePublished\":\"2022-10-17T08:29:37+00:00\",\"dateModified\":\"2022-10-18T13:15:18+00:00\",\"mainEntityOfPage\":{\"@id\":\"https:\/\/comune.santacroce.pi.it\/oldsite\/ottobre-rosa-a-santa-croce-sullarno\/\"},\"wordCount\":275,\"publisher\":{\"@id\":\"https:\/\/comune.santacroce.pi.it\/oldsite\/#organization\"},\"image\":{\"@id\":\"https:\/\/comune.santacroce.pi.it\/oldsite\/ottobre-rosa-a-santa-croce-sullarno\/#primaryimage\"},\"thumbnailUrl\":\"https:\/\/comune.santacroce.pi.it\/oldsite\/wp-content\/uploads\/2022\/10\/Ottobre-rosa.jpg\",\"articleSection\":[\"Notizie e informazioni\"],\"inLanguage\":\"it-IT\"},{\"@type\":\"WebPage\",\"@id\":\"https:\/\/comune.santacroce.pi.it\/oldsite\/ottobre-rosa-a-santa-croce-sullarno\/\",\"url\":\"https:\/\/comune.santacroce.pi.it\/oldsite\/ottobre-rosa-a-santa-croce-sullarno\/\",\"name\":\"Ottobre Rosa a Santa Croce sull\u2019Arno - Comune di Santa Croce sull&#039;Arno\",\"isPartOf\":{\"@id\":\"https:\/\/comune.santacroce.pi.it\/oldsite\/#website\"},\"primaryImageOfPage\":{\"@id\":\"https:\/\/comune.santacroce.pi.it\/oldsite\/ottobre-rosa-a-santa-croce-sullarno\/#primaryimage\"},\"image\":{\"@id\":\"https:\/\/comune.santacroce.pi.it\/oldsite\/ottobre-rosa-a-santa-croce-sullarno\/#primaryimage\"},\"thumbnailUrl\":\"https:\/\/comune.santacroce.pi.it\/oldsite\/wp-content\/uploads\/2022\/10\/Ottobre-rosa.jpg\",\"datePublished\":\"2022-10-17T08:29:37+00:00\",\"dateModified\":\"2022-10-18T13:15:18+00:00\",\"breadcrumb\":{\"@id\":\"https:\/\/comune.santacroce.pi.it\/oldsite\/ottobre-rosa-a-santa-croce-sullarno\/#breadcrumb\"},\"inLanguage\":\"it-IT\",\"potentialAction\":[{\"@type\":\"ReadAction\",\"target\":[\"https:\/\/comune.santacroce.pi.it\/oldsite\/ottobre-rosa-a-santa-croce-sullarno\/\"]}]},{\"@type\":\"ImageObject\",\"inLanguage\":\"it-IT\",\"@id\":\"https:\/\/comune.santacroce.pi.it\/oldsite\/ottobre-rosa-a-santa-croce-sullarno\/#primaryimage\",\"url\":\"https:\/\/comune.santacroce.pi.it\/oldsite\/wp-content\/uploads\/2022\/10\/Ottobre-rosa.jpg\",\"contentUrl\":\"https:\/\/comune.santacroce.pi.it\/oldsite\/wp-content\/uploads\/2022\/10\/Ottobre-rosa.jpg\",\"width\":1754,\"height\":2481},{\"@type\":\"BreadcrumbList\",\"@id\":\"https:\/\/comune.santacroce.pi.it\/oldsite\/ottobre-rosa-a-santa-croce-sullarno\/#breadcrumb\",\"itemListElement\":[{\"@type\":\"ListItem\",\"position\":1,\"name\":\"Home\",\"item\":\"https:\/\/comune.santacroce.pi.it\/oldsite\/\"},{\"@type\":\"ListItem\",\"position\":2,\"name\":\"Ottobre Rosa a Santa Croce sull\u2019Arno\"}]},{\"@type\":\"WebSite\",\"@id\":\"https:\/\/comune.santacroce.pi.it\/oldsite\/#website\",\"url\":\"https:\/\/comune.santacroce.pi.it\/oldsite\/\",\"name\":\"Comune di Santa Croce sull&#039;Arno\",\"description\":\"Provincia di Pisa\",\"publisher\":{\"@id\":\"https:\/\/comune.santacroce.pi.it\/oldsite\/#organization\"},\"potentialAction\":[{\"@type\":\"SearchAction\",\"target\":{\"@type\":\"EntryPoint\",\"urlTemplate\":\"https:\/\/comune.santacroce.pi.it\/oldsite\/?s={search_term_string}\"},\"query-input\":{\"@type\":\"PropertyValueSpecification\",\"valueRequired\":true,\"valueName\":\"search_term_string\"}}],\"inLanguage\":\"it-IT\"},{\"@type\":\"Organization\",\"@id\":\"https:\/\/comune.santacroce.pi.it\/oldsite\/#organization\",\"name\":\"Comune di Santa Croce sull'Arno\",\"url\":\"https:\/\/comune.santacroce.pi.it\/oldsite\/\",\"logo\":{\"@type\":\"ImageObject\",\"inLanguage\":\"it-IT\",\"@id\":\"https:\/\/comune.santacroce.pi.it\/oldsite\/#\/schema\/logo\/image\/\",\"url\":\"https:\/\/comune.santacroce.pi.it\/oldsite\/wp-content\/uploads\/2021\/02\/cropped-Stemma-Santa-Croce-dellArno_500-1.png\",\"contentUrl\":\"https:\/\/comune.santacroce.pi.it\/oldsite\/wp-content\/uploads\/2021\/02\/cropped-Stemma-Santa-Croce-dellArno_500-1.png\",\"width\":500,\"height\":500,\"caption\":\"Comune di Santa Croce sull'Arno\"},\"image\":{\"@id\":\"https:\/\/comune.santacroce.pi.it\/oldsite\/#\/schema\/logo\/image\/\"}},{\"@type\":\"Person\",\"@id\":\"https:\/\/comune.santacroce.pi.it\/oldsite\/#\/schema\/person\/475e14b32ccc85c4d620fead5c3d5cad\",\"name\":\"Martina Menicucci\",\"image\":{\"@type\":\"ImageObject\",\"inLanguage\":\"it-IT\",\"@id\":\"https:\/\/comune.santacroce.pi.it\/oldsite\/#\/schema\/person\/image\/\",\"url\":\"https:\/\/secure.gravatar.com\/avatar\/1318bce079e45e012feb41abc1e3c7e7?s=96&d=mm&r=g\",\"contentUrl\":\"https:\/\/secure.gravatar.com\/avatar\/1318bce079e45e012feb41abc1e3c7e7?s=96&d=mm&r=g\",\"caption\":\"Martina Menicucci\"},\"url\":\"https:\/\/comune.santacroce.pi.it\/oldsite\/author\/mmenicucci\/\"}]}<\/script>\n<!-- \/ Yoast SEO plugin. -->","yoast_head_json":{"title":"Ottobre Rosa a Santa Croce sull\u2019Arno - Comune di Santa Croce sull&#039;Arno","robots":{"index":"index","follow":"follow","max-snippet":"max-snippet:-1","max-image-preview":"max-image-preview:large","max-video-preview":"max-video-preview:-1"},"canonical":"https:\/\/comune.santacroce.pi.it\/oldsite\/ottobre-rosa-a-santa-croce-sullarno\/","og_locale":"it_IT","og_type":"article","og_title":"Ottobre Rosa a Santa Croce sull\u2019Arno - Comune di Santa Croce sull&#039;Arno","og_description":"In occasione di Ottobre Rosa, il mese internazionale dedicato alla prevenzione del tumore al seno, il Comune di Santa Croce sull\u2019Arno e l\u2019associazione onlus Astro, con la collaborazione della Polisportiva [&hellip;]","og_url":"https:\/\/comune.santacroce.pi.it\/oldsite\/ottobre-rosa-a-santa-croce-sullarno\/","og_site_name":"Comune di Santa Croce sull&#039;Arno","article_published_time":"2022-10-17T08:29:37+00:00","article_modified_time":"2022-10-18T13:15:18+00:00","og_image":[{"width":1754,"height":2481,"url":"https:\/\/comune.santacroce.pi.it\/oldsite\/wp-content\/uploads\/2022\/10\/Ottobre-rosa.jpg","type":"image\/jpeg"}],"author":"Martina Menicucci","twitter_card":"summary_large_image","twitter_misc":{"Scritto da":"Martina Menicucci","Tempo di lettura stimato":"2 minuti"},"schema":{"@context":"https:\/\/schema.org","@graph":[{"@type":"Article","@id":"https:\/\/comune.santacroce.pi.it\/oldsite\/ottobre-rosa-a-santa-croce-sullarno\/#article","isPartOf":{"@id":"https:\/\/comune.santacroce.pi.it\/oldsite\/ottobre-rosa-a-santa-croce-sullarno\/"},"author":{"name":"Martina Menicucci","@id":"https:\/\/comune.santacroce.pi.it\/oldsite\/#\/schema\/person\/475e14b32ccc85c4d620fead5c3d5cad"},"headline":"Ottobre Rosa a Santa Croce sull\u2019Arno","datePublished":"2022-10-17T08:29:37+00:00","dateModified":"2022-10-18T13:15:18+00:00","mainEntityOfPage":{"@id":"https:\/\/comune.santacroce.pi.it\/oldsite\/ottobre-rosa-a-santa-croce-sullarno\/"},"wordCount":275,"publisher":{"@id":"https:\/\/comune.santacroce.pi.it\/oldsite\/#organization"},"image":{"@id":"https:\/\/comune.santacroce.pi.it\/oldsite\/ottobre-rosa-a-santa-croce-sullarno\/#primaryimage"},"thumbnailUrl":"https:\/\/comune.santacroce.pi.it\/oldsite\/wp-content\/uploads\/2022\/10\/Ottobre-rosa.jpg","articleSection":["Notizie e informazioni"],"inLanguage":"it-IT"},{"@type":"WebPage","@id":"https:\/\/comune.santacroce.pi.it\/oldsite\/ottobre-rosa-a-santa-croce-sullarno\/","url":"https:\/\/comune.santacroce.pi.it\/oldsite\/ottobre-rosa-a-santa-croce-sullarno\/","name":"Ottobre Rosa a Santa Croce sull\u2019Arno - Comune di Santa Croce sull&#039;Arno","isPartOf":{"@id":"https:\/\/comune.santacroce.pi.it\/oldsite\/#website"},"primaryImageOfPage":{"@id":"https:\/\/comune.santacroce.pi.it\/oldsite\/ottobre-rosa-a-santa-croce-sullarno\/#primaryimage"},"image":{"@id":"https:\/\/comune.santacroce.pi.it\/oldsite\/ottobre-rosa-a-santa-croce-sullarno\/#primaryimage"},"thumbnailUrl":"https:\/\/comune.santacroce.pi.it\/oldsite\/wp-content\/uploads\/2022\/10\/Ottobre-rosa.jpg","datePublished":"2022-10-17T08:29:37+00:00","dateModified":"2022-10-18T13:15:18+00:00","breadcrumb":{"@id":"https:\/\/comune.santacroce.pi.it\/oldsite\/ottobre-rosa-a-santa-croce-sullarno\/#breadcrumb"},"inLanguage":"it-IT","potentialAction":[{"@type":"ReadAction","target":["https:\/\/comune.santacroce.pi.it\/oldsite\/ottobre-rosa-a-santa-croce-sullarno\/"]}]},{"@type":"ImageObject","inLanguage":"it-IT","@id":"https:\/\/comune.santacroce.pi.it\/oldsite\/ottobre-rosa-a-santa-croce-sullarno\/#primaryimage","url":"https:\/\/comune.santacroce.pi.it\/oldsite\/wp-content\/uploads\/2022\/10\/Ottobre-rosa.jpg","contentUrl":"https:\/\/comune.santacroce.pi.it\/oldsite\/wp-content\/uploads\/2022\/10\/Ottobre-rosa.jpg","width":1754,"height":2481},{"@type":"BreadcrumbList","@id":"https:\/\/comune.santacroce.pi.it\/oldsite\/ottobre-rosa-a-santa-croce-sullarno\/#breadcrumb","itemListElement":[{"@type":"ListItem","position":1,"name":"Home","item":"https:\/\/comune.santacroce.pi.it\/oldsite\/"},{"@type":"ListItem","position":2,"name":"Ottobre Rosa a Santa Croce sull\u2019Arno"}]},{"@type":"WebSite","@id":"https:\/\/comune.santacroce.pi.it\/oldsite\/#website","url":"https:\/\/comune.santacroce.pi.it\/oldsite\/","name":"Comune di Santa Croce sull&#039;Arno","description":"Provincia di Pisa","publisher":{"@id":"https:\/\/comune.santacroce.pi.it\/oldsite\/#organization"},"potentialAction":[{"@type":"SearchAction","target":{"@type":"EntryPoint","urlTemplate":"https:\/\/comune.santacroce.pi.it\/oldsite\/?s={search_term_string}"},"query-input":{"@type":"PropertyValueSpecification","valueRequired":true,"valueName":"search_term_string"}}],"inLanguage":"it-IT"},{"@type":"Organization","@id":"https:\/\/comune.santacroce.pi.it\/oldsite\/#organization","name":"Comune di Santa Croce sull'Arno","url":"https:\/\/comune.santacroce.pi.it\/oldsite\/","logo":{"@type":"ImageObject","inLanguage":"it-IT","@id":"https:\/\/comune.santacroce.pi.it\/oldsite\/#\/schema\/logo\/image\/","url":"https:\/\/comune.santacroce.pi.it\/oldsite\/wp-content\/uploads\/2021\/02\/cropped-Stemma-Santa-Croce-dellArno_500-1.png","contentUrl":"https:\/\/comune.santacroce.pi.it\/oldsite\/wp-content\/uploads\/2021\/02\/cropped-Stemma-Santa-Croce-dellArno_500-1.png","width":500,"height":500,"caption":"Comune di Santa Croce sull'Arno"},"image":{"@id":"https:\/\/comune.santacroce.pi.it\/oldsite\/#\/schema\/logo\/image\/"}},{"@type":"Person","@id":"https:\/\/comune.santacroce.pi.it\/oldsite\/#\/schema\/person\/475e14b32ccc85c4d620fead5c3d5cad","name":"Martina Menicucci","image":{"@type":"ImageObject","inLanguage":"it-IT","@id":"https:\/\/comune.santacroce.pi.it\/oldsite\/#\/schema\/person\/image\/","url":"https:\/\/secure.gravatar.com\/avatar\/1318bce079e45e012feb41abc1e3c7e7?s=96&d=mm&r=g","contentUrl":"https:\/\/secure.gravatar.com\/avatar\/1318bce079e45e012feb41abc1e3c7e7?s=96&d=mm&r=g","caption":"Martina Menicucci"},"url":"https:\/\/comune.santacroce.pi.it\/oldsite\/author\/mmenicucci\/"}]}},"jetpack_featured_media_url":"https:\/\/comune.santacroce.pi.it\/oldsite\/wp-content\/uploads\/2022\/10\/Ottobre-rosa.jpg","meta_box":{"comunicacity_sync":"1","cc4_urg_colore":"rosso","cc4_urg_data_inizio":"","cc4_urg_data_fine":"","cc4_cor_positivi_oggi":"","cc4_cor_negativizzati_oggi":"","cc4_cor_deceduti_oggi":"","cc4_cor_positivi_totali":"","cc4_cor_negativizzati_totali":"","cc4_cor_deceduti_totali":"","cc4_cor_attualmente_positivi":"","cc4_eve_data_inizio":"","cc4_eve_data_fine":"","cc4_eve_indirizzo":"","cc4_eve_posizione":{"latitude":"0","longitude":"0","zoom":"0"},"cc4_eve_telefono":"","cc4_eve_email":"","cc4_eve_web":"","cc4_eve_fb":""},"_links":{"self":[{"href":"https:\/\/comune.santacroce.pi.it\/oldsite\/wp-json\/wp\/v2\/posts\/20715","targetHints":{"allow":["GET"]}}],"collection":[{"href":"https:\/\/comune.santacroce.pi.it\/oldsite\/wp-json\/wp\/v2\/posts"}],"about":[{"href":"https:\/\/comune.santacroce.pi.it\/oldsite\/wp-json\/wp\/v2\/types\/post"}],"author":[{"embeddable":true,"href":"https:\/\/comune.santacroce.pi.it\/oldsite\/wp-json\/wp\/v2\/users\/15"}],"replies":[{"embeddable":true,"href":"https:\/\/comune.santacroce.pi.it\/oldsite\/wp-json\/wp\/v2\/comments?post=20715"}],"version-history":[{"count":0,"href":"https:\/\/comune.santacroce.pi.it\/oldsite\/wp-json\/wp\/v2\/posts\/20715\/revisions"}],"wp:featuredmedia":[{"embeddable":true,"href":"https:\/\/comune.santacroce.pi.it\/oldsite\/wp-json\/wp\/v2\/media\/20726"}],"wp:attachment":[{"href":"https:\/\/comune.santacroce.pi.it\/oldsite\/wp-json\/wp\/v2\/media?parent=20715"}],"wp:term":[{"taxonomy":"category","embeddable":true,"href":"https:\/\/comune.santacroce.pi.it\/oldsite\/wp-json\/wp\/v2\/categories?post=20715"},{"taxonomy":"post_tag","embeddable":true,"href":"https:\/\/comune.santacroce.pi.it\/oldsite\/wp-json\/wp\/v2\/tags?post=20715"}],"curies":[{"name":"wp","href":"https:\/\/api.w.org\/{rel}","templated":true}]}}