{"id":20130,"date":"2022-06-23T19:11:59","date_gmt":"2022-06-23T17:11:59","guid":{"rendered":"https:\/\/comune.santacroce.pi.it\/oldsite\/?p=20130"},"modified":"2022-06-23T19:14:15","modified_gmt":"2022-06-23T17:14:15","slug":"inaugurata-a-santa-croce-sullarno-frammenti-di-memoria-installazione-permanente-in-via-turi","status":"publish","type":"post","link":"https:\/\/comune.santacroce.pi.it\/oldsite\/inaugurata-a-santa-croce-sullarno-frammenti-di-memoria-installazione-permanente-in-via-turi\/","title":{"rendered":"Inaugurata a Santa Croce sull\u2019Arno \u201cFrammenti di Memoria\u201d installazione permanente in via Turi"},"content":{"rendered":"<p>E\u2019 stata inaugurata questo pomeriggio la nuova installazione permanente \u201cFrammenti di memoria\u201d in via Turi.<br \/>\nSi tratta di sei pannelli che da oggi hanno trovato spazio nelle nicchie del muro perimetrale del Centro Parrocchiale Giovanni XXIII e che rappresentano sei stazioni di un percorso della memoria santacrocese, preceduti da una grande rappresentazione della mappa di Santa Croce sull\u2019Arno che riassume esercizi commerciali e servizi del perimetro del Centro Commerciale Naturale.<br \/>\nIl progetto, sostenuto dall\u2019Amministrazione Comunale e dal CCN, con il contributo di Sapa Spa, ha visto la collaborazione dei due soggetti con la parrocchia di San Lorenzo, nella figura di Don Donato Agostinelli e con il Movimento Shalom.<br \/>\nL\u2019intento \u00e8 stato quello di abbellire via Turi, prima via di accesso a piazza Garibaldi e al centro storico, con immagini artistiche che percorressero la storia e la memoria del nostro paese. Per questo abbiamo coinvolto da subito Romano Masoni e Fulvio Leoncini, con la certezza che i due artisti santacrocesi avrebbero saputo costruire un percorso della memoria dove storia, poesia e arte si sarebbero sposate per dare a via Turi una nuova immagine. Cos\u00ec \u00e8 stato e da oggi chi cammina in via Turi percorre in pochi metri quello che Santa Croce \u00e8 stato ed \u00e8: la citt\u00e0 delle bambine e dei bambini, il luogo delle botteghe storiche, il fiume e la sua storia, la conceria, la forza di ripensarsi e ricostruirsi nel secondo dopoguerra, il Carnevale. Un viaggio tra immagini di Romano Masoni, riviste e rielaborate grazie al lavoro grafico di Fulvio Leoncini, accompagnate da versi poetici e pensieri.<\/p>\n<p>Le sei stazioni della memoria sono precedute da una mappa di Santa Croce sull\u2019Arno: una mappa artistica, commissionata dal CCN, che raffigura tutte le attivit\u00e0 commerciali, di servizio alla persona e alle imprese, servizi pubblici e associazioni presenti sul nostro territorio. Una mappa che in una sola immagine ha come intento sia quello di dare informazioni a chi la osserva sia quello di rappresentare plasticamente tutta la ricchezza santacrocese in termini di attivit\u00e0, servizi, spazi pubblici e aggregativi.<br \/>\nTutti i soggetti coinvolti sono orgogliosi di poter oggi inaugurare questo percorso perch\u00e9 l\u2019installazione di via Turi rappresenta un\u2019altra piccola tappa del piano di miglioramento del centro storico che, a partire dal rifacimento di piazza Matteotti, la riqualificazione del Teatro Verdi, della Biblioteca Comunale, della Casa delle Associazioni, la pavimentazione di via Pipparelli e di via Turi e proseguendo con la rivisitazione di piazza Garibaldi, sta piano piano prendendo forma. Un percorso che sta sempre pi\u00f9 coinvolgendo tanti soggetti e che ancora una volta dimostra come quando pubblico e privato lavorano insieme, con obiettivi comuni, si possano ottenere grandi risultati.<br \/>\nUn ringraziamento particolare a Don Donato Agostinelli, a Sapa Spa, a Romano Masoni e Fulvio Leoncini.<\/p>\n<p>Santa Croce sull\u2019Arno, 23 giugno 2022<br \/>\nFonte: Ufficio Comunicazione Comune di Santa Croce sull&#8217;Arno<\/p>\n<p><img loading=\"lazy\" decoding=\"async\" class=\"alignnone size-medium wp-image-20131\" src=\"https:\/\/comune.santacroce.pi.it\/oldsite\/wp-content\/uploads\/2022\/06\/1-300x225.jpg\" alt=\"\" width=\"300\" height=\"225\" srcset=\"https:\/\/comune.santacroce.pi.it\/oldsite\/wp-content\/uploads\/2022\/06\/1-300x225.jpg 300w, https:\/\/comune.santacroce.pi.it\/oldsite\/wp-content\/uploads\/2022\/06\/1-768x576.jpg 768w, https:\/\/comune.santacroce.pi.it\/oldsite\/wp-content\/uploads\/2022\/06\/1.jpg 1024w\" sizes=\"auto, (max-width: 300px) 100vw, 300px\" \/> <img loading=\"lazy\" decoding=\"async\" class=\"alignnone size-medium wp-image-20132\" src=\"https:\/\/comune.santacroce.pi.it\/oldsite\/wp-content\/uploads\/2022\/06\/2-225x300.jpg\" alt=\"\" width=\"225\" height=\"300\" srcset=\"https:\/\/comune.santacroce.pi.it\/oldsite\/wp-content\/uploads\/2022\/06\/2-225x300.jpg 225w, https:\/\/comune.santacroce.pi.it\/oldsite\/wp-content\/uploads\/2022\/06\/2.jpg 768w\" sizes=\"auto, (max-width: 225px) 100vw, 225px\" \/> <img loading=\"lazy\" decoding=\"async\" class=\"alignnone size-medium wp-image-20133\" src=\"https:\/\/comune.santacroce.pi.it\/oldsite\/wp-content\/uploads\/2022\/06\/3-300x225.jpg\" alt=\"\" width=\"300\" height=\"225\" srcset=\"https:\/\/comune.santacroce.pi.it\/oldsite\/wp-content\/uploads\/2022\/06\/3-300x225.jpg 300w, https:\/\/comune.santacroce.pi.it\/oldsite\/wp-content\/uploads\/2022\/06\/3-768x576.jpg 768w, https:\/\/comune.santacroce.pi.it\/oldsite\/wp-content\/uploads\/2022\/06\/3.jpg 1024w\" sizes=\"auto, (max-width: 300px) 100vw, 300px\" \/> <img loading=\"lazy\" decoding=\"async\" class=\"alignnone size-medium wp-image-20134\" src=\"https:\/\/comune.santacroce.pi.it\/oldsite\/wp-content\/uploads\/2022\/06\/4-225x300.jpg\" alt=\"\" width=\"225\" height=\"300\" srcset=\"https:\/\/comune.santacroce.pi.it\/oldsite\/wp-content\/uploads\/2022\/06\/4-225x300.jpg 225w, https:\/\/comune.santacroce.pi.it\/oldsite\/wp-content\/uploads\/2022\/06\/4.jpg 768w\" sizes=\"auto, (max-width: 225px) 100vw, 225px\" \/> <img loading=\"lazy\" decoding=\"async\" class=\"alignnone size-medium wp-image-20135\" src=\"https:\/\/comune.santacroce.pi.it\/oldsite\/wp-content\/uploads\/2022\/06\/5-300x225.jpg\" alt=\"\" width=\"300\" height=\"225\" srcset=\"https:\/\/comune.santacroce.pi.it\/oldsite\/wp-content\/uploads\/2022\/06\/5-300x225.jpg 300w, https:\/\/comune.santacroce.pi.it\/oldsite\/wp-content\/uploads\/2022\/06\/5-768x576.jpg 768w, https:\/\/comune.santacroce.pi.it\/oldsite\/wp-content\/uploads\/2022\/06\/5.jpg 1024w\" sizes=\"auto, (max-width: 300px) 100vw, 300px\" \/> <img loading=\"lazy\" decoding=\"async\" class=\"alignnone size-medium wp-image-20136\" src=\"https:\/\/comune.santacroce.pi.it\/oldsite\/wp-content\/uploads\/2022\/06\/6-300x241.jpg\" alt=\"\" width=\"300\" height=\"241\" srcset=\"https:\/\/comune.santacroce.pi.it\/oldsite\/wp-content\/uploads\/2022\/06\/6-300x241.jpg 300w, https:\/\/comune.santacroce.pi.it\/oldsite\/wp-content\/uploads\/2022\/06\/6-768x617.jpg 768w, https:\/\/comune.santacroce.pi.it\/oldsite\/wp-content\/uploads\/2022\/06\/6.jpg 1024w\" sizes=\"auto, (max-width: 300px) 100vw, 300px\" \/><\/p>\n","protected":false},"excerpt":{"rendered":"<p>E\u2019 stata inaugurata questo pomeriggio la nuova installazione permanente \u201cFrammenti di memoria\u201d in via Turi. Si tratta di sei pannelli che da oggi hanno trovato spazio nelle nicchie del muro [&hellip;]<\/p>\n","protected":false},"author":17,"featured_media":20132,"comment_status":"closed","ping_status":"closed","sticky":false,"template":"","format":"standard","meta":{"footnotes":""},"categories":[1],"tags":[],"class_list":["post-20130","post","type-post","status-publish","format-standard","has-post-thumbnail","hentry","category-notizie-e-informazioni"],"yoast_head":"<!-- This site is optimized with the Yoast SEO plugin v24.7 - https:\/\/yoast.com\/wordpress\/plugins\/seo\/ -->\n<title>Inaugurata a Santa Croce sull\u2019Arno \u201cFrammenti di Memoria\u201d installazione permanente in via Turi - Comune di Santa Croce sull&#039;Arno<\/title>\n<meta name=\"robots\" content=\"index, follow, max-snippet:-1, max-image-preview:large, max-video-preview:-1\" \/>\n<link rel=\"canonical\" href=\"https:\/\/comune.santacroce.pi.it\/oldsite\/inaugurata-a-santa-croce-sullarno-frammenti-di-memoria-installazione-permanente-in-via-turi\/\" \/>\n<meta property=\"og:locale\" content=\"it_IT\" \/>\n<meta property=\"og:type\" content=\"article\" \/>\n<meta property=\"og:title\" content=\"Inaugurata a Santa Croce sull\u2019Arno \u201cFrammenti di Memoria\u201d installazione permanente in via Turi - Comune di Santa Croce sull&#039;Arno\" \/>\n<meta property=\"og:description\" content=\"E\u2019 stata inaugurata questo pomeriggio la nuova installazione permanente \u201cFrammenti di memoria\u201d in via Turi. Si tratta di sei pannelli che da oggi hanno trovato spazio nelle nicchie del muro [&hellip;]\" \/>\n<meta property=\"og:url\" content=\"https:\/\/comune.santacroce.pi.it\/oldsite\/inaugurata-a-santa-croce-sullarno-frammenti-di-memoria-installazione-permanente-in-via-turi\/\" \/>\n<meta property=\"og:site_name\" content=\"Comune di Santa Croce sull&#039;Arno\" \/>\n<meta property=\"article:published_time\" content=\"2022-06-23T17:11:59+00:00\" \/>\n<meta property=\"article:modified_time\" content=\"2022-06-23T17:14:15+00:00\" \/>\n<meta property=\"og:image\" content=\"https:\/\/comune.santacroce.pi.it\/oldsite\/wp-content\/uploads\/2022\/06\/2.jpg\" \/>\n\t<meta property=\"og:image:width\" content=\"768\" \/>\n\t<meta property=\"og:image:height\" content=\"1024\" \/>\n\t<meta property=\"og:image:type\" content=\"image\/jpeg\" \/>\n<meta name=\"author\" content=\"Antonella Strozzalupi\" \/>\n<meta name=\"twitter:card\" content=\"summary_large_image\" \/>\n<meta name=\"twitter:label1\" content=\"Scritto da\" \/>\n\t<meta name=\"twitter:data1\" content=\"Antonella Strozzalupi\" \/>\n\t<meta name=\"twitter:label2\" content=\"Tempo di lettura stimato\" \/>\n\t<meta name=\"twitter:data2\" content=\"4 minuti\" \/>\n<script type=\"application\/ld+json\" class=\"yoast-schema-graph\">{\"@context\":\"https:\/\/schema.org\",\"@graph\":[{\"@type\":\"Article\",\"@id\":\"https:\/\/comune.santacroce.pi.it\/oldsite\/inaugurata-a-santa-croce-sullarno-frammenti-di-memoria-installazione-permanente-in-via-turi\/#article\",\"isPartOf\":{\"@id\":\"https:\/\/comune.santacroce.pi.it\/oldsite\/inaugurata-a-santa-croce-sullarno-frammenti-di-memoria-installazione-permanente-in-via-turi\/\"},\"author\":{\"name\":\"Antonella Strozzalupi\",\"@id\":\"https:\/\/comune.santacroce.pi.it\/oldsite\/#\/schema\/person\/04db4e6ed36f821f4cb9f9416339127c\"},\"headline\":\"Inaugurata a Santa Croce sull\u2019Arno \u201cFrammenti di Memoria\u201d installazione permanente in via Turi\",\"datePublished\":\"2022-06-23T17:11:59+00:00\",\"dateModified\":\"2022-06-23T17:14:15+00:00\",\"mainEntityOfPage\":{\"@id\":\"https:\/\/comune.santacroce.pi.it\/oldsite\/inaugurata-a-santa-croce-sullarno-frammenti-di-memoria-installazione-permanente-in-via-turi\/\"},\"wordCount\":483,\"publisher\":{\"@id\":\"https:\/\/comune.santacroce.pi.it\/oldsite\/#organization\"},\"image\":{\"@id\":\"https:\/\/comune.santacroce.pi.it\/oldsite\/inaugurata-a-santa-croce-sullarno-frammenti-di-memoria-installazione-permanente-in-via-turi\/#primaryimage\"},\"thumbnailUrl\":\"https:\/\/comune.santacroce.pi.it\/oldsite\/wp-content\/uploads\/2022\/06\/2.jpg\",\"articleSection\":[\"Notizie e informazioni\"],\"inLanguage\":\"it-IT\"},{\"@type\":\"WebPage\",\"@id\":\"https:\/\/comune.santacroce.pi.it\/oldsite\/inaugurata-a-santa-croce-sullarno-frammenti-di-memoria-installazione-permanente-in-via-turi\/\",\"url\":\"https:\/\/comune.santacroce.pi.it\/oldsite\/inaugurata-a-santa-croce-sullarno-frammenti-di-memoria-installazione-permanente-in-via-turi\/\",\"name\":\"Inaugurata a Santa Croce sull\u2019Arno \u201cFrammenti di Memoria\u201d installazione permanente in via Turi - Comune di Santa Croce sull&#039;Arno\",\"isPartOf\":{\"@id\":\"https:\/\/comune.santacroce.pi.it\/oldsite\/#website\"},\"primaryImageOfPage\":{\"@id\":\"https:\/\/comune.santacroce.pi.it\/oldsite\/inaugurata-a-santa-croce-sullarno-frammenti-di-memoria-installazione-permanente-in-via-turi\/#primaryimage\"},\"image\":{\"@id\":\"https:\/\/comune.santacroce.pi.it\/oldsite\/inaugurata-a-santa-croce-sullarno-frammenti-di-memoria-installazione-permanente-in-via-turi\/#primaryimage\"},\"thumbnailUrl\":\"https:\/\/comune.santacroce.pi.it\/oldsite\/wp-content\/uploads\/2022\/06\/2.jpg\",\"datePublished\":\"2022-06-23T17:11:59+00:00\",\"dateModified\":\"2022-06-23T17:14:15+00:00\",\"breadcrumb\":{\"@id\":\"https:\/\/comune.santacroce.pi.it\/oldsite\/inaugurata-a-santa-croce-sullarno-frammenti-di-memoria-installazione-permanente-in-via-turi\/#breadcrumb\"},\"inLanguage\":\"it-IT\",\"potentialAction\":[{\"@type\":\"ReadAction\",\"target\":[\"https:\/\/comune.santacroce.pi.it\/oldsite\/inaugurata-a-santa-croce-sullarno-frammenti-di-memoria-installazione-permanente-in-via-turi\/\"]}]},{\"@type\":\"ImageObject\",\"inLanguage\":\"it-IT\",\"@id\":\"https:\/\/comune.santacroce.pi.it\/oldsite\/inaugurata-a-santa-croce-sullarno-frammenti-di-memoria-installazione-permanente-in-via-turi\/#primaryimage\",\"url\":\"https:\/\/comune.santacroce.pi.it\/oldsite\/wp-content\/uploads\/2022\/06\/2.jpg\",\"contentUrl\":\"https:\/\/comune.santacroce.pi.it\/oldsite\/wp-content\/uploads\/2022\/06\/2.jpg\",\"width\":768,\"height\":1024},{\"@type\":\"BreadcrumbList\",\"@id\":\"https:\/\/comune.santacroce.pi.it\/oldsite\/inaugurata-a-santa-croce-sullarno-frammenti-di-memoria-installazione-permanente-in-via-turi\/#breadcrumb\",\"itemListElement\":[{\"@type\":\"ListItem\",\"position\":1,\"name\":\"Home\",\"item\":\"https:\/\/comune.santacroce.pi.it\/oldsite\/\"},{\"@type\":\"ListItem\",\"position\":2,\"name\":\"Inaugurata a Santa Croce sull\u2019Arno \u201cFrammenti di Memoria\u201d installazione permanente in via Turi\"}]},{\"@type\":\"WebSite\",\"@id\":\"https:\/\/comune.santacroce.pi.it\/oldsite\/#website\",\"url\":\"https:\/\/comune.santacroce.pi.it\/oldsite\/\",\"name\":\"Comune di Santa Croce sull&#039;Arno\",\"description\":\"Provincia di Pisa\",\"publisher\":{\"@id\":\"https:\/\/comune.santacroce.pi.it\/oldsite\/#organization\"},\"potentialAction\":[{\"@type\":\"SearchAction\",\"target\":{\"@type\":\"EntryPoint\",\"urlTemplate\":\"https:\/\/comune.santacroce.pi.it\/oldsite\/?s={search_term_string}\"},\"query-input\":{\"@type\":\"PropertyValueSpecification\",\"valueRequired\":true,\"valueName\":\"search_term_string\"}}],\"inLanguage\":\"it-IT\"},{\"@type\":\"Organization\",\"@id\":\"https:\/\/comune.santacroce.pi.it\/oldsite\/#organization\",\"name\":\"Comune di Santa Croce sull'Arno\",\"url\":\"https:\/\/comune.santacroce.pi.it\/oldsite\/\",\"logo\":{\"@type\":\"ImageObject\",\"inLanguage\":\"it-IT\",\"@id\":\"https:\/\/comune.santacroce.pi.it\/oldsite\/#\/schema\/logo\/image\/\",\"url\":\"https:\/\/comune.santacroce.pi.it\/oldsite\/wp-content\/uploads\/2021\/02\/cropped-Stemma-Santa-Croce-dellArno_500-1.png\",\"contentUrl\":\"https:\/\/comune.santacroce.pi.it\/oldsite\/wp-content\/uploads\/2021\/02\/cropped-Stemma-Santa-Croce-dellArno_500-1.png\",\"width\":500,\"height\":500,\"caption\":\"Comune di Santa Croce sull'Arno\"},\"image\":{\"@id\":\"https:\/\/comune.santacroce.pi.it\/oldsite\/#\/schema\/logo\/image\/\"}},{\"@type\":\"Person\",\"@id\":\"https:\/\/comune.santacroce.pi.it\/oldsite\/#\/schema\/person\/04db4e6ed36f821f4cb9f9416339127c\",\"name\":\"Antonella Strozzalupi\",\"image\":{\"@type\":\"ImageObject\",\"inLanguage\":\"it-IT\",\"@id\":\"https:\/\/comune.santacroce.pi.it\/oldsite\/#\/schema\/person\/image\/\",\"url\":\"https:\/\/secure.gravatar.com\/avatar\/faedd377ff27b8832be9e62f5a523f40?s=96&d=mm&r=g\",\"contentUrl\":\"https:\/\/secure.gravatar.com\/avatar\/faedd377ff27b8832be9e62f5a523f40?s=96&d=mm&r=g\",\"caption\":\"Antonella Strozzalupi\"},\"url\":\"https:\/\/comune.santacroce.pi.it\/oldsite\/author\/astrozzalupi\/\"}]}<\/script>\n<!-- \/ Yoast SEO plugin. -->","yoast_head_json":{"title":"Inaugurata a Santa Croce sull\u2019Arno \u201cFrammenti di Memoria\u201d installazione permanente in via Turi - Comune di Santa Croce sull&#039;Arno","robots":{"index":"index","follow":"follow","max-snippet":"max-snippet:-1","max-image-preview":"max-image-preview:large","max-video-preview":"max-video-preview:-1"},"canonical":"https:\/\/comune.santacroce.pi.it\/oldsite\/inaugurata-a-santa-croce-sullarno-frammenti-di-memoria-installazione-permanente-in-via-turi\/","og_locale":"it_IT","og_type":"article","og_title":"Inaugurata a Santa Croce sull\u2019Arno \u201cFrammenti di Memoria\u201d installazione permanente in via Turi - Comune di Santa Croce sull&#039;Arno","og_description":"E\u2019 stata inaugurata questo pomeriggio la nuova installazione permanente \u201cFrammenti di memoria\u201d in via Turi. Si tratta di sei pannelli che da oggi hanno trovato spazio nelle nicchie del muro [&hellip;]","og_url":"https:\/\/comune.santacroce.pi.it\/oldsite\/inaugurata-a-santa-croce-sullarno-frammenti-di-memoria-installazione-permanente-in-via-turi\/","og_site_name":"Comune di Santa Croce sull&#039;Arno","article_published_time":"2022-06-23T17:11:59+00:00","article_modified_time":"2022-06-23T17:14:15+00:00","og_image":[{"width":768,"height":1024,"url":"https:\/\/comune.santacroce.pi.it\/oldsite\/wp-content\/uploads\/2022\/06\/2.jpg","type":"image\/jpeg"}],"author":"Antonella Strozzalupi","twitter_card":"summary_large_image","twitter_misc":{"Scritto da":"Antonella Strozzalupi","Tempo di lettura stimato":"4 minuti"},"schema":{"@context":"https:\/\/schema.org","@graph":[{"@type":"Article","@id":"https:\/\/comune.santacroce.pi.it\/oldsite\/inaugurata-a-santa-croce-sullarno-frammenti-di-memoria-installazione-permanente-in-via-turi\/#article","isPartOf":{"@id":"https:\/\/comune.santacroce.pi.it\/oldsite\/inaugurata-a-santa-croce-sullarno-frammenti-di-memoria-installazione-permanente-in-via-turi\/"},"author":{"name":"Antonella Strozzalupi","@id":"https:\/\/comune.santacroce.pi.it\/oldsite\/#\/schema\/person\/04db4e6ed36f821f4cb9f9416339127c"},"headline":"Inaugurata a Santa Croce sull\u2019Arno \u201cFrammenti di Memoria\u201d installazione permanente in via Turi","datePublished":"2022-06-23T17:11:59+00:00","dateModified":"2022-06-23T17:14:15+00:00","mainEntityOfPage":{"@id":"https:\/\/comune.santacroce.pi.it\/oldsite\/inaugurata-a-santa-croce-sullarno-frammenti-di-memoria-installazione-permanente-in-via-turi\/"},"wordCount":483,"publisher":{"@id":"https:\/\/comune.santacroce.pi.it\/oldsite\/#organization"},"image":{"@id":"https:\/\/comune.santacroce.pi.it\/oldsite\/inaugurata-a-santa-croce-sullarno-frammenti-di-memoria-installazione-permanente-in-via-turi\/#primaryimage"},"thumbnailUrl":"https:\/\/comune.santacroce.pi.it\/oldsite\/wp-content\/uploads\/2022\/06\/2.jpg","articleSection":["Notizie e informazioni"],"inLanguage":"it-IT"},{"@type":"WebPage","@id":"https:\/\/comune.santacroce.pi.it\/oldsite\/inaugurata-a-santa-croce-sullarno-frammenti-di-memoria-installazione-permanente-in-via-turi\/","url":"https:\/\/comune.santacroce.pi.it\/oldsite\/inaugurata-a-santa-croce-sullarno-frammenti-di-memoria-installazione-permanente-in-via-turi\/","name":"Inaugurata a Santa Croce sull\u2019Arno \u201cFrammenti di Memoria\u201d installazione permanente in via Turi - Comune di Santa Croce sull&#039;Arno","isPartOf":{"@id":"https:\/\/comune.santacroce.pi.it\/oldsite\/#website"},"primaryImageOfPage":{"@id":"https:\/\/comune.santacroce.pi.it\/oldsite\/inaugurata-a-santa-croce-sullarno-frammenti-di-memoria-installazione-permanente-in-via-turi\/#primaryimage"},"image":{"@id":"https:\/\/comune.santacroce.pi.it\/oldsite\/inaugurata-a-santa-croce-sullarno-frammenti-di-memoria-installazione-permanente-in-via-turi\/#primaryimage"},"thumbnailUrl":"https:\/\/comune.santacroce.pi.it\/oldsite\/wp-content\/uploads\/2022\/06\/2.jpg","datePublished":"2022-06-23T17:11:59+00:00","dateModified":"2022-06-23T17:14:15+00:00","breadcrumb":{"@id":"https:\/\/comune.santacroce.pi.it\/oldsite\/inaugurata-a-santa-croce-sullarno-frammenti-di-memoria-installazione-permanente-in-via-turi\/#breadcrumb"},"inLanguage":"it-IT","potentialAction":[{"@type":"ReadAction","target":["https:\/\/comune.santacroce.pi.it\/oldsite\/inaugurata-a-santa-croce-sullarno-frammenti-di-memoria-installazione-permanente-in-via-turi\/"]}]},{"@type":"ImageObject","inLanguage":"it-IT","@id":"https:\/\/comune.santacroce.pi.it\/oldsite\/inaugurata-a-santa-croce-sullarno-frammenti-di-memoria-installazione-permanente-in-via-turi\/#primaryimage","url":"https:\/\/comune.santacroce.pi.it\/oldsite\/wp-content\/uploads\/2022\/06\/2.jpg","contentUrl":"https:\/\/comune.santacroce.pi.it\/oldsite\/wp-content\/uploads\/2022\/06\/2.jpg","width":768,"height":1024},{"@type":"BreadcrumbList","@id":"https:\/\/comune.santacroce.pi.it\/oldsite\/inaugurata-a-santa-croce-sullarno-frammenti-di-memoria-installazione-permanente-in-via-turi\/#breadcrumb","itemListElement":[{"@type":"ListItem","position":1,"name":"Home","item":"https:\/\/comune.santacroce.pi.it\/oldsite\/"},{"@type":"ListItem","position":2,"name":"Inaugurata a Santa Croce sull\u2019Arno \u201cFrammenti di Memoria\u201d installazione permanente in via Turi"}]},{"@type":"WebSite","@id":"https:\/\/comune.santacroce.pi.it\/oldsite\/#website","url":"https:\/\/comune.santacroce.pi.it\/oldsite\/","name":"Comune di Santa Croce sull&#039;Arno","description":"Provincia di Pisa","publisher":{"@id":"https:\/\/comune.santacroce.pi.it\/oldsite\/#organization"},"potentialAction":[{"@type":"SearchAction","target":{"@type":"EntryPoint","urlTemplate":"https:\/\/comune.santacroce.pi.it\/oldsite\/?s={search_term_string}"},"query-input":{"@type":"PropertyValueSpecification","valueRequired":true,"valueName":"search_term_string"}}],"inLanguage":"it-IT"},{"@type":"Organization","@id":"https:\/\/comune.santacroce.pi.it\/oldsite\/#organization","name":"Comune di Santa Croce sull'Arno","url":"https:\/\/comune.santacroce.pi.it\/oldsite\/","logo":{"@type":"ImageObject","inLanguage":"it-IT","@id":"https:\/\/comune.santacroce.pi.it\/oldsite\/#\/schema\/logo\/image\/","url":"https:\/\/comune.santacroce.pi.it\/oldsite\/wp-content\/uploads\/2021\/02\/cropped-Stemma-Santa-Croce-dellArno_500-1.png","contentUrl":"https:\/\/comune.santacroce.pi.it\/oldsite\/wp-content\/uploads\/2021\/02\/cropped-Stemma-Santa-Croce-dellArno_500-1.png","width":500,"height":500,"caption":"Comune di Santa Croce sull'Arno"},"image":{"@id":"https:\/\/comune.santacroce.pi.it\/oldsite\/#\/schema\/logo\/image\/"}},{"@type":"Person","@id":"https:\/\/comune.santacroce.pi.it\/oldsite\/#\/schema\/person\/04db4e6ed36f821f4cb9f9416339127c","name":"Antonella Strozzalupi","image":{"@type":"ImageObject","inLanguage":"it-IT","@id":"https:\/\/comune.santacroce.pi.it\/oldsite\/#\/schema\/person\/image\/","url":"https:\/\/secure.gravatar.com\/avatar\/faedd377ff27b8832be9e62f5a523f40?s=96&d=mm&r=g","contentUrl":"https:\/\/secure.gravatar.com\/avatar\/faedd377ff27b8832be9e62f5a523f40?s=96&d=mm&r=g","caption":"Antonella Strozzalupi"},"url":"https:\/\/comune.santacroce.pi.it\/oldsite\/author\/astrozzalupi\/"}]}},"jetpack_featured_media_url":"https:\/\/comune.santacroce.pi.it\/oldsite\/wp-content\/uploads\/2022\/06\/2.jpg","meta_box":{"comunicacity_sync":"1","cc4_urg_colore":"rosso","cc4_urg_data_inizio":"","cc4_urg_data_fine":"","cc4_cor_positivi_oggi":"","cc4_cor_negativizzati_oggi":"","cc4_cor_deceduti_oggi":"","cc4_cor_positivi_totali":"","cc4_cor_negativizzati_totali":"","cc4_cor_deceduti_totali":"","cc4_cor_attualmente_positivi":"","cc4_eve_data_inizio":"","cc4_eve_data_fine":"","cc4_eve_indirizzo":"","cc4_eve_posizione":{"latitude":"0","longitude":"0","zoom":"0"},"cc4_eve_telefono":"","cc4_eve_email":"","cc4_eve_web":"","cc4_eve_fb":""},"_links":{"self":[{"href":"https:\/\/comune.santacroce.pi.it\/oldsite\/wp-json\/wp\/v2\/posts\/20130","targetHints":{"allow":["GET"]}}],"collection":[{"href":"https:\/\/comune.santacroce.pi.it\/oldsite\/wp-json\/wp\/v2\/posts"}],"about":[{"href":"https:\/\/comune.santacroce.pi.it\/oldsite\/wp-json\/wp\/v2\/types\/post"}],"author":[{"embeddable":true,"href":"https:\/\/comune.santacroce.pi.it\/oldsite\/wp-json\/wp\/v2\/users\/17"}],"replies":[{"embeddable":true,"href":"https:\/\/comune.santacroce.pi.it\/oldsite\/wp-json\/wp\/v2\/comments?post=20130"}],"version-history":[{"count":0,"href":"https:\/\/comune.santacroce.pi.it\/oldsite\/wp-json\/wp\/v2\/posts\/20130\/revisions"}],"wp:featuredmedia":[{"embeddable":true,"href":"https:\/\/comune.santacroce.pi.it\/oldsite\/wp-json\/wp\/v2\/media\/20132"}],"wp:attachment":[{"href":"https:\/\/comune.santacroce.pi.it\/oldsite\/wp-json\/wp\/v2\/media?parent=20130"}],"wp:term":[{"taxonomy":"category","embeddable":true,"href":"https:\/\/comune.santacroce.pi.it\/oldsite\/wp-json\/wp\/v2\/categories?post=20130"},{"taxonomy":"post_tag","embeddable":true,"href":"https:\/\/comune.santacroce.pi.it\/oldsite\/wp-json\/wp\/v2\/tags?post=20130"}],"curies":[{"name":"wp","href":"https:\/\/api.w.org\/{rel}","templated":true}]}}