{"id":19968,"date":"2022-05-28T15:14:26","date_gmt":"2022-05-28T13:14:26","guid":{"rendered":"https:\/\/comune.santacroce.pi.it\/oldsite\/?p=19968"},"modified":"2022-05-28T15:15:03","modified_gmt":"2022-05-28T13:15:03","slug":"piatto-della-mamma-2022","status":"publish","type":"post","link":"https:\/\/comune.santacroce.pi.it\/oldsite\/piatto-della-mamma-2022\/","title":{"rendered":"Piatto della Mamma 2022"},"content":{"rendered":"<p>Tutta staffolese l\u2019edizione del Piatto della Mamma 2022! Ad aggiudicarsi i premi \u00e8 infatti Giorgio Trepiedi con la pasta primavera di Treppo della Scuola Primaria Torello Della Maggiore che vince il piatto della mamma e il primo premio della critica in memoria di Mario Villa.<br \/>\nLo storico concorso, che organizza il Comune di Santa Croce sull\u2019Arno sul tema dell\u2019educazione alimentare, si \u00e8 svolto questa mattina presso la sede della Cucina Scolastica Comunale e della Scuola d\u2019Infanzia \u201cAlbero Azzurro\u201d.<br \/>\nUn\u2019edizione, quella di quest\u2019anno, molto particolare che ha finalmente il sapore della libert\u00e0 ritrovata. La libert\u00e0 di stare di nuovo insieme dopo gli ultimi due anni trascorsi.<br \/>\nOgni scuola (Nido, Infanzia e Primarie) ha presentato una ricetta e una giuria composta da bambini, genitori ed insegnanti di tutte le scuole coinvolte ha eletto il \u201cPiatto della mamma\u201d 2022.<br \/>\nUna giornata molto partecipata, circa 400 le persone presenti tra bambini e genitori.<br \/>\nSono intervenuti la sindaca Giulia Deidda, l\u2019assessora alle Politiche Educative Elisa Bertelli, in rappresentanza dell\u2019Istituto Comprensivo di Santa Croce sull\u2019Arno Linda Palmiero, oltre ai medici pediatri che operano sul territorio, le insegnanti di tutte le nostre scuole, tutti a rappresentare l\u2019importante rete di collaborazione e progettazione che tutto l\u2019anno lavora con il Comune di Santa Croce sull\u2019Arno sul tema dell\u2019educazione alimentare.<br \/>\nMolte le attivit\u00e0 svolte durante la mattinata in cui sono stati coinvolti i bambini e le famiglie: laboratori di fruit painting, show cooking dei pasticceri di Santa Croce sull\u2019Arno Vacchetta e Fornaretto, Scuole di Cucina Bambini e genitori.<br \/>\nTutti progetti condotti nelle scuole e nella Cucina Scolastica Comunale durante l\u2019anno scolastico.<br \/>\nE per finire la degustazione dei piatti in gara proposti dai genitori e realizzati con le straordinarie cuoche della Cucina Scolastica Comunale che da ormai molti anni sostengono con passione e impegno un\u2019importante progettualit\u00e0 oltre alla quotidiana preparazione di un totale di 800 pasti al giorno per i nidi e le scuole del Comune.<\/p>\n<p>\u201cFelicissima di aver potuto assistere di nuovo a questa iniziativa. &#8211; dichiara la sindaca Giulia Deidda &#8211; Le famiglie, da sempre, fanno parte integrante dei nostri servizi educativi. La partecipazione rappresenta un pilastro fondamentale delle politiche dell&#8217;Amministrazione Comunale. La lontananza di questi due anni a causa dell&#8217;emergenza sanitaria dopo stamattina \u00e8 solo un lontano ricordo. Colgo l\u2019occasione per ringraziare i nostri servizi, la cucina centralizzata in primis, e le scuole che, con grande entusiasmo, sono sempre pronte a costruire con noi belle opportunit\u00e0 educative per le nostre bambine e i nostri bambini.\u201d<\/p>\n<p>\u201cLa giornata appena trascorsa ci ha reso il significato tangibile dell&#8217;investimento nella gestione diretta dei servizi in favore dell&#8217;infanzia. &#8211; aggiunge l\u2019assessora ai servizi educativi e scolastici Elisa Bertelli &#8211; Una scelta coraggiosa dell&#8217;Amministrazione in tempi di forti contrazioni della spesa pubblica. La partecipazione di stamattina ci restituisce la certezza di continuare a fare la scelta giusta per le bambine e i bambini di Santa Croce sull&#8217;Arno\u201d<\/p>\n<p>L\u2019Amministrazione Comunale, da sempre, crede fermamente nella bont\u00e0 di questa scelta visto il grande risultato ottenuto in termini di qualit\u00e0 e che continua a credere nel servizio pubblico di qualit\u00e0, ringrazia tutte le famiglie intervenute e d\u00e0 appuntamento al prossimo anno.<\/p>\n<p>Santa Croce sull\u2019Arno,\u00a028 Maggio 2022<br \/>\nFonte: Ufficio Comunicazione Comune di Santa Croce sull&#8217;Arno<\/p>\n<div id=\"gt3pg_gallery1\" class=\"gt3pg_galleryid-19968 gt3pg_gallery-columns-3 gt3pg_photo_gallery gt3pg-corner-type-standard gt3pg_hover-default gt3pg-type-rectangle\" data-size=\"thumbnail\" data-type=\"rectangle\" data-corner=\"standard\" data-link=\"lightbox\" data-margin=\"30\" data-instance=\"1\"><figure class=\"gt3pg_gallery-item gt3pg_element\"><div class=\"gt3pg_item_main_wrapper\"><div class=\"gt3pg_item-wrapper\"><a href=\"https:\/\/comune.santacroce.pi.it\/oldsite\/wp-content\/uploads\/2022\/05\/1-768x576.jpeg\" class=\"gt3pg_swipebox \" data-description=\"\"><div class=\"gt3pg_img_wrap landscape\" style=\"background-image: url(https:\/\/comune.santacroce.pi.it\/oldsite\/wp-content\/uploads\/2022\/05\/1-768x576.jpeg);\" data-width=\"1024\" data-height=\"768\" data-i=\"1\" >\r\n<img decoding=\"async\" src=\"https:\/\/comune.santacroce.pi.it\/oldsite\/wp-content\/uploads\/2022\/05\/1-768x576.jpeg\" title=\"\" alt=\"\" \/>\r\n<\/div><\/a>\n<\/div>\n <\/div><\/figure>\n<figure class=\"gt3pg_gallery-item gt3pg_element\"><div class=\"gt3pg_item_main_wrapper\"><div class=\"gt3pg_item-wrapper\"><a href=\"https:\/\/comune.santacroce.pi.it\/oldsite\/wp-content\/uploads\/2022\/05\/2.jpeg\" class=\"gt3pg_swipebox \" data-description=\"\"><div class=\"gt3pg_img_wrap portrait\" style=\"background-image: url(https:\/\/comune.santacroce.pi.it\/oldsite\/wp-content\/uploads\/2022\/05\/2.jpeg);\" data-width=\"768\" data-height=\"1024\" data-i=\"2\" >\r\n<img decoding=\"async\" src=\"https:\/\/comune.santacroce.pi.it\/oldsite\/wp-content\/uploads\/2022\/05\/2.jpeg\" title=\"\" alt=\"\" \/>\r\n<\/div><\/a>\n<\/div>\n<figcaption class=\"gt3pg_caption_text\" id=\"gt3pg_gallery1-caption-19970\">il vincitore del premio della critica Mario Villa Giorgio Trepiedi<\/figcaption><\/div><\/figure>\n<figure class=\"gt3pg_gallery-item gt3pg_element\"><div class=\"gt3pg_item_main_wrapper\"><div class=\"gt3pg_item-wrapper\"><a href=\"https:\/\/comune.santacroce.pi.it\/oldsite\/wp-content\/uploads\/2022\/05\/3.jpeg\" class=\"gt3pg_swipebox \" data-description=\"\"><div class=\"gt3pg_img_wrap portrait\" style=\"background-image: url(https:\/\/comune.santacroce.pi.it\/oldsite\/wp-content\/uploads\/2022\/05\/3.jpeg);\" data-width=\"768\" data-height=\"1024\" data-i=\"3\" >\r\n<img decoding=\"async\" src=\"https:\/\/comune.santacroce.pi.it\/oldsite\/wp-content\/uploads\/2022\/05\/3.jpeg\" title=\"\" alt=\"\" \/>\r\n<\/div><\/a>\n<\/div>\n<figcaption class=\"gt3pg_caption_text\" id=\"gt3pg_gallery1-caption-19971\">Il vincitore del Piatto della Mamma 2022 Giorgio Trepiedi<\/figcaption><\/div><\/figure>\n<figure class=\"gt3pg_gallery-item gt3pg_element\"><div class=\"gt3pg_item_main_wrapper\"><div class=\"gt3pg_item-wrapper\"><a href=\"https:\/\/comune.santacroce.pi.it\/oldsite\/wp-content\/uploads\/2022\/05\/4-768x576.jpeg\" class=\"gt3pg_swipebox \" data-description=\"\"><div class=\"gt3pg_img_wrap landscape\" style=\"background-image: url(https:\/\/comune.santacroce.pi.it\/oldsite\/wp-content\/uploads\/2022\/05\/4-768x576.jpeg);\" data-width=\"1024\" data-height=\"768\" data-i=\"4\" >\r\n<img decoding=\"async\" src=\"https:\/\/comune.santacroce.pi.it\/oldsite\/wp-content\/uploads\/2022\/05\/4-768x576.jpeg\" title=\"\" alt=\"\" \/>\r\n<\/div><\/a>\n<\/div>\n <\/div><\/figure>\n<figure class=\"gt3pg_gallery-item gt3pg_element\"><div class=\"gt3pg_item_main_wrapper\"><div class=\"gt3pg_item-wrapper\"><a href=\"https:\/\/comune.santacroce.pi.it\/oldsite\/wp-content\/uploads\/2022\/05\/5.jpeg\" class=\"gt3pg_swipebox \" data-description=\"\"><div class=\"gt3pg_img_wrap portrait\" style=\"background-image: url(https:\/\/comune.santacroce.pi.it\/oldsite\/wp-content\/uploads\/2022\/05\/5.jpeg);\" data-width=\"768\" data-height=\"1024\" data-i=\"5\" >\r\n<img decoding=\"async\" src=\"https:\/\/comune.santacroce.pi.it\/oldsite\/wp-content\/uploads\/2022\/05\/5.jpeg\" title=\"\" alt=\"\" \/>\r\n<\/div><\/a>\n<\/div>\n <\/div><\/figure>\n<\/div>\n <style type='text\/css'>\r\n\t\t\t#gt3pg_gallery1 .gt3pg_item_main_wrapper {\r\n\t\t\t\tpadding: 15px\r\n\t\t\t}\r\n\t\t\t<\/style>\n\t\t\n","protected":false},"excerpt":{"rendered":"<p>Tutta staffolese l\u2019edizione del Piatto della Mamma 2022! Ad aggiudicarsi i premi \u00e8 infatti Giorgio Trepiedi con la pasta primavera di Treppo della Scuola Primaria Torello Della Maggiore che vince [&hellip;]<\/p>\n","protected":false},"author":15,"featured_media":19971,"comment_status":"closed","ping_status":"closed","sticky":false,"template":"","format":"standard","meta":{"footnotes":""},"categories":[1],"tags":[],"class_list":["post-19968","post","type-post","status-publish","format-standard","has-post-thumbnail","hentry","category-notizie-e-informazioni"],"yoast_head":"<!-- This site is optimized with the Yoast SEO plugin v24.7 - https:\/\/yoast.com\/wordpress\/plugins\/seo\/ -->\n<title>Piatto della Mamma 2022 - Comune di Santa Croce sull&#039;Arno<\/title>\n<meta name=\"robots\" content=\"index, follow, max-snippet:-1, max-image-preview:large, max-video-preview:-1\" \/>\n<link rel=\"canonical\" href=\"https:\/\/comune.santacroce.pi.it\/oldsite\/piatto-della-mamma-2022\/\" \/>\n<meta property=\"og:locale\" content=\"it_IT\" \/>\n<meta property=\"og:type\" content=\"article\" \/>\n<meta property=\"og:title\" content=\"Piatto della Mamma 2022 - Comune di Santa Croce sull&#039;Arno\" \/>\n<meta property=\"og:description\" content=\"Tutta staffolese l\u2019edizione del Piatto della Mamma 2022! Ad aggiudicarsi i premi \u00e8 infatti Giorgio Trepiedi con la pasta primavera di Treppo della Scuola Primaria Torello Della Maggiore che vince [&hellip;]\" \/>\n<meta property=\"og:url\" content=\"https:\/\/comune.santacroce.pi.it\/oldsite\/piatto-della-mamma-2022\/\" \/>\n<meta property=\"og:site_name\" content=\"Comune di Santa Croce sull&#039;Arno\" \/>\n<meta property=\"article:published_time\" content=\"2022-05-28T13:14:26+00:00\" \/>\n<meta property=\"article:modified_time\" content=\"2022-05-28T13:15:03+00:00\" \/>\n<meta property=\"og:image\" content=\"https:\/\/comune.santacroce.pi.it\/oldsite\/wp-content\/uploads\/2022\/05\/3.jpeg\" \/>\n\t<meta property=\"og:image:width\" content=\"768\" \/>\n\t<meta property=\"og:image:height\" content=\"1024\" \/>\n\t<meta property=\"og:image:type\" content=\"image\/jpeg\" \/>\n<meta name=\"author\" content=\"Martina Menicucci\" \/>\n<meta name=\"twitter:card\" content=\"summary_large_image\" \/>\n<meta name=\"twitter:label1\" content=\"Scritto da\" \/>\n\t<meta name=\"twitter:data1\" content=\"Martina Menicucci\" \/>\n\t<meta name=\"twitter:label2\" content=\"Tempo di lettura stimato\" \/>\n\t<meta name=\"twitter:data2\" content=\"3 minuti\" \/>\n<script type=\"application\/ld+json\" class=\"yoast-schema-graph\">{\"@context\":\"https:\/\/schema.org\",\"@graph\":[{\"@type\":\"Article\",\"@id\":\"https:\/\/comune.santacroce.pi.it\/oldsite\/piatto-della-mamma-2022\/#article\",\"isPartOf\":{\"@id\":\"https:\/\/comune.santacroce.pi.it\/oldsite\/piatto-della-mamma-2022\/\"},\"author\":{\"name\":\"Martina Menicucci\",\"@id\":\"https:\/\/comune.santacroce.pi.it\/oldsite\/#\/schema\/person\/475e14b32ccc85c4d620fead5c3d5cad\"},\"headline\":\"Piatto della Mamma 2022\",\"datePublished\":\"2022-05-28T13:14:26+00:00\",\"dateModified\":\"2022-05-28T13:15:03+00:00\",\"mainEntityOfPage\":{\"@id\":\"https:\/\/comune.santacroce.pi.it\/oldsite\/piatto-della-mamma-2022\/\"},\"wordCount\":552,\"publisher\":{\"@id\":\"https:\/\/comune.santacroce.pi.it\/oldsite\/#organization\"},\"image\":{\"@id\":\"https:\/\/comune.santacroce.pi.it\/oldsite\/piatto-della-mamma-2022\/#primaryimage\"},\"thumbnailUrl\":\"https:\/\/comune.santacroce.pi.it\/oldsite\/wp-content\/uploads\/2022\/05\/3.jpeg\",\"articleSection\":[\"Notizie e informazioni\"],\"inLanguage\":\"it-IT\"},{\"@type\":\"WebPage\",\"@id\":\"https:\/\/comune.santacroce.pi.it\/oldsite\/piatto-della-mamma-2022\/\",\"url\":\"https:\/\/comune.santacroce.pi.it\/oldsite\/piatto-della-mamma-2022\/\",\"name\":\"Piatto della Mamma 2022 - Comune di Santa Croce sull&#039;Arno\",\"isPartOf\":{\"@id\":\"https:\/\/comune.santacroce.pi.it\/oldsite\/#website\"},\"primaryImageOfPage\":{\"@id\":\"https:\/\/comune.santacroce.pi.it\/oldsite\/piatto-della-mamma-2022\/#primaryimage\"},\"image\":{\"@id\":\"https:\/\/comune.santacroce.pi.it\/oldsite\/piatto-della-mamma-2022\/#primaryimage\"},\"thumbnailUrl\":\"https:\/\/comune.santacroce.pi.it\/oldsite\/wp-content\/uploads\/2022\/05\/3.jpeg\",\"datePublished\":\"2022-05-28T13:14:26+00:00\",\"dateModified\":\"2022-05-28T13:15:03+00:00\",\"breadcrumb\":{\"@id\":\"https:\/\/comune.santacroce.pi.it\/oldsite\/piatto-della-mamma-2022\/#breadcrumb\"},\"inLanguage\":\"it-IT\",\"potentialAction\":[{\"@type\":\"ReadAction\",\"target\":[\"https:\/\/comune.santacroce.pi.it\/oldsite\/piatto-della-mamma-2022\/\"]}]},{\"@type\":\"ImageObject\",\"inLanguage\":\"it-IT\",\"@id\":\"https:\/\/comune.santacroce.pi.it\/oldsite\/piatto-della-mamma-2022\/#primaryimage\",\"url\":\"https:\/\/comune.santacroce.pi.it\/oldsite\/wp-content\/uploads\/2022\/05\/3.jpeg\",\"contentUrl\":\"https:\/\/comune.santacroce.pi.it\/oldsite\/wp-content\/uploads\/2022\/05\/3.jpeg\",\"width\":768,\"height\":1024,\"caption\":\"Il vincitore del Piatto della Mamma 2022 Giorgio Trepiedi\"},{\"@type\":\"BreadcrumbList\",\"@id\":\"https:\/\/comune.santacroce.pi.it\/oldsite\/piatto-della-mamma-2022\/#breadcrumb\",\"itemListElement\":[{\"@type\":\"ListItem\",\"position\":1,\"name\":\"Home\",\"item\":\"https:\/\/comune.santacroce.pi.it\/oldsite\/\"},{\"@type\":\"ListItem\",\"position\":2,\"name\":\"Piatto della Mamma 2022\"}]},{\"@type\":\"WebSite\",\"@id\":\"https:\/\/comune.santacroce.pi.it\/oldsite\/#website\",\"url\":\"https:\/\/comune.santacroce.pi.it\/oldsite\/\",\"name\":\"Comune di Santa Croce sull&#039;Arno\",\"description\":\"Provincia di Pisa\",\"publisher\":{\"@id\":\"https:\/\/comune.santacroce.pi.it\/oldsite\/#organization\"},\"potentialAction\":[{\"@type\":\"SearchAction\",\"target\":{\"@type\":\"EntryPoint\",\"urlTemplate\":\"https:\/\/comune.santacroce.pi.it\/oldsite\/?s={search_term_string}\"},\"query-input\":{\"@type\":\"PropertyValueSpecification\",\"valueRequired\":true,\"valueName\":\"search_term_string\"}}],\"inLanguage\":\"it-IT\"},{\"@type\":\"Organization\",\"@id\":\"https:\/\/comune.santacroce.pi.it\/oldsite\/#organization\",\"name\":\"Comune di Santa Croce sull'Arno\",\"url\":\"https:\/\/comune.santacroce.pi.it\/oldsite\/\",\"logo\":{\"@type\":\"ImageObject\",\"inLanguage\":\"it-IT\",\"@id\":\"https:\/\/comune.santacroce.pi.it\/oldsite\/#\/schema\/logo\/image\/\",\"url\":\"https:\/\/comune.santacroce.pi.it\/oldsite\/wp-content\/uploads\/2021\/02\/cropped-Stemma-Santa-Croce-dellArno_500-1.png\",\"contentUrl\":\"https:\/\/comune.santacroce.pi.it\/oldsite\/wp-content\/uploads\/2021\/02\/cropped-Stemma-Santa-Croce-dellArno_500-1.png\",\"width\":500,\"height\":500,\"caption\":\"Comune di Santa Croce sull'Arno\"},\"image\":{\"@id\":\"https:\/\/comune.santacroce.pi.it\/oldsite\/#\/schema\/logo\/image\/\"}},{\"@type\":\"Person\",\"@id\":\"https:\/\/comune.santacroce.pi.it\/oldsite\/#\/schema\/person\/475e14b32ccc85c4d620fead5c3d5cad\",\"name\":\"Martina Menicucci\",\"image\":{\"@type\":\"ImageObject\",\"inLanguage\":\"it-IT\",\"@id\":\"https:\/\/comune.santacroce.pi.it\/oldsite\/#\/schema\/person\/image\/\",\"url\":\"https:\/\/secure.gravatar.com\/avatar\/1318bce079e45e012feb41abc1e3c7e7?s=96&d=mm&r=g\",\"contentUrl\":\"https:\/\/secure.gravatar.com\/avatar\/1318bce079e45e012feb41abc1e3c7e7?s=96&d=mm&r=g\",\"caption\":\"Martina Menicucci\"},\"url\":\"https:\/\/comune.santacroce.pi.it\/oldsite\/author\/mmenicucci\/\"}]}<\/script>\n<!-- \/ Yoast SEO plugin. -->","yoast_head_json":{"title":"Piatto della Mamma 2022 - Comune di Santa Croce sull&#039;Arno","robots":{"index":"index","follow":"follow","max-snippet":"max-snippet:-1","max-image-preview":"max-image-preview:large","max-video-preview":"max-video-preview:-1"},"canonical":"https:\/\/comune.santacroce.pi.it\/oldsite\/piatto-della-mamma-2022\/","og_locale":"it_IT","og_type":"article","og_title":"Piatto della Mamma 2022 - Comune di Santa Croce sull&#039;Arno","og_description":"Tutta staffolese l\u2019edizione del Piatto della Mamma 2022! Ad aggiudicarsi i premi \u00e8 infatti Giorgio Trepiedi con la pasta primavera di Treppo della Scuola Primaria Torello Della Maggiore che vince [&hellip;]","og_url":"https:\/\/comune.santacroce.pi.it\/oldsite\/piatto-della-mamma-2022\/","og_site_name":"Comune di Santa Croce sull&#039;Arno","article_published_time":"2022-05-28T13:14:26+00:00","article_modified_time":"2022-05-28T13:15:03+00:00","og_image":[{"width":768,"height":1024,"url":"https:\/\/comune.santacroce.pi.it\/oldsite\/wp-content\/uploads\/2022\/05\/3.jpeg","type":"image\/jpeg"}],"author":"Martina Menicucci","twitter_card":"summary_large_image","twitter_misc":{"Scritto da":"Martina Menicucci","Tempo di lettura stimato":"3 minuti"},"schema":{"@context":"https:\/\/schema.org","@graph":[{"@type":"Article","@id":"https:\/\/comune.santacroce.pi.it\/oldsite\/piatto-della-mamma-2022\/#article","isPartOf":{"@id":"https:\/\/comune.santacroce.pi.it\/oldsite\/piatto-della-mamma-2022\/"},"author":{"name":"Martina Menicucci","@id":"https:\/\/comune.santacroce.pi.it\/oldsite\/#\/schema\/person\/475e14b32ccc85c4d620fead5c3d5cad"},"headline":"Piatto della Mamma 2022","datePublished":"2022-05-28T13:14:26+00:00","dateModified":"2022-05-28T13:15:03+00:00","mainEntityOfPage":{"@id":"https:\/\/comune.santacroce.pi.it\/oldsite\/piatto-della-mamma-2022\/"},"wordCount":552,"publisher":{"@id":"https:\/\/comune.santacroce.pi.it\/oldsite\/#organization"},"image":{"@id":"https:\/\/comune.santacroce.pi.it\/oldsite\/piatto-della-mamma-2022\/#primaryimage"},"thumbnailUrl":"https:\/\/comune.santacroce.pi.it\/oldsite\/wp-content\/uploads\/2022\/05\/3.jpeg","articleSection":["Notizie e informazioni"],"inLanguage":"it-IT"},{"@type":"WebPage","@id":"https:\/\/comune.santacroce.pi.it\/oldsite\/piatto-della-mamma-2022\/","url":"https:\/\/comune.santacroce.pi.it\/oldsite\/piatto-della-mamma-2022\/","name":"Piatto della Mamma 2022 - Comune di Santa Croce sull&#039;Arno","isPartOf":{"@id":"https:\/\/comune.santacroce.pi.it\/oldsite\/#website"},"primaryImageOfPage":{"@id":"https:\/\/comune.santacroce.pi.it\/oldsite\/piatto-della-mamma-2022\/#primaryimage"},"image":{"@id":"https:\/\/comune.santacroce.pi.it\/oldsite\/piatto-della-mamma-2022\/#primaryimage"},"thumbnailUrl":"https:\/\/comune.santacroce.pi.it\/oldsite\/wp-content\/uploads\/2022\/05\/3.jpeg","datePublished":"2022-05-28T13:14:26+00:00","dateModified":"2022-05-28T13:15:03+00:00","breadcrumb":{"@id":"https:\/\/comune.santacroce.pi.it\/oldsite\/piatto-della-mamma-2022\/#breadcrumb"},"inLanguage":"it-IT","potentialAction":[{"@type":"ReadAction","target":["https:\/\/comune.santacroce.pi.it\/oldsite\/piatto-della-mamma-2022\/"]}]},{"@type":"ImageObject","inLanguage":"it-IT","@id":"https:\/\/comune.santacroce.pi.it\/oldsite\/piatto-della-mamma-2022\/#primaryimage","url":"https:\/\/comune.santacroce.pi.it\/oldsite\/wp-content\/uploads\/2022\/05\/3.jpeg","contentUrl":"https:\/\/comune.santacroce.pi.it\/oldsite\/wp-content\/uploads\/2022\/05\/3.jpeg","width":768,"height":1024,"caption":"Il vincitore del Piatto della Mamma 2022 Giorgio Trepiedi"},{"@type":"BreadcrumbList","@id":"https:\/\/comune.santacroce.pi.it\/oldsite\/piatto-della-mamma-2022\/#breadcrumb","itemListElement":[{"@type":"ListItem","position":1,"name":"Home","item":"https:\/\/comune.santacroce.pi.it\/oldsite\/"},{"@type":"ListItem","position":2,"name":"Piatto della Mamma 2022"}]},{"@type":"WebSite","@id":"https:\/\/comune.santacroce.pi.it\/oldsite\/#website","url":"https:\/\/comune.santacroce.pi.it\/oldsite\/","name":"Comune di Santa Croce sull&#039;Arno","description":"Provincia di Pisa","publisher":{"@id":"https:\/\/comune.santacroce.pi.it\/oldsite\/#organization"},"potentialAction":[{"@type":"SearchAction","target":{"@type":"EntryPoint","urlTemplate":"https:\/\/comune.santacroce.pi.it\/oldsite\/?s={search_term_string}"},"query-input":{"@type":"PropertyValueSpecification","valueRequired":true,"valueName":"search_term_string"}}],"inLanguage":"it-IT"},{"@type":"Organization","@id":"https:\/\/comune.santacroce.pi.it\/oldsite\/#organization","name":"Comune di Santa Croce sull'Arno","url":"https:\/\/comune.santacroce.pi.it\/oldsite\/","logo":{"@type":"ImageObject","inLanguage":"it-IT","@id":"https:\/\/comune.santacroce.pi.it\/oldsite\/#\/schema\/logo\/image\/","url":"https:\/\/comune.santacroce.pi.it\/oldsite\/wp-content\/uploads\/2021\/02\/cropped-Stemma-Santa-Croce-dellArno_500-1.png","contentUrl":"https:\/\/comune.santacroce.pi.it\/oldsite\/wp-content\/uploads\/2021\/02\/cropped-Stemma-Santa-Croce-dellArno_500-1.png","width":500,"height":500,"caption":"Comune di Santa Croce sull'Arno"},"image":{"@id":"https:\/\/comune.santacroce.pi.it\/oldsite\/#\/schema\/logo\/image\/"}},{"@type":"Person","@id":"https:\/\/comune.santacroce.pi.it\/oldsite\/#\/schema\/person\/475e14b32ccc85c4d620fead5c3d5cad","name":"Martina Menicucci","image":{"@type":"ImageObject","inLanguage":"it-IT","@id":"https:\/\/comune.santacroce.pi.it\/oldsite\/#\/schema\/person\/image\/","url":"https:\/\/secure.gravatar.com\/avatar\/1318bce079e45e012feb41abc1e3c7e7?s=96&d=mm&r=g","contentUrl":"https:\/\/secure.gravatar.com\/avatar\/1318bce079e45e012feb41abc1e3c7e7?s=96&d=mm&r=g","caption":"Martina Menicucci"},"url":"https:\/\/comune.santacroce.pi.it\/oldsite\/author\/mmenicucci\/"}]}},"jetpack_featured_media_url":"https:\/\/comune.santacroce.pi.it\/oldsite\/wp-content\/uploads\/2022\/05\/3.jpeg","meta_box":{"comunicacity_sync":"1","cc4_urg_colore":"rosso","cc4_urg_data_inizio":"","cc4_urg_data_fine":"","cc4_cor_positivi_oggi":"","cc4_cor_negativizzati_oggi":"","cc4_cor_deceduti_oggi":"","cc4_cor_positivi_totali":"","cc4_cor_negativizzati_totali":"","cc4_cor_deceduti_totali":"","cc4_cor_attualmente_positivi":"","cc4_eve_data_inizio":"","cc4_eve_data_fine":"","cc4_eve_indirizzo":"","cc4_eve_posizione":{"latitude":"0","longitude":"0","zoom":"0"},"cc4_eve_telefono":"","cc4_eve_email":"","cc4_eve_web":"","cc4_eve_fb":""},"_links":{"self":[{"href":"https:\/\/comune.santacroce.pi.it\/oldsite\/wp-json\/wp\/v2\/posts\/19968","targetHints":{"allow":["GET"]}}],"collection":[{"href":"https:\/\/comune.santacroce.pi.it\/oldsite\/wp-json\/wp\/v2\/posts"}],"about":[{"href":"https:\/\/comune.santacroce.pi.it\/oldsite\/wp-json\/wp\/v2\/types\/post"}],"author":[{"embeddable":true,"href":"https:\/\/comune.santacroce.pi.it\/oldsite\/wp-json\/wp\/v2\/users\/15"}],"replies":[{"embeddable":true,"href":"https:\/\/comune.santacroce.pi.it\/oldsite\/wp-json\/wp\/v2\/comments?post=19968"}],"version-history":[{"count":0,"href":"https:\/\/comune.santacroce.pi.it\/oldsite\/wp-json\/wp\/v2\/posts\/19968\/revisions"}],"wp:featuredmedia":[{"embeddable":true,"href":"https:\/\/comune.santacroce.pi.it\/oldsite\/wp-json\/wp\/v2\/media\/19971"}],"wp:attachment":[{"href":"https:\/\/comune.santacroce.pi.it\/oldsite\/wp-json\/wp\/v2\/media?parent=19968"}],"wp:term":[{"taxonomy":"category","embeddable":true,"href":"https:\/\/comune.santacroce.pi.it\/oldsite\/wp-json\/wp\/v2\/categories?post=19968"},{"taxonomy":"post_tag","embeddable":true,"href":"https:\/\/comune.santacroce.pi.it\/oldsite\/wp-json\/wp\/v2\/tags?post=19968"}],"curies":[{"name":"wp","href":"https:\/\/api.w.org\/{rel}","templated":true}]}}