{"id":19872,"date":"2022-05-13T12:23:25","date_gmt":"2022-05-13T10:23:25","guid":{"rendered":"https:\/\/comune.santacroce.pi.it\/oldsite\/?p=19872"},"modified":"2022-10-18T09:57:31","modified_gmt":"2022-10-18T07:57:31","slug":"martedi-17-mercoledi-18-e-giovedi-19-maggio-il-portafogli-al-teatro-verdi","status":"publish","type":"post","link":"https:\/\/comune.santacroce.pi.it\/oldsite\/martedi-17-mercoledi-18-e-giovedi-19-maggio-il-portafogli-al-teatro-verdi\/","title":{"rendered":"Marted\u00ec 17, mercoled\u00ec 18 e gioved\u00ec 19 Maggio &#8220;Il Portafogli&#8221; al Teatro Verdi"},"content":{"rendered":"<p><img loading=\"lazy\" decoding=\"async\" class=\"alignnone size-medium wp-image-19873\" src=\"https:\/\/comune.santacroce.pi.it\/oldsite\/wp-content\/uploads\/2022\/05\/Locandina-Il-Portafogli-Primo-tempo_page-0001-212x300.jpg\" alt=\"\" width=\"212\" height=\"300\" srcset=\"https:\/\/comune.santacroce.pi.it\/oldsite\/wp-content\/uploads\/2022\/05\/Locandina-Il-Portafogli-Primo-tempo_page-0001-212x300.jpg 212w, https:\/\/comune.santacroce.pi.it\/oldsite\/wp-content\/uploads\/2022\/05\/Locandina-Il-Portafogli-Primo-tempo_page-0001-724x1024.jpg 724w, https:\/\/comune.santacroce.pi.it\/oldsite\/wp-content\/uploads\/2022\/05\/Locandina-Il-Portafogli-Primo-tempo_page-0001-768x1087.jpg 768w, https:\/\/comune.santacroce.pi.it\/oldsite\/wp-content\/uploads\/2022\/05\/Locandina-Il-Portafogli-Primo-tempo_page-0001-1086x1536.jpg 1086w, https:\/\/comune.santacroce.pi.it\/oldsite\/wp-content\/uploads\/2022\/05\/Locandina-Il-Portafogli-Primo-tempo_page-0001-1448x2048.jpg 1448w, https:\/\/comune.santacroce.pi.it\/oldsite\/wp-content\/uploads\/2022\/05\/Locandina-Il-Portafogli-Primo-tempo_page-0001.jpg 1753w\" sizes=\"auto, (max-width: 212px) 100vw, 212px\" \/><\/p>\n<p>Marted\u00ec 17, mercoled\u00ec 18 e gioved\u00ec 19 Maggio, alle ore 21.00, al Teatro Verdi di Santa Croce sull\u2019Arno va in scena lo spettacolo della rassegna \u201cPrimo Tempo\u201d.<\/p>\n<p><strong>Giallo Mare Minimal Teatro<span style=\"color: #ff0000\"><br \/>\nIL PORTAFOGLI<\/span><br \/>\nPerformance radioscenica in tre atto<br \/>\n<\/strong><br \/>\n<strong>Trama<\/strong><br \/>\n&#8220;Il portafogli&#8221; \u00e8 una performance transmediale strutturata in tre atti differenziati nel tempo e nello spazio che prevedono una duplice relazione, sia a distanza che in presenza con il pubblico. Un&#8217;azione &#8220;radioscenica&#8221; rivolta a giovani e adulti, tratta, pi\u00f9 o meno fedelmente, dall&#8217;omonimo racconto che Marco Vichi ha inserito nel suo libro &#8220;Perch\u00e9 dollari&#8221;. Si mischiano in un unico progetto creativo la grammatica radiofonica, fondata esclusivamente sull&#8217;ascolto immaginifico di uno spettatore invisibile, e l&#8217;alfabeto scenico fisiologicamente struttura da una pi\u00f9 concreta dinamica rappresentativa e di relazione con gli spettatori. Agli spettatori presentati verranno inviate via email 2 puntate radiofoniche che costituiscono il prologo della rappresentazione che si snoder\u00e0 dal Teatro Verdi alle strade del centro storico.<\/p>\n<p><em><strong>Con in scena:<\/strong><\/em><br \/>\nCristina Abati, Renzo Boldrini, Roberto Bonfanti, Sanzio Fusconi, Diletta Landi, Yuri Orlandi, Carlo Salvador, Tommaso Taddei<br \/>\n<em><strong>Solo in voce:<\/strong><\/em><br \/>\nMaria Teresa Delogu, Massimo Fornaciari, Simone Martini<\/p>\n<p><em><strong>Le voci delle puntate radiofoniche sono:<\/strong><\/em><br \/>\nil sig. Strano &#8211; Massimo Grig\u00f2<br \/>\nil rag. Barolini &#8211; Tommaso Taddei<br \/>\nUn bambino &#8211; Diego Malatesta<br \/>\nTre signore &#8211; Lara Lucioli, Rossella Parrucci, Vania Pucci<\/p>\n<p><strong><span style=\"color: #ff0000\">Posto unico \u20ac 10<\/span><br \/>\nPrenotazione obbligatoria &#8211; Performance itinerante, max 20 persone<\/strong><\/p>\n<p><strong>info e prenotazioni<\/strong><br \/>\nTel. 0571\/81629 oppure\u00a0<a href=\"mailto:biglietteria@giallomare.it\">biglietteria@giallomare.it<\/a><\/p>\n<p>E\u2019 obbligatorio indossare la mascherina\u00a0<strong>FFP2.<\/strong><\/p>\n","protected":false},"excerpt":{"rendered":"<p>Marted\u00ec 17, mercoled\u00ec 18 e gioved\u00ec 19 Maggio, alle ore 21.00, al Teatro Verdi di Santa Croce sull\u2019Arno va in scena lo spettacolo della rassegna \u201cPrimo Tempo\u201d. Giallo Mare Minimal [&hellip;]<\/p>\n","protected":false},"author":18,"featured_media":19873,"comment_status":"closed","ping_status":"closed","sticky":false,"template":"","format":"standard","meta":{"footnotes":""},"categories":[154,155],"tags":[],"class_list":["post-19872","post","type-post","status-publish","format-standard","has-post-thumbnail","hentry","category-cultura","category-eventi"],"yoast_head":"<!-- This site is optimized with the Yoast SEO plugin v24.7 - https:\/\/yoast.com\/wordpress\/plugins\/seo\/ -->\n<title>Marted\u00ec 17, mercoled\u00ec 18 e gioved\u00ec 19 Maggio &quot;Il Portafogli&quot; al Teatro Verdi - Comune di Santa Croce sull&#039;Arno<\/title>\n<meta name=\"robots\" content=\"index, follow, max-snippet:-1, max-image-preview:large, max-video-preview:-1\" \/>\n<link rel=\"canonical\" href=\"https:\/\/comune.santacroce.pi.it\/oldsite\/martedi-17-mercoledi-18-e-giovedi-19-maggio-il-portafogli-al-teatro-verdi\/\" \/>\n<meta property=\"og:locale\" content=\"it_IT\" \/>\n<meta property=\"og:type\" content=\"article\" \/>\n<meta property=\"og:title\" content=\"Marted\u00ec 17, mercoled\u00ec 18 e gioved\u00ec 19 Maggio &quot;Il Portafogli&quot; al Teatro Verdi - Comune di Santa Croce sull&#039;Arno\" \/>\n<meta property=\"og:description\" content=\"Marted\u00ec 17, mercoled\u00ec 18 e gioved\u00ec 19 Maggio, alle ore 21.00, al Teatro Verdi di Santa Croce sull\u2019Arno va in scena lo spettacolo della rassegna \u201cPrimo Tempo\u201d. Giallo Mare Minimal [&hellip;]\" \/>\n<meta property=\"og:url\" content=\"https:\/\/comune.santacroce.pi.it\/oldsite\/martedi-17-mercoledi-18-e-giovedi-19-maggio-il-portafogli-al-teatro-verdi\/\" \/>\n<meta property=\"og:site_name\" content=\"Comune di Santa Croce sull&#039;Arno\" \/>\n<meta property=\"article:published_time\" content=\"2022-05-13T10:23:25+00:00\" \/>\n<meta property=\"article:modified_time\" content=\"2022-10-18T07:57:31+00:00\" \/>\n<meta property=\"og:image\" content=\"https:\/\/comune.santacroce.pi.it\/oldsite\/wp-content\/uploads\/2022\/05\/Locandina-Il-Portafogli-Primo-tempo_page-0001.jpg\" \/>\n\t<meta property=\"og:image:width\" content=\"1753\" \/>\n\t<meta property=\"og:image:height\" content=\"2480\" \/>\n\t<meta property=\"og:image:type\" content=\"image\/jpeg\" \/>\n<meta name=\"author\" content=\"Biblioteca e cultura\" \/>\n<meta name=\"twitter:card\" content=\"summary_large_image\" \/>\n<meta name=\"twitter:label1\" content=\"Scritto da\" \/>\n\t<meta name=\"twitter:data1\" content=\"Biblioteca e cultura\" \/>\n\t<meta name=\"twitter:label2\" content=\"Tempo di lettura stimato\" \/>\n\t<meta name=\"twitter:data2\" content=\"2 minuti\" \/>\n<script type=\"application\/ld+json\" class=\"yoast-schema-graph\">{\"@context\":\"https:\/\/schema.org\",\"@graph\":[{\"@type\":\"Article\",\"@id\":\"https:\/\/comune.santacroce.pi.it\/oldsite\/martedi-17-mercoledi-18-e-giovedi-19-maggio-il-portafogli-al-teatro-verdi\/#article\",\"isPartOf\":{\"@id\":\"https:\/\/comune.santacroce.pi.it\/oldsite\/martedi-17-mercoledi-18-e-giovedi-19-maggio-il-portafogli-al-teatro-verdi\/\"},\"author\":{\"name\":\"Biblioteca e cultura\",\"@id\":\"https:\/\/comune.santacroce.pi.it\/oldsite\/#\/schema\/person\/77e3693e7d02c5835b2dd82778f7fb45\"},\"headline\":\"Marted\u00ec 17, mercoled\u00ec 18 e gioved\u00ec 19 Maggio &#8220;Il Portafogli&#8221; al Teatro Verdi\",\"datePublished\":\"2022-05-13T10:23:25+00:00\",\"dateModified\":\"2022-10-18T07:57:31+00:00\",\"mainEntityOfPage\":{\"@id\":\"https:\/\/comune.santacroce.pi.it\/oldsite\/martedi-17-mercoledi-18-e-giovedi-19-maggio-il-portafogli-al-teatro-verdi\/\"},\"wordCount\":248,\"publisher\":{\"@id\":\"https:\/\/comune.santacroce.pi.it\/oldsite\/#organization\"},\"image\":{\"@id\":\"https:\/\/comune.santacroce.pi.it\/oldsite\/martedi-17-mercoledi-18-e-giovedi-19-maggio-il-portafogli-al-teatro-verdi\/#primaryimage\"},\"thumbnailUrl\":\"https:\/\/comune.santacroce.pi.it\/oldsite\/wp-content\/uploads\/2022\/05\/Locandina-Il-Portafogli-Primo-tempo_page-0001.jpg\",\"articleSection\":[\"Cultura\",\"Eventi\"],\"inLanguage\":\"it-IT\"},{\"@type\":\"WebPage\",\"@id\":\"https:\/\/comune.santacroce.pi.it\/oldsite\/martedi-17-mercoledi-18-e-giovedi-19-maggio-il-portafogli-al-teatro-verdi\/\",\"url\":\"https:\/\/comune.santacroce.pi.it\/oldsite\/martedi-17-mercoledi-18-e-giovedi-19-maggio-il-portafogli-al-teatro-verdi\/\",\"name\":\"Marted\u00ec 17, mercoled\u00ec 18 e gioved\u00ec 19 Maggio \\\"Il Portafogli\\\" al Teatro Verdi - Comune di Santa Croce sull&#039;Arno\",\"isPartOf\":{\"@id\":\"https:\/\/comune.santacroce.pi.it\/oldsite\/#website\"},\"primaryImageOfPage\":{\"@id\":\"https:\/\/comune.santacroce.pi.it\/oldsite\/martedi-17-mercoledi-18-e-giovedi-19-maggio-il-portafogli-al-teatro-verdi\/#primaryimage\"},\"image\":{\"@id\":\"https:\/\/comune.santacroce.pi.it\/oldsite\/martedi-17-mercoledi-18-e-giovedi-19-maggio-il-portafogli-al-teatro-verdi\/#primaryimage\"},\"thumbnailUrl\":\"https:\/\/comune.santacroce.pi.it\/oldsite\/wp-content\/uploads\/2022\/05\/Locandina-Il-Portafogli-Primo-tempo_page-0001.jpg\",\"datePublished\":\"2022-05-13T10:23:25+00:00\",\"dateModified\":\"2022-10-18T07:57:31+00:00\",\"breadcrumb\":{\"@id\":\"https:\/\/comune.santacroce.pi.it\/oldsite\/martedi-17-mercoledi-18-e-giovedi-19-maggio-il-portafogli-al-teatro-verdi\/#breadcrumb\"},\"inLanguage\":\"it-IT\",\"potentialAction\":[{\"@type\":\"ReadAction\",\"target\":[\"https:\/\/comune.santacroce.pi.it\/oldsite\/martedi-17-mercoledi-18-e-giovedi-19-maggio-il-portafogli-al-teatro-verdi\/\"]}]},{\"@type\":\"ImageObject\",\"inLanguage\":\"it-IT\",\"@id\":\"https:\/\/comune.santacroce.pi.it\/oldsite\/martedi-17-mercoledi-18-e-giovedi-19-maggio-il-portafogli-al-teatro-verdi\/#primaryimage\",\"url\":\"https:\/\/comune.santacroce.pi.it\/oldsite\/wp-content\/uploads\/2022\/05\/Locandina-Il-Portafogli-Primo-tempo_page-0001.jpg\",\"contentUrl\":\"https:\/\/comune.santacroce.pi.it\/oldsite\/wp-content\/uploads\/2022\/05\/Locandina-Il-Portafogli-Primo-tempo_page-0001.jpg\",\"width\":1753,\"height\":2480},{\"@type\":\"BreadcrumbList\",\"@id\":\"https:\/\/comune.santacroce.pi.it\/oldsite\/martedi-17-mercoledi-18-e-giovedi-19-maggio-il-portafogli-al-teatro-verdi\/#breadcrumb\",\"itemListElement\":[{\"@type\":\"ListItem\",\"position\":1,\"name\":\"Home\",\"item\":\"https:\/\/comune.santacroce.pi.it\/oldsite\/\"},{\"@type\":\"ListItem\",\"position\":2,\"name\":\"Marted\u00ec 17, mercoled\u00ec 18 e gioved\u00ec 19 Maggio &#8220;Il Portafogli&#8221; al Teatro Verdi\"}]},{\"@type\":\"WebSite\",\"@id\":\"https:\/\/comune.santacroce.pi.it\/oldsite\/#website\",\"url\":\"https:\/\/comune.santacroce.pi.it\/oldsite\/\",\"name\":\"Comune di Santa Croce sull&#039;Arno\",\"description\":\"Provincia di Pisa\",\"publisher\":{\"@id\":\"https:\/\/comune.santacroce.pi.it\/oldsite\/#organization\"},\"potentialAction\":[{\"@type\":\"SearchAction\",\"target\":{\"@type\":\"EntryPoint\",\"urlTemplate\":\"https:\/\/comune.santacroce.pi.it\/oldsite\/?s={search_term_string}\"},\"query-input\":{\"@type\":\"PropertyValueSpecification\",\"valueRequired\":true,\"valueName\":\"search_term_string\"}}],\"inLanguage\":\"it-IT\"},{\"@type\":\"Organization\",\"@id\":\"https:\/\/comune.santacroce.pi.it\/oldsite\/#organization\",\"name\":\"Comune di Santa Croce sull'Arno\",\"url\":\"https:\/\/comune.santacroce.pi.it\/oldsite\/\",\"logo\":{\"@type\":\"ImageObject\",\"inLanguage\":\"it-IT\",\"@id\":\"https:\/\/comune.santacroce.pi.it\/oldsite\/#\/schema\/logo\/image\/\",\"url\":\"https:\/\/comune.santacroce.pi.it\/oldsite\/wp-content\/uploads\/2021\/02\/cropped-Stemma-Santa-Croce-dellArno_500-1.png\",\"contentUrl\":\"https:\/\/comune.santacroce.pi.it\/oldsite\/wp-content\/uploads\/2021\/02\/cropped-Stemma-Santa-Croce-dellArno_500-1.png\",\"width\":500,\"height\":500,\"caption\":\"Comune di Santa Croce sull'Arno\"},\"image\":{\"@id\":\"https:\/\/comune.santacroce.pi.it\/oldsite\/#\/schema\/logo\/image\/\"}},{\"@type\":\"Person\",\"@id\":\"https:\/\/comune.santacroce.pi.it\/oldsite\/#\/schema\/person\/77e3693e7d02c5835b2dd82778f7fb45\",\"name\":\"Biblioteca e cultura\",\"image\":{\"@type\":\"ImageObject\",\"inLanguage\":\"it-IT\",\"@id\":\"https:\/\/comune.santacroce.pi.it\/oldsite\/#\/schema\/person\/image\/\",\"url\":\"https:\/\/secure.gravatar.com\/avatar\/c9a5002ec801d0b780e779e0d328fe2a?s=96&d=mm&r=g\",\"contentUrl\":\"https:\/\/secure.gravatar.com\/avatar\/c9a5002ec801d0b780e779e0d328fe2a?s=96&d=mm&r=g\",\"caption\":\"Biblioteca e cultura\"},\"url\":\"https:\/\/comune.santacroce.pi.it\/oldsite\/author\/bibliotecasc\/\"}]}<\/script>\n<!-- \/ Yoast SEO plugin. -->","yoast_head_json":{"title":"Marted\u00ec 17, mercoled\u00ec 18 e gioved\u00ec 19 Maggio \"Il Portafogli\" al Teatro Verdi - Comune di Santa Croce sull&#039;Arno","robots":{"index":"index","follow":"follow","max-snippet":"max-snippet:-1","max-image-preview":"max-image-preview:large","max-video-preview":"max-video-preview:-1"},"canonical":"https:\/\/comune.santacroce.pi.it\/oldsite\/martedi-17-mercoledi-18-e-giovedi-19-maggio-il-portafogli-al-teatro-verdi\/","og_locale":"it_IT","og_type":"article","og_title":"Marted\u00ec 17, mercoled\u00ec 18 e gioved\u00ec 19 Maggio \"Il Portafogli\" al Teatro Verdi - Comune di Santa Croce sull&#039;Arno","og_description":"Marted\u00ec 17, mercoled\u00ec 18 e gioved\u00ec 19 Maggio, alle ore 21.00, al Teatro Verdi di Santa Croce sull\u2019Arno va in scena lo spettacolo della rassegna \u201cPrimo Tempo\u201d. Giallo Mare Minimal [&hellip;]","og_url":"https:\/\/comune.santacroce.pi.it\/oldsite\/martedi-17-mercoledi-18-e-giovedi-19-maggio-il-portafogli-al-teatro-verdi\/","og_site_name":"Comune di Santa Croce sull&#039;Arno","article_published_time":"2022-05-13T10:23:25+00:00","article_modified_time":"2022-10-18T07:57:31+00:00","og_image":[{"width":1753,"height":2480,"url":"https:\/\/comune.santacroce.pi.it\/oldsite\/wp-content\/uploads\/2022\/05\/Locandina-Il-Portafogli-Primo-tempo_page-0001.jpg","type":"image\/jpeg"}],"author":"Biblioteca e cultura","twitter_card":"summary_large_image","twitter_misc":{"Scritto da":"Biblioteca e cultura","Tempo di lettura stimato":"2 minuti"},"schema":{"@context":"https:\/\/schema.org","@graph":[{"@type":"Article","@id":"https:\/\/comune.santacroce.pi.it\/oldsite\/martedi-17-mercoledi-18-e-giovedi-19-maggio-il-portafogli-al-teatro-verdi\/#article","isPartOf":{"@id":"https:\/\/comune.santacroce.pi.it\/oldsite\/martedi-17-mercoledi-18-e-giovedi-19-maggio-il-portafogli-al-teatro-verdi\/"},"author":{"name":"Biblioteca e cultura","@id":"https:\/\/comune.santacroce.pi.it\/oldsite\/#\/schema\/person\/77e3693e7d02c5835b2dd82778f7fb45"},"headline":"Marted\u00ec 17, mercoled\u00ec 18 e gioved\u00ec 19 Maggio &#8220;Il Portafogli&#8221; al Teatro Verdi","datePublished":"2022-05-13T10:23:25+00:00","dateModified":"2022-10-18T07:57:31+00:00","mainEntityOfPage":{"@id":"https:\/\/comune.santacroce.pi.it\/oldsite\/martedi-17-mercoledi-18-e-giovedi-19-maggio-il-portafogli-al-teatro-verdi\/"},"wordCount":248,"publisher":{"@id":"https:\/\/comune.santacroce.pi.it\/oldsite\/#organization"},"image":{"@id":"https:\/\/comune.santacroce.pi.it\/oldsite\/martedi-17-mercoledi-18-e-giovedi-19-maggio-il-portafogli-al-teatro-verdi\/#primaryimage"},"thumbnailUrl":"https:\/\/comune.santacroce.pi.it\/oldsite\/wp-content\/uploads\/2022\/05\/Locandina-Il-Portafogli-Primo-tempo_page-0001.jpg","articleSection":["Cultura","Eventi"],"inLanguage":"it-IT"},{"@type":"WebPage","@id":"https:\/\/comune.santacroce.pi.it\/oldsite\/martedi-17-mercoledi-18-e-giovedi-19-maggio-il-portafogli-al-teatro-verdi\/","url":"https:\/\/comune.santacroce.pi.it\/oldsite\/martedi-17-mercoledi-18-e-giovedi-19-maggio-il-portafogli-al-teatro-verdi\/","name":"Marted\u00ec 17, mercoled\u00ec 18 e gioved\u00ec 19 Maggio \"Il Portafogli\" al Teatro Verdi - Comune di Santa Croce sull&#039;Arno","isPartOf":{"@id":"https:\/\/comune.santacroce.pi.it\/oldsite\/#website"},"primaryImageOfPage":{"@id":"https:\/\/comune.santacroce.pi.it\/oldsite\/martedi-17-mercoledi-18-e-giovedi-19-maggio-il-portafogli-al-teatro-verdi\/#primaryimage"},"image":{"@id":"https:\/\/comune.santacroce.pi.it\/oldsite\/martedi-17-mercoledi-18-e-giovedi-19-maggio-il-portafogli-al-teatro-verdi\/#primaryimage"},"thumbnailUrl":"https:\/\/comune.santacroce.pi.it\/oldsite\/wp-content\/uploads\/2022\/05\/Locandina-Il-Portafogli-Primo-tempo_page-0001.jpg","datePublished":"2022-05-13T10:23:25+00:00","dateModified":"2022-10-18T07:57:31+00:00","breadcrumb":{"@id":"https:\/\/comune.santacroce.pi.it\/oldsite\/martedi-17-mercoledi-18-e-giovedi-19-maggio-il-portafogli-al-teatro-verdi\/#breadcrumb"},"inLanguage":"it-IT","potentialAction":[{"@type":"ReadAction","target":["https:\/\/comune.santacroce.pi.it\/oldsite\/martedi-17-mercoledi-18-e-giovedi-19-maggio-il-portafogli-al-teatro-verdi\/"]}]},{"@type":"ImageObject","inLanguage":"it-IT","@id":"https:\/\/comune.santacroce.pi.it\/oldsite\/martedi-17-mercoledi-18-e-giovedi-19-maggio-il-portafogli-al-teatro-verdi\/#primaryimage","url":"https:\/\/comune.santacroce.pi.it\/oldsite\/wp-content\/uploads\/2022\/05\/Locandina-Il-Portafogli-Primo-tempo_page-0001.jpg","contentUrl":"https:\/\/comune.santacroce.pi.it\/oldsite\/wp-content\/uploads\/2022\/05\/Locandina-Il-Portafogli-Primo-tempo_page-0001.jpg","width":1753,"height":2480},{"@type":"BreadcrumbList","@id":"https:\/\/comune.santacroce.pi.it\/oldsite\/martedi-17-mercoledi-18-e-giovedi-19-maggio-il-portafogli-al-teatro-verdi\/#breadcrumb","itemListElement":[{"@type":"ListItem","position":1,"name":"Home","item":"https:\/\/comune.santacroce.pi.it\/oldsite\/"},{"@type":"ListItem","position":2,"name":"Marted\u00ec 17, mercoled\u00ec 18 e gioved\u00ec 19 Maggio &#8220;Il Portafogli&#8221; al Teatro Verdi"}]},{"@type":"WebSite","@id":"https:\/\/comune.santacroce.pi.it\/oldsite\/#website","url":"https:\/\/comune.santacroce.pi.it\/oldsite\/","name":"Comune di Santa Croce sull&#039;Arno","description":"Provincia di Pisa","publisher":{"@id":"https:\/\/comune.santacroce.pi.it\/oldsite\/#organization"},"potentialAction":[{"@type":"SearchAction","target":{"@type":"EntryPoint","urlTemplate":"https:\/\/comune.santacroce.pi.it\/oldsite\/?s={search_term_string}"},"query-input":{"@type":"PropertyValueSpecification","valueRequired":true,"valueName":"search_term_string"}}],"inLanguage":"it-IT"},{"@type":"Organization","@id":"https:\/\/comune.santacroce.pi.it\/oldsite\/#organization","name":"Comune di Santa Croce sull'Arno","url":"https:\/\/comune.santacroce.pi.it\/oldsite\/","logo":{"@type":"ImageObject","inLanguage":"it-IT","@id":"https:\/\/comune.santacroce.pi.it\/oldsite\/#\/schema\/logo\/image\/","url":"https:\/\/comune.santacroce.pi.it\/oldsite\/wp-content\/uploads\/2021\/02\/cropped-Stemma-Santa-Croce-dellArno_500-1.png","contentUrl":"https:\/\/comune.santacroce.pi.it\/oldsite\/wp-content\/uploads\/2021\/02\/cropped-Stemma-Santa-Croce-dellArno_500-1.png","width":500,"height":500,"caption":"Comune di Santa Croce sull'Arno"},"image":{"@id":"https:\/\/comune.santacroce.pi.it\/oldsite\/#\/schema\/logo\/image\/"}},{"@type":"Person","@id":"https:\/\/comune.santacroce.pi.it\/oldsite\/#\/schema\/person\/77e3693e7d02c5835b2dd82778f7fb45","name":"Biblioteca e cultura","image":{"@type":"ImageObject","inLanguage":"it-IT","@id":"https:\/\/comune.santacroce.pi.it\/oldsite\/#\/schema\/person\/image\/","url":"https:\/\/secure.gravatar.com\/avatar\/c9a5002ec801d0b780e779e0d328fe2a?s=96&d=mm&r=g","contentUrl":"https:\/\/secure.gravatar.com\/avatar\/c9a5002ec801d0b780e779e0d328fe2a?s=96&d=mm&r=g","caption":"Biblioteca e cultura"},"url":"https:\/\/comune.santacroce.pi.it\/oldsite\/author\/bibliotecasc\/"}]}},"jetpack_featured_media_url":"https:\/\/comune.santacroce.pi.it\/oldsite\/wp-content\/uploads\/2022\/05\/Locandina-Il-Portafogli-Primo-tempo_page-0001.jpg","meta_box":{"comunicacity_sync":"1","cc4_urg_colore":"rosso","cc4_urg_data_inizio":"","cc4_urg_data_fine":"","cc4_cor_positivi_oggi":"","cc4_cor_negativizzati_oggi":"","cc4_cor_deceduti_oggi":"","cc4_cor_positivi_totali":"","cc4_cor_negativizzati_totali":"","cc4_cor_deceduti_totali":"","cc4_cor_attualmente_positivi":"","cc4_eve_data_inizio":"17\/05\/2022 21:00","cc4_eve_data_fine":"17\/05\/2022 23:30","cc4_eve_indirizzo":"Teatro Giuseppe Verdi, Via Giosu\u00e8 Carducci, Santa Croce sull'Arno, Pisa, Toscana, 56029, Italia","cc4_eve_posizione":{"latitude":"43.7108422","longitude":"10.782760257765","zoom":"0"},"cc4_eve_telefono":"057181629","cc4_eve_email":"biglietteria@giallomare.it","cc4_eve_web":"","cc4_eve_fb":"https:\/\/www.facebook.com\/comunedisantacrocesullarno\/"},"_links":{"self":[{"href":"https:\/\/comune.santacroce.pi.it\/oldsite\/wp-json\/wp\/v2\/posts\/19872","targetHints":{"allow":["GET"]}}],"collection":[{"href":"https:\/\/comune.santacroce.pi.it\/oldsite\/wp-json\/wp\/v2\/posts"}],"about":[{"href":"https:\/\/comune.santacroce.pi.it\/oldsite\/wp-json\/wp\/v2\/types\/post"}],"author":[{"embeddable":true,"href":"https:\/\/comune.santacroce.pi.it\/oldsite\/wp-json\/wp\/v2\/users\/18"}],"replies":[{"embeddable":true,"href":"https:\/\/comune.santacroce.pi.it\/oldsite\/wp-json\/wp\/v2\/comments?post=19872"}],"version-history":[{"count":0,"href":"https:\/\/comune.santacroce.pi.it\/oldsite\/wp-json\/wp\/v2\/posts\/19872\/revisions"}],"wp:featuredmedia":[{"embeddable":true,"href":"https:\/\/comune.santacroce.pi.it\/oldsite\/wp-json\/wp\/v2\/media\/19873"}],"wp:attachment":[{"href":"https:\/\/comune.santacroce.pi.it\/oldsite\/wp-json\/wp\/v2\/media?parent=19872"}],"wp:term":[{"taxonomy":"category","embeddable":true,"href":"https:\/\/comune.santacroce.pi.it\/oldsite\/wp-json\/wp\/v2\/categories?post=19872"},{"taxonomy":"post_tag","embeddable":true,"href":"https:\/\/comune.santacroce.pi.it\/oldsite\/wp-json\/wp\/v2\/tags?post=19872"}],"curies":[{"name":"wp","href":"https:\/\/api.w.org\/{rel}","templated":true}]}}