{"id":19662,"date":"2022-04-07T10:04:07","date_gmt":"2022-04-07T08:04:07","guid":{"rendered":"https:\/\/comune.santacroce.pi.it\/oldsite\/?p=19662"},"modified":"2022-04-07T10:05:33","modified_gmt":"2022-04-07T08:05:33","slug":"premiati-cinque-giovani-santacrocesi-per-i-risultati-sportivi-conseguiti","status":"publish","type":"post","link":"https:\/\/comune.santacroce.pi.it\/oldsite\/premiati-cinque-giovani-santacrocesi-per-i-risultati-sportivi-conseguiti\/","title":{"rendered":"Premiati cinque giovani santacrocesi per i risultati sportivi conseguiti"},"content":{"rendered":"<p>Il giorno 6 aprile, in occasione della Giornata internazionale dello sport per lo sviluppo e la pace istituita nel 2013 dall\u2019Assemblea Generale delle Nazioni Unite, la sindaca Giulia Deidda e l\u2019assessore allo sport Simone Coltelli hanno ricevuto in Comune Alisia Caciagli, Tecla Lotti, Lavinia Marcocci, Gioia Nazzi e Alessandro Santangelo, quattro ragazze e un ragazzo santacrocesi che recentemente si sono distinti nel mondo dello sport.<\/p>\n<p>Gioia, Alisia e Tecla sono tre piccole atlete che pattinano nella societ\u00e0 sportiva Stella Rossa Pattinaggio di Castelfranco di Sotto.<br \/>\nGioia, 9 anni, nel 2021 ha vinto la medaglia d\u2019oro al campionato nazionale di pattinaggio artistico AICS, svoltosi a Misano Adriatico, e si \u00e8 classificata quarta ai campionati nazionali UISP di Bologna;<br \/>\nAlisia, 9 anni, nel 2021 ha vinto la medaglia d\u2019argento al campionato nazionale di pattinaggio artistico AICS svoltosi a Misano Adriatico e si \u00e8 classificata terza ai campionati nazionali UISP di Bologna;<br \/>\nTecla, 11 anni, nel 2021 ha vinto la medaglia di bronzo al campionato nazionale di pattinaggio artistico AICS svoltosi a Misano Adriatico.<\/p>\n<p>Lavinia, 16 anni, \u00e8 un\u2019atleta della Canottieri San Miniato che vanta un lungo curriculum agonistico e che ha raggiunto il suo miglior risultato nel 2021 sul Lago di Varese in occasione del campionato italiano juniores dove, nella specialit\u00e0 \u201cquattro senza\u201d, con la sua squadra ha conquistato la medaglia d\u2019argento.<\/p>\n<p>Alessandro, 14 anni, corre per l\u2019ASD Atletica Fucecchio e si \u00e8 specializzato nella corsa campestre. Dall\u2019inizio del 2022 ha partecipato a quattro importanti gare ottenendo in ognuna di esse ottimi risultati. A Trieste, il mese scorso, si \u00e8 classificato 5\u00b0 nella classifica assoluta ai campionati italiani di corsa campestre, 1\u00b0 della sua categoria \u2013 esordiente Cadetto anno 2008.<\/p>\n<p>\u201cCon molta soddisfazione abbiamo consegnato queste targhe, che rappresentano il simbolo con cui la nostra comunit\u00e0 si congratula e si stringe attorno a cinque giovani eccellenze del nostro comune. Sono ragazze e un ragazzo che con i loro successi testimoniano quanto passione, dedizione e seriet\u00e0 possono portare a raggiungere grandi traguardi. Alessandro, Alisia, Gioia, Lavinia e Tecla hanno continuato a perseverare nel loro impegno nonostante questi anni di covid, e sono la migliore delle testimonianze che davvero la passione pu\u00f2 superare qualsiasi ostacolo\u201d afferma la sindaca Giulia Deidda. \u201cRiconoscere i loro successi significa riconoscere anche il merito delle loro famiglie, delle energie che queste dedicano, sotto ogni punto di vista, al fianco delle loro figlie e dei loro figli. Gli sport che essi praticano\u201d conclude la sindaca \u201cnon sono rappresentati sul nostro territorio comunale, dove comunque ne troviamo tantissimi altri, ma il fatto che loro abbiano potuto praticarli a pochi chilometri da Santa Croce sull\u2019Arno, significa che il nostro territorio \u00e8 davvero una grande citt\u00e0 che pu\u00f2 offrire molto e che in futuro deve conoscere una programmazione che possa superare il concetto di confine amministrativo, anche in ambito sportivo.\u201d<\/p>\n<p>\u201cCon l&#8217;emozione della loro giovane et\u00e0, Alessandro, Alisia, Gioia, Lavinia e Tecla ci hanno restituito la loro esperienza, raccontato la propria dedizione per delle discipline sportive non troppo conosciute e praticate che hanno dato loro grandissime soddisfazioni, ripagandoli dell&#8217;impegno che riversano negli allenamenti.\u201d dichiara Simone Coltelli. \u201cLe ragazze e i ragazzi santacrocesi, anche grazie agli investimenti del comune, crescono con l\u2019idea che lo sport sia qualcosa di bello e necessario e, al di l\u00e0 di quello che poi scelgono di praticare, questo \u00e8 per noi un bel successo perch\u00e9 dimostra l\u2019efficacia di un\u2019azione politica che arriva da lontano e che abbiamo scelto di continuare a sostenere perch\u00e9 crediamo fermamente che lo sport sia prima di tutto educazione alla vita\u201d.<\/p>\n<p>Santa Croce sull\u2019Arno, 6 aprile 2022<br \/>\nFonte: Ufficio Comunicazione Comune di Santa Croce sull&#8217;Arno<\/p>\n<div id=\"gt3pg_gallery1\" class=\"gt3pg_galleryid-19662 gt3pg_gallery-columns-3 gt3pg_photo_gallery gt3pg-corner-type-standard gt3pg_hover-default gt3pg-type-rectangle\" data-size=\"thumbnail\" data-type=\"rectangle\" data-corner=\"standard\" data-link=\"lightbox\" data-margin=\"30\" data-instance=\"1\"><figure class=\"gt3pg_gallery-item gt3pg_element\"><div class=\"gt3pg_item_main_wrapper\"><div class=\"gt3pg_item-wrapper\"><a href=\"https:\/\/comune.santacroce.pi.it\/oldsite\/wp-content\/uploads\/2022\/04\/3-768x843.jpeg\" class=\"gt3pg_swipebox \" data-description=\"\"><div class=\"gt3pg_img_wrap portrait\" style=\"background-image: url(https:\/\/comune.santacroce.pi.it\/oldsite\/wp-content\/uploads\/2022\/04\/3-768x843.jpeg);\" data-width=\"1458\" data-height=\"1600\" data-i=\"1\" >\r\n<img decoding=\"async\" src=\"https:\/\/comune.santacroce.pi.it\/oldsite\/wp-content\/uploads\/2022\/04\/3-768x843.jpeg\" title=\"\" alt=\"\" \/>\r\n<\/div><\/a>\n<\/div>\n<figcaption class=\"gt3pg_caption_text\" id=\"gt3pg_gallery1-caption-19664\">Targhe<\/figcaption><\/div><\/figure>\n<figure class=\"gt3pg_gallery-item gt3pg_element\"><div class=\"gt3pg_item_main_wrapper\"><div class=\"gt3pg_item-wrapper\"><a href=\"https:\/\/comune.santacroce.pi.it\/oldsite\/wp-content\/uploads\/2022\/04\/8-768x1024.jpeg\" class=\"gt3pg_swipebox \" data-description=\"\"><div class=\"gt3pg_img_wrap portrait\" style=\"background-image: url(https:\/\/comune.santacroce.pi.it\/oldsite\/wp-content\/uploads\/2022\/04\/8-768x1024.jpeg);\" data-width=\"1200\" data-height=\"1600\" data-i=\"2\" >\r\n<img decoding=\"async\" src=\"https:\/\/comune.santacroce.pi.it\/oldsite\/wp-content\/uploads\/2022\/04\/8-768x1024.jpeg\" title=\"\" alt=\"\" \/>\r\n<\/div><\/a>\n<\/div>\n<figcaption class=\"gt3pg_caption_text\" id=\"gt3pg_gallery1-caption-19669\">Alessandro Santangelo<\/figcaption><\/div><\/figure>\n<figure class=\"gt3pg_gallery-item gt3pg_element\"><div class=\"gt3pg_item_main_wrapper\"><div class=\"gt3pg_item-wrapper\"><a href=\"https:\/\/comune.santacroce.pi.it\/oldsite\/wp-content\/uploads\/2022\/04\/7-768x1024.jpeg\" class=\"gt3pg_swipebox \" data-description=\"\"><div class=\"gt3pg_img_wrap portrait\" style=\"background-image: url(https:\/\/comune.santacroce.pi.it\/oldsite\/wp-content\/uploads\/2022\/04\/7-768x1024.jpeg);\" data-width=\"1200\" data-height=\"1600\" data-i=\"3\" >\r\n<img decoding=\"async\" src=\"https:\/\/comune.santacroce.pi.it\/oldsite\/wp-content\/uploads\/2022\/04\/7-768x1024.jpeg\" title=\"\" alt=\"\" \/>\r\n<\/div><\/a>\n<\/div>\n<figcaption class=\"gt3pg_caption_text\" id=\"gt3pg_gallery1-caption-19668\">Lavinia Marcocci<\/figcaption><\/div><\/figure>\n<figure class=\"gt3pg_gallery-item gt3pg_element\"><div class=\"gt3pg_item_main_wrapper\"><div class=\"gt3pg_item-wrapper\"><a href=\"https:\/\/comune.santacroce.pi.it\/oldsite\/wp-content\/uploads\/2022\/04\/6-768x1024.jpeg\" class=\"gt3pg_swipebox \" data-description=\"\"><div class=\"gt3pg_img_wrap portrait\" style=\"background-image: url(https:\/\/comune.santacroce.pi.it\/oldsite\/wp-content\/uploads\/2022\/04\/6-768x1024.jpeg);\" data-width=\"1200\" data-height=\"1600\" data-i=\"4\" >\r\n<img decoding=\"async\" src=\"https:\/\/comune.santacroce.pi.it\/oldsite\/wp-content\/uploads\/2022\/04\/6-768x1024.jpeg\" title=\"\" alt=\"\" \/>\r\n<\/div><\/a>\n<\/div>\n<figcaption class=\"gt3pg_caption_text\" id=\"gt3pg_gallery1-caption-19667\">Tecla Lotti<\/figcaption><\/div><\/figure>\n<figure class=\"gt3pg_gallery-item gt3pg_element\"><div class=\"gt3pg_item_main_wrapper\"><div class=\"gt3pg_item-wrapper\"><a href=\"https:\/\/comune.santacroce.pi.it\/oldsite\/wp-content\/uploads\/2022\/04\/5-768x1024.jpeg\" class=\"gt3pg_swipebox \" data-description=\"\"><div class=\"gt3pg_img_wrap portrait\" style=\"background-image: url(https:\/\/comune.santacroce.pi.it\/oldsite\/wp-content\/uploads\/2022\/04\/5-768x1024.jpeg);\" data-width=\"1200\" data-height=\"1600\" data-i=\"5\" >\r\n<img decoding=\"async\" src=\"https:\/\/comune.santacroce.pi.it\/oldsite\/wp-content\/uploads\/2022\/04\/5-768x1024.jpeg\" title=\"\" alt=\"\" \/>\r\n<\/div><\/a>\n<\/div>\n<figcaption class=\"gt3pg_caption_text\" id=\"gt3pg_gallery1-caption-19666\">Alisia Caciagli<\/figcaption><\/div><\/figure>\n<figure class=\"gt3pg_gallery-item gt3pg_element\"><div class=\"gt3pg_item_main_wrapper\"><div class=\"gt3pg_item-wrapper\"><a href=\"https:\/\/comune.santacroce.pi.it\/oldsite\/wp-content\/uploads\/2022\/04\/4-768x1024.jpeg\" class=\"gt3pg_swipebox \" data-description=\"\"><div class=\"gt3pg_img_wrap portrait\" style=\"background-image: url(https:\/\/comune.santacroce.pi.it\/oldsite\/wp-content\/uploads\/2022\/04\/4-768x1024.jpeg);\" data-width=\"1200\" data-height=\"1600\" data-i=\"6\" >\r\n<img decoding=\"async\" src=\"https:\/\/comune.santacroce.pi.it\/oldsite\/wp-content\/uploads\/2022\/04\/4-768x1024.jpeg\" title=\"\" alt=\"\" \/>\r\n<\/div><\/a>\n<\/div>\n<figcaption class=\"gt3pg_caption_text\" id=\"gt3pg_gallery1-caption-19665\">Gioia Nazzi<\/figcaption><\/div><\/figure>\n<\/div>\n <style type='text\/css'>\r\n\t\t\t#gt3pg_gallery1 .gt3pg_item_main_wrapper {\r\n\t\t\t\tpadding: 15px\r\n\t\t\t}\r\n\t\t\t<\/style>\n\t\t\n","protected":false},"excerpt":{"rendered":"<p>Il giorno 6 aprile, in occasione della Giornata internazionale dello sport per lo sviluppo e la pace istituita nel 2013 dall\u2019Assemblea Generale delle Nazioni Unite, la sindaca Giulia Deidda e [&hellip;]<\/p>\n","protected":false},"author":15,"featured_media":19663,"comment_status":"closed","ping_status":"closed","sticky":false,"template":"","format":"standard","meta":{"footnotes":""},"categories":[1],"tags":[],"class_list":["post-19662","post","type-post","status-publish","format-standard","has-post-thumbnail","hentry","category-notizie-e-informazioni"],"yoast_head":"<!-- This site is optimized with the Yoast SEO plugin v24.7 - https:\/\/yoast.com\/wordpress\/plugins\/seo\/ -->\n<title>Premiati cinque giovani santacrocesi per i risultati sportivi conseguiti - Comune di Santa Croce sull&#039;Arno<\/title>\n<meta name=\"robots\" content=\"index, follow, max-snippet:-1, max-image-preview:large, max-video-preview:-1\" \/>\n<link rel=\"canonical\" href=\"https:\/\/comune.santacroce.pi.it\/oldsite\/premiati-cinque-giovani-santacrocesi-per-i-risultati-sportivi-conseguiti\/\" \/>\n<meta property=\"og:locale\" content=\"it_IT\" \/>\n<meta property=\"og:type\" content=\"article\" \/>\n<meta property=\"og:title\" content=\"Premiati cinque giovani santacrocesi per i risultati sportivi conseguiti - Comune di Santa Croce sull&#039;Arno\" \/>\n<meta property=\"og:description\" content=\"Il giorno 6 aprile, in occasione della Giornata internazionale dello sport per lo sviluppo e la pace istituita nel 2013 dall\u2019Assemblea Generale delle Nazioni Unite, la sindaca Giulia Deidda e [&hellip;]\" \/>\n<meta property=\"og:url\" content=\"https:\/\/comune.santacroce.pi.it\/oldsite\/premiati-cinque-giovani-santacrocesi-per-i-risultati-sportivi-conseguiti\/\" \/>\n<meta property=\"og:site_name\" content=\"Comune di Santa Croce sull&#039;Arno\" \/>\n<meta property=\"article:published_time\" content=\"2022-04-07T08:04:07+00:00\" \/>\n<meta property=\"article:modified_time\" content=\"2022-04-07T08:05:33+00:00\" \/>\n<meta property=\"og:image\" content=\"https:\/\/comune.santacroce.pi.it\/oldsite\/wp-content\/uploads\/2022\/04\/2.jpeg\" \/>\n\t<meta property=\"og:image:width\" content=\"1600\" \/>\n\t<meta property=\"og:image:height\" content=\"1200\" \/>\n\t<meta property=\"og:image:type\" content=\"image\/jpeg\" \/>\n<meta name=\"author\" content=\"Martina Menicucci\" \/>\n<meta name=\"twitter:card\" content=\"summary_large_image\" \/>\n<meta name=\"twitter:label1\" content=\"Scritto da\" \/>\n\t<meta name=\"twitter:data1\" content=\"Martina Menicucci\" \/>\n\t<meta name=\"twitter:label2\" content=\"Tempo di lettura stimato\" \/>\n\t<meta name=\"twitter:data2\" content=\"3 minuti\" \/>\n<script type=\"application\/ld+json\" class=\"yoast-schema-graph\">{\"@context\":\"https:\/\/schema.org\",\"@graph\":[{\"@type\":\"Article\",\"@id\":\"https:\/\/comune.santacroce.pi.it\/oldsite\/premiati-cinque-giovani-santacrocesi-per-i-risultati-sportivi-conseguiti\/#article\",\"isPartOf\":{\"@id\":\"https:\/\/comune.santacroce.pi.it\/oldsite\/premiati-cinque-giovani-santacrocesi-per-i-risultati-sportivi-conseguiti\/\"},\"author\":{\"name\":\"Martina Menicucci\",\"@id\":\"https:\/\/comune.santacroce.pi.it\/oldsite\/#\/schema\/person\/475e14b32ccc85c4d620fead5c3d5cad\"},\"headline\":\"Premiati cinque giovani santacrocesi per i risultati sportivi conseguiti\",\"datePublished\":\"2022-04-07T08:04:07+00:00\",\"dateModified\":\"2022-04-07T08:05:33+00:00\",\"mainEntityOfPage\":{\"@id\":\"https:\/\/comune.santacroce.pi.it\/oldsite\/premiati-cinque-giovani-santacrocesi-per-i-risultati-sportivi-conseguiti\/\"},\"wordCount\":602,\"publisher\":{\"@id\":\"https:\/\/comune.santacroce.pi.it\/oldsite\/#organization\"},\"image\":{\"@id\":\"https:\/\/comune.santacroce.pi.it\/oldsite\/premiati-cinque-giovani-santacrocesi-per-i-risultati-sportivi-conseguiti\/#primaryimage\"},\"thumbnailUrl\":\"https:\/\/comune.santacroce.pi.it\/oldsite\/wp-content\/uploads\/2022\/04\/2.jpeg\",\"articleSection\":[\"Notizie e informazioni\"],\"inLanguage\":\"it-IT\"},{\"@type\":\"WebPage\",\"@id\":\"https:\/\/comune.santacroce.pi.it\/oldsite\/premiati-cinque-giovani-santacrocesi-per-i-risultati-sportivi-conseguiti\/\",\"url\":\"https:\/\/comune.santacroce.pi.it\/oldsite\/premiati-cinque-giovani-santacrocesi-per-i-risultati-sportivi-conseguiti\/\",\"name\":\"Premiati cinque giovani santacrocesi per i risultati sportivi conseguiti - Comune di Santa Croce sull&#039;Arno\",\"isPartOf\":{\"@id\":\"https:\/\/comune.santacroce.pi.it\/oldsite\/#website\"},\"primaryImageOfPage\":{\"@id\":\"https:\/\/comune.santacroce.pi.it\/oldsite\/premiati-cinque-giovani-santacrocesi-per-i-risultati-sportivi-conseguiti\/#primaryimage\"},\"image\":{\"@id\":\"https:\/\/comune.santacroce.pi.it\/oldsite\/premiati-cinque-giovani-santacrocesi-per-i-risultati-sportivi-conseguiti\/#primaryimage\"},\"thumbnailUrl\":\"https:\/\/comune.santacroce.pi.it\/oldsite\/wp-content\/uploads\/2022\/04\/2.jpeg\",\"datePublished\":\"2022-04-07T08:04:07+00:00\",\"dateModified\":\"2022-04-07T08:05:33+00:00\",\"breadcrumb\":{\"@id\":\"https:\/\/comune.santacroce.pi.it\/oldsite\/premiati-cinque-giovani-santacrocesi-per-i-risultati-sportivi-conseguiti\/#breadcrumb\"},\"inLanguage\":\"it-IT\",\"potentialAction\":[{\"@type\":\"ReadAction\",\"target\":[\"https:\/\/comune.santacroce.pi.it\/oldsite\/premiati-cinque-giovani-santacrocesi-per-i-risultati-sportivi-conseguiti\/\"]}]},{\"@type\":\"ImageObject\",\"inLanguage\":\"it-IT\",\"@id\":\"https:\/\/comune.santacroce.pi.it\/oldsite\/premiati-cinque-giovani-santacrocesi-per-i-risultati-sportivi-conseguiti\/#primaryimage\",\"url\":\"https:\/\/comune.santacroce.pi.it\/oldsite\/wp-content\/uploads\/2022\/04\/2.jpeg\",\"contentUrl\":\"https:\/\/comune.santacroce.pi.it\/oldsite\/wp-content\/uploads\/2022\/04\/2.jpeg\",\"width\":1600,\"height\":1200},{\"@type\":\"BreadcrumbList\",\"@id\":\"https:\/\/comune.santacroce.pi.it\/oldsite\/premiati-cinque-giovani-santacrocesi-per-i-risultati-sportivi-conseguiti\/#breadcrumb\",\"itemListElement\":[{\"@type\":\"ListItem\",\"position\":1,\"name\":\"Home\",\"item\":\"https:\/\/comune.santacroce.pi.it\/oldsite\/\"},{\"@type\":\"ListItem\",\"position\":2,\"name\":\"Premiati cinque giovani santacrocesi per i risultati sportivi conseguiti\"}]},{\"@type\":\"WebSite\",\"@id\":\"https:\/\/comune.santacroce.pi.it\/oldsite\/#website\",\"url\":\"https:\/\/comune.santacroce.pi.it\/oldsite\/\",\"name\":\"Comune di Santa Croce sull&#039;Arno\",\"description\":\"Provincia di Pisa\",\"publisher\":{\"@id\":\"https:\/\/comune.santacroce.pi.it\/oldsite\/#organization\"},\"potentialAction\":[{\"@type\":\"SearchAction\",\"target\":{\"@type\":\"EntryPoint\",\"urlTemplate\":\"https:\/\/comune.santacroce.pi.it\/oldsite\/?s={search_term_string}\"},\"query-input\":{\"@type\":\"PropertyValueSpecification\",\"valueRequired\":true,\"valueName\":\"search_term_string\"}}],\"inLanguage\":\"it-IT\"},{\"@type\":\"Organization\",\"@id\":\"https:\/\/comune.santacroce.pi.it\/oldsite\/#organization\",\"name\":\"Comune di Santa Croce sull'Arno\",\"url\":\"https:\/\/comune.santacroce.pi.it\/oldsite\/\",\"logo\":{\"@type\":\"ImageObject\",\"inLanguage\":\"it-IT\",\"@id\":\"https:\/\/comune.santacroce.pi.it\/oldsite\/#\/schema\/logo\/image\/\",\"url\":\"https:\/\/comune.santacroce.pi.it\/oldsite\/wp-content\/uploads\/2021\/02\/cropped-Stemma-Santa-Croce-dellArno_500-1.png\",\"contentUrl\":\"https:\/\/comune.santacroce.pi.it\/oldsite\/wp-content\/uploads\/2021\/02\/cropped-Stemma-Santa-Croce-dellArno_500-1.png\",\"width\":500,\"height\":500,\"caption\":\"Comune di Santa Croce sull'Arno\"},\"image\":{\"@id\":\"https:\/\/comune.santacroce.pi.it\/oldsite\/#\/schema\/logo\/image\/\"}},{\"@type\":\"Person\",\"@id\":\"https:\/\/comune.santacroce.pi.it\/oldsite\/#\/schema\/person\/475e14b32ccc85c4d620fead5c3d5cad\",\"name\":\"Martina Menicucci\",\"image\":{\"@type\":\"ImageObject\",\"inLanguage\":\"it-IT\",\"@id\":\"https:\/\/comune.santacroce.pi.it\/oldsite\/#\/schema\/person\/image\/\",\"url\":\"https:\/\/secure.gravatar.com\/avatar\/1318bce079e45e012feb41abc1e3c7e7?s=96&d=mm&r=g\",\"contentUrl\":\"https:\/\/secure.gravatar.com\/avatar\/1318bce079e45e012feb41abc1e3c7e7?s=96&d=mm&r=g\",\"caption\":\"Martina Menicucci\"},\"url\":\"https:\/\/comune.santacroce.pi.it\/oldsite\/author\/mmenicucci\/\"}]}<\/script>\n<!-- \/ Yoast SEO plugin. -->","yoast_head_json":{"title":"Premiati cinque giovani santacrocesi per i risultati sportivi conseguiti - Comune di Santa Croce sull&#039;Arno","robots":{"index":"index","follow":"follow","max-snippet":"max-snippet:-1","max-image-preview":"max-image-preview:large","max-video-preview":"max-video-preview:-1"},"canonical":"https:\/\/comune.santacroce.pi.it\/oldsite\/premiati-cinque-giovani-santacrocesi-per-i-risultati-sportivi-conseguiti\/","og_locale":"it_IT","og_type":"article","og_title":"Premiati cinque giovani santacrocesi per i risultati sportivi conseguiti - Comune di Santa Croce sull&#039;Arno","og_description":"Il giorno 6 aprile, in occasione della Giornata internazionale dello sport per lo sviluppo e la pace istituita nel 2013 dall\u2019Assemblea Generale delle Nazioni Unite, la sindaca Giulia Deidda e [&hellip;]","og_url":"https:\/\/comune.santacroce.pi.it\/oldsite\/premiati-cinque-giovani-santacrocesi-per-i-risultati-sportivi-conseguiti\/","og_site_name":"Comune di Santa Croce sull&#039;Arno","article_published_time":"2022-04-07T08:04:07+00:00","article_modified_time":"2022-04-07T08:05:33+00:00","og_image":[{"width":1600,"height":1200,"url":"https:\/\/comune.santacroce.pi.it\/oldsite\/wp-content\/uploads\/2022\/04\/2.jpeg","type":"image\/jpeg"}],"author":"Martina Menicucci","twitter_card":"summary_large_image","twitter_misc":{"Scritto da":"Martina Menicucci","Tempo di lettura stimato":"3 minuti"},"schema":{"@context":"https:\/\/schema.org","@graph":[{"@type":"Article","@id":"https:\/\/comune.santacroce.pi.it\/oldsite\/premiati-cinque-giovani-santacrocesi-per-i-risultati-sportivi-conseguiti\/#article","isPartOf":{"@id":"https:\/\/comune.santacroce.pi.it\/oldsite\/premiati-cinque-giovani-santacrocesi-per-i-risultati-sportivi-conseguiti\/"},"author":{"name":"Martina Menicucci","@id":"https:\/\/comune.santacroce.pi.it\/oldsite\/#\/schema\/person\/475e14b32ccc85c4d620fead5c3d5cad"},"headline":"Premiati cinque giovani santacrocesi per i risultati sportivi conseguiti","datePublished":"2022-04-07T08:04:07+00:00","dateModified":"2022-04-07T08:05:33+00:00","mainEntityOfPage":{"@id":"https:\/\/comune.santacroce.pi.it\/oldsite\/premiati-cinque-giovani-santacrocesi-per-i-risultati-sportivi-conseguiti\/"},"wordCount":602,"publisher":{"@id":"https:\/\/comune.santacroce.pi.it\/oldsite\/#organization"},"image":{"@id":"https:\/\/comune.santacroce.pi.it\/oldsite\/premiati-cinque-giovani-santacrocesi-per-i-risultati-sportivi-conseguiti\/#primaryimage"},"thumbnailUrl":"https:\/\/comune.santacroce.pi.it\/oldsite\/wp-content\/uploads\/2022\/04\/2.jpeg","articleSection":["Notizie e informazioni"],"inLanguage":"it-IT"},{"@type":"WebPage","@id":"https:\/\/comune.santacroce.pi.it\/oldsite\/premiati-cinque-giovani-santacrocesi-per-i-risultati-sportivi-conseguiti\/","url":"https:\/\/comune.santacroce.pi.it\/oldsite\/premiati-cinque-giovani-santacrocesi-per-i-risultati-sportivi-conseguiti\/","name":"Premiati cinque giovani santacrocesi per i risultati sportivi conseguiti - Comune di Santa Croce sull&#039;Arno","isPartOf":{"@id":"https:\/\/comune.santacroce.pi.it\/oldsite\/#website"},"primaryImageOfPage":{"@id":"https:\/\/comune.santacroce.pi.it\/oldsite\/premiati-cinque-giovani-santacrocesi-per-i-risultati-sportivi-conseguiti\/#primaryimage"},"image":{"@id":"https:\/\/comune.santacroce.pi.it\/oldsite\/premiati-cinque-giovani-santacrocesi-per-i-risultati-sportivi-conseguiti\/#primaryimage"},"thumbnailUrl":"https:\/\/comune.santacroce.pi.it\/oldsite\/wp-content\/uploads\/2022\/04\/2.jpeg","datePublished":"2022-04-07T08:04:07+00:00","dateModified":"2022-04-07T08:05:33+00:00","breadcrumb":{"@id":"https:\/\/comune.santacroce.pi.it\/oldsite\/premiati-cinque-giovani-santacrocesi-per-i-risultati-sportivi-conseguiti\/#breadcrumb"},"inLanguage":"it-IT","potentialAction":[{"@type":"ReadAction","target":["https:\/\/comune.santacroce.pi.it\/oldsite\/premiati-cinque-giovani-santacrocesi-per-i-risultati-sportivi-conseguiti\/"]}]},{"@type":"ImageObject","inLanguage":"it-IT","@id":"https:\/\/comune.santacroce.pi.it\/oldsite\/premiati-cinque-giovani-santacrocesi-per-i-risultati-sportivi-conseguiti\/#primaryimage","url":"https:\/\/comune.santacroce.pi.it\/oldsite\/wp-content\/uploads\/2022\/04\/2.jpeg","contentUrl":"https:\/\/comune.santacroce.pi.it\/oldsite\/wp-content\/uploads\/2022\/04\/2.jpeg","width":1600,"height":1200},{"@type":"BreadcrumbList","@id":"https:\/\/comune.santacroce.pi.it\/oldsite\/premiati-cinque-giovani-santacrocesi-per-i-risultati-sportivi-conseguiti\/#breadcrumb","itemListElement":[{"@type":"ListItem","position":1,"name":"Home","item":"https:\/\/comune.santacroce.pi.it\/oldsite\/"},{"@type":"ListItem","position":2,"name":"Premiati cinque giovani santacrocesi per i risultati sportivi conseguiti"}]},{"@type":"WebSite","@id":"https:\/\/comune.santacroce.pi.it\/oldsite\/#website","url":"https:\/\/comune.santacroce.pi.it\/oldsite\/","name":"Comune di Santa Croce sull&#039;Arno","description":"Provincia di Pisa","publisher":{"@id":"https:\/\/comune.santacroce.pi.it\/oldsite\/#organization"},"potentialAction":[{"@type":"SearchAction","target":{"@type":"EntryPoint","urlTemplate":"https:\/\/comune.santacroce.pi.it\/oldsite\/?s={search_term_string}"},"query-input":{"@type":"PropertyValueSpecification","valueRequired":true,"valueName":"search_term_string"}}],"inLanguage":"it-IT"},{"@type":"Organization","@id":"https:\/\/comune.santacroce.pi.it\/oldsite\/#organization","name":"Comune di Santa Croce sull'Arno","url":"https:\/\/comune.santacroce.pi.it\/oldsite\/","logo":{"@type":"ImageObject","inLanguage":"it-IT","@id":"https:\/\/comune.santacroce.pi.it\/oldsite\/#\/schema\/logo\/image\/","url":"https:\/\/comune.santacroce.pi.it\/oldsite\/wp-content\/uploads\/2021\/02\/cropped-Stemma-Santa-Croce-dellArno_500-1.png","contentUrl":"https:\/\/comune.santacroce.pi.it\/oldsite\/wp-content\/uploads\/2021\/02\/cropped-Stemma-Santa-Croce-dellArno_500-1.png","width":500,"height":500,"caption":"Comune di Santa Croce sull'Arno"},"image":{"@id":"https:\/\/comune.santacroce.pi.it\/oldsite\/#\/schema\/logo\/image\/"}},{"@type":"Person","@id":"https:\/\/comune.santacroce.pi.it\/oldsite\/#\/schema\/person\/475e14b32ccc85c4d620fead5c3d5cad","name":"Martina Menicucci","image":{"@type":"ImageObject","inLanguage":"it-IT","@id":"https:\/\/comune.santacroce.pi.it\/oldsite\/#\/schema\/person\/image\/","url":"https:\/\/secure.gravatar.com\/avatar\/1318bce079e45e012feb41abc1e3c7e7?s=96&d=mm&r=g","contentUrl":"https:\/\/secure.gravatar.com\/avatar\/1318bce079e45e012feb41abc1e3c7e7?s=96&d=mm&r=g","caption":"Martina Menicucci"},"url":"https:\/\/comune.santacroce.pi.it\/oldsite\/author\/mmenicucci\/"}]}},"jetpack_featured_media_url":"https:\/\/comune.santacroce.pi.it\/oldsite\/wp-content\/uploads\/2022\/04\/2.jpeg","meta_box":{"comunicacity_sync":"1","cc4_urg_colore":"rosso","cc4_urg_data_inizio":"","cc4_urg_data_fine":"","cc4_cor_positivi_oggi":"","cc4_cor_negativizzati_oggi":"","cc4_cor_deceduti_oggi":"","cc4_cor_positivi_totali":"","cc4_cor_negativizzati_totali":"","cc4_cor_deceduti_totali":"","cc4_cor_attualmente_positivi":"","cc4_eve_data_inizio":"","cc4_eve_data_fine":"","cc4_eve_indirizzo":"","cc4_eve_posizione":{"latitude":"0","longitude":"0","zoom":"0"},"cc4_eve_telefono":"","cc4_eve_email":"","cc4_eve_web":"","cc4_eve_fb":""},"_links":{"self":[{"href":"https:\/\/comune.santacroce.pi.it\/oldsite\/wp-json\/wp\/v2\/posts\/19662","targetHints":{"allow":["GET"]}}],"collection":[{"href":"https:\/\/comune.santacroce.pi.it\/oldsite\/wp-json\/wp\/v2\/posts"}],"about":[{"href":"https:\/\/comune.santacroce.pi.it\/oldsite\/wp-json\/wp\/v2\/types\/post"}],"author":[{"embeddable":true,"href":"https:\/\/comune.santacroce.pi.it\/oldsite\/wp-json\/wp\/v2\/users\/15"}],"replies":[{"embeddable":true,"href":"https:\/\/comune.santacroce.pi.it\/oldsite\/wp-json\/wp\/v2\/comments?post=19662"}],"version-history":[{"count":0,"href":"https:\/\/comune.santacroce.pi.it\/oldsite\/wp-json\/wp\/v2\/posts\/19662\/revisions"}],"wp:featuredmedia":[{"embeddable":true,"href":"https:\/\/comune.santacroce.pi.it\/oldsite\/wp-json\/wp\/v2\/media\/19663"}],"wp:attachment":[{"href":"https:\/\/comune.santacroce.pi.it\/oldsite\/wp-json\/wp\/v2\/media?parent=19662"}],"wp:term":[{"taxonomy":"category","embeddable":true,"href":"https:\/\/comune.santacroce.pi.it\/oldsite\/wp-json\/wp\/v2\/categories?post=19662"},{"taxonomy":"post_tag","embeddable":true,"href":"https:\/\/comune.santacroce.pi.it\/oldsite\/wp-json\/wp\/v2\/tags?post=19662"}],"curies":[{"name":"wp","href":"https:\/\/api.w.org\/{rel}","templated":true}]}}