{"id":19631,"date":"2022-03-29T17:20:48","date_gmt":"2022-03-29T15:20:48","guid":{"rendered":"https:\/\/comune.santacroce.pi.it\/oldsite\/?p=19631"},"modified":"2022-03-29T17:20:10","modified_gmt":"2022-03-29T15:20:10","slug":"inaugurazione-mostra-28-artisti-per-gino-strada-e-per-il-popolo-ucraino-resistente","status":"publish","type":"post","link":"https:\/\/comune.santacroce.pi.it\/oldsite\/inaugurazione-mostra-28-artisti-per-gino-strada-e-per-il-popolo-ucraino-resistente\/","title":{"rendered":"Inaugurazione mostra &#8220;28 artisti per Gino Strada e per il popolo ucraino resistente&#8221;"},"content":{"rendered":"<p>Ventotto artisti, pittori, scultori, grafici, incisori, quasi tutti toscani, hanno deciso di mettere a disposizione la loro arte per due giuste cause: quella di Emergency che continua a salvare vite umane in tutte le parti del mondo e quella della popolazione ucraina, che con caparbiet\u00e0 resiste all&#8217;invasione russa.<\/p>\n<p>L\u2019iniziativa \u00e8 stata voluta e organizzata dal Circolo Il Grandevetro e patrocinata dal Comune di Santa Croce sull\u2019Arno che ha messo a disposizione il Centro Espositivo Villa Pacchiani per l&#8217;allestimento.<\/p>\n<p>Con l&#8217;esposizione \u201c28 Artisti per Gino Strada e per il popolo ucraino resistente&#8221; gli organizzatori si sono posti l&#8217;obbiettivo di vendere le opere a un prezzo simbolico, 300 euro ciascuna e devolvere il ricavato all\u2019opera umanitaria di Emergency.<\/p>\n<p>La mostra sar\u00e0 inaugurata <strong>gioved\u00ec 31 marzo 2022, alle 18:00<\/strong> e sar\u00e0 possibile visitarla fino a domenica 24 aprile.<\/p>\n<p>L&#8217;orario di apertura della mostra sar\u00e0 il seguente:<\/p>\n<p>venerd\u00ec sabato e domenica dalle 17:00 alle 20:00, rester\u00e0 chiusa il 17 aprile 2022 &#8211; domenica di Pasqua, ma sar\u00e0 aperta con lo stesso orario luned\u00ec 18 aprile 2022.<\/p>\n","protected":false},"excerpt":{"rendered":"<p>Ventotto artisti, pittori, scultori, grafici, incisori, quasi tutti toscani, hanno deciso di mettere a disposizione la loro arte per due giuste cause: quella di Emergency che continua a salvare vite [&hellip;]<\/p>\n","protected":false},"author":15,"featured_media":19632,"comment_status":"closed","ping_status":"closed","sticky":false,"template":"","format":"standard","meta":{"footnotes":""},"categories":[1],"tags":[],"class_list":["post-19631","post","type-post","status-publish","format-standard","has-post-thumbnail","hentry","category-notizie-e-informazioni"],"yoast_head":"<!-- This site is optimized with the Yoast SEO plugin v24.7 - https:\/\/yoast.com\/wordpress\/plugins\/seo\/ -->\n<title>Inaugurazione mostra &quot;28 artisti per Gino Strada e per il popolo ucraino resistente&quot; - Comune di Santa Croce sull&#039;Arno<\/title>\n<meta name=\"robots\" content=\"index, follow, max-snippet:-1, max-image-preview:large, max-video-preview:-1\" \/>\n<link rel=\"canonical\" href=\"https:\/\/comune.santacroce.pi.it\/oldsite\/inaugurazione-mostra-28-artisti-per-gino-strada-e-per-il-popolo-ucraino-resistente\/\" \/>\n<meta property=\"og:locale\" content=\"it_IT\" \/>\n<meta property=\"og:type\" content=\"article\" \/>\n<meta property=\"og:title\" content=\"Inaugurazione mostra &quot;28 artisti per Gino Strada e per il popolo ucraino resistente&quot; - Comune di Santa Croce sull&#039;Arno\" \/>\n<meta property=\"og:description\" content=\"Ventotto artisti, pittori, scultori, grafici, incisori, quasi tutti toscani, hanno deciso di mettere a disposizione la loro arte per due giuste cause: quella di Emergency che continua a salvare vite [&hellip;]\" \/>\n<meta property=\"og:url\" content=\"https:\/\/comune.santacroce.pi.it\/oldsite\/inaugurazione-mostra-28-artisti-per-gino-strada-e-per-il-popolo-ucraino-resistente\/\" \/>\n<meta property=\"og:site_name\" content=\"Comune di Santa Croce sull&#039;Arno\" \/>\n<meta property=\"article:published_time\" content=\"2022-03-29T15:20:48+00:00\" \/>\n<meta property=\"og:image\" content=\"https:\/\/comune.santacroce.pi.it\/oldsite\/wp-content\/uploads\/2022\/03\/Invito-strada.jpg\" \/>\n\t<meta property=\"og:image:width\" content=\"1240\" \/>\n\t<meta property=\"og:image:height\" content=\"1269\" \/>\n\t<meta property=\"og:image:type\" content=\"image\/jpeg\" \/>\n<meta name=\"author\" content=\"Martina Menicucci\" \/>\n<meta name=\"twitter:card\" content=\"summary_large_image\" \/>\n<meta name=\"twitter:label1\" content=\"Scritto da\" \/>\n\t<meta name=\"twitter:data1\" content=\"Martina Menicucci\" \/>\n\t<meta name=\"twitter:label2\" content=\"Tempo di lettura stimato\" \/>\n\t<meta name=\"twitter:data2\" content=\"1 minuto\" \/>\n<script type=\"application\/ld+json\" class=\"yoast-schema-graph\">{\"@context\":\"https:\/\/schema.org\",\"@graph\":[{\"@type\":\"Article\",\"@id\":\"https:\/\/comune.santacroce.pi.it\/oldsite\/inaugurazione-mostra-28-artisti-per-gino-strada-e-per-il-popolo-ucraino-resistente\/#article\",\"isPartOf\":{\"@id\":\"https:\/\/comune.santacroce.pi.it\/oldsite\/inaugurazione-mostra-28-artisti-per-gino-strada-e-per-il-popolo-ucraino-resistente\/\"},\"author\":{\"name\":\"Martina Menicucci\",\"@id\":\"https:\/\/comune.santacroce.pi.it\/oldsite\/#\/schema\/person\/475e14b32ccc85c4d620fead5c3d5cad\"},\"headline\":\"Inaugurazione mostra &#8220;28 artisti per Gino Strada e per il popolo ucraino resistente&#8221;\",\"datePublished\":\"2022-03-29T15:20:48+00:00\",\"mainEntityOfPage\":{\"@id\":\"https:\/\/comune.santacroce.pi.it\/oldsite\/inaugurazione-mostra-28-artisti-per-gino-strada-e-per-il-popolo-ucraino-resistente\/\"},\"wordCount\":179,\"publisher\":{\"@id\":\"https:\/\/comune.santacroce.pi.it\/oldsite\/#organization\"},\"image\":{\"@id\":\"https:\/\/comune.santacroce.pi.it\/oldsite\/inaugurazione-mostra-28-artisti-per-gino-strada-e-per-il-popolo-ucraino-resistente\/#primaryimage\"},\"thumbnailUrl\":\"https:\/\/comune.santacroce.pi.it\/oldsite\/wp-content\/uploads\/2022\/03\/Invito-strada.jpg\",\"articleSection\":[\"Notizie e informazioni\"],\"inLanguage\":\"it-IT\"},{\"@type\":\"WebPage\",\"@id\":\"https:\/\/comune.santacroce.pi.it\/oldsite\/inaugurazione-mostra-28-artisti-per-gino-strada-e-per-il-popolo-ucraino-resistente\/\",\"url\":\"https:\/\/comune.santacroce.pi.it\/oldsite\/inaugurazione-mostra-28-artisti-per-gino-strada-e-per-il-popolo-ucraino-resistente\/\",\"name\":\"Inaugurazione mostra \\\"28 artisti per Gino Strada e per il popolo ucraino resistente\\\" - Comune di Santa Croce sull&#039;Arno\",\"isPartOf\":{\"@id\":\"https:\/\/comune.santacroce.pi.it\/oldsite\/#website\"},\"primaryImageOfPage\":{\"@id\":\"https:\/\/comune.santacroce.pi.it\/oldsite\/inaugurazione-mostra-28-artisti-per-gino-strada-e-per-il-popolo-ucraino-resistente\/#primaryimage\"},\"image\":{\"@id\":\"https:\/\/comune.santacroce.pi.it\/oldsite\/inaugurazione-mostra-28-artisti-per-gino-strada-e-per-il-popolo-ucraino-resistente\/#primaryimage\"},\"thumbnailUrl\":\"https:\/\/comune.santacroce.pi.it\/oldsite\/wp-content\/uploads\/2022\/03\/Invito-strada.jpg\",\"datePublished\":\"2022-03-29T15:20:48+00:00\",\"breadcrumb\":{\"@id\":\"https:\/\/comune.santacroce.pi.it\/oldsite\/inaugurazione-mostra-28-artisti-per-gino-strada-e-per-il-popolo-ucraino-resistente\/#breadcrumb\"},\"inLanguage\":\"it-IT\",\"potentialAction\":[{\"@type\":\"ReadAction\",\"target\":[\"https:\/\/comune.santacroce.pi.it\/oldsite\/inaugurazione-mostra-28-artisti-per-gino-strada-e-per-il-popolo-ucraino-resistente\/\"]}]},{\"@type\":\"ImageObject\",\"inLanguage\":\"it-IT\",\"@id\":\"https:\/\/comune.santacroce.pi.it\/oldsite\/inaugurazione-mostra-28-artisti-per-gino-strada-e-per-il-popolo-ucraino-resistente\/#primaryimage\",\"url\":\"https:\/\/comune.santacroce.pi.it\/oldsite\/wp-content\/uploads\/2022\/03\/Invito-strada.jpg\",\"contentUrl\":\"https:\/\/comune.santacroce.pi.it\/oldsite\/wp-content\/uploads\/2022\/03\/Invito-strada.jpg\",\"width\":1240,\"height\":1269},{\"@type\":\"BreadcrumbList\",\"@id\":\"https:\/\/comune.santacroce.pi.it\/oldsite\/inaugurazione-mostra-28-artisti-per-gino-strada-e-per-il-popolo-ucraino-resistente\/#breadcrumb\",\"itemListElement\":[{\"@type\":\"ListItem\",\"position\":1,\"name\":\"Home\",\"item\":\"https:\/\/comune.santacroce.pi.it\/oldsite\/\"},{\"@type\":\"ListItem\",\"position\":2,\"name\":\"Inaugurazione mostra &#8220;28 artisti per Gino Strada e per il popolo ucraino resistente&#8221;\"}]},{\"@type\":\"WebSite\",\"@id\":\"https:\/\/comune.santacroce.pi.it\/oldsite\/#website\",\"url\":\"https:\/\/comune.santacroce.pi.it\/oldsite\/\",\"name\":\"Comune di Santa Croce sull&#039;Arno\",\"description\":\"Provincia di Pisa\",\"publisher\":{\"@id\":\"https:\/\/comune.santacroce.pi.it\/oldsite\/#organization\"},\"potentialAction\":[{\"@type\":\"SearchAction\",\"target\":{\"@type\":\"EntryPoint\",\"urlTemplate\":\"https:\/\/comune.santacroce.pi.it\/oldsite\/?s={search_term_string}\"},\"query-input\":{\"@type\":\"PropertyValueSpecification\",\"valueRequired\":true,\"valueName\":\"search_term_string\"}}],\"inLanguage\":\"it-IT\"},{\"@type\":\"Organization\",\"@id\":\"https:\/\/comune.santacroce.pi.it\/oldsite\/#organization\",\"name\":\"Comune di Santa Croce sull'Arno\",\"url\":\"https:\/\/comune.santacroce.pi.it\/oldsite\/\",\"logo\":{\"@type\":\"ImageObject\",\"inLanguage\":\"it-IT\",\"@id\":\"https:\/\/comune.santacroce.pi.it\/oldsite\/#\/schema\/logo\/image\/\",\"url\":\"https:\/\/comune.santacroce.pi.it\/oldsite\/wp-content\/uploads\/2021\/02\/cropped-Stemma-Santa-Croce-dellArno_500-1.png\",\"contentUrl\":\"https:\/\/comune.santacroce.pi.it\/oldsite\/wp-content\/uploads\/2021\/02\/cropped-Stemma-Santa-Croce-dellArno_500-1.png\",\"width\":500,\"height\":500,\"caption\":\"Comune di Santa Croce sull'Arno\"},\"image\":{\"@id\":\"https:\/\/comune.santacroce.pi.it\/oldsite\/#\/schema\/logo\/image\/\"}},{\"@type\":\"Person\",\"@id\":\"https:\/\/comune.santacroce.pi.it\/oldsite\/#\/schema\/person\/475e14b32ccc85c4d620fead5c3d5cad\",\"name\":\"Martina Menicucci\",\"image\":{\"@type\":\"ImageObject\",\"inLanguage\":\"it-IT\",\"@id\":\"https:\/\/comune.santacroce.pi.it\/oldsite\/#\/schema\/person\/image\/\",\"url\":\"https:\/\/secure.gravatar.com\/avatar\/1318bce079e45e012feb41abc1e3c7e7?s=96&d=mm&r=g\",\"contentUrl\":\"https:\/\/secure.gravatar.com\/avatar\/1318bce079e45e012feb41abc1e3c7e7?s=96&d=mm&r=g\",\"caption\":\"Martina Menicucci\"},\"url\":\"https:\/\/comune.santacroce.pi.it\/oldsite\/author\/mmenicucci\/\"}]}<\/script>\n<!-- \/ Yoast SEO plugin. -->","yoast_head_json":{"title":"Inaugurazione mostra \"28 artisti per Gino Strada e per il popolo ucraino resistente\" - Comune di Santa Croce sull&#039;Arno","robots":{"index":"index","follow":"follow","max-snippet":"max-snippet:-1","max-image-preview":"max-image-preview:large","max-video-preview":"max-video-preview:-1"},"canonical":"https:\/\/comune.santacroce.pi.it\/oldsite\/inaugurazione-mostra-28-artisti-per-gino-strada-e-per-il-popolo-ucraino-resistente\/","og_locale":"it_IT","og_type":"article","og_title":"Inaugurazione mostra \"28 artisti per Gino Strada e per il popolo ucraino resistente\" - Comune di Santa Croce sull&#039;Arno","og_description":"Ventotto artisti, pittori, scultori, grafici, incisori, quasi tutti toscani, hanno deciso di mettere a disposizione la loro arte per due giuste cause: quella di Emergency che continua a salvare vite [&hellip;]","og_url":"https:\/\/comune.santacroce.pi.it\/oldsite\/inaugurazione-mostra-28-artisti-per-gino-strada-e-per-il-popolo-ucraino-resistente\/","og_site_name":"Comune di Santa Croce sull&#039;Arno","article_published_time":"2022-03-29T15:20:48+00:00","og_image":[{"width":1240,"height":1269,"url":"https:\/\/comune.santacroce.pi.it\/oldsite\/wp-content\/uploads\/2022\/03\/Invito-strada.jpg","type":"image\/jpeg"}],"author":"Martina Menicucci","twitter_card":"summary_large_image","twitter_misc":{"Scritto da":"Martina Menicucci","Tempo di lettura stimato":"1 minuto"},"schema":{"@context":"https:\/\/schema.org","@graph":[{"@type":"Article","@id":"https:\/\/comune.santacroce.pi.it\/oldsite\/inaugurazione-mostra-28-artisti-per-gino-strada-e-per-il-popolo-ucraino-resistente\/#article","isPartOf":{"@id":"https:\/\/comune.santacroce.pi.it\/oldsite\/inaugurazione-mostra-28-artisti-per-gino-strada-e-per-il-popolo-ucraino-resistente\/"},"author":{"name":"Martina Menicucci","@id":"https:\/\/comune.santacroce.pi.it\/oldsite\/#\/schema\/person\/475e14b32ccc85c4d620fead5c3d5cad"},"headline":"Inaugurazione mostra &#8220;28 artisti per Gino Strada e per il popolo ucraino resistente&#8221;","datePublished":"2022-03-29T15:20:48+00:00","mainEntityOfPage":{"@id":"https:\/\/comune.santacroce.pi.it\/oldsite\/inaugurazione-mostra-28-artisti-per-gino-strada-e-per-il-popolo-ucraino-resistente\/"},"wordCount":179,"publisher":{"@id":"https:\/\/comune.santacroce.pi.it\/oldsite\/#organization"},"image":{"@id":"https:\/\/comune.santacroce.pi.it\/oldsite\/inaugurazione-mostra-28-artisti-per-gino-strada-e-per-il-popolo-ucraino-resistente\/#primaryimage"},"thumbnailUrl":"https:\/\/comune.santacroce.pi.it\/oldsite\/wp-content\/uploads\/2022\/03\/Invito-strada.jpg","articleSection":["Notizie e informazioni"],"inLanguage":"it-IT"},{"@type":"WebPage","@id":"https:\/\/comune.santacroce.pi.it\/oldsite\/inaugurazione-mostra-28-artisti-per-gino-strada-e-per-il-popolo-ucraino-resistente\/","url":"https:\/\/comune.santacroce.pi.it\/oldsite\/inaugurazione-mostra-28-artisti-per-gino-strada-e-per-il-popolo-ucraino-resistente\/","name":"Inaugurazione mostra \"28 artisti per Gino Strada e per il popolo ucraino resistente\" - Comune di Santa Croce sull&#039;Arno","isPartOf":{"@id":"https:\/\/comune.santacroce.pi.it\/oldsite\/#website"},"primaryImageOfPage":{"@id":"https:\/\/comune.santacroce.pi.it\/oldsite\/inaugurazione-mostra-28-artisti-per-gino-strada-e-per-il-popolo-ucraino-resistente\/#primaryimage"},"image":{"@id":"https:\/\/comune.santacroce.pi.it\/oldsite\/inaugurazione-mostra-28-artisti-per-gino-strada-e-per-il-popolo-ucraino-resistente\/#primaryimage"},"thumbnailUrl":"https:\/\/comune.santacroce.pi.it\/oldsite\/wp-content\/uploads\/2022\/03\/Invito-strada.jpg","datePublished":"2022-03-29T15:20:48+00:00","breadcrumb":{"@id":"https:\/\/comune.santacroce.pi.it\/oldsite\/inaugurazione-mostra-28-artisti-per-gino-strada-e-per-il-popolo-ucraino-resistente\/#breadcrumb"},"inLanguage":"it-IT","potentialAction":[{"@type":"ReadAction","target":["https:\/\/comune.santacroce.pi.it\/oldsite\/inaugurazione-mostra-28-artisti-per-gino-strada-e-per-il-popolo-ucraino-resistente\/"]}]},{"@type":"ImageObject","inLanguage":"it-IT","@id":"https:\/\/comune.santacroce.pi.it\/oldsite\/inaugurazione-mostra-28-artisti-per-gino-strada-e-per-il-popolo-ucraino-resistente\/#primaryimage","url":"https:\/\/comune.santacroce.pi.it\/oldsite\/wp-content\/uploads\/2022\/03\/Invito-strada.jpg","contentUrl":"https:\/\/comune.santacroce.pi.it\/oldsite\/wp-content\/uploads\/2022\/03\/Invito-strada.jpg","width":1240,"height":1269},{"@type":"BreadcrumbList","@id":"https:\/\/comune.santacroce.pi.it\/oldsite\/inaugurazione-mostra-28-artisti-per-gino-strada-e-per-il-popolo-ucraino-resistente\/#breadcrumb","itemListElement":[{"@type":"ListItem","position":1,"name":"Home","item":"https:\/\/comune.santacroce.pi.it\/oldsite\/"},{"@type":"ListItem","position":2,"name":"Inaugurazione mostra &#8220;28 artisti per Gino Strada e per il popolo ucraino resistente&#8221;"}]},{"@type":"WebSite","@id":"https:\/\/comune.santacroce.pi.it\/oldsite\/#website","url":"https:\/\/comune.santacroce.pi.it\/oldsite\/","name":"Comune di Santa Croce sull&#039;Arno","description":"Provincia di Pisa","publisher":{"@id":"https:\/\/comune.santacroce.pi.it\/oldsite\/#organization"},"potentialAction":[{"@type":"SearchAction","target":{"@type":"EntryPoint","urlTemplate":"https:\/\/comune.santacroce.pi.it\/oldsite\/?s={search_term_string}"},"query-input":{"@type":"PropertyValueSpecification","valueRequired":true,"valueName":"search_term_string"}}],"inLanguage":"it-IT"},{"@type":"Organization","@id":"https:\/\/comune.santacroce.pi.it\/oldsite\/#organization","name":"Comune di Santa Croce sull'Arno","url":"https:\/\/comune.santacroce.pi.it\/oldsite\/","logo":{"@type":"ImageObject","inLanguage":"it-IT","@id":"https:\/\/comune.santacroce.pi.it\/oldsite\/#\/schema\/logo\/image\/","url":"https:\/\/comune.santacroce.pi.it\/oldsite\/wp-content\/uploads\/2021\/02\/cropped-Stemma-Santa-Croce-dellArno_500-1.png","contentUrl":"https:\/\/comune.santacroce.pi.it\/oldsite\/wp-content\/uploads\/2021\/02\/cropped-Stemma-Santa-Croce-dellArno_500-1.png","width":500,"height":500,"caption":"Comune di Santa Croce sull'Arno"},"image":{"@id":"https:\/\/comune.santacroce.pi.it\/oldsite\/#\/schema\/logo\/image\/"}},{"@type":"Person","@id":"https:\/\/comune.santacroce.pi.it\/oldsite\/#\/schema\/person\/475e14b32ccc85c4d620fead5c3d5cad","name":"Martina Menicucci","image":{"@type":"ImageObject","inLanguage":"it-IT","@id":"https:\/\/comune.santacroce.pi.it\/oldsite\/#\/schema\/person\/image\/","url":"https:\/\/secure.gravatar.com\/avatar\/1318bce079e45e012feb41abc1e3c7e7?s=96&d=mm&r=g","contentUrl":"https:\/\/secure.gravatar.com\/avatar\/1318bce079e45e012feb41abc1e3c7e7?s=96&d=mm&r=g","caption":"Martina Menicucci"},"url":"https:\/\/comune.santacroce.pi.it\/oldsite\/author\/mmenicucci\/"}]}},"jetpack_featured_media_url":"https:\/\/comune.santacroce.pi.it\/oldsite\/wp-content\/uploads\/2022\/03\/Invito-strada.jpg","meta_box":{"comunicacity_sync":"0","cc4_urg_colore":"rosso","cc4_urg_data_inizio":"","cc4_urg_data_fine":"","cc4_cor_positivi_oggi":"","cc4_cor_negativizzati_oggi":"","cc4_cor_deceduti_oggi":"","cc4_cor_positivi_totali":"","cc4_cor_negativizzati_totali":"","cc4_cor_deceduti_totali":"","cc4_cor_attualmente_positivi":"","cc4_eve_data_inizio":"","cc4_eve_data_fine":"","cc4_eve_indirizzo":"","cc4_eve_posizione":{"latitude":"0","longitude":"0","zoom":"0"},"cc4_eve_telefono":"","cc4_eve_email":"","cc4_eve_web":"","cc4_eve_fb":""},"_links":{"self":[{"href":"https:\/\/comune.santacroce.pi.it\/oldsite\/wp-json\/wp\/v2\/posts\/19631","targetHints":{"allow":["GET"]}}],"collection":[{"href":"https:\/\/comune.santacroce.pi.it\/oldsite\/wp-json\/wp\/v2\/posts"}],"about":[{"href":"https:\/\/comune.santacroce.pi.it\/oldsite\/wp-json\/wp\/v2\/types\/post"}],"author":[{"embeddable":true,"href":"https:\/\/comune.santacroce.pi.it\/oldsite\/wp-json\/wp\/v2\/users\/15"}],"replies":[{"embeddable":true,"href":"https:\/\/comune.santacroce.pi.it\/oldsite\/wp-json\/wp\/v2\/comments?post=19631"}],"version-history":[{"count":0,"href":"https:\/\/comune.santacroce.pi.it\/oldsite\/wp-json\/wp\/v2\/posts\/19631\/revisions"}],"wp:featuredmedia":[{"embeddable":true,"href":"https:\/\/comune.santacroce.pi.it\/oldsite\/wp-json\/wp\/v2\/media\/19632"}],"wp:attachment":[{"href":"https:\/\/comune.santacroce.pi.it\/oldsite\/wp-json\/wp\/v2\/media?parent=19631"}],"wp:term":[{"taxonomy":"category","embeddable":true,"href":"https:\/\/comune.santacroce.pi.it\/oldsite\/wp-json\/wp\/v2\/categories?post=19631"},{"taxonomy":"post_tag","embeddable":true,"href":"https:\/\/comune.santacroce.pi.it\/oldsite\/wp-json\/wp\/v2\/tags?post=19631"}],"curies":[{"name":"wp","href":"https:\/\/api.w.org\/{rel}","templated":true}]}}