{"id":19020,"date":"2022-01-08T10:57:02","date_gmt":"2022-01-08T09:57:02","guid":{"rendered":"https:\/\/comune.santacroce.pi.it\/oldsite\/?p=19020"},"modified":"2022-01-28T11:53:09","modified_gmt":"2022-01-28T10:53:09","slug":"misure-urgenti-per-fronteggiare-lemergenza-covid-19-in-particolare-nei-luoghi-di-lavoro-nelle-scuole-e-negli-istituti-della-formazione-superiore","status":"publish","type":"post","link":"https:\/\/comune.santacroce.pi.it\/oldsite\/misure-urgenti-per-fronteggiare-lemergenza-covid-19-in-particolare-nei-luoghi-di-lavoro-nelle-scuole-e-negli-istituti-della-formazione-superiore\/","title":{"rendered":"Misure urgenti per fronteggiare l\u2019emergenza COVID-19, in particolare nei luoghi di lavoro, nelle scuole e negli Istituti della formazione superiore"},"content":{"rendered":"<p>Il Consiglio dei Ministri ha approvato un decreto-legge (<a href=\"https:\/\/www.gazzettaufficiale.it\/eli\/id\/2022\/01\/07\/22G00002\/sg\">COVID-19 \u2013 Decreto Legge del 7 gennaio 2022 n. 1<\/a>) che introduce misure urgenti per fronteggiare l\u2019emergenza COVID-19, in particolare nei luoghi di lavoro e nelle scuole.<\/p>\n<p><b>Obbligo vaccinale<\/b><\/p>\n<p><b>Dal 15 febbraio viene istituito l\u2019obbligo vaccinale per tutti coloro che hanno compiuto i 50 anni. <\/b><\/p>\n<p>L\u2019obbligo non sussiste in caso di accertato pericolo per la salute, in relazione a specifiche condizioni cliniche documentate, attestate dal medico di medicina generale dell\u2019assistito o dal medico vaccinatore, nel rispetto delle circolari del Ministero della salute in materia di esenzione dlla vaccinazione da Sars-CoV-2. In tali casi la vaccinazione pu\u00f2 essere omessa o differita.<br \/>\n<b>Senza limiti di et\u00e0, l\u2019obbligo vaccinale \u00e8 esteso al personale universitario cos\u00ec equiparato a quello scolastico.<\/b><\/p>\n<p><b>Estensione Green Pass rafforzato<\/b><\/p>\n<p>Dal 15 febbraio per i lavoratori pubblici e privati con 50 anni di et\u00e0 sar\u00e0 necessario il Green Pass Rafforzato per l\u2019accesso ai luoghi di lavoro.<\/p>\n<p>Se un lavoratore non possiede il Green Pass Rafforzato o non pu\u00f2 esibirlo al momento dell\u2019accesso nel luogo di lavoro, \u00e8 considerato assente ingiustificato senza conseguenze disciplinari e con diritto alla conservazione del rapporto di lavoro, fino alla predetta certificazione e comunque non oltre il 15 giugno 2022.<\/p>\n<p>Per il periodo in cui la vaccinazione \u00e8 omessa o differita, il datore di lavoro adibisce i soggetti non vaccinati a mansioni anche diverse senza la decurtazione della retribuzione.<\/p>\n<p><b>Sanzioni<\/b><br \/>\nDovranno pagare una multa di 100 euro coloro che alla data del 1\u00b0 febbraio 2022:<\/p>\n<ul>\n<li>non abbiano iniziato il ciclo vaccinale primario;<\/li>\n<li>non abbiano effettuato la dose di completamento del ciclo vaccinale primario nel rispetto delle indicazioni e nei termini previsti con circolare del Ministero della salute;<\/li>\n<li>non abbiano effettuato la dose di richiamo successiva al ciclo vaccinale primario entro i termini di validit\u00e0 delle certificazioni verdi COVID-19 attualmente vigenti.<\/li>\n<\/ul>\n<p>Se un lavoratore accede illecitamente al luogo di lavoro pur non possedendo il Green Pass Rafforzato, la sanzione prevista va dai 600 ai 1500 euro.<\/p>\n<p>Si consiglia la lettura dei testi legislativi in vigore per conoscere i dettagli relativi alle sanzioni previste.<br \/>\n<b>Estensione Green Pass Base<\/b><br \/>\n\u00c8 esteso l\u2019obbligo di Green Pass cosiddetto ordinario a coloro che accedono ai:<\/p>\n<ul>\n<li>servizi alla persona;<\/li>\n<li>pubblici uffici;<\/li>\n<li>servizi postali, bancari e finanziari;<\/li>\n<li>colloqui visivi in presenza con i detenuti e gli internati, all\u2019interno degli istituti penitenziari per adulti e minori.<\/li>\n<li>attivit\u00e0 commerciali<\/li>\n<\/ul>\n<p><em>(Nel testo del decreto \u00e8 specificato che verranno determinate, nei 15 giorni successivi all\u2019entrata in vigore, delle eccezioni con atto secondario per assicurare il soddisfacimento di esigenze essenziali e primarie della persona)<\/em><br \/>\n<b><\/b><\/p>\n<p><b>Lavoro Agile<\/b><\/p>\n<p>Alle Pubbliche Amministrazioni e alle imprese private \u00e8 raccomandato il massimo utilizzo, nelle prossime settimane, della flessibilit\u00e0 prevista dagli accordi contrattuali in tema di lavoro agile.<\/p>\n<p><b>Scuola<\/b><\/p>\n<p>Cambiano le regole per la gestione dei casi di positivit\u00e0<\/p>\n<p><b>Scuola dell\u2019infanzia<\/b><\/p>\n<p>Con un caso di positivit\u00e0 \u00e8 prevista la sospensione delle attivit\u00e0 per una durata di dieci giorni.<\/p>\n<p><b>Scuola primaria (Scuola elementare)<\/b><\/p>\n<p>Con un caso di positivit\u00e0, si attiva la sorveglianza con testing. L\u2019attivit\u00e0 in classe prosegue effettuando un test antigenico rapido o molecolare appena si viene a conoscenza del caso di positivit\u00e0 (T0), test che sar\u00e0 ripetuto dopo cinque giorni (T5).<br \/>\nCon due o pi\u00f9 positivi \u00e8 prevista, per la classe in cui si verificano i casi di positivit\u00e0, la didattica a distanza (DAD) per la durata di dieci giorni.<\/p>\n<p><b>Scuola secondaria di I e II grado (Scuola media, liceo, istituti tecnici etc etc)<br \/>\n<\/b><br \/>\nCon un caso di positivit\u00e0 nella stessa classe \u00e8 prevista l\u2019auto-sorveglianza e con l\u2019uso, in aula, delle mascherine FFP2.<br \/>\nCon due casi nella stessa classe \u00e8 prevista la didattica digitale integrata per coloro che hanno concluso il ciclo vaccinale primario da pi\u00f9 di 120 giorni, che sono guariti da pi\u00f9 di 120 giorni, che non hanno avuto la dose di richiamo. Per tutti gli altri, \u00e8 prevista la prosecuzione delle attivit\u00e0 in presenza con l\u2019auto-sorveglianza e l\u2019utilizzo di mascherine FFP2 in classe.<br \/>\nCon tre casi nella stessa classe \u00e8 prevista la DAD per dieci giorni.<\/p>\n<ul>\n<li>Il testo integrale del decreto legge \u00e8 consultabile qui: <a href=\"https:\/\/www.gazzettaufficiale.it\/eli\/id\/2022\/01\/07\/22G00002\/sg\" target=\"_blank\" rel=\"noopener\">https:\/\/www.gazzettaufficiale.it\/eli\/id\/2022\/01\/07\/22G00002\/sg<\/a><\/li>\n<li>Schede Ali: <a href=\"https:\/\/aliautonomie.it\/wp-content\/uploads\/2022\/01\/Nuovo-decreto-anti-Covid_Schede-ALI.pdf\" target=\"_blank\" rel=\"noopener\">https:\/\/aliautonomie.it\/wp-content\/uploads\/2022\/01\/Nuovo-decreto-anti-Covid_Schede-ALI.pdf<\/a><\/li>\n<li>Sito governativo sulla Certificazione Verde (Green Pass): <a href=\"https:\/\/www.dgc.gov.it\/web\/\" target=\"_blank\" rel=\"noopener\">https:\/\/www.dgc.gov.it\/web\/<\/a><\/li>\n<\/ul>\n","protected":false},"excerpt":{"rendered":"<p>Il Consiglio dei Ministri ha approvato un decreto-legge (COVID-19 \u2013 Decreto Legge del 7 gennaio 2022 n. 1) che introduce misure urgenti per fronteggiare l\u2019emergenza COVID-19, in particolare nei luoghi [&hellip;]<\/p>\n","protected":false},"author":1,"featured_media":19022,"comment_status":"closed","ping_status":"closed","sticky":false,"template":"","format":"standard","meta":{"footnotes":""},"categories":[484,161],"tags":[402,489,490],"class_list":["post-19020","post","type-post","status-publish","format-standard","has-post-thumbnail","hentry","category-covid-19","category-sanita","tag-covid-19","tag-decreto-legge","tag-green-pass"],"yoast_head":"<!-- This site is optimized with the Yoast SEO plugin v24.7 - https:\/\/yoast.com\/wordpress\/plugins\/seo\/ -->\n<title>Misure urgenti per fronteggiare l\u2019emergenza COVID-19, in particolare nei luoghi di lavoro, nelle scuole e negli Istituti della formazione superiore - Comune di Santa Croce sull&#039;Arno<\/title>\n<meta name=\"robots\" content=\"index, follow, max-snippet:-1, max-image-preview:large, max-video-preview:-1\" \/>\n<link rel=\"canonical\" href=\"https:\/\/comune.santacroce.pi.it\/oldsite\/misure-urgenti-per-fronteggiare-lemergenza-covid-19-in-particolare-nei-luoghi-di-lavoro-nelle-scuole-e-negli-istituti-della-formazione-superiore\/\" \/>\n<meta property=\"og:locale\" content=\"it_IT\" \/>\n<meta property=\"og:type\" content=\"article\" \/>\n<meta property=\"og:title\" content=\"Misure urgenti per fronteggiare l\u2019emergenza COVID-19, in particolare nei luoghi di lavoro, nelle scuole e negli Istituti della formazione superiore - Comune di Santa Croce sull&#039;Arno\" \/>\n<meta property=\"og:description\" content=\"Il Consiglio dei Ministri ha approvato un decreto-legge (COVID-19 \u2013 Decreto Legge del 7 gennaio 2022 n. 1) che introduce misure urgenti per fronteggiare l\u2019emergenza COVID-19, in particolare nei luoghi [&hellip;]\" \/>\n<meta property=\"og:url\" content=\"https:\/\/comune.santacroce.pi.it\/oldsite\/misure-urgenti-per-fronteggiare-lemergenza-covid-19-in-particolare-nei-luoghi-di-lavoro-nelle-scuole-e-negli-istituti-della-formazione-superiore\/\" \/>\n<meta property=\"og:site_name\" content=\"Comune di Santa Croce sull&#039;Arno\" \/>\n<meta property=\"article:published_time\" content=\"2022-01-08T09:57:02+00:00\" \/>\n<meta property=\"article:modified_time\" content=\"2022-01-28T10:53:09+00:00\" \/>\n<meta property=\"og:image\" content=\"https:\/\/comune.santacroce.pi.it\/oldsite\/wp-content\/uploads\/2022\/01\/nuovodl12022.png\" \/>\n\t<meta property=\"og:image:width\" content=\"1080\" \/>\n\t<meta property=\"og:image:height\" content=\"1080\" \/>\n\t<meta property=\"og:image:type\" content=\"image\/png\" \/>\n<meta name=\"author\" content=\"admin\" \/>\n<meta name=\"twitter:card\" content=\"summary_large_image\" \/>\n<meta name=\"twitter:label1\" content=\"Scritto da\" \/>\n\t<meta name=\"twitter:data1\" content=\"admin\" \/>\n\t<meta name=\"twitter:label2\" content=\"Tempo di lettura stimato\" \/>\n\t<meta name=\"twitter:data2\" content=\"4 minuti\" \/>\n<script type=\"application\/ld+json\" class=\"yoast-schema-graph\">{\"@context\":\"https:\/\/schema.org\",\"@graph\":[{\"@type\":\"Article\",\"@id\":\"https:\/\/comune.santacroce.pi.it\/oldsite\/misure-urgenti-per-fronteggiare-lemergenza-covid-19-in-particolare-nei-luoghi-di-lavoro-nelle-scuole-e-negli-istituti-della-formazione-superiore\/#article\",\"isPartOf\":{\"@id\":\"https:\/\/comune.santacroce.pi.it\/oldsite\/misure-urgenti-per-fronteggiare-lemergenza-covid-19-in-particolare-nei-luoghi-di-lavoro-nelle-scuole-e-negli-istituti-della-formazione-superiore\/\"},\"author\":{\"name\":\"admin\",\"@id\":\"https:\/\/comune.santacroce.pi.it\/oldsite\/#\/schema\/person\/4747be2b4053a623992eeb01d83347cf\"},\"headline\":\"Misure urgenti per fronteggiare l\u2019emergenza COVID-19, in particolare nei luoghi di lavoro, nelle scuole e negli Istituti della formazione superiore\",\"datePublished\":\"2022-01-08T09:57:02+00:00\",\"dateModified\":\"2022-01-28T10:53:09+00:00\",\"mainEntityOfPage\":{\"@id\":\"https:\/\/comune.santacroce.pi.it\/oldsite\/misure-urgenti-per-fronteggiare-lemergenza-covid-19-in-particolare-nei-luoghi-di-lavoro-nelle-scuole-e-negli-istituti-della-formazione-superiore\/\"},\"wordCount\":709,\"publisher\":{\"@id\":\"https:\/\/comune.santacroce.pi.it\/oldsite\/#organization\"},\"image\":{\"@id\":\"https:\/\/comune.santacroce.pi.it\/oldsite\/misure-urgenti-per-fronteggiare-lemergenza-covid-19-in-particolare-nei-luoghi-di-lavoro-nelle-scuole-e-negli-istituti-della-formazione-superiore\/#primaryimage\"},\"thumbnailUrl\":\"https:\/\/comune.santacroce.pi.it\/oldsite\/wp-content\/uploads\/2022\/01\/nuovodl12022.png\",\"keywords\":[\"Covid-19\",\"decreto legge\",\"green pass\"],\"articleSection\":[\"Covid-19\",\"Sanit\u00e0\"],\"inLanguage\":\"it-IT\"},{\"@type\":\"WebPage\",\"@id\":\"https:\/\/comune.santacroce.pi.it\/oldsite\/misure-urgenti-per-fronteggiare-lemergenza-covid-19-in-particolare-nei-luoghi-di-lavoro-nelle-scuole-e-negli-istituti-della-formazione-superiore\/\",\"url\":\"https:\/\/comune.santacroce.pi.it\/oldsite\/misure-urgenti-per-fronteggiare-lemergenza-covid-19-in-particolare-nei-luoghi-di-lavoro-nelle-scuole-e-negli-istituti-della-formazione-superiore\/\",\"name\":\"Misure urgenti per fronteggiare l\u2019emergenza COVID-19, in particolare nei luoghi di lavoro, nelle scuole e negli Istituti della formazione superiore - Comune di Santa Croce sull&#039;Arno\",\"isPartOf\":{\"@id\":\"https:\/\/comune.santacroce.pi.it\/oldsite\/#website\"},\"primaryImageOfPage\":{\"@id\":\"https:\/\/comune.santacroce.pi.it\/oldsite\/misure-urgenti-per-fronteggiare-lemergenza-covid-19-in-particolare-nei-luoghi-di-lavoro-nelle-scuole-e-negli-istituti-della-formazione-superiore\/#primaryimage\"},\"image\":{\"@id\":\"https:\/\/comune.santacroce.pi.it\/oldsite\/misure-urgenti-per-fronteggiare-lemergenza-covid-19-in-particolare-nei-luoghi-di-lavoro-nelle-scuole-e-negli-istituti-della-formazione-superiore\/#primaryimage\"},\"thumbnailUrl\":\"https:\/\/comune.santacroce.pi.it\/oldsite\/wp-content\/uploads\/2022\/01\/nuovodl12022.png\",\"datePublished\":\"2022-01-08T09:57:02+00:00\",\"dateModified\":\"2022-01-28T10:53:09+00:00\",\"breadcrumb\":{\"@id\":\"https:\/\/comune.santacroce.pi.it\/oldsite\/misure-urgenti-per-fronteggiare-lemergenza-covid-19-in-particolare-nei-luoghi-di-lavoro-nelle-scuole-e-negli-istituti-della-formazione-superiore\/#breadcrumb\"},\"inLanguage\":\"it-IT\",\"potentialAction\":[{\"@type\":\"ReadAction\",\"target\":[\"https:\/\/comune.santacroce.pi.it\/oldsite\/misure-urgenti-per-fronteggiare-lemergenza-covid-19-in-particolare-nei-luoghi-di-lavoro-nelle-scuole-e-negli-istituti-della-formazione-superiore\/\"]}]},{\"@type\":\"ImageObject\",\"inLanguage\":\"it-IT\",\"@id\":\"https:\/\/comune.santacroce.pi.it\/oldsite\/misure-urgenti-per-fronteggiare-lemergenza-covid-19-in-particolare-nei-luoghi-di-lavoro-nelle-scuole-e-negli-istituti-della-formazione-superiore\/#primaryimage\",\"url\":\"https:\/\/comune.santacroce.pi.it\/oldsite\/wp-content\/uploads\/2022\/01\/nuovodl12022.png\",\"contentUrl\":\"https:\/\/comune.santacroce.pi.it\/oldsite\/wp-content\/uploads\/2022\/01\/nuovodl12022.png\",\"width\":1080,\"height\":1080},{\"@type\":\"BreadcrumbList\",\"@id\":\"https:\/\/comune.santacroce.pi.it\/oldsite\/misure-urgenti-per-fronteggiare-lemergenza-covid-19-in-particolare-nei-luoghi-di-lavoro-nelle-scuole-e-negli-istituti-della-formazione-superiore\/#breadcrumb\",\"itemListElement\":[{\"@type\":\"ListItem\",\"position\":1,\"name\":\"Home\",\"item\":\"https:\/\/comune.santacroce.pi.it\/oldsite\/\"},{\"@type\":\"ListItem\",\"position\":2,\"name\":\"Misure urgenti per fronteggiare l\u2019emergenza COVID-19, in particolare nei luoghi di lavoro, nelle scuole e negli Istituti della formazione superiore\"}]},{\"@type\":\"WebSite\",\"@id\":\"https:\/\/comune.santacroce.pi.it\/oldsite\/#website\",\"url\":\"https:\/\/comune.santacroce.pi.it\/oldsite\/\",\"name\":\"Comune di Santa Croce sull&#039;Arno\",\"description\":\"Provincia di Pisa\",\"publisher\":{\"@id\":\"https:\/\/comune.santacroce.pi.it\/oldsite\/#organization\"},\"potentialAction\":[{\"@type\":\"SearchAction\",\"target\":{\"@type\":\"EntryPoint\",\"urlTemplate\":\"https:\/\/comune.santacroce.pi.it\/oldsite\/?s={search_term_string}\"},\"query-input\":{\"@type\":\"PropertyValueSpecification\",\"valueRequired\":true,\"valueName\":\"search_term_string\"}}],\"inLanguage\":\"it-IT\"},{\"@type\":\"Organization\",\"@id\":\"https:\/\/comune.santacroce.pi.it\/oldsite\/#organization\",\"name\":\"Comune di Santa Croce sull'Arno\",\"url\":\"https:\/\/comune.santacroce.pi.it\/oldsite\/\",\"logo\":{\"@type\":\"ImageObject\",\"inLanguage\":\"it-IT\",\"@id\":\"https:\/\/comune.santacroce.pi.it\/oldsite\/#\/schema\/logo\/image\/\",\"url\":\"https:\/\/comune.santacroce.pi.it\/oldsite\/wp-content\/uploads\/2021\/02\/cropped-Stemma-Santa-Croce-dellArno_500-1.png\",\"contentUrl\":\"https:\/\/comune.santacroce.pi.it\/oldsite\/wp-content\/uploads\/2021\/02\/cropped-Stemma-Santa-Croce-dellArno_500-1.png\",\"width\":500,\"height\":500,\"caption\":\"Comune di Santa Croce sull'Arno\"},\"image\":{\"@id\":\"https:\/\/comune.santacroce.pi.it\/oldsite\/#\/schema\/logo\/image\/\"}},{\"@type\":\"Person\",\"@id\":\"https:\/\/comune.santacroce.pi.it\/oldsite\/#\/schema\/person\/4747be2b4053a623992eeb01d83347cf\",\"name\":\"admin\",\"image\":{\"@type\":\"ImageObject\",\"inLanguage\":\"it-IT\",\"@id\":\"https:\/\/comune.santacroce.pi.it\/oldsite\/#\/schema\/person\/image\/\",\"url\":\"https:\/\/secure.gravatar.com\/avatar\/869e84672a3432902942ceae38c7d294?s=96&d=mm&r=g\",\"contentUrl\":\"https:\/\/secure.gravatar.com\/avatar\/869e84672a3432902942ceae38c7d294?s=96&d=mm&r=g\",\"caption\":\"admin\"},\"url\":\"https:\/\/comune.santacroce.pi.it\/oldsite\/author\/admin\/\"}]}<\/script>\n<!-- \/ Yoast SEO plugin. -->","yoast_head_json":{"title":"Misure urgenti per fronteggiare l\u2019emergenza COVID-19, in particolare nei luoghi di lavoro, nelle scuole e negli Istituti della formazione superiore - Comune di Santa Croce sull&#039;Arno","robots":{"index":"index","follow":"follow","max-snippet":"max-snippet:-1","max-image-preview":"max-image-preview:large","max-video-preview":"max-video-preview:-1"},"canonical":"https:\/\/comune.santacroce.pi.it\/oldsite\/misure-urgenti-per-fronteggiare-lemergenza-covid-19-in-particolare-nei-luoghi-di-lavoro-nelle-scuole-e-negli-istituti-della-formazione-superiore\/","og_locale":"it_IT","og_type":"article","og_title":"Misure urgenti per fronteggiare l\u2019emergenza COVID-19, in particolare nei luoghi di lavoro, nelle scuole e negli Istituti della formazione superiore - Comune di Santa Croce sull&#039;Arno","og_description":"Il Consiglio dei Ministri ha approvato un decreto-legge (COVID-19 \u2013 Decreto Legge del 7 gennaio 2022 n. 1) che introduce misure urgenti per fronteggiare l\u2019emergenza COVID-19, in particolare nei luoghi [&hellip;]","og_url":"https:\/\/comune.santacroce.pi.it\/oldsite\/misure-urgenti-per-fronteggiare-lemergenza-covid-19-in-particolare-nei-luoghi-di-lavoro-nelle-scuole-e-negli-istituti-della-formazione-superiore\/","og_site_name":"Comune di Santa Croce sull&#039;Arno","article_published_time":"2022-01-08T09:57:02+00:00","article_modified_time":"2022-01-28T10:53:09+00:00","og_image":[{"width":1080,"height":1080,"url":"https:\/\/comune.santacroce.pi.it\/oldsite\/wp-content\/uploads\/2022\/01\/nuovodl12022.png","type":"image\/png"}],"author":"admin","twitter_card":"summary_large_image","twitter_misc":{"Scritto da":"admin","Tempo di lettura stimato":"4 minuti"},"schema":{"@context":"https:\/\/schema.org","@graph":[{"@type":"Article","@id":"https:\/\/comune.santacroce.pi.it\/oldsite\/misure-urgenti-per-fronteggiare-lemergenza-covid-19-in-particolare-nei-luoghi-di-lavoro-nelle-scuole-e-negli-istituti-della-formazione-superiore\/#article","isPartOf":{"@id":"https:\/\/comune.santacroce.pi.it\/oldsite\/misure-urgenti-per-fronteggiare-lemergenza-covid-19-in-particolare-nei-luoghi-di-lavoro-nelle-scuole-e-negli-istituti-della-formazione-superiore\/"},"author":{"name":"admin","@id":"https:\/\/comune.santacroce.pi.it\/oldsite\/#\/schema\/person\/4747be2b4053a623992eeb01d83347cf"},"headline":"Misure urgenti per fronteggiare l\u2019emergenza COVID-19, in particolare nei luoghi di lavoro, nelle scuole e negli Istituti della formazione superiore","datePublished":"2022-01-08T09:57:02+00:00","dateModified":"2022-01-28T10:53:09+00:00","mainEntityOfPage":{"@id":"https:\/\/comune.santacroce.pi.it\/oldsite\/misure-urgenti-per-fronteggiare-lemergenza-covid-19-in-particolare-nei-luoghi-di-lavoro-nelle-scuole-e-negli-istituti-della-formazione-superiore\/"},"wordCount":709,"publisher":{"@id":"https:\/\/comune.santacroce.pi.it\/oldsite\/#organization"},"image":{"@id":"https:\/\/comune.santacroce.pi.it\/oldsite\/misure-urgenti-per-fronteggiare-lemergenza-covid-19-in-particolare-nei-luoghi-di-lavoro-nelle-scuole-e-negli-istituti-della-formazione-superiore\/#primaryimage"},"thumbnailUrl":"https:\/\/comune.santacroce.pi.it\/oldsite\/wp-content\/uploads\/2022\/01\/nuovodl12022.png","keywords":["Covid-19","decreto legge","green pass"],"articleSection":["Covid-19","Sanit\u00e0"],"inLanguage":"it-IT"},{"@type":"WebPage","@id":"https:\/\/comune.santacroce.pi.it\/oldsite\/misure-urgenti-per-fronteggiare-lemergenza-covid-19-in-particolare-nei-luoghi-di-lavoro-nelle-scuole-e-negli-istituti-della-formazione-superiore\/","url":"https:\/\/comune.santacroce.pi.it\/oldsite\/misure-urgenti-per-fronteggiare-lemergenza-covid-19-in-particolare-nei-luoghi-di-lavoro-nelle-scuole-e-negli-istituti-della-formazione-superiore\/","name":"Misure urgenti per fronteggiare l\u2019emergenza COVID-19, in particolare nei luoghi di lavoro, nelle scuole e negli Istituti della formazione superiore - Comune di Santa Croce sull&#039;Arno","isPartOf":{"@id":"https:\/\/comune.santacroce.pi.it\/oldsite\/#website"},"primaryImageOfPage":{"@id":"https:\/\/comune.santacroce.pi.it\/oldsite\/misure-urgenti-per-fronteggiare-lemergenza-covid-19-in-particolare-nei-luoghi-di-lavoro-nelle-scuole-e-negli-istituti-della-formazione-superiore\/#primaryimage"},"image":{"@id":"https:\/\/comune.santacroce.pi.it\/oldsite\/misure-urgenti-per-fronteggiare-lemergenza-covid-19-in-particolare-nei-luoghi-di-lavoro-nelle-scuole-e-negli-istituti-della-formazione-superiore\/#primaryimage"},"thumbnailUrl":"https:\/\/comune.santacroce.pi.it\/oldsite\/wp-content\/uploads\/2022\/01\/nuovodl12022.png","datePublished":"2022-01-08T09:57:02+00:00","dateModified":"2022-01-28T10:53:09+00:00","breadcrumb":{"@id":"https:\/\/comune.santacroce.pi.it\/oldsite\/misure-urgenti-per-fronteggiare-lemergenza-covid-19-in-particolare-nei-luoghi-di-lavoro-nelle-scuole-e-negli-istituti-della-formazione-superiore\/#breadcrumb"},"inLanguage":"it-IT","potentialAction":[{"@type":"ReadAction","target":["https:\/\/comune.santacroce.pi.it\/oldsite\/misure-urgenti-per-fronteggiare-lemergenza-covid-19-in-particolare-nei-luoghi-di-lavoro-nelle-scuole-e-negli-istituti-della-formazione-superiore\/"]}]},{"@type":"ImageObject","inLanguage":"it-IT","@id":"https:\/\/comune.santacroce.pi.it\/oldsite\/misure-urgenti-per-fronteggiare-lemergenza-covid-19-in-particolare-nei-luoghi-di-lavoro-nelle-scuole-e-negli-istituti-della-formazione-superiore\/#primaryimage","url":"https:\/\/comune.santacroce.pi.it\/oldsite\/wp-content\/uploads\/2022\/01\/nuovodl12022.png","contentUrl":"https:\/\/comune.santacroce.pi.it\/oldsite\/wp-content\/uploads\/2022\/01\/nuovodl12022.png","width":1080,"height":1080},{"@type":"BreadcrumbList","@id":"https:\/\/comune.santacroce.pi.it\/oldsite\/misure-urgenti-per-fronteggiare-lemergenza-covid-19-in-particolare-nei-luoghi-di-lavoro-nelle-scuole-e-negli-istituti-della-formazione-superiore\/#breadcrumb","itemListElement":[{"@type":"ListItem","position":1,"name":"Home","item":"https:\/\/comune.santacroce.pi.it\/oldsite\/"},{"@type":"ListItem","position":2,"name":"Misure urgenti per fronteggiare l\u2019emergenza COVID-19, in particolare nei luoghi di lavoro, nelle scuole e negli Istituti della formazione superiore"}]},{"@type":"WebSite","@id":"https:\/\/comune.santacroce.pi.it\/oldsite\/#website","url":"https:\/\/comune.santacroce.pi.it\/oldsite\/","name":"Comune di Santa Croce sull&#039;Arno","description":"Provincia di Pisa","publisher":{"@id":"https:\/\/comune.santacroce.pi.it\/oldsite\/#organization"},"potentialAction":[{"@type":"SearchAction","target":{"@type":"EntryPoint","urlTemplate":"https:\/\/comune.santacroce.pi.it\/oldsite\/?s={search_term_string}"},"query-input":{"@type":"PropertyValueSpecification","valueRequired":true,"valueName":"search_term_string"}}],"inLanguage":"it-IT"},{"@type":"Organization","@id":"https:\/\/comune.santacroce.pi.it\/oldsite\/#organization","name":"Comune di Santa Croce sull'Arno","url":"https:\/\/comune.santacroce.pi.it\/oldsite\/","logo":{"@type":"ImageObject","inLanguage":"it-IT","@id":"https:\/\/comune.santacroce.pi.it\/oldsite\/#\/schema\/logo\/image\/","url":"https:\/\/comune.santacroce.pi.it\/oldsite\/wp-content\/uploads\/2021\/02\/cropped-Stemma-Santa-Croce-dellArno_500-1.png","contentUrl":"https:\/\/comune.santacroce.pi.it\/oldsite\/wp-content\/uploads\/2021\/02\/cropped-Stemma-Santa-Croce-dellArno_500-1.png","width":500,"height":500,"caption":"Comune di Santa Croce sull'Arno"},"image":{"@id":"https:\/\/comune.santacroce.pi.it\/oldsite\/#\/schema\/logo\/image\/"}},{"@type":"Person","@id":"https:\/\/comune.santacroce.pi.it\/oldsite\/#\/schema\/person\/4747be2b4053a623992eeb01d83347cf","name":"admin","image":{"@type":"ImageObject","inLanguage":"it-IT","@id":"https:\/\/comune.santacroce.pi.it\/oldsite\/#\/schema\/person\/image\/","url":"https:\/\/secure.gravatar.com\/avatar\/869e84672a3432902942ceae38c7d294?s=96&d=mm&r=g","contentUrl":"https:\/\/secure.gravatar.com\/avatar\/869e84672a3432902942ceae38c7d294?s=96&d=mm&r=g","caption":"admin"},"url":"https:\/\/comune.santacroce.pi.it\/oldsite\/author\/admin\/"}]}},"jetpack_featured_media_url":"https:\/\/comune.santacroce.pi.it\/oldsite\/wp-content\/uploads\/2022\/01\/nuovodl12022.png","meta_box":{"comunicacity_sync":"0","cc4_urg_colore":"rosso","cc4_urg_data_inizio":"","cc4_urg_data_fine":"","cc4_cor_positivi_oggi":"","cc4_cor_negativizzati_oggi":"","cc4_cor_deceduti_oggi":"","cc4_cor_positivi_totali":"","cc4_cor_negativizzati_totali":"","cc4_cor_deceduti_totali":"","cc4_cor_attualmente_positivi":"","cc4_eve_data_inizio":"","cc4_eve_data_fine":"","cc4_eve_indirizzo":"","cc4_eve_posizione":{"latitude":"0","longitude":"0","zoom":"0"},"cc4_eve_telefono":"","cc4_eve_email":"","cc4_eve_web":"","cc4_eve_fb":""},"_links":{"self":[{"href":"https:\/\/comune.santacroce.pi.it\/oldsite\/wp-json\/wp\/v2\/posts\/19020","targetHints":{"allow":["GET"]}}],"collection":[{"href":"https:\/\/comune.santacroce.pi.it\/oldsite\/wp-json\/wp\/v2\/posts"}],"about":[{"href":"https:\/\/comune.santacroce.pi.it\/oldsite\/wp-json\/wp\/v2\/types\/post"}],"author":[{"embeddable":true,"href":"https:\/\/comune.santacroce.pi.it\/oldsite\/wp-json\/wp\/v2\/users\/1"}],"replies":[{"embeddable":true,"href":"https:\/\/comune.santacroce.pi.it\/oldsite\/wp-json\/wp\/v2\/comments?post=19020"}],"version-history":[{"count":0,"href":"https:\/\/comune.santacroce.pi.it\/oldsite\/wp-json\/wp\/v2\/posts\/19020\/revisions"}],"wp:featuredmedia":[{"embeddable":true,"href":"https:\/\/comune.santacroce.pi.it\/oldsite\/wp-json\/wp\/v2\/media\/19022"}],"wp:attachment":[{"href":"https:\/\/comune.santacroce.pi.it\/oldsite\/wp-json\/wp\/v2\/media?parent=19020"}],"wp:term":[{"taxonomy":"category","embeddable":true,"href":"https:\/\/comune.santacroce.pi.it\/oldsite\/wp-json\/wp\/v2\/categories?post=19020"},{"taxonomy":"post_tag","embeddable":true,"href":"https:\/\/comune.santacroce.pi.it\/oldsite\/wp-json\/wp\/v2\/tags?post=19020"}],"curies":[{"name":"wp","href":"https:\/\/api.w.org\/{rel}","templated":true}]}}