{"id":19017,"date":"2022-01-09T20:08:52","date_gmt":"2022-01-09T19:08:52","guid":{"rendered":"https:\/\/comune.santacroce.pi.it\/oldsite\/?p=19017"},"modified":"2022-01-09T20:12:37","modified_gmt":"2022-01-09T19:12:37","slug":"toscana-in-zona-gialla-dal-10-gennaio-2022","status":"publish","type":"post","link":"https:\/\/comune.santacroce.pi.it\/oldsite\/toscana-in-zona-gialla-dal-10-gennaio-2022\/","title":{"rendered":"Toscana in zona gialla dal 10 gennaio 2022"},"content":{"rendered":"<p><a href=\"https:\/\/www.gazzettaufficiale.it\/eli\/id\/2022\/01\/08\/22A00098\/sg\">Il Ministro della Salute Roberto Speranza ha firmato un&#8217;ordinanza<\/a> che stabilisce che la Toscana sar\u00e0 in zona gialla a partire <strong>da luned\u00ec 10 gennaio 2022<\/strong>.Ecco, di seguito, le attivit\u00e0 consentite con o senza Green Pass base o rafforzato.<\/p>\n<p><strong>SPOSTAMENTI<\/strong><\/p>\n<p>Utilizzo di mezzi di trasporto pubblico o privato di linea (Aerei, treni, navi e traghetti; autobus e pullman di linea che collegano pi\u00f9 di due regioni; autobus e pullman adibiti a servizi di noleggio con conducente, mezzi impiegati nei servizi di trasporto pubblico locale o<br \/>\nregionale)<br \/>\n\ud83d\udfe9\ud83d\udfe9 Consentito solo con Green Pass Rafforzato<\/p>\n<p>Utilizzo di mezzi di trasporto pubblico non di linea (Taxi ed autovetture fino a nove posti, compreso quello del conducente, adibiti a servizio di noleggio con conducente, ad eccezione di quelli in servizi aggiuntivi di trasporto pubblico locale (cui si applica la disciplina relativa all\u2019utilizzo dei mezzi di trasporto pubblico locale di linea):<br \/>\n\ud83d\udc4d Consentito senza Green Pass<\/p>\n<p>Spostamenti con mezzo proprio (All&#8217;interno del proprio comune, Verso altri comuni della stessa Regione, Verso altre regioni\/province autonome):<br \/>\n\ud83d\udc4d Consentito senza Green Pass<\/p>\n<p>Trasporto scolastico dedicato esclusivamente ai minori di 12 anni (scuolabus)<br \/>\n\ud83d\udc4d Consentito senza Green Pass<\/p>\n<p>Trasporto scolastico, anche dedicato, dai 12 anni compiuti<br \/>\n\ud83d\udfe9\ud83d\udfe9 Consentito solo con Green Pass Rafforzato<\/p>\n<p><strong>ATTIVIT\u00c0 LAVORATIVA<\/strong><\/p>\n<p>Accesso al luogo di lavoro o alle mense per i lavoratori pubblici e privati (eccetto per i lavoratori pubblici per i quali vige l\u2019obbligo vaccinale)<br \/>\n\ud83d\udfe9 Consentito con almeno il Green Pass Base<\/p>\n<p><strong>ACCESSO A ESERCIZI E UFFICI<\/strong><\/p>\n<p>Accesso ai servizi alla persona, ai negozi al di fuori dei centri commerciali, ai negozi nei centri commerciali in qualsiasi giorno, agli uffici pubblici per usufruire di servizi<br \/>\n\ud83d\udc4d Consentito senza Green Pass<\/p>\n<p><strong>STUDENTI DI SCUOLE E UNIVERSIT\u00c0 &#8211; CORSI DI FORMAZIONE<\/strong><\/p>\n<p>Studenti di scuole superiori e istituti tecnici<br \/>\n\ud83d\udc4d Consentito senza Green Pass<\/p>\n<p>Studenti universitari<br \/>\n\ud83d\udfe9 Consentito con almeno il Green Pass Base<\/p>\n<p>Corsi di formazione in presenza<br \/>\n\ud83d\udfe9 Consentito con almeno il Green Pass Base<\/p>\n<p><strong>STRUTTURE SANITARIE E SOCIO-SANITARIE<\/strong><\/p>\n<p>Accesso dei visitatori a strutture sanitarie, socio-sanitarie, residenziali, socioassistenziali e hospice<br \/>\n\ud83e\uddea\ud83d\udfe9\ud83d\udfe9 Consentito solo con Green Pass Rafforzato con tampone negativo o terza dose<\/p>\n<p><strong>BAR E RISTORANTI (ESCLUSI QUELLI NELLE STRUTTURE RICETTIVE)<\/strong><\/p>\n<p>Consumazione al banco all&#8217;aperto o al chiuso; al tavolo all&#8217;aperto o al chiuso<br \/>\n\ud83d\udfe9\ud83d\udfe9 Consentito solo con Green Pass Rafforzato<\/p>\n<p><strong>STRUTTURE RICETTIVE (INCLUSI I BAR E I RISTORANTI DELLA STRUTTURA)<\/strong><\/p>\n<p>Alloggio<br \/>\n\ud83d\udfe9\ud83d\udfe9 Consentito solo con Green Pass Rafforzato<\/p>\n<p>Servizio di ristorazione per clienti alloggiati ed esterni<br \/>\n\ud83d\udfe9\ud83d\udfe9 Consentito solo con Green Pass Rafforzato<\/p>\n<p><strong>ATTIVIT\u00c0 SPORTIVE IN STRUTTURE PUBBLICHE O PRIVATE<\/strong><\/p>\n<p>Attivit\u00e0 sportiva o motoria All&#8217;aperto, anche presso aree attrezzate e parchi pubblici<br \/>\n\ud83d\udc4d Consentito senza Green Pass<\/p>\n<p>Attivit\u00e0 sportiva o motoria All\u2019aperto e al chiuso in palestre, piscine, centri natatori<br \/>\n\ud83d\udfe9\ud83d\udfe9 Consentito solo con Green Pass Rafforzato<\/p>\n<p>Attivit\u00e0 riabilitativa e terapeutica ricomprese nei livelli essenziali di assistenza (LEA) all&#8217;aperto e al chiuso<br \/>\n\ud83d\udc4d Consentito senza Green Pass<\/p>\n<p>Accesso agli spogliatoi e alle docce<br \/>\n\ud83d\udfe9\ud83d\udfe9 Consentito solo con Green Pass Rafforzato<\/p>\n<p>Sport di squadra e attivit\u00e0 sportiva in centri e circoli sportivi all&#8217;aperto o al chiuso<br \/>\n\ud83d\udfe9\ud83d\udfe9 Consentito solo con Green Pass Rafforzato<\/p>\n<p>Sport di contatto al chiuso<br \/>\n\ud83d\udfe9\ud83d\udfe9 Consentito solo con Green Pass Rafforzato<\/p>\n<p>Sport di contatto all&#8217;aperto<br \/>\n\ud83d\udc4d Consentito senza Green Pass<\/p>\n<p><strong>ATTIVIT\u00c0 ED EVENTI CULTURALI<\/strong><\/p>\n<p>Accesso a spettacoli aperti al pubblico in sale teatrali, sale da concerto, sale cinematografiche, locali di intrattenimento e musica dal vivo e in altri locali al chiuso (con capienza al 100%)<br \/>\n\ud83d\udfe9\ud83d\udfe9 Consentito solo con Green Pass Rafforzato<\/p>\n<p>Concerti ed eventi assimilati che comportino assembramenti<br \/>\n\u274cNon consentito<\/p>\n<p>Consumazione di cibi e bevande all\u2019interno della sala in cui si svolge l\u2019evento<br \/>\n\u274cNon consentito<\/p>\n<p>Accesso a mostre, musei e altri luoghi della cultura (compresi archivi e biblioteche)<br \/>\n\ud83d\udfe9\ud83d\udfe9 Consentito solo con Green Pass Rafforzato<\/p>\n<p><strong>FESTE<\/strong><\/p>\n<p>Feste conseguenti a cerimonie civili e religiose al chiuso<br \/>\n\ud83d\udfe9\ud83d\udfe9 Consentito solo con Green Pass Rafforzato<\/p>\n<p>Feste non conseguenti a cerimonie civili e religiose al chiuso<br \/>\n\ud83d\udfe9\ud83d\udfe9 Consentito solo con Green Pass Rafforzato<\/p>\n<p>Feste ed eventi assimilati che comportino assembramenti all&#8217;aperto<br \/>\n\u274cNon consentito<\/p>\n<p><strong>EVENTI SPORTIVI<\/strong><\/p>\n<p>Accesso a eventi e competizioni sportivi in stadi e palazzetti (capienza del 35% al chiuso e del 50% all\u2019aperto) (dall\u2019entrata in vigore del dl approvato dal Cdm del 29\/12\/2021)<br \/>\n\ud83d\udfe9\ud83d\udfe9 Consentito solo con Green Pass Rafforzato<\/p>\n<p><strong>CONVEGNI, CONGRESSI, FIERE E SAGRE<\/strong><\/p>\n<p>Sagre e fiere, anche su aree pubbliche<br \/>\n\ud83d\udfe9\ud83d\udfe9 Consentito solo con Green Pass Rafforzato<\/p>\n<p>Convegni e congressi, all&#8217;aperto e al chiuso<br \/>\n\ud83d\udfe9\ud83d\udfe9 Consentito solo con Green Pass Rafforzato<\/p>\n<p><strong>ATTIVIT\u00c0 LUDICHE O RICREATIVE<\/strong><\/p>\n<p>Accesso ai centri benessere<br \/>\n\ud83d\udfe9\ud83d\udfe9 Consentito solo con Green Pass Rafforzato<\/p>\n<p>Accesso ai centri termali (salvo che per livelli essenziali di assistenza e le attivit\u00e0 riabilitative o terapeutiche)<br \/>\n\ud83d\udfe9\ud83d\udfe9 Consentito solo con Green Pass Rafforzato<\/p>\n<p>Accesso a parchi tematici e di divertimento<br \/>\n\ud83d\udfe9\ud83d\udfe9 Consentito solo con Green Pass Rafforzato<\/p>\n<p>Accesso ai centri culturali, centri sociali e ricreativi all&#8217;aperto e al chiuso<br \/>\n\ud83d\udfe9\ud83d\udfe9 Consentito solo con Green Pass Rafforzato<\/p>\n<p>Accesso a sale gioco, sale scommesse, sale bingo e casin\u00f2<br \/>\n\ud83d\udfe9\ud83d\udfe9 Consentito solo con Green Pass Rafforzato<\/p>\n<p><strong>CONCORSI PUBBLICI<\/strong><\/p>\n<p>Partecipazione alle prove in presenza<br \/>\n\ud83d\udfe9 Consentito con almeno il Green Pass Base<\/p>\n<p>&nbsp;<\/p>\n<p><strong>Link utili:<\/strong><\/p>\n<ul>\n<li><a href=\"https:\/\/www.governo.it\/it\/articolo\/domande-frequenti-sulle-misure-adottate-dal-governo\/15638\">Covid-19, domande frequenti e tabella delle attivit\u00e0 consentite<\/a><\/li>\n<li><a href=\"https:\/\/www.governo.it\/it\/coronavirus-misure-del-governo\">Coronavirus, le misure adottate dal governo<\/a><\/li>\n<li><a href=\"https:\/\/www.governo.it\/it\/articolo\/green-pass-faq-sui-dpcm-firmati-dal-presidente-draghi\/18223\">Green Pass, FAQ sui dpcm firmati dal Presidente Draghi<\/a><\/li>\n<\/ul>\n","protected":false},"excerpt":{"rendered":"<p>Il Ministro della Salute Roberto Speranza ha firmato un&#8217;ordinanza che stabilisce che la Toscana sar\u00e0 in zona gialla a partire da luned\u00ec 10 gennaio 2022.Ecco, di seguito, le attivit\u00e0 consentite [&hellip;]<\/p>\n","protected":false},"author":1,"featured_media":19035,"comment_status":"closed","ping_status":"closed","sticky":false,"template":"","format":"standard","meta":{"footnotes":""},"categories":[484,1],"tags":[402,488,487,486],"class_list":["post-19017","post","type-post","status-publish","format-standard","has-post-thumbnail","hentry","category-covid-19","category-notizie-e-informazioni","tag-covid-19","tag-ordinanza-ministeriale","tag-toscana","tag-zona-gialla"],"yoast_head":"<!-- This site is optimized with the Yoast SEO plugin v24.7 - https:\/\/yoast.com\/wordpress\/plugins\/seo\/ -->\n<title>Toscana in zona gialla dal 10 gennaio 2022 - Comune di Santa Croce sull&#039;Arno<\/title>\n<meta name=\"robots\" content=\"index, follow, max-snippet:-1, max-image-preview:large, max-video-preview:-1\" \/>\n<link rel=\"canonical\" href=\"https:\/\/comune.santacroce.pi.it\/oldsite\/toscana-in-zona-gialla-dal-10-gennaio-2022\/\" \/>\n<meta property=\"og:locale\" content=\"it_IT\" \/>\n<meta property=\"og:type\" content=\"article\" \/>\n<meta property=\"og:title\" content=\"Toscana in zona gialla dal 10 gennaio 2022 - Comune di Santa Croce sull&#039;Arno\" \/>\n<meta property=\"og:description\" content=\"Il Ministro della Salute Roberto Speranza ha firmato un&#8217;ordinanza che stabilisce che la Toscana sar\u00e0 in zona gialla a partire da luned\u00ec 10 gennaio 2022.Ecco, di seguito, le attivit\u00e0 consentite [&hellip;]\" \/>\n<meta property=\"og:url\" content=\"https:\/\/comune.santacroce.pi.it\/oldsite\/toscana-in-zona-gialla-dal-10-gennaio-2022\/\" \/>\n<meta property=\"og:site_name\" content=\"Comune di Santa Croce sull&#039;Arno\" \/>\n<meta property=\"article:published_time\" content=\"2022-01-09T19:08:52+00:00\" \/>\n<meta property=\"article:modified_time\" content=\"2022-01-09T19:12:37+00:00\" \/>\n<meta property=\"og:image\" content=\"https:\/\/comune.santacroce.pi.it\/oldsite\/wp-content\/uploads\/2022\/01\/toscana-in-zona-gialla-1.png\" \/>\n\t<meta property=\"og:image:width\" content=\"1200\" \/>\n\t<meta property=\"og:image:height\" content=\"1000\" \/>\n\t<meta property=\"og:image:type\" content=\"image\/png\" \/>\n<meta name=\"author\" content=\"admin\" \/>\n<meta name=\"twitter:card\" content=\"summary_large_image\" \/>\n<meta name=\"twitter:label1\" content=\"Scritto da\" \/>\n\t<meta name=\"twitter:data1\" content=\"admin\" \/>\n\t<meta name=\"twitter:label2\" content=\"Tempo di lettura stimato\" \/>\n\t<meta name=\"twitter:data2\" content=\"5 minuti\" \/>\n<script type=\"application\/ld+json\" class=\"yoast-schema-graph\">{\"@context\":\"https:\/\/schema.org\",\"@graph\":[{\"@type\":\"Article\",\"@id\":\"https:\/\/comune.santacroce.pi.it\/oldsite\/toscana-in-zona-gialla-dal-10-gennaio-2022\/#article\",\"isPartOf\":{\"@id\":\"https:\/\/comune.santacroce.pi.it\/oldsite\/toscana-in-zona-gialla-dal-10-gennaio-2022\/\"},\"author\":{\"name\":\"admin\",\"@id\":\"https:\/\/comune.santacroce.pi.it\/oldsite\/#\/schema\/person\/4747be2b4053a623992eeb01d83347cf\"},\"headline\":\"Toscana in zona gialla dal 10 gennaio 2022\",\"datePublished\":\"2022-01-09T19:08:52+00:00\",\"dateModified\":\"2022-01-09T19:12:37+00:00\",\"mainEntityOfPage\":{\"@id\":\"https:\/\/comune.santacroce.pi.it\/oldsite\/toscana-in-zona-gialla-dal-10-gennaio-2022\/\"},\"wordCount\":844,\"publisher\":{\"@id\":\"https:\/\/comune.santacroce.pi.it\/oldsite\/#organization\"},\"image\":{\"@id\":\"https:\/\/comune.santacroce.pi.it\/oldsite\/toscana-in-zona-gialla-dal-10-gennaio-2022\/#primaryimage\"},\"thumbnailUrl\":\"https:\/\/comune.santacroce.pi.it\/oldsite\/wp-content\/uploads\/2022\/01\/toscana-in-zona-gialla-1.png\",\"keywords\":[\"Covid-19\",\"ordinanza ministeriale\",\"toscana\",\"zona gialla\"],\"articleSection\":[\"Covid-19\",\"Notizie e informazioni\"],\"inLanguage\":\"it-IT\"},{\"@type\":\"WebPage\",\"@id\":\"https:\/\/comune.santacroce.pi.it\/oldsite\/toscana-in-zona-gialla-dal-10-gennaio-2022\/\",\"url\":\"https:\/\/comune.santacroce.pi.it\/oldsite\/toscana-in-zona-gialla-dal-10-gennaio-2022\/\",\"name\":\"Toscana in zona gialla dal 10 gennaio 2022 - Comune di Santa Croce sull&#039;Arno\",\"isPartOf\":{\"@id\":\"https:\/\/comune.santacroce.pi.it\/oldsite\/#website\"},\"primaryImageOfPage\":{\"@id\":\"https:\/\/comune.santacroce.pi.it\/oldsite\/toscana-in-zona-gialla-dal-10-gennaio-2022\/#primaryimage\"},\"image\":{\"@id\":\"https:\/\/comune.santacroce.pi.it\/oldsite\/toscana-in-zona-gialla-dal-10-gennaio-2022\/#primaryimage\"},\"thumbnailUrl\":\"https:\/\/comune.santacroce.pi.it\/oldsite\/wp-content\/uploads\/2022\/01\/toscana-in-zona-gialla-1.png\",\"datePublished\":\"2022-01-09T19:08:52+00:00\",\"dateModified\":\"2022-01-09T19:12:37+00:00\",\"breadcrumb\":{\"@id\":\"https:\/\/comune.santacroce.pi.it\/oldsite\/toscana-in-zona-gialla-dal-10-gennaio-2022\/#breadcrumb\"},\"inLanguage\":\"it-IT\",\"potentialAction\":[{\"@type\":\"ReadAction\",\"target\":[\"https:\/\/comune.santacroce.pi.it\/oldsite\/toscana-in-zona-gialla-dal-10-gennaio-2022\/\"]}]},{\"@type\":\"ImageObject\",\"inLanguage\":\"it-IT\",\"@id\":\"https:\/\/comune.santacroce.pi.it\/oldsite\/toscana-in-zona-gialla-dal-10-gennaio-2022\/#primaryimage\",\"url\":\"https:\/\/comune.santacroce.pi.it\/oldsite\/wp-content\/uploads\/2022\/01\/toscana-in-zona-gialla-1.png\",\"contentUrl\":\"https:\/\/comune.santacroce.pi.it\/oldsite\/wp-content\/uploads\/2022\/01\/toscana-in-zona-gialla-1.png\",\"width\":1200,\"height\":1000},{\"@type\":\"BreadcrumbList\",\"@id\":\"https:\/\/comune.santacroce.pi.it\/oldsite\/toscana-in-zona-gialla-dal-10-gennaio-2022\/#breadcrumb\",\"itemListElement\":[{\"@type\":\"ListItem\",\"position\":1,\"name\":\"Home\",\"item\":\"https:\/\/comune.santacroce.pi.it\/oldsite\/\"},{\"@type\":\"ListItem\",\"position\":2,\"name\":\"Toscana in zona gialla dal 10 gennaio 2022\"}]},{\"@type\":\"WebSite\",\"@id\":\"https:\/\/comune.santacroce.pi.it\/oldsite\/#website\",\"url\":\"https:\/\/comune.santacroce.pi.it\/oldsite\/\",\"name\":\"Comune di Santa Croce sull&#039;Arno\",\"description\":\"Provincia di Pisa\",\"publisher\":{\"@id\":\"https:\/\/comune.santacroce.pi.it\/oldsite\/#organization\"},\"potentialAction\":[{\"@type\":\"SearchAction\",\"target\":{\"@type\":\"EntryPoint\",\"urlTemplate\":\"https:\/\/comune.santacroce.pi.it\/oldsite\/?s={search_term_string}\"},\"query-input\":{\"@type\":\"PropertyValueSpecification\",\"valueRequired\":true,\"valueName\":\"search_term_string\"}}],\"inLanguage\":\"it-IT\"},{\"@type\":\"Organization\",\"@id\":\"https:\/\/comune.santacroce.pi.it\/oldsite\/#organization\",\"name\":\"Comune di Santa Croce sull'Arno\",\"url\":\"https:\/\/comune.santacroce.pi.it\/oldsite\/\",\"logo\":{\"@type\":\"ImageObject\",\"inLanguage\":\"it-IT\",\"@id\":\"https:\/\/comune.santacroce.pi.it\/oldsite\/#\/schema\/logo\/image\/\",\"url\":\"https:\/\/comune.santacroce.pi.it\/oldsite\/wp-content\/uploads\/2021\/02\/cropped-Stemma-Santa-Croce-dellArno_500-1.png\",\"contentUrl\":\"https:\/\/comune.santacroce.pi.it\/oldsite\/wp-content\/uploads\/2021\/02\/cropped-Stemma-Santa-Croce-dellArno_500-1.png\",\"width\":500,\"height\":500,\"caption\":\"Comune di Santa Croce sull'Arno\"},\"image\":{\"@id\":\"https:\/\/comune.santacroce.pi.it\/oldsite\/#\/schema\/logo\/image\/\"}},{\"@type\":\"Person\",\"@id\":\"https:\/\/comune.santacroce.pi.it\/oldsite\/#\/schema\/person\/4747be2b4053a623992eeb01d83347cf\",\"name\":\"admin\",\"image\":{\"@type\":\"ImageObject\",\"inLanguage\":\"it-IT\",\"@id\":\"https:\/\/comune.santacroce.pi.it\/oldsite\/#\/schema\/person\/image\/\",\"url\":\"https:\/\/secure.gravatar.com\/avatar\/869e84672a3432902942ceae38c7d294?s=96&d=mm&r=g\",\"contentUrl\":\"https:\/\/secure.gravatar.com\/avatar\/869e84672a3432902942ceae38c7d294?s=96&d=mm&r=g\",\"caption\":\"admin\"},\"url\":\"https:\/\/comune.santacroce.pi.it\/oldsite\/author\/admin\/\"}]}<\/script>\n<!-- \/ Yoast SEO plugin. -->","yoast_head_json":{"title":"Toscana in zona gialla dal 10 gennaio 2022 - Comune di Santa Croce sull&#039;Arno","robots":{"index":"index","follow":"follow","max-snippet":"max-snippet:-1","max-image-preview":"max-image-preview:large","max-video-preview":"max-video-preview:-1"},"canonical":"https:\/\/comune.santacroce.pi.it\/oldsite\/toscana-in-zona-gialla-dal-10-gennaio-2022\/","og_locale":"it_IT","og_type":"article","og_title":"Toscana in zona gialla dal 10 gennaio 2022 - Comune di Santa Croce sull&#039;Arno","og_description":"Il Ministro della Salute Roberto Speranza ha firmato un&#8217;ordinanza che stabilisce che la Toscana sar\u00e0 in zona gialla a partire da luned\u00ec 10 gennaio 2022.Ecco, di seguito, le attivit\u00e0 consentite [&hellip;]","og_url":"https:\/\/comune.santacroce.pi.it\/oldsite\/toscana-in-zona-gialla-dal-10-gennaio-2022\/","og_site_name":"Comune di Santa Croce sull&#039;Arno","article_published_time":"2022-01-09T19:08:52+00:00","article_modified_time":"2022-01-09T19:12:37+00:00","og_image":[{"width":1200,"height":1000,"url":"https:\/\/comune.santacroce.pi.it\/oldsite\/wp-content\/uploads\/2022\/01\/toscana-in-zona-gialla-1.png","type":"image\/png"}],"author":"admin","twitter_card":"summary_large_image","twitter_misc":{"Scritto da":"admin","Tempo di lettura stimato":"5 minuti"},"schema":{"@context":"https:\/\/schema.org","@graph":[{"@type":"Article","@id":"https:\/\/comune.santacroce.pi.it\/oldsite\/toscana-in-zona-gialla-dal-10-gennaio-2022\/#article","isPartOf":{"@id":"https:\/\/comune.santacroce.pi.it\/oldsite\/toscana-in-zona-gialla-dal-10-gennaio-2022\/"},"author":{"name":"admin","@id":"https:\/\/comune.santacroce.pi.it\/oldsite\/#\/schema\/person\/4747be2b4053a623992eeb01d83347cf"},"headline":"Toscana in zona gialla dal 10 gennaio 2022","datePublished":"2022-01-09T19:08:52+00:00","dateModified":"2022-01-09T19:12:37+00:00","mainEntityOfPage":{"@id":"https:\/\/comune.santacroce.pi.it\/oldsite\/toscana-in-zona-gialla-dal-10-gennaio-2022\/"},"wordCount":844,"publisher":{"@id":"https:\/\/comune.santacroce.pi.it\/oldsite\/#organization"},"image":{"@id":"https:\/\/comune.santacroce.pi.it\/oldsite\/toscana-in-zona-gialla-dal-10-gennaio-2022\/#primaryimage"},"thumbnailUrl":"https:\/\/comune.santacroce.pi.it\/oldsite\/wp-content\/uploads\/2022\/01\/toscana-in-zona-gialla-1.png","keywords":["Covid-19","ordinanza ministeriale","toscana","zona gialla"],"articleSection":["Covid-19","Notizie e informazioni"],"inLanguage":"it-IT"},{"@type":"WebPage","@id":"https:\/\/comune.santacroce.pi.it\/oldsite\/toscana-in-zona-gialla-dal-10-gennaio-2022\/","url":"https:\/\/comune.santacroce.pi.it\/oldsite\/toscana-in-zona-gialla-dal-10-gennaio-2022\/","name":"Toscana in zona gialla dal 10 gennaio 2022 - Comune di Santa Croce sull&#039;Arno","isPartOf":{"@id":"https:\/\/comune.santacroce.pi.it\/oldsite\/#website"},"primaryImageOfPage":{"@id":"https:\/\/comune.santacroce.pi.it\/oldsite\/toscana-in-zona-gialla-dal-10-gennaio-2022\/#primaryimage"},"image":{"@id":"https:\/\/comune.santacroce.pi.it\/oldsite\/toscana-in-zona-gialla-dal-10-gennaio-2022\/#primaryimage"},"thumbnailUrl":"https:\/\/comune.santacroce.pi.it\/oldsite\/wp-content\/uploads\/2022\/01\/toscana-in-zona-gialla-1.png","datePublished":"2022-01-09T19:08:52+00:00","dateModified":"2022-01-09T19:12:37+00:00","breadcrumb":{"@id":"https:\/\/comune.santacroce.pi.it\/oldsite\/toscana-in-zona-gialla-dal-10-gennaio-2022\/#breadcrumb"},"inLanguage":"it-IT","potentialAction":[{"@type":"ReadAction","target":["https:\/\/comune.santacroce.pi.it\/oldsite\/toscana-in-zona-gialla-dal-10-gennaio-2022\/"]}]},{"@type":"ImageObject","inLanguage":"it-IT","@id":"https:\/\/comune.santacroce.pi.it\/oldsite\/toscana-in-zona-gialla-dal-10-gennaio-2022\/#primaryimage","url":"https:\/\/comune.santacroce.pi.it\/oldsite\/wp-content\/uploads\/2022\/01\/toscana-in-zona-gialla-1.png","contentUrl":"https:\/\/comune.santacroce.pi.it\/oldsite\/wp-content\/uploads\/2022\/01\/toscana-in-zona-gialla-1.png","width":1200,"height":1000},{"@type":"BreadcrumbList","@id":"https:\/\/comune.santacroce.pi.it\/oldsite\/toscana-in-zona-gialla-dal-10-gennaio-2022\/#breadcrumb","itemListElement":[{"@type":"ListItem","position":1,"name":"Home","item":"https:\/\/comune.santacroce.pi.it\/oldsite\/"},{"@type":"ListItem","position":2,"name":"Toscana in zona gialla dal 10 gennaio 2022"}]},{"@type":"WebSite","@id":"https:\/\/comune.santacroce.pi.it\/oldsite\/#website","url":"https:\/\/comune.santacroce.pi.it\/oldsite\/","name":"Comune di Santa Croce sull&#039;Arno","description":"Provincia di Pisa","publisher":{"@id":"https:\/\/comune.santacroce.pi.it\/oldsite\/#organization"},"potentialAction":[{"@type":"SearchAction","target":{"@type":"EntryPoint","urlTemplate":"https:\/\/comune.santacroce.pi.it\/oldsite\/?s={search_term_string}"},"query-input":{"@type":"PropertyValueSpecification","valueRequired":true,"valueName":"search_term_string"}}],"inLanguage":"it-IT"},{"@type":"Organization","@id":"https:\/\/comune.santacroce.pi.it\/oldsite\/#organization","name":"Comune di Santa Croce sull'Arno","url":"https:\/\/comune.santacroce.pi.it\/oldsite\/","logo":{"@type":"ImageObject","inLanguage":"it-IT","@id":"https:\/\/comune.santacroce.pi.it\/oldsite\/#\/schema\/logo\/image\/","url":"https:\/\/comune.santacroce.pi.it\/oldsite\/wp-content\/uploads\/2021\/02\/cropped-Stemma-Santa-Croce-dellArno_500-1.png","contentUrl":"https:\/\/comune.santacroce.pi.it\/oldsite\/wp-content\/uploads\/2021\/02\/cropped-Stemma-Santa-Croce-dellArno_500-1.png","width":500,"height":500,"caption":"Comune di Santa Croce sull'Arno"},"image":{"@id":"https:\/\/comune.santacroce.pi.it\/oldsite\/#\/schema\/logo\/image\/"}},{"@type":"Person","@id":"https:\/\/comune.santacroce.pi.it\/oldsite\/#\/schema\/person\/4747be2b4053a623992eeb01d83347cf","name":"admin","image":{"@type":"ImageObject","inLanguage":"it-IT","@id":"https:\/\/comune.santacroce.pi.it\/oldsite\/#\/schema\/person\/image\/","url":"https:\/\/secure.gravatar.com\/avatar\/869e84672a3432902942ceae38c7d294?s=96&d=mm&r=g","contentUrl":"https:\/\/secure.gravatar.com\/avatar\/869e84672a3432902942ceae38c7d294?s=96&d=mm&r=g","caption":"admin"},"url":"https:\/\/comune.santacroce.pi.it\/oldsite\/author\/admin\/"}]}},"jetpack_featured_media_url":"https:\/\/comune.santacroce.pi.it\/oldsite\/wp-content\/uploads\/2022\/01\/toscana-in-zona-gialla-1.png","meta_box":{"comunicacity_sync":"1","cc4_urg_colore":"rosso","cc4_urg_data_inizio":"","cc4_urg_data_fine":"","cc4_cor_positivi_oggi":"","cc4_cor_negativizzati_oggi":"","cc4_cor_deceduti_oggi":"","cc4_cor_positivi_totali":"","cc4_cor_negativizzati_totali":"","cc4_cor_deceduti_totali":"","cc4_cor_attualmente_positivi":"","cc4_eve_data_inizio":"","cc4_eve_data_fine":"","cc4_eve_indirizzo":"","cc4_eve_posizione":{"latitude":"0","longitude":"0","zoom":"0"},"cc4_eve_telefono":"","cc4_eve_email":"","cc4_eve_web":"","cc4_eve_fb":""},"_links":{"self":[{"href":"https:\/\/comune.santacroce.pi.it\/oldsite\/wp-json\/wp\/v2\/posts\/19017","targetHints":{"allow":["GET"]}}],"collection":[{"href":"https:\/\/comune.santacroce.pi.it\/oldsite\/wp-json\/wp\/v2\/posts"}],"about":[{"href":"https:\/\/comune.santacroce.pi.it\/oldsite\/wp-json\/wp\/v2\/types\/post"}],"author":[{"embeddable":true,"href":"https:\/\/comune.santacroce.pi.it\/oldsite\/wp-json\/wp\/v2\/users\/1"}],"replies":[{"embeddable":true,"href":"https:\/\/comune.santacroce.pi.it\/oldsite\/wp-json\/wp\/v2\/comments?post=19017"}],"version-history":[{"count":0,"href":"https:\/\/comune.santacroce.pi.it\/oldsite\/wp-json\/wp\/v2\/posts\/19017\/revisions"}],"wp:featuredmedia":[{"embeddable":true,"href":"https:\/\/comune.santacroce.pi.it\/oldsite\/wp-json\/wp\/v2\/media\/19035"}],"wp:attachment":[{"href":"https:\/\/comune.santacroce.pi.it\/oldsite\/wp-json\/wp\/v2\/media?parent=19017"}],"wp:term":[{"taxonomy":"category","embeddable":true,"href":"https:\/\/comune.santacroce.pi.it\/oldsite\/wp-json\/wp\/v2\/categories?post=19017"},{"taxonomy":"post_tag","embeddable":true,"href":"https:\/\/comune.santacroce.pi.it\/oldsite\/wp-json\/wp\/v2\/tags?post=19017"}],"curies":[{"name":"wp","href":"https:\/\/api.w.org\/{rel}","templated":true}]}}