{"id":18674,"date":"2021-10-16T09:55:23","date_gmt":"2021-10-16T07:55:23","guid":{"rendered":"https:\/\/comune.santacroce.pi.it\/oldsite\/?p=18674"},"modified":"2022-10-18T10:04:52","modified_gmt":"2022-10-18T08:04:52","slug":"aree-di-crisi-una-mostra-di-alfredo-bosco-a-villa-pacchiani-dal-16-ottobre-al-28-novembre","status":"publish","type":"post","link":"https:\/\/comune.santacroce.pi.it\/oldsite\/aree-di-crisi-una-mostra-di-alfredo-bosco-a-villa-pacchiani-dal-16-ottobre-al-28-novembre\/","title":{"rendered":"&#8220;Aree di crisi&#8221;. Una mostra di Alfredo Bosco a Villa Pacchiani, dal 16 ottobre al 28 novembre"},"content":{"rendered":"<p>Sabato 16 ottobre 2021 alle ore 17.00 presso il Centro Espositivo Villa Pacchiani di Santa Croce sull\u2019Arno si inaugura la mostra di Alfredo Bosco Aree di crisi, un\u2019iniziativa del Comune di Santa Croce sull&#8217;Arno. Assessorato alle Politiche ed Istituzioni Culturali, a cura di Ilaria Mariotti.<\/p>\n<p>Se dal febbraio 2020 la pandemia da Covid-19 \u00e8 stata la fonte di preoccupazione principale che ha devastato le nostre vite e impegnato i nostri pensieri il numero delle vittime, la crisi economica e sociale sono andate a sommarsi, in alcuni paesi, a realt\u00e0 gi\u00e0 profondamente provate da guerre, violenze, disastri ambientali.<br \/>\nLa mostra Aree di crisi documenta alcune delle situazioni pi\u00f9 calde che, a livello globale, rendono la vita delle persone estremamente difficile, dove la vita \u00e8 messa quotidianamente a rischio e la libert\u00e0 individuale costantemente e drammaticamente limitata.<br \/>\nAlfredo Bosco \u00e8 un fotografo freelance ed \u00e8 contributor dell\u2019agenzia Luz di Milano. I principali temi d\u2019indagine della sua ricerca fotografica in qualit\u00e0 di autore di fotoreportage sono problematiche sociali e crisi geopolitiche che lo portano a lavorare nelle zone pi\u00f9 conflittuali e tormentate del mondo.<br \/>\nPer Aree di crisi l\u2019autore mette a fuoco i conflitti e le devastazioni di tre aree geografiche: Haiti, il terremoto del 2010 che hanno fatto registrare oltre 200mila vittime, coinvolto oltre 3 milioni di persone e l\u2019epidemia di colera immediatamente successiva; il Donbass, nell\u2019est dell\u2019Ucraina, e la guerra civile (un progetto a lungo termine questo, che Bosco porta avanti dal 2014); lo stato messicano del Guerrero martoriato dalla guerra e dalla droga.<br \/>\nDi Haiti le immagini mostrano la devastazione delle strade della capitale Port au Prince, le violenze e le ruberie, le scorribande di gang locali, le rapine, la prostituzione nei campi profughi.<br \/>\nLa guerra civile che lacera dal 2014 la regione del Donbass nell\u2019Ucraina Orientale ha profondamente modificato la vita delle persone che hanno trovato rifugio in dormitori e bunker di epoca sovietica e che spesso vivono in appartamenti condivisi da pi\u00f9 nuclei familiari. Nelle miniere illegali in rovina di Torez, migliaia di minatori di carbone rischiano la vita ogni giorno per salari con i quali a malapena provvedono alle loro famiglie.<br \/>\nLo stato messicano di Guerrero che ha la pi\u00f9 alta concentrazione di campi seminati di papavero da oppio del Messico \u00e8 ostaggio di numerosi gruppi armati che si contendono il controllo della produzione e del traffico della droga.<br \/>\nGli abitanti, sfiniti dalla mancanza di sicurezza, hanno spesso abbandonato le loro case: i pueblos fantasmas sono villaggi abbandonati o dove gli abitanti sono misteriosamente svaniti nel nulla.<br \/>\nNon \u00e8 raro che I gruppi di autodifesa, costituiti da civili armati, ingaggino anche bambini che talvolta si uniscono alla polizia comunitaria, addestrati come adulti.<\/p>\n<p>Le fotografie di Bosco si susseguono a raccontare storie di popoli e di persone, alternando intensi ritratti a campi pi\u00f9 larghi e d\u2019insieme, fotografie pi\u00f9 statiche ad attimi colti nella loro dinamicit\u00e0 e drammaticit\u00e0 insieme.<\/p>\n<p>La mostra \u00e8 realizzata con la collaborazione di Cr\u00e9dit Agricole Italia. Il Comune di Santa Croce sull\u2019Arno aderisce alla rete Terre di Pisa.<\/p>\n","protected":false},"excerpt":{"rendered":"<p>Sabato 16 ottobre 2021 alle ore 17.00 presso il Centro Espositivo Villa Pacchiani di Santa Croce sull\u2019Arno si inaugura la mostra di Alfredo Bosco Aree di crisi, un\u2019iniziativa del Comune [&hellip;]<\/p>\n","protected":false},"author":1,"featured_media":18675,"comment_status":"closed","ping_status":"closed","sticky":false,"template":"","format":"standard","meta":{"footnotes":""},"categories":[154,155],"tags":[479,481,480,482],"class_list":["post-18674","post","type-post","status-publish","format-standard","has-post-thumbnail","hentry","category-cultura","category-eventi","tag-alfredo-bosco","tag-mostra","tag-mostra-fotografica","tag-villa-pacchiani"],"yoast_head":"<!-- This site is optimized with the Yoast SEO plugin v24.7 - https:\/\/yoast.com\/wordpress\/plugins\/seo\/ -->\n<title>&quot;Aree di crisi&quot;. Una mostra di Alfredo Bosco a Villa Pacchiani, dal 16 ottobre al 28 novembre - Comune di Santa Croce sull&#039;Arno<\/title>\n<meta name=\"robots\" content=\"index, follow, max-snippet:-1, max-image-preview:large, max-video-preview:-1\" \/>\n<link rel=\"canonical\" href=\"https:\/\/comune.santacroce.pi.it\/oldsite\/aree-di-crisi-una-mostra-di-alfredo-bosco-a-villa-pacchiani-dal-16-ottobre-al-28-novembre\/\" \/>\n<meta property=\"og:locale\" content=\"it_IT\" \/>\n<meta property=\"og:type\" content=\"article\" \/>\n<meta property=\"og:title\" content=\"&quot;Aree di crisi&quot;. Una mostra di Alfredo Bosco a Villa Pacchiani, dal 16 ottobre al 28 novembre - Comune di Santa Croce sull&#039;Arno\" \/>\n<meta property=\"og:description\" content=\"Sabato 16 ottobre 2021 alle ore 17.00 presso il Centro Espositivo Villa Pacchiani di Santa Croce sull\u2019Arno si inaugura la mostra di Alfredo Bosco Aree di crisi, un\u2019iniziativa del Comune [&hellip;]\" \/>\n<meta property=\"og:url\" content=\"https:\/\/comune.santacroce.pi.it\/oldsite\/aree-di-crisi-una-mostra-di-alfredo-bosco-a-villa-pacchiani-dal-16-ottobre-al-28-novembre\/\" \/>\n<meta property=\"og:site_name\" content=\"Comune di Santa Croce sull&#039;Arno\" \/>\n<meta property=\"article:published_time\" content=\"2021-10-16T07:55:23+00:00\" \/>\n<meta property=\"article:modified_time\" content=\"2022-10-18T08:04:52+00:00\" \/>\n<meta property=\"og:image\" content=\"https:\/\/comune.santacroce.pi.it\/oldsite\/wp-content\/uploads\/2021\/12\/Locandina-Bosco-Aree-di-crisi.jpeg\" \/>\n\t<meta property=\"og:image:width\" content=\"451\" \/>\n\t<meta property=\"og:image:height\" content=\"640\" \/>\n\t<meta property=\"og:image:type\" content=\"image\/jpeg\" \/>\n<meta name=\"author\" content=\"admin\" \/>\n<meta name=\"twitter:card\" content=\"summary_large_image\" \/>\n<meta name=\"twitter:label1\" content=\"Scritto da\" \/>\n\t<meta name=\"twitter:data1\" content=\"admin\" \/>\n\t<meta name=\"twitter:label2\" content=\"Tempo di lettura stimato\" \/>\n\t<meta name=\"twitter:data2\" content=\"3 minuti\" \/>\n<script type=\"application\/ld+json\" class=\"yoast-schema-graph\">{\"@context\":\"https:\/\/schema.org\",\"@graph\":[{\"@type\":\"Article\",\"@id\":\"https:\/\/comune.santacroce.pi.it\/oldsite\/aree-di-crisi-una-mostra-di-alfredo-bosco-a-villa-pacchiani-dal-16-ottobre-al-28-novembre\/#article\",\"isPartOf\":{\"@id\":\"https:\/\/comune.santacroce.pi.it\/oldsite\/aree-di-crisi-una-mostra-di-alfredo-bosco-a-villa-pacchiani-dal-16-ottobre-al-28-novembre\/\"},\"author\":{\"name\":\"admin\",\"@id\":\"https:\/\/comune.santacroce.pi.it\/oldsite\/#\/schema\/person\/4747be2b4053a623992eeb01d83347cf\"},\"headline\":\"&#8220;Aree di crisi&#8221;. Una mostra di Alfredo Bosco a Villa Pacchiani, dal 16 ottobre al 28 novembre\",\"datePublished\":\"2021-10-16T07:55:23+00:00\",\"dateModified\":\"2022-10-18T08:04:52+00:00\",\"mainEntityOfPage\":{\"@id\":\"https:\/\/comune.santacroce.pi.it\/oldsite\/aree-di-crisi-una-mostra-di-alfredo-bosco-a-villa-pacchiani-dal-16-ottobre-al-28-novembre\/\"},\"wordCount\":516,\"publisher\":{\"@id\":\"https:\/\/comune.santacroce.pi.it\/oldsite\/#organization\"},\"image\":{\"@id\":\"https:\/\/comune.santacroce.pi.it\/oldsite\/aree-di-crisi-una-mostra-di-alfredo-bosco-a-villa-pacchiani-dal-16-ottobre-al-28-novembre\/#primaryimage\"},\"thumbnailUrl\":\"https:\/\/comune.santacroce.pi.it\/oldsite\/wp-content\/uploads\/2021\/12\/Locandina-Bosco-Aree-di-crisi.jpeg\",\"keywords\":[\"alfredo bosco\",\"mostra\",\"mostra fotografica\",\"villa pacchiani\"],\"articleSection\":[\"Cultura\",\"Eventi\"],\"inLanguage\":\"it-IT\"},{\"@type\":\"WebPage\",\"@id\":\"https:\/\/comune.santacroce.pi.it\/oldsite\/aree-di-crisi-una-mostra-di-alfredo-bosco-a-villa-pacchiani-dal-16-ottobre-al-28-novembre\/\",\"url\":\"https:\/\/comune.santacroce.pi.it\/oldsite\/aree-di-crisi-una-mostra-di-alfredo-bosco-a-villa-pacchiani-dal-16-ottobre-al-28-novembre\/\",\"name\":\"\\\"Aree di crisi\\\". Una mostra di Alfredo Bosco a Villa Pacchiani, dal 16 ottobre al 28 novembre - Comune di Santa Croce sull&#039;Arno\",\"isPartOf\":{\"@id\":\"https:\/\/comune.santacroce.pi.it\/oldsite\/#website\"},\"primaryImageOfPage\":{\"@id\":\"https:\/\/comune.santacroce.pi.it\/oldsite\/aree-di-crisi-una-mostra-di-alfredo-bosco-a-villa-pacchiani-dal-16-ottobre-al-28-novembre\/#primaryimage\"},\"image\":{\"@id\":\"https:\/\/comune.santacroce.pi.it\/oldsite\/aree-di-crisi-una-mostra-di-alfredo-bosco-a-villa-pacchiani-dal-16-ottobre-al-28-novembre\/#primaryimage\"},\"thumbnailUrl\":\"https:\/\/comune.santacroce.pi.it\/oldsite\/wp-content\/uploads\/2021\/12\/Locandina-Bosco-Aree-di-crisi.jpeg\",\"datePublished\":\"2021-10-16T07:55:23+00:00\",\"dateModified\":\"2022-10-18T08:04:52+00:00\",\"breadcrumb\":{\"@id\":\"https:\/\/comune.santacroce.pi.it\/oldsite\/aree-di-crisi-una-mostra-di-alfredo-bosco-a-villa-pacchiani-dal-16-ottobre-al-28-novembre\/#breadcrumb\"},\"inLanguage\":\"it-IT\",\"potentialAction\":[{\"@type\":\"ReadAction\",\"target\":[\"https:\/\/comune.santacroce.pi.it\/oldsite\/aree-di-crisi-una-mostra-di-alfredo-bosco-a-villa-pacchiani-dal-16-ottobre-al-28-novembre\/\"]}]},{\"@type\":\"ImageObject\",\"inLanguage\":\"it-IT\",\"@id\":\"https:\/\/comune.santacroce.pi.it\/oldsite\/aree-di-crisi-una-mostra-di-alfredo-bosco-a-villa-pacchiani-dal-16-ottobre-al-28-novembre\/#primaryimage\",\"url\":\"https:\/\/comune.santacroce.pi.it\/oldsite\/wp-content\/uploads\/2021\/12\/Locandina-Bosco-Aree-di-crisi.jpeg\",\"contentUrl\":\"https:\/\/comune.santacroce.pi.it\/oldsite\/wp-content\/uploads\/2021\/12\/Locandina-Bosco-Aree-di-crisi.jpeg\",\"width\":451,\"height\":640},{\"@type\":\"BreadcrumbList\",\"@id\":\"https:\/\/comune.santacroce.pi.it\/oldsite\/aree-di-crisi-una-mostra-di-alfredo-bosco-a-villa-pacchiani-dal-16-ottobre-al-28-novembre\/#breadcrumb\",\"itemListElement\":[{\"@type\":\"ListItem\",\"position\":1,\"name\":\"Home\",\"item\":\"https:\/\/comune.santacroce.pi.it\/oldsite\/\"},{\"@type\":\"ListItem\",\"position\":2,\"name\":\"&#8220;Aree di crisi&#8221;. Una mostra di Alfredo Bosco a Villa Pacchiani, dal 16 ottobre al 28 novembre\"}]},{\"@type\":\"WebSite\",\"@id\":\"https:\/\/comune.santacroce.pi.it\/oldsite\/#website\",\"url\":\"https:\/\/comune.santacroce.pi.it\/oldsite\/\",\"name\":\"Comune di Santa Croce sull&#039;Arno\",\"description\":\"Provincia di Pisa\",\"publisher\":{\"@id\":\"https:\/\/comune.santacroce.pi.it\/oldsite\/#organization\"},\"potentialAction\":[{\"@type\":\"SearchAction\",\"target\":{\"@type\":\"EntryPoint\",\"urlTemplate\":\"https:\/\/comune.santacroce.pi.it\/oldsite\/?s={search_term_string}\"},\"query-input\":{\"@type\":\"PropertyValueSpecification\",\"valueRequired\":true,\"valueName\":\"search_term_string\"}}],\"inLanguage\":\"it-IT\"},{\"@type\":\"Organization\",\"@id\":\"https:\/\/comune.santacroce.pi.it\/oldsite\/#organization\",\"name\":\"Comune di Santa Croce sull'Arno\",\"url\":\"https:\/\/comune.santacroce.pi.it\/oldsite\/\",\"logo\":{\"@type\":\"ImageObject\",\"inLanguage\":\"it-IT\",\"@id\":\"https:\/\/comune.santacroce.pi.it\/oldsite\/#\/schema\/logo\/image\/\",\"url\":\"https:\/\/comune.santacroce.pi.it\/oldsite\/wp-content\/uploads\/2021\/02\/cropped-Stemma-Santa-Croce-dellArno_500-1.png\",\"contentUrl\":\"https:\/\/comune.santacroce.pi.it\/oldsite\/wp-content\/uploads\/2021\/02\/cropped-Stemma-Santa-Croce-dellArno_500-1.png\",\"width\":500,\"height\":500,\"caption\":\"Comune di Santa Croce sull'Arno\"},\"image\":{\"@id\":\"https:\/\/comune.santacroce.pi.it\/oldsite\/#\/schema\/logo\/image\/\"}},{\"@type\":\"Person\",\"@id\":\"https:\/\/comune.santacroce.pi.it\/oldsite\/#\/schema\/person\/4747be2b4053a623992eeb01d83347cf\",\"name\":\"admin\",\"image\":{\"@type\":\"ImageObject\",\"inLanguage\":\"it-IT\",\"@id\":\"https:\/\/comune.santacroce.pi.it\/oldsite\/#\/schema\/person\/image\/\",\"url\":\"https:\/\/secure.gravatar.com\/avatar\/869e84672a3432902942ceae38c7d294?s=96&d=mm&r=g\",\"contentUrl\":\"https:\/\/secure.gravatar.com\/avatar\/869e84672a3432902942ceae38c7d294?s=96&d=mm&r=g\",\"caption\":\"admin\"},\"url\":\"https:\/\/comune.santacroce.pi.it\/oldsite\/author\/admin\/\"}]}<\/script>\n<!-- \/ Yoast SEO plugin. -->","yoast_head_json":{"title":"\"Aree di crisi\". Una mostra di Alfredo Bosco a Villa Pacchiani, dal 16 ottobre al 28 novembre - Comune di Santa Croce sull&#039;Arno","robots":{"index":"index","follow":"follow","max-snippet":"max-snippet:-1","max-image-preview":"max-image-preview:large","max-video-preview":"max-video-preview:-1"},"canonical":"https:\/\/comune.santacroce.pi.it\/oldsite\/aree-di-crisi-una-mostra-di-alfredo-bosco-a-villa-pacchiani-dal-16-ottobre-al-28-novembre\/","og_locale":"it_IT","og_type":"article","og_title":"\"Aree di crisi\". Una mostra di Alfredo Bosco a Villa Pacchiani, dal 16 ottobre al 28 novembre - Comune di Santa Croce sull&#039;Arno","og_description":"Sabato 16 ottobre 2021 alle ore 17.00 presso il Centro Espositivo Villa Pacchiani di Santa Croce sull\u2019Arno si inaugura la mostra di Alfredo Bosco Aree di crisi, un\u2019iniziativa del Comune [&hellip;]","og_url":"https:\/\/comune.santacroce.pi.it\/oldsite\/aree-di-crisi-una-mostra-di-alfredo-bosco-a-villa-pacchiani-dal-16-ottobre-al-28-novembre\/","og_site_name":"Comune di Santa Croce sull&#039;Arno","article_published_time":"2021-10-16T07:55:23+00:00","article_modified_time":"2022-10-18T08:04:52+00:00","og_image":[{"width":451,"height":640,"url":"https:\/\/comune.santacroce.pi.it\/oldsite\/wp-content\/uploads\/2021\/12\/Locandina-Bosco-Aree-di-crisi.jpeg","type":"image\/jpeg"}],"author":"admin","twitter_card":"summary_large_image","twitter_misc":{"Scritto da":"admin","Tempo di lettura stimato":"3 minuti"},"schema":{"@context":"https:\/\/schema.org","@graph":[{"@type":"Article","@id":"https:\/\/comune.santacroce.pi.it\/oldsite\/aree-di-crisi-una-mostra-di-alfredo-bosco-a-villa-pacchiani-dal-16-ottobre-al-28-novembre\/#article","isPartOf":{"@id":"https:\/\/comune.santacroce.pi.it\/oldsite\/aree-di-crisi-una-mostra-di-alfredo-bosco-a-villa-pacchiani-dal-16-ottobre-al-28-novembre\/"},"author":{"name":"admin","@id":"https:\/\/comune.santacroce.pi.it\/oldsite\/#\/schema\/person\/4747be2b4053a623992eeb01d83347cf"},"headline":"&#8220;Aree di crisi&#8221;. Una mostra di Alfredo Bosco a Villa Pacchiani, dal 16 ottobre al 28 novembre","datePublished":"2021-10-16T07:55:23+00:00","dateModified":"2022-10-18T08:04:52+00:00","mainEntityOfPage":{"@id":"https:\/\/comune.santacroce.pi.it\/oldsite\/aree-di-crisi-una-mostra-di-alfredo-bosco-a-villa-pacchiani-dal-16-ottobre-al-28-novembre\/"},"wordCount":516,"publisher":{"@id":"https:\/\/comune.santacroce.pi.it\/oldsite\/#organization"},"image":{"@id":"https:\/\/comune.santacroce.pi.it\/oldsite\/aree-di-crisi-una-mostra-di-alfredo-bosco-a-villa-pacchiani-dal-16-ottobre-al-28-novembre\/#primaryimage"},"thumbnailUrl":"https:\/\/comune.santacroce.pi.it\/oldsite\/wp-content\/uploads\/2021\/12\/Locandina-Bosco-Aree-di-crisi.jpeg","keywords":["alfredo bosco","mostra","mostra fotografica","villa pacchiani"],"articleSection":["Cultura","Eventi"],"inLanguage":"it-IT"},{"@type":"WebPage","@id":"https:\/\/comune.santacroce.pi.it\/oldsite\/aree-di-crisi-una-mostra-di-alfredo-bosco-a-villa-pacchiani-dal-16-ottobre-al-28-novembre\/","url":"https:\/\/comune.santacroce.pi.it\/oldsite\/aree-di-crisi-una-mostra-di-alfredo-bosco-a-villa-pacchiani-dal-16-ottobre-al-28-novembre\/","name":"\"Aree di crisi\". Una mostra di Alfredo Bosco a Villa Pacchiani, dal 16 ottobre al 28 novembre - Comune di Santa Croce sull&#039;Arno","isPartOf":{"@id":"https:\/\/comune.santacroce.pi.it\/oldsite\/#website"},"primaryImageOfPage":{"@id":"https:\/\/comune.santacroce.pi.it\/oldsite\/aree-di-crisi-una-mostra-di-alfredo-bosco-a-villa-pacchiani-dal-16-ottobre-al-28-novembre\/#primaryimage"},"image":{"@id":"https:\/\/comune.santacroce.pi.it\/oldsite\/aree-di-crisi-una-mostra-di-alfredo-bosco-a-villa-pacchiani-dal-16-ottobre-al-28-novembre\/#primaryimage"},"thumbnailUrl":"https:\/\/comune.santacroce.pi.it\/oldsite\/wp-content\/uploads\/2021\/12\/Locandina-Bosco-Aree-di-crisi.jpeg","datePublished":"2021-10-16T07:55:23+00:00","dateModified":"2022-10-18T08:04:52+00:00","breadcrumb":{"@id":"https:\/\/comune.santacroce.pi.it\/oldsite\/aree-di-crisi-una-mostra-di-alfredo-bosco-a-villa-pacchiani-dal-16-ottobre-al-28-novembre\/#breadcrumb"},"inLanguage":"it-IT","potentialAction":[{"@type":"ReadAction","target":["https:\/\/comune.santacroce.pi.it\/oldsite\/aree-di-crisi-una-mostra-di-alfredo-bosco-a-villa-pacchiani-dal-16-ottobre-al-28-novembre\/"]}]},{"@type":"ImageObject","inLanguage":"it-IT","@id":"https:\/\/comune.santacroce.pi.it\/oldsite\/aree-di-crisi-una-mostra-di-alfredo-bosco-a-villa-pacchiani-dal-16-ottobre-al-28-novembre\/#primaryimage","url":"https:\/\/comune.santacroce.pi.it\/oldsite\/wp-content\/uploads\/2021\/12\/Locandina-Bosco-Aree-di-crisi.jpeg","contentUrl":"https:\/\/comune.santacroce.pi.it\/oldsite\/wp-content\/uploads\/2021\/12\/Locandina-Bosco-Aree-di-crisi.jpeg","width":451,"height":640},{"@type":"BreadcrumbList","@id":"https:\/\/comune.santacroce.pi.it\/oldsite\/aree-di-crisi-una-mostra-di-alfredo-bosco-a-villa-pacchiani-dal-16-ottobre-al-28-novembre\/#breadcrumb","itemListElement":[{"@type":"ListItem","position":1,"name":"Home","item":"https:\/\/comune.santacroce.pi.it\/oldsite\/"},{"@type":"ListItem","position":2,"name":"&#8220;Aree di crisi&#8221;. Una mostra di Alfredo Bosco a Villa Pacchiani, dal 16 ottobre al 28 novembre"}]},{"@type":"WebSite","@id":"https:\/\/comune.santacroce.pi.it\/oldsite\/#website","url":"https:\/\/comune.santacroce.pi.it\/oldsite\/","name":"Comune di Santa Croce sull&#039;Arno","description":"Provincia di Pisa","publisher":{"@id":"https:\/\/comune.santacroce.pi.it\/oldsite\/#organization"},"potentialAction":[{"@type":"SearchAction","target":{"@type":"EntryPoint","urlTemplate":"https:\/\/comune.santacroce.pi.it\/oldsite\/?s={search_term_string}"},"query-input":{"@type":"PropertyValueSpecification","valueRequired":true,"valueName":"search_term_string"}}],"inLanguage":"it-IT"},{"@type":"Organization","@id":"https:\/\/comune.santacroce.pi.it\/oldsite\/#organization","name":"Comune di Santa Croce sull'Arno","url":"https:\/\/comune.santacroce.pi.it\/oldsite\/","logo":{"@type":"ImageObject","inLanguage":"it-IT","@id":"https:\/\/comune.santacroce.pi.it\/oldsite\/#\/schema\/logo\/image\/","url":"https:\/\/comune.santacroce.pi.it\/oldsite\/wp-content\/uploads\/2021\/02\/cropped-Stemma-Santa-Croce-dellArno_500-1.png","contentUrl":"https:\/\/comune.santacroce.pi.it\/oldsite\/wp-content\/uploads\/2021\/02\/cropped-Stemma-Santa-Croce-dellArno_500-1.png","width":500,"height":500,"caption":"Comune di Santa Croce sull'Arno"},"image":{"@id":"https:\/\/comune.santacroce.pi.it\/oldsite\/#\/schema\/logo\/image\/"}},{"@type":"Person","@id":"https:\/\/comune.santacroce.pi.it\/oldsite\/#\/schema\/person\/4747be2b4053a623992eeb01d83347cf","name":"admin","image":{"@type":"ImageObject","inLanguage":"it-IT","@id":"https:\/\/comune.santacroce.pi.it\/oldsite\/#\/schema\/person\/image\/","url":"https:\/\/secure.gravatar.com\/avatar\/869e84672a3432902942ceae38c7d294?s=96&d=mm&r=g","contentUrl":"https:\/\/secure.gravatar.com\/avatar\/869e84672a3432902942ceae38c7d294?s=96&d=mm&r=g","caption":"admin"},"url":"https:\/\/comune.santacroce.pi.it\/oldsite\/author\/admin\/"}]}},"jetpack_featured_media_url":"https:\/\/comune.santacroce.pi.it\/oldsite\/wp-content\/uploads\/2021\/12\/Locandina-Bosco-Aree-di-crisi.jpeg","meta_box":{"comunicacity_sync":"0","cc4_urg_colore":"rosso","cc4_urg_data_inizio":"","cc4_urg_data_fine":"","cc4_cor_positivi_oggi":"","cc4_cor_negativizzati_oggi":"","cc4_cor_deceduti_oggi":"","cc4_cor_positivi_totali":"","cc4_cor_negativizzati_totali":"","cc4_cor_deceduti_totali":"","cc4_cor_attualmente_positivi":"","cc4_eve_data_inizio":"16\/10\/2021 00:00","cc4_eve_data_fine":"28\/11\/2021 00:00","cc4_eve_indirizzo":"Santa Croce sull'Arno, Pisa, Toscana, Italia","cc4_eve_posizione":{"latitude":"43.76352475","longitude":"10.709167393741","zoom":"13"},"cc4_eve_telefono":"","cc4_eve_email":"","cc4_eve_web":"","cc4_eve_fb":""},"_links":{"self":[{"href":"https:\/\/comune.santacroce.pi.it\/oldsite\/wp-json\/wp\/v2\/posts\/18674","targetHints":{"allow":["GET"]}}],"collection":[{"href":"https:\/\/comune.santacroce.pi.it\/oldsite\/wp-json\/wp\/v2\/posts"}],"about":[{"href":"https:\/\/comune.santacroce.pi.it\/oldsite\/wp-json\/wp\/v2\/types\/post"}],"author":[{"embeddable":true,"href":"https:\/\/comune.santacroce.pi.it\/oldsite\/wp-json\/wp\/v2\/users\/1"}],"replies":[{"embeddable":true,"href":"https:\/\/comune.santacroce.pi.it\/oldsite\/wp-json\/wp\/v2\/comments?post=18674"}],"version-history":[{"count":0,"href":"https:\/\/comune.santacroce.pi.it\/oldsite\/wp-json\/wp\/v2\/posts\/18674\/revisions"}],"wp:featuredmedia":[{"embeddable":true,"href":"https:\/\/comune.santacroce.pi.it\/oldsite\/wp-json\/wp\/v2\/media\/18675"}],"wp:attachment":[{"href":"https:\/\/comune.santacroce.pi.it\/oldsite\/wp-json\/wp\/v2\/media?parent=18674"}],"wp:term":[{"taxonomy":"category","embeddable":true,"href":"https:\/\/comune.santacroce.pi.it\/oldsite\/wp-json\/wp\/v2\/categories?post=18674"},{"taxonomy":"post_tag","embeddable":true,"href":"https:\/\/comune.santacroce.pi.it\/oldsite\/wp-json\/wp\/v2\/tags?post=18674"}],"curies":[{"name":"wp","href":"https:\/\/api.w.org\/{rel}","templated":true}]}}