{"id":18653,"date":"2021-10-14T12:50:34","date_gmt":"2021-10-14T10:50:34","guid":{"rendered":"https:\/\/comune.santacroce.pi.it\/oldsite\/?p=18653"},"modified":"2021-12-28T18:42:54","modified_gmt":"2021-12-28T17:42:54","slug":"covid-19-decreto-legge-21-settembre-2021-n-127","status":"publish","type":"post","link":"https:\/\/comune.santacroce.pi.it\/oldsite\/covid-19-decreto-legge-21-settembre-2021-n-127\/","title":{"rendered":"COVID-19 &#8211; Decreto Legge 21 settembre 2021 n. 127"},"content":{"rendered":"<p><strong>Misure urgenti per assicurare lo svolgimento in sicurezza del lavoro pubblico e privato mediante l\u2019estensione dell\u2019ambito applicativo della certificazione verde COVID-19 e il rafforzamento del sistema di screening<\/strong><\/p>\n<p>Il Consiglio dei Ministri ha approvato un decreto-legge che introduce misure urgenti per assicurare lo svolgimento in sicurezza del lavoro pubblico e privato mediante l\u2019estensione dell\u2019ambito applicativo della certificazione verde COVID-19 e il rafforzamento del sistema di screening a partire dal 15 ottobre 2021.<\/p>\n<h3>Certificazione verde<\/h3>\n<p>Dal 15 ottobre al 31 dicembre 2021 sono tenuti a possedere ed esibire la certificazione verde COVID-19:<\/p>\n<ul>\n<li>tutti i lavoratori del settore pubblico, compresi i soggetti titolari di cariche elettive o di cariche istituzionali di vertice, enti pubblici economici e organi di rilevanza costituzionale;<\/li>\n<li>tutti i lavoratori del settore privato;<\/li>\n<li>tutti i soggetti che svolgono, a qualsiasi titolo, la propria attivit\u00e0 lavorativa o di formazione o di volontariato presso le Pubbliche Amministrazioni o datori di lavoro privati.<\/li>\n<\/ul>\n<p>Le disposizioni non si applicano ai soggetti esenti dalla campagna vaccinale sulla base di idonea e comprovata certificazione.<\/p>\n<p>I visitatori che accedono negli uffici di una Pubblica Amministrazione per riunioni o incontri, invece, dovranno essere muniti della certificazione verde ed esibirla su richiesta.<\/p>\n<p>L\u2019unica categoria di soggetti esclusa dall\u2019obbligo di esibire il green pass per accedere agli uffici pubblici \u00e8 quella dei cittadini che vi si recano per un servizio.<\/p>\n<hr \/>\n<h3>Controlli<\/h3>\n<p>Il controllo e la verifica della certificazione verde per l&#8217;accesso ai dipendenti \u00e8 affidato ai datori di lavoro.<br \/>\nTali controlli devono essere effettuati all\u2019accesso ai luoghi di lavoro e individuando con atto formale i soggetti incaricati dell\u2019accertamento e della contestazione delle violazioni degli obblighi.<br \/>\nIl controllo e la verifica della certificazione verde per l&#8217;accesso ai visitatori \u00e8 affidato al responsabile del servizio che indice la riunione o l\u2019incontro.<\/p>\n<hr \/>\n<h3>Sanzioni<\/h3>\n<p>Per coloro che sono colti senza la certificazione sul luogo di lavoro \u00e8 prevista la sanzione amministrativa da 600 a 1500 euro.<br \/>\nPer chi non verifica il rispetto delle regole \u00e8 prevista la sanzione amministrativa da 400 a 1000 euro.<\/p>\n<hr \/>\n<h3>Tamponi calmierati<\/h3>\n<p>Il decreto prevede l\u2019obbligo per le farmacie di somministrare i test antigenici rapidi applicando i prezzi definiti nel protocollo d\u2019intesa siglato dal Commissario straordinario.<br \/>\nLe nuove norme prevedono inoltre la gratuit\u00e0 dei tamponi per coloro che sono stati esentati dalla vaccinazione.<\/p>\n<p>Durata della certificazione verde COVID-19<br \/>\nLa certificazione verde COVID-19 spetta ai vaccinati, a chi \u00e8 guarito dal Covid-19 nei sei mesi precedenti e a tutti coloro che risultano negativi a un tampone molecolare o rapido. Per chi ha completato il ciclo vaccinale la certificazione verde vale 12 mesi, per chi ha fatto la prima dose di vaccino vale fino alla somministrazione della seconda; per chi \u00e8 negativo al tampone rapido vale 48 ore; per chi \u00e8 negativo al tampone molecolare la validit\u00e0 \u00e8 di 72 ore e, infine, per chi \u00e8 guarito vale 6 mesi dall\u2019avvenuta guarigione.<\/p>\n<hr \/>\n<p style=\"text-align: center\"><a href=\"https:\/\/www.gazzettaufficiale.it\/eli\/id\/2021\/09\/21\/21G00139\/sg\"><strong>Gazzetta Ufficiale<\/strong><\/a><\/p>\n<hr \/>\n<p>&nbsp;<\/p>\n","protected":false},"excerpt":{"rendered":"<p>Misure urgenti per assicurare lo svolgimento in sicurezza del lavoro pubblico e privato mediante l\u2019estensione dell\u2019ambito applicativo della certificazione verde COVID-19 e il rafforzamento del sistema di screening Il Consiglio [&hellip;]<\/p>\n","protected":false},"author":10,"featured_media":13430,"comment_status":"closed","ping_status":"closed","sticky":false,"template":"","format":"standard","meta":{"footnotes":""},"categories":[484,1,161],"tags":[402],"class_list":["post-18653","post","type-post","status-publish","format-standard","has-post-thumbnail","hentry","category-covid-19","category-notizie-e-informazioni","category-sanita","tag-covid-19"],"yoast_head":"<!-- This site is optimized with the Yoast SEO plugin v24.7 - https:\/\/yoast.com\/wordpress\/plugins\/seo\/ -->\n<title>COVID-19 - Decreto Legge 21 settembre 2021 n. 127 - Comune di Santa Croce sull&#039;Arno<\/title>\n<meta name=\"robots\" content=\"index, follow, max-snippet:-1, max-image-preview:large, max-video-preview:-1\" \/>\n<link rel=\"canonical\" href=\"https:\/\/comune.santacroce.pi.it\/oldsite\/covid-19-decreto-legge-21-settembre-2021-n-127\/\" \/>\n<meta property=\"og:locale\" content=\"it_IT\" \/>\n<meta property=\"og:type\" content=\"article\" \/>\n<meta property=\"og:title\" content=\"COVID-19 - Decreto Legge 21 settembre 2021 n. 127 - Comune di Santa Croce sull&#039;Arno\" \/>\n<meta property=\"og:description\" content=\"Misure urgenti per assicurare lo svolgimento in sicurezza del lavoro pubblico e privato mediante l\u2019estensione dell\u2019ambito applicativo della certificazione verde COVID-19 e il rafforzamento del sistema di screening Il Consiglio [&hellip;]\" \/>\n<meta property=\"og:url\" content=\"https:\/\/comune.santacroce.pi.it\/oldsite\/covid-19-decreto-legge-21-settembre-2021-n-127\/\" \/>\n<meta property=\"og:site_name\" content=\"Comune di Santa Croce sull&#039;Arno\" \/>\n<meta property=\"article:published_time\" content=\"2021-10-14T10:50:34+00:00\" \/>\n<meta property=\"article:modified_time\" content=\"2021-12-28T17:42:54+00:00\" \/>\n<meta property=\"og:image\" content=\"https:\/\/comune.santacroce.pi.it\/oldsite\/wp-content\/uploads\/2018\/02\/SANITA.png\" \/>\n\t<meta property=\"og:image:width\" content=\"800\" \/>\n\t<meta property=\"og:image:height\" content=\"600\" \/>\n\t<meta property=\"og:image:type\" content=\"image\/png\" \/>\n<meta name=\"author\" content=\"gestore\" \/>\n<meta name=\"twitter:card\" content=\"summary_large_image\" \/>\n<meta name=\"twitter:label1\" content=\"Scritto da\" \/>\n\t<meta name=\"twitter:data1\" content=\"gestore\" \/>\n\t<meta name=\"twitter:label2\" content=\"Tempo di lettura stimato\" \/>\n\t<meta name=\"twitter:data2\" content=\"2 minuti\" \/>\n<script type=\"application\/ld+json\" class=\"yoast-schema-graph\">{\"@context\":\"https:\/\/schema.org\",\"@graph\":[{\"@type\":\"Article\",\"@id\":\"https:\/\/comune.santacroce.pi.it\/oldsite\/covid-19-decreto-legge-21-settembre-2021-n-127\/#article\",\"isPartOf\":{\"@id\":\"https:\/\/comune.santacroce.pi.it\/oldsite\/covid-19-decreto-legge-21-settembre-2021-n-127\/\"},\"author\":{\"name\":\"gestore\",\"@id\":\"https:\/\/comune.santacroce.pi.it\/oldsite\/#\/schema\/person\/5212fa237eb523c5c88b1f51cae14ae4\"},\"headline\":\"COVID-19 &#8211; Decreto Legge 21 settembre 2021 n. 127\",\"datePublished\":\"2021-10-14T10:50:34+00:00\",\"dateModified\":\"2021-12-28T17:42:54+00:00\",\"mainEntityOfPage\":{\"@id\":\"https:\/\/comune.santacroce.pi.it\/oldsite\/covid-19-decreto-legge-21-settembre-2021-n-127\/\"},\"wordCount\":471,\"publisher\":{\"@id\":\"https:\/\/comune.santacroce.pi.it\/oldsite\/#organization\"},\"image\":{\"@id\":\"https:\/\/comune.santacroce.pi.it\/oldsite\/covid-19-decreto-legge-21-settembre-2021-n-127\/#primaryimage\"},\"thumbnailUrl\":\"https:\/\/comune.santacroce.pi.it\/oldsite\/wp-content\/uploads\/2018\/02\/SANITA.png\",\"keywords\":[\"Covid-19\"],\"articleSection\":[\"Covid-19\",\"Notizie e informazioni\",\"Sanit\u00e0\"],\"inLanguage\":\"it-IT\"},{\"@type\":\"WebPage\",\"@id\":\"https:\/\/comune.santacroce.pi.it\/oldsite\/covid-19-decreto-legge-21-settembre-2021-n-127\/\",\"url\":\"https:\/\/comune.santacroce.pi.it\/oldsite\/covid-19-decreto-legge-21-settembre-2021-n-127\/\",\"name\":\"COVID-19 - Decreto Legge 21 settembre 2021 n. 127 - Comune di Santa Croce sull&#039;Arno\",\"isPartOf\":{\"@id\":\"https:\/\/comune.santacroce.pi.it\/oldsite\/#website\"},\"primaryImageOfPage\":{\"@id\":\"https:\/\/comune.santacroce.pi.it\/oldsite\/covid-19-decreto-legge-21-settembre-2021-n-127\/#primaryimage\"},\"image\":{\"@id\":\"https:\/\/comune.santacroce.pi.it\/oldsite\/covid-19-decreto-legge-21-settembre-2021-n-127\/#primaryimage\"},\"thumbnailUrl\":\"https:\/\/comune.santacroce.pi.it\/oldsite\/wp-content\/uploads\/2018\/02\/SANITA.png\",\"datePublished\":\"2021-10-14T10:50:34+00:00\",\"dateModified\":\"2021-12-28T17:42:54+00:00\",\"breadcrumb\":{\"@id\":\"https:\/\/comune.santacroce.pi.it\/oldsite\/covid-19-decreto-legge-21-settembre-2021-n-127\/#breadcrumb\"},\"inLanguage\":\"it-IT\",\"potentialAction\":[{\"@type\":\"ReadAction\",\"target\":[\"https:\/\/comune.santacroce.pi.it\/oldsite\/covid-19-decreto-legge-21-settembre-2021-n-127\/\"]}]},{\"@type\":\"ImageObject\",\"inLanguage\":\"it-IT\",\"@id\":\"https:\/\/comune.santacroce.pi.it\/oldsite\/covid-19-decreto-legge-21-settembre-2021-n-127\/#primaryimage\",\"url\":\"https:\/\/comune.santacroce.pi.it\/oldsite\/wp-content\/uploads\/2018\/02\/SANITA.png\",\"contentUrl\":\"https:\/\/comune.santacroce.pi.it\/oldsite\/wp-content\/uploads\/2018\/02\/SANITA.png\",\"width\":800,\"height\":600},{\"@type\":\"BreadcrumbList\",\"@id\":\"https:\/\/comune.santacroce.pi.it\/oldsite\/covid-19-decreto-legge-21-settembre-2021-n-127\/#breadcrumb\",\"itemListElement\":[{\"@type\":\"ListItem\",\"position\":1,\"name\":\"Home\",\"item\":\"https:\/\/comune.santacroce.pi.it\/oldsite\/\"},{\"@type\":\"ListItem\",\"position\":2,\"name\":\"COVID-19 &#8211; Decreto Legge 21 settembre 2021 n. 127\"}]},{\"@type\":\"WebSite\",\"@id\":\"https:\/\/comune.santacroce.pi.it\/oldsite\/#website\",\"url\":\"https:\/\/comune.santacroce.pi.it\/oldsite\/\",\"name\":\"Comune di Santa Croce sull&#039;Arno\",\"description\":\"Provincia di Pisa\",\"publisher\":{\"@id\":\"https:\/\/comune.santacroce.pi.it\/oldsite\/#organization\"},\"potentialAction\":[{\"@type\":\"SearchAction\",\"target\":{\"@type\":\"EntryPoint\",\"urlTemplate\":\"https:\/\/comune.santacroce.pi.it\/oldsite\/?s={search_term_string}\"},\"query-input\":{\"@type\":\"PropertyValueSpecification\",\"valueRequired\":true,\"valueName\":\"search_term_string\"}}],\"inLanguage\":\"it-IT\"},{\"@type\":\"Organization\",\"@id\":\"https:\/\/comune.santacroce.pi.it\/oldsite\/#organization\",\"name\":\"Comune di Santa Croce sull'Arno\",\"url\":\"https:\/\/comune.santacroce.pi.it\/oldsite\/\",\"logo\":{\"@type\":\"ImageObject\",\"inLanguage\":\"it-IT\",\"@id\":\"https:\/\/comune.santacroce.pi.it\/oldsite\/#\/schema\/logo\/image\/\",\"url\":\"https:\/\/comune.santacroce.pi.it\/oldsite\/wp-content\/uploads\/2021\/02\/cropped-Stemma-Santa-Croce-dellArno_500-1.png\",\"contentUrl\":\"https:\/\/comune.santacroce.pi.it\/oldsite\/wp-content\/uploads\/2021\/02\/cropped-Stemma-Santa-Croce-dellArno_500-1.png\",\"width\":500,\"height\":500,\"caption\":\"Comune di Santa Croce sull'Arno\"},\"image\":{\"@id\":\"https:\/\/comune.santacroce.pi.it\/oldsite\/#\/schema\/logo\/image\/\"}},{\"@type\":\"Person\",\"@id\":\"https:\/\/comune.santacroce.pi.it\/oldsite\/#\/schema\/person\/5212fa237eb523c5c88b1f51cae14ae4\",\"name\":\"gestore\",\"image\":{\"@type\":\"ImageObject\",\"inLanguage\":\"it-IT\",\"@id\":\"https:\/\/comune.santacroce.pi.it\/oldsite\/#\/schema\/person\/image\/\",\"url\":\"https:\/\/secure.gravatar.com\/avatar\/0759b03a30f73df39010a5fcb1380615?s=96&d=mm&r=g\",\"contentUrl\":\"https:\/\/secure.gravatar.com\/avatar\/0759b03a30f73df39010a5fcb1380615?s=96&d=mm&r=g\",\"caption\":\"gestore\"},\"url\":\"https:\/\/comune.santacroce.pi.it\/oldsite\/author\/gestore\/\"}]}<\/script>\n<!-- \/ Yoast SEO plugin. -->","yoast_head_json":{"title":"COVID-19 - Decreto Legge 21 settembre 2021 n. 127 - Comune di Santa Croce sull&#039;Arno","robots":{"index":"index","follow":"follow","max-snippet":"max-snippet:-1","max-image-preview":"max-image-preview:large","max-video-preview":"max-video-preview:-1"},"canonical":"https:\/\/comune.santacroce.pi.it\/oldsite\/covid-19-decreto-legge-21-settembre-2021-n-127\/","og_locale":"it_IT","og_type":"article","og_title":"COVID-19 - Decreto Legge 21 settembre 2021 n. 127 - Comune di Santa Croce sull&#039;Arno","og_description":"Misure urgenti per assicurare lo svolgimento in sicurezza del lavoro pubblico e privato mediante l\u2019estensione dell\u2019ambito applicativo della certificazione verde COVID-19 e il rafforzamento del sistema di screening Il Consiglio [&hellip;]","og_url":"https:\/\/comune.santacroce.pi.it\/oldsite\/covid-19-decreto-legge-21-settembre-2021-n-127\/","og_site_name":"Comune di Santa Croce sull&#039;Arno","article_published_time":"2021-10-14T10:50:34+00:00","article_modified_time":"2021-12-28T17:42:54+00:00","og_image":[{"width":800,"height":600,"url":"https:\/\/comune.santacroce.pi.it\/oldsite\/wp-content\/uploads\/2018\/02\/SANITA.png","type":"image\/png"}],"author":"gestore","twitter_card":"summary_large_image","twitter_misc":{"Scritto da":"gestore","Tempo di lettura stimato":"2 minuti"},"schema":{"@context":"https:\/\/schema.org","@graph":[{"@type":"Article","@id":"https:\/\/comune.santacroce.pi.it\/oldsite\/covid-19-decreto-legge-21-settembre-2021-n-127\/#article","isPartOf":{"@id":"https:\/\/comune.santacroce.pi.it\/oldsite\/covid-19-decreto-legge-21-settembre-2021-n-127\/"},"author":{"name":"gestore","@id":"https:\/\/comune.santacroce.pi.it\/oldsite\/#\/schema\/person\/5212fa237eb523c5c88b1f51cae14ae4"},"headline":"COVID-19 &#8211; Decreto Legge 21 settembre 2021 n. 127","datePublished":"2021-10-14T10:50:34+00:00","dateModified":"2021-12-28T17:42:54+00:00","mainEntityOfPage":{"@id":"https:\/\/comune.santacroce.pi.it\/oldsite\/covid-19-decreto-legge-21-settembre-2021-n-127\/"},"wordCount":471,"publisher":{"@id":"https:\/\/comune.santacroce.pi.it\/oldsite\/#organization"},"image":{"@id":"https:\/\/comune.santacroce.pi.it\/oldsite\/covid-19-decreto-legge-21-settembre-2021-n-127\/#primaryimage"},"thumbnailUrl":"https:\/\/comune.santacroce.pi.it\/oldsite\/wp-content\/uploads\/2018\/02\/SANITA.png","keywords":["Covid-19"],"articleSection":["Covid-19","Notizie e informazioni","Sanit\u00e0"],"inLanguage":"it-IT"},{"@type":"WebPage","@id":"https:\/\/comune.santacroce.pi.it\/oldsite\/covid-19-decreto-legge-21-settembre-2021-n-127\/","url":"https:\/\/comune.santacroce.pi.it\/oldsite\/covid-19-decreto-legge-21-settembre-2021-n-127\/","name":"COVID-19 - Decreto Legge 21 settembre 2021 n. 127 - Comune di Santa Croce sull&#039;Arno","isPartOf":{"@id":"https:\/\/comune.santacroce.pi.it\/oldsite\/#website"},"primaryImageOfPage":{"@id":"https:\/\/comune.santacroce.pi.it\/oldsite\/covid-19-decreto-legge-21-settembre-2021-n-127\/#primaryimage"},"image":{"@id":"https:\/\/comune.santacroce.pi.it\/oldsite\/covid-19-decreto-legge-21-settembre-2021-n-127\/#primaryimage"},"thumbnailUrl":"https:\/\/comune.santacroce.pi.it\/oldsite\/wp-content\/uploads\/2018\/02\/SANITA.png","datePublished":"2021-10-14T10:50:34+00:00","dateModified":"2021-12-28T17:42:54+00:00","breadcrumb":{"@id":"https:\/\/comune.santacroce.pi.it\/oldsite\/covid-19-decreto-legge-21-settembre-2021-n-127\/#breadcrumb"},"inLanguage":"it-IT","potentialAction":[{"@type":"ReadAction","target":["https:\/\/comune.santacroce.pi.it\/oldsite\/covid-19-decreto-legge-21-settembre-2021-n-127\/"]}]},{"@type":"ImageObject","inLanguage":"it-IT","@id":"https:\/\/comune.santacroce.pi.it\/oldsite\/covid-19-decreto-legge-21-settembre-2021-n-127\/#primaryimage","url":"https:\/\/comune.santacroce.pi.it\/oldsite\/wp-content\/uploads\/2018\/02\/SANITA.png","contentUrl":"https:\/\/comune.santacroce.pi.it\/oldsite\/wp-content\/uploads\/2018\/02\/SANITA.png","width":800,"height":600},{"@type":"BreadcrumbList","@id":"https:\/\/comune.santacroce.pi.it\/oldsite\/covid-19-decreto-legge-21-settembre-2021-n-127\/#breadcrumb","itemListElement":[{"@type":"ListItem","position":1,"name":"Home","item":"https:\/\/comune.santacroce.pi.it\/oldsite\/"},{"@type":"ListItem","position":2,"name":"COVID-19 &#8211; Decreto Legge 21 settembre 2021 n. 127"}]},{"@type":"WebSite","@id":"https:\/\/comune.santacroce.pi.it\/oldsite\/#website","url":"https:\/\/comune.santacroce.pi.it\/oldsite\/","name":"Comune di Santa Croce sull&#039;Arno","description":"Provincia di Pisa","publisher":{"@id":"https:\/\/comune.santacroce.pi.it\/oldsite\/#organization"},"potentialAction":[{"@type":"SearchAction","target":{"@type":"EntryPoint","urlTemplate":"https:\/\/comune.santacroce.pi.it\/oldsite\/?s={search_term_string}"},"query-input":{"@type":"PropertyValueSpecification","valueRequired":true,"valueName":"search_term_string"}}],"inLanguage":"it-IT"},{"@type":"Organization","@id":"https:\/\/comune.santacroce.pi.it\/oldsite\/#organization","name":"Comune di Santa Croce sull'Arno","url":"https:\/\/comune.santacroce.pi.it\/oldsite\/","logo":{"@type":"ImageObject","inLanguage":"it-IT","@id":"https:\/\/comune.santacroce.pi.it\/oldsite\/#\/schema\/logo\/image\/","url":"https:\/\/comune.santacroce.pi.it\/oldsite\/wp-content\/uploads\/2021\/02\/cropped-Stemma-Santa-Croce-dellArno_500-1.png","contentUrl":"https:\/\/comune.santacroce.pi.it\/oldsite\/wp-content\/uploads\/2021\/02\/cropped-Stemma-Santa-Croce-dellArno_500-1.png","width":500,"height":500,"caption":"Comune di Santa Croce sull'Arno"},"image":{"@id":"https:\/\/comune.santacroce.pi.it\/oldsite\/#\/schema\/logo\/image\/"}},{"@type":"Person","@id":"https:\/\/comune.santacroce.pi.it\/oldsite\/#\/schema\/person\/5212fa237eb523c5c88b1f51cae14ae4","name":"gestore","image":{"@type":"ImageObject","inLanguage":"it-IT","@id":"https:\/\/comune.santacroce.pi.it\/oldsite\/#\/schema\/person\/image\/","url":"https:\/\/secure.gravatar.com\/avatar\/0759b03a30f73df39010a5fcb1380615?s=96&d=mm&r=g","contentUrl":"https:\/\/secure.gravatar.com\/avatar\/0759b03a30f73df39010a5fcb1380615?s=96&d=mm&r=g","caption":"gestore"},"url":"https:\/\/comune.santacroce.pi.it\/oldsite\/author\/gestore\/"}]}},"jetpack_featured_media_url":"https:\/\/comune.santacroce.pi.it\/oldsite\/wp-content\/uploads\/2018\/02\/SANITA.png","meta_box":{"comunicacity_sync":"0","cc4_urg_colore":"rosso","cc4_urg_data_inizio":"","cc4_urg_data_fine":"","cc4_cor_positivi_oggi":"","cc4_cor_negativizzati_oggi":"","cc4_cor_deceduti_oggi":"","cc4_cor_positivi_totali":"","cc4_cor_negativizzati_totali":"","cc4_cor_deceduti_totali":"","cc4_cor_attualmente_positivi":"","cc4_eve_data_inizio":"","cc4_eve_data_fine":"","cc4_eve_indirizzo":"","cc4_eve_posizione":{"latitude":"0","longitude":"0","zoom":"0"},"cc4_eve_telefono":"","cc4_eve_email":"","cc4_eve_web":"","cc4_eve_fb":""},"_links":{"self":[{"href":"https:\/\/comune.santacroce.pi.it\/oldsite\/wp-json\/wp\/v2\/posts\/18653","targetHints":{"allow":["GET"]}}],"collection":[{"href":"https:\/\/comune.santacroce.pi.it\/oldsite\/wp-json\/wp\/v2\/posts"}],"about":[{"href":"https:\/\/comune.santacroce.pi.it\/oldsite\/wp-json\/wp\/v2\/types\/post"}],"author":[{"embeddable":true,"href":"https:\/\/comune.santacroce.pi.it\/oldsite\/wp-json\/wp\/v2\/users\/10"}],"replies":[{"embeddable":true,"href":"https:\/\/comune.santacroce.pi.it\/oldsite\/wp-json\/wp\/v2\/comments?post=18653"}],"version-history":[{"count":0,"href":"https:\/\/comune.santacroce.pi.it\/oldsite\/wp-json\/wp\/v2\/posts\/18653\/revisions"}],"wp:featuredmedia":[{"embeddable":true,"href":"https:\/\/comune.santacroce.pi.it\/oldsite\/wp-json\/wp\/v2\/media\/13430"}],"wp:attachment":[{"href":"https:\/\/comune.santacroce.pi.it\/oldsite\/wp-json\/wp\/v2\/media?parent=18653"}],"wp:term":[{"taxonomy":"category","embeddable":true,"href":"https:\/\/comune.santacroce.pi.it\/oldsite\/wp-json\/wp\/v2\/categories?post=18653"},{"taxonomy":"post_tag","embeddable":true,"href":"https:\/\/comune.santacroce.pi.it\/oldsite\/wp-json\/wp\/v2\/tags?post=18653"}],"curies":[{"name":"wp","href":"https:\/\/api.w.org\/{rel}","templated":true}]}}