{"id":18646,"date":"2024-10-03T15:00:59","date_gmt":"2024-10-03T13:00:59","guid":{"rendered":"https:\/\/comune.santacroce.pi.it\/oldsite\/?p=18646"},"modified":"2025-03-11T13:21:54","modified_gmt":"2025-03-11T12:21:54","slug":"censimento-permanente-della-popolazione-2021-promemoria-sollecitocensimento-permanente-della-popolazione-2021-promemoria-sollecito","status":"publish","type":"post","link":"https:\/\/comune.santacroce.pi.it\/oldsite\/censimento-permanente-della-popolazione-2021-promemoria-sollecitocensimento-permanente-della-popolazione-2021-promemoria-sollecito\/","title":{"rendered":"Censimento permanente della popolazione e delle abitazioni &#8211; Settima edizione"},"content":{"rendered":"<div class=\"guid-article\">\n<p>Il <strong>1\u00b0 ottobre 2024<\/strong> prende avvio la <strong>settima edizione del Censimento permanente della popolazione e delle abitazioni<\/strong> che coinvolger\u00e0 <strong>2.530 Comuni e circa 1 milione di famiglie<\/strong>.<\/p>\n<p>Il Censimento permanente della popolazione si basa sulla combinazione di <strong>rilevazioni campionarie e dati di fonte amministrativa<\/strong> trattati statisticamente. Grazie all\u2019integrazione dei dati raccolti attraverso <strong>due diverse rilevazioni campionarie<\/strong> \u2013 denominate <strong>\u201cda Lista\u201d<\/strong> e <strong>\u201cAreale\u201d<\/strong> \u2013 con le informazioni provenienti dai registri e le fonti amministrative, il Censimento \u00e8 in grado di restituire <strong>informazioni continue e tempestive<\/strong>, rappresentative dell\u2019<strong>intera popolazione che dimora abitualmente in Italia non solo a livello nazionale, regionale e comunale ma anche a livello territoriale pi\u00f9 fine (quartieri, localit\u00e0 abitate e sezioni di Censimento)<\/strong>.<\/p>\n<p>Attraverso questo impianto censuario, <strong>l\u2019Istituto nazionale di statistica fornisce<\/strong> <strong>entro dicembre di ogni anno i dati della popolazione per sesso, et\u00e0, cittadinanza, grado di istruzione e occupazione, a livello regionale, provinciale e comunale, riferiti all\u2019anno precedente<\/strong>, accompagnati dalla relativa metodologia di calcolo. I dati pubblicati sul sito internet istituzionale dell\u2019Istat sono presi a riferimento ai fini dell\u2019applicazione delle disposizioni di legge che rinviano all\u2019ammontare della popolazione, determinando un impatto rilevante nella vita dei Comuni (i sistemi elettorali, il numero di consiglieri, le concessioni di licenze, i trasferimenti economici per i servizi di pubblica utilit\u00e0, ecc.).<\/p>\n<p>Inoltre, con il <strong>D.L. 29 gennaio 2024, n. 7<\/strong> convertito con modificazioni dalla <strong>L. 25 marzo 2024, n. 38 (G.U. 28\/03\/2024, n. 74)<\/strong>, viene reintrodotta la possibilit\u00e0 da parte dell\u2019Istat di <strong>restituire agli Uffici di anagrafe dei Comuni i dati in forma individuale<\/strong>, cosa prima preclusa, in modo che questi possano <strong>procedere all\u2019aggiornamento e alla revisione delle anagrafi comunali<\/strong> di loro competenza, secondo quanto previsto dall\u2019<strong>art. 46 del D.P.R. 30 maggio 1989, n. 223<\/strong>.<\/p>\n<p>A partire <strong>dal 2025 la revisione avr\u00e0 cadenza annuale<\/strong> e si svolger\u00e0 nei mesi da gennaio ad aprile di ciascun anno, con riferimento alla popolazione pubblicata dall\u2019Istat nel mese di dicembre dell\u2019anno precedente. A questo riguardo, l\u2019Istat fornir\u00e0 le liste che contengono la \u201cnuova\u201d sovra copertura e la \u201cnuova\u201d sotto copertura anagrafica, ossia rispettivamente gli individui che per la prima volta, nella tornata censuaria di riferimento, sono risultati residenti ma non censiti o censiti ma non residenti. I Comuni sono chiamati a verificare le posizioni anagrafiche degli individui, che a seguito degli esiti del Censimento permanente al 31 dicembre 2023, si trovano in queste liste da verificare.<\/p>\n<p>Per quanto concerne invece le abitazioni, la nuova strategia censuaria ne definisce il numero totale attraverso il trattamento statistico delle informazioni presenti nel Registro degli edifici e delle unit\u00e0 immobiliari, la cui fonte primaria \u00e8 il catasto dei fabbricati. \u00c8 possibile cos\u00ec fornire (a partire dai dati 2021) il numero delle abitazioni occupate e quello delle abitazioni non occupate che viene ottenuto associando, attraverso un complesso processo di <em>linkage<\/em>, le abitazioni del suddetto Registro alle famiglie rilevate al Censimento.<\/p>\n<p><strong>I risultati di ciascuna annualit\u00e0 del Censimento permanente della popolazione vengono dunque diffusi alla fine di ogni anno sul sito istituzionale dell\u2019Istat<\/strong> e sono solitamente accompagnati da un comunicato stampa che descrive in maniera sintetica gli aspetti pi\u00f9 salienti. In tale contesto, vengono valorizzate anche <strong>alcune analisi specifiche che riguardano alcuni aggregati di popolazione di particolare interesse<\/strong>.<\/p>\n<p>Ad esempio, nel comunicato stampa di dicembre 2020 venne proposto un approfondimento tematico sui Borghi pi\u00f9 belli d\u2019Italia, ovvero quei Comuni che avevano ottenuto, a partire dal 2001, un particolare riconoscimento di carattere storico, culturale o artistico.<\/p>\n<p>Con la diffusione dei dati relativi all\u2019annualit\u00e0 censuaria 2021, l\u2019approfondimento \u00e8 stato effettuato su tre specifici segmenti di popolazione: le persone che vivono nelle convivenze anagrafiche, quelle che dimorano in campi autorizzati o insediamenti tollerati e spontanei e le persone senza tetto e senza fissa dimora.<\/p>\n<p>Nel comunicato stampa di dicembre 2022, \u00e8 stato invece proposto un approfondimento sulla popolazione censita nel 2021 scomponendola secondo l\u2019aver vissuto oppure no una \u201cesperienza migratoria\u201d. In particolare, attraverso l\u2019impiego congiunto delle variabili \u201cluogo di nascita\u201d, \u201ccittadinanza attuale\u201d e \u201ccittadinanza precedente\u201d \u00e8 stato possibile scomporre, con dettaglio comunale, la popolazione caratterizzata da uno specifico profilo migratorio e di mobilit\u00e0 internazionale dagli individui che invece non hanno vissuto un percorso migratorio di lunga durata. Ci\u00f2 ha permesso di identificare dei <em>target<\/em> demografici di particolare interesse: gli italiani dalla nascita, gli stranieri, gli immigrati (italiani e stranieri) e gli italiani per acquisizione (o naturalizzati).<\/p>\n<p>Inoltre, per completare il quadro sulle migrazioni internazionali, nello stesso comunicato di dicembre 2023 \u00e8 stato proposto un approfondimento sui cittadini italiani residenti all\u2019estero. Attraverso l\u2019integrazione degli archivi consolari con i dati dell\u2019Anagrafe degli Italiani Residenti all\u2019Estero (AIRE) \u00e8 stato possibile effettuare, a distanza di quasi 20 anni di distanza, il conteggio dei nostri concittadini residenti all\u2019estero.<\/p>\n<p><strong>I risultati dell\u2019edizione 2023 del Censimento permanente della popolazione e delle abitazioni saranno diffusi a dicembre 2024<\/strong><\/p>\n<p>Oltre all\u2019ammontare di popolazione e alle variabili socio-economiche, anche quest\u2019anno sar\u00e0 proposto un tema di approfondimento. Si vuole fornire <strong>un\u2019analisi di tipo quantitativo e qualitativo sugli individui che mostrano \u201csegnali di presenza\u201d sul territorio nazionale piuttosto duraturi (dai 4 ai 6 anni circa), tali da essere inclusi nel conteggio della popolazione censita, pur non risultando ancora iscritti in anagrafe<\/strong>.<\/p>\n<p>Questo aggregato di popolazione \u00e8 di notevole interesse anche per i Comuni perch\u00e9, almeno per quelli di maggiore dimensione demografica, coinvolge individui che, al di l\u00e0 della loro consistenza numerica, ai fini della revisione anagrafica possono mettere in difficolt\u00e0 gli Uffici di anagrafe nelle attivit\u00e0 di verifica. Infatti, si tratta di individui che non sono facilmente reperibili sul territorio agli indirizzi che figurano negli archivi attraverso cui sono solitamente rilevati, perch\u00e9 svolgono attivit\u00e0 di lavoro molto settoriali (colf, badanti, braccianti agricoli, ecc.), oppure perch\u00e9 spesso dimorano abitualmente presso il datore di lavoro e non hanno l\u2019interesse o la \u201cconvenienza\u201d di essere iscritti in anagrafe.<\/p>\n<p>Nello stesso aggregato, per\u00f2, ci sono anche individui che non sono in possesso dei requisiti minimi, in assenza dei quali non possono essere iscritti in anagrafe (non hanno casa, occupano abusivamente uno stabile, oppure gli alloggi in cui vivono non sono dotati di abitabilit\u00e0). Tuttavia, si tratta di persone che in base ai \u201csegnali di vita\u201d provenienti dalle fonti amministrative sono nei territori da diversi anni, hanno anche un indirizzo verificato ma che, secondo le norme internazionali devono essere conteggiati come residenti anche se non sono iscritte in anagrafe.<\/p>\n<p>Sar\u00e0 quindi interessante fornire un approfondimento sulle caratteristiche demografiche, la provenienza, l\u2019attivit\u00e0 economica e la localizzazione geografica di questo segmento di popolazione.<\/p>\n<p>&nbsp;<\/p>\n<ul>\n<li>Per saperne di pi\u00f9 visita la <a href=\"https:\/\/www.istat.it\/statistiche-per-temi\/censimenti\/popolazione-e-abitazioni\/\">sezione dedicata<\/a> del sito ISTAT o contatta l&#8217;Ufficio Anagrafe del comune (Tel: 0571-389920 &#8211; mail: anagrafe@comune.santacroce.pi.it).<\/li>\n<\/ul>\n<\/div>\n","protected":false},"excerpt":{"rendered":"<p>Il 1\u00b0 ottobre 2024 prende avvio la settima edizione del Censimento permanente della popolazione e delle abitazioni che coinvolger\u00e0 2.530 Comuni e circa 1 milione di famiglie. Il Censimento permanente [&hellip;]<\/p>\n","protected":false},"author":10,"featured_media":12407,"comment_status":"closed","ping_status":"closed","sticky":true,"template":"","format":"standard","meta":{"footnotes":""},"categories":[1],"tags":[],"class_list":["post-18646","post","type-post","status-publish","format-standard","has-post-thumbnail","hentry","category-notizie-e-informazioni"],"yoast_head":"<!-- This site is optimized with the Yoast SEO plugin v24.7 - https:\/\/yoast.com\/wordpress\/plugins\/seo\/ -->\n<title>Censimento permanente della popolazione e delle abitazioni - Settima edizione - Comune di Santa Croce sull&#039;Arno<\/title>\n<meta name=\"robots\" content=\"index, follow, max-snippet:-1, max-image-preview:large, max-video-preview:-1\" \/>\n<link rel=\"canonical\" href=\"https:\/\/comune.santacroce.pi.it\/oldsite\/censimento-permanente-della-popolazione-2021-promemoria-sollecitocensimento-permanente-della-popolazione-2021-promemoria-sollecito\/\" \/>\n<meta property=\"og:locale\" content=\"it_IT\" \/>\n<meta property=\"og:type\" content=\"article\" \/>\n<meta property=\"og:title\" content=\"Censimento permanente della popolazione e delle abitazioni - Settima edizione - Comune di Santa Croce sull&#039;Arno\" \/>\n<meta property=\"og:description\" content=\"Il 1\u00b0 ottobre 2024 prende avvio la settima edizione del Censimento permanente della popolazione e delle abitazioni che coinvolger\u00e0 2.530 Comuni e circa 1 milione di famiglie. Il Censimento permanente [&hellip;]\" \/>\n<meta property=\"og:url\" content=\"https:\/\/comune.santacroce.pi.it\/oldsite\/censimento-permanente-della-popolazione-2021-promemoria-sollecitocensimento-permanente-della-popolazione-2021-promemoria-sollecito\/\" \/>\n<meta property=\"og:site_name\" content=\"Comune di Santa Croce sull&#039;Arno\" \/>\n<meta property=\"article:published_time\" content=\"2024-10-03T13:00:59+00:00\" \/>\n<meta property=\"article:modified_time\" content=\"2025-03-11T12:21:54+00:00\" \/>\n<meta property=\"og:image\" content=\"https:\/\/comune.santacroce.pi.it\/oldsite\/wp-content\/uploads\/2017\/11\/Notizie-ed-informazioni.png\" \/>\n\t<meta property=\"og:image:width\" content=\"800\" \/>\n\t<meta property=\"og:image:height\" content=\"600\" \/>\n\t<meta property=\"og:image:type\" content=\"image\/png\" \/>\n<meta name=\"author\" content=\"gestore\" \/>\n<meta name=\"twitter:card\" content=\"summary_large_image\" \/>\n<meta name=\"twitter:label1\" content=\"Scritto da\" \/>\n\t<meta name=\"twitter:data1\" content=\"gestore\" \/>\n\t<meta name=\"twitter:label2\" content=\"Tempo di lettura stimato\" \/>\n\t<meta name=\"twitter:data2\" content=\"6 minuti\" \/>\n<script type=\"application\/ld+json\" class=\"yoast-schema-graph\">{\"@context\":\"https:\/\/schema.org\",\"@graph\":[{\"@type\":\"Article\",\"@id\":\"https:\/\/comune.santacroce.pi.it\/oldsite\/censimento-permanente-della-popolazione-2021-promemoria-sollecitocensimento-permanente-della-popolazione-2021-promemoria-sollecito\/#article\",\"isPartOf\":{\"@id\":\"https:\/\/comune.santacroce.pi.it\/oldsite\/censimento-permanente-della-popolazione-2021-promemoria-sollecitocensimento-permanente-della-popolazione-2021-promemoria-sollecito\/\"},\"author\":{\"name\":\"gestore\",\"@id\":\"https:\/\/comune.santacroce.pi.it\/oldsite\/#\/schema\/person\/5212fa237eb523c5c88b1f51cae14ae4\"},\"headline\":\"Censimento permanente della popolazione e delle abitazioni &#8211; Settima edizione\",\"datePublished\":\"2024-10-03T13:00:59+00:00\",\"dateModified\":\"2025-03-11T12:21:54+00:00\",\"mainEntityOfPage\":{\"@id\":\"https:\/\/comune.santacroce.pi.it\/oldsite\/censimento-permanente-della-popolazione-2021-promemoria-sollecitocensimento-permanente-della-popolazione-2021-promemoria-sollecito\/\"},\"wordCount\":1089,\"publisher\":{\"@id\":\"https:\/\/comune.santacroce.pi.it\/oldsite\/#organization\"},\"image\":{\"@id\":\"https:\/\/comune.santacroce.pi.it\/oldsite\/censimento-permanente-della-popolazione-2021-promemoria-sollecitocensimento-permanente-della-popolazione-2021-promemoria-sollecito\/#primaryimage\"},\"thumbnailUrl\":\"https:\/\/comune.santacroce.pi.it\/oldsite\/wp-content\/uploads\/2017\/11\/Notizie-ed-informazioni.png\",\"articleSection\":[\"Notizie e informazioni\"],\"inLanguage\":\"it-IT\"},{\"@type\":\"WebPage\",\"@id\":\"https:\/\/comune.santacroce.pi.it\/oldsite\/censimento-permanente-della-popolazione-2021-promemoria-sollecitocensimento-permanente-della-popolazione-2021-promemoria-sollecito\/\",\"url\":\"https:\/\/comune.santacroce.pi.it\/oldsite\/censimento-permanente-della-popolazione-2021-promemoria-sollecitocensimento-permanente-della-popolazione-2021-promemoria-sollecito\/\",\"name\":\"Censimento permanente della popolazione e delle abitazioni - Settima edizione - Comune di Santa Croce sull&#039;Arno\",\"isPartOf\":{\"@id\":\"https:\/\/comune.santacroce.pi.it\/oldsite\/#website\"},\"primaryImageOfPage\":{\"@id\":\"https:\/\/comune.santacroce.pi.it\/oldsite\/censimento-permanente-della-popolazione-2021-promemoria-sollecitocensimento-permanente-della-popolazione-2021-promemoria-sollecito\/#primaryimage\"},\"image\":{\"@id\":\"https:\/\/comune.santacroce.pi.it\/oldsite\/censimento-permanente-della-popolazione-2021-promemoria-sollecitocensimento-permanente-della-popolazione-2021-promemoria-sollecito\/#primaryimage\"},\"thumbnailUrl\":\"https:\/\/comune.santacroce.pi.it\/oldsite\/wp-content\/uploads\/2017\/11\/Notizie-ed-informazioni.png\",\"datePublished\":\"2024-10-03T13:00:59+00:00\",\"dateModified\":\"2025-03-11T12:21:54+00:00\",\"breadcrumb\":{\"@id\":\"https:\/\/comune.santacroce.pi.it\/oldsite\/censimento-permanente-della-popolazione-2021-promemoria-sollecitocensimento-permanente-della-popolazione-2021-promemoria-sollecito\/#breadcrumb\"},\"inLanguage\":\"it-IT\",\"potentialAction\":[{\"@type\":\"ReadAction\",\"target\":[\"https:\/\/comune.santacroce.pi.it\/oldsite\/censimento-permanente-della-popolazione-2021-promemoria-sollecitocensimento-permanente-della-popolazione-2021-promemoria-sollecito\/\"]}]},{\"@type\":\"ImageObject\",\"inLanguage\":\"it-IT\",\"@id\":\"https:\/\/comune.santacroce.pi.it\/oldsite\/censimento-permanente-della-popolazione-2021-promemoria-sollecitocensimento-permanente-della-popolazione-2021-promemoria-sollecito\/#primaryimage\",\"url\":\"https:\/\/comune.santacroce.pi.it\/oldsite\/wp-content\/uploads\/2017\/11\/Notizie-ed-informazioni.png\",\"contentUrl\":\"https:\/\/comune.santacroce.pi.it\/oldsite\/wp-content\/uploads\/2017\/11\/Notizie-ed-informazioni.png\",\"width\":800,\"height\":600},{\"@type\":\"BreadcrumbList\",\"@id\":\"https:\/\/comune.santacroce.pi.it\/oldsite\/censimento-permanente-della-popolazione-2021-promemoria-sollecitocensimento-permanente-della-popolazione-2021-promemoria-sollecito\/#breadcrumb\",\"itemListElement\":[{\"@type\":\"ListItem\",\"position\":1,\"name\":\"Home\",\"item\":\"https:\/\/comune.santacroce.pi.it\/oldsite\/\"},{\"@type\":\"ListItem\",\"position\":2,\"name\":\"Censimento permanente della popolazione e delle abitazioni &#8211; Settima edizione\"}]},{\"@type\":\"WebSite\",\"@id\":\"https:\/\/comune.santacroce.pi.it\/oldsite\/#website\",\"url\":\"https:\/\/comune.santacroce.pi.it\/oldsite\/\",\"name\":\"Comune di Santa Croce sull&#039;Arno\",\"description\":\"Provincia di Pisa\",\"publisher\":{\"@id\":\"https:\/\/comune.santacroce.pi.it\/oldsite\/#organization\"},\"potentialAction\":[{\"@type\":\"SearchAction\",\"target\":{\"@type\":\"EntryPoint\",\"urlTemplate\":\"https:\/\/comune.santacroce.pi.it\/oldsite\/?s={search_term_string}\"},\"query-input\":{\"@type\":\"PropertyValueSpecification\",\"valueRequired\":true,\"valueName\":\"search_term_string\"}}],\"inLanguage\":\"it-IT\"},{\"@type\":\"Organization\",\"@id\":\"https:\/\/comune.santacroce.pi.it\/oldsite\/#organization\",\"name\":\"Comune di Santa Croce sull'Arno\",\"url\":\"https:\/\/comune.santacroce.pi.it\/oldsite\/\",\"logo\":{\"@type\":\"ImageObject\",\"inLanguage\":\"it-IT\",\"@id\":\"https:\/\/comune.santacroce.pi.it\/oldsite\/#\/schema\/logo\/image\/\",\"url\":\"https:\/\/comune.santacroce.pi.it\/oldsite\/wp-content\/uploads\/2021\/02\/cropped-Stemma-Santa-Croce-dellArno_500-1.png\",\"contentUrl\":\"https:\/\/comune.santacroce.pi.it\/oldsite\/wp-content\/uploads\/2021\/02\/cropped-Stemma-Santa-Croce-dellArno_500-1.png\",\"width\":500,\"height\":500,\"caption\":\"Comune di Santa Croce sull'Arno\"},\"image\":{\"@id\":\"https:\/\/comune.santacroce.pi.it\/oldsite\/#\/schema\/logo\/image\/\"}},{\"@type\":\"Person\",\"@id\":\"https:\/\/comune.santacroce.pi.it\/oldsite\/#\/schema\/person\/5212fa237eb523c5c88b1f51cae14ae4\",\"name\":\"gestore\",\"image\":{\"@type\":\"ImageObject\",\"inLanguage\":\"it-IT\",\"@id\":\"https:\/\/comune.santacroce.pi.it\/oldsite\/#\/schema\/person\/image\/\",\"url\":\"https:\/\/secure.gravatar.com\/avatar\/0759b03a30f73df39010a5fcb1380615?s=96&d=mm&r=g\",\"contentUrl\":\"https:\/\/secure.gravatar.com\/avatar\/0759b03a30f73df39010a5fcb1380615?s=96&d=mm&r=g\",\"caption\":\"gestore\"},\"url\":\"https:\/\/comune.santacroce.pi.it\/oldsite\/author\/gestore\/\"}]}<\/script>\n<!-- \/ Yoast SEO plugin. -->","yoast_head_json":{"title":"Censimento permanente della popolazione e delle abitazioni - Settima edizione - Comune di Santa Croce sull&#039;Arno","robots":{"index":"index","follow":"follow","max-snippet":"max-snippet:-1","max-image-preview":"max-image-preview:large","max-video-preview":"max-video-preview:-1"},"canonical":"https:\/\/comune.santacroce.pi.it\/oldsite\/censimento-permanente-della-popolazione-2021-promemoria-sollecitocensimento-permanente-della-popolazione-2021-promemoria-sollecito\/","og_locale":"it_IT","og_type":"article","og_title":"Censimento permanente della popolazione e delle abitazioni - Settima edizione - Comune di Santa Croce sull&#039;Arno","og_description":"Il 1\u00b0 ottobre 2024 prende avvio la settima edizione del Censimento permanente della popolazione e delle abitazioni che coinvolger\u00e0 2.530 Comuni e circa 1 milione di famiglie. Il Censimento permanente [&hellip;]","og_url":"https:\/\/comune.santacroce.pi.it\/oldsite\/censimento-permanente-della-popolazione-2021-promemoria-sollecitocensimento-permanente-della-popolazione-2021-promemoria-sollecito\/","og_site_name":"Comune di Santa Croce sull&#039;Arno","article_published_time":"2024-10-03T13:00:59+00:00","article_modified_time":"2025-03-11T12:21:54+00:00","og_image":[{"width":800,"height":600,"url":"https:\/\/comune.santacroce.pi.it\/oldsite\/wp-content\/uploads\/2017\/11\/Notizie-ed-informazioni.png","type":"image\/png"}],"author":"gestore","twitter_card":"summary_large_image","twitter_misc":{"Scritto da":"gestore","Tempo di lettura stimato":"6 minuti"},"schema":{"@context":"https:\/\/schema.org","@graph":[{"@type":"Article","@id":"https:\/\/comune.santacroce.pi.it\/oldsite\/censimento-permanente-della-popolazione-2021-promemoria-sollecitocensimento-permanente-della-popolazione-2021-promemoria-sollecito\/#article","isPartOf":{"@id":"https:\/\/comune.santacroce.pi.it\/oldsite\/censimento-permanente-della-popolazione-2021-promemoria-sollecitocensimento-permanente-della-popolazione-2021-promemoria-sollecito\/"},"author":{"name":"gestore","@id":"https:\/\/comune.santacroce.pi.it\/oldsite\/#\/schema\/person\/5212fa237eb523c5c88b1f51cae14ae4"},"headline":"Censimento permanente della popolazione e delle abitazioni &#8211; Settima edizione","datePublished":"2024-10-03T13:00:59+00:00","dateModified":"2025-03-11T12:21:54+00:00","mainEntityOfPage":{"@id":"https:\/\/comune.santacroce.pi.it\/oldsite\/censimento-permanente-della-popolazione-2021-promemoria-sollecitocensimento-permanente-della-popolazione-2021-promemoria-sollecito\/"},"wordCount":1089,"publisher":{"@id":"https:\/\/comune.santacroce.pi.it\/oldsite\/#organization"},"image":{"@id":"https:\/\/comune.santacroce.pi.it\/oldsite\/censimento-permanente-della-popolazione-2021-promemoria-sollecitocensimento-permanente-della-popolazione-2021-promemoria-sollecito\/#primaryimage"},"thumbnailUrl":"https:\/\/comune.santacroce.pi.it\/oldsite\/wp-content\/uploads\/2017\/11\/Notizie-ed-informazioni.png","articleSection":["Notizie e informazioni"],"inLanguage":"it-IT"},{"@type":"WebPage","@id":"https:\/\/comune.santacroce.pi.it\/oldsite\/censimento-permanente-della-popolazione-2021-promemoria-sollecitocensimento-permanente-della-popolazione-2021-promemoria-sollecito\/","url":"https:\/\/comune.santacroce.pi.it\/oldsite\/censimento-permanente-della-popolazione-2021-promemoria-sollecitocensimento-permanente-della-popolazione-2021-promemoria-sollecito\/","name":"Censimento permanente della popolazione e delle abitazioni - Settima edizione - Comune di Santa Croce sull&#039;Arno","isPartOf":{"@id":"https:\/\/comune.santacroce.pi.it\/oldsite\/#website"},"primaryImageOfPage":{"@id":"https:\/\/comune.santacroce.pi.it\/oldsite\/censimento-permanente-della-popolazione-2021-promemoria-sollecitocensimento-permanente-della-popolazione-2021-promemoria-sollecito\/#primaryimage"},"image":{"@id":"https:\/\/comune.santacroce.pi.it\/oldsite\/censimento-permanente-della-popolazione-2021-promemoria-sollecitocensimento-permanente-della-popolazione-2021-promemoria-sollecito\/#primaryimage"},"thumbnailUrl":"https:\/\/comune.santacroce.pi.it\/oldsite\/wp-content\/uploads\/2017\/11\/Notizie-ed-informazioni.png","datePublished":"2024-10-03T13:00:59+00:00","dateModified":"2025-03-11T12:21:54+00:00","breadcrumb":{"@id":"https:\/\/comune.santacroce.pi.it\/oldsite\/censimento-permanente-della-popolazione-2021-promemoria-sollecitocensimento-permanente-della-popolazione-2021-promemoria-sollecito\/#breadcrumb"},"inLanguage":"it-IT","potentialAction":[{"@type":"ReadAction","target":["https:\/\/comune.santacroce.pi.it\/oldsite\/censimento-permanente-della-popolazione-2021-promemoria-sollecitocensimento-permanente-della-popolazione-2021-promemoria-sollecito\/"]}]},{"@type":"ImageObject","inLanguage":"it-IT","@id":"https:\/\/comune.santacroce.pi.it\/oldsite\/censimento-permanente-della-popolazione-2021-promemoria-sollecitocensimento-permanente-della-popolazione-2021-promemoria-sollecito\/#primaryimage","url":"https:\/\/comune.santacroce.pi.it\/oldsite\/wp-content\/uploads\/2017\/11\/Notizie-ed-informazioni.png","contentUrl":"https:\/\/comune.santacroce.pi.it\/oldsite\/wp-content\/uploads\/2017\/11\/Notizie-ed-informazioni.png","width":800,"height":600},{"@type":"BreadcrumbList","@id":"https:\/\/comune.santacroce.pi.it\/oldsite\/censimento-permanente-della-popolazione-2021-promemoria-sollecitocensimento-permanente-della-popolazione-2021-promemoria-sollecito\/#breadcrumb","itemListElement":[{"@type":"ListItem","position":1,"name":"Home","item":"https:\/\/comune.santacroce.pi.it\/oldsite\/"},{"@type":"ListItem","position":2,"name":"Censimento permanente della popolazione e delle abitazioni &#8211; Settima edizione"}]},{"@type":"WebSite","@id":"https:\/\/comune.santacroce.pi.it\/oldsite\/#website","url":"https:\/\/comune.santacroce.pi.it\/oldsite\/","name":"Comune di Santa Croce sull&#039;Arno","description":"Provincia di Pisa","publisher":{"@id":"https:\/\/comune.santacroce.pi.it\/oldsite\/#organization"},"potentialAction":[{"@type":"SearchAction","target":{"@type":"EntryPoint","urlTemplate":"https:\/\/comune.santacroce.pi.it\/oldsite\/?s={search_term_string}"},"query-input":{"@type":"PropertyValueSpecification","valueRequired":true,"valueName":"search_term_string"}}],"inLanguage":"it-IT"},{"@type":"Organization","@id":"https:\/\/comune.santacroce.pi.it\/oldsite\/#organization","name":"Comune di Santa Croce sull'Arno","url":"https:\/\/comune.santacroce.pi.it\/oldsite\/","logo":{"@type":"ImageObject","inLanguage":"it-IT","@id":"https:\/\/comune.santacroce.pi.it\/oldsite\/#\/schema\/logo\/image\/","url":"https:\/\/comune.santacroce.pi.it\/oldsite\/wp-content\/uploads\/2021\/02\/cropped-Stemma-Santa-Croce-dellArno_500-1.png","contentUrl":"https:\/\/comune.santacroce.pi.it\/oldsite\/wp-content\/uploads\/2021\/02\/cropped-Stemma-Santa-Croce-dellArno_500-1.png","width":500,"height":500,"caption":"Comune di Santa Croce sull'Arno"},"image":{"@id":"https:\/\/comune.santacroce.pi.it\/oldsite\/#\/schema\/logo\/image\/"}},{"@type":"Person","@id":"https:\/\/comune.santacroce.pi.it\/oldsite\/#\/schema\/person\/5212fa237eb523c5c88b1f51cae14ae4","name":"gestore","image":{"@type":"ImageObject","inLanguage":"it-IT","@id":"https:\/\/comune.santacroce.pi.it\/oldsite\/#\/schema\/person\/image\/","url":"https:\/\/secure.gravatar.com\/avatar\/0759b03a30f73df39010a5fcb1380615?s=96&d=mm&r=g","contentUrl":"https:\/\/secure.gravatar.com\/avatar\/0759b03a30f73df39010a5fcb1380615?s=96&d=mm&r=g","caption":"gestore"},"url":"https:\/\/comune.santacroce.pi.it\/oldsite\/author\/gestore\/"}]}},"jetpack_featured_media_url":"https:\/\/comune.santacroce.pi.it\/oldsite\/wp-content\/uploads\/2017\/11\/Notizie-ed-informazioni.png","meta_box":{"comunicacity_sync":"0","cc4_urg_colore":"rosso","cc4_urg_data_inizio":"","cc4_urg_data_fine":"","cc4_cor_positivi_oggi":"","cc4_cor_negativizzati_oggi":"","cc4_cor_deceduti_oggi":"","cc4_cor_positivi_totali":"","cc4_cor_negativizzati_totali":"","cc4_cor_deceduti_totali":"","cc4_cor_attualmente_positivi":"","cc4_eve_data_inizio":"","cc4_eve_data_fine":"","cc4_eve_indirizzo":"","cc4_eve_posizione":{"latitude":"0","longitude":"0","zoom":"0"},"cc4_eve_telefono":"","cc4_eve_email":"","cc4_eve_web":"","cc4_eve_fb":""},"_links":{"self":[{"href":"https:\/\/comune.santacroce.pi.it\/oldsite\/wp-json\/wp\/v2\/posts\/18646","targetHints":{"allow":["GET"]}}],"collection":[{"href":"https:\/\/comune.santacroce.pi.it\/oldsite\/wp-json\/wp\/v2\/posts"}],"about":[{"href":"https:\/\/comune.santacroce.pi.it\/oldsite\/wp-json\/wp\/v2\/types\/post"}],"author":[{"embeddable":true,"href":"https:\/\/comune.santacroce.pi.it\/oldsite\/wp-json\/wp\/v2\/users\/10"}],"replies":[{"embeddable":true,"href":"https:\/\/comune.santacroce.pi.it\/oldsite\/wp-json\/wp\/v2\/comments?post=18646"}],"version-history":[{"count":0,"href":"https:\/\/comune.santacroce.pi.it\/oldsite\/wp-json\/wp\/v2\/posts\/18646\/revisions"}],"wp:featuredmedia":[{"embeddable":true,"href":"https:\/\/comune.santacroce.pi.it\/oldsite\/wp-json\/wp\/v2\/media\/12407"}],"wp:attachment":[{"href":"https:\/\/comune.santacroce.pi.it\/oldsite\/wp-json\/wp\/v2\/media?parent=18646"}],"wp:term":[{"taxonomy":"category","embeddable":true,"href":"https:\/\/comune.santacroce.pi.it\/oldsite\/wp-json\/wp\/v2\/categories?post=18646"},{"taxonomy":"post_tag","embeddable":true,"href":"https:\/\/comune.santacroce.pi.it\/oldsite\/wp-json\/wp\/v2\/tags?post=18646"}],"curies":[{"name":"wp","href":"https:\/\/api.w.org\/{rel}","templated":true}]}}