{"id":18635,"date":"2021-11-22T12:27:13","date_gmt":"2021-11-22T11:27:13","guid":{"rendered":"https:\/\/comune.santacroce.pi.it\/oldsite\/?p=18635"},"modified":"2021-12-20T10:20:31","modified_gmt":"2021-12-20T09:20:31","slug":"contributo-regionale-per-la-prevenzione-dellesecutivita-degli-sfratti-per-morosita-incolpevole","status":"publish","type":"post","link":"https:\/\/comune.santacroce.pi.it\/oldsite\/contributo-regionale-per-la-prevenzione-dellesecutivita-degli-sfratti-per-morosita-incolpevole\/","title":{"rendered":"Contributo regionale per la prevenzione dell\u2019esecutivit\u00e0 degli sfratti per morosit\u00e0 incolpevole"},"content":{"rendered":"<p>In data odierna \u00e8 stato pubblicato all&#8217;Albo Pretorio l\u2019\u201cAvviso pubblico per l\u2019erogazione di contributo regionale al sostegno della locazione. Misura per la prevenzione dell\u2019esecutivit\u00e0 degli sfratti per morosit\u00e0 a partire dall\u2019anno 2021\u201d.<\/p>\n<p>Le persone in temporanea difficolt\u00e0 economica, determinata dalla perdita o dalla diminuzione della loro capacit\u00e0 reddituale in conseguenza della crisi economica, in possesso dei requisiti previsti dall\u2019avviso, potranno presentare domanda per ottenere un contributo straordinario volto a prevenire l\u2019esecutivit\u00e0 degli sfratti per morosit\u00e0 fino ad esaurimento delle risorse disponibili.<\/p>\n<p>In ragione dell\u2019emergenza COVID-19 la possibilit\u00e0 di presentare domanda \u00e8 estesa a coloro che, pur non essendo destinatari di provvedimenti esecutivi di sfratto, si trovano in situazione di morosit\u00e0 nel pagamento del canone di locazione a causa di una perdita o sensibile diminuzione della capacit\u00e0 reddituale nella misura di almeno il 30% nel periodo marzo-maggio 2020 rispetto al medesimo periodo dell\u2019anno precedente.<\/p>\n<p>A partire dal giorno 22 Novembre \u00e8 possibile presentare la domanda presso l\u2019Ufficio Casa del Comune di Santa Croce sull\u2019Arno, previo appuntamento telefonico, utilizzando il modulo predisposto.<\/p>\n<hr \/>\n<p><strong>Per informazioni:<\/strong><\/p>\n<p><strong>Ufficio Casa<\/strong>, tel. 0571.389981<\/p>\n<p><strong>e-mail<\/strong>: <a href=\"mailto:ufficio.casa@comune.santacroce.pi.it\">ufficio.casa@comune.santacroce.pi.it<\/a><\/p>\n","protected":false},"excerpt":{"rendered":"<p>In data odierna \u00e8 stato pubblicato all&#8217;Albo Pretorio l\u2019\u201cAvviso pubblico per l\u2019erogazione di contributo regionale al sostegno della locazione. Misura per la prevenzione dell\u2019esecutivit\u00e0 degli sfratti per morosit\u00e0 a partire [&hellip;]<\/p>\n","protected":false},"author":10,"featured_media":12413,"comment_status":"closed","ping_status":"closed","sticky":false,"template":"","format":"standard","meta":{"footnotes":""},"categories":[163],"tags":[],"class_list":["post-18635","post","type-post","status-publish","format-standard","has-post-thumbnail","hentry","category-servizi-sociali-e-casa"],"yoast_head":"<!-- This site is optimized with the Yoast SEO plugin v24.7 - https:\/\/yoast.com\/wordpress\/plugins\/seo\/ -->\n<title>Contributo regionale per la prevenzione dell\u2019esecutivit\u00e0 degli sfratti per morosit\u00e0 incolpevole - Comune di Santa Croce sull&#039;Arno<\/title>\n<meta name=\"robots\" content=\"index, follow, max-snippet:-1, max-image-preview:large, max-video-preview:-1\" \/>\n<link rel=\"canonical\" href=\"https:\/\/comune.santacroce.pi.it\/oldsite\/contributo-regionale-per-la-prevenzione-dellesecutivita-degli-sfratti-per-morosita-incolpevole\/\" \/>\n<meta property=\"og:locale\" content=\"it_IT\" \/>\n<meta property=\"og:type\" content=\"article\" \/>\n<meta property=\"og:title\" content=\"Contributo regionale per la prevenzione dell\u2019esecutivit\u00e0 degli sfratti per morosit\u00e0 incolpevole - Comune di Santa Croce sull&#039;Arno\" \/>\n<meta property=\"og:description\" content=\"In data odierna \u00e8 stato pubblicato all&#8217;Albo Pretorio l\u2019\u201cAvviso pubblico per l\u2019erogazione di contributo regionale al sostegno della locazione. Misura per la prevenzione dell\u2019esecutivit\u00e0 degli sfratti per morosit\u00e0 a partire [&hellip;]\" \/>\n<meta property=\"og:url\" content=\"https:\/\/comune.santacroce.pi.it\/oldsite\/contributo-regionale-per-la-prevenzione-dellesecutivita-degli-sfratti-per-morosita-incolpevole\/\" \/>\n<meta property=\"og:site_name\" content=\"Comune di Santa Croce sull&#039;Arno\" \/>\n<meta property=\"article:published_time\" content=\"2021-11-22T11:27:13+00:00\" \/>\n<meta property=\"article:modified_time\" content=\"2021-12-20T09:20:31+00:00\" \/>\n<meta property=\"og:image\" content=\"https:\/\/comune.santacroce.pi.it\/oldsite\/wp-content\/uploads\/2017\/11\/Servizi-Sociali-e-Casa.png\" \/>\n\t<meta property=\"og:image:width\" content=\"800\" \/>\n\t<meta property=\"og:image:height\" content=\"600\" \/>\n\t<meta property=\"og:image:type\" content=\"image\/png\" \/>\n<meta name=\"author\" content=\"gestore\" \/>\n<meta name=\"twitter:card\" content=\"summary_large_image\" \/>\n<meta name=\"twitter:label1\" content=\"Scritto da\" \/>\n\t<meta name=\"twitter:data1\" content=\"gestore\" \/>\n\t<meta name=\"twitter:label2\" content=\"Tempo di lettura stimato\" \/>\n\t<meta name=\"twitter:data2\" content=\"1 minuto\" \/>\n<script type=\"application\/ld+json\" class=\"yoast-schema-graph\">{\"@context\":\"https:\/\/schema.org\",\"@graph\":[{\"@type\":\"Article\",\"@id\":\"https:\/\/comune.santacroce.pi.it\/oldsite\/contributo-regionale-per-la-prevenzione-dellesecutivita-degli-sfratti-per-morosita-incolpevole\/#article\",\"isPartOf\":{\"@id\":\"https:\/\/comune.santacroce.pi.it\/oldsite\/contributo-regionale-per-la-prevenzione-dellesecutivita-degli-sfratti-per-morosita-incolpevole\/\"},\"author\":{\"name\":\"gestore\",\"@id\":\"https:\/\/comune.santacroce.pi.it\/oldsite\/#\/schema\/person\/5212fa237eb523c5c88b1f51cae14ae4\"},\"headline\":\"Contributo regionale per la prevenzione dell\u2019esecutivit\u00e0 degli sfratti per morosit\u00e0 incolpevole\",\"datePublished\":\"2021-11-22T11:27:13+00:00\",\"dateModified\":\"2021-12-20T09:20:31+00:00\",\"mainEntityOfPage\":{\"@id\":\"https:\/\/comune.santacroce.pi.it\/oldsite\/contributo-regionale-per-la-prevenzione-dellesecutivita-degli-sfratti-per-morosita-incolpevole\/\"},\"wordCount\":198,\"publisher\":{\"@id\":\"https:\/\/comune.santacroce.pi.it\/oldsite\/#organization\"},\"image\":{\"@id\":\"https:\/\/comune.santacroce.pi.it\/oldsite\/contributo-regionale-per-la-prevenzione-dellesecutivita-degli-sfratti-per-morosita-incolpevole\/#primaryimage\"},\"thumbnailUrl\":\"https:\/\/comune.santacroce.pi.it\/oldsite\/wp-content\/uploads\/2017\/11\/Servizi-Sociali-e-Casa.png\",\"articleSection\":[\"Servizi sociali e casa\"],\"inLanguage\":\"it-IT\"},{\"@type\":\"WebPage\",\"@id\":\"https:\/\/comune.santacroce.pi.it\/oldsite\/contributo-regionale-per-la-prevenzione-dellesecutivita-degli-sfratti-per-morosita-incolpevole\/\",\"url\":\"https:\/\/comune.santacroce.pi.it\/oldsite\/contributo-regionale-per-la-prevenzione-dellesecutivita-degli-sfratti-per-morosita-incolpevole\/\",\"name\":\"Contributo regionale per la prevenzione dell\u2019esecutivit\u00e0 degli sfratti per morosit\u00e0 incolpevole - Comune di Santa Croce sull&#039;Arno\",\"isPartOf\":{\"@id\":\"https:\/\/comune.santacroce.pi.it\/oldsite\/#website\"},\"primaryImageOfPage\":{\"@id\":\"https:\/\/comune.santacroce.pi.it\/oldsite\/contributo-regionale-per-la-prevenzione-dellesecutivita-degli-sfratti-per-morosita-incolpevole\/#primaryimage\"},\"image\":{\"@id\":\"https:\/\/comune.santacroce.pi.it\/oldsite\/contributo-regionale-per-la-prevenzione-dellesecutivita-degli-sfratti-per-morosita-incolpevole\/#primaryimage\"},\"thumbnailUrl\":\"https:\/\/comune.santacroce.pi.it\/oldsite\/wp-content\/uploads\/2017\/11\/Servizi-Sociali-e-Casa.png\",\"datePublished\":\"2021-11-22T11:27:13+00:00\",\"dateModified\":\"2021-12-20T09:20:31+00:00\",\"breadcrumb\":{\"@id\":\"https:\/\/comune.santacroce.pi.it\/oldsite\/contributo-regionale-per-la-prevenzione-dellesecutivita-degli-sfratti-per-morosita-incolpevole\/#breadcrumb\"},\"inLanguage\":\"it-IT\",\"potentialAction\":[{\"@type\":\"ReadAction\",\"target\":[\"https:\/\/comune.santacroce.pi.it\/oldsite\/contributo-regionale-per-la-prevenzione-dellesecutivita-degli-sfratti-per-morosita-incolpevole\/\"]}]},{\"@type\":\"ImageObject\",\"inLanguage\":\"it-IT\",\"@id\":\"https:\/\/comune.santacroce.pi.it\/oldsite\/contributo-regionale-per-la-prevenzione-dellesecutivita-degli-sfratti-per-morosita-incolpevole\/#primaryimage\",\"url\":\"https:\/\/comune.santacroce.pi.it\/oldsite\/wp-content\/uploads\/2017\/11\/Servizi-Sociali-e-Casa.png\",\"contentUrl\":\"https:\/\/comune.santacroce.pi.it\/oldsite\/wp-content\/uploads\/2017\/11\/Servizi-Sociali-e-Casa.png\",\"width\":800,\"height\":600},{\"@type\":\"BreadcrumbList\",\"@id\":\"https:\/\/comune.santacroce.pi.it\/oldsite\/contributo-regionale-per-la-prevenzione-dellesecutivita-degli-sfratti-per-morosita-incolpevole\/#breadcrumb\",\"itemListElement\":[{\"@type\":\"ListItem\",\"position\":1,\"name\":\"Home\",\"item\":\"https:\/\/comune.santacroce.pi.it\/oldsite\/\"},{\"@type\":\"ListItem\",\"position\":2,\"name\":\"Contributo regionale per la prevenzione dell\u2019esecutivit\u00e0 degli sfratti per morosit\u00e0 incolpevole\"}]},{\"@type\":\"WebSite\",\"@id\":\"https:\/\/comune.santacroce.pi.it\/oldsite\/#website\",\"url\":\"https:\/\/comune.santacroce.pi.it\/oldsite\/\",\"name\":\"Comune di Santa Croce sull&#039;Arno\",\"description\":\"Provincia di Pisa\",\"publisher\":{\"@id\":\"https:\/\/comune.santacroce.pi.it\/oldsite\/#organization\"},\"potentialAction\":[{\"@type\":\"SearchAction\",\"target\":{\"@type\":\"EntryPoint\",\"urlTemplate\":\"https:\/\/comune.santacroce.pi.it\/oldsite\/?s={search_term_string}\"},\"query-input\":{\"@type\":\"PropertyValueSpecification\",\"valueRequired\":true,\"valueName\":\"search_term_string\"}}],\"inLanguage\":\"it-IT\"},{\"@type\":\"Organization\",\"@id\":\"https:\/\/comune.santacroce.pi.it\/oldsite\/#organization\",\"name\":\"Comune di Santa Croce sull'Arno\",\"url\":\"https:\/\/comune.santacroce.pi.it\/oldsite\/\",\"logo\":{\"@type\":\"ImageObject\",\"inLanguage\":\"it-IT\",\"@id\":\"https:\/\/comune.santacroce.pi.it\/oldsite\/#\/schema\/logo\/image\/\",\"url\":\"https:\/\/comune.santacroce.pi.it\/oldsite\/wp-content\/uploads\/2021\/02\/cropped-Stemma-Santa-Croce-dellArno_500-1.png\",\"contentUrl\":\"https:\/\/comune.santacroce.pi.it\/oldsite\/wp-content\/uploads\/2021\/02\/cropped-Stemma-Santa-Croce-dellArno_500-1.png\",\"width\":500,\"height\":500,\"caption\":\"Comune di Santa Croce sull'Arno\"},\"image\":{\"@id\":\"https:\/\/comune.santacroce.pi.it\/oldsite\/#\/schema\/logo\/image\/\"}},{\"@type\":\"Person\",\"@id\":\"https:\/\/comune.santacroce.pi.it\/oldsite\/#\/schema\/person\/5212fa237eb523c5c88b1f51cae14ae4\",\"name\":\"gestore\",\"image\":{\"@type\":\"ImageObject\",\"inLanguage\":\"it-IT\",\"@id\":\"https:\/\/comune.santacroce.pi.it\/oldsite\/#\/schema\/person\/image\/\",\"url\":\"https:\/\/secure.gravatar.com\/avatar\/0759b03a30f73df39010a5fcb1380615?s=96&d=mm&r=g\",\"contentUrl\":\"https:\/\/secure.gravatar.com\/avatar\/0759b03a30f73df39010a5fcb1380615?s=96&d=mm&r=g\",\"caption\":\"gestore\"},\"url\":\"https:\/\/comune.santacroce.pi.it\/oldsite\/author\/gestore\/\"}]}<\/script>\n<!-- \/ Yoast SEO plugin. -->","yoast_head_json":{"title":"Contributo regionale per la prevenzione dell\u2019esecutivit\u00e0 degli sfratti per morosit\u00e0 incolpevole - Comune di Santa Croce sull&#039;Arno","robots":{"index":"index","follow":"follow","max-snippet":"max-snippet:-1","max-image-preview":"max-image-preview:large","max-video-preview":"max-video-preview:-1"},"canonical":"https:\/\/comune.santacroce.pi.it\/oldsite\/contributo-regionale-per-la-prevenzione-dellesecutivita-degli-sfratti-per-morosita-incolpevole\/","og_locale":"it_IT","og_type":"article","og_title":"Contributo regionale per la prevenzione dell\u2019esecutivit\u00e0 degli sfratti per morosit\u00e0 incolpevole - Comune di Santa Croce sull&#039;Arno","og_description":"In data odierna \u00e8 stato pubblicato all&#8217;Albo Pretorio l\u2019\u201cAvviso pubblico per l\u2019erogazione di contributo regionale al sostegno della locazione. Misura per la prevenzione dell\u2019esecutivit\u00e0 degli sfratti per morosit\u00e0 a partire [&hellip;]","og_url":"https:\/\/comune.santacroce.pi.it\/oldsite\/contributo-regionale-per-la-prevenzione-dellesecutivita-degli-sfratti-per-morosita-incolpevole\/","og_site_name":"Comune di Santa Croce sull&#039;Arno","article_published_time":"2021-11-22T11:27:13+00:00","article_modified_time":"2021-12-20T09:20:31+00:00","og_image":[{"width":800,"height":600,"url":"https:\/\/comune.santacroce.pi.it\/oldsite\/wp-content\/uploads\/2017\/11\/Servizi-Sociali-e-Casa.png","type":"image\/png"}],"author":"gestore","twitter_card":"summary_large_image","twitter_misc":{"Scritto da":"gestore","Tempo di lettura stimato":"1 minuto"},"schema":{"@context":"https:\/\/schema.org","@graph":[{"@type":"Article","@id":"https:\/\/comune.santacroce.pi.it\/oldsite\/contributo-regionale-per-la-prevenzione-dellesecutivita-degli-sfratti-per-morosita-incolpevole\/#article","isPartOf":{"@id":"https:\/\/comune.santacroce.pi.it\/oldsite\/contributo-regionale-per-la-prevenzione-dellesecutivita-degli-sfratti-per-morosita-incolpevole\/"},"author":{"name":"gestore","@id":"https:\/\/comune.santacroce.pi.it\/oldsite\/#\/schema\/person\/5212fa237eb523c5c88b1f51cae14ae4"},"headline":"Contributo regionale per la prevenzione dell\u2019esecutivit\u00e0 degli sfratti per morosit\u00e0 incolpevole","datePublished":"2021-11-22T11:27:13+00:00","dateModified":"2021-12-20T09:20:31+00:00","mainEntityOfPage":{"@id":"https:\/\/comune.santacroce.pi.it\/oldsite\/contributo-regionale-per-la-prevenzione-dellesecutivita-degli-sfratti-per-morosita-incolpevole\/"},"wordCount":198,"publisher":{"@id":"https:\/\/comune.santacroce.pi.it\/oldsite\/#organization"},"image":{"@id":"https:\/\/comune.santacroce.pi.it\/oldsite\/contributo-regionale-per-la-prevenzione-dellesecutivita-degli-sfratti-per-morosita-incolpevole\/#primaryimage"},"thumbnailUrl":"https:\/\/comune.santacroce.pi.it\/oldsite\/wp-content\/uploads\/2017\/11\/Servizi-Sociali-e-Casa.png","articleSection":["Servizi sociali e casa"],"inLanguage":"it-IT"},{"@type":"WebPage","@id":"https:\/\/comune.santacroce.pi.it\/oldsite\/contributo-regionale-per-la-prevenzione-dellesecutivita-degli-sfratti-per-morosita-incolpevole\/","url":"https:\/\/comune.santacroce.pi.it\/oldsite\/contributo-regionale-per-la-prevenzione-dellesecutivita-degli-sfratti-per-morosita-incolpevole\/","name":"Contributo regionale per la prevenzione dell\u2019esecutivit\u00e0 degli sfratti per morosit\u00e0 incolpevole - Comune di Santa Croce sull&#039;Arno","isPartOf":{"@id":"https:\/\/comune.santacroce.pi.it\/oldsite\/#website"},"primaryImageOfPage":{"@id":"https:\/\/comune.santacroce.pi.it\/oldsite\/contributo-regionale-per-la-prevenzione-dellesecutivita-degli-sfratti-per-morosita-incolpevole\/#primaryimage"},"image":{"@id":"https:\/\/comune.santacroce.pi.it\/oldsite\/contributo-regionale-per-la-prevenzione-dellesecutivita-degli-sfratti-per-morosita-incolpevole\/#primaryimage"},"thumbnailUrl":"https:\/\/comune.santacroce.pi.it\/oldsite\/wp-content\/uploads\/2017\/11\/Servizi-Sociali-e-Casa.png","datePublished":"2021-11-22T11:27:13+00:00","dateModified":"2021-12-20T09:20:31+00:00","breadcrumb":{"@id":"https:\/\/comune.santacroce.pi.it\/oldsite\/contributo-regionale-per-la-prevenzione-dellesecutivita-degli-sfratti-per-morosita-incolpevole\/#breadcrumb"},"inLanguage":"it-IT","potentialAction":[{"@type":"ReadAction","target":["https:\/\/comune.santacroce.pi.it\/oldsite\/contributo-regionale-per-la-prevenzione-dellesecutivita-degli-sfratti-per-morosita-incolpevole\/"]}]},{"@type":"ImageObject","inLanguage":"it-IT","@id":"https:\/\/comune.santacroce.pi.it\/oldsite\/contributo-regionale-per-la-prevenzione-dellesecutivita-degli-sfratti-per-morosita-incolpevole\/#primaryimage","url":"https:\/\/comune.santacroce.pi.it\/oldsite\/wp-content\/uploads\/2017\/11\/Servizi-Sociali-e-Casa.png","contentUrl":"https:\/\/comune.santacroce.pi.it\/oldsite\/wp-content\/uploads\/2017\/11\/Servizi-Sociali-e-Casa.png","width":800,"height":600},{"@type":"BreadcrumbList","@id":"https:\/\/comune.santacroce.pi.it\/oldsite\/contributo-regionale-per-la-prevenzione-dellesecutivita-degli-sfratti-per-morosita-incolpevole\/#breadcrumb","itemListElement":[{"@type":"ListItem","position":1,"name":"Home","item":"https:\/\/comune.santacroce.pi.it\/oldsite\/"},{"@type":"ListItem","position":2,"name":"Contributo regionale per la prevenzione dell\u2019esecutivit\u00e0 degli sfratti per morosit\u00e0 incolpevole"}]},{"@type":"WebSite","@id":"https:\/\/comune.santacroce.pi.it\/oldsite\/#website","url":"https:\/\/comune.santacroce.pi.it\/oldsite\/","name":"Comune di Santa Croce sull&#039;Arno","description":"Provincia di Pisa","publisher":{"@id":"https:\/\/comune.santacroce.pi.it\/oldsite\/#organization"},"potentialAction":[{"@type":"SearchAction","target":{"@type":"EntryPoint","urlTemplate":"https:\/\/comune.santacroce.pi.it\/oldsite\/?s={search_term_string}"},"query-input":{"@type":"PropertyValueSpecification","valueRequired":true,"valueName":"search_term_string"}}],"inLanguage":"it-IT"},{"@type":"Organization","@id":"https:\/\/comune.santacroce.pi.it\/oldsite\/#organization","name":"Comune di Santa Croce sull'Arno","url":"https:\/\/comune.santacroce.pi.it\/oldsite\/","logo":{"@type":"ImageObject","inLanguage":"it-IT","@id":"https:\/\/comune.santacroce.pi.it\/oldsite\/#\/schema\/logo\/image\/","url":"https:\/\/comune.santacroce.pi.it\/oldsite\/wp-content\/uploads\/2021\/02\/cropped-Stemma-Santa-Croce-dellArno_500-1.png","contentUrl":"https:\/\/comune.santacroce.pi.it\/oldsite\/wp-content\/uploads\/2021\/02\/cropped-Stemma-Santa-Croce-dellArno_500-1.png","width":500,"height":500,"caption":"Comune di Santa Croce sull'Arno"},"image":{"@id":"https:\/\/comune.santacroce.pi.it\/oldsite\/#\/schema\/logo\/image\/"}},{"@type":"Person","@id":"https:\/\/comune.santacroce.pi.it\/oldsite\/#\/schema\/person\/5212fa237eb523c5c88b1f51cae14ae4","name":"gestore","image":{"@type":"ImageObject","inLanguage":"it-IT","@id":"https:\/\/comune.santacroce.pi.it\/oldsite\/#\/schema\/person\/image\/","url":"https:\/\/secure.gravatar.com\/avatar\/0759b03a30f73df39010a5fcb1380615?s=96&d=mm&r=g","contentUrl":"https:\/\/secure.gravatar.com\/avatar\/0759b03a30f73df39010a5fcb1380615?s=96&d=mm&r=g","caption":"gestore"},"url":"https:\/\/comune.santacroce.pi.it\/oldsite\/author\/gestore\/"}]}},"jetpack_featured_media_url":"https:\/\/comune.santacroce.pi.it\/oldsite\/wp-content\/uploads\/2017\/11\/Servizi-Sociali-e-Casa.png","meta_box":{"comunicacity_sync":"1","cc4_urg_colore":"rosso","cc4_urg_data_inizio":"","cc4_urg_data_fine":"","cc4_cor_positivi_oggi":"","cc4_cor_negativizzati_oggi":"","cc4_cor_deceduti_oggi":"","cc4_cor_positivi_totali":"","cc4_cor_negativizzati_totali":"","cc4_cor_deceduti_totali":"","cc4_cor_attualmente_positivi":"","cc4_eve_data_inizio":"","cc4_eve_data_fine":"","cc4_eve_indirizzo":"","cc4_eve_posizione":{"latitude":"0","longitude":"0","zoom":"0"},"cc4_eve_telefono":"","cc4_eve_email":"","cc4_eve_web":"","cc4_eve_fb":""},"_links":{"self":[{"href":"https:\/\/comune.santacroce.pi.it\/oldsite\/wp-json\/wp\/v2\/posts\/18635","targetHints":{"allow":["GET"]}}],"collection":[{"href":"https:\/\/comune.santacroce.pi.it\/oldsite\/wp-json\/wp\/v2\/posts"}],"about":[{"href":"https:\/\/comune.santacroce.pi.it\/oldsite\/wp-json\/wp\/v2\/types\/post"}],"author":[{"embeddable":true,"href":"https:\/\/comune.santacroce.pi.it\/oldsite\/wp-json\/wp\/v2\/users\/10"}],"replies":[{"embeddable":true,"href":"https:\/\/comune.santacroce.pi.it\/oldsite\/wp-json\/wp\/v2\/comments?post=18635"}],"version-history":[{"count":0,"href":"https:\/\/comune.santacroce.pi.it\/oldsite\/wp-json\/wp\/v2\/posts\/18635\/revisions"}],"wp:featuredmedia":[{"embeddable":true,"href":"https:\/\/comune.santacroce.pi.it\/oldsite\/wp-json\/wp\/v2\/media\/12413"}],"wp:attachment":[{"href":"https:\/\/comune.santacroce.pi.it\/oldsite\/wp-json\/wp\/v2\/media?parent=18635"}],"wp:term":[{"taxonomy":"category","embeddable":true,"href":"https:\/\/comune.santacroce.pi.it\/oldsite\/wp-json\/wp\/v2\/categories?post=18635"},{"taxonomy":"post_tag","embeddable":true,"href":"https:\/\/comune.santacroce.pi.it\/oldsite\/wp-json\/wp\/v2\/tags?post=18635"}],"curies":[{"name":"wp","href":"https:\/\/api.w.org\/{rel}","templated":true}]}}