{"id":18617,"date":"2021-12-10T12:13:49","date_gmt":"2021-12-10T11:13:49","guid":{"rendered":"https:\/\/comune.santacroce.pi.it\/oldsite\/?p=18617"},"modified":"2021-12-20T10:20:43","modified_gmt":"2021-12-20T09:20:43","slug":"bando-contributo-affitti-2021-pubblicazione-graduatoria-provvisoria","status":"publish","type":"post","link":"https:\/\/comune.santacroce.pi.it\/oldsite\/bando-contributo-affitti-2021-pubblicazione-graduatoria-provvisoria\/","title":{"rendered":"Bando contributo affitti 2021 &#8211; Pubblicazione graduatoria provvisoria"},"content":{"rendered":"<p class=\"rtejustify\">Si informa che con Determinazione n. 899 del 9.12.2021 \u00e8 stata pubblicata la Graduatoria Provvisoria degli aventi diritto al contributo.<\/p>\n<p class=\"rtejustify\">Ai sensi dell\u2019art. 7 del Bando, rispetto agli esiti della graduatoria provvisoria \u00e8 possibile presentare ricorso entro il termine perentorio del giorno<\/p>\n<p class=\"rtejustify\"><strong>L<\/strong><strong>U<\/strong><strong>N<\/strong><strong>EDI\u2019 <\/strong><strong>20<\/strong><strong> <\/strong><strong>DIC<\/strong><strong>EMBRE<\/strong><u><\/u><\/p>\n<p class=\"rtejustify\">utilizzando il Modulo Opposizioni allegato al presente avviso (All. B) da consegnare all\u2019Ufficio Protocollo del Comune di Santa Croce sull\u2019Arno, Piazza del Popolo n. 8, corredato della documentazione necessaria al ricorso e di un documento di riconoscimento valido.<\/p>\n<p class=\"rtejustify\">\n<p class=\"rtejustify\">Per informazioni l\u2019Ufficio Casa del Comune sar\u00e0 disponibile<strong> <\/strong>su appuntamento<strong> <\/strong>nei seguenti giorni ed orari:<\/p>\n<ul>\n<li>\n<p class=\"rtejustify\">luned\u00ec, mercoled\u00ec, venerd\u00ec dalle 9.00 alle 13.00<\/p>\n<\/li>\n<li>\n<p class=\"rtejustify\">marted\u00ec e gioved\u00ec dalle 9.00 alle 13.00 e dalle 15.00 alle 17.00<\/p>\n<\/li>\n<\/ul>\n<p class=\"rtejustify\">\nContatti: tel. 0571.389981 \u2013 e-mail ufficio.casa@comune.santacroce.pi.it<\/p>\n","protected":false},"excerpt":{"rendered":"<p>Si informa che con Determinazione n. 899 del 9.12.2021 \u00e8 stata pubblicata la Graduatoria Provvisoria degli aventi diritto al contributo. Ai sensi dell\u2019art. 7 del Bando, rispetto agli esiti della [&hellip;]<\/p>\n","protected":false},"author":10,"featured_media":18378,"comment_status":"closed","ping_status":"closed","sticky":false,"template":"","format":"standard","meta":{"footnotes":""},"categories":[153],"tags":[],"class_list":["post-18617","post","type-post","status-publish","format-standard","has-post-thumbnail","hentry","category-bandi-e-concorsi"],"yoast_head":"<!-- This site is optimized with the Yoast SEO plugin v24.7 - https:\/\/yoast.com\/wordpress\/plugins\/seo\/ -->\n<title>Bando contributo affitti 2021 - Pubblicazione graduatoria provvisoria - Comune di Santa Croce sull&#039;Arno<\/title>\n<meta name=\"robots\" content=\"index, follow, max-snippet:-1, max-image-preview:large, max-video-preview:-1\" \/>\n<link rel=\"canonical\" href=\"https:\/\/comune.santacroce.pi.it\/oldsite\/bando-contributo-affitti-2021-pubblicazione-graduatoria-provvisoria\/\" \/>\n<meta property=\"og:locale\" content=\"it_IT\" \/>\n<meta property=\"og:type\" content=\"article\" \/>\n<meta property=\"og:title\" content=\"Bando contributo affitti 2021 - Pubblicazione graduatoria provvisoria - Comune di Santa Croce sull&#039;Arno\" \/>\n<meta property=\"og:description\" content=\"Si informa che con Determinazione n. 899 del 9.12.2021 \u00e8 stata pubblicata la Graduatoria Provvisoria degli aventi diritto al contributo. Ai sensi dell\u2019art. 7 del Bando, rispetto agli esiti della [&hellip;]\" \/>\n<meta property=\"og:url\" content=\"https:\/\/comune.santacroce.pi.it\/oldsite\/bando-contributo-affitti-2021-pubblicazione-graduatoria-provvisoria\/\" \/>\n<meta property=\"og:site_name\" content=\"Comune di Santa Croce sull&#039;Arno\" \/>\n<meta property=\"article:published_time\" content=\"2021-12-10T11:13:49+00:00\" \/>\n<meta property=\"article:modified_time\" content=\"2021-12-20T09:20:43+00:00\" \/>\n<meta property=\"og:image\" content=\"https:\/\/comune.santacroce.pi.it\/oldsite\/wp-content\/uploads\/2021\/05\/Iscrizione.jpg\" \/>\n\t<meta property=\"og:image:width\" content=\"1199\" \/>\n\t<meta property=\"og:image:height\" content=\"800\" \/>\n\t<meta property=\"og:image:type\" content=\"image\/jpeg\" \/>\n<meta name=\"author\" content=\"gestore\" \/>\n<meta name=\"twitter:card\" content=\"summary_large_image\" \/>\n<meta name=\"twitter:label1\" content=\"Scritto da\" \/>\n\t<meta name=\"twitter:data1\" content=\"gestore\" \/>\n\t<meta name=\"twitter:label2\" content=\"Tempo di lettura stimato\" \/>\n\t<meta name=\"twitter:data2\" content=\"1 minuto\" \/>\n<script type=\"application\/ld+json\" class=\"yoast-schema-graph\">{\"@context\":\"https:\/\/schema.org\",\"@graph\":[{\"@type\":\"Article\",\"@id\":\"https:\/\/comune.santacroce.pi.it\/oldsite\/bando-contributo-affitti-2021-pubblicazione-graduatoria-provvisoria\/#article\",\"isPartOf\":{\"@id\":\"https:\/\/comune.santacroce.pi.it\/oldsite\/bando-contributo-affitti-2021-pubblicazione-graduatoria-provvisoria\/\"},\"author\":{\"name\":\"gestore\",\"@id\":\"https:\/\/comune.santacroce.pi.it\/oldsite\/#\/schema\/person\/5212fa237eb523c5c88b1f51cae14ae4\"},\"headline\":\"Bando contributo affitti 2021 &#8211; Pubblicazione graduatoria provvisoria\",\"datePublished\":\"2021-12-10T11:13:49+00:00\",\"dateModified\":\"2021-12-20T09:20:43+00:00\",\"mainEntityOfPage\":{\"@id\":\"https:\/\/comune.santacroce.pi.it\/oldsite\/bando-contributo-affitti-2021-pubblicazione-graduatoria-provvisoria\/\"},\"wordCount\":128,\"publisher\":{\"@id\":\"https:\/\/comune.santacroce.pi.it\/oldsite\/#organization\"},\"image\":{\"@id\":\"https:\/\/comune.santacroce.pi.it\/oldsite\/bando-contributo-affitti-2021-pubblicazione-graduatoria-provvisoria\/#primaryimage\"},\"thumbnailUrl\":\"https:\/\/comune.santacroce.pi.it\/oldsite\/wp-content\/uploads\/2021\/05\/Iscrizione.jpg\",\"articleSection\":[\"Bandi e Concorsi\"],\"inLanguage\":\"it-IT\"},{\"@type\":\"WebPage\",\"@id\":\"https:\/\/comune.santacroce.pi.it\/oldsite\/bando-contributo-affitti-2021-pubblicazione-graduatoria-provvisoria\/\",\"url\":\"https:\/\/comune.santacroce.pi.it\/oldsite\/bando-contributo-affitti-2021-pubblicazione-graduatoria-provvisoria\/\",\"name\":\"Bando contributo affitti 2021 - Pubblicazione graduatoria provvisoria - Comune di Santa Croce sull&#039;Arno\",\"isPartOf\":{\"@id\":\"https:\/\/comune.santacroce.pi.it\/oldsite\/#website\"},\"primaryImageOfPage\":{\"@id\":\"https:\/\/comune.santacroce.pi.it\/oldsite\/bando-contributo-affitti-2021-pubblicazione-graduatoria-provvisoria\/#primaryimage\"},\"image\":{\"@id\":\"https:\/\/comune.santacroce.pi.it\/oldsite\/bando-contributo-affitti-2021-pubblicazione-graduatoria-provvisoria\/#primaryimage\"},\"thumbnailUrl\":\"https:\/\/comune.santacroce.pi.it\/oldsite\/wp-content\/uploads\/2021\/05\/Iscrizione.jpg\",\"datePublished\":\"2021-12-10T11:13:49+00:00\",\"dateModified\":\"2021-12-20T09:20:43+00:00\",\"breadcrumb\":{\"@id\":\"https:\/\/comune.santacroce.pi.it\/oldsite\/bando-contributo-affitti-2021-pubblicazione-graduatoria-provvisoria\/#breadcrumb\"},\"inLanguage\":\"it-IT\",\"potentialAction\":[{\"@type\":\"ReadAction\",\"target\":[\"https:\/\/comune.santacroce.pi.it\/oldsite\/bando-contributo-affitti-2021-pubblicazione-graduatoria-provvisoria\/\"]}]},{\"@type\":\"ImageObject\",\"inLanguage\":\"it-IT\",\"@id\":\"https:\/\/comune.santacroce.pi.it\/oldsite\/bando-contributo-affitti-2021-pubblicazione-graduatoria-provvisoria\/#primaryimage\",\"url\":\"https:\/\/comune.santacroce.pi.it\/oldsite\/wp-content\/uploads\/2021\/05\/Iscrizione.jpg\",\"contentUrl\":\"https:\/\/comune.santacroce.pi.it\/oldsite\/wp-content\/uploads\/2021\/05\/Iscrizione.jpg\",\"width\":1199,\"height\":800},{\"@type\":\"BreadcrumbList\",\"@id\":\"https:\/\/comune.santacroce.pi.it\/oldsite\/bando-contributo-affitti-2021-pubblicazione-graduatoria-provvisoria\/#breadcrumb\",\"itemListElement\":[{\"@type\":\"ListItem\",\"position\":1,\"name\":\"Home\",\"item\":\"https:\/\/comune.santacroce.pi.it\/oldsite\/\"},{\"@type\":\"ListItem\",\"position\":2,\"name\":\"Bando contributo affitti 2021 &#8211; Pubblicazione graduatoria provvisoria\"}]},{\"@type\":\"WebSite\",\"@id\":\"https:\/\/comune.santacroce.pi.it\/oldsite\/#website\",\"url\":\"https:\/\/comune.santacroce.pi.it\/oldsite\/\",\"name\":\"Comune di Santa Croce sull&#039;Arno\",\"description\":\"Provincia di Pisa\",\"publisher\":{\"@id\":\"https:\/\/comune.santacroce.pi.it\/oldsite\/#organization\"},\"potentialAction\":[{\"@type\":\"SearchAction\",\"target\":{\"@type\":\"EntryPoint\",\"urlTemplate\":\"https:\/\/comune.santacroce.pi.it\/oldsite\/?s={search_term_string}\"},\"query-input\":{\"@type\":\"PropertyValueSpecification\",\"valueRequired\":true,\"valueName\":\"search_term_string\"}}],\"inLanguage\":\"it-IT\"},{\"@type\":\"Organization\",\"@id\":\"https:\/\/comune.santacroce.pi.it\/oldsite\/#organization\",\"name\":\"Comune di Santa Croce sull'Arno\",\"url\":\"https:\/\/comune.santacroce.pi.it\/oldsite\/\",\"logo\":{\"@type\":\"ImageObject\",\"inLanguage\":\"it-IT\",\"@id\":\"https:\/\/comune.santacroce.pi.it\/oldsite\/#\/schema\/logo\/image\/\",\"url\":\"https:\/\/comune.santacroce.pi.it\/oldsite\/wp-content\/uploads\/2021\/02\/cropped-Stemma-Santa-Croce-dellArno_500-1.png\",\"contentUrl\":\"https:\/\/comune.santacroce.pi.it\/oldsite\/wp-content\/uploads\/2021\/02\/cropped-Stemma-Santa-Croce-dellArno_500-1.png\",\"width\":500,\"height\":500,\"caption\":\"Comune di Santa Croce sull'Arno\"},\"image\":{\"@id\":\"https:\/\/comune.santacroce.pi.it\/oldsite\/#\/schema\/logo\/image\/\"}},{\"@type\":\"Person\",\"@id\":\"https:\/\/comune.santacroce.pi.it\/oldsite\/#\/schema\/person\/5212fa237eb523c5c88b1f51cae14ae4\",\"name\":\"gestore\",\"image\":{\"@type\":\"ImageObject\",\"inLanguage\":\"it-IT\",\"@id\":\"https:\/\/comune.santacroce.pi.it\/oldsite\/#\/schema\/person\/image\/\",\"url\":\"https:\/\/secure.gravatar.com\/avatar\/0759b03a30f73df39010a5fcb1380615?s=96&d=mm&r=g\",\"contentUrl\":\"https:\/\/secure.gravatar.com\/avatar\/0759b03a30f73df39010a5fcb1380615?s=96&d=mm&r=g\",\"caption\":\"gestore\"},\"url\":\"https:\/\/comune.santacroce.pi.it\/oldsite\/author\/gestore\/\"}]}<\/script>\n<!-- \/ Yoast SEO plugin. -->","yoast_head_json":{"title":"Bando contributo affitti 2021 - Pubblicazione graduatoria provvisoria - Comune di Santa Croce sull&#039;Arno","robots":{"index":"index","follow":"follow","max-snippet":"max-snippet:-1","max-image-preview":"max-image-preview:large","max-video-preview":"max-video-preview:-1"},"canonical":"https:\/\/comune.santacroce.pi.it\/oldsite\/bando-contributo-affitti-2021-pubblicazione-graduatoria-provvisoria\/","og_locale":"it_IT","og_type":"article","og_title":"Bando contributo affitti 2021 - Pubblicazione graduatoria provvisoria - Comune di Santa Croce sull&#039;Arno","og_description":"Si informa che con Determinazione n. 899 del 9.12.2021 \u00e8 stata pubblicata la Graduatoria Provvisoria degli aventi diritto al contributo. Ai sensi dell\u2019art. 7 del Bando, rispetto agli esiti della [&hellip;]","og_url":"https:\/\/comune.santacroce.pi.it\/oldsite\/bando-contributo-affitti-2021-pubblicazione-graduatoria-provvisoria\/","og_site_name":"Comune di Santa Croce sull&#039;Arno","article_published_time":"2021-12-10T11:13:49+00:00","article_modified_time":"2021-12-20T09:20:43+00:00","og_image":[{"width":1199,"height":800,"url":"https:\/\/comune.santacroce.pi.it\/oldsite\/wp-content\/uploads\/2021\/05\/Iscrizione.jpg","type":"image\/jpeg"}],"author":"gestore","twitter_card":"summary_large_image","twitter_misc":{"Scritto da":"gestore","Tempo di lettura stimato":"1 minuto"},"schema":{"@context":"https:\/\/schema.org","@graph":[{"@type":"Article","@id":"https:\/\/comune.santacroce.pi.it\/oldsite\/bando-contributo-affitti-2021-pubblicazione-graduatoria-provvisoria\/#article","isPartOf":{"@id":"https:\/\/comune.santacroce.pi.it\/oldsite\/bando-contributo-affitti-2021-pubblicazione-graduatoria-provvisoria\/"},"author":{"name":"gestore","@id":"https:\/\/comune.santacroce.pi.it\/oldsite\/#\/schema\/person\/5212fa237eb523c5c88b1f51cae14ae4"},"headline":"Bando contributo affitti 2021 &#8211; Pubblicazione graduatoria provvisoria","datePublished":"2021-12-10T11:13:49+00:00","dateModified":"2021-12-20T09:20:43+00:00","mainEntityOfPage":{"@id":"https:\/\/comune.santacroce.pi.it\/oldsite\/bando-contributo-affitti-2021-pubblicazione-graduatoria-provvisoria\/"},"wordCount":128,"publisher":{"@id":"https:\/\/comune.santacroce.pi.it\/oldsite\/#organization"},"image":{"@id":"https:\/\/comune.santacroce.pi.it\/oldsite\/bando-contributo-affitti-2021-pubblicazione-graduatoria-provvisoria\/#primaryimage"},"thumbnailUrl":"https:\/\/comune.santacroce.pi.it\/oldsite\/wp-content\/uploads\/2021\/05\/Iscrizione.jpg","articleSection":["Bandi e Concorsi"],"inLanguage":"it-IT"},{"@type":"WebPage","@id":"https:\/\/comune.santacroce.pi.it\/oldsite\/bando-contributo-affitti-2021-pubblicazione-graduatoria-provvisoria\/","url":"https:\/\/comune.santacroce.pi.it\/oldsite\/bando-contributo-affitti-2021-pubblicazione-graduatoria-provvisoria\/","name":"Bando contributo affitti 2021 - Pubblicazione graduatoria provvisoria - Comune di Santa Croce sull&#039;Arno","isPartOf":{"@id":"https:\/\/comune.santacroce.pi.it\/oldsite\/#website"},"primaryImageOfPage":{"@id":"https:\/\/comune.santacroce.pi.it\/oldsite\/bando-contributo-affitti-2021-pubblicazione-graduatoria-provvisoria\/#primaryimage"},"image":{"@id":"https:\/\/comune.santacroce.pi.it\/oldsite\/bando-contributo-affitti-2021-pubblicazione-graduatoria-provvisoria\/#primaryimage"},"thumbnailUrl":"https:\/\/comune.santacroce.pi.it\/oldsite\/wp-content\/uploads\/2021\/05\/Iscrizione.jpg","datePublished":"2021-12-10T11:13:49+00:00","dateModified":"2021-12-20T09:20:43+00:00","breadcrumb":{"@id":"https:\/\/comune.santacroce.pi.it\/oldsite\/bando-contributo-affitti-2021-pubblicazione-graduatoria-provvisoria\/#breadcrumb"},"inLanguage":"it-IT","potentialAction":[{"@type":"ReadAction","target":["https:\/\/comune.santacroce.pi.it\/oldsite\/bando-contributo-affitti-2021-pubblicazione-graduatoria-provvisoria\/"]}]},{"@type":"ImageObject","inLanguage":"it-IT","@id":"https:\/\/comune.santacroce.pi.it\/oldsite\/bando-contributo-affitti-2021-pubblicazione-graduatoria-provvisoria\/#primaryimage","url":"https:\/\/comune.santacroce.pi.it\/oldsite\/wp-content\/uploads\/2021\/05\/Iscrizione.jpg","contentUrl":"https:\/\/comune.santacroce.pi.it\/oldsite\/wp-content\/uploads\/2021\/05\/Iscrizione.jpg","width":1199,"height":800},{"@type":"BreadcrumbList","@id":"https:\/\/comune.santacroce.pi.it\/oldsite\/bando-contributo-affitti-2021-pubblicazione-graduatoria-provvisoria\/#breadcrumb","itemListElement":[{"@type":"ListItem","position":1,"name":"Home","item":"https:\/\/comune.santacroce.pi.it\/oldsite\/"},{"@type":"ListItem","position":2,"name":"Bando contributo affitti 2021 &#8211; Pubblicazione graduatoria provvisoria"}]},{"@type":"WebSite","@id":"https:\/\/comune.santacroce.pi.it\/oldsite\/#website","url":"https:\/\/comune.santacroce.pi.it\/oldsite\/","name":"Comune di Santa Croce sull&#039;Arno","description":"Provincia di Pisa","publisher":{"@id":"https:\/\/comune.santacroce.pi.it\/oldsite\/#organization"},"potentialAction":[{"@type":"SearchAction","target":{"@type":"EntryPoint","urlTemplate":"https:\/\/comune.santacroce.pi.it\/oldsite\/?s={search_term_string}"},"query-input":{"@type":"PropertyValueSpecification","valueRequired":true,"valueName":"search_term_string"}}],"inLanguage":"it-IT"},{"@type":"Organization","@id":"https:\/\/comune.santacroce.pi.it\/oldsite\/#organization","name":"Comune di Santa Croce sull'Arno","url":"https:\/\/comune.santacroce.pi.it\/oldsite\/","logo":{"@type":"ImageObject","inLanguage":"it-IT","@id":"https:\/\/comune.santacroce.pi.it\/oldsite\/#\/schema\/logo\/image\/","url":"https:\/\/comune.santacroce.pi.it\/oldsite\/wp-content\/uploads\/2021\/02\/cropped-Stemma-Santa-Croce-dellArno_500-1.png","contentUrl":"https:\/\/comune.santacroce.pi.it\/oldsite\/wp-content\/uploads\/2021\/02\/cropped-Stemma-Santa-Croce-dellArno_500-1.png","width":500,"height":500,"caption":"Comune di Santa Croce sull'Arno"},"image":{"@id":"https:\/\/comune.santacroce.pi.it\/oldsite\/#\/schema\/logo\/image\/"}},{"@type":"Person","@id":"https:\/\/comune.santacroce.pi.it\/oldsite\/#\/schema\/person\/5212fa237eb523c5c88b1f51cae14ae4","name":"gestore","image":{"@type":"ImageObject","inLanguage":"it-IT","@id":"https:\/\/comune.santacroce.pi.it\/oldsite\/#\/schema\/person\/image\/","url":"https:\/\/secure.gravatar.com\/avatar\/0759b03a30f73df39010a5fcb1380615?s=96&d=mm&r=g","contentUrl":"https:\/\/secure.gravatar.com\/avatar\/0759b03a30f73df39010a5fcb1380615?s=96&d=mm&r=g","caption":"gestore"},"url":"https:\/\/comune.santacroce.pi.it\/oldsite\/author\/gestore\/"}]}},"jetpack_featured_media_url":"https:\/\/comune.santacroce.pi.it\/oldsite\/wp-content\/uploads\/2021\/05\/Iscrizione.jpg","meta_box":{"comunicacity_sync":"1","cc4_urg_colore":"rosso","cc4_urg_data_inizio":"","cc4_urg_data_fine":"","cc4_cor_positivi_oggi":"","cc4_cor_negativizzati_oggi":"","cc4_cor_deceduti_oggi":"","cc4_cor_positivi_totali":"","cc4_cor_negativizzati_totali":"","cc4_cor_deceduti_totali":"","cc4_cor_attualmente_positivi":"","cc4_eve_data_inizio":"","cc4_eve_data_fine":"","cc4_eve_indirizzo":"","cc4_eve_posizione":{"latitude":"0","longitude":"0","zoom":"0"},"cc4_eve_telefono":"","cc4_eve_email":"","cc4_eve_web":"","cc4_eve_fb":""},"_links":{"self":[{"href":"https:\/\/comune.santacroce.pi.it\/oldsite\/wp-json\/wp\/v2\/posts\/18617","targetHints":{"allow":["GET"]}}],"collection":[{"href":"https:\/\/comune.santacroce.pi.it\/oldsite\/wp-json\/wp\/v2\/posts"}],"about":[{"href":"https:\/\/comune.santacroce.pi.it\/oldsite\/wp-json\/wp\/v2\/types\/post"}],"author":[{"embeddable":true,"href":"https:\/\/comune.santacroce.pi.it\/oldsite\/wp-json\/wp\/v2\/users\/10"}],"replies":[{"embeddable":true,"href":"https:\/\/comune.santacroce.pi.it\/oldsite\/wp-json\/wp\/v2\/comments?post=18617"}],"version-history":[{"count":0,"href":"https:\/\/comune.santacroce.pi.it\/oldsite\/wp-json\/wp\/v2\/posts\/18617\/revisions"}],"wp:featuredmedia":[{"embeddable":true,"href":"https:\/\/comune.santacroce.pi.it\/oldsite\/wp-json\/wp\/v2\/media\/18378"}],"wp:attachment":[{"href":"https:\/\/comune.santacroce.pi.it\/oldsite\/wp-json\/wp\/v2\/media?parent=18617"}],"wp:term":[{"taxonomy":"category","embeddable":true,"href":"https:\/\/comune.santacroce.pi.it\/oldsite\/wp-json\/wp\/v2\/categories?post=18617"},{"taxonomy":"post_tag","embeddable":true,"href":"https:\/\/comune.santacroce.pi.it\/oldsite\/wp-json\/wp\/v2\/tags?post=18617"}],"curies":[{"name":"wp","href":"https:\/\/api.w.org\/{rel}","templated":true}]}}