{"id":18539,"date":"2021-09-14T10:12:45","date_gmt":"2021-09-14T08:12:45","guid":{"rendered":"https:\/\/comune.santacroce.pi.it\/oldsite\/?p=18539"},"modified":"2021-09-16T10:17:54","modified_gmt":"2021-09-16T08:17:54","slug":"convocazione-del-consiglio-del-forum-della-frazione-di-staffoli","status":"publish","type":"post","link":"https:\/\/comune.santacroce.pi.it\/oldsite\/convocazione-del-consiglio-del-forum-della-frazione-di-staffoli\/","title":{"rendered":"Convocazione del Consiglio del Forum della Frazione di Staffoli."},"content":{"rendered":"<p>Il <strong>Presidente del Forum di Staffoli<\/strong> informa che \u00e8 convocato per il giorno <strong>gioved\u00ec 23 settembre 2021 alle ore 18.30<\/strong> presso l\u2019<strong>Ufficio Comunale distaccato in Via Indipendenza n.4<\/strong> il <strong>Consiglio del Forum della Frazione di Staffoli<\/strong> per discutere del seguente ordine del giorno:<\/p>\n<ul>\n<li>Rete fognaria in via del Vino;<\/li>\n<li>Manutenzione ordinaria e straordinaria;<\/li>\n<li>Varie ed eventuali.<\/li>\n<\/ul>\n<p>In osservanza ai provvedimenti governativi atti a fronteggiare l\u2019emergenza epidemiologica in corso, si avvisa la cittadinanza che la presenza del pubblico in aula verr\u00e0 contingentata sulla base della capienza della stessa. Il relativo verbale della seduta verr\u00e0 portato alla conoscenza di tutti secondo le ordinarie forme di pubblicit\u00e0.<\/p>\n","protected":false},"excerpt":{"rendered":"<p>Il Presidente del Forum di Staffoli informa che \u00e8 convocato per il giorno gioved\u00ec 23 settembre 2021 alle ore 18.30 presso l\u2019Ufficio Comunale distaccato in Via Indipendenza n.4 il Consiglio [&hellip;]<\/p>\n","protected":false},"author":10,"featured_media":18541,"comment_status":"closed","ping_status":"closed","sticky":false,"template":"","format":"standard","meta":{"footnotes":""},"categories":[1],"tags":[],"class_list":["post-18539","post","type-post","status-publish","format-standard","has-post-thumbnail","hentry","category-notizie-e-informazioni"],"yoast_head":"<!-- This site is optimized with the Yoast SEO plugin v24.7 - https:\/\/yoast.com\/wordpress\/plugins\/seo\/ -->\n<title>Convocazione del Consiglio del Forum della Frazione di Staffoli. - Comune di Santa Croce sull&#039;Arno<\/title>\n<meta name=\"robots\" content=\"index, follow, max-snippet:-1, max-image-preview:large, max-video-preview:-1\" \/>\n<link rel=\"canonical\" href=\"https:\/\/comune.santacroce.pi.it\/oldsite\/convocazione-del-consiglio-del-forum-della-frazione-di-staffoli\/\" \/>\n<meta property=\"og:locale\" content=\"it_IT\" \/>\n<meta property=\"og:type\" content=\"article\" \/>\n<meta property=\"og:title\" content=\"Convocazione del Consiglio del Forum della Frazione di Staffoli. - Comune di Santa Croce sull&#039;Arno\" \/>\n<meta property=\"og:description\" content=\"Il Presidente del Forum di Staffoli informa che \u00e8 convocato per il giorno gioved\u00ec 23 settembre 2021 alle ore 18.30 presso l\u2019Ufficio Comunale distaccato in Via Indipendenza n.4 il Consiglio [&hellip;]\" \/>\n<meta property=\"og:url\" content=\"https:\/\/comune.santacroce.pi.it\/oldsite\/convocazione-del-consiglio-del-forum-della-frazione-di-staffoli\/\" \/>\n<meta property=\"og:site_name\" content=\"Comune di Santa Croce sull&#039;Arno\" \/>\n<meta property=\"article:published_time\" content=\"2021-09-14T08:12:45+00:00\" \/>\n<meta property=\"article:modified_time\" content=\"2021-09-16T08:17:54+00:00\" \/>\n<meta property=\"og:image\" content=\"https:\/\/comune.santacroce.pi.it\/oldsite\/wp-content\/uploads\/2021\/09\/Staffoli.jpg\" \/>\n\t<meta property=\"og:image:width\" content=\"1000\" \/>\n\t<meta property=\"og:image:height\" content=\"667\" \/>\n\t<meta property=\"og:image:type\" content=\"image\/jpeg\" \/>\n<meta name=\"author\" content=\"gestore\" \/>\n<meta name=\"twitter:card\" content=\"summary_large_image\" \/>\n<meta name=\"twitter:label1\" content=\"Scritto da\" \/>\n\t<meta name=\"twitter:data1\" content=\"gestore\" \/>\n\t<meta name=\"twitter:label2\" content=\"Tempo di lettura stimato\" \/>\n\t<meta name=\"twitter:data2\" content=\"1 minuto\" \/>\n<script type=\"application\/ld+json\" class=\"yoast-schema-graph\">{\"@context\":\"https:\/\/schema.org\",\"@graph\":[{\"@type\":\"Article\",\"@id\":\"https:\/\/comune.santacroce.pi.it\/oldsite\/convocazione-del-consiglio-del-forum-della-frazione-di-staffoli\/#article\",\"isPartOf\":{\"@id\":\"https:\/\/comune.santacroce.pi.it\/oldsite\/convocazione-del-consiglio-del-forum-della-frazione-di-staffoli\/\"},\"author\":{\"name\":\"gestore\",\"@id\":\"https:\/\/comune.santacroce.pi.it\/oldsite\/#\/schema\/person\/5212fa237eb523c5c88b1f51cae14ae4\"},\"headline\":\"Convocazione del Consiglio del Forum della Frazione di Staffoli.\",\"datePublished\":\"2021-09-14T08:12:45+00:00\",\"dateModified\":\"2021-09-16T08:17:54+00:00\",\"mainEntityOfPage\":{\"@id\":\"https:\/\/comune.santacroce.pi.it\/oldsite\/convocazione-del-consiglio-del-forum-della-frazione-di-staffoli\/\"},\"wordCount\":111,\"publisher\":{\"@id\":\"https:\/\/comune.santacroce.pi.it\/oldsite\/#organization\"},\"image\":{\"@id\":\"https:\/\/comune.santacroce.pi.it\/oldsite\/convocazione-del-consiglio-del-forum-della-frazione-di-staffoli\/#primaryimage\"},\"thumbnailUrl\":\"https:\/\/comune.santacroce.pi.it\/oldsite\/wp-content\/uploads\/2021\/09\/Staffoli.jpg\",\"articleSection\":[\"Notizie e informazioni\"],\"inLanguage\":\"it-IT\"},{\"@type\":\"WebPage\",\"@id\":\"https:\/\/comune.santacroce.pi.it\/oldsite\/convocazione-del-consiglio-del-forum-della-frazione-di-staffoli\/\",\"url\":\"https:\/\/comune.santacroce.pi.it\/oldsite\/convocazione-del-consiglio-del-forum-della-frazione-di-staffoli\/\",\"name\":\"Convocazione del Consiglio del Forum della Frazione di Staffoli. - Comune di Santa Croce sull&#039;Arno\",\"isPartOf\":{\"@id\":\"https:\/\/comune.santacroce.pi.it\/oldsite\/#website\"},\"primaryImageOfPage\":{\"@id\":\"https:\/\/comune.santacroce.pi.it\/oldsite\/convocazione-del-consiglio-del-forum-della-frazione-di-staffoli\/#primaryimage\"},\"image\":{\"@id\":\"https:\/\/comune.santacroce.pi.it\/oldsite\/convocazione-del-consiglio-del-forum-della-frazione-di-staffoli\/#primaryimage\"},\"thumbnailUrl\":\"https:\/\/comune.santacroce.pi.it\/oldsite\/wp-content\/uploads\/2021\/09\/Staffoli.jpg\",\"datePublished\":\"2021-09-14T08:12:45+00:00\",\"dateModified\":\"2021-09-16T08:17:54+00:00\",\"breadcrumb\":{\"@id\":\"https:\/\/comune.santacroce.pi.it\/oldsite\/convocazione-del-consiglio-del-forum-della-frazione-di-staffoli\/#breadcrumb\"},\"inLanguage\":\"it-IT\",\"potentialAction\":[{\"@type\":\"ReadAction\",\"target\":[\"https:\/\/comune.santacroce.pi.it\/oldsite\/convocazione-del-consiglio-del-forum-della-frazione-di-staffoli\/\"]}]},{\"@type\":\"ImageObject\",\"inLanguage\":\"it-IT\",\"@id\":\"https:\/\/comune.santacroce.pi.it\/oldsite\/convocazione-del-consiglio-del-forum-della-frazione-di-staffoli\/#primaryimage\",\"url\":\"https:\/\/comune.santacroce.pi.it\/oldsite\/wp-content\/uploads\/2021\/09\/Staffoli.jpg\",\"contentUrl\":\"https:\/\/comune.santacroce.pi.it\/oldsite\/wp-content\/uploads\/2021\/09\/Staffoli.jpg\",\"width\":1000,\"height\":667},{\"@type\":\"BreadcrumbList\",\"@id\":\"https:\/\/comune.santacroce.pi.it\/oldsite\/convocazione-del-consiglio-del-forum-della-frazione-di-staffoli\/#breadcrumb\",\"itemListElement\":[{\"@type\":\"ListItem\",\"position\":1,\"name\":\"Home\",\"item\":\"https:\/\/comune.santacroce.pi.it\/oldsite\/\"},{\"@type\":\"ListItem\",\"position\":2,\"name\":\"Convocazione del Consiglio del Forum della Frazione di Staffoli.\"}]},{\"@type\":\"WebSite\",\"@id\":\"https:\/\/comune.santacroce.pi.it\/oldsite\/#website\",\"url\":\"https:\/\/comune.santacroce.pi.it\/oldsite\/\",\"name\":\"Comune di Santa Croce sull&#039;Arno\",\"description\":\"Provincia di Pisa\",\"publisher\":{\"@id\":\"https:\/\/comune.santacroce.pi.it\/oldsite\/#organization\"},\"potentialAction\":[{\"@type\":\"SearchAction\",\"target\":{\"@type\":\"EntryPoint\",\"urlTemplate\":\"https:\/\/comune.santacroce.pi.it\/oldsite\/?s={search_term_string}\"},\"query-input\":{\"@type\":\"PropertyValueSpecification\",\"valueRequired\":true,\"valueName\":\"search_term_string\"}}],\"inLanguage\":\"it-IT\"},{\"@type\":\"Organization\",\"@id\":\"https:\/\/comune.santacroce.pi.it\/oldsite\/#organization\",\"name\":\"Comune di Santa Croce sull'Arno\",\"url\":\"https:\/\/comune.santacroce.pi.it\/oldsite\/\",\"logo\":{\"@type\":\"ImageObject\",\"inLanguage\":\"it-IT\",\"@id\":\"https:\/\/comune.santacroce.pi.it\/oldsite\/#\/schema\/logo\/image\/\",\"url\":\"https:\/\/comune.santacroce.pi.it\/oldsite\/wp-content\/uploads\/2021\/02\/cropped-Stemma-Santa-Croce-dellArno_500-1.png\",\"contentUrl\":\"https:\/\/comune.santacroce.pi.it\/oldsite\/wp-content\/uploads\/2021\/02\/cropped-Stemma-Santa-Croce-dellArno_500-1.png\",\"width\":500,\"height\":500,\"caption\":\"Comune di Santa Croce sull'Arno\"},\"image\":{\"@id\":\"https:\/\/comune.santacroce.pi.it\/oldsite\/#\/schema\/logo\/image\/\"}},{\"@type\":\"Person\",\"@id\":\"https:\/\/comune.santacroce.pi.it\/oldsite\/#\/schema\/person\/5212fa237eb523c5c88b1f51cae14ae4\",\"name\":\"gestore\",\"image\":{\"@type\":\"ImageObject\",\"inLanguage\":\"it-IT\",\"@id\":\"https:\/\/comune.santacroce.pi.it\/oldsite\/#\/schema\/person\/image\/\",\"url\":\"https:\/\/secure.gravatar.com\/avatar\/0759b03a30f73df39010a5fcb1380615?s=96&d=mm&r=g\",\"contentUrl\":\"https:\/\/secure.gravatar.com\/avatar\/0759b03a30f73df39010a5fcb1380615?s=96&d=mm&r=g\",\"caption\":\"gestore\"},\"url\":\"https:\/\/comune.santacroce.pi.it\/oldsite\/author\/gestore\/\"}]}<\/script>\n<!-- \/ Yoast SEO plugin. -->","yoast_head_json":{"title":"Convocazione del Consiglio del Forum della Frazione di Staffoli. - Comune di Santa Croce sull&#039;Arno","robots":{"index":"index","follow":"follow","max-snippet":"max-snippet:-1","max-image-preview":"max-image-preview:large","max-video-preview":"max-video-preview:-1"},"canonical":"https:\/\/comune.santacroce.pi.it\/oldsite\/convocazione-del-consiglio-del-forum-della-frazione-di-staffoli\/","og_locale":"it_IT","og_type":"article","og_title":"Convocazione del Consiglio del Forum della Frazione di Staffoli. - Comune di Santa Croce sull&#039;Arno","og_description":"Il Presidente del Forum di Staffoli informa che \u00e8 convocato per il giorno gioved\u00ec 23 settembre 2021 alle ore 18.30 presso l\u2019Ufficio Comunale distaccato in Via Indipendenza n.4 il Consiglio [&hellip;]","og_url":"https:\/\/comune.santacroce.pi.it\/oldsite\/convocazione-del-consiglio-del-forum-della-frazione-di-staffoli\/","og_site_name":"Comune di Santa Croce sull&#039;Arno","article_published_time":"2021-09-14T08:12:45+00:00","article_modified_time":"2021-09-16T08:17:54+00:00","og_image":[{"width":1000,"height":667,"url":"https:\/\/comune.santacroce.pi.it\/oldsite\/wp-content\/uploads\/2021\/09\/Staffoli.jpg","type":"image\/jpeg"}],"author":"gestore","twitter_card":"summary_large_image","twitter_misc":{"Scritto da":"gestore","Tempo di lettura stimato":"1 minuto"},"schema":{"@context":"https:\/\/schema.org","@graph":[{"@type":"Article","@id":"https:\/\/comune.santacroce.pi.it\/oldsite\/convocazione-del-consiglio-del-forum-della-frazione-di-staffoli\/#article","isPartOf":{"@id":"https:\/\/comune.santacroce.pi.it\/oldsite\/convocazione-del-consiglio-del-forum-della-frazione-di-staffoli\/"},"author":{"name":"gestore","@id":"https:\/\/comune.santacroce.pi.it\/oldsite\/#\/schema\/person\/5212fa237eb523c5c88b1f51cae14ae4"},"headline":"Convocazione del Consiglio del Forum della Frazione di Staffoli.","datePublished":"2021-09-14T08:12:45+00:00","dateModified":"2021-09-16T08:17:54+00:00","mainEntityOfPage":{"@id":"https:\/\/comune.santacroce.pi.it\/oldsite\/convocazione-del-consiglio-del-forum-della-frazione-di-staffoli\/"},"wordCount":111,"publisher":{"@id":"https:\/\/comune.santacroce.pi.it\/oldsite\/#organization"},"image":{"@id":"https:\/\/comune.santacroce.pi.it\/oldsite\/convocazione-del-consiglio-del-forum-della-frazione-di-staffoli\/#primaryimage"},"thumbnailUrl":"https:\/\/comune.santacroce.pi.it\/oldsite\/wp-content\/uploads\/2021\/09\/Staffoli.jpg","articleSection":["Notizie e informazioni"],"inLanguage":"it-IT"},{"@type":"WebPage","@id":"https:\/\/comune.santacroce.pi.it\/oldsite\/convocazione-del-consiglio-del-forum-della-frazione-di-staffoli\/","url":"https:\/\/comune.santacroce.pi.it\/oldsite\/convocazione-del-consiglio-del-forum-della-frazione-di-staffoli\/","name":"Convocazione del Consiglio del Forum della Frazione di Staffoli. - Comune di Santa Croce sull&#039;Arno","isPartOf":{"@id":"https:\/\/comune.santacroce.pi.it\/oldsite\/#website"},"primaryImageOfPage":{"@id":"https:\/\/comune.santacroce.pi.it\/oldsite\/convocazione-del-consiglio-del-forum-della-frazione-di-staffoli\/#primaryimage"},"image":{"@id":"https:\/\/comune.santacroce.pi.it\/oldsite\/convocazione-del-consiglio-del-forum-della-frazione-di-staffoli\/#primaryimage"},"thumbnailUrl":"https:\/\/comune.santacroce.pi.it\/oldsite\/wp-content\/uploads\/2021\/09\/Staffoli.jpg","datePublished":"2021-09-14T08:12:45+00:00","dateModified":"2021-09-16T08:17:54+00:00","breadcrumb":{"@id":"https:\/\/comune.santacroce.pi.it\/oldsite\/convocazione-del-consiglio-del-forum-della-frazione-di-staffoli\/#breadcrumb"},"inLanguage":"it-IT","potentialAction":[{"@type":"ReadAction","target":["https:\/\/comune.santacroce.pi.it\/oldsite\/convocazione-del-consiglio-del-forum-della-frazione-di-staffoli\/"]}]},{"@type":"ImageObject","inLanguage":"it-IT","@id":"https:\/\/comune.santacroce.pi.it\/oldsite\/convocazione-del-consiglio-del-forum-della-frazione-di-staffoli\/#primaryimage","url":"https:\/\/comune.santacroce.pi.it\/oldsite\/wp-content\/uploads\/2021\/09\/Staffoli.jpg","contentUrl":"https:\/\/comune.santacroce.pi.it\/oldsite\/wp-content\/uploads\/2021\/09\/Staffoli.jpg","width":1000,"height":667},{"@type":"BreadcrumbList","@id":"https:\/\/comune.santacroce.pi.it\/oldsite\/convocazione-del-consiglio-del-forum-della-frazione-di-staffoli\/#breadcrumb","itemListElement":[{"@type":"ListItem","position":1,"name":"Home","item":"https:\/\/comune.santacroce.pi.it\/oldsite\/"},{"@type":"ListItem","position":2,"name":"Convocazione del Consiglio del Forum della Frazione di Staffoli."}]},{"@type":"WebSite","@id":"https:\/\/comune.santacroce.pi.it\/oldsite\/#website","url":"https:\/\/comune.santacroce.pi.it\/oldsite\/","name":"Comune di Santa Croce sull&#039;Arno","description":"Provincia di Pisa","publisher":{"@id":"https:\/\/comune.santacroce.pi.it\/oldsite\/#organization"},"potentialAction":[{"@type":"SearchAction","target":{"@type":"EntryPoint","urlTemplate":"https:\/\/comune.santacroce.pi.it\/oldsite\/?s={search_term_string}"},"query-input":{"@type":"PropertyValueSpecification","valueRequired":true,"valueName":"search_term_string"}}],"inLanguage":"it-IT"},{"@type":"Organization","@id":"https:\/\/comune.santacroce.pi.it\/oldsite\/#organization","name":"Comune di Santa Croce sull'Arno","url":"https:\/\/comune.santacroce.pi.it\/oldsite\/","logo":{"@type":"ImageObject","inLanguage":"it-IT","@id":"https:\/\/comune.santacroce.pi.it\/oldsite\/#\/schema\/logo\/image\/","url":"https:\/\/comune.santacroce.pi.it\/oldsite\/wp-content\/uploads\/2021\/02\/cropped-Stemma-Santa-Croce-dellArno_500-1.png","contentUrl":"https:\/\/comune.santacroce.pi.it\/oldsite\/wp-content\/uploads\/2021\/02\/cropped-Stemma-Santa-Croce-dellArno_500-1.png","width":500,"height":500,"caption":"Comune di Santa Croce sull'Arno"},"image":{"@id":"https:\/\/comune.santacroce.pi.it\/oldsite\/#\/schema\/logo\/image\/"}},{"@type":"Person","@id":"https:\/\/comune.santacroce.pi.it\/oldsite\/#\/schema\/person\/5212fa237eb523c5c88b1f51cae14ae4","name":"gestore","image":{"@type":"ImageObject","inLanguage":"it-IT","@id":"https:\/\/comune.santacroce.pi.it\/oldsite\/#\/schema\/person\/image\/","url":"https:\/\/secure.gravatar.com\/avatar\/0759b03a30f73df39010a5fcb1380615?s=96&d=mm&r=g","contentUrl":"https:\/\/secure.gravatar.com\/avatar\/0759b03a30f73df39010a5fcb1380615?s=96&d=mm&r=g","caption":"gestore"},"url":"https:\/\/comune.santacroce.pi.it\/oldsite\/author\/gestore\/"}]}},"jetpack_featured_media_url":"https:\/\/comune.santacroce.pi.it\/oldsite\/wp-content\/uploads\/2021\/09\/Staffoli.jpg","meta_box":{"comunicacity_sync":"","cc4_urg_colore":"rosso","cc4_urg_data_inizio":"","cc4_urg_data_fine":"","cc4_cor_positivi_oggi":"","cc4_cor_negativizzati_oggi":"","cc4_cor_deceduti_oggi":"","cc4_cor_positivi_totali":"","cc4_cor_negativizzati_totali":"","cc4_cor_deceduti_totali":"","cc4_cor_attualmente_positivi":"","cc4_eve_data_inizio":"","cc4_eve_data_fine":"","cc4_eve_indirizzo":"","cc4_eve_posizione":{"latitude":"0","longitude":"0","zoom":"0"},"cc4_eve_telefono":"","cc4_eve_email":"","cc4_eve_web":"","cc4_eve_fb":""},"_links":{"self":[{"href":"https:\/\/comune.santacroce.pi.it\/oldsite\/wp-json\/wp\/v2\/posts\/18539","targetHints":{"allow":["GET"]}}],"collection":[{"href":"https:\/\/comune.santacroce.pi.it\/oldsite\/wp-json\/wp\/v2\/posts"}],"about":[{"href":"https:\/\/comune.santacroce.pi.it\/oldsite\/wp-json\/wp\/v2\/types\/post"}],"author":[{"embeddable":true,"href":"https:\/\/comune.santacroce.pi.it\/oldsite\/wp-json\/wp\/v2\/users\/10"}],"replies":[{"embeddable":true,"href":"https:\/\/comune.santacroce.pi.it\/oldsite\/wp-json\/wp\/v2\/comments?post=18539"}],"version-history":[{"count":0,"href":"https:\/\/comune.santacroce.pi.it\/oldsite\/wp-json\/wp\/v2\/posts\/18539\/revisions"}],"wp:featuredmedia":[{"embeddable":true,"href":"https:\/\/comune.santacroce.pi.it\/oldsite\/wp-json\/wp\/v2\/media\/18541"}],"wp:attachment":[{"href":"https:\/\/comune.santacroce.pi.it\/oldsite\/wp-json\/wp\/v2\/media?parent=18539"}],"wp:term":[{"taxonomy":"category","embeddable":true,"href":"https:\/\/comune.santacroce.pi.it\/oldsite\/wp-json\/wp\/v2\/categories?post=18539"},{"taxonomy":"post_tag","embeddable":true,"href":"https:\/\/comune.santacroce.pi.it\/oldsite\/wp-json\/wp\/v2\/tags?post=18539"}],"curies":[{"name":"wp","href":"https:\/\/api.w.org\/{rel}","templated":true}]}}