{"id":18537,"date":"2021-09-15T10:06:47","date_gmt":"2021-09-15T08:06:47","guid":{"rendered":"https:\/\/comune.santacroce.pi.it\/oldsite\/?p=18537"},"modified":"2021-12-09T15:38:48","modified_gmt":"2021-12-09T14:38:48","slug":"allerta-meteo-codice-giallo-per-giovedi-16-settembre","status":"publish","type":"post","link":"https:\/\/comune.santacroce.pi.it\/oldsite\/allerta-meteo-codice-giallo-per-giovedi-16-settembre\/","title":{"rendered":"Allerta meteo codice giallo per gioved\u00ec 16 settembre"},"content":{"rendered":"<p>Allerta meteo codice GIALLO &#8211; FASE DI VIGILANZA dalle ore 07.00 di gioved\u00ec 16\/09\/2021 alle ore 23.59 di gioved\u00ec 16\/09\/2021 (RISCHIO IDROGEOLOGICO IDRAULICO RETICOLO MINORE).<\/p>\n<p>Allerta meteo codice GIALLO-FASE DI VIGILANZA dalle ore 07.00 di gioved\u00ec 16\/09\/2021 alle ore 23.59 di gioved\u00ec 16\/09\/2021 (RISCHIO TEMPORALI FORTI).<\/p>\n<p><strong>Fenomeni previsti<\/strong><\/p>\n<p><strong>FORTI TEMPORALI \/ PIOGGE ABBONDANTI: <\/strong>Oggi, mercoled\u00ec, locali piogge sulle zone di nord-ovest. Domani, gioved\u00ec, deciso peggioramento con rovesci e temporali di forte intensit\u00e0 in estensione dalle zone di nord-ovest a tutta la regione. Sulle zone di nord-ovest possibili cumulati abbondanti o molto abbondanti, anche in breve tempo. Sulle zone centrali possibili (maggiore incertezza) cumulati abbondanti. L&#8217;intensit\u00e0 oraria su tutta la regione potr\u00e0 essere molto elevata.<\/p>\n<p>Possibili anche forti colpi di vento e grandinate.<\/p>\n<p>ATTENZIONE: Poich\u00e9 anche sulle zone centrali e meridionali, attualmente indicate in codice giallo per la giornata di domani, gioved\u00ec, esiste la possibilit\u00e0 di fenomeni particolarmente intensi, occorre valutare le prossime uscite modellistiche e l&#8217;evoluzione della perturbazione. Per questo motivo la situazione di queste aree verr\u00e0 rivalutata nella prima mattinata di domani, gioved\u00ec, e aggiornata di conseguenza..<\/p>\n<hr \/>\n<p><strong>Descrizione delle criticit\u00e0 previste:<\/strong><\/p>\n<p>Sulla base delle previsioni meteorologiche odierne e delle valutazioni dei possibili effetti al suolo effettuate, si prefigurano i seguenti scenari di criticit\u00e0:<\/p>\n<p>Criticit\u00e0 <strong>GIALLO<\/strong> dalle ore 07.00 di gioved\u00ec 16\/09\/2021 alle ore 23.59 di gioved\u00ec 16\/09\/2021 (RISCHIO IDROGEOLOGICO IDRAULICO RETICOLO MINORE).<\/p>\n<p>Criticit\u00e0 <strong>GIALLO<\/strong> dalle ore 07.00 di gioved\u00ec 16\/09\/2021 alle ore 23.59 di gioved\u00ec 16\/09\/2021 (RISCHIO TEMPORALI FORTI).<\/p>\n<hr \/>\n<p><strong>Descrizione degli scenari di evento previsti:<\/strong><\/p>\n<p><strong>IDROGEOLOGICO IDRAULICO RETICOLO MINORE<\/strong><\/p>\n<p><strong>Criticit\u00e0 Giallo<\/strong>: Possibilit\u00e0 di innesco di frane superficiali\/colate rapide di detriti o fango in bacini di dimensioni limitate e ruscellamenti superficiali anche con trasporto di materiale con conseguenti possibili danni localizzati alle infrastrutture, edifici e attivit\u00e0 agricole, cantieri, insediamenti civili e industriali esposti; possibile innalzamento dei livelli idrometrici dei corsi d&#8217;acqua minori, con inondazioni delle aree limitrofe, anche per effetto di criticit\u00e0 locali (tombature, restringimenti, occlusioni delle luci dei ponti, ecc); possibile scorrimento superficiale delle acque nelle strade con fenomeni di rigurgito dei sistemi di smaltimento delle acque piovane e con possibile tracimazione e coinvolgimento delle aree urbane depresse, dei locali interrati e di quelli posti a pian terreno lungo le vie potenzialmente interessate da deflussi idrici; possibili temporanee interruzioni della rete stradale e\/o ferroviaria in prossimit\u00e0 di impluvi, canali, zone depresse (sottopassi, tunnel, avvallamenti stradali, etc.) e a valle di porzioni di versante interessate da fenomeni franosi; possibili limitati danni alle opere idrauliche e di difesa delle sponde, alle attivit\u00e0 agricole, ai cantieri, agli insediamenti civili e industriali in alveo; possibili criticit\u00e0 connesse a localizzate cadute massi.<\/p>\n<p><strong>TEMPORALI FORTI<\/strong><\/p>\n<p><strong>Criticit\u00e0 Giallo<\/strong>: In uno scenario caratterizzato da elevata incertezza previsionale, saranno possibili fenomeni intensi occasionalmente pericolosi per l&#8217;incolumit\u00e0 delle persone e in grado di causare disagi e danni a carattere locale.<\/p>\n<p>Saranno possibili gli effetti riconducibili al rischio <strong>idrogeologico-idraulico reticolo minore<\/strong>, che potrebbero verificarsi in maniera repentina ed improvvisa.<\/p>\n<p>A causa delle violente raffiche di <strong>vento<\/strong>, saranno possibili ulteriori effetti tra cui ad esempio, rottura di rami e\/o caduta di alberi, caduta di tegole, danni alle strutture provvisorie e\/o agli edifici, abbattimento di pali, segnaletica e impalcature, trasporto di materiale, disagi e\/o interruzione della viabilit\u00e0 e danneggiamenti alle reti di distribuzione di servizi (tra cui telefonia ed elettricit\u00e0) con conseguenti interruzioni.<\/p>\n<p>Nel caso in cui si verifichino <strong>grandinate<\/strong> saranno inoltre possibili danni alle colture agricole, alle coperture degli edifici e agli automezzi.<\/p>\n<p>Infine a causa delle <strong>fulminazioni<\/strong> saranno possibili danneggiamenti agli edifici, alberi e alle reti di distribuzione di servizi (tra cui telefonia ed elettricit\u00e0) ed eventualmente l&#8217;innesco di incendi in aree boschive.<\/p>\n<p>&nbsp;<\/p>\n<p><strong>SI RACCOMANDA<\/strong>:<\/p>\n<ol>\n<li>Di fare attenzione all\u2019aperto, in particolare in presenza di alberi e strutture temporanee o pericolanti;<\/li>\n<li>Di fare molta attenzione agli attraversamenti dei corsi d\u2019acqua e alle zone depresse e comunque a rischio;<\/li>\n<li>Di fare attenzione a possibili allagamenti, a ristagni e allo scorrimento superficiale delle acque meteoriche nelle sedi stradali;<\/li>\n<li>Di fare attenzione agli scantinati e al materiale riposto negli ambienti bassi;<\/li>\n<li>Di guidare con attenzione, in particolare nei tratti esposti a frane e caduta massi.<\/li>\n<\/ol>\n<hr \/>\n<p>Per ulteriori consigli sui comportamenti da adottare consultare il sito della Regione Toscana <a href=\"http:\/\/www.regione.toscana.it\/allertameteo\">http:\/\/www.regione.toscana.it\/allertameteo<\/a><\/p>\n<hr \/>\n<p>Per aggiornamenti consultare il sito del Comune <a href=\"https:\/\/comune.santacroce.pi.it\/oldsite\/\">www.comune.santacroce.pi.it<\/a> oppure il sito <a href=\"http:\/\/www.cfr.toscana.it\/\">www.cfr.toscana.it<\/a><\/p>\n<hr \/>\n<p>&nbsp;<\/p>\n\t\t\t\n\t\t\t\n\t\t\t\n\n","protected":false},"excerpt":{"rendered":"<p>Allerta meteo codice GIALLO &#8211; FASE DI VIGILANZA dalle ore 07.00 di gioved\u00ec 16\/09\/2021 alle ore 23.59 di gioved\u00ec 16\/09\/2021 (RISCHIO IDROGEOLOGICO IDRAULICO RETICOLO MINORE). Allerta meteo codice GIALLO-FASE DI [&hellip;]<\/p>\n","protected":false},"author":10,"featured_media":18485,"comment_status":"closed","ping_status":"closed","sticky":false,"template":"","format":"standard","meta":{"footnotes":""},"categories":[166],"tags":[],"class_list":["post-18537","post","type-post","status-publish","format-standard","has-post-thumbnail","hentry","category-urgenze-e-allerta"],"yoast_head":"<!-- This site is optimized with the Yoast SEO plugin v24.7 - https:\/\/yoast.com\/wordpress\/plugins\/seo\/ -->\n<title>Allerta meteo codice giallo per gioved\u00ec 16 settembre - Comune di Santa Croce sull&#039;Arno<\/title>\n<meta name=\"robots\" content=\"index, follow, max-snippet:-1, max-image-preview:large, max-video-preview:-1\" \/>\n<link rel=\"canonical\" href=\"https:\/\/comune.santacroce.pi.it\/oldsite\/allerta-meteo-codice-giallo-per-giovedi-16-settembre\/\" \/>\n<meta property=\"og:locale\" content=\"it_IT\" \/>\n<meta property=\"og:type\" content=\"article\" \/>\n<meta property=\"og:title\" content=\"Allerta meteo codice giallo per gioved\u00ec 16 settembre - Comune di Santa Croce sull&#039;Arno\" \/>\n<meta property=\"og:description\" content=\"Allerta meteo codice GIALLO &#8211; FASE DI VIGILANZA dalle ore 07.00 di gioved\u00ec 16\/09\/2021 alle ore 23.59 di gioved\u00ec 16\/09\/2021 (RISCHIO IDROGEOLOGICO IDRAULICO RETICOLO MINORE). Allerta meteo codice GIALLO-FASE DI [&hellip;]\" \/>\n<meta property=\"og:url\" content=\"https:\/\/comune.santacroce.pi.it\/oldsite\/allerta-meteo-codice-giallo-per-giovedi-16-settembre\/\" \/>\n<meta property=\"og:site_name\" content=\"Comune di Santa Croce sull&#039;Arno\" \/>\n<meta property=\"article:published_time\" content=\"2021-09-15T08:06:47+00:00\" \/>\n<meta property=\"article:modified_time\" content=\"2021-12-09T14:38:48+00:00\" \/>\n<meta property=\"og:image\" content=\"https:\/\/comune.santacroce.pi.it\/oldsite\/wp-content\/uploads\/2021\/07\/Allerta-Meteo-Gialla.jpg\" \/>\n\t<meta property=\"og:image:width\" content=\"1199\" \/>\n\t<meta property=\"og:image:height\" content=\"800\" \/>\n\t<meta property=\"og:image:type\" content=\"image\/jpeg\" \/>\n<meta name=\"author\" content=\"gestore\" \/>\n<meta name=\"twitter:card\" content=\"summary_large_image\" \/>\n<meta name=\"twitter:label1\" content=\"Scritto da\" \/>\n\t<meta name=\"twitter:data1\" content=\"gestore\" \/>\n\t<meta name=\"twitter:label2\" content=\"Tempo di lettura stimato\" \/>\n\t<meta name=\"twitter:data2\" content=\"4 minuti\" \/>\n<script type=\"application\/ld+json\" class=\"yoast-schema-graph\">{\"@context\":\"https:\/\/schema.org\",\"@graph\":[{\"@type\":\"Article\",\"@id\":\"https:\/\/comune.santacroce.pi.it\/oldsite\/allerta-meteo-codice-giallo-per-giovedi-16-settembre\/#article\",\"isPartOf\":{\"@id\":\"https:\/\/comune.santacroce.pi.it\/oldsite\/allerta-meteo-codice-giallo-per-giovedi-16-settembre\/\"},\"author\":{\"name\":\"gestore\",\"@id\":\"https:\/\/comune.santacroce.pi.it\/oldsite\/#\/schema\/person\/5212fa237eb523c5c88b1f51cae14ae4\"},\"headline\":\"Allerta meteo codice giallo per gioved\u00ec 16 settembre\",\"datePublished\":\"2021-09-15T08:06:47+00:00\",\"dateModified\":\"2021-12-09T14:38:48+00:00\",\"mainEntityOfPage\":{\"@id\":\"https:\/\/comune.santacroce.pi.it\/oldsite\/allerta-meteo-codice-giallo-per-giovedi-16-settembre\/\"},\"wordCount\":713,\"publisher\":{\"@id\":\"https:\/\/comune.santacroce.pi.it\/oldsite\/#organization\"},\"image\":{\"@id\":\"https:\/\/comune.santacroce.pi.it\/oldsite\/allerta-meteo-codice-giallo-per-giovedi-16-settembre\/#primaryimage\"},\"thumbnailUrl\":\"https:\/\/comune.santacroce.pi.it\/oldsite\/wp-content\/uploads\/2021\/07\/Allerta-Meteo-Gialla.jpg\",\"articleSection\":[\"Urgenze e Allerta\"],\"inLanguage\":\"it-IT\"},{\"@type\":\"WebPage\",\"@id\":\"https:\/\/comune.santacroce.pi.it\/oldsite\/allerta-meteo-codice-giallo-per-giovedi-16-settembre\/\",\"url\":\"https:\/\/comune.santacroce.pi.it\/oldsite\/allerta-meteo-codice-giallo-per-giovedi-16-settembre\/\",\"name\":\"Allerta meteo codice giallo per gioved\u00ec 16 settembre - Comune di Santa Croce sull&#039;Arno\",\"isPartOf\":{\"@id\":\"https:\/\/comune.santacroce.pi.it\/oldsite\/#website\"},\"primaryImageOfPage\":{\"@id\":\"https:\/\/comune.santacroce.pi.it\/oldsite\/allerta-meteo-codice-giallo-per-giovedi-16-settembre\/#primaryimage\"},\"image\":{\"@id\":\"https:\/\/comune.santacroce.pi.it\/oldsite\/allerta-meteo-codice-giallo-per-giovedi-16-settembre\/#primaryimage\"},\"thumbnailUrl\":\"https:\/\/comune.santacroce.pi.it\/oldsite\/wp-content\/uploads\/2021\/07\/Allerta-Meteo-Gialla.jpg\",\"datePublished\":\"2021-09-15T08:06:47+00:00\",\"dateModified\":\"2021-12-09T14:38:48+00:00\",\"breadcrumb\":{\"@id\":\"https:\/\/comune.santacroce.pi.it\/oldsite\/allerta-meteo-codice-giallo-per-giovedi-16-settembre\/#breadcrumb\"},\"inLanguage\":\"it-IT\",\"potentialAction\":[{\"@type\":\"ReadAction\",\"target\":[\"https:\/\/comune.santacroce.pi.it\/oldsite\/allerta-meteo-codice-giallo-per-giovedi-16-settembre\/\"]}]},{\"@type\":\"ImageObject\",\"inLanguage\":\"it-IT\",\"@id\":\"https:\/\/comune.santacroce.pi.it\/oldsite\/allerta-meteo-codice-giallo-per-giovedi-16-settembre\/#primaryimage\",\"url\":\"https:\/\/comune.santacroce.pi.it\/oldsite\/wp-content\/uploads\/2021\/07\/Allerta-Meteo-Gialla.jpg\",\"contentUrl\":\"https:\/\/comune.santacroce.pi.it\/oldsite\/wp-content\/uploads\/2021\/07\/Allerta-Meteo-Gialla.jpg\",\"width\":1199,\"height\":800},{\"@type\":\"BreadcrumbList\",\"@id\":\"https:\/\/comune.santacroce.pi.it\/oldsite\/allerta-meteo-codice-giallo-per-giovedi-16-settembre\/#breadcrumb\",\"itemListElement\":[{\"@type\":\"ListItem\",\"position\":1,\"name\":\"Home\",\"item\":\"https:\/\/comune.santacroce.pi.it\/oldsite\/\"},{\"@type\":\"ListItem\",\"position\":2,\"name\":\"Allerta meteo codice giallo per gioved\u00ec 16 settembre\"}]},{\"@type\":\"WebSite\",\"@id\":\"https:\/\/comune.santacroce.pi.it\/oldsite\/#website\",\"url\":\"https:\/\/comune.santacroce.pi.it\/oldsite\/\",\"name\":\"Comune di Santa Croce sull&#039;Arno\",\"description\":\"Provincia di Pisa\",\"publisher\":{\"@id\":\"https:\/\/comune.santacroce.pi.it\/oldsite\/#organization\"},\"potentialAction\":[{\"@type\":\"SearchAction\",\"target\":{\"@type\":\"EntryPoint\",\"urlTemplate\":\"https:\/\/comune.santacroce.pi.it\/oldsite\/?s={search_term_string}\"},\"query-input\":{\"@type\":\"PropertyValueSpecification\",\"valueRequired\":true,\"valueName\":\"search_term_string\"}}],\"inLanguage\":\"it-IT\"},{\"@type\":\"Organization\",\"@id\":\"https:\/\/comune.santacroce.pi.it\/oldsite\/#organization\",\"name\":\"Comune di Santa Croce sull'Arno\",\"url\":\"https:\/\/comune.santacroce.pi.it\/oldsite\/\",\"logo\":{\"@type\":\"ImageObject\",\"inLanguage\":\"it-IT\",\"@id\":\"https:\/\/comune.santacroce.pi.it\/oldsite\/#\/schema\/logo\/image\/\",\"url\":\"https:\/\/comune.santacroce.pi.it\/oldsite\/wp-content\/uploads\/2021\/02\/cropped-Stemma-Santa-Croce-dellArno_500-1.png\",\"contentUrl\":\"https:\/\/comune.santacroce.pi.it\/oldsite\/wp-content\/uploads\/2021\/02\/cropped-Stemma-Santa-Croce-dellArno_500-1.png\",\"width\":500,\"height\":500,\"caption\":\"Comune di Santa Croce sull'Arno\"},\"image\":{\"@id\":\"https:\/\/comune.santacroce.pi.it\/oldsite\/#\/schema\/logo\/image\/\"}},{\"@type\":\"Person\",\"@id\":\"https:\/\/comune.santacroce.pi.it\/oldsite\/#\/schema\/person\/5212fa237eb523c5c88b1f51cae14ae4\",\"name\":\"gestore\",\"image\":{\"@type\":\"ImageObject\",\"inLanguage\":\"it-IT\",\"@id\":\"https:\/\/comune.santacroce.pi.it\/oldsite\/#\/schema\/person\/image\/\",\"url\":\"https:\/\/secure.gravatar.com\/avatar\/0759b03a30f73df39010a5fcb1380615?s=96&d=mm&r=g\",\"contentUrl\":\"https:\/\/secure.gravatar.com\/avatar\/0759b03a30f73df39010a5fcb1380615?s=96&d=mm&r=g\",\"caption\":\"gestore\"},\"url\":\"https:\/\/comune.santacroce.pi.it\/oldsite\/author\/gestore\/\"}]}<\/script>\n<!-- \/ Yoast SEO plugin. -->","yoast_head_json":{"title":"Allerta meteo codice giallo per gioved\u00ec 16 settembre - Comune di Santa Croce sull&#039;Arno","robots":{"index":"index","follow":"follow","max-snippet":"max-snippet:-1","max-image-preview":"max-image-preview:large","max-video-preview":"max-video-preview:-1"},"canonical":"https:\/\/comune.santacroce.pi.it\/oldsite\/allerta-meteo-codice-giallo-per-giovedi-16-settembre\/","og_locale":"it_IT","og_type":"article","og_title":"Allerta meteo codice giallo per gioved\u00ec 16 settembre - Comune di Santa Croce sull&#039;Arno","og_description":"Allerta meteo codice GIALLO &#8211; FASE DI VIGILANZA dalle ore 07.00 di gioved\u00ec 16\/09\/2021 alle ore 23.59 di gioved\u00ec 16\/09\/2021 (RISCHIO IDROGEOLOGICO IDRAULICO RETICOLO MINORE). Allerta meteo codice GIALLO-FASE DI [&hellip;]","og_url":"https:\/\/comune.santacroce.pi.it\/oldsite\/allerta-meteo-codice-giallo-per-giovedi-16-settembre\/","og_site_name":"Comune di Santa Croce sull&#039;Arno","article_published_time":"2021-09-15T08:06:47+00:00","article_modified_time":"2021-12-09T14:38:48+00:00","og_image":[{"width":1199,"height":800,"url":"https:\/\/comune.santacroce.pi.it\/oldsite\/wp-content\/uploads\/2021\/07\/Allerta-Meteo-Gialla.jpg","type":"image\/jpeg"}],"author":"gestore","twitter_card":"summary_large_image","twitter_misc":{"Scritto da":"gestore","Tempo di lettura stimato":"4 minuti"},"schema":{"@context":"https:\/\/schema.org","@graph":[{"@type":"Article","@id":"https:\/\/comune.santacroce.pi.it\/oldsite\/allerta-meteo-codice-giallo-per-giovedi-16-settembre\/#article","isPartOf":{"@id":"https:\/\/comune.santacroce.pi.it\/oldsite\/allerta-meteo-codice-giallo-per-giovedi-16-settembre\/"},"author":{"name":"gestore","@id":"https:\/\/comune.santacroce.pi.it\/oldsite\/#\/schema\/person\/5212fa237eb523c5c88b1f51cae14ae4"},"headline":"Allerta meteo codice giallo per gioved\u00ec 16 settembre","datePublished":"2021-09-15T08:06:47+00:00","dateModified":"2021-12-09T14:38:48+00:00","mainEntityOfPage":{"@id":"https:\/\/comune.santacroce.pi.it\/oldsite\/allerta-meteo-codice-giallo-per-giovedi-16-settembre\/"},"wordCount":713,"publisher":{"@id":"https:\/\/comune.santacroce.pi.it\/oldsite\/#organization"},"image":{"@id":"https:\/\/comune.santacroce.pi.it\/oldsite\/allerta-meteo-codice-giallo-per-giovedi-16-settembre\/#primaryimage"},"thumbnailUrl":"https:\/\/comune.santacroce.pi.it\/oldsite\/wp-content\/uploads\/2021\/07\/Allerta-Meteo-Gialla.jpg","articleSection":["Urgenze e Allerta"],"inLanguage":"it-IT"},{"@type":"WebPage","@id":"https:\/\/comune.santacroce.pi.it\/oldsite\/allerta-meteo-codice-giallo-per-giovedi-16-settembre\/","url":"https:\/\/comune.santacroce.pi.it\/oldsite\/allerta-meteo-codice-giallo-per-giovedi-16-settembre\/","name":"Allerta meteo codice giallo per gioved\u00ec 16 settembre - Comune di Santa Croce sull&#039;Arno","isPartOf":{"@id":"https:\/\/comune.santacroce.pi.it\/oldsite\/#website"},"primaryImageOfPage":{"@id":"https:\/\/comune.santacroce.pi.it\/oldsite\/allerta-meteo-codice-giallo-per-giovedi-16-settembre\/#primaryimage"},"image":{"@id":"https:\/\/comune.santacroce.pi.it\/oldsite\/allerta-meteo-codice-giallo-per-giovedi-16-settembre\/#primaryimage"},"thumbnailUrl":"https:\/\/comune.santacroce.pi.it\/oldsite\/wp-content\/uploads\/2021\/07\/Allerta-Meteo-Gialla.jpg","datePublished":"2021-09-15T08:06:47+00:00","dateModified":"2021-12-09T14:38:48+00:00","breadcrumb":{"@id":"https:\/\/comune.santacroce.pi.it\/oldsite\/allerta-meteo-codice-giallo-per-giovedi-16-settembre\/#breadcrumb"},"inLanguage":"it-IT","potentialAction":[{"@type":"ReadAction","target":["https:\/\/comune.santacroce.pi.it\/oldsite\/allerta-meteo-codice-giallo-per-giovedi-16-settembre\/"]}]},{"@type":"ImageObject","inLanguage":"it-IT","@id":"https:\/\/comune.santacroce.pi.it\/oldsite\/allerta-meteo-codice-giallo-per-giovedi-16-settembre\/#primaryimage","url":"https:\/\/comune.santacroce.pi.it\/oldsite\/wp-content\/uploads\/2021\/07\/Allerta-Meteo-Gialla.jpg","contentUrl":"https:\/\/comune.santacroce.pi.it\/oldsite\/wp-content\/uploads\/2021\/07\/Allerta-Meteo-Gialla.jpg","width":1199,"height":800},{"@type":"BreadcrumbList","@id":"https:\/\/comune.santacroce.pi.it\/oldsite\/allerta-meteo-codice-giallo-per-giovedi-16-settembre\/#breadcrumb","itemListElement":[{"@type":"ListItem","position":1,"name":"Home","item":"https:\/\/comune.santacroce.pi.it\/oldsite\/"},{"@type":"ListItem","position":2,"name":"Allerta meteo codice giallo per gioved\u00ec 16 settembre"}]},{"@type":"WebSite","@id":"https:\/\/comune.santacroce.pi.it\/oldsite\/#website","url":"https:\/\/comune.santacroce.pi.it\/oldsite\/","name":"Comune di Santa Croce sull&#039;Arno","description":"Provincia di Pisa","publisher":{"@id":"https:\/\/comune.santacroce.pi.it\/oldsite\/#organization"},"potentialAction":[{"@type":"SearchAction","target":{"@type":"EntryPoint","urlTemplate":"https:\/\/comune.santacroce.pi.it\/oldsite\/?s={search_term_string}"},"query-input":{"@type":"PropertyValueSpecification","valueRequired":true,"valueName":"search_term_string"}}],"inLanguage":"it-IT"},{"@type":"Organization","@id":"https:\/\/comune.santacroce.pi.it\/oldsite\/#organization","name":"Comune di Santa Croce sull'Arno","url":"https:\/\/comune.santacroce.pi.it\/oldsite\/","logo":{"@type":"ImageObject","inLanguage":"it-IT","@id":"https:\/\/comune.santacroce.pi.it\/oldsite\/#\/schema\/logo\/image\/","url":"https:\/\/comune.santacroce.pi.it\/oldsite\/wp-content\/uploads\/2021\/02\/cropped-Stemma-Santa-Croce-dellArno_500-1.png","contentUrl":"https:\/\/comune.santacroce.pi.it\/oldsite\/wp-content\/uploads\/2021\/02\/cropped-Stemma-Santa-Croce-dellArno_500-1.png","width":500,"height":500,"caption":"Comune di Santa Croce sull'Arno"},"image":{"@id":"https:\/\/comune.santacroce.pi.it\/oldsite\/#\/schema\/logo\/image\/"}},{"@type":"Person","@id":"https:\/\/comune.santacroce.pi.it\/oldsite\/#\/schema\/person\/5212fa237eb523c5c88b1f51cae14ae4","name":"gestore","image":{"@type":"ImageObject","inLanguage":"it-IT","@id":"https:\/\/comune.santacroce.pi.it\/oldsite\/#\/schema\/person\/image\/","url":"https:\/\/secure.gravatar.com\/avatar\/0759b03a30f73df39010a5fcb1380615?s=96&d=mm&r=g","contentUrl":"https:\/\/secure.gravatar.com\/avatar\/0759b03a30f73df39010a5fcb1380615?s=96&d=mm&r=g","caption":"gestore"},"url":"https:\/\/comune.santacroce.pi.it\/oldsite\/author\/gestore\/"}]}},"jetpack_featured_media_url":"https:\/\/comune.santacroce.pi.it\/oldsite\/wp-content\/uploads\/2021\/07\/Allerta-Meteo-Gialla.jpg","meta_box":{"comunicacity_sync":"","cc4_urg_colore":"rosso","cc4_urg_data_inizio":"","cc4_urg_data_fine":"","cc4_cor_positivi_oggi":"","cc4_cor_negativizzati_oggi":"","cc4_cor_deceduti_oggi":"","cc4_cor_positivi_totali":"","cc4_cor_negativizzati_totali":"","cc4_cor_deceduti_totali":"","cc4_cor_attualmente_positivi":"","cc4_eve_data_inizio":"","cc4_eve_data_fine":"","cc4_eve_indirizzo":"","cc4_eve_posizione":{"latitude":"0","longitude":"0","zoom":"0"},"cc4_eve_telefono":"","cc4_eve_email":"","cc4_eve_web":"","cc4_eve_fb":""},"_links":{"self":[{"href":"https:\/\/comune.santacroce.pi.it\/oldsite\/wp-json\/wp\/v2\/posts\/18537","targetHints":{"allow":["GET"]}}],"collection":[{"href":"https:\/\/comune.santacroce.pi.it\/oldsite\/wp-json\/wp\/v2\/posts"}],"about":[{"href":"https:\/\/comune.santacroce.pi.it\/oldsite\/wp-json\/wp\/v2\/types\/post"}],"author":[{"embeddable":true,"href":"https:\/\/comune.santacroce.pi.it\/oldsite\/wp-json\/wp\/v2\/users\/10"}],"replies":[{"embeddable":true,"href":"https:\/\/comune.santacroce.pi.it\/oldsite\/wp-json\/wp\/v2\/comments?post=18537"}],"version-history":[{"count":0,"href":"https:\/\/comune.santacroce.pi.it\/oldsite\/wp-json\/wp\/v2\/posts\/18537\/revisions"}],"wp:featuredmedia":[{"embeddable":true,"href":"https:\/\/comune.santacroce.pi.it\/oldsite\/wp-json\/wp\/v2\/media\/18485"}],"wp:attachment":[{"href":"https:\/\/comune.santacroce.pi.it\/oldsite\/wp-json\/wp\/v2\/media?parent=18537"}],"wp:term":[{"taxonomy":"category","embeddable":true,"href":"https:\/\/comune.santacroce.pi.it\/oldsite\/wp-json\/wp\/v2\/categories?post=18537"},{"taxonomy":"post_tag","embeddable":true,"href":"https:\/\/comune.santacroce.pi.it\/oldsite\/wp-json\/wp\/v2\/tags?post=18537"}],"curies":[{"name":"wp","href":"https:\/\/api.w.org\/{rel}","templated":true}]}}