{"id":18484,"date":"2021-07-08T11:51:58","date_gmt":"2021-07-08T09:51:58","guid":{"rendered":"https:\/\/comune.santacroce.pi.it\/oldsite\/?p=18484"},"modified":"2021-07-08T15:06:12","modified_gmt":"2021-07-08T13:06:12","slug":"allerta-meteo-codice-giallo-per-l8-luglio-2021","status":"publish","type":"post","link":"https:\/\/comune.santacroce.pi.it\/oldsite\/allerta-meteo-codice-giallo-per-l8-luglio-2021\/","title":{"rendered":"Allerta meteo codice Giallo per l&#8217;8 luglio 2021"},"content":{"rendered":"<p><strong>Allerta meteo codice GIALLO-FASE DI VIGILANZA <\/strong><strong>dalle ore <\/strong><strong>1<\/strong><strong>3<\/strong><strong>.00 di <\/strong><strong>giov<\/strong><strong>ed\u00ec<\/strong><strong> <\/strong><strong>0<\/strong><strong>8<\/strong><strong>\/<\/strong><strong>0<\/strong><strong>7<\/strong><strong>\/202<\/strong><strong>1<\/strong><strong> <\/strong><strong>alle ore <\/strong><strong>2<\/strong><strong>3<\/strong><strong>.<\/strong><strong>59<\/strong><strong> di <\/strong><strong>giov<\/strong><strong>ed\u00ec<\/strong><strong> <\/strong><strong>0<\/strong><strong>8<\/strong><strong>\/<\/strong><strong>0<\/strong><strong>7<\/strong><strong>\/202<\/strong><strong>1<\/strong><strong> (RISCHIO IDROGEOLOGICO IDRAULICO RETICOLO MINORE).<\/strong><\/p>\n<p><strong>Allerta meteo codice GIALLO-FASE DI VIGILANZA <\/strong><strong>dalle ore <\/strong><strong>1<\/strong><strong>3<\/strong><strong>.00 di <\/strong><strong>giov<\/strong><strong>ed\u00ec<\/strong><strong> <\/strong><strong>0<\/strong><strong>8<\/strong><strong>\/<\/strong><strong>0<\/strong><strong>7<\/strong><strong>\/202<\/strong><strong>1<\/strong><strong> <\/strong><strong>alle ore <\/strong><strong>2<\/strong><strong>3<\/strong><strong>.<\/strong><strong>59<\/strong><strong> di <\/strong><strong>giov<\/strong><strong>ed\u00ec<\/strong><strong> <\/strong><strong>0<\/strong><strong>8<\/strong><strong>\/<\/strong><strong>0<\/strong><strong>7<\/strong><strong>\/202<\/strong><strong>1<\/strong><strong> (RISCHIO <\/strong><strong>TEMPORALI FORTI<\/strong><strong>).<\/strong><\/p>\n<hr \/>\n<p><strong>F<\/strong><strong>enomeni previsti<\/strong><\/p>\n<p>Transito di una rapida perturbazione nella giornata di oggi, gioved\u00ec, con possibilit\u00e0 di locali temporali.<\/p>\n<p><strong>PIOGGIA: <\/strong>Oggi, gioved\u00ec, possibilit\u00e0 di isolati temporali. Cumulati massimi localmente elevati, intensit\u00e0 oraria fino a forte.<\/p>\n<p><strong>TEMPORALI: <\/strong>Oggi, gioved\u00ec, possibilit\u00e0 di isolati temporali anche di forte intensit\u00e0. Possibilit\u00e0 di colpi di vento e grandinate.<\/p>\n<p><strong>VENTO: <\/strong>Oggi, gioved\u00ec, vento da sud-ovest con forti raffiche sull&#8217;Appennino e sulle zone sottovento. Locali forti raffiche anche sulle zone collinari.<\/p>\n<hr \/>\n<p><strong>Descrizione delle criticit\u00e0 previste:<\/strong><\/p>\n<p>Sulla base delle previsioni meteorologiche odierne e delle valutazioni dei possibili effetti al suolo effettuate, si prefigurano i seguenti scenari di criticit\u00e0:<\/p>\n<p>Criticit\u00e0 <strong>GIALLO<\/strong> dalle ore 13.00 di gioved\u00ec 08\/07\/2021 alle ore 23.59 di gioved\u00ec 08\/07\/2021 (RISCHIO IDROGEOLOGICO IDRAULICO RETICOLO MINORE).<\/p>\n<p>Criticit\u00e0 <strong>GIALLO<\/strong> dalle ore 13.00 di gioved\u00ec 08\/07\/2021 alle ore 23.59 di gioved\u00ec 08\/07\/2021 (RISCHIO TEMPORALI FORTI).<\/p>\n<hr \/>\n<p><strong>Descrizione degli scenari di evento previsti:<\/strong><\/p>\n<p><strong>IDROGEOLOGICO IDRAULICO RETICOLO MINORE<\/strong><\/p>\n<p><strong>Criticit\u00e0 Giallo<\/strong>: Possibilit\u00e0 di innesco di frane superficiali\/colate rapide di detriti o fango in bacini di dimensioni limitate e ruscellamenti superficiali anche con trasporto di materiale con conseguenti possibili danni localizzati alle infrastrutture, edifici e attivit\u00e0 agricole, cantieri, insediamenti civili e industriali esposti; possibile innalzamento dei livelli idrometrici dei corsi d&#8217;acqua minori, con inondazioni delle aree limitrofe, anche per effetto di criticit\u00e0 locali (tombature, restringimenti, occlusioni delle luci dei ponti, ecc); possibile scorrimento superficiale delle acque nelle strade con fenomeni di rigurgito dei sistemi di smaltimento delle acque piovane e con possibile tracimazione e coinvolgimento delle aree urbane depresse, dei locali interrati e di quelli posti a pian terreno lungo le vie potenzialmente interessate da deflussi idrici; possibili temporanee interruzioni della rete stradale e\/o ferroviaria in prossimit\u00e0 di impluvi, canali, zone depresse (sottopassi, tunnel, avvallamenti stradali, etc.) e a valle di porzioni di versante interessate da fenomeni franosi; possibili limitati danni alle opere idrauliche e di difesa delle sponde, alle attivit\u00e0 agricole, ai cantieri, agli insediamenti civili e industriali in alveo; possibili criticit\u00e0 connesse a localizzate cadute massi.<\/p>\n<p><strong>TEMPORALI FORTI<\/strong><\/p>\n<p><strong>Criticit\u00e0 Giallo<\/strong>: In uno scenario caratterizzato da elevata incertezza previsionale, saranno possibili fenomeni intensi occasionalmente pericolosi per l&#8217;incolumit\u00e0 delle persone e in grado di causare disagi e danni a carattere locale.<\/p>\n<p>Saranno possibili gli effetti riconducibili al rischio <strong>idrogeologico-idraulico reticolo minore<\/strong>, che potrebbero verificarsi in maniera repentina ed improvvisa.<\/p>\n<p>A causa delle violente raffiche di <strong>vento<\/strong>, saranno possibili ulteriori effetti tra cui ad esempio, rottura di rami e\/o caduta di alberi, caduta di tegole, danni alle strutture provvisorie e\/o agli edifici, abbattimento di pali, segnaletica e impalcature, trasporto di materiale, disagi e\/o interruzione della viabilit\u00e0 e danneggiamenti alle reti di distribuzione di servizi (tra cui telefonia ed elettricit\u00e0) con conseguenti interruzioni.<\/p>\n<p>Nel caso in cui si verifichino <strong>grandinate<\/strong> saranno inoltre possibili danni alle colture agricole, alle coperture degli edifici e agli automezzi.<\/p>\n<p>Infine a causa delle <strong>fulminazioni<\/strong> saranno possibili danneggiamenti agli edifici, alberi e alle reti di distribuzione di servizi (tra cui telefonia ed elettricit\u00e0) ed eventualmente l&#8217;innesco di incendi in aree boschive.<\/p>\n<hr \/>\n<p><strong>SI RACCOMANDA<\/strong>:<\/p>\n<p>1. Di fare attenzione all\u2019aperto, in particolare in presenza di alberi e strutture temporanee o pericolanti;<\/p>\n<p>2. Di fare molta attenzione agli attraversamenti dei corsi d\u2019acqua e alle zone depresse e comunque a rischio;<\/p>\n<p>3. Di fare attenzione a possibili allagamenti, a ristagni e allo scorrimento superficiale delle acque meteoriche nelle sedi stradali;<\/p>\n<p>4. Di fare attenzione agli scantinati e al materiale riposto negli ambienti bassi;<\/p>\n<p>5. Di guidare con attenzione, in particolare nei tratti esposti a frane e caduta massi.<\/p>\n<p>Per ulteriori consigli sui comportamenti da adottare consultare il sito della Regione Toscana <a href=\"http:\/\/www.regione.toscana.it\/allertameteo\">http:\/\/www.regione.toscana.it\/allertameteo<\/a><\/p>\n<p>&nbsp;<\/p>\n<p>Per aggiornamenti consultare il sito del Comune <a href=\"https:\/\/comune.santacroce.pi.it\/oldsite\/\">www.comune.santacroce.pi.it<\/a> oppure il sito <a href=\"http:\/\/www.cfr.toscana.it\/\">www.cfr.toscana.it<\/a><\/p>\n<p>&nbsp;<\/p>\n<p>IL SINDACO<\/p>\n<p>Giulia Deidda<\/p>\n\t\t\t\n\t\t\t\n\t\t\t\n\n","protected":false},"excerpt":{"rendered":"<p>Allerta meteo codice GIALLO-FASE DI VIGILANZA dalle ore 13.00 di gioved\u00ec 08\/07\/2021 alle ore 23.59 di gioved\u00ec 08\/07\/2021 (RISCHIO IDROGEOLOGICO IDRAULICO RETICOLO MINORE). Allerta meteo codice GIALLO-FASE DI VIGILANZA dalle [&hellip;]<\/p>\n","protected":false},"author":10,"featured_media":18485,"comment_status":"closed","ping_status":"closed","sticky":false,"template":"","format":"standard","meta":{"footnotes":""},"categories":[166],"tags":[],"class_list":["post-18484","post","type-post","status-publish","format-standard","has-post-thumbnail","hentry","category-urgenze-e-allerta"],"yoast_head":"<!-- This site is optimized with the Yoast SEO plugin v24.7 - https:\/\/yoast.com\/wordpress\/plugins\/seo\/ -->\n<title>Allerta meteo codice Giallo per l&#039;8 luglio 2021 - Comune di Santa Croce sull&#039;Arno<\/title>\n<meta name=\"robots\" content=\"index, follow, max-snippet:-1, max-image-preview:large, max-video-preview:-1\" \/>\n<link rel=\"canonical\" href=\"https:\/\/comune.santacroce.pi.it\/oldsite\/allerta-meteo-codice-giallo-per-l8-luglio-2021\/\" \/>\n<meta property=\"og:locale\" content=\"it_IT\" \/>\n<meta property=\"og:type\" content=\"article\" \/>\n<meta property=\"og:title\" content=\"Allerta meteo codice Giallo per l&#039;8 luglio 2021 - Comune di Santa Croce sull&#039;Arno\" \/>\n<meta property=\"og:description\" content=\"Allerta meteo codice GIALLO-FASE DI VIGILANZA dalle ore 13.00 di gioved\u00ec 08\/07\/2021 alle ore 23.59 di gioved\u00ec 08\/07\/2021 (RISCHIO IDROGEOLOGICO IDRAULICO RETICOLO MINORE). Allerta meteo codice GIALLO-FASE DI VIGILANZA dalle [&hellip;]\" \/>\n<meta property=\"og:url\" content=\"https:\/\/comune.santacroce.pi.it\/oldsite\/allerta-meteo-codice-giallo-per-l8-luglio-2021\/\" \/>\n<meta property=\"og:site_name\" content=\"Comune di Santa Croce sull&#039;Arno\" \/>\n<meta property=\"article:published_time\" content=\"2021-07-08T09:51:58+00:00\" \/>\n<meta property=\"article:modified_time\" content=\"2021-07-08T13:06:12+00:00\" \/>\n<meta property=\"og:image\" content=\"https:\/\/comune.santacroce.pi.it\/oldsite\/wp-content\/uploads\/2021\/07\/Allerta-Meteo-Gialla.jpg\" \/>\n\t<meta property=\"og:image:width\" content=\"1199\" \/>\n\t<meta property=\"og:image:height\" content=\"800\" \/>\n\t<meta property=\"og:image:type\" content=\"image\/jpeg\" \/>\n<meta name=\"author\" content=\"gestore\" \/>\n<meta name=\"twitter:card\" content=\"summary_large_image\" \/>\n<meta name=\"twitter:label1\" content=\"Scritto da\" \/>\n\t<meta name=\"twitter:data1\" content=\"gestore\" \/>\n\t<meta name=\"twitter:label2\" content=\"Tempo di lettura stimato\" \/>\n\t<meta name=\"twitter:data2\" content=\"3 minuti\" \/>\n<script type=\"application\/ld+json\" class=\"yoast-schema-graph\">{\"@context\":\"https:\/\/schema.org\",\"@graph\":[{\"@type\":\"Article\",\"@id\":\"https:\/\/comune.santacroce.pi.it\/oldsite\/allerta-meteo-codice-giallo-per-l8-luglio-2021\/#article\",\"isPartOf\":{\"@id\":\"https:\/\/comune.santacroce.pi.it\/oldsite\/allerta-meteo-codice-giallo-per-l8-luglio-2021\/\"},\"author\":{\"name\":\"gestore\",\"@id\":\"https:\/\/comune.santacroce.pi.it\/oldsite\/#\/schema\/person\/5212fa237eb523c5c88b1f51cae14ae4\"},\"headline\":\"Allerta meteo codice Giallo per l&#8217;8 luglio 2021\",\"datePublished\":\"2021-07-08T09:51:58+00:00\",\"dateModified\":\"2021-07-08T13:06:12+00:00\",\"mainEntityOfPage\":{\"@id\":\"https:\/\/comune.santacroce.pi.it\/oldsite\/allerta-meteo-codice-giallo-per-l8-luglio-2021\/\"},\"wordCount\":660,\"publisher\":{\"@id\":\"https:\/\/comune.santacroce.pi.it\/oldsite\/#organization\"},\"image\":{\"@id\":\"https:\/\/comune.santacroce.pi.it\/oldsite\/allerta-meteo-codice-giallo-per-l8-luglio-2021\/#primaryimage\"},\"thumbnailUrl\":\"https:\/\/comune.santacroce.pi.it\/oldsite\/wp-content\/uploads\/2021\/07\/Allerta-Meteo-Gialla.jpg\",\"articleSection\":[\"Urgenze e Allerta\"],\"inLanguage\":\"it-IT\"},{\"@type\":\"WebPage\",\"@id\":\"https:\/\/comune.santacroce.pi.it\/oldsite\/allerta-meteo-codice-giallo-per-l8-luglio-2021\/\",\"url\":\"https:\/\/comune.santacroce.pi.it\/oldsite\/allerta-meteo-codice-giallo-per-l8-luglio-2021\/\",\"name\":\"Allerta meteo codice Giallo per l'8 luglio 2021 - Comune di Santa Croce sull&#039;Arno\",\"isPartOf\":{\"@id\":\"https:\/\/comune.santacroce.pi.it\/oldsite\/#website\"},\"primaryImageOfPage\":{\"@id\":\"https:\/\/comune.santacroce.pi.it\/oldsite\/allerta-meteo-codice-giallo-per-l8-luglio-2021\/#primaryimage\"},\"image\":{\"@id\":\"https:\/\/comune.santacroce.pi.it\/oldsite\/allerta-meteo-codice-giallo-per-l8-luglio-2021\/#primaryimage\"},\"thumbnailUrl\":\"https:\/\/comune.santacroce.pi.it\/oldsite\/wp-content\/uploads\/2021\/07\/Allerta-Meteo-Gialla.jpg\",\"datePublished\":\"2021-07-08T09:51:58+00:00\",\"dateModified\":\"2021-07-08T13:06:12+00:00\",\"breadcrumb\":{\"@id\":\"https:\/\/comune.santacroce.pi.it\/oldsite\/allerta-meteo-codice-giallo-per-l8-luglio-2021\/#breadcrumb\"},\"inLanguage\":\"it-IT\",\"potentialAction\":[{\"@type\":\"ReadAction\",\"target\":[\"https:\/\/comune.santacroce.pi.it\/oldsite\/allerta-meteo-codice-giallo-per-l8-luglio-2021\/\"]}]},{\"@type\":\"ImageObject\",\"inLanguage\":\"it-IT\",\"@id\":\"https:\/\/comune.santacroce.pi.it\/oldsite\/allerta-meteo-codice-giallo-per-l8-luglio-2021\/#primaryimage\",\"url\":\"https:\/\/comune.santacroce.pi.it\/oldsite\/wp-content\/uploads\/2021\/07\/Allerta-Meteo-Gialla.jpg\",\"contentUrl\":\"https:\/\/comune.santacroce.pi.it\/oldsite\/wp-content\/uploads\/2021\/07\/Allerta-Meteo-Gialla.jpg\",\"width\":1199,\"height\":800},{\"@type\":\"BreadcrumbList\",\"@id\":\"https:\/\/comune.santacroce.pi.it\/oldsite\/allerta-meteo-codice-giallo-per-l8-luglio-2021\/#breadcrumb\",\"itemListElement\":[{\"@type\":\"ListItem\",\"position\":1,\"name\":\"Home\",\"item\":\"https:\/\/comune.santacroce.pi.it\/oldsite\/\"},{\"@type\":\"ListItem\",\"position\":2,\"name\":\"Allerta meteo codice Giallo per l&#8217;8 luglio 2021\"}]},{\"@type\":\"WebSite\",\"@id\":\"https:\/\/comune.santacroce.pi.it\/oldsite\/#website\",\"url\":\"https:\/\/comune.santacroce.pi.it\/oldsite\/\",\"name\":\"Comune di Santa Croce sull&#039;Arno\",\"description\":\"Provincia di Pisa\",\"publisher\":{\"@id\":\"https:\/\/comune.santacroce.pi.it\/oldsite\/#organization\"},\"potentialAction\":[{\"@type\":\"SearchAction\",\"target\":{\"@type\":\"EntryPoint\",\"urlTemplate\":\"https:\/\/comune.santacroce.pi.it\/oldsite\/?s={search_term_string}\"},\"query-input\":{\"@type\":\"PropertyValueSpecification\",\"valueRequired\":true,\"valueName\":\"search_term_string\"}}],\"inLanguage\":\"it-IT\"},{\"@type\":\"Organization\",\"@id\":\"https:\/\/comune.santacroce.pi.it\/oldsite\/#organization\",\"name\":\"Comune di Santa Croce sull'Arno\",\"url\":\"https:\/\/comune.santacroce.pi.it\/oldsite\/\",\"logo\":{\"@type\":\"ImageObject\",\"inLanguage\":\"it-IT\",\"@id\":\"https:\/\/comune.santacroce.pi.it\/oldsite\/#\/schema\/logo\/image\/\",\"url\":\"https:\/\/comune.santacroce.pi.it\/oldsite\/wp-content\/uploads\/2021\/02\/cropped-Stemma-Santa-Croce-dellArno_500-1.png\",\"contentUrl\":\"https:\/\/comune.santacroce.pi.it\/oldsite\/wp-content\/uploads\/2021\/02\/cropped-Stemma-Santa-Croce-dellArno_500-1.png\",\"width\":500,\"height\":500,\"caption\":\"Comune di Santa Croce sull'Arno\"},\"image\":{\"@id\":\"https:\/\/comune.santacroce.pi.it\/oldsite\/#\/schema\/logo\/image\/\"}},{\"@type\":\"Person\",\"@id\":\"https:\/\/comune.santacroce.pi.it\/oldsite\/#\/schema\/person\/5212fa237eb523c5c88b1f51cae14ae4\",\"name\":\"gestore\",\"image\":{\"@type\":\"ImageObject\",\"inLanguage\":\"it-IT\",\"@id\":\"https:\/\/comune.santacroce.pi.it\/oldsite\/#\/schema\/person\/image\/\",\"url\":\"https:\/\/secure.gravatar.com\/avatar\/0759b03a30f73df39010a5fcb1380615?s=96&d=mm&r=g\",\"contentUrl\":\"https:\/\/secure.gravatar.com\/avatar\/0759b03a30f73df39010a5fcb1380615?s=96&d=mm&r=g\",\"caption\":\"gestore\"},\"url\":\"https:\/\/comune.santacroce.pi.it\/oldsite\/author\/gestore\/\"}]}<\/script>\n<!-- \/ Yoast SEO plugin. -->","yoast_head_json":{"title":"Allerta meteo codice Giallo per l'8 luglio 2021 - Comune di Santa Croce sull&#039;Arno","robots":{"index":"index","follow":"follow","max-snippet":"max-snippet:-1","max-image-preview":"max-image-preview:large","max-video-preview":"max-video-preview:-1"},"canonical":"https:\/\/comune.santacroce.pi.it\/oldsite\/allerta-meteo-codice-giallo-per-l8-luglio-2021\/","og_locale":"it_IT","og_type":"article","og_title":"Allerta meteo codice Giallo per l'8 luglio 2021 - Comune di Santa Croce sull&#039;Arno","og_description":"Allerta meteo codice GIALLO-FASE DI VIGILANZA dalle ore 13.00 di gioved\u00ec 08\/07\/2021 alle ore 23.59 di gioved\u00ec 08\/07\/2021 (RISCHIO IDROGEOLOGICO IDRAULICO RETICOLO MINORE). Allerta meteo codice GIALLO-FASE DI VIGILANZA dalle [&hellip;]","og_url":"https:\/\/comune.santacroce.pi.it\/oldsite\/allerta-meteo-codice-giallo-per-l8-luglio-2021\/","og_site_name":"Comune di Santa Croce sull&#039;Arno","article_published_time":"2021-07-08T09:51:58+00:00","article_modified_time":"2021-07-08T13:06:12+00:00","og_image":[{"width":1199,"height":800,"url":"https:\/\/comune.santacroce.pi.it\/oldsite\/wp-content\/uploads\/2021\/07\/Allerta-Meteo-Gialla.jpg","type":"image\/jpeg"}],"author":"gestore","twitter_card":"summary_large_image","twitter_misc":{"Scritto da":"gestore","Tempo di lettura stimato":"3 minuti"},"schema":{"@context":"https:\/\/schema.org","@graph":[{"@type":"Article","@id":"https:\/\/comune.santacroce.pi.it\/oldsite\/allerta-meteo-codice-giallo-per-l8-luglio-2021\/#article","isPartOf":{"@id":"https:\/\/comune.santacroce.pi.it\/oldsite\/allerta-meteo-codice-giallo-per-l8-luglio-2021\/"},"author":{"name":"gestore","@id":"https:\/\/comune.santacroce.pi.it\/oldsite\/#\/schema\/person\/5212fa237eb523c5c88b1f51cae14ae4"},"headline":"Allerta meteo codice Giallo per l&#8217;8 luglio 2021","datePublished":"2021-07-08T09:51:58+00:00","dateModified":"2021-07-08T13:06:12+00:00","mainEntityOfPage":{"@id":"https:\/\/comune.santacroce.pi.it\/oldsite\/allerta-meteo-codice-giallo-per-l8-luglio-2021\/"},"wordCount":660,"publisher":{"@id":"https:\/\/comune.santacroce.pi.it\/oldsite\/#organization"},"image":{"@id":"https:\/\/comune.santacroce.pi.it\/oldsite\/allerta-meteo-codice-giallo-per-l8-luglio-2021\/#primaryimage"},"thumbnailUrl":"https:\/\/comune.santacroce.pi.it\/oldsite\/wp-content\/uploads\/2021\/07\/Allerta-Meteo-Gialla.jpg","articleSection":["Urgenze e Allerta"],"inLanguage":"it-IT"},{"@type":"WebPage","@id":"https:\/\/comune.santacroce.pi.it\/oldsite\/allerta-meteo-codice-giallo-per-l8-luglio-2021\/","url":"https:\/\/comune.santacroce.pi.it\/oldsite\/allerta-meteo-codice-giallo-per-l8-luglio-2021\/","name":"Allerta meteo codice Giallo per l'8 luglio 2021 - Comune di Santa Croce sull&#039;Arno","isPartOf":{"@id":"https:\/\/comune.santacroce.pi.it\/oldsite\/#website"},"primaryImageOfPage":{"@id":"https:\/\/comune.santacroce.pi.it\/oldsite\/allerta-meteo-codice-giallo-per-l8-luglio-2021\/#primaryimage"},"image":{"@id":"https:\/\/comune.santacroce.pi.it\/oldsite\/allerta-meteo-codice-giallo-per-l8-luglio-2021\/#primaryimage"},"thumbnailUrl":"https:\/\/comune.santacroce.pi.it\/oldsite\/wp-content\/uploads\/2021\/07\/Allerta-Meteo-Gialla.jpg","datePublished":"2021-07-08T09:51:58+00:00","dateModified":"2021-07-08T13:06:12+00:00","breadcrumb":{"@id":"https:\/\/comune.santacroce.pi.it\/oldsite\/allerta-meteo-codice-giallo-per-l8-luglio-2021\/#breadcrumb"},"inLanguage":"it-IT","potentialAction":[{"@type":"ReadAction","target":["https:\/\/comune.santacroce.pi.it\/oldsite\/allerta-meteo-codice-giallo-per-l8-luglio-2021\/"]}]},{"@type":"ImageObject","inLanguage":"it-IT","@id":"https:\/\/comune.santacroce.pi.it\/oldsite\/allerta-meteo-codice-giallo-per-l8-luglio-2021\/#primaryimage","url":"https:\/\/comune.santacroce.pi.it\/oldsite\/wp-content\/uploads\/2021\/07\/Allerta-Meteo-Gialla.jpg","contentUrl":"https:\/\/comune.santacroce.pi.it\/oldsite\/wp-content\/uploads\/2021\/07\/Allerta-Meteo-Gialla.jpg","width":1199,"height":800},{"@type":"BreadcrumbList","@id":"https:\/\/comune.santacroce.pi.it\/oldsite\/allerta-meteo-codice-giallo-per-l8-luglio-2021\/#breadcrumb","itemListElement":[{"@type":"ListItem","position":1,"name":"Home","item":"https:\/\/comune.santacroce.pi.it\/oldsite\/"},{"@type":"ListItem","position":2,"name":"Allerta meteo codice Giallo per l&#8217;8 luglio 2021"}]},{"@type":"WebSite","@id":"https:\/\/comune.santacroce.pi.it\/oldsite\/#website","url":"https:\/\/comune.santacroce.pi.it\/oldsite\/","name":"Comune di Santa Croce sull&#039;Arno","description":"Provincia di Pisa","publisher":{"@id":"https:\/\/comune.santacroce.pi.it\/oldsite\/#organization"},"potentialAction":[{"@type":"SearchAction","target":{"@type":"EntryPoint","urlTemplate":"https:\/\/comune.santacroce.pi.it\/oldsite\/?s={search_term_string}"},"query-input":{"@type":"PropertyValueSpecification","valueRequired":true,"valueName":"search_term_string"}}],"inLanguage":"it-IT"},{"@type":"Organization","@id":"https:\/\/comune.santacroce.pi.it\/oldsite\/#organization","name":"Comune di Santa Croce sull'Arno","url":"https:\/\/comune.santacroce.pi.it\/oldsite\/","logo":{"@type":"ImageObject","inLanguage":"it-IT","@id":"https:\/\/comune.santacroce.pi.it\/oldsite\/#\/schema\/logo\/image\/","url":"https:\/\/comune.santacroce.pi.it\/oldsite\/wp-content\/uploads\/2021\/02\/cropped-Stemma-Santa-Croce-dellArno_500-1.png","contentUrl":"https:\/\/comune.santacroce.pi.it\/oldsite\/wp-content\/uploads\/2021\/02\/cropped-Stemma-Santa-Croce-dellArno_500-1.png","width":500,"height":500,"caption":"Comune di Santa Croce sull'Arno"},"image":{"@id":"https:\/\/comune.santacroce.pi.it\/oldsite\/#\/schema\/logo\/image\/"}},{"@type":"Person","@id":"https:\/\/comune.santacroce.pi.it\/oldsite\/#\/schema\/person\/5212fa237eb523c5c88b1f51cae14ae4","name":"gestore","image":{"@type":"ImageObject","inLanguage":"it-IT","@id":"https:\/\/comune.santacroce.pi.it\/oldsite\/#\/schema\/person\/image\/","url":"https:\/\/secure.gravatar.com\/avatar\/0759b03a30f73df39010a5fcb1380615?s=96&d=mm&r=g","contentUrl":"https:\/\/secure.gravatar.com\/avatar\/0759b03a30f73df39010a5fcb1380615?s=96&d=mm&r=g","caption":"gestore"},"url":"https:\/\/comune.santacroce.pi.it\/oldsite\/author\/gestore\/"}]}},"jetpack_featured_media_url":"https:\/\/comune.santacroce.pi.it\/oldsite\/wp-content\/uploads\/2021\/07\/Allerta-Meteo-Gialla.jpg","meta_box":{"comunicacity_sync":"","cc4_urg_colore":"","cc4_urg_data_inizio":"","cc4_urg_data_fine":"","cc4_cor_positivi_oggi":"","cc4_cor_negativizzati_oggi":"","cc4_cor_deceduti_oggi":"","cc4_cor_positivi_totali":"","cc4_cor_negativizzati_totali":"","cc4_cor_deceduti_totali":"","cc4_cor_attualmente_positivi":"","cc4_eve_data_inizio":"","cc4_eve_data_fine":"","cc4_eve_indirizzo":"","cc4_eve_posizione":{"latitude":"","longitude":"","zoom":""},"cc4_eve_telefono":"","cc4_eve_email":"","cc4_eve_web":"","cc4_eve_fb":""},"_links":{"self":[{"href":"https:\/\/comune.santacroce.pi.it\/oldsite\/wp-json\/wp\/v2\/posts\/18484","targetHints":{"allow":["GET"]}}],"collection":[{"href":"https:\/\/comune.santacroce.pi.it\/oldsite\/wp-json\/wp\/v2\/posts"}],"about":[{"href":"https:\/\/comune.santacroce.pi.it\/oldsite\/wp-json\/wp\/v2\/types\/post"}],"author":[{"embeddable":true,"href":"https:\/\/comune.santacroce.pi.it\/oldsite\/wp-json\/wp\/v2\/users\/10"}],"replies":[{"embeddable":true,"href":"https:\/\/comune.santacroce.pi.it\/oldsite\/wp-json\/wp\/v2\/comments?post=18484"}],"version-history":[{"count":0,"href":"https:\/\/comune.santacroce.pi.it\/oldsite\/wp-json\/wp\/v2\/posts\/18484\/revisions"}],"wp:featuredmedia":[{"embeddable":true,"href":"https:\/\/comune.santacroce.pi.it\/oldsite\/wp-json\/wp\/v2\/media\/18485"}],"wp:attachment":[{"href":"https:\/\/comune.santacroce.pi.it\/oldsite\/wp-json\/wp\/v2\/media?parent=18484"}],"wp:term":[{"taxonomy":"category","embeddable":true,"href":"https:\/\/comune.santacroce.pi.it\/oldsite\/wp-json\/wp\/v2\/categories?post=18484"},{"taxonomy":"post_tag","embeddable":true,"href":"https:\/\/comune.santacroce.pi.it\/oldsite\/wp-json\/wp\/v2\/tags?post=18484"}],"curies":[{"name":"wp","href":"https:\/\/api.w.org\/{rel}","templated":true}]}}