{"id":18430,"date":"2021-06-18T15:26:44","date_gmt":"2021-06-18T13:26:44","guid":{"rendered":"https:\/\/comune.santacroce.pi.it\/oldsite\/?p=18430"},"modified":"2021-06-23T15:29:35","modified_gmt":"2021-06-23T13:29:35","slug":"dante-e-il-trecento-tra-valdarno-e-valdelsa","status":"publish","type":"post","link":"https:\/\/comune.santacroce.pi.it\/oldsite\/dante-e-il-trecento-tra-valdarno-e-valdelsa\/","title":{"rendered":"Dante e il Trecento tra Valdarno e Valdelsa"},"content":{"rendered":"<p>In cammino attraverso il Valdarno e la Valdelsa, alla scoperta dei luoghi e dei personaggi legati a Dante Alighieri. E&#8217; il progetto <strong><em>Dante e il Trecento tra Valdarno e Valdelsa<\/em><\/strong>, promosso dalla comunit\u00e0 toscana <em>Il Pellegrino<\/em> di Firenze in collaborazione con l&#8217;associazione culturale<em> Elicriso<\/em> di Empoli e con il contributo dell&#8217;<em>Aggregazione Francigena Centro Sud<\/em>, di cui Fucecchio \u00e8 comune capofila. Un progetto che, per tre fine settimana, organizzer\u00e0 camminate ed escursioni sulle tracce dei luoghi legati al Sommo Poeta nel cuore della Toscana, per poi ripartire con la seconda parte del progetto che terminer\u00e0 a Radicofani.<\/p>\n<p><strong>Sabato 19 giugno e domenica 20 le prime due escursioni avranno come protagonista proprio Fucecchio<\/strong>.<strong> Sabato 19 la tappa partir\u00e0 da Galleno per arrivare a Fucecchio, mentre domenica 20 proseguir\u00e0 da Fucecchio a San Miniato<\/strong>. Il percorso unir\u00e0 le passeggiate immersi nella natura con momenti legati alla cultura. Ogni tappa, infatti, sar\u00e0 accompagnata da guide esperte ma anche da attori e gruppi storici che renderanno ancor pi\u00f9 piacevole la camminiata grazie ad interventi sulla storia del territorio ed alla recitazione di passi della Divina Commedia e di altre opere legate a Dante Alighieri. In particolare, nella prima tappa da Galleno a Fucecchio, ci saranno due momenti culturali: il primo al mattino, a Galleno, quando la &#8220;selva oscura&#8221; dantesca rivivr\u00e0 nei boschi delle Cerbaie, e con essa il primo canto della Divina Commedia, il secondo al pomeriggio, all&#8217;arrivo a Fucecchio, quando il professor Alberto Malvolti racconter\u00e0 aspetti legati alla storia fucecchiese.<\/p>\n<h4>Prossime tappe<\/h4>\n<ul>\n<li><strong>sabato 26 e domenica 27 giugno<\/strong>: da Santo Stefano a San Vivaldo (sabato 26) e da Gambassi a Castelfiorentino (domenica 27)<\/li>\n<li><strong>sabato 3 e domenica 4 luglio<\/strong>: da Castelfiorentino a Certaldo (sabato 3) e da Gambassi a San Gimignano (domenica 4)<\/li>\n<\/ul>\n<h4>Informazioni<\/h4>\n<p>La partecipazione \u00e8 libera con prenotazione obbligatoria in quanto i gruppi non potranno superare le 25 persone. Per prenotarsi e ricevere tutte le informazioni dettagliate \u00e8 possibile contattare i referenti Giovanni Corrieri (339 1327906, giov.corrieri@gmail.com) e Andrea Giuntini (340 2852811, andreagiuntini@gmail.com).<\/p>\n<p><img loading=\"lazy\" decoding=\"async\" class=\"size-full wp-image-18431 aligncenter\" src=\"https:\/\/comune.santacroce.pi.it\/oldsite\/wp-content\/uploads\/2021\/06\/Dante-e-il-Trecento-tra-Valdarno-e-Valdelsa.jpg\" alt=\"\" width=\"1131\" height=\"1600\" srcset=\"https:\/\/comune.santacroce.pi.it\/oldsite\/wp-content\/uploads\/2021\/06\/Dante-e-il-Trecento-tra-Valdarno-e-Valdelsa.jpg 1131w, https:\/\/comune.santacroce.pi.it\/oldsite\/wp-content\/uploads\/2021\/06\/Dante-e-il-Trecento-tra-Valdarno-e-Valdelsa-212x300.jpg 212w, https:\/\/comune.santacroce.pi.it\/oldsite\/wp-content\/uploads\/2021\/06\/Dante-e-il-Trecento-tra-Valdarno-e-Valdelsa-724x1024.jpg 724w, https:\/\/comune.santacroce.pi.it\/oldsite\/wp-content\/uploads\/2021\/06\/Dante-e-il-Trecento-tra-Valdarno-e-Valdelsa-768x1086.jpg 768w, https:\/\/comune.santacroce.pi.it\/oldsite\/wp-content\/uploads\/2021\/06\/Dante-e-il-Trecento-tra-Valdarno-e-Valdelsa-1086x1536.jpg 1086w\" sizes=\"auto, (max-width: 1131px) 100vw, 1131px\" \/><\/p>\n<p>&nbsp;<\/p>\n\n\t\t\t\n\n\t\t\t\n\t\t\t\n\t\t\t\t\t\t\n\t\t\t\n\n\t\t\t\n\n","protected":false},"excerpt":{"rendered":"<p>In cammino attraverso il Valdarno e la Valdelsa, alla scoperta dei luoghi e dei personaggi legati a Dante Alighieri. E&#8217; il progetto Dante e il Trecento tra Valdarno e Valdelsa, [&hellip;]<\/p>\n","protected":false},"author":10,"featured_media":18431,"comment_status":"closed","ping_status":"closed","sticky":false,"template":"","format":"standard","meta":{"footnotes":""},"categories":[155],"tags":[],"class_list":["post-18430","post","type-post","status-publish","format-standard","has-post-thumbnail","hentry","category-eventi"],"yoast_head":"<!-- This site is optimized with the Yoast SEO plugin v24.7 - https:\/\/yoast.com\/wordpress\/plugins\/seo\/ -->\n<title>Dante e il Trecento tra Valdarno e Valdelsa - Comune di Santa Croce sull&#039;Arno<\/title>\n<meta name=\"robots\" content=\"index, follow, max-snippet:-1, max-image-preview:large, max-video-preview:-1\" \/>\n<link rel=\"canonical\" href=\"https:\/\/comune.santacroce.pi.it\/oldsite\/dante-e-il-trecento-tra-valdarno-e-valdelsa\/\" \/>\n<meta property=\"og:locale\" content=\"it_IT\" \/>\n<meta property=\"og:type\" content=\"article\" \/>\n<meta property=\"og:title\" content=\"Dante e il Trecento tra Valdarno e Valdelsa - Comune di Santa Croce sull&#039;Arno\" \/>\n<meta property=\"og:description\" content=\"In cammino attraverso il Valdarno e la Valdelsa, alla scoperta dei luoghi e dei personaggi legati a Dante Alighieri. E&#8217; il progetto Dante e il Trecento tra Valdarno e Valdelsa, [&hellip;]\" \/>\n<meta property=\"og:url\" content=\"https:\/\/comune.santacroce.pi.it\/oldsite\/dante-e-il-trecento-tra-valdarno-e-valdelsa\/\" \/>\n<meta property=\"og:site_name\" content=\"Comune di Santa Croce sull&#039;Arno\" \/>\n<meta property=\"article:published_time\" content=\"2021-06-18T13:26:44+00:00\" \/>\n<meta property=\"article:modified_time\" content=\"2021-06-23T13:29:35+00:00\" \/>\n<meta property=\"og:image\" content=\"https:\/\/comune.santacroce.pi.it\/oldsite\/wp-content\/uploads\/2021\/06\/Dante-e-il-Trecento-tra-Valdarno-e-Valdelsa.jpg\" \/>\n\t<meta property=\"og:image:width\" content=\"1131\" \/>\n\t<meta property=\"og:image:height\" content=\"1600\" \/>\n\t<meta property=\"og:image:type\" content=\"image\/jpeg\" \/>\n<meta name=\"author\" content=\"gestore\" \/>\n<meta name=\"twitter:card\" content=\"summary_large_image\" \/>\n<meta name=\"twitter:label1\" content=\"Scritto da\" \/>\n\t<meta name=\"twitter:data1\" content=\"gestore\" \/>\n\t<meta name=\"twitter:label2\" content=\"Tempo di lettura stimato\" \/>\n\t<meta name=\"twitter:data2\" content=\"2 minuti\" \/>\n<script type=\"application\/ld+json\" class=\"yoast-schema-graph\">{\"@context\":\"https:\/\/schema.org\",\"@graph\":[{\"@type\":\"Article\",\"@id\":\"https:\/\/comune.santacroce.pi.it\/oldsite\/dante-e-il-trecento-tra-valdarno-e-valdelsa\/#article\",\"isPartOf\":{\"@id\":\"https:\/\/comune.santacroce.pi.it\/oldsite\/dante-e-il-trecento-tra-valdarno-e-valdelsa\/\"},\"author\":{\"name\":\"gestore\",\"@id\":\"https:\/\/comune.santacroce.pi.it\/oldsite\/#\/schema\/person\/5212fa237eb523c5c88b1f51cae14ae4\"},\"headline\":\"Dante e il Trecento tra Valdarno e Valdelsa\",\"datePublished\":\"2021-06-18T13:26:44+00:00\",\"dateModified\":\"2021-06-23T13:29:35+00:00\",\"mainEntityOfPage\":{\"@id\":\"https:\/\/comune.santacroce.pi.it\/oldsite\/dante-e-il-trecento-tra-valdarno-e-valdelsa\/\"},\"wordCount\":328,\"publisher\":{\"@id\":\"https:\/\/comune.santacroce.pi.it\/oldsite\/#organization\"},\"image\":{\"@id\":\"https:\/\/comune.santacroce.pi.it\/oldsite\/dante-e-il-trecento-tra-valdarno-e-valdelsa\/#primaryimage\"},\"thumbnailUrl\":\"https:\/\/comune.santacroce.pi.it\/oldsite\/wp-content\/uploads\/2021\/06\/Dante-e-il-Trecento-tra-Valdarno-e-Valdelsa.jpg\",\"articleSection\":[\"Eventi\"],\"inLanguage\":\"it-IT\"},{\"@type\":\"WebPage\",\"@id\":\"https:\/\/comune.santacroce.pi.it\/oldsite\/dante-e-il-trecento-tra-valdarno-e-valdelsa\/\",\"url\":\"https:\/\/comune.santacroce.pi.it\/oldsite\/dante-e-il-trecento-tra-valdarno-e-valdelsa\/\",\"name\":\"Dante e il Trecento tra Valdarno e Valdelsa - Comune di Santa Croce sull&#039;Arno\",\"isPartOf\":{\"@id\":\"https:\/\/comune.santacroce.pi.it\/oldsite\/#website\"},\"primaryImageOfPage\":{\"@id\":\"https:\/\/comune.santacroce.pi.it\/oldsite\/dante-e-il-trecento-tra-valdarno-e-valdelsa\/#primaryimage\"},\"image\":{\"@id\":\"https:\/\/comune.santacroce.pi.it\/oldsite\/dante-e-il-trecento-tra-valdarno-e-valdelsa\/#primaryimage\"},\"thumbnailUrl\":\"https:\/\/comune.santacroce.pi.it\/oldsite\/wp-content\/uploads\/2021\/06\/Dante-e-il-Trecento-tra-Valdarno-e-Valdelsa.jpg\",\"datePublished\":\"2021-06-18T13:26:44+00:00\",\"dateModified\":\"2021-06-23T13:29:35+00:00\",\"breadcrumb\":{\"@id\":\"https:\/\/comune.santacroce.pi.it\/oldsite\/dante-e-il-trecento-tra-valdarno-e-valdelsa\/#breadcrumb\"},\"inLanguage\":\"it-IT\",\"potentialAction\":[{\"@type\":\"ReadAction\",\"target\":[\"https:\/\/comune.santacroce.pi.it\/oldsite\/dante-e-il-trecento-tra-valdarno-e-valdelsa\/\"]}]},{\"@type\":\"ImageObject\",\"inLanguage\":\"it-IT\",\"@id\":\"https:\/\/comune.santacroce.pi.it\/oldsite\/dante-e-il-trecento-tra-valdarno-e-valdelsa\/#primaryimage\",\"url\":\"https:\/\/comune.santacroce.pi.it\/oldsite\/wp-content\/uploads\/2021\/06\/Dante-e-il-Trecento-tra-Valdarno-e-Valdelsa.jpg\",\"contentUrl\":\"https:\/\/comune.santacroce.pi.it\/oldsite\/wp-content\/uploads\/2021\/06\/Dante-e-il-Trecento-tra-Valdarno-e-Valdelsa.jpg\",\"width\":1131,\"height\":1600},{\"@type\":\"BreadcrumbList\",\"@id\":\"https:\/\/comune.santacroce.pi.it\/oldsite\/dante-e-il-trecento-tra-valdarno-e-valdelsa\/#breadcrumb\",\"itemListElement\":[{\"@type\":\"ListItem\",\"position\":1,\"name\":\"Home\",\"item\":\"https:\/\/comune.santacroce.pi.it\/oldsite\/\"},{\"@type\":\"ListItem\",\"position\":2,\"name\":\"Dante e il Trecento tra Valdarno e Valdelsa\"}]},{\"@type\":\"WebSite\",\"@id\":\"https:\/\/comune.santacroce.pi.it\/oldsite\/#website\",\"url\":\"https:\/\/comune.santacroce.pi.it\/oldsite\/\",\"name\":\"Comune di Santa Croce sull&#039;Arno\",\"description\":\"Provincia di Pisa\",\"publisher\":{\"@id\":\"https:\/\/comune.santacroce.pi.it\/oldsite\/#organization\"},\"potentialAction\":[{\"@type\":\"SearchAction\",\"target\":{\"@type\":\"EntryPoint\",\"urlTemplate\":\"https:\/\/comune.santacroce.pi.it\/oldsite\/?s={search_term_string}\"},\"query-input\":{\"@type\":\"PropertyValueSpecification\",\"valueRequired\":true,\"valueName\":\"search_term_string\"}}],\"inLanguage\":\"it-IT\"},{\"@type\":\"Organization\",\"@id\":\"https:\/\/comune.santacroce.pi.it\/oldsite\/#organization\",\"name\":\"Comune di Santa Croce sull'Arno\",\"url\":\"https:\/\/comune.santacroce.pi.it\/oldsite\/\",\"logo\":{\"@type\":\"ImageObject\",\"inLanguage\":\"it-IT\",\"@id\":\"https:\/\/comune.santacroce.pi.it\/oldsite\/#\/schema\/logo\/image\/\",\"url\":\"https:\/\/comune.santacroce.pi.it\/oldsite\/wp-content\/uploads\/2021\/02\/cropped-Stemma-Santa-Croce-dellArno_500-1.png\",\"contentUrl\":\"https:\/\/comune.santacroce.pi.it\/oldsite\/wp-content\/uploads\/2021\/02\/cropped-Stemma-Santa-Croce-dellArno_500-1.png\",\"width\":500,\"height\":500,\"caption\":\"Comune di Santa Croce sull'Arno\"},\"image\":{\"@id\":\"https:\/\/comune.santacroce.pi.it\/oldsite\/#\/schema\/logo\/image\/\"}},{\"@type\":\"Person\",\"@id\":\"https:\/\/comune.santacroce.pi.it\/oldsite\/#\/schema\/person\/5212fa237eb523c5c88b1f51cae14ae4\",\"name\":\"gestore\",\"image\":{\"@type\":\"ImageObject\",\"inLanguage\":\"it-IT\",\"@id\":\"https:\/\/comune.santacroce.pi.it\/oldsite\/#\/schema\/person\/image\/\",\"url\":\"https:\/\/secure.gravatar.com\/avatar\/0759b03a30f73df39010a5fcb1380615?s=96&d=mm&r=g\",\"contentUrl\":\"https:\/\/secure.gravatar.com\/avatar\/0759b03a30f73df39010a5fcb1380615?s=96&d=mm&r=g\",\"caption\":\"gestore\"},\"url\":\"https:\/\/comune.santacroce.pi.it\/oldsite\/author\/gestore\/\"}]}<\/script>\n<!-- \/ Yoast SEO plugin. -->","yoast_head_json":{"title":"Dante e il Trecento tra Valdarno e Valdelsa - Comune di Santa Croce sull&#039;Arno","robots":{"index":"index","follow":"follow","max-snippet":"max-snippet:-1","max-image-preview":"max-image-preview:large","max-video-preview":"max-video-preview:-1"},"canonical":"https:\/\/comune.santacroce.pi.it\/oldsite\/dante-e-il-trecento-tra-valdarno-e-valdelsa\/","og_locale":"it_IT","og_type":"article","og_title":"Dante e il Trecento tra Valdarno e Valdelsa - Comune di Santa Croce sull&#039;Arno","og_description":"In cammino attraverso il Valdarno e la Valdelsa, alla scoperta dei luoghi e dei personaggi legati a Dante Alighieri. E&#8217; il progetto Dante e il Trecento tra Valdarno e Valdelsa, [&hellip;]","og_url":"https:\/\/comune.santacroce.pi.it\/oldsite\/dante-e-il-trecento-tra-valdarno-e-valdelsa\/","og_site_name":"Comune di Santa Croce sull&#039;Arno","article_published_time":"2021-06-18T13:26:44+00:00","article_modified_time":"2021-06-23T13:29:35+00:00","og_image":[{"width":1131,"height":1600,"url":"https:\/\/comune.santacroce.pi.it\/oldsite\/wp-content\/uploads\/2021\/06\/Dante-e-il-Trecento-tra-Valdarno-e-Valdelsa.jpg","type":"image\/jpeg"}],"author":"gestore","twitter_card":"summary_large_image","twitter_misc":{"Scritto da":"gestore","Tempo di lettura stimato":"2 minuti"},"schema":{"@context":"https:\/\/schema.org","@graph":[{"@type":"Article","@id":"https:\/\/comune.santacroce.pi.it\/oldsite\/dante-e-il-trecento-tra-valdarno-e-valdelsa\/#article","isPartOf":{"@id":"https:\/\/comune.santacroce.pi.it\/oldsite\/dante-e-il-trecento-tra-valdarno-e-valdelsa\/"},"author":{"name":"gestore","@id":"https:\/\/comune.santacroce.pi.it\/oldsite\/#\/schema\/person\/5212fa237eb523c5c88b1f51cae14ae4"},"headline":"Dante e il Trecento tra Valdarno e Valdelsa","datePublished":"2021-06-18T13:26:44+00:00","dateModified":"2021-06-23T13:29:35+00:00","mainEntityOfPage":{"@id":"https:\/\/comune.santacroce.pi.it\/oldsite\/dante-e-il-trecento-tra-valdarno-e-valdelsa\/"},"wordCount":328,"publisher":{"@id":"https:\/\/comune.santacroce.pi.it\/oldsite\/#organization"},"image":{"@id":"https:\/\/comune.santacroce.pi.it\/oldsite\/dante-e-il-trecento-tra-valdarno-e-valdelsa\/#primaryimage"},"thumbnailUrl":"https:\/\/comune.santacroce.pi.it\/oldsite\/wp-content\/uploads\/2021\/06\/Dante-e-il-Trecento-tra-Valdarno-e-Valdelsa.jpg","articleSection":["Eventi"],"inLanguage":"it-IT"},{"@type":"WebPage","@id":"https:\/\/comune.santacroce.pi.it\/oldsite\/dante-e-il-trecento-tra-valdarno-e-valdelsa\/","url":"https:\/\/comune.santacroce.pi.it\/oldsite\/dante-e-il-trecento-tra-valdarno-e-valdelsa\/","name":"Dante e il Trecento tra Valdarno e Valdelsa - Comune di Santa Croce sull&#039;Arno","isPartOf":{"@id":"https:\/\/comune.santacroce.pi.it\/oldsite\/#website"},"primaryImageOfPage":{"@id":"https:\/\/comune.santacroce.pi.it\/oldsite\/dante-e-il-trecento-tra-valdarno-e-valdelsa\/#primaryimage"},"image":{"@id":"https:\/\/comune.santacroce.pi.it\/oldsite\/dante-e-il-trecento-tra-valdarno-e-valdelsa\/#primaryimage"},"thumbnailUrl":"https:\/\/comune.santacroce.pi.it\/oldsite\/wp-content\/uploads\/2021\/06\/Dante-e-il-Trecento-tra-Valdarno-e-Valdelsa.jpg","datePublished":"2021-06-18T13:26:44+00:00","dateModified":"2021-06-23T13:29:35+00:00","breadcrumb":{"@id":"https:\/\/comune.santacroce.pi.it\/oldsite\/dante-e-il-trecento-tra-valdarno-e-valdelsa\/#breadcrumb"},"inLanguage":"it-IT","potentialAction":[{"@type":"ReadAction","target":["https:\/\/comune.santacroce.pi.it\/oldsite\/dante-e-il-trecento-tra-valdarno-e-valdelsa\/"]}]},{"@type":"ImageObject","inLanguage":"it-IT","@id":"https:\/\/comune.santacroce.pi.it\/oldsite\/dante-e-il-trecento-tra-valdarno-e-valdelsa\/#primaryimage","url":"https:\/\/comune.santacroce.pi.it\/oldsite\/wp-content\/uploads\/2021\/06\/Dante-e-il-Trecento-tra-Valdarno-e-Valdelsa.jpg","contentUrl":"https:\/\/comune.santacroce.pi.it\/oldsite\/wp-content\/uploads\/2021\/06\/Dante-e-il-Trecento-tra-Valdarno-e-Valdelsa.jpg","width":1131,"height":1600},{"@type":"BreadcrumbList","@id":"https:\/\/comune.santacroce.pi.it\/oldsite\/dante-e-il-trecento-tra-valdarno-e-valdelsa\/#breadcrumb","itemListElement":[{"@type":"ListItem","position":1,"name":"Home","item":"https:\/\/comune.santacroce.pi.it\/oldsite\/"},{"@type":"ListItem","position":2,"name":"Dante e il Trecento tra Valdarno e Valdelsa"}]},{"@type":"WebSite","@id":"https:\/\/comune.santacroce.pi.it\/oldsite\/#website","url":"https:\/\/comune.santacroce.pi.it\/oldsite\/","name":"Comune di Santa Croce sull&#039;Arno","description":"Provincia di Pisa","publisher":{"@id":"https:\/\/comune.santacroce.pi.it\/oldsite\/#organization"},"potentialAction":[{"@type":"SearchAction","target":{"@type":"EntryPoint","urlTemplate":"https:\/\/comune.santacroce.pi.it\/oldsite\/?s={search_term_string}"},"query-input":{"@type":"PropertyValueSpecification","valueRequired":true,"valueName":"search_term_string"}}],"inLanguage":"it-IT"},{"@type":"Organization","@id":"https:\/\/comune.santacroce.pi.it\/oldsite\/#organization","name":"Comune di Santa Croce sull'Arno","url":"https:\/\/comune.santacroce.pi.it\/oldsite\/","logo":{"@type":"ImageObject","inLanguage":"it-IT","@id":"https:\/\/comune.santacroce.pi.it\/oldsite\/#\/schema\/logo\/image\/","url":"https:\/\/comune.santacroce.pi.it\/oldsite\/wp-content\/uploads\/2021\/02\/cropped-Stemma-Santa-Croce-dellArno_500-1.png","contentUrl":"https:\/\/comune.santacroce.pi.it\/oldsite\/wp-content\/uploads\/2021\/02\/cropped-Stemma-Santa-Croce-dellArno_500-1.png","width":500,"height":500,"caption":"Comune di Santa Croce sull'Arno"},"image":{"@id":"https:\/\/comune.santacroce.pi.it\/oldsite\/#\/schema\/logo\/image\/"}},{"@type":"Person","@id":"https:\/\/comune.santacroce.pi.it\/oldsite\/#\/schema\/person\/5212fa237eb523c5c88b1f51cae14ae4","name":"gestore","image":{"@type":"ImageObject","inLanguage":"it-IT","@id":"https:\/\/comune.santacroce.pi.it\/oldsite\/#\/schema\/person\/image\/","url":"https:\/\/secure.gravatar.com\/avatar\/0759b03a30f73df39010a5fcb1380615?s=96&d=mm&r=g","contentUrl":"https:\/\/secure.gravatar.com\/avatar\/0759b03a30f73df39010a5fcb1380615?s=96&d=mm&r=g","caption":"gestore"},"url":"https:\/\/comune.santacroce.pi.it\/oldsite\/author\/gestore\/"}]}},"jetpack_featured_media_url":"https:\/\/comune.santacroce.pi.it\/oldsite\/wp-content\/uploads\/2021\/06\/Dante-e-il-Trecento-tra-Valdarno-e-Valdelsa.jpg","meta_box":{"comunicacity_sync":"","cc4_urg_colore":"","cc4_urg_data_inizio":"","cc4_urg_data_fine":"","cc4_cor_positivi_oggi":"","cc4_cor_negativizzati_oggi":"","cc4_cor_deceduti_oggi":"","cc4_cor_positivi_totali":"","cc4_cor_negativizzati_totali":"","cc4_cor_deceduti_totali":"","cc4_cor_attualmente_positivi":"","cc4_eve_data_inizio":"","cc4_eve_data_fine":"","cc4_eve_indirizzo":"","cc4_eve_posizione":{"latitude":"","longitude":"","zoom":""},"cc4_eve_telefono":"","cc4_eve_email":"","cc4_eve_web":"","cc4_eve_fb":""},"_links":{"self":[{"href":"https:\/\/comune.santacroce.pi.it\/oldsite\/wp-json\/wp\/v2\/posts\/18430","targetHints":{"allow":["GET"]}}],"collection":[{"href":"https:\/\/comune.santacroce.pi.it\/oldsite\/wp-json\/wp\/v2\/posts"}],"about":[{"href":"https:\/\/comune.santacroce.pi.it\/oldsite\/wp-json\/wp\/v2\/types\/post"}],"author":[{"embeddable":true,"href":"https:\/\/comune.santacroce.pi.it\/oldsite\/wp-json\/wp\/v2\/users\/10"}],"replies":[{"embeddable":true,"href":"https:\/\/comune.santacroce.pi.it\/oldsite\/wp-json\/wp\/v2\/comments?post=18430"}],"version-history":[{"count":0,"href":"https:\/\/comune.santacroce.pi.it\/oldsite\/wp-json\/wp\/v2\/posts\/18430\/revisions"}],"wp:featuredmedia":[{"embeddable":true,"href":"https:\/\/comune.santacroce.pi.it\/oldsite\/wp-json\/wp\/v2\/media\/18431"}],"wp:attachment":[{"href":"https:\/\/comune.santacroce.pi.it\/oldsite\/wp-json\/wp\/v2\/media?parent=18430"}],"wp:term":[{"taxonomy":"category","embeddable":true,"href":"https:\/\/comune.santacroce.pi.it\/oldsite\/wp-json\/wp\/v2\/categories?post=18430"},{"taxonomy":"post_tag","embeddable":true,"href":"https:\/\/comune.santacroce.pi.it\/oldsite\/wp-json\/wp\/v2\/tags?post=18430"}],"curies":[{"name":"wp","href":"https:\/\/api.w.org\/{rel}","templated":true}]}}