{"id":18358,"date":"2021-05-14T11:09:49","date_gmt":"2021-05-14T09:09:49","guid":{"rendered":"https:\/\/comune.santacroce.pi.it\/oldsite\/?p=18358"},"modified":"2021-05-17T11:24:39","modified_gmt":"2021-05-17T09:24:39","slug":"centri-estivi-2021-apertura-bando-dal-19-al-27-maggio","status":"publish","type":"post","link":"https:\/\/comune.santacroce.pi.it\/oldsite\/centri-estivi-2021-apertura-bando-dal-19-al-27-maggio\/","title":{"rendered":"Centri estivi 2021 &#8211; Apertura bando dal 19 al 27 maggio"},"content":{"rendered":"<h3>INFORMATIVA CENTRI ESTIVI 2021<\/h3>\n<p><strong>ORGANIZZATI DAL COMUNE DI SANTA CROCE SULL\u2019ARNO<\/strong><\/p>\n<p>In base alle disposizioni dell\u2019allegato n. 8 del Decreto del Presidente del Consiglio dei Ministri 2 marzo 2021 finalizzate al contenimento del contagio da COVID-19 quest\u2019anno sono previste attivit\u00e0 estive per i bambini e i ragazzi di Santa Croce sull\u2019Arno.<\/p>\n<p>L\u2019offerta dell\u2019Amministrazione Comunale \u00e8 di 270 posti per bambini e ragazzi dai 3 ai 15 anni.<\/p>\n<h3>ORGANIZZAZIONE<\/h3>\n<p><strong>SEDI:<\/strong><\/p>\n<p>Le sedi dei Centri Estivi per i quali si effettua l\u2019iscrizione sono le seguenti:<\/p>\n<p><strong>GIUGNO<\/strong><\/p>\n<p>6-11 anni: Scuola Primaria Copernico<\/p>\n<p><strong>LUGLIO<\/strong><\/p>\n<p>3-6 anni: Scuola dell\u2019Infanzia Albero Azzurro<\/p>\n<p>6-11 anni: Scuola Primaria Copernico<\/p>\n<p>ragazzi 12 \u2013 15 anni: Centro Giovani + Parco Aldo Moro<\/p>\n<p><strong>SETTEMBRE:<\/strong><\/p>\n<p>3-6 anni: Villa Pacchiani<\/p>\n<p>6-11 anni: Ciaf Maric\u00f2<\/p>\n<p>Le sedi dei Centri Estivi NON possono essere scelte; saranno comunicate in base al numero di iscrizioni ricevute con l\u2019obiettivo di ripartire le presenze in maniera pi\u00f9 diffusa possibile in base a quanto stabilito dalla normativa vigente in merito alla diffusione del virus COVID-19.<\/p>\n<p>IMPORTANTE: gli orari di ingresso saranno scaglionati secondo quanto disposto dalla stessa normativa.<\/p>\n<p>GRUPPI:<\/p>\n<p>Saranno formati piccoli gruppi secondo la normativa vigente relativa al contenimento del contagio da virus COVID-19.<\/p>\n<p>Ogni gruppo avr\u00e0 un operatore\/operatrice di riferimento.<\/p>\n<p>Ad ogni gruppo sar\u00e0 assegnata una stanza di riferimento, e una porzione di area esterna -al fine di limitare al massimo situazioni di contatto prolungato e plurimo.<\/p>\n<p>Non sar\u00e0 effettuato il Servizio di trasporto per e dalle sedi dei Centri Estivi.<\/p>\n<p>Tutte le attivit\u00e0 educative si svolgeranno in sede<\/p>\n<p><strong>ISCRIZIONI:<\/strong><\/p>\n<p>Le iscrizioni saranno ricevute esclusivamente online con credenziali SPID dalle ore 10:00 di mercoled\u00ec 19\/05\/2021 fino alle ore 13:00 di gioved\u00ec 27\/05\/2021 collegandosi al sito www.comune.santacroce.pi.it cliccando su SERVIZI ON LINE-Ufficio Scuola.<\/p>\n<p>Per eventuali chiarimenti \u00e8 possibile chiamare i numeri 0571\/389975 oppure 0571\/389929 dal luned\u00ec ale venerd\u00ec dalle ore 9:00 alle ore 13:00 e il marted\u00ec e il gioved\u00ec anche dalle ore 15:00 alle ore 17:30.<\/p>\n<p>Copia del documento di identit\u00e0 delle persone eventualmente delegate per prendere il\/la figlio\/a alla sede del centro estivo dovr\u00e0 essere consegnato direttamente alle educatrici del Centro Estivo.<\/p>\n<p>I posti disponibili saranno assegnati in base ai criteri che riportiamo per presa visione in fondo a questa pagina all&#8217;interno del Bando. La graduatoria definitiva dei Centri Estivi 2021 sar\u00e0 suddivisa tra residenti e non residenti. I residenti avranno comunque la priorit\u00e0 rispetto ai non residenti.Le domande dei non residenti saranno accolte solo e soltanto a completamento delle sezioni attivate per i residenti. Non saranno attivate sezioni di soli non residenti.<\/p>\n<p>Una volta assegnato il posto e la sede non \u00e8 possibile chiedere spostamenti di nessun tipo.<\/p>\n<p>Per chi iscrive pi\u00f9 di un figlio \u00e8 prevista una riduzione complessiva del 20%<\/p>\n<p>Il sistema tariffario previsto \u00e8 commisurato alla dichiarzione ISEE in corso di validit\u00e0 del nucleo familiare (riferito al minorenne iscritto al centro estivo). Nella domanda on-line sar\u00e0 richiesto di dichiarare in base al D.P.R. 445\/2000 l\u2019importo ISEE riferito al bambino iscritto.<\/p>\n<p><strong>GRADUATORIA:<\/strong><\/p>\n<p>NON sar\u00e0 pubblicata alcuna graduatoria provvisoria e pertanto, la mancata o parziale compilazione della domanda, pu\u00f2 comportare l\u2019esclusione dalla graduatoria.<\/p>\n<p>La gradutaoria definitiva sar\u00e0 pubblicata sul sito www.comune.santacroce.pi.it nella pagina dedicata ai Centri Estivi 2021 a partire dal 31\/05\/2021.<\/p>\n<p>il Comune di Santa Croce sull&#8217;Arno NON inoltrer\u00e0 comunicazioni personali circa l\u2019eventuale esclusione o collocazione nella graduatoria relativa ai centri estivi 2021.<\/p>\n<p><strong>TARIFFE:<\/strong><\/p>\n<p>E&#8217; possibile prendere visione delle tariffe aprendo il BANDO allegato in fondo alla pagina.<\/p>\n","protected":false},"excerpt":{"rendered":"<p>INFORMATIVA CENTRI ESTIVI 2021 ORGANIZZATI DAL COMUNE DI SANTA CROCE SULL\u2019ARNO In base alle disposizioni dell\u2019allegato n. 8 del Decreto del Presidente del Consiglio dei Ministri 2 marzo 2021 finalizzate [&hellip;]<\/p>\n","protected":false},"author":10,"featured_media":18379,"comment_status":"closed","ping_status":"closed","sticky":false,"template":"","format":"standard","meta":{"footnotes":""},"categories":[153],"tags":[],"class_list":["post-18358","post","type-post","status-publish","format-standard","has-post-thumbnail","hentry","category-bandi-e-concorsi"],"yoast_head":"<!-- This site is optimized with the Yoast SEO plugin v24.7 - https:\/\/yoast.com\/wordpress\/plugins\/seo\/ -->\n<title>Centri estivi 2021 - Apertura bando dal 19 al 27 maggio - Comune di Santa Croce sull&#039;Arno<\/title>\n<meta name=\"robots\" content=\"index, follow, max-snippet:-1, max-image-preview:large, max-video-preview:-1\" \/>\n<link rel=\"canonical\" href=\"https:\/\/comune.santacroce.pi.it\/oldsite\/centri-estivi-2021-apertura-bando-dal-19-al-27-maggio\/\" \/>\n<meta property=\"og:locale\" content=\"it_IT\" \/>\n<meta property=\"og:type\" content=\"article\" \/>\n<meta property=\"og:title\" content=\"Centri estivi 2021 - Apertura bando dal 19 al 27 maggio - Comune di Santa Croce sull&#039;Arno\" \/>\n<meta property=\"og:description\" content=\"INFORMATIVA CENTRI ESTIVI 2021 ORGANIZZATI DAL COMUNE DI SANTA CROCE SULL\u2019ARNO In base alle disposizioni dell\u2019allegato n. 8 del Decreto del Presidente del Consiglio dei Ministri 2 marzo 2021 finalizzate [&hellip;]\" \/>\n<meta property=\"og:url\" content=\"https:\/\/comune.santacroce.pi.it\/oldsite\/centri-estivi-2021-apertura-bando-dal-19-al-27-maggio\/\" \/>\n<meta property=\"og:site_name\" content=\"Comune di Santa Croce sull&#039;Arno\" \/>\n<meta property=\"article:published_time\" content=\"2021-05-14T09:09:49+00:00\" \/>\n<meta property=\"article:modified_time\" content=\"2021-05-17T09:24:39+00:00\" \/>\n<meta property=\"og:image\" content=\"https:\/\/comune.santacroce.pi.it\/oldsite\/wp-content\/uploads\/2021\/05\/Estate.jpg\" \/>\n\t<meta property=\"og:image:width\" content=\"1199\" \/>\n\t<meta property=\"og:image:height\" content=\"800\" \/>\n\t<meta property=\"og:image:type\" content=\"image\/jpeg\" \/>\n<meta name=\"author\" content=\"gestore\" \/>\n<meta name=\"twitter:card\" content=\"summary_large_image\" \/>\n<meta name=\"twitter:label1\" content=\"Scritto da\" \/>\n\t<meta name=\"twitter:data1\" content=\"gestore\" \/>\n\t<meta name=\"twitter:label2\" content=\"Tempo di lettura stimato\" \/>\n\t<meta name=\"twitter:data2\" content=\"3 minuti\" \/>\n<script type=\"application\/ld+json\" class=\"yoast-schema-graph\">{\"@context\":\"https:\/\/schema.org\",\"@graph\":[{\"@type\":\"Article\",\"@id\":\"https:\/\/comune.santacroce.pi.it\/oldsite\/centri-estivi-2021-apertura-bando-dal-19-al-27-maggio\/#article\",\"isPartOf\":{\"@id\":\"https:\/\/comune.santacroce.pi.it\/oldsite\/centri-estivi-2021-apertura-bando-dal-19-al-27-maggio\/\"},\"author\":{\"name\":\"gestore\",\"@id\":\"https:\/\/comune.santacroce.pi.it\/oldsite\/#\/schema\/person\/5212fa237eb523c5c88b1f51cae14ae4\"},\"headline\":\"Centri estivi 2021 &#8211; Apertura bando dal 19 al 27 maggio\",\"datePublished\":\"2021-05-14T09:09:49+00:00\",\"dateModified\":\"2021-05-17T09:24:39+00:00\",\"mainEntityOfPage\":{\"@id\":\"https:\/\/comune.santacroce.pi.it\/oldsite\/centri-estivi-2021-apertura-bando-dal-19-al-27-maggio\/\"},\"wordCount\":568,\"publisher\":{\"@id\":\"https:\/\/comune.santacroce.pi.it\/oldsite\/#organization\"},\"image\":{\"@id\":\"https:\/\/comune.santacroce.pi.it\/oldsite\/centri-estivi-2021-apertura-bando-dal-19-al-27-maggio\/#primaryimage\"},\"thumbnailUrl\":\"https:\/\/comune.santacroce.pi.it\/oldsite\/wp-content\/uploads\/2021\/05\/Estate.jpg\",\"articleSection\":[\"Bandi e Concorsi\"],\"inLanguage\":\"it-IT\"},{\"@type\":\"WebPage\",\"@id\":\"https:\/\/comune.santacroce.pi.it\/oldsite\/centri-estivi-2021-apertura-bando-dal-19-al-27-maggio\/\",\"url\":\"https:\/\/comune.santacroce.pi.it\/oldsite\/centri-estivi-2021-apertura-bando-dal-19-al-27-maggio\/\",\"name\":\"Centri estivi 2021 - Apertura bando dal 19 al 27 maggio - Comune di Santa Croce sull&#039;Arno\",\"isPartOf\":{\"@id\":\"https:\/\/comune.santacroce.pi.it\/oldsite\/#website\"},\"primaryImageOfPage\":{\"@id\":\"https:\/\/comune.santacroce.pi.it\/oldsite\/centri-estivi-2021-apertura-bando-dal-19-al-27-maggio\/#primaryimage\"},\"image\":{\"@id\":\"https:\/\/comune.santacroce.pi.it\/oldsite\/centri-estivi-2021-apertura-bando-dal-19-al-27-maggio\/#primaryimage\"},\"thumbnailUrl\":\"https:\/\/comune.santacroce.pi.it\/oldsite\/wp-content\/uploads\/2021\/05\/Estate.jpg\",\"datePublished\":\"2021-05-14T09:09:49+00:00\",\"dateModified\":\"2021-05-17T09:24:39+00:00\",\"breadcrumb\":{\"@id\":\"https:\/\/comune.santacroce.pi.it\/oldsite\/centri-estivi-2021-apertura-bando-dal-19-al-27-maggio\/#breadcrumb\"},\"inLanguage\":\"it-IT\",\"potentialAction\":[{\"@type\":\"ReadAction\",\"target\":[\"https:\/\/comune.santacroce.pi.it\/oldsite\/centri-estivi-2021-apertura-bando-dal-19-al-27-maggio\/\"]}]},{\"@type\":\"ImageObject\",\"inLanguage\":\"it-IT\",\"@id\":\"https:\/\/comune.santacroce.pi.it\/oldsite\/centri-estivi-2021-apertura-bando-dal-19-al-27-maggio\/#primaryimage\",\"url\":\"https:\/\/comune.santacroce.pi.it\/oldsite\/wp-content\/uploads\/2021\/05\/Estate.jpg\",\"contentUrl\":\"https:\/\/comune.santacroce.pi.it\/oldsite\/wp-content\/uploads\/2021\/05\/Estate.jpg\",\"width\":1199,\"height\":800,\"caption\":\"Questa \u00e8 una didascalia lungaQuesta \u00e8 una didascalia lungaQuesta \u00e8 una didascalia lunga\"},{\"@type\":\"BreadcrumbList\",\"@id\":\"https:\/\/comune.santacroce.pi.it\/oldsite\/centri-estivi-2021-apertura-bando-dal-19-al-27-maggio\/#breadcrumb\",\"itemListElement\":[{\"@type\":\"ListItem\",\"position\":1,\"name\":\"Home\",\"item\":\"https:\/\/comune.santacroce.pi.it\/oldsite\/\"},{\"@type\":\"ListItem\",\"position\":2,\"name\":\"Centri estivi 2021 &#8211; Apertura bando dal 19 al 27 maggio\"}]},{\"@type\":\"WebSite\",\"@id\":\"https:\/\/comune.santacroce.pi.it\/oldsite\/#website\",\"url\":\"https:\/\/comune.santacroce.pi.it\/oldsite\/\",\"name\":\"Comune di Santa Croce sull&#039;Arno\",\"description\":\"Provincia di Pisa\",\"publisher\":{\"@id\":\"https:\/\/comune.santacroce.pi.it\/oldsite\/#organization\"},\"potentialAction\":[{\"@type\":\"SearchAction\",\"target\":{\"@type\":\"EntryPoint\",\"urlTemplate\":\"https:\/\/comune.santacroce.pi.it\/oldsite\/?s={search_term_string}\"},\"query-input\":{\"@type\":\"PropertyValueSpecification\",\"valueRequired\":true,\"valueName\":\"search_term_string\"}}],\"inLanguage\":\"it-IT\"},{\"@type\":\"Organization\",\"@id\":\"https:\/\/comune.santacroce.pi.it\/oldsite\/#organization\",\"name\":\"Comune di Santa Croce sull'Arno\",\"url\":\"https:\/\/comune.santacroce.pi.it\/oldsite\/\",\"logo\":{\"@type\":\"ImageObject\",\"inLanguage\":\"it-IT\",\"@id\":\"https:\/\/comune.santacroce.pi.it\/oldsite\/#\/schema\/logo\/image\/\",\"url\":\"https:\/\/comune.santacroce.pi.it\/oldsite\/wp-content\/uploads\/2021\/02\/cropped-Stemma-Santa-Croce-dellArno_500-1.png\",\"contentUrl\":\"https:\/\/comune.santacroce.pi.it\/oldsite\/wp-content\/uploads\/2021\/02\/cropped-Stemma-Santa-Croce-dellArno_500-1.png\",\"width\":500,\"height\":500,\"caption\":\"Comune di Santa Croce sull'Arno\"},\"image\":{\"@id\":\"https:\/\/comune.santacroce.pi.it\/oldsite\/#\/schema\/logo\/image\/\"}},{\"@type\":\"Person\",\"@id\":\"https:\/\/comune.santacroce.pi.it\/oldsite\/#\/schema\/person\/5212fa237eb523c5c88b1f51cae14ae4\",\"name\":\"gestore\",\"image\":{\"@type\":\"ImageObject\",\"inLanguage\":\"it-IT\",\"@id\":\"https:\/\/comune.santacroce.pi.it\/oldsite\/#\/schema\/person\/image\/\",\"url\":\"https:\/\/secure.gravatar.com\/avatar\/0759b03a30f73df39010a5fcb1380615?s=96&d=mm&r=g\",\"contentUrl\":\"https:\/\/secure.gravatar.com\/avatar\/0759b03a30f73df39010a5fcb1380615?s=96&d=mm&r=g\",\"caption\":\"gestore\"},\"url\":\"https:\/\/comune.santacroce.pi.it\/oldsite\/author\/gestore\/\"}]}<\/script>\n<!-- \/ Yoast SEO plugin. -->","yoast_head_json":{"title":"Centri estivi 2021 - Apertura bando dal 19 al 27 maggio - Comune di Santa Croce sull&#039;Arno","robots":{"index":"index","follow":"follow","max-snippet":"max-snippet:-1","max-image-preview":"max-image-preview:large","max-video-preview":"max-video-preview:-1"},"canonical":"https:\/\/comune.santacroce.pi.it\/oldsite\/centri-estivi-2021-apertura-bando-dal-19-al-27-maggio\/","og_locale":"it_IT","og_type":"article","og_title":"Centri estivi 2021 - Apertura bando dal 19 al 27 maggio - Comune di Santa Croce sull&#039;Arno","og_description":"INFORMATIVA CENTRI ESTIVI 2021 ORGANIZZATI DAL COMUNE DI SANTA CROCE SULL\u2019ARNO In base alle disposizioni dell\u2019allegato n. 8 del Decreto del Presidente del Consiglio dei Ministri 2 marzo 2021 finalizzate [&hellip;]","og_url":"https:\/\/comune.santacroce.pi.it\/oldsite\/centri-estivi-2021-apertura-bando-dal-19-al-27-maggio\/","og_site_name":"Comune di Santa Croce sull&#039;Arno","article_published_time":"2021-05-14T09:09:49+00:00","article_modified_time":"2021-05-17T09:24:39+00:00","og_image":[{"width":1199,"height":800,"url":"https:\/\/comune.santacroce.pi.it\/oldsite\/wp-content\/uploads\/2021\/05\/Estate.jpg","type":"image\/jpeg"}],"author":"gestore","twitter_card":"summary_large_image","twitter_misc":{"Scritto da":"gestore","Tempo di lettura stimato":"3 minuti"},"schema":{"@context":"https:\/\/schema.org","@graph":[{"@type":"Article","@id":"https:\/\/comune.santacroce.pi.it\/oldsite\/centri-estivi-2021-apertura-bando-dal-19-al-27-maggio\/#article","isPartOf":{"@id":"https:\/\/comune.santacroce.pi.it\/oldsite\/centri-estivi-2021-apertura-bando-dal-19-al-27-maggio\/"},"author":{"name":"gestore","@id":"https:\/\/comune.santacroce.pi.it\/oldsite\/#\/schema\/person\/5212fa237eb523c5c88b1f51cae14ae4"},"headline":"Centri estivi 2021 &#8211; Apertura bando dal 19 al 27 maggio","datePublished":"2021-05-14T09:09:49+00:00","dateModified":"2021-05-17T09:24:39+00:00","mainEntityOfPage":{"@id":"https:\/\/comune.santacroce.pi.it\/oldsite\/centri-estivi-2021-apertura-bando-dal-19-al-27-maggio\/"},"wordCount":568,"publisher":{"@id":"https:\/\/comune.santacroce.pi.it\/oldsite\/#organization"},"image":{"@id":"https:\/\/comune.santacroce.pi.it\/oldsite\/centri-estivi-2021-apertura-bando-dal-19-al-27-maggio\/#primaryimage"},"thumbnailUrl":"https:\/\/comune.santacroce.pi.it\/oldsite\/wp-content\/uploads\/2021\/05\/Estate.jpg","articleSection":["Bandi e Concorsi"],"inLanguage":"it-IT"},{"@type":"WebPage","@id":"https:\/\/comune.santacroce.pi.it\/oldsite\/centri-estivi-2021-apertura-bando-dal-19-al-27-maggio\/","url":"https:\/\/comune.santacroce.pi.it\/oldsite\/centri-estivi-2021-apertura-bando-dal-19-al-27-maggio\/","name":"Centri estivi 2021 - Apertura bando dal 19 al 27 maggio - Comune di Santa Croce sull&#039;Arno","isPartOf":{"@id":"https:\/\/comune.santacroce.pi.it\/oldsite\/#website"},"primaryImageOfPage":{"@id":"https:\/\/comune.santacroce.pi.it\/oldsite\/centri-estivi-2021-apertura-bando-dal-19-al-27-maggio\/#primaryimage"},"image":{"@id":"https:\/\/comune.santacroce.pi.it\/oldsite\/centri-estivi-2021-apertura-bando-dal-19-al-27-maggio\/#primaryimage"},"thumbnailUrl":"https:\/\/comune.santacroce.pi.it\/oldsite\/wp-content\/uploads\/2021\/05\/Estate.jpg","datePublished":"2021-05-14T09:09:49+00:00","dateModified":"2021-05-17T09:24:39+00:00","breadcrumb":{"@id":"https:\/\/comune.santacroce.pi.it\/oldsite\/centri-estivi-2021-apertura-bando-dal-19-al-27-maggio\/#breadcrumb"},"inLanguage":"it-IT","potentialAction":[{"@type":"ReadAction","target":["https:\/\/comune.santacroce.pi.it\/oldsite\/centri-estivi-2021-apertura-bando-dal-19-al-27-maggio\/"]}]},{"@type":"ImageObject","inLanguage":"it-IT","@id":"https:\/\/comune.santacroce.pi.it\/oldsite\/centri-estivi-2021-apertura-bando-dal-19-al-27-maggio\/#primaryimage","url":"https:\/\/comune.santacroce.pi.it\/oldsite\/wp-content\/uploads\/2021\/05\/Estate.jpg","contentUrl":"https:\/\/comune.santacroce.pi.it\/oldsite\/wp-content\/uploads\/2021\/05\/Estate.jpg","width":1199,"height":800,"caption":"Questa \u00e8 una didascalia lungaQuesta \u00e8 una didascalia lungaQuesta \u00e8 una didascalia lunga"},{"@type":"BreadcrumbList","@id":"https:\/\/comune.santacroce.pi.it\/oldsite\/centri-estivi-2021-apertura-bando-dal-19-al-27-maggio\/#breadcrumb","itemListElement":[{"@type":"ListItem","position":1,"name":"Home","item":"https:\/\/comune.santacroce.pi.it\/oldsite\/"},{"@type":"ListItem","position":2,"name":"Centri estivi 2021 &#8211; Apertura bando dal 19 al 27 maggio"}]},{"@type":"WebSite","@id":"https:\/\/comune.santacroce.pi.it\/oldsite\/#website","url":"https:\/\/comune.santacroce.pi.it\/oldsite\/","name":"Comune di Santa Croce sull&#039;Arno","description":"Provincia di Pisa","publisher":{"@id":"https:\/\/comune.santacroce.pi.it\/oldsite\/#organization"},"potentialAction":[{"@type":"SearchAction","target":{"@type":"EntryPoint","urlTemplate":"https:\/\/comune.santacroce.pi.it\/oldsite\/?s={search_term_string}"},"query-input":{"@type":"PropertyValueSpecification","valueRequired":true,"valueName":"search_term_string"}}],"inLanguage":"it-IT"},{"@type":"Organization","@id":"https:\/\/comune.santacroce.pi.it\/oldsite\/#organization","name":"Comune di Santa Croce sull'Arno","url":"https:\/\/comune.santacroce.pi.it\/oldsite\/","logo":{"@type":"ImageObject","inLanguage":"it-IT","@id":"https:\/\/comune.santacroce.pi.it\/oldsite\/#\/schema\/logo\/image\/","url":"https:\/\/comune.santacroce.pi.it\/oldsite\/wp-content\/uploads\/2021\/02\/cropped-Stemma-Santa-Croce-dellArno_500-1.png","contentUrl":"https:\/\/comune.santacroce.pi.it\/oldsite\/wp-content\/uploads\/2021\/02\/cropped-Stemma-Santa-Croce-dellArno_500-1.png","width":500,"height":500,"caption":"Comune di Santa Croce sull'Arno"},"image":{"@id":"https:\/\/comune.santacroce.pi.it\/oldsite\/#\/schema\/logo\/image\/"}},{"@type":"Person","@id":"https:\/\/comune.santacroce.pi.it\/oldsite\/#\/schema\/person\/5212fa237eb523c5c88b1f51cae14ae4","name":"gestore","image":{"@type":"ImageObject","inLanguage":"it-IT","@id":"https:\/\/comune.santacroce.pi.it\/oldsite\/#\/schema\/person\/image\/","url":"https:\/\/secure.gravatar.com\/avatar\/0759b03a30f73df39010a5fcb1380615?s=96&d=mm&r=g","contentUrl":"https:\/\/secure.gravatar.com\/avatar\/0759b03a30f73df39010a5fcb1380615?s=96&d=mm&r=g","caption":"gestore"},"url":"https:\/\/comune.santacroce.pi.it\/oldsite\/author\/gestore\/"}]}},"jetpack_featured_media_url":"https:\/\/comune.santacroce.pi.it\/oldsite\/wp-content\/uploads\/2021\/05\/Estate.jpg","meta_box":{"comunicacity_sync":"","cc4_urg_colore":"","cc4_urg_data_inizio":"","cc4_urg_data_fine":"","cc4_cor_positivi_oggi":"","cc4_cor_negativizzati_oggi":"","cc4_cor_deceduti_oggi":"","cc4_cor_positivi_totali":"","cc4_cor_negativizzati_totali":"","cc4_cor_deceduti_totali":"","cc4_cor_attualmente_positivi":"","cc4_eve_data_inizio":"","cc4_eve_data_fine":"","cc4_eve_indirizzo":"","cc4_eve_posizione":{"latitude":"","longitude":"","zoom":""},"cc4_eve_telefono":"","cc4_eve_email":"","cc4_eve_web":"","cc4_eve_fb":""},"_links":{"self":[{"href":"https:\/\/comune.santacroce.pi.it\/oldsite\/wp-json\/wp\/v2\/posts\/18358","targetHints":{"allow":["GET"]}}],"collection":[{"href":"https:\/\/comune.santacroce.pi.it\/oldsite\/wp-json\/wp\/v2\/posts"}],"about":[{"href":"https:\/\/comune.santacroce.pi.it\/oldsite\/wp-json\/wp\/v2\/types\/post"}],"author":[{"embeddable":true,"href":"https:\/\/comune.santacroce.pi.it\/oldsite\/wp-json\/wp\/v2\/users\/10"}],"replies":[{"embeddable":true,"href":"https:\/\/comune.santacroce.pi.it\/oldsite\/wp-json\/wp\/v2\/comments?post=18358"}],"version-history":[{"count":0,"href":"https:\/\/comune.santacroce.pi.it\/oldsite\/wp-json\/wp\/v2\/posts\/18358\/revisions"}],"wp:featuredmedia":[{"embeddable":true,"href":"https:\/\/comune.santacroce.pi.it\/oldsite\/wp-json\/wp\/v2\/media\/18379"}],"wp:attachment":[{"href":"https:\/\/comune.santacroce.pi.it\/oldsite\/wp-json\/wp\/v2\/media?parent=18358"}],"wp:term":[{"taxonomy":"category","embeddable":true,"href":"https:\/\/comune.santacroce.pi.it\/oldsite\/wp-json\/wp\/v2\/categories?post=18358"},{"taxonomy":"post_tag","embeddable":true,"href":"https:\/\/comune.santacroce.pi.it\/oldsite\/wp-json\/wp\/v2\/tags?post=18358"}],"curies":[{"name":"wp","href":"https:\/\/api.w.org\/{rel}","templated":true}]}}