{"id":18262,"date":"2021-04-16T10:30:02","date_gmt":"2021-04-16T08:30:02","guid":{"rendered":"https:\/\/comune.santacroce.pi.it\/oldsite\/?p=18262"},"modified":"2022-01-10T09:50:19","modified_gmt":"2022-01-10T08:50:19","slug":"tutta-la-toscana-in-zona-arancione-da-sabato-17-aprile-2021-alle-ore-14-2","status":"publish","type":"post","link":"https:\/\/comune.santacroce.pi.it\/oldsite\/tutta-la-toscana-in-zona-arancione-da-sabato-17-aprile-2021-alle-ore-14-2\/","title":{"rendered":"Tutta la Toscana in zona arancione da sabato 17 aprile 2021 alle ore 14"},"content":{"rendered":"<div class=\"body\">\n<p>Cos\u00ec come stabilito dal ministro della Salute, da domani, sabato 17 aprile 2021, alle ore 14.00, in tutta la Toscana e anche nei comuni del Valdarno Inferiore saranno valide le regole della zona arancione.<\/p>\n<p>Ecco, di seguito, le principali misure da rispettare.<\/p>\n<p><strong>Spostamenti<\/strong><br \/>\nVietati gli spostamenti in entrata e in uscita dalla regione, salvo che per comprovate esigenze di lavoro, di necessit\u00e0 o di salute; \u00e8 comunque consentito il rientro alla propria residenza, domicilio o abitazione.<br \/>\n\u00c8 consentito spostarsi  solo all&#8217;interno del proprio Comune, tra le ore 5 e le 22. Gli spostamenti verso altri Comuni sono consentiti solo per comprovate esigenze lavorative, situazioni di necessit\u00e0, motivi di salute. \u00c8 consentito lo spostamento (max 2 persone) verso una sola abitazione privata abitata nell&#8217;ambito del territorio comunale, una sola volta al giorno, fra le 5 e le 22; sono esclusi dal conteggio i figli minori di 14 anni e persone con disabilit\u00e0 o non autosufficienti.<\/p>\n<p><strong>Commercio<\/strong><br \/>\nTutti aperti, con i consueti orari (compresi i servizi di parrucchieri, barbieri, centri estetici).<br \/>\nChiusi nei giorni festivi e prefestivi gli esercizi all&#8217;interno dei centri commerciali (ad eccezione delle farmacie, parafarmacie, presidi sanitari, generi alimentari, prodotti agricoli e florovivaistici, tabacchi, edicole e librerie).<\/p>\n<p><strong>Bar e ristoranti<\/strong><br \/>\nRestano sospese le attivit\u00e0 dei servizi di ristorazione (bar, pub, ristoranti, gelaterie, pasticcerie).<br \/>\n\u00c8 sempre consentita la ristorazione con consegna a domicilio. L&#8217;asporto \u00e8 consentito fino alle 22; solo fino alle 18 per soggetti che svolgono come attivit\u00e0 prevalente quella di bar senza cucina (e altri esercizi simili &#8211; codice ATECO 56.3). Vietato il consumo sul posto o nelle adiacenze.<\/p>\n<p><strong>Musei e sport<\/strong><br \/>\nMusei e altri istituti e luoghi della cultura chiusi, ad eccezione delle biblioteche e degli archivi, dove i relativi servizi sono offerti su prenotazione.<br \/>\nPiscine, palestre, teatri, cinema chiusi.<br \/>\nSono consentite l&#8217;attivit\u00e0 motoria e l&#8217;attivit\u00e0 sportiva anche nei centri sportivi e nei circoli all&#8217;aperto, esclusi gli sport &#8220;di contatto&#8221;.<\/p>\n<p><strong>Scuola<\/strong><br \/>\n\u00c8 assicurato lo svolgimento in presenza dei servizi per l&#8217;infanzia e dell&#8217;attivit\u00e0 scolastica e didattica delle scuole dell&#8217;infanzia, delle primarie e delle medie.<br \/>\nLe superiori sono aperte con la presenza del 50% degli studenti.<\/p>\n<hr \/>\n<p style=\"text-align: center\"><a href=\"https:\/\/www.toscana-notizie.it\/-\/covid-la-toscana-rimane-in-zona-arancione-anche-la-prossima-settimana?fbclid=IwAR1eQKTQPyAkTydVnKp5oSORDvXxlGGPyLFQ94M5W-V4K7WSXlD7q-pytWE\"><strong>LA NEWS SUL SITO DELLA REGIONE TOSDCANA<\/strong><\/a><\/p>\n<p style=\"text-align: center\"><strong><a href=\"https:\/\/comune.santacroce.pi.it\/oldsite\/tutta-la-toscana-in-zona-arancione-da-sabato-17-aprile-2021-alle-ore-14\/\">MERCATO SETTIMANALE 17 APRILE 2021<\/a><\/strong><\/p>\n<hr \/>\n<p>&nbsp;<\/p>\n<\/div>\n","protected":false},"excerpt":{"rendered":"<p>Cos\u00ec come stabilito dal ministro della Salute, da domani, sabato 17 aprile 2021, alle ore 14.00, in tutta la Toscana e anche nei comuni del Valdarno Inferiore saranno valide le [&hellip;]<\/p>\n","protected":false},"author":10,"featured_media":18274,"comment_status":"closed","ping_status":"closed","sticky":false,"template":"","format":"standard","meta":{"footnotes":""},"categories":[484,1],"tags":[402],"class_list":["post-18262","post","type-post","status-publish","format-standard","has-post-thumbnail","hentry","category-covid-19","category-notizie-e-informazioni","tag-covid-19"],"yoast_head":"<!-- This site is optimized with the Yoast SEO plugin v24.7 - https:\/\/yoast.com\/wordpress\/plugins\/seo\/ -->\n<title>Tutta la Toscana in zona arancione da sabato 17 aprile 2021 alle ore 14 - Comune di Santa Croce sull&#039;Arno<\/title>\n<meta name=\"robots\" content=\"index, follow, max-snippet:-1, max-image-preview:large, max-video-preview:-1\" \/>\n<link rel=\"canonical\" href=\"https:\/\/comune.santacroce.pi.it\/oldsite\/tutta-la-toscana-in-zona-arancione-da-sabato-17-aprile-2021-alle-ore-14-2\/\" \/>\n<meta property=\"og:locale\" content=\"it_IT\" \/>\n<meta property=\"og:type\" content=\"article\" \/>\n<meta property=\"og:title\" content=\"Tutta la Toscana in zona arancione da sabato 17 aprile 2021 alle ore 14 - Comune di Santa Croce sull&#039;Arno\" \/>\n<meta property=\"og:description\" content=\"Cos\u00ec come stabilito dal ministro della Salute, da domani, sabato 17 aprile 2021, alle ore 14.00, in tutta la Toscana e anche nei comuni del Valdarno Inferiore saranno valide le [&hellip;]\" \/>\n<meta property=\"og:url\" content=\"https:\/\/comune.santacroce.pi.it\/oldsite\/tutta-la-toscana-in-zona-arancione-da-sabato-17-aprile-2021-alle-ore-14-2\/\" \/>\n<meta property=\"og:site_name\" content=\"Comune di Santa Croce sull&#039;Arno\" \/>\n<meta property=\"article:published_time\" content=\"2021-04-16T08:30:02+00:00\" \/>\n<meta property=\"article:modified_time\" content=\"2022-01-10T08:50:19+00:00\" \/>\n<meta property=\"og:image\" content=\"https:\/\/comune.santacroce.pi.it\/oldsite\/wp-content\/uploads\/2021\/04\/Mascherina.jpg\" \/>\n\t<meta property=\"og:image:width\" content=\"1199\" \/>\n\t<meta property=\"og:image:height\" content=\"800\" \/>\n\t<meta property=\"og:image:type\" content=\"image\/jpeg\" \/>\n<meta name=\"author\" content=\"gestore\" \/>\n<meta name=\"twitter:card\" content=\"summary_large_image\" \/>\n<meta name=\"twitter:label1\" content=\"Scritto da\" \/>\n\t<meta name=\"twitter:data1\" content=\"gestore\" \/>\n\t<meta name=\"twitter:label2\" content=\"Tempo di lettura stimato\" \/>\n\t<meta name=\"twitter:data2\" content=\"2 minuti\" \/>\n<script type=\"application\/ld+json\" class=\"yoast-schema-graph\">{\"@context\":\"https:\/\/schema.org\",\"@graph\":[{\"@type\":\"Article\",\"@id\":\"https:\/\/comune.santacroce.pi.it\/oldsite\/tutta-la-toscana-in-zona-arancione-da-sabato-17-aprile-2021-alle-ore-14-2\/#article\",\"isPartOf\":{\"@id\":\"https:\/\/comune.santacroce.pi.it\/oldsite\/tutta-la-toscana-in-zona-arancione-da-sabato-17-aprile-2021-alle-ore-14-2\/\"},\"author\":{\"name\":\"gestore\",\"@id\":\"https:\/\/comune.santacroce.pi.it\/oldsite\/#\/schema\/person\/5212fa237eb523c5c88b1f51cae14ae4\"},\"headline\":\"Tutta la Toscana in zona arancione da sabato 17 aprile 2021 alle ore 14\",\"datePublished\":\"2021-04-16T08:30:02+00:00\",\"dateModified\":\"2022-01-10T08:50:19+00:00\",\"mainEntityOfPage\":{\"@id\":\"https:\/\/comune.santacroce.pi.it\/oldsite\/tutta-la-toscana-in-zona-arancione-da-sabato-17-aprile-2021-alle-ore-14-2\/\"},\"wordCount\":361,\"publisher\":{\"@id\":\"https:\/\/comune.santacroce.pi.it\/oldsite\/#organization\"},\"image\":{\"@id\":\"https:\/\/comune.santacroce.pi.it\/oldsite\/tutta-la-toscana-in-zona-arancione-da-sabato-17-aprile-2021-alle-ore-14-2\/#primaryimage\"},\"thumbnailUrl\":\"https:\/\/comune.santacroce.pi.it\/oldsite\/wp-content\/uploads\/2021\/04\/Mascherina.jpg\",\"keywords\":[\"Covid-19\"],\"articleSection\":[\"Covid-19\",\"Notizie e informazioni\"],\"inLanguage\":\"it-IT\"},{\"@type\":\"WebPage\",\"@id\":\"https:\/\/comune.santacroce.pi.it\/oldsite\/tutta-la-toscana-in-zona-arancione-da-sabato-17-aprile-2021-alle-ore-14-2\/\",\"url\":\"https:\/\/comune.santacroce.pi.it\/oldsite\/tutta-la-toscana-in-zona-arancione-da-sabato-17-aprile-2021-alle-ore-14-2\/\",\"name\":\"Tutta la Toscana in zona arancione da sabato 17 aprile 2021 alle ore 14 - Comune di Santa Croce sull&#039;Arno\",\"isPartOf\":{\"@id\":\"https:\/\/comune.santacroce.pi.it\/oldsite\/#website\"},\"primaryImageOfPage\":{\"@id\":\"https:\/\/comune.santacroce.pi.it\/oldsite\/tutta-la-toscana-in-zona-arancione-da-sabato-17-aprile-2021-alle-ore-14-2\/#primaryimage\"},\"image\":{\"@id\":\"https:\/\/comune.santacroce.pi.it\/oldsite\/tutta-la-toscana-in-zona-arancione-da-sabato-17-aprile-2021-alle-ore-14-2\/#primaryimage\"},\"thumbnailUrl\":\"https:\/\/comune.santacroce.pi.it\/oldsite\/wp-content\/uploads\/2021\/04\/Mascherina.jpg\",\"datePublished\":\"2021-04-16T08:30:02+00:00\",\"dateModified\":\"2022-01-10T08:50:19+00:00\",\"breadcrumb\":{\"@id\":\"https:\/\/comune.santacroce.pi.it\/oldsite\/tutta-la-toscana-in-zona-arancione-da-sabato-17-aprile-2021-alle-ore-14-2\/#breadcrumb\"},\"inLanguage\":\"it-IT\",\"potentialAction\":[{\"@type\":\"ReadAction\",\"target\":[\"https:\/\/comune.santacroce.pi.it\/oldsite\/tutta-la-toscana-in-zona-arancione-da-sabato-17-aprile-2021-alle-ore-14-2\/\"]}]},{\"@type\":\"ImageObject\",\"inLanguage\":\"it-IT\",\"@id\":\"https:\/\/comune.santacroce.pi.it\/oldsite\/tutta-la-toscana-in-zona-arancione-da-sabato-17-aprile-2021-alle-ore-14-2\/#primaryimage\",\"url\":\"https:\/\/comune.santacroce.pi.it\/oldsite\/wp-content\/uploads\/2021\/04\/Mascherina.jpg\",\"contentUrl\":\"https:\/\/comune.santacroce.pi.it\/oldsite\/wp-content\/uploads\/2021\/04\/Mascherina.jpg\",\"width\":1199,\"height\":800},{\"@type\":\"BreadcrumbList\",\"@id\":\"https:\/\/comune.santacroce.pi.it\/oldsite\/tutta-la-toscana-in-zona-arancione-da-sabato-17-aprile-2021-alle-ore-14-2\/#breadcrumb\",\"itemListElement\":[{\"@type\":\"ListItem\",\"position\":1,\"name\":\"Home\",\"item\":\"https:\/\/comune.santacroce.pi.it\/oldsite\/\"},{\"@type\":\"ListItem\",\"position\":2,\"name\":\"Tutta la Toscana in zona arancione da sabato 17 aprile 2021 alle ore 14\"}]},{\"@type\":\"WebSite\",\"@id\":\"https:\/\/comune.santacroce.pi.it\/oldsite\/#website\",\"url\":\"https:\/\/comune.santacroce.pi.it\/oldsite\/\",\"name\":\"Comune di Santa Croce sull&#039;Arno\",\"description\":\"Provincia di Pisa\",\"publisher\":{\"@id\":\"https:\/\/comune.santacroce.pi.it\/oldsite\/#organization\"},\"potentialAction\":[{\"@type\":\"SearchAction\",\"target\":{\"@type\":\"EntryPoint\",\"urlTemplate\":\"https:\/\/comune.santacroce.pi.it\/oldsite\/?s={search_term_string}\"},\"query-input\":{\"@type\":\"PropertyValueSpecification\",\"valueRequired\":true,\"valueName\":\"search_term_string\"}}],\"inLanguage\":\"it-IT\"},{\"@type\":\"Organization\",\"@id\":\"https:\/\/comune.santacroce.pi.it\/oldsite\/#organization\",\"name\":\"Comune di Santa Croce sull'Arno\",\"url\":\"https:\/\/comune.santacroce.pi.it\/oldsite\/\",\"logo\":{\"@type\":\"ImageObject\",\"inLanguage\":\"it-IT\",\"@id\":\"https:\/\/comune.santacroce.pi.it\/oldsite\/#\/schema\/logo\/image\/\",\"url\":\"https:\/\/comune.santacroce.pi.it\/oldsite\/wp-content\/uploads\/2021\/02\/cropped-Stemma-Santa-Croce-dellArno_500-1.png\",\"contentUrl\":\"https:\/\/comune.santacroce.pi.it\/oldsite\/wp-content\/uploads\/2021\/02\/cropped-Stemma-Santa-Croce-dellArno_500-1.png\",\"width\":500,\"height\":500,\"caption\":\"Comune di Santa Croce sull'Arno\"},\"image\":{\"@id\":\"https:\/\/comune.santacroce.pi.it\/oldsite\/#\/schema\/logo\/image\/\"}},{\"@type\":\"Person\",\"@id\":\"https:\/\/comune.santacroce.pi.it\/oldsite\/#\/schema\/person\/5212fa237eb523c5c88b1f51cae14ae4\",\"name\":\"gestore\",\"image\":{\"@type\":\"ImageObject\",\"inLanguage\":\"it-IT\",\"@id\":\"https:\/\/comune.santacroce.pi.it\/oldsite\/#\/schema\/person\/image\/\",\"url\":\"https:\/\/secure.gravatar.com\/avatar\/0759b03a30f73df39010a5fcb1380615?s=96&d=mm&r=g\",\"contentUrl\":\"https:\/\/secure.gravatar.com\/avatar\/0759b03a30f73df39010a5fcb1380615?s=96&d=mm&r=g\",\"caption\":\"gestore\"},\"url\":\"https:\/\/comune.santacroce.pi.it\/oldsite\/author\/gestore\/\"}]}<\/script>\n<!-- \/ Yoast SEO plugin. -->","yoast_head_json":{"title":"Tutta la Toscana in zona arancione da sabato 17 aprile 2021 alle ore 14 - Comune di Santa Croce sull&#039;Arno","robots":{"index":"index","follow":"follow","max-snippet":"max-snippet:-1","max-image-preview":"max-image-preview:large","max-video-preview":"max-video-preview:-1"},"canonical":"https:\/\/comune.santacroce.pi.it\/oldsite\/tutta-la-toscana-in-zona-arancione-da-sabato-17-aprile-2021-alle-ore-14-2\/","og_locale":"it_IT","og_type":"article","og_title":"Tutta la Toscana in zona arancione da sabato 17 aprile 2021 alle ore 14 - Comune di Santa Croce sull&#039;Arno","og_description":"Cos\u00ec come stabilito dal ministro della Salute, da domani, sabato 17 aprile 2021, alle ore 14.00, in tutta la Toscana e anche nei comuni del Valdarno Inferiore saranno valide le [&hellip;]","og_url":"https:\/\/comune.santacroce.pi.it\/oldsite\/tutta-la-toscana-in-zona-arancione-da-sabato-17-aprile-2021-alle-ore-14-2\/","og_site_name":"Comune di Santa Croce sull&#039;Arno","article_published_time":"2021-04-16T08:30:02+00:00","article_modified_time":"2022-01-10T08:50:19+00:00","og_image":[{"width":1199,"height":800,"url":"https:\/\/comune.santacroce.pi.it\/oldsite\/wp-content\/uploads\/2021\/04\/Mascherina.jpg","type":"image\/jpeg"}],"author":"gestore","twitter_card":"summary_large_image","twitter_misc":{"Scritto da":"gestore","Tempo di lettura stimato":"2 minuti"},"schema":{"@context":"https:\/\/schema.org","@graph":[{"@type":"Article","@id":"https:\/\/comune.santacroce.pi.it\/oldsite\/tutta-la-toscana-in-zona-arancione-da-sabato-17-aprile-2021-alle-ore-14-2\/#article","isPartOf":{"@id":"https:\/\/comune.santacroce.pi.it\/oldsite\/tutta-la-toscana-in-zona-arancione-da-sabato-17-aprile-2021-alle-ore-14-2\/"},"author":{"name":"gestore","@id":"https:\/\/comune.santacroce.pi.it\/oldsite\/#\/schema\/person\/5212fa237eb523c5c88b1f51cae14ae4"},"headline":"Tutta la Toscana in zona arancione da sabato 17 aprile 2021 alle ore 14","datePublished":"2021-04-16T08:30:02+00:00","dateModified":"2022-01-10T08:50:19+00:00","mainEntityOfPage":{"@id":"https:\/\/comune.santacroce.pi.it\/oldsite\/tutta-la-toscana-in-zona-arancione-da-sabato-17-aprile-2021-alle-ore-14-2\/"},"wordCount":361,"publisher":{"@id":"https:\/\/comune.santacroce.pi.it\/oldsite\/#organization"},"image":{"@id":"https:\/\/comune.santacroce.pi.it\/oldsite\/tutta-la-toscana-in-zona-arancione-da-sabato-17-aprile-2021-alle-ore-14-2\/#primaryimage"},"thumbnailUrl":"https:\/\/comune.santacroce.pi.it\/oldsite\/wp-content\/uploads\/2021\/04\/Mascherina.jpg","keywords":["Covid-19"],"articleSection":["Covid-19","Notizie e informazioni"],"inLanguage":"it-IT"},{"@type":"WebPage","@id":"https:\/\/comune.santacroce.pi.it\/oldsite\/tutta-la-toscana-in-zona-arancione-da-sabato-17-aprile-2021-alle-ore-14-2\/","url":"https:\/\/comune.santacroce.pi.it\/oldsite\/tutta-la-toscana-in-zona-arancione-da-sabato-17-aprile-2021-alle-ore-14-2\/","name":"Tutta la Toscana in zona arancione da sabato 17 aprile 2021 alle ore 14 - Comune di Santa Croce sull&#039;Arno","isPartOf":{"@id":"https:\/\/comune.santacroce.pi.it\/oldsite\/#website"},"primaryImageOfPage":{"@id":"https:\/\/comune.santacroce.pi.it\/oldsite\/tutta-la-toscana-in-zona-arancione-da-sabato-17-aprile-2021-alle-ore-14-2\/#primaryimage"},"image":{"@id":"https:\/\/comune.santacroce.pi.it\/oldsite\/tutta-la-toscana-in-zona-arancione-da-sabato-17-aprile-2021-alle-ore-14-2\/#primaryimage"},"thumbnailUrl":"https:\/\/comune.santacroce.pi.it\/oldsite\/wp-content\/uploads\/2021\/04\/Mascherina.jpg","datePublished":"2021-04-16T08:30:02+00:00","dateModified":"2022-01-10T08:50:19+00:00","breadcrumb":{"@id":"https:\/\/comune.santacroce.pi.it\/oldsite\/tutta-la-toscana-in-zona-arancione-da-sabato-17-aprile-2021-alle-ore-14-2\/#breadcrumb"},"inLanguage":"it-IT","potentialAction":[{"@type":"ReadAction","target":["https:\/\/comune.santacroce.pi.it\/oldsite\/tutta-la-toscana-in-zona-arancione-da-sabato-17-aprile-2021-alle-ore-14-2\/"]}]},{"@type":"ImageObject","inLanguage":"it-IT","@id":"https:\/\/comune.santacroce.pi.it\/oldsite\/tutta-la-toscana-in-zona-arancione-da-sabato-17-aprile-2021-alle-ore-14-2\/#primaryimage","url":"https:\/\/comune.santacroce.pi.it\/oldsite\/wp-content\/uploads\/2021\/04\/Mascherina.jpg","contentUrl":"https:\/\/comune.santacroce.pi.it\/oldsite\/wp-content\/uploads\/2021\/04\/Mascherina.jpg","width":1199,"height":800},{"@type":"BreadcrumbList","@id":"https:\/\/comune.santacroce.pi.it\/oldsite\/tutta-la-toscana-in-zona-arancione-da-sabato-17-aprile-2021-alle-ore-14-2\/#breadcrumb","itemListElement":[{"@type":"ListItem","position":1,"name":"Home","item":"https:\/\/comune.santacroce.pi.it\/oldsite\/"},{"@type":"ListItem","position":2,"name":"Tutta la Toscana in zona arancione da sabato 17 aprile 2021 alle ore 14"}]},{"@type":"WebSite","@id":"https:\/\/comune.santacroce.pi.it\/oldsite\/#website","url":"https:\/\/comune.santacroce.pi.it\/oldsite\/","name":"Comune di Santa Croce sull&#039;Arno","description":"Provincia di Pisa","publisher":{"@id":"https:\/\/comune.santacroce.pi.it\/oldsite\/#organization"},"potentialAction":[{"@type":"SearchAction","target":{"@type":"EntryPoint","urlTemplate":"https:\/\/comune.santacroce.pi.it\/oldsite\/?s={search_term_string}"},"query-input":{"@type":"PropertyValueSpecification","valueRequired":true,"valueName":"search_term_string"}}],"inLanguage":"it-IT"},{"@type":"Organization","@id":"https:\/\/comune.santacroce.pi.it\/oldsite\/#organization","name":"Comune di Santa Croce sull'Arno","url":"https:\/\/comune.santacroce.pi.it\/oldsite\/","logo":{"@type":"ImageObject","inLanguage":"it-IT","@id":"https:\/\/comune.santacroce.pi.it\/oldsite\/#\/schema\/logo\/image\/","url":"https:\/\/comune.santacroce.pi.it\/oldsite\/wp-content\/uploads\/2021\/02\/cropped-Stemma-Santa-Croce-dellArno_500-1.png","contentUrl":"https:\/\/comune.santacroce.pi.it\/oldsite\/wp-content\/uploads\/2021\/02\/cropped-Stemma-Santa-Croce-dellArno_500-1.png","width":500,"height":500,"caption":"Comune di Santa Croce sull'Arno"},"image":{"@id":"https:\/\/comune.santacroce.pi.it\/oldsite\/#\/schema\/logo\/image\/"}},{"@type":"Person","@id":"https:\/\/comune.santacroce.pi.it\/oldsite\/#\/schema\/person\/5212fa237eb523c5c88b1f51cae14ae4","name":"gestore","image":{"@type":"ImageObject","inLanguage":"it-IT","@id":"https:\/\/comune.santacroce.pi.it\/oldsite\/#\/schema\/person\/image\/","url":"https:\/\/secure.gravatar.com\/avatar\/0759b03a30f73df39010a5fcb1380615?s=96&d=mm&r=g","contentUrl":"https:\/\/secure.gravatar.com\/avatar\/0759b03a30f73df39010a5fcb1380615?s=96&d=mm&r=g","caption":"gestore"},"url":"https:\/\/comune.santacroce.pi.it\/oldsite\/author\/gestore\/"}]}},"jetpack_featured_media_url":"https:\/\/comune.santacroce.pi.it\/oldsite\/wp-content\/uploads\/2021\/04\/Mascherina.jpg","meta_box":{"comunicacity_sync":"","cc4_urg_colore":"","cc4_urg_data_inizio":"","cc4_urg_data_fine":"","cc4_cor_positivi_oggi":"","cc4_cor_negativizzati_oggi":"","cc4_cor_deceduti_oggi":"","cc4_cor_positivi_totali":"","cc4_cor_negativizzati_totali":"","cc4_cor_deceduti_totali":"","cc4_cor_attualmente_positivi":"","cc4_eve_data_inizio":"","cc4_eve_data_fine":"","cc4_eve_indirizzo":"","cc4_eve_posizione":{"latitude":"","longitude":"","zoom":""},"cc4_eve_telefono":"","cc4_eve_email":"","cc4_eve_web":"","cc4_eve_fb":""},"_links":{"self":[{"href":"https:\/\/comune.santacroce.pi.it\/oldsite\/wp-json\/wp\/v2\/posts\/18262","targetHints":{"allow":["GET"]}}],"collection":[{"href":"https:\/\/comune.santacroce.pi.it\/oldsite\/wp-json\/wp\/v2\/posts"}],"about":[{"href":"https:\/\/comune.santacroce.pi.it\/oldsite\/wp-json\/wp\/v2\/types\/post"}],"author":[{"embeddable":true,"href":"https:\/\/comune.santacroce.pi.it\/oldsite\/wp-json\/wp\/v2\/users\/10"}],"replies":[{"embeddable":true,"href":"https:\/\/comune.santacroce.pi.it\/oldsite\/wp-json\/wp\/v2\/comments?post=18262"}],"version-history":[{"count":0,"href":"https:\/\/comune.santacroce.pi.it\/oldsite\/wp-json\/wp\/v2\/posts\/18262\/revisions"}],"wp:featuredmedia":[{"embeddable":true,"href":"https:\/\/comune.santacroce.pi.it\/oldsite\/wp-json\/wp\/v2\/media\/18274"}],"wp:attachment":[{"href":"https:\/\/comune.santacroce.pi.it\/oldsite\/wp-json\/wp\/v2\/media?parent=18262"}],"wp:term":[{"taxonomy":"category","embeddable":true,"href":"https:\/\/comune.santacroce.pi.it\/oldsite\/wp-json\/wp\/v2\/categories?post=18262"},{"taxonomy":"post_tag","embeddable":true,"href":"https:\/\/comune.santacroce.pi.it\/oldsite\/wp-json\/wp\/v2\/tags?post=18262"}],"curies":[{"name":"wp","href":"https:\/\/api.w.org\/{rel}","templated":true}]}}