{"id":18255,"date":"2021-04-10T10:20:54","date_gmt":"2021-04-10T08:20:54","guid":{"rendered":"https:\/\/comune.santacroce.pi.it\/oldsite\/?p=18255"},"modified":"2022-01-10T09:50:30","modified_gmt":"2022-01-10T08:50:30","slug":"santa-croce-sullarno-e-il-valdarno-inferiore-in-zona-rossa","status":"publish","type":"post","link":"https:\/\/comune.santacroce.pi.it\/oldsite\/santa-croce-sullarno-e-il-valdarno-inferiore-in-zona-rossa\/","title":{"rendered":"Santa Croce sull&#8217;Arno e il Valdarno inferiore in zona rossa"},"content":{"rendered":"<div class=\"body\">\n<p>Come stabilito dal Presidente della Regione Toscana, il Comune di Santa Croce sull&#8217;Arno da luned\u00ec 12 aprile sar\u00e0 in zona rossa mentre la Regione Toscana sar\u00e0 in zona arancione.<\/p>\n<p>Ecco di seguito le misure valide per i territori in zona rossa:<\/p>\n<p><strong>SPOSTAMENTI<\/strong><br \/>\n\u00c8 vietato ogni spostamento in entrata e in uscita dai territori in zona rossa salvo che per motivi di lavoro, studio, salute e situazioni di necessit\u00e0.<br \/>\n\u00c8 comunque consentito il rientro alla propria residenza, domicilio o abitazione.<\/p>\n<p><strong>SCUOLA<\/strong><br \/>\nRiaprono in presenza i nidi, la scuola dell\u2019infanzia, la scuola primarie e le classi prime della scuola secondarie di primo grado.<br \/>\nLa didattica per le classi seconde e terze della scuola secondaria di primo grado e delle scuole secondarie di secondo grado si svolge esclusivamente con modalit\u00e0 a distanza.<br \/>\nI Presidenti delle Regioni non potranno emanare ordinanze pi\u00f9 restrittive, se non in casi di eccezionale e straordinaria necessit\u00e0 dovuta alla presenza di focolai o al rischio elevato di diffusione del virus e delle sue varianti.<\/p>\n<p><strong>ATTIVIT\u00c0 MOTORIA E SPORTIVA<\/strong><br \/>\nE&#8217; consentita l&#8217;attivit\u00e0 motoria individuale svolta all\u2019aperto in prossimit\u00e0 della propria abitazione nel rispetto della distanza di almeno un metro e con obbligo della mascherina.<\/p>\n<p>\u00c8 consentita l\u2019attivit\u00e0 sportiva esclusivamente all\u2019aperto e in forma individuale.<\/p>\n<p>Tutte le attivit\u00e0 sportive e motorie, anche se svolte nei centri sportivi all\u2019aperto, sono sospese, salvo quelle riconosciute di interesse nazionale dal CONI e dal CIP.<\/p>\n<p><strong>MUSEI, MOSTRE, ALTRI LUOGHI DELLA CULTURA E SPETTACOLI<\/strong><br \/>\nMusei, mostre, cinema e teatri sono chiusi al pubblico.<br \/>\nBiblioteche ed archivi sono aperti, i servizi sono disponibili solo su prenotazione.<\/p>\n<p><strong>ATTIVIT\u00c0 COMMERCIALI E SERVIZI ALLA PERSONA<\/strong><br \/>\nSono sospese le attivit\u00e0 commerciali al dettaglio ad eccezione delle attivit\u00e0 di vendita di generi alimentari e di prima necessit\u00e0, restano aperte le edicole, i tabaccai, le farmacie e le parafarmacie.<br \/>\nSono chiusi i mercati salvo le attivit\u00e0 di vendita di generi alimentari, prodotti agricoli e florovivaistici.<br \/>\nSono sospesi i servizi alla persona quali parrucchieri, barbieri e centri estetici, restano aperte le lavanderie.<\/p>\n<p><strong>RISTORAZIONE<\/strong><br \/>\nResta sospesa l&#8217; attivit\u00e0 dei servizi di ristorazione (bar, ristoranti, gelaterie, pasticcerie)<br \/>\nE&#8217; sempre consentita la consegna a domicilio, nonch\u00e9 fino alle ore 22.00 la ristorazione con asporto.<br \/>\nGli esercizi che svolgono come attivit\u00e0 prevalente una di quelle identificate dal codice ATECO 56.30 (bar ed esercizi simili senza cucina)  l&#8217;asporto \u00e8 consentito esclusivamente fino alle ore 18.00.<\/p>\n<p>\u00c8 vietato il consumo sul posto o nelle adiacenze delle attivit\u00e0.<\/p>\n<\/div>\n","protected":false},"excerpt":{"rendered":"<p>Come stabilito dal Presidente della Regione Toscana, il Comune di Santa Croce sull&#8217;Arno da luned\u00ec 12 aprile sar\u00e0 in zona rossa mentre la Regione Toscana sar\u00e0 in zona arancione. Ecco [&hellip;]<\/p>\n","protected":false},"author":10,"featured_media":13427,"comment_status":"closed","ping_status":"closed","sticky":false,"template":"","format":"standard","meta":{"footnotes":""},"categories":[484,160],"tags":[402],"class_list":["post-18255","post","type-post","status-publish","format-standard","has-post-thumbnail","hentry","category-covid-19","category-pubblica-sicurezza","tag-covid-19"],"yoast_head":"<!-- This site is optimized with the Yoast SEO plugin v24.7 - https:\/\/yoast.com\/wordpress\/plugins\/seo\/ -->\n<title>Santa Croce sull&#039;Arno e il Valdarno inferiore in zona rossa - Comune di Santa Croce sull&#039;Arno<\/title>\n<meta name=\"robots\" content=\"index, follow, max-snippet:-1, max-image-preview:large, max-video-preview:-1\" \/>\n<link rel=\"canonical\" href=\"https:\/\/comune.santacroce.pi.it\/oldsite\/santa-croce-sullarno-e-il-valdarno-inferiore-in-zona-rossa\/\" \/>\n<meta property=\"og:locale\" content=\"it_IT\" \/>\n<meta property=\"og:type\" content=\"article\" \/>\n<meta property=\"og:title\" content=\"Santa Croce sull&#039;Arno e il Valdarno inferiore in zona rossa - Comune di Santa Croce sull&#039;Arno\" \/>\n<meta property=\"og:description\" content=\"Come stabilito dal Presidente della Regione Toscana, il Comune di Santa Croce sull&#8217;Arno da luned\u00ec 12 aprile sar\u00e0 in zona rossa mentre la Regione Toscana sar\u00e0 in zona arancione. Ecco [&hellip;]\" \/>\n<meta property=\"og:url\" content=\"https:\/\/comune.santacroce.pi.it\/oldsite\/santa-croce-sullarno-e-il-valdarno-inferiore-in-zona-rossa\/\" \/>\n<meta property=\"og:site_name\" content=\"Comune di Santa Croce sull&#039;Arno\" \/>\n<meta property=\"article:published_time\" content=\"2021-04-10T08:20:54+00:00\" \/>\n<meta property=\"article:modified_time\" content=\"2022-01-10T08:50:30+00:00\" \/>\n<meta property=\"og:image\" content=\"https:\/\/comune.santacroce.pi.it\/oldsite\/wp-content\/uploads\/2018\/02\/PUBBLICA-SICUREZZA.png\" \/>\n\t<meta property=\"og:image:width\" content=\"800\" \/>\n\t<meta property=\"og:image:height\" content=\"600\" \/>\n\t<meta property=\"og:image:type\" content=\"image\/png\" \/>\n<meta name=\"author\" content=\"gestore\" \/>\n<meta name=\"twitter:card\" content=\"summary_large_image\" \/>\n<meta name=\"twitter:label1\" content=\"Scritto da\" \/>\n\t<meta name=\"twitter:data1\" content=\"gestore\" \/>\n\t<meta name=\"twitter:label2\" content=\"Tempo di lettura stimato\" \/>\n\t<meta name=\"twitter:data2\" content=\"2 minuti\" \/>\n<script type=\"application\/ld+json\" class=\"yoast-schema-graph\">{\"@context\":\"https:\/\/schema.org\",\"@graph\":[{\"@type\":\"Article\",\"@id\":\"https:\/\/comune.santacroce.pi.it\/oldsite\/santa-croce-sullarno-e-il-valdarno-inferiore-in-zona-rossa\/#article\",\"isPartOf\":{\"@id\":\"https:\/\/comune.santacroce.pi.it\/oldsite\/santa-croce-sullarno-e-il-valdarno-inferiore-in-zona-rossa\/\"},\"author\":{\"name\":\"gestore\",\"@id\":\"https:\/\/comune.santacroce.pi.it\/oldsite\/#\/schema\/person\/5212fa237eb523c5c88b1f51cae14ae4\"},\"headline\":\"Santa Croce sull&#8217;Arno e il Valdarno inferiore in zona rossa\",\"datePublished\":\"2021-04-10T08:20:54+00:00\",\"dateModified\":\"2022-01-10T08:50:30+00:00\",\"mainEntityOfPage\":{\"@id\":\"https:\/\/comune.santacroce.pi.it\/oldsite\/santa-croce-sullarno-e-il-valdarno-inferiore-in-zona-rossa\/\"},\"wordCount\":407,\"publisher\":{\"@id\":\"https:\/\/comune.santacroce.pi.it\/oldsite\/#organization\"},\"image\":{\"@id\":\"https:\/\/comune.santacroce.pi.it\/oldsite\/santa-croce-sullarno-e-il-valdarno-inferiore-in-zona-rossa\/#primaryimage\"},\"thumbnailUrl\":\"https:\/\/comune.santacroce.pi.it\/oldsite\/wp-content\/uploads\/2018\/02\/PUBBLICA-SICUREZZA.png\",\"keywords\":[\"Covid-19\"],\"articleSection\":[\"Covid-19\",\"Pubblica sicurezza\"],\"inLanguage\":\"it-IT\"},{\"@type\":\"WebPage\",\"@id\":\"https:\/\/comune.santacroce.pi.it\/oldsite\/santa-croce-sullarno-e-il-valdarno-inferiore-in-zona-rossa\/\",\"url\":\"https:\/\/comune.santacroce.pi.it\/oldsite\/santa-croce-sullarno-e-il-valdarno-inferiore-in-zona-rossa\/\",\"name\":\"Santa Croce sull'Arno e il Valdarno inferiore in zona rossa - Comune di Santa Croce sull&#039;Arno\",\"isPartOf\":{\"@id\":\"https:\/\/comune.santacroce.pi.it\/oldsite\/#website\"},\"primaryImageOfPage\":{\"@id\":\"https:\/\/comune.santacroce.pi.it\/oldsite\/santa-croce-sullarno-e-il-valdarno-inferiore-in-zona-rossa\/#primaryimage\"},\"image\":{\"@id\":\"https:\/\/comune.santacroce.pi.it\/oldsite\/santa-croce-sullarno-e-il-valdarno-inferiore-in-zona-rossa\/#primaryimage\"},\"thumbnailUrl\":\"https:\/\/comune.santacroce.pi.it\/oldsite\/wp-content\/uploads\/2018\/02\/PUBBLICA-SICUREZZA.png\",\"datePublished\":\"2021-04-10T08:20:54+00:00\",\"dateModified\":\"2022-01-10T08:50:30+00:00\",\"breadcrumb\":{\"@id\":\"https:\/\/comune.santacroce.pi.it\/oldsite\/santa-croce-sullarno-e-il-valdarno-inferiore-in-zona-rossa\/#breadcrumb\"},\"inLanguage\":\"it-IT\",\"potentialAction\":[{\"@type\":\"ReadAction\",\"target\":[\"https:\/\/comune.santacroce.pi.it\/oldsite\/santa-croce-sullarno-e-il-valdarno-inferiore-in-zona-rossa\/\"]}]},{\"@type\":\"ImageObject\",\"inLanguage\":\"it-IT\",\"@id\":\"https:\/\/comune.santacroce.pi.it\/oldsite\/santa-croce-sullarno-e-il-valdarno-inferiore-in-zona-rossa\/#primaryimage\",\"url\":\"https:\/\/comune.santacroce.pi.it\/oldsite\/wp-content\/uploads\/2018\/02\/PUBBLICA-SICUREZZA.png\",\"contentUrl\":\"https:\/\/comune.santacroce.pi.it\/oldsite\/wp-content\/uploads\/2018\/02\/PUBBLICA-SICUREZZA.png\",\"width\":800,\"height\":600},{\"@type\":\"BreadcrumbList\",\"@id\":\"https:\/\/comune.santacroce.pi.it\/oldsite\/santa-croce-sullarno-e-il-valdarno-inferiore-in-zona-rossa\/#breadcrumb\",\"itemListElement\":[{\"@type\":\"ListItem\",\"position\":1,\"name\":\"Home\",\"item\":\"https:\/\/comune.santacroce.pi.it\/oldsite\/\"},{\"@type\":\"ListItem\",\"position\":2,\"name\":\"Santa Croce sull&#8217;Arno e il Valdarno inferiore in zona rossa\"}]},{\"@type\":\"WebSite\",\"@id\":\"https:\/\/comune.santacroce.pi.it\/oldsite\/#website\",\"url\":\"https:\/\/comune.santacroce.pi.it\/oldsite\/\",\"name\":\"Comune di Santa Croce sull&#039;Arno\",\"description\":\"Provincia di Pisa\",\"publisher\":{\"@id\":\"https:\/\/comune.santacroce.pi.it\/oldsite\/#organization\"},\"potentialAction\":[{\"@type\":\"SearchAction\",\"target\":{\"@type\":\"EntryPoint\",\"urlTemplate\":\"https:\/\/comune.santacroce.pi.it\/oldsite\/?s={search_term_string}\"},\"query-input\":{\"@type\":\"PropertyValueSpecification\",\"valueRequired\":true,\"valueName\":\"search_term_string\"}}],\"inLanguage\":\"it-IT\"},{\"@type\":\"Organization\",\"@id\":\"https:\/\/comune.santacroce.pi.it\/oldsite\/#organization\",\"name\":\"Comune di Santa Croce sull'Arno\",\"url\":\"https:\/\/comune.santacroce.pi.it\/oldsite\/\",\"logo\":{\"@type\":\"ImageObject\",\"inLanguage\":\"it-IT\",\"@id\":\"https:\/\/comune.santacroce.pi.it\/oldsite\/#\/schema\/logo\/image\/\",\"url\":\"https:\/\/comune.santacroce.pi.it\/oldsite\/wp-content\/uploads\/2021\/02\/cropped-Stemma-Santa-Croce-dellArno_500-1.png\",\"contentUrl\":\"https:\/\/comune.santacroce.pi.it\/oldsite\/wp-content\/uploads\/2021\/02\/cropped-Stemma-Santa-Croce-dellArno_500-1.png\",\"width\":500,\"height\":500,\"caption\":\"Comune di Santa Croce sull'Arno\"},\"image\":{\"@id\":\"https:\/\/comune.santacroce.pi.it\/oldsite\/#\/schema\/logo\/image\/\"}},{\"@type\":\"Person\",\"@id\":\"https:\/\/comune.santacroce.pi.it\/oldsite\/#\/schema\/person\/5212fa237eb523c5c88b1f51cae14ae4\",\"name\":\"gestore\",\"image\":{\"@type\":\"ImageObject\",\"inLanguage\":\"it-IT\",\"@id\":\"https:\/\/comune.santacroce.pi.it\/oldsite\/#\/schema\/person\/image\/\",\"url\":\"https:\/\/secure.gravatar.com\/avatar\/0759b03a30f73df39010a5fcb1380615?s=96&d=mm&r=g\",\"contentUrl\":\"https:\/\/secure.gravatar.com\/avatar\/0759b03a30f73df39010a5fcb1380615?s=96&d=mm&r=g\",\"caption\":\"gestore\"},\"url\":\"https:\/\/comune.santacroce.pi.it\/oldsite\/author\/gestore\/\"}]}<\/script>\n<!-- \/ Yoast SEO plugin. -->","yoast_head_json":{"title":"Santa Croce sull'Arno e il Valdarno inferiore in zona rossa - Comune di Santa Croce sull&#039;Arno","robots":{"index":"index","follow":"follow","max-snippet":"max-snippet:-1","max-image-preview":"max-image-preview:large","max-video-preview":"max-video-preview:-1"},"canonical":"https:\/\/comune.santacroce.pi.it\/oldsite\/santa-croce-sullarno-e-il-valdarno-inferiore-in-zona-rossa\/","og_locale":"it_IT","og_type":"article","og_title":"Santa Croce sull'Arno e il Valdarno inferiore in zona rossa - Comune di Santa Croce sull&#039;Arno","og_description":"Come stabilito dal Presidente della Regione Toscana, il Comune di Santa Croce sull&#8217;Arno da luned\u00ec 12 aprile sar\u00e0 in zona rossa mentre la Regione Toscana sar\u00e0 in zona arancione. Ecco [&hellip;]","og_url":"https:\/\/comune.santacroce.pi.it\/oldsite\/santa-croce-sullarno-e-il-valdarno-inferiore-in-zona-rossa\/","og_site_name":"Comune di Santa Croce sull&#039;Arno","article_published_time":"2021-04-10T08:20:54+00:00","article_modified_time":"2022-01-10T08:50:30+00:00","og_image":[{"width":800,"height":600,"url":"https:\/\/comune.santacroce.pi.it\/oldsite\/wp-content\/uploads\/2018\/02\/PUBBLICA-SICUREZZA.png","type":"image\/png"}],"author":"gestore","twitter_card":"summary_large_image","twitter_misc":{"Scritto da":"gestore","Tempo di lettura stimato":"2 minuti"},"schema":{"@context":"https:\/\/schema.org","@graph":[{"@type":"Article","@id":"https:\/\/comune.santacroce.pi.it\/oldsite\/santa-croce-sullarno-e-il-valdarno-inferiore-in-zona-rossa\/#article","isPartOf":{"@id":"https:\/\/comune.santacroce.pi.it\/oldsite\/santa-croce-sullarno-e-il-valdarno-inferiore-in-zona-rossa\/"},"author":{"name":"gestore","@id":"https:\/\/comune.santacroce.pi.it\/oldsite\/#\/schema\/person\/5212fa237eb523c5c88b1f51cae14ae4"},"headline":"Santa Croce sull&#8217;Arno e il Valdarno inferiore in zona rossa","datePublished":"2021-04-10T08:20:54+00:00","dateModified":"2022-01-10T08:50:30+00:00","mainEntityOfPage":{"@id":"https:\/\/comune.santacroce.pi.it\/oldsite\/santa-croce-sullarno-e-il-valdarno-inferiore-in-zona-rossa\/"},"wordCount":407,"publisher":{"@id":"https:\/\/comune.santacroce.pi.it\/oldsite\/#organization"},"image":{"@id":"https:\/\/comune.santacroce.pi.it\/oldsite\/santa-croce-sullarno-e-il-valdarno-inferiore-in-zona-rossa\/#primaryimage"},"thumbnailUrl":"https:\/\/comune.santacroce.pi.it\/oldsite\/wp-content\/uploads\/2018\/02\/PUBBLICA-SICUREZZA.png","keywords":["Covid-19"],"articleSection":["Covid-19","Pubblica sicurezza"],"inLanguage":"it-IT"},{"@type":"WebPage","@id":"https:\/\/comune.santacroce.pi.it\/oldsite\/santa-croce-sullarno-e-il-valdarno-inferiore-in-zona-rossa\/","url":"https:\/\/comune.santacroce.pi.it\/oldsite\/santa-croce-sullarno-e-il-valdarno-inferiore-in-zona-rossa\/","name":"Santa Croce sull'Arno e il Valdarno inferiore in zona rossa - Comune di Santa Croce sull&#039;Arno","isPartOf":{"@id":"https:\/\/comune.santacroce.pi.it\/oldsite\/#website"},"primaryImageOfPage":{"@id":"https:\/\/comune.santacroce.pi.it\/oldsite\/santa-croce-sullarno-e-il-valdarno-inferiore-in-zona-rossa\/#primaryimage"},"image":{"@id":"https:\/\/comune.santacroce.pi.it\/oldsite\/santa-croce-sullarno-e-il-valdarno-inferiore-in-zona-rossa\/#primaryimage"},"thumbnailUrl":"https:\/\/comune.santacroce.pi.it\/oldsite\/wp-content\/uploads\/2018\/02\/PUBBLICA-SICUREZZA.png","datePublished":"2021-04-10T08:20:54+00:00","dateModified":"2022-01-10T08:50:30+00:00","breadcrumb":{"@id":"https:\/\/comune.santacroce.pi.it\/oldsite\/santa-croce-sullarno-e-il-valdarno-inferiore-in-zona-rossa\/#breadcrumb"},"inLanguage":"it-IT","potentialAction":[{"@type":"ReadAction","target":["https:\/\/comune.santacroce.pi.it\/oldsite\/santa-croce-sullarno-e-il-valdarno-inferiore-in-zona-rossa\/"]}]},{"@type":"ImageObject","inLanguage":"it-IT","@id":"https:\/\/comune.santacroce.pi.it\/oldsite\/santa-croce-sullarno-e-il-valdarno-inferiore-in-zona-rossa\/#primaryimage","url":"https:\/\/comune.santacroce.pi.it\/oldsite\/wp-content\/uploads\/2018\/02\/PUBBLICA-SICUREZZA.png","contentUrl":"https:\/\/comune.santacroce.pi.it\/oldsite\/wp-content\/uploads\/2018\/02\/PUBBLICA-SICUREZZA.png","width":800,"height":600},{"@type":"BreadcrumbList","@id":"https:\/\/comune.santacroce.pi.it\/oldsite\/santa-croce-sullarno-e-il-valdarno-inferiore-in-zona-rossa\/#breadcrumb","itemListElement":[{"@type":"ListItem","position":1,"name":"Home","item":"https:\/\/comune.santacroce.pi.it\/oldsite\/"},{"@type":"ListItem","position":2,"name":"Santa Croce sull&#8217;Arno e il Valdarno inferiore in zona rossa"}]},{"@type":"WebSite","@id":"https:\/\/comune.santacroce.pi.it\/oldsite\/#website","url":"https:\/\/comune.santacroce.pi.it\/oldsite\/","name":"Comune di Santa Croce sull&#039;Arno","description":"Provincia di Pisa","publisher":{"@id":"https:\/\/comune.santacroce.pi.it\/oldsite\/#organization"},"potentialAction":[{"@type":"SearchAction","target":{"@type":"EntryPoint","urlTemplate":"https:\/\/comune.santacroce.pi.it\/oldsite\/?s={search_term_string}"},"query-input":{"@type":"PropertyValueSpecification","valueRequired":true,"valueName":"search_term_string"}}],"inLanguage":"it-IT"},{"@type":"Organization","@id":"https:\/\/comune.santacroce.pi.it\/oldsite\/#organization","name":"Comune di Santa Croce sull'Arno","url":"https:\/\/comune.santacroce.pi.it\/oldsite\/","logo":{"@type":"ImageObject","inLanguage":"it-IT","@id":"https:\/\/comune.santacroce.pi.it\/oldsite\/#\/schema\/logo\/image\/","url":"https:\/\/comune.santacroce.pi.it\/oldsite\/wp-content\/uploads\/2021\/02\/cropped-Stemma-Santa-Croce-dellArno_500-1.png","contentUrl":"https:\/\/comune.santacroce.pi.it\/oldsite\/wp-content\/uploads\/2021\/02\/cropped-Stemma-Santa-Croce-dellArno_500-1.png","width":500,"height":500,"caption":"Comune di Santa Croce sull'Arno"},"image":{"@id":"https:\/\/comune.santacroce.pi.it\/oldsite\/#\/schema\/logo\/image\/"}},{"@type":"Person","@id":"https:\/\/comune.santacroce.pi.it\/oldsite\/#\/schema\/person\/5212fa237eb523c5c88b1f51cae14ae4","name":"gestore","image":{"@type":"ImageObject","inLanguage":"it-IT","@id":"https:\/\/comune.santacroce.pi.it\/oldsite\/#\/schema\/person\/image\/","url":"https:\/\/secure.gravatar.com\/avatar\/0759b03a30f73df39010a5fcb1380615?s=96&d=mm&r=g","contentUrl":"https:\/\/secure.gravatar.com\/avatar\/0759b03a30f73df39010a5fcb1380615?s=96&d=mm&r=g","caption":"gestore"},"url":"https:\/\/comune.santacroce.pi.it\/oldsite\/author\/gestore\/"}]}},"jetpack_featured_media_url":"https:\/\/comune.santacroce.pi.it\/oldsite\/wp-content\/uploads\/2018\/02\/PUBBLICA-SICUREZZA.png","meta_box":{"comunicacity_sync":"","cc4_urg_colore":"","cc4_urg_data_inizio":"","cc4_urg_data_fine":"","cc4_cor_positivi_oggi":"","cc4_cor_negativizzati_oggi":"","cc4_cor_deceduti_oggi":"","cc4_cor_positivi_totali":"","cc4_cor_negativizzati_totali":"","cc4_cor_deceduti_totali":"","cc4_cor_attualmente_positivi":"","cc4_eve_data_inizio":"","cc4_eve_data_fine":"","cc4_eve_indirizzo":"","cc4_eve_posizione":{"latitude":"","longitude":"","zoom":""},"cc4_eve_telefono":"","cc4_eve_email":"","cc4_eve_web":"","cc4_eve_fb":""},"_links":{"self":[{"href":"https:\/\/comune.santacroce.pi.it\/oldsite\/wp-json\/wp\/v2\/posts\/18255","targetHints":{"allow":["GET"]}}],"collection":[{"href":"https:\/\/comune.santacroce.pi.it\/oldsite\/wp-json\/wp\/v2\/posts"}],"about":[{"href":"https:\/\/comune.santacroce.pi.it\/oldsite\/wp-json\/wp\/v2\/types\/post"}],"author":[{"embeddable":true,"href":"https:\/\/comune.santacroce.pi.it\/oldsite\/wp-json\/wp\/v2\/users\/10"}],"replies":[{"embeddable":true,"href":"https:\/\/comune.santacroce.pi.it\/oldsite\/wp-json\/wp\/v2\/comments?post=18255"}],"version-history":[{"count":0,"href":"https:\/\/comune.santacroce.pi.it\/oldsite\/wp-json\/wp\/v2\/posts\/18255\/revisions"}],"wp:featuredmedia":[{"embeddable":true,"href":"https:\/\/comune.santacroce.pi.it\/oldsite\/wp-json\/wp\/v2\/media\/13427"}],"wp:attachment":[{"href":"https:\/\/comune.santacroce.pi.it\/oldsite\/wp-json\/wp\/v2\/media?parent=18255"}],"wp:term":[{"taxonomy":"category","embeddable":true,"href":"https:\/\/comune.santacroce.pi.it\/oldsite\/wp-json\/wp\/v2\/categories?post=18255"},{"taxonomy":"post_tag","embeddable":true,"href":"https:\/\/comune.santacroce.pi.it\/oldsite\/wp-json\/wp\/v2\/tags?post=18255"}],"curies":[{"name":"wp","href":"https:\/\/api.w.org\/{rel}","templated":true}]}}