{"id":18237,"date":"2021-03-27T10:14:06","date_gmt":"2021-03-27T09:14:06","guid":{"rendered":"https:\/\/comune.santacroce.pi.it\/oldsite\/?p=18237"},"modified":"2022-01-10T09:51:47","modified_gmt":"2022-01-10T08:51:47","slug":"toscana-in-zona-rossa","status":"publish","type":"post","link":"https:\/\/comune.santacroce.pi.it\/oldsite\/toscana-in-zona-rossa\/","title":{"rendered":"Toscana in zona rossa"},"content":{"rendered":"<div class=\"body\">\n<p>Come annunciato dal Presidente della Regione Toscana Eugenio Giani,tutta la regione Toscana passa in zona rossa nel periodo che va da luned\u00ec 29 marzo a venerd\u00ec 2 aprile 2021.<\/p>\n<p>Si ricorda che <a href=\"https:\/\/comune.santacroce.pi.it\/oldsite\/covid-19-nuovo-dpcm-del-2-marzo-2021\/\">in base al Dpcm del 2 marzo 2021<\/a>, per la zona rossa valgono le misure previste per la zona gialla con le seguenti restrizioni:<\/p>\n<p><strong>SPOSTAMENTI<\/strong><br \/>\n\u00c8 vietato ogni spostamento in entrata e in uscita dai territori in zona rossa salvo che per motivi di lavoro, studio, salute e situazioni di necessit\u00e0.<br \/>\n\u00c8 comunque consentito il rientro alla propria residenza, domicilio o abitazione.<\/p>\n<p><strong>ATTIVIT\u00c0 MOTORIA E SPORTIVA<\/strong><br \/>\nTutte le attivit\u00e0 sportive e motorie, anche se svolte nei centri sportivi all\u2019aperto, sono sospese.<br \/>\nSono consentite le attivit\u00e0 motorie individuali svolte all\u2019aperto in prossimit\u00e0 della propria abitazione nel rispetto della distanza di almeno un metro e con obbligo di utilizzo di dispositivi di protezione.<br \/>\n\u00c8 consentita l\u2019attivit\u00e0 sportiva esclusivamente all\u2019aperto e in forma individuale.<\/p>\n<p><strong>MUSEI, MOSTRE, ALTRI LUOGHI DELLA CULTURA E SPETTACOLI<\/strong><br \/>\nMusei e mostre sono chiusi al pubblico.<br \/>\nBiblioteche ed archivi sono aperti. I servizi sono disponibili solo su prenotazione.<br \/>\nGli spettacoli aperti al pubblico nei teatri e nei cinema sono sospesi.<\/p>\n<p><strong>SCUOLE<\/strong><br \/>\nSono sospese le attivit\u00e0 dei servizi educativi dell\u2019infanzia.<br \/>\nLe attivit\u00e0 didattiche di ogni ordine e grado si svolgono esclusivamente con modalit\u00e0 a distanza.<\/p>\n<p><strong>ATTIVIT\u00c0 COMMERCIALI E SERVIZI ALLA PERSONA<\/strong><br \/>\nSono sospese le attivit\u00e0 commerciali al dettaglio ad eccezione delle attivit\u00e0 di vendita di generi alimentari e di prima necessit\u00e0.<br \/>\nSono chiusi i mercati salvo la vendita di generi alimentari, prodotti agricoli e florovivaistici.<br \/>\nRestano aperte le edicole, i tabaccai, le farmacie e le parafarmacie.<br \/>\nSono sospese le attivit\u00e0 di servizi alla persona tranne le lavanderie.<\/p>\n<p><strong>RISTORAZIONE<\/strong><br \/>\nSono sospese le attivit\u00e0 dei servizi di ristorazione.<br \/>\nResta consentita la consegna a domicilio, nonch\u00e9 fino alle ore 22.00 la ristorazione con asporto, con divieto di consumazione sul posto o nelle adiacenze.<br \/>\nPer bar ed esercizi simili senza cucina l\u2019asporto \u00e8 consentito esclusivamente fino alle ore 18.00, ma non per il commercio al dettaglio di bevande in esercizi specializzati: questi potranno restare aperti fino al consueto orario di chiusura.<br \/>\nAttivit\u00e0 di mense e catering continuativo su base contrattuale, nonch\u00e9 attivit\u00e0 per la ristorazione negli alberghi e nelle altre strutture ricettive possono essere svolte, nel rispetto della legislazione vigente in tema di attivit\u00e0 produttive, anche da quei pubblici esercizi che instaurino un rapporto contrattuale con un\u2019azienda, ai fini dell&#8217;erogazione del servizio in favore dei relativi dipendenti.<\/p>\n<\/div>\n","protected":false},"excerpt":{"rendered":"<p>Come annunciato dal Presidente della Regione Toscana Eugenio Giani,tutta la regione Toscana passa in zona rossa nel periodo che va da luned\u00ec 29 marzo a venerd\u00ec 2 aprile 2021. Si [&hellip;]<\/p>\n","protected":false},"author":10,"featured_media":13427,"comment_status":"closed","ping_status":"closed","sticky":false,"template":"","format":"standard","meta":{"footnotes":""},"categories":[484,160],"tags":[402],"class_list":["post-18237","post","type-post","status-publish","format-standard","has-post-thumbnail","hentry","category-covid-19","category-pubblica-sicurezza","tag-covid-19"],"yoast_head":"<!-- This site is optimized with the Yoast SEO plugin v24.7 - https:\/\/yoast.com\/wordpress\/plugins\/seo\/ -->\n<title>Toscana in zona rossa - Comune di Santa Croce sull&#039;Arno<\/title>\n<meta name=\"robots\" content=\"index, follow, max-snippet:-1, max-image-preview:large, max-video-preview:-1\" \/>\n<link rel=\"canonical\" href=\"https:\/\/comune.santacroce.pi.it\/oldsite\/toscana-in-zona-rossa\/\" \/>\n<meta property=\"og:locale\" content=\"it_IT\" \/>\n<meta property=\"og:type\" content=\"article\" \/>\n<meta property=\"og:title\" content=\"Toscana in zona rossa - Comune di Santa Croce sull&#039;Arno\" \/>\n<meta property=\"og:description\" content=\"Come annunciato dal Presidente della Regione Toscana Eugenio Giani,tutta la regione Toscana passa in zona rossa nel periodo che va da luned\u00ec 29 marzo a venerd\u00ec 2 aprile 2021. Si [&hellip;]\" \/>\n<meta property=\"og:url\" content=\"https:\/\/comune.santacroce.pi.it\/oldsite\/toscana-in-zona-rossa\/\" \/>\n<meta property=\"og:site_name\" content=\"Comune di Santa Croce sull&#039;Arno\" \/>\n<meta property=\"article:published_time\" content=\"2021-03-27T09:14:06+00:00\" \/>\n<meta property=\"article:modified_time\" content=\"2022-01-10T08:51:47+00:00\" \/>\n<meta property=\"og:image\" content=\"https:\/\/comune.santacroce.pi.it\/oldsite\/wp-content\/uploads\/2018\/02\/PUBBLICA-SICUREZZA.png\" \/>\n\t<meta property=\"og:image:width\" content=\"800\" \/>\n\t<meta property=\"og:image:height\" content=\"600\" \/>\n\t<meta property=\"og:image:type\" content=\"image\/png\" \/>\n<meta name=\"author\" content=\"gestore\" \/>\n<meta name=\"twitter:card\" content=\"summary_large_image\" \/>\n<meta name=\"twitter:label1\" content=\"Scritto da\" \/>\n\t<meta name=\"twitter:data1\" content=\"gestore\" \/>\n\t<meta name=\"twitter:label2\" content=\"Tempo di lettura stimato\" \/>\n\t<meta name=\"twitter:data2\" content=\"2 minuti\" \/>\n<script type=\"application\/ld+json\" class=\"yoast-schema-graph\">{\"@context\":\"https:\/\/schema.org\",\"@graph\":[{\"@type\":\"Article\",\"@id\":\"https:\/\/comune.santacroce.pi.it\/oldsite\/toscana-in-zona-rossa\/#article\",\"isPartOf\":{\"@id\":\"https:\/\/comune.santacroce.pi.it\/oldsite\/toscana-in-zona-rossa\/\"},\"author\":{\"name\":\"gestore\",\"@id\":\"https:\/\/comune.santacroce.pi.it\/oldsite\/#\/schema\/person\/5212fa237eb523c5c88b1f51cae14ae4\"},\"headline\":\"Toscana in zona rossa\",\"datePublished\":\"2021-03-27T09:14:06+00:00\",\"dateModified\":\"2022-01-10T08:51:47+00:00\",\"mainEntityOfPage\":{\"@id\":\"https:\/\/comune.santacroce.pi.it\/oldsite\/toscana-in-zona-rossa\/\"},\"wordCount\":406,\"publisher\":{\"@id\":\"https:\/\/comune.santacroce.pi.it\/oldsite\/#organization\"},\"image\":{\"@id\":\"https:\/\/comune.santacroce.pi.it\/oldsite\/toscana-in-zona-rossa\/#primaryimage\"},\"thumbnailUrl\":\"https:\/\/comune.santacroce.pi.it\/oldsite\/wp-content\/uploads\/2018\/02\/PUBBLICA-SICUREZZA.png\",\"keywords\":[\"Covid-19\"],\"articleSection\":[\"Covid-19\",\"Pubblica sicurezza\"],\"inLanguage\":\"it-IT\"},{\"@type\":\"WebPage\",\"@id\":\"https:\/\/comune.santacroce.pi.it\/oldsite\/toscana-in-zona-rossa\/\",\"url\":\"https:\/\/comune.santacroce.pi.it\/oldsite\/toscana-in-zona-rossa\/\",\"name\":\"Toscana in zona rossa - Comune di Santa Croce sull&#039;Arno\",\"isPartOf\":{\"@id\":\"https:\/\/comune.santacroce.pi.it\/oldsite\/#website\"},\"primaryImageOfPage\":{\"@id\":\"https:\/\/comune.santacroce.pi.it\/oldsite\/toscana-in-zona-rossa\/#primaryimage\"},\"image\":{\"@id\":\"https:\/\/comune.santacroce.pi.it\/oldsite\/toscana-in-zona-rossa\/#primaryimage\"},\"thumbnailUrl\":\"https:\/\/comune.santacroce.pi.it\/oldsite\/wp-content\/uploads\/2018\/02\/PUBBLICA-SICUREZZA.png\",\"datePublished\":\"2021-03-27T09:14:06+00:00\",\"dateModified\":\"2022-01-10T08:51:47+00:00\",\"breadcrumb\":{\"@id\":\"https:\/\/comune.santacroce.pi.it\/oldsite\/toscana-in-zona-rossa\/#breadcrumb\"},\"inLanguage\":\"it-IT\",\"potentialAction\":[{\"@type\":\"ReadAction\",\"target\":[\"https:\/\/comune.santacroce.pi.it\/oldsite\/toscana-in-zona-rossa\/\"]}]},{\"@type\":\"ImageObject\",\"inLanguage\":\"it-IT\",\"@id\":\"https:\/\/comune.santacroce.pi.it\/oldsite\/toscana-in-zona-rossa\/#primaryimage\",\"url\":\"https:\/\/comune.santacroce.pi.it\/oldsite\/wp-content\/uploads\/2018\/02\/PUBBLICA-SICUREZZA.png\",\"contentUrl\":\"https:\/\/comune.santacroce.pi.it\/oldsite\/wp-content\/uploads\/2018\/02\/PUBBLICA-SICUREZZA.png\",\"width\":800,\"height\":600},{\"@type\":\"BreadcrumbList\",\"@id\":\"https:\/\/comune.santacroce.pi.it\/oldsite\/toscana-in-zona-rossa\/#breadcrumb\",\"itemListElement\":[{\"@type\":\"ListItem\",\"position\":1,\"name\":\"Home\",\"item\":\"https:\/\/comune.santacroce.pi.it\/oldsite\/\"},{\"@type\":\"ListItem\",\"position\":2,\"name\":\"Toscana in zona rossa\"}]},{\"@type\":\"WebSite\",\"@id\":\"https:\/\/comune.santacroce.pi.it\/oldsite\/#website\",\"url\":\"https:\/\/comune.santacroce.pi.it\/oldsite\/\",\"name\":\"Comune di Santa Croce sull&#039;Arno\",\"description\":\"Provincia di Pisa\",\"publisher\":{\"@id\":\"https:\/\/comune.santacroce.pi.it\/oldsite\/#organization\"},\"potentialAction\":[{\"@type\":\"SearchAction\",\"target\":{\"@type\":\"EntryPoint\",\"urlTemplate\":\"https:\/\/comune.santacroce.pi.it\/oldsite\/?s={search_term_string}\"},\"query-input\":{\"@type\":\"PropertyValueSpecification\",\"valueRequired\":true,\"valueName\":\"search_term_string\"}}],\"inLanguage\":\"it-IT\"},{\"@type\":\"Organization\",\"@id\":\"https:\/\/comune.santacroce.pi.it\/oldsite\/#organization\",\"name\":\"Comune di Santa Croce sull'Arno\",\"url\":\"https:\/\/comune.santacroce.pi.it\/oldsite\/\",\"logo\":{\"@type\":\"ImageObject\",\"inLanguage\":\"it-IT\",\"@id\":\"https:\/\/comune.santacroce.pi.it\/oldsite\/#\/schema\/logo\/image\/\",\"url\":\"https:\/\/comune.santacroce.pi.it\/oldsite\/wp-content\/uploads\/2021\/02\/cropped-Stemma-Santa-Croce-dellArno_500-1.png\",\"contentUrl\":\"https:\/\/comune.santacroce.pi.it\/oldsite\/wp-content\/uploads\/2021\/02\/cropped-Stemma-Santa-Croce-dellArno_500-1.png\",\"width\":500,\"height\":500,\"caption\":\"Comune di Santa Croce sull'Arno\"},\"image\":{\"@id\":\"https:\/\/comune.santacroce.pi.it\/oldsite\/#\/schema\/logo\/image\/\"}},{\"@type\":\"Person\",\"@id\":\"https:\/\/comune.santacroce.pi.it\/oldsite\/#\/schema\/person\/5212fa237eb523c5c88b1f51cae14ae4\",\"name\":\"gestore\",\"image\":{\"@type\":\"ImageObject\",\"inLanguage\":\"it-IT\",\"@id\":\"https:\/\/comune.santacroce.pi.it\/oldsite\/#\/schema\/person\/image\/\",\"url\":\"https:\/\/secure.gravatar.com\/avatar\/0759b03a30f73df39010a5fcb1380615?s=96&d=mm&r=g\",\"contentUrl\":\"https:\/\/secure.gravatar.com\/avatar\/0759b03a30f73df39010a5fcb1380615?s=96&d=mm&r=g\",\"caption\":\"gestore\"},\"url\":\"https:\/\/comune.santacroce.pi.it\/oldsite\/author\/gestore\/\"}]}<\/script>\n<!-- \/ Yoast SEO plugin. -->","yoast_head_json":{"title":"Toscana in zona rossa - Comune di Santa Croce sull&#039;Arno","robots":{"index":"index","follow":"follow","max-snippet":"max-snippet:-1","max-image-preview":"max-image-preview:large","max-video-preview":"max-video-preview:-1"},"canonical":"https:\/\/comune.santacroce.pi.it\/oldsite\/toscana-in-zona-rossa\/","og_locale":"it_IT","og_type":"article","og_title":"Toscana in zona rossa - Comune di Santa Croce sull&#039;Arno","og_description":"Come annunciato dal Presidente della Regione Toscana Eugenio Giani,tutta la regione Toscana passa in zona rossa nel periodo che va da luned\u00ec 29 marzo a venerd\u00ec 2 aprile 2021. Si [&hellip;]","og_url":"https:\/\/comune.santacroce.pi.it\/oldsite\/toscana-in-zona-rossa\/","og_site_name":"Comune di Santa Croce sull&#039;Arno","article_published_time":"2021-03-27T09:14:06+00:00","article_modified_time":"2022-01-10T08:51:47+00:00","og_image":[{"width":800,"height":600,"url":"https:\/\/comune.santacroce.pi.it\/oldsite\/wp-content\/uploads\/2018\/02\/PUBBLICA-SICUREZZA.png","type":"image\/png"}],"author":"gestore","twitter_card":"summary_large_image","twitter_misc":{"Scritto da":"gestore","Tempo di lettura stimato":"2 minuti"},"schema":{"@context":"https:\/\/schema.org","@graph":[{"@type":"Article","@id":"https:\/\/comune.santacroce.pi.it\/oldsite\/toscana-in-zona-rossa\/#article","isPartOf":{"@id":"https:\/\/comune.santacroce.pi.it\/oldsite\/toscana-in-zona-rossa\/"},"author":{"name":"gestore","@id":"https:\/\/comune.santacroce.pi.it\/oldsite\/#\/schema\/person\/5212fa237eb523c5c88b1f51cae14ae4"},"headline":"Toscana in zona rossa","datePublished":"2021-03-27T09:14:06+00:00","dateModified":"2022-01-10T08:51:47+00:00","mainEntityOfPage":{"@id":"https:\/\/comune.santacroce.pi.it\/oldsite\/toscana-in-zona-rossa\/"},"wordCount":406,"publisher":{"@id":"https:\/\/comune.santacroce.pi.it\/oldsite\/#organization"},"image":{"@id":"https:\/\/comune.santacroce.pi.it\/oldsite\/toscana-in-zona-rossa\/#primaryimage"},"thumbnailUrl":"https:\/\/comune.santacroce.pi.it\/oldsite\/wp-content\/uploads\/2018\/02\/PUBBLICA-SICUREZZA.png","keywords":["Covid-19"],"articleSection":["Covid-19","Pubblica sicurezza"],"inLanguage":"it-IT"},{"@type":"WebPage","@id":"https:\/\/comune.santacroce.pi.it\/oldsite\/toscana-in-zona-rossa\/","url":"https:\/\/comune.santacroce.pi.it\/oldsite\/toscana-in-zona-rossa\/","name":"Toscana in zona rossa - Comune di Santa Croce sull&#039;Arno","isPartOf":{"@id":"https:\/\/comune.santacroce.pi.it\/oldsite\/#website"},"primaryImageOfPage":{"@id":"https:\/\/comune.santacroce.pi.it\/oldsite\/toscana-in-zona-rossa\/#primaryimage"},"image":{"@id":"https:\/\/comune.santacroce.pi.it\/oldsite\/toscana-in-zona-rossa\/#primaryimage"},"thumbnailUrl":"https:\/\/comune.santacroce.pi.it\/oldsite\/wp-content\/uploads\/2018\/02\/PUBBLICA-SICUREZZA.png","datePublished":"2021-03-27T09:14:06+00:00","dateModified":"2022-01-10T08:51:47+00:00","breadcrumb":{"@id":"https:\/\/comune.santacroce.pi.it\/oldsite\/toscana-in-zona-rossa\/#breadcrumb"},"inLanguage":"it-IT","potentialAction":[{"@type":"ReadAction","target":["https:\/\/comune.santacroce.pi.it\/oldsite\/toscana-in-zona-rossa\/"]}]},{"@type":"ImageObject","inLanguage":"it-IT","@id":"https:\/\/comune.santacroce.pi.it\/oldsite\/toscana-in-zona-rossa\/#primaryimage","url":"https:\/\/comune.santacroce.pi.it\/oldsite\/wp-content\/uploads\/2018\/02\/PUBBLICA-SICUREZZA.png","contentUrl":"https:\/\/comune.santacroce.pi.it\/oldsite\/wp-content\/uploads\/2018\/02\/PUBBLICA-SICUREZZA.png","width":800,"height":600},{"@type":"BreadcrumbList","@id":"https:\/\/comune.santacroce.pi.it\/oldsite\/toscana-in-zona-rossa\/#breadcrumb","itemListElement":[{"@type":"ListItem","position":1,"name":"Home","item":"https:\/\/comune.santacroce.pi.it\/oldsite\/"},{"@type":"ListItem","position":2,"name":"Toscana in zona rossa"}]},{"@type":"WebSite","@id":"https:\/\/comune.santacroce.pi.it\/oldsite\/#website","url":"https:\/\/comune.santacroce.pi.it\/oldsite\/","name":"Comune di Santa Croce sull&#039;Arno","description":"Provincia di Pisa","publisher":{"@id":"https:\/\/comune.santacroce.pi.it\/oldsite\/#organization"},"potentialAction":[{"@type":"SearchAction","target":{"@type":"EntryPoint","urlTemplate":"https:\/\/comune.santacroce.pi.it\/oldsite\/?s={search_term_string}"},"query-input":{"@type":"PropertyValueSpecification","valueRequired":true,"valueName":"search_term_string"}}],"inLanguage":"it-IT"},{"@type":"Organization","@id":"https:\/\/comune.santacroce.pi.it\/oldsite\/#organization","name":"Comune di Santa Croce sull'Arno","url":"https:\/\/comune.santacroce.pi.it\/oldsite\/","logo":{"@type":"ImageObject","inLanguage":"it-IT","@id":"https:\/\/comune.santacroce.pi.it\/oldsite\/#\/schema\/logo\/image\/","url":"https:\/\/comune.santacroce.pi.it\/oldsite\/wp-content\/uploads\/2021\/02\/cropped-Stemma-Santa-Croce-dellArno_500-1.png","contentUrl":"https:\/\/comune.santacroce.pi.it\/oldsite\/wp-content\/uploads\/2021\/02\/cropped-Stemma-Santa-Croce-dellArno_500-1.png","width":500,"height":500,"caption":"Comune di Santa Croce sull'Arno"},"image":{"@id":"https:\/\/comune.santacroce.pi.it\/oldsite\/#\/schema\/logo\/image\/"}},{"@type":"Person","@id":"https:\/\/comune.santacroce.pi.it\/oldsite\/#\/schema\/person\/5212fa237eb523c5c88b1f51cae14ae4","name":"gestore","image":{"@type":"ImageObject","inLanguage":"it-IT","@id":"https:\/\/comune.santacroce.pi.it\/oldsite\/#\/schema\/person\/image\/","url":"https:\/\/secure.gravatar.com\/avatar\/0759b03a30f73df39010a5fcb1380615?s=96&d=mm&r=g","contentUrl":"https:\/\/secure.gravatar.com\/avatar\/0759b03a30f73df39010a5fcb1380615?s=96&d=mm&r=g","caption":"gestore"},"url":"https:\/\/comune.santacroce.pi.it\/oldsite\/author\/gestore\/"}]}},"jetpack_featured_media_url":"https:\/\/comune.santacroce.pi.it\/oldsite\/wp-content\/uploads\/2018\/02\/PUBBLICA-SICUREZZA.png","meta_box":{"comunicacity_sync":"","cc4_urg_colore":"","cc4_urg_data_inizio":"","cc4_urg_data_fine":"","cc4_cor_positivi_oggi":"","cc4_cor_negativizzati_oggi":"","cc4_cor_deceduti_oggi":"","cc4_cor_positivi_totali":"","cc4_cor_negativizzati_totali":"","cc4_cor_deceduti_totali":"","cc4_cor_attualmente_positivi":"","cc4_eve_data_inizio":"","cc4_eve_data_fine":"","cc4_eve_indirizzo":"","cc4_eve_posizione":{"latitude":"","longitude":"","zoom":""},"cc4_eve_telefono":"","cc4_eve_email":"","cc4_eve_web":"","cc4_eve_fb":""},"_links":{"self":[{"href":"https:\/\/comune.santacroce.pi.it\/oldsite\/wp-json\/wp\/v2\/posts\/18237","targetHints":{"allow":["GET"]}}],"collection":[{"href":"https:\/\/comune.santacroce.pi.it\/oldsite\/wp-json\/wp\/v2\/posts"}],"about":[{"href":"https:\/\/comune.santacroce.pi.it\/oldsite\/wp-json\/wp\/v2\/types\/post"}],"author":[{"embeddable":true,"href":"https:\/\/comune.santacroce.pi.it\/oldsite\/wp-json\/wp\/v2\/users\/10"}],"replies":[{"embeddable":true,"href":"https:\/\/comune.santacroce.pi.it\/oldsite\/wp-json\/wp\/v2\/comments?post=18237"}],"version-history":[{"count":0,"href":"https:\/\/comune.santacroce.pi.it\/oldsite\/wp-json\/wp\/v2\/posts\/18237\/revisions"}],"wp:featuredmedia":[{"embeddable":true,"href":"https:\/\/comune.santacroce.pi.it\/oldsite\/wp-json\/wp\/v2\/media\/13427"}],"wp:attachment":[{"href":"https:\/\/comune.santacroce.pi.it\/oldsite\/wp-json\/wp\/v2\/media?parent=18237"}],"wp:term":[{"taxonomy":"category","embeddable":true,"href":"https:\/\/comune.santacroce.pi.it\/oldsite\/wp-json\/wp\/v2\/categories?post=18237"},{"taxonomy":"post_tag","embeddable":true,"href":"https:\/\/comune.santacroce.pi.it\/oldsite\/wp-json\/wp\/v2\/tags?post=18237"}],"curies":[{"name":"wp","href":"https:\/\/api.w.org\/{rel}","templated":true}]}}