{"id":17907,"date":"2021-02-25T12:24:31","date_gmt":"2021-02-25T11:24:31","guid":{"rendered":"https:\/\/comune.santacroce.pi.it\/oldsite\/?p=17907"},"modified":"2021-02-26T12:24:38","modified_gmt":"2021-02-26T11:24:38","slug":"graduatoria-integrativa-a-bando-iscrizione-servizi-prima-infanzia-a-e-2020-2021","status":"publish","type":"post","link":"https:\/\/comune.santacroce.pi.it\/oldsite\/graduatoria-integrativa-a-bando-iscrizione-servizi-prima-infanzia-a-e-2020-2021\/","title":{"rendered":"Graduatoria integrativa a Bando iscrizione servizi prima infanzia a.e. 2020\/2021"},"content":{"rendered":"<p>Con Determinazione n. 128 del 23\/02\/2021 \u00e8 stata approvata la graduatoria integrativa a.e. 2020\/2021 per i Servizi educativi Comunali per la prima infanzia.<\/p>\n<p>Di seguito alleghiamo la lista di attesa.<\/p>\n<p>Per qualsiasi informazione circa le iscrizioni ai Nidi Comunali Petuzzino, Arr\u00ec Arr\u00f2 e L&#8217;Isola che c&#8217;\u00e8 (per i 5 posti convenzionati) o al Centro Bambini e Genitori La Ghironda \u00e8 possibile rivolgersi all&#8217;Ufficio Scuola previo appuntamento telefonico chiamando il numero 0571-389975.<\/p>\n","protected":false},"excerpt":{"rendered":"<p>Con Determinazione n. 128 del 23\/02\/2021 \u00e8 stata approvata la graduatoria integrativa a.e. 2020\/2021 per i Servizi educativi Comunali per la prima infanzia. Di seguito alleghiamo la lista di attesa. [&hellip;]<\/p>\n","protected":false},"author":10,"featured_media":17909,"comment_status":"closed","ping_status":"closed","sticky":false,"template":"","format":"standard","meta":{"footnotes":""},"categories":[153],"tags":[],"class_list":["post-17907","post","type-post","status-publish","format-standard","has-post-thumbnail","hentry","category-bandi-e-concorsi"],"yoast_head":"<!-- This site is optimized with the Yoast SEO plugin v24.7 - https:\/\/yoast.com\/wordpress\/plugins\/seo\/ -->\n<title>Graduatoria integrativa a Bando iscrizione servizi prima infanzia a.e. 2020\/2021 - Comune di Santa Croce sull&#039;Arno<\/title>\n<meta name=\"robots\" content=\"index, follow, max-snippet:-1, max-image-preview:large, max-video-preview:-1\" \/>\n<link rel=\"canonical\" href=\"https:\/\/comune.santacroce.pi.it\/oldsite\/graduatoria-integrativa-a-bando-iscrizione-servizi-prima-infanzia-a-e-2020-2021\/\" \/>\n<meta property=\"og:locale\" content=\"it_IT\" \/>\n<meta property=\"og:type\" content=\"article\" \/>\n<meta property=\"og:title\" content=\"Graduatoria integrativa a Bando iscrizione servizi prima infanzia a.e. 2020\/2021 - Comune di Santa Croce sull&#039;Arno\" \/>\n<meta property=\"og:description\" content=\"Con Determinazione n. 128 del 23\/02\/2021 \u00e8 stata approvata la graduatoria integrativa a.e. 2020\/2021 per i Servizi educativi Comunali per la prima infanzia. Di seguito alleghiamo la lista di attesa. [&hellip;]\" \/>\n<meta property=\"og:url\" content=\"https:\/\/comune.santacroce.pi.it\/oldsite\/graduatoria-integrativa-a-bando-iscrizione-servizi-prima-infanzia-a-e-2020-2021\/\" \/>\n<meta property=\"og:site_name\" content=\"Comune di Santa Croce sull&#039;Arno\" \/>\n<meta property=\"article:published_time\" content=\"2021-02-25T11:24:31+00:00\" \/>\n<meta property=\"article:modified_time\" content=\"2021-02-26T11:24:38+00:00\" \/>\n<meta property=\"og:image\" content=\"https:\/\/comune.santacroce.pi.it\/oldsite\/wp-content\/uploads\/2021\/02\/Laboratori-scolastici.jpg\" \/>\n\t<meta property=\"og:image:width\" content=\"800\" \/>\n\t<meta property=\"og:image:height\" content=\"536\" \/>\n\t<meta property=\"og:image:type\" content=\"image\/jpeg\" \/>\n<meta name=\"author\" content=\"gestore\" \/>\n<meta name=\"twitter:card\" content=\"summary_large_image\" \/>\n<meta name=\"twitter:label1\" content=\"Scritto da\" \/>\n\t<meta name=\"twitter:data1\" content=\"gestore\" \/>\n<script type=\"application\/ld+json\" class=\"yoast-schema-graph\">{\"@context\":\"https:\/\/schema.org\",\"@graph\":[{\"@type\":\"Article\",\"@id\":\"https:\/\/comune.santacroce.pi.it\/oldsite\/graduatoria-integrativa-a-bando-iscrizione-servizi-prima-infanzia-a-e-2020-2021\/#article\",\"isPartOf\":{\"@id\":\"https:\/\/comune.santacroce.pi.it\/oldsite\/graduatoria-integrativa-a-bando-iscrizione-servizi-prima-infanzia-a-e-2020-2021\/\"},\"author\":{\"name\":\"gestore\",\"@id\":\"https:\/\/comune.santacroce.pi.it\/oldsite\/#\/schema\/person\/5212fa237eb523c5c88b1f51cae14ae4\"},\"headline\":\"Graduatoria integrativa a Bando iscrizione servizi prima infanzia a.e. 2020\/2021\",\"datePublished\":\"2021-02-25T11:24:31+00:00\",\"dateModified\":\"2021-02-26T11:24:38+00:00\",\"mainEntityOfPage\":{\"@id\":\"https:\/\/comune.santacroce.pi.it\/oldsite\/graduatoria-integrativa-a-bando-iscrizione-servizi-prima-infanzia-a-e-2020-2021\/\"},\"wordCount\":78,\"publisher\":{\"@id\":\"https:\/\/comune.santacroce.pi.it\/oldsite\/#organization\"},\"image\":{\"@id\":\"https:\/\/comune.santacroce.pi.it\/oldsite\/graduatoria-integrativa-a-bando-iscrizione-servizi-prima-infanzia-a-e-2020-2021\/#primaryimage\"},\"thumbnailUrl\":\"https:\/\/comune.santacroce.pi.it\/oldsite\/wp-content\/uploads\/2021\/02\/Laboratori-scolastici.jpg\",\"articleSection\":[\"Bandi e Concorsi\"],\"inLanguage\":\"it-IT\"},{\"@type\":\"WebPage\",\"@id\":\"https:\/\/comune.santacroce.pi.it\/oldsite\/graduatoria-integrativa-a-bando-iscrizione-servizi-prima-infanzia-a-e-2020-2021\/\",\"url\":\"https:\/\/comune.santacroce.pi.it\/oldsite\/graduatoria-integrativa-a-bando-iscrizione-servizi-prima-infanzia-a-e-2020-2021\/\",\"name\":\"Graduatoria integrativa a Bando iscrizione servizi prima infanzia a.e. 2020\/2021 - Comune di Santa Croce sull&#039;Arno\",\"isPartOf\":{\"@id\":\"https:\/\/comune.santacroce.pi.it\/oldsite\/#website\"},\"primaryImageOfPage\":{\"@id\":\"https:\/\/comune.santacroce.pi.it\/oldsite\/graduatoria-integrativa-a-bando-iscrizione-servizi-prima-infanzia-a-e-2020-2021\/#primaryimage\"},\"image\":{\"@id\":\"https:\/\/comune.santacroce.pi.it\/oldsite\/graduatoria-integrativa-a-bando-iscrizione-servizi-prima-infanzia-a-e-2020-2021\/#primaryimage\"},\"thumbnailUrl\":\"https:\/\/comune.santacroce.pi.it\/oldsite\/wp-content\/uploads\/2021\/02\/Laboratori-scolastici.jpg\",\"datePublished\":\"2021-02-25T11:24:31+00:00\",\"dateModified\":\"2021-02-26T11:24:38+00:00\",\"breadcrumb\":{\"@id\":\"https:\/\/comune.santacroce.pi.it\/oldsite\/graduatoria-integrativa-a-bando-iscrizione-servizi-prima-infanzia-a-e-2020-2021\/#breadcrumb\"},\"inLanguage\":\"it-IT\",\"potentialAction\":[{\"@type\":\"ReadAction\",\"target\":[\"https:\/\/comune.santacroce.pi.it\/oldsite\/graduatoria-integrativa-a-bando-iscrizione-servizi-prima-infanzia-a-e-2020-2021\/\"]}]},{\"@type\":\"ImageObject\",\"inLanguage\":\"it-IT\",\"@id\":\"https:\/\/comune.santacroce.pi.it\/oldsite\/graduatoria-integrativa-a-bando-iscrizione-servizi-prima-infanzia-a-e-2020-2021\/#primaryimage\",\"url\":\"https:\/\/comune.santacroce.pi.it\/oldsite\/wp-content\/uploads\/2021\/02\/Laboratori-scolastici.jpg\",\"contentUrl\":\"https:\/\/comune.santacroce.pi.it\/oldsite\/wp-content\/uploads\/2021\/02\/Laboratori-scolastici.jpg\",\"width\":800,\"height\":536},{\"@type\":\"BreadcrumbList\",\"@id\":\"https:\/\/comune.santacroce.pi.it\/oldsite\/graduatoria-integrativa-a-bando-iscrizione-servizi-prima-infanzia-a-e-2020-2021\/#breadcrumb\",\"itemListElement\":[{\"@type\":\"ListItem\",\"position\":1,\"name\":\"Home\",\"item\":\"https:\/\/comune.santacroce.pi.it\/oldsite\/\"},{\"@type\":\"ListItem\",\"position\":2,\"name\":\"Graduatoria integrativa a Bando iscrizione servizi prima infanzia a.e. 2020\/2021\"}]},{\"@type\":\"WebSite\",\"@id\":\"https:\/\/comune.santacroce.pi.it\/oldsite\/#website\",\"url\":\"https:\/\/comune.santacroce.pi.it\/oldsite\/\",\"name\":\"Comune di Santa Croce sull&#039;Arno\",\"description\":\"Provincia di Pisa\",\"publisher\":{\"@id\":\"https:\/\/comune.santacroce.pi.it\/oldsite\/#organization\"},\"potentialAction\":[{\"@type\":\"SearchAction\",\"target\":{\"@type\":\"EntryPoint\",\"urlTemplate\":\"https:\/\/comune.santacroce.pi.it\/oldsite\/?s={search_term_string}\"},\"query-input\":{\"@type\":\"PropertyValueSpecification\",\"valueRequired\":true,\"valueName\":\"search_term_string\"}}],\"inLanguage\":\"it-IT\"},{\"@type\":\"Organization\",\"@id\":\"https:\/\/comune.santacroce.pi.it\/oldsite\/#organization\",\"name\":\"Comune di Santa Croce sull'Arno\",\"url\":\"https:\/\/comune.santacroce.pi.it\/oldsite\/\",\"logo\":{\"@type\":\"ImageObject\",\"inLanguage\":\"it-IT\",\"@id\":\"https:\/\/comune.santacroce.pi.it\/oldsite\/#\/schema\/logo\/image\/\",\"url\":\"https:\/\/comune.santacroce.pi.it\/oldsite\/wp-content\/uploads\/2021\/02\/cropped-Stemma-Santa-Croce-dellArno_500-1.png\",\"contentUrl\":\"https:\/\/comune.santacroce.pi.it\/oldsite\/wp-content\/uploads\/2021\/02\/cropped-Stemma-Santa-Croce-dellArno_500-1.png\",\"width\":500,\"height\":500,\"caption\":\"Comune di Santa Croce sull'Arno\"},\"image\":{\"@id\":\"https:\/\/comune.santacroce.pi.it\/oldsite\/#\/schema\/logo\/image\/\"}},{\"@type\":\"Person\",\"@id\":\"https:\/\/comune.santacroce.pi.it\/oldsite\/#\/schema\/person\/5212fa237eb523c5c88b1f51cae14ae4\",\"name\":\"gestore\",\"image\":{\"@type\":\"ImageObject\",\"inLanguage\":\"it-IT\",\"@id\":\"https:\/\/comune.santacroce.pi.it\/oldsite\/#\/schema\/person\/image\/\",\"url\":\"https:\/\/secure.gravatar.com\/avatar\/0759b03a30f73df39010a5fcb1380615?s=96&d=mm&r=g\",\"contentUrl\":\"https:\/\/secure.gravatar.com\/avatar\/0759b03a30f73df39010a5fcb1380615?s=96&d=mm&r=g\",\"caption\":\"gestore\"},\"url\":\"https:\/\/comune.santacroce.pi.it\/oldsite\/author\/gestore\/\"}]}<\/script>\n<!-- \/ Yoast SEO plugin. -->","yoast_head_json":{"title":"Graduatoria integrativa a Bando iscrizione servizi prima infanzia a.e. 2020\/2021 - Comune di Santa Croce sull&#039;Arno","robots":{"index":"index","follow":"follow","max-snippet":"max-snippet:-1","max-image-preview":"max-image-preview:large","max-video-preview":"max-video-preview:-1"},"canonical":"https:\/\/comune.santacroce.pi.it\/oldsite\/graduatoria-integrativa-a-bando-iscrizione-servizi-prima-infanzia-a-e-2020-2021\/","og_locale":"it_IT","og_type":"article","og_title":"Graduatoria integrativa a Bando iscrizione servizi prima infanzia a.e. 2020\/2021 - Comune di Santa Croce sull&#039;Arno","og_description":"Con Determinazione n. 128 del 23\/02\/2021 \u00e8 stata approvata la graduatoria integrativa a.e. 2020\/2021 per i Servizi educativi Comunali per la prima infanzia. Di seguito alleghiamo la lista di attesa. [&hellip;]","og_url":"https:\/\/comune.santacroce.pi.it\/oldsite\/graduatoria-integrativa-a-bando-iscrizione-servizi-prima-infanzia-a-e-2020-2021\/","og_site_name":"Comune di Santa Croce sull&#039;Arno","article_published_time":"2021-02-25T11:24:31+00:00","article_modified_time":"2021-02-26T11:24:38+00:00","og_image":[{"width":800,"height":536,"url":"https:\/\/comune.santacroce.pi.it\/oldsite\/wp-content\/uploads\/2021\/02\/Laboratori-scolastici.jpg","type":"image\/jpeg"}],"author":"gestore","twitter_card":"summary_large_image","twitter_misc":{"Scritto da":"gestore"},"schema":{"@context":"https:\/\/schema.org","@graph":[{"@type":"Article","@id":"https:\/\/comune.santacroce.pi.it\/oldsite\/graduatoria-integrativa-a-bando-iscrizione-servizi-prima-infanzia-a-e-2020-2021\/#article","isPartOf":{"@id":"https:\/\/comune.santacroce.pi.it\/oldsite\/graduatoria-integrativa-a-bando-iscrizione-servizi-prima-infanzia-a-e-2020-2021\/"},"author":{"name":"gestore","@id":"https:\/\/comune.santacroce.pi.it\/oldsite\/#\/schema\/person\/5212fa237eb523c5c88b1f51cae14ae4"},"headline":"Graduatoria integrativa a Bando iscrizione servizi prima infanzia a.e. 2020\/2021","datePublished":"2021-02-25T11:24:31+00:00","dateModified":"2021-02-26T11:24:38+00:00","mainEntityOfPage":{"@id":"https:\/\/comune.santacroce.pi.it\/oldsite\/graduatoria-integrativa-a-bando-iscrizione-servizi-prima-infanzia-a-e-2020-2021\/"},"wordCount":78,"publisher":{"@id":"https:\/\/comune.santacroce.pi.it\/oldsite\/#organization"},"image":{"@id":"https:\/\/comune.santacroce.pi.it\/oldsite\/graduatoria-integrativa-a-bando-iscrizione-servizi-prima-infanzia-a-e-2020-2021\/#primaryimage"},"thumbnailUrl":"https:\/\/comune.santacroce.pi.it\/oldsite\/wp-content\/uploads\/2021\/02\/Laboratori-scolastici.jpg","articleSection":["Bandi e Concorsi"],"inLanguage":"it-IT"},{"@type":"WebPage","@id":"https:\/\/comune.santacroce.pi.it\/oldsite\/graduatoria-integrativa-a-bando-iscrizione-servizi-prima-infanzia-a-e-2020-2021\/","url":"https:\/\/comune.santacroce.pi.it\/oldsite\/graduatoria-integrativa-a-bando-iscrizione-servizi-prima-infanzia-a-e-2020-2021\/","name":"Graduatoria integrativa a Bando iscrizione servizi prima infanzia a.e. 2020\/2021 - Comune di Santa Croce sull&#039;Arno","isPartOf":{"@id":"https:\/\/comune.santacroce.pi.it\/oldsite\/#website"},"primaryImageOfPage":{"@id":"https:\/\/comune.santacroce.pi.it\/oldsite\/graduatoria-integrativa-a-bando-iscrizione-servizi-prima-infanzia-a-e-2020-2021\/#primaryimage"},"image":{"@id":"https:\/\/comune.santacroce.pi.it\/oldsite\/graduatoria-integrativa-a-bando-iscrizione-servizi-prima-infanzia-a-e-2020-2021\/#primaryimage"},"thumbnailUrl":"https:\/\/comune.santacroce.pi.it\/oldsite\/wp-content\/uploads\/2021\/02\/Laboratori-scolastici.jpg","datePublished":"2021-02-25T11:24:31+00:00","dateModified":"2021-02-26T11:24:38+00:00","breadcrumb":{"@id":"https:\/\/comune.santacroce.pi.it\/oldsite\/graduatoria-integrativa-a-bando-iscrizione-servizi-prima-infanzia-a-e-2020-2021\/#breadcrumb"},"inLanguage":"it-IT","potentialAction":[{"@type":"ReadAction","target":["https:\/\/comune.santacroce.pi.it\/oldsite\/graduatoria-integrativa-a-bando-iscrizione-servizi-prima-infanzia-a-e-2020-2021\/"]}]},{"@type":"ImageObject","inLanguage":"it-IT","@id":"https:\/\/comune.santacroce.pi.it\/oldsite\/graduatoria-integrativa-a-bando-iscrizione-servizi-prima-infanzia-a-e-2020-2021\/#primaryimage","url":"https:\/\/comune.santacroce.pi.it\/oldsite\/wp-content\/uploads\/2021\/02\/Laboratori-scolastici.jpg","contentUrl":"https:\/\/comune.santacroce.pi.it\/oldsite\/wp-content\/uploads\/2021\/02\/Laboratori-scolastici.jpg","width":800,"height":536},{"@type":"BreadcrumbList","@id":"https:\/\/comune.santacroce.pi.it\/oldsite\/graduatoria-integrativa-a-bando-iscrizione-servizi-prima-infanzia-a-e-2020-2021\/#breadcrumb","itemListElement":[{"@type":"ListItem","position":1,"name":"Home","item":"https:\/\/comune.santacroce.pi.it\/oldsite\/"},{"@type":"ListItem","position":2,"name":"Graduatoria integrativa a Bando iscrizione servizi prima infanzia a.e. 2020\/2021"}]},{"@type":"WebSite","@id":"https:\/\/comune.santacroce.pi.it\/oldsite\/#website","url":"https:\/\/comune.santacroce.pi.it\/oldsite\/","name":"Comune di Santa Croce sull&#039;Arno","description":"Provincia di Pisa","publisher":{"@id":"https:\/\/comune.santacroce.pi.it\/oldsite\/#organization"},"potentialAction":[{"@type":"SearchAction","target":{"@type":"EntryPoint","urlTemplate":"https:\/\/comune.santacroce.pi.it\/oldsite\/?s={search_term_string}"},"query-input":{"@type":"PropertyValueSpecification","valueRequired":true,"valueName":"search_term_string"}}],"inLanguage":"it-IT"},{"@type":"Organization","@id":"https:\/\/comune.santacroce.pi.it\/oldsite\/#organization","name":"Comune di Santa Croce sull'Arno","url":"https:\/\/comune.santacroce.pi.it\/oldsite\/","logo":{"@type":"ImageObject","inLanguage":"it-IT","@id":"https:\/\/comune.santacroce.pi.it\/oldsite\/#\/schema\/logo\/image\/","url":"https:\/\/comune.santacroce.pi.it\/oldsite\/wp-content\/uploads\/2021\/02\/cropped-Stemma-Santa-Croce-dellArno_500-1.png","contentUrl":"https:\/\/comune.santacroce.pi.it\/oldsite\/wp-content\/uploads\/2021\/02\/cropped-Stemma-Santa-Croce-dellArno_500-1.png","width":500,"height":500,"caption":"Comune di Santa Croce sull'Arno"},"image":{"@id":"https:\/\/comune.santacroce.pi.it\/oldsite\/#\/schema\/logo\/image\/"}},{"@type":"Person","@id":"https:\/\/comune.santacroce.pi.it\/oldsite\/#\/schema\/person\/5212fa237eb523c5c88b1f51cae14ae4","name":"gestore","image":{"@type":"ImageObject","inLanguage":"it-IT","@id":"https:\/\/comune.santacroce.pi.it\/oldsite\/#\/schema\/person\/image\/","url":"https:\/\/secure.gravatar.com\/avatar\/0759b03a30f73df39010a5fcb1380615?s=96&d=mm&r=g","contentUrl":"https:\/\/secure.gravatar.com\/avatar\/0759b03a30f73df39010a5fcb1380615?s=96&d=mm&r=g","caption":"gestore"},"url":"https:\/\/comune.santacroce.pi.it\/oldsite\/author\/gestore\/"}]}},"jetpack_featured_media_url":"https:\/\/comune.santacroce.pi.it\/oldsite\/wp-content\/uploads\/2021\/02\/Laboratori-scolastici.jpg","meta_box":{"comunicacity_sync":"","cc4_urg_colore":"","cc4_urg_data_inizio":"","cc4_urg_data_fine":"","cc4_cor_positivi_oggi":"","cc4_cor_negativizzati_oggi":"","cc4_cor_deceduti_oggi":"","cc4_cor_positivi_totali":"","cc4_cor_negativizzati_totali":"","cc4_cor_deceduti_totali":"","cc4_cor_attualmente_positivi":"","cc4_eve_data_inizio":"","cc4_eve_data_fine":"","cc4_eve_indirizzo":"","cc4_eve_posizione":{"latitude":"","longitude":"","zoom":""},"cc4_eve_telefono":"","cc4_eve_email":"","cc4_eve_web":"","cc4_eve_fb":""},"_links":{"self":[{"href":"https:\/\/comune.santacroce.pi.it\/oldsite\/wp-json\/wp\/v2\/posts\/17907","targetHints":{"allow":["GET"]}}],"collection":[{"href":"https:\/\/comune.santacroce.pi.it\/oldsite\/wp-json\/wp\/v2\/posts"}],"about":[{"href":"https:\/\/comune.santacroce.pi.it\/oldsite\/wp-json\/wp\/v2\/types\/post"}],"author":[{"embeddable":true,"href":"https:\/\/comune.santacroce.pi.it\/oldsite\/wp-json\/wp\/v2\/users\/10"}],"replies":[{"embeddable":true,"href":"https:\/\/comune.santacroce.pi.it\/oldsite\/wp-json\/wp\/v2\/comments?post=17907"}],"version-history":[{"count":0,"href":"https:\/\/comune.santacroce.pi.it\/oldsite\/wp-json\/wp\/v2\/posts\/17907\/revisions"}],"wp:featuredmedia":[{"embeddable":true,"href":"https:\/\/comune.santacroce.pi.it\/oldsite\/wp-json\/wp\/v2\/media\/17909"}],"wp:attachment":[{"href":"https:\/\/comune.santacroce.pi.it\/oldsite\/wp-json\/wp\/v2\/media?parent=17907"}],"wp:term":[{"taxonomy":"category","embeddable":true,"href":"https:\/\/comune.santacroce.pi.it\/oldsite\/wp-json\/wp\/v2\/categories?post=17907"},{"taxonomy":"post_tag","embeddable":true,"href":"https:\/\/comune.santacroce.pi.it\/oldsite\/wp-json\/wp\/v2\/tags?post=17907"}],"curies":[{"name":"wp","href":"https:\/\/api.w.org\/{rel}","templated":true}]}}